{"id":9784,"date":"2018-11-20T16:33:39","date_gmt":"2018-11-20T16:33:39","guid":{"rendered":"http:\/\/quehacerpolitico.mx\/academicos-y-colectivos-piden-a-amlo-un-analisis-mas-a-fondo-del-tren-maya-y-la-guardia-nacional\/"},"modified":"2018-11-20T16:33:39","modified_gmt":"2018-11-20T16:33:39","slug":"academicos-y-colectivos-piden-a-amlo-un-analisis-mas-a-fondo-del-tren-maya-y-la-guardia-nacional","status":"publish","type":"post","link":"https:\/\/quehacerpolitico.mx\/?p=9784","title":{"rendered":"Acad\u00e9micos y colectivos piden a AMLO un an\u00e1lisis m\u00e1s a fondo del Tren Maya y la Guardia Nacional"},"content":{"rendered":"<h1>Acad\u00e9micos y colectivos piden a AMLO un an\u00e1lisis m\u00e1s a fondo del Tren Maya y la Guardia Nacional<\/h1>\n<p>Por Redacci\u00f3n QP<\/p>\n<p><strong>Organizaciones<\/strong> y <strong>colectivos<\/strong>de la sociedad civil (OSC), <strong>activistas<\/strong>, <strong>acad\u00e9micos<\/strong> y personalidades salieron este d\u00eda para mostrar su <strong>rechazo<\/strong> a dos proyectos de <strong>Andr\u00e9s Manuel L\u00f3pez Obrador<\/strong> que son clave para el Gobierno que inicia este 1 de diciembre: el <strong>Tren Maya<\/strong> y la <strong>Guardia Nacional<\/strong>.<\/p>\n<p>Los opositores a ambos proyectos alegan que a\u00fan es tiempo para que la pr\u00f3xima administraci\u00f3n opte por un plan ecol\u00f3gicamente sano para el Tren, y una v\u00eda civil para la Guardia Nacional en vez de entregar a los militares la seguridad p\u00fablica de manera oficial.<\/p>\n<p>Se trata de organizaciones civiles que se enfrentaron tanto a Felipe Calder\u00f3n Hinojosa como a Enrique Pe\u00f1a Nieto por su modelo de seguridad, que deleg\u00f3 a las Fuerzas Armadas las tareas de seguridad, con un alto costo en derechos humanos. M\u00e1s de 200 mil personas han sido asesinadas; cerca de 40 mil est\u00e1n desaparecidas y decenas de miles han sido desplazadas por el estallido de violencia que el Ej\u00e9rcito no pudo contener, a\u00fan cuando tuvo mano para hacerlo. Ahora, L\u00f3pez Obrador quiere que los militares mantengan en sus manos la estrategia de seguridad.<\/p>\n<p><strong>PIDEN CANCELAR CONSULTA<\/strong><\/p>\n<p>En el caso del Tren Maya, esta ma\u00f1ana se dio a conocer una carta en la que acad\u00e9micos, artistas, actores, cineastas y organizaciones llamaron a cancelar la consulta sobre el Tren Maya y a no iniciar el proyecto, pues dijeron que \u00e9ste no se debe emprender sin un estudio amplio de los\u00a0impactos ecol\u00f3gicos, culturales y al patrimonio arqueol\u00f3gico.<\/p>\n<blockquote>\n<p>\u201cQueremos\u00a0expresar\u00a0a\u00a0usted\u00a0nuestras\u00a0preocupaciones, y hacerle la petici\u00f3n expresa de no hacer por lo pronto consulta\u00a0alguna respecto de ambos proyectos, y menos a\u00fan iniciar las obras, por las\u00a0siguientes razones:\u00a0Como usted sabe, de treinta a\u00f1os a la fecha M\u00e9xico, pa\u00eds reconocido por\u00a0estar en el grupo de los doce pa\u00edses mega diversos que hay en el mundo, y entre\u00a0los que ocupa el cuarto lugar, ha perdido selvas, manglares y bosques de manera\u00a0alarmante\u201d, se lee en el documento.<\/p>\n<\/blockquote>\n<p>Alerta tambi\u00e9n que \u201ces un hecho que el agua, un bien indispensable para la vida, es un recurso limitado que depende en buena medida de la salud de bosques y\u00a0selvas\u201d.<\/p>\n<p>Los firmantes, entre los que est\u00e1n investigadores como Sergio Aguayo y organizaciones como Greenpeace, dijeron que \u201choy la biodiversidad y el agua son los m\u00e1s importantes recursos con los\u00a0que puede contar una naci\u00f3n. Su degradaci\u00f3n pone en grave riesgo la\u00a0sustentabilidad ecol\u00f3gica del territorio mexicano\u201d.<\/p>\n<div id=\"attachment_3500209\" class=\"wp-caption alignnone\"><img loading=\"lazy\" decoding=\"async\" class=\"size-full wp-image-3500209\" src=\"https:\/\/www.sinembargo.mx\/wp-content\/uploads\/2018\/11\/reunion_privada-6.jpg\" sizes=\"auto, (max-width: 700px) 100vw, 700px\" srcset=\"https:\/\/www.sinembargo.mx\/wp-content\/uploads\/2018\/11\/reunion_privada-6.jpg 700w, https:\/\/www.sinembargo.mx\/wp-content\/uploads\/2018\/11\/reunion_privada-6-300x200.jpg 300w\" alt=\"\" width=\"700\" height=\"467\" \/><\/p>\n<p class=\"wp-caption-text\">El Presidente electo llam\u00f3 a una consulta para decidir sobre el Tren Maya y otros programas de su futuro Gobierno. Foto: Cuartoscuro<\/p>\n<\/div>\n<p>\u201cPor ello los sitios de alta\u00a0biodiversidad deben preservarse bajo los m\u00e1s estrictos est\u00e1ndares internacionales\u00a0y reconociendo los saberes de los pueblos originarios quienes han sido garantes\u00a0de sus territorios y depositarios de la riqueza natural y cultural de nuestro pa\u00eds\u201d, dijeron.<\/p>\n<p>La misiva detalla que el proyecto del Tren Maya y el del Corredor Comercial y Ferroviario del Istmo de Tehuantepec preocupan al tener caracter\u00edsticas similares a las de otros megaproyectos como los promovidos dentro del Plan Puebla Panam\u00e1 localizados justamente en los fr\u00e1giles ecosistemas del tr\u00f3pico\u00a0mesoamericano y mexicano para ofrecer \u201cprogreso y desarrollo\u201d.<\/p>\n<blockquote>\n<p>\u201cEste tipo de\u00a0macroproyectos han sido fuertemente rechazados por su car\u00e1cter esencialmente\u00a0mercantil, por el da\u00f1o ecol\u00f3gico que ocasionan y los conflictos sociales que\u00a0generan\u201d, indica.<\/p>\n<p>\u201cLuego de todo el desastre ecol\u00f3gico de d\u00e9cadas pasadas en aras del\u00a0\u201cdesarrollo\u201d (ganader\u00eda extensiva, industria petrolera, miner\u00eda, carreteras, etc.) no\u00a0se puede emprender un proyecto de esta naturaleza sin un estudio amplio de los\u00a0impactos ecol\u00f3gicos, culturales y al patrimonio arqueol\u00f3gico, del que seg\u00fan evidencias, hay vestigios importantes para el patrimonio hist\u00f3rico y cultural del pa\u00eds cubiertos por selva, de la misma importancia de lo que est\u00e1 a la vista\u201d, a\u00f1ade.<\/p>\n<p>Los investigadores y organizaciones le recordaron al Presidente electo que \u201cvenimos de treinta a\u00f1os de reg\u00edmenes que han impuesto megaproyectos en el pa\u00eds sin haber realizado los estudios necesarios con la seriedad que cada caso amerita\u201d.<\/p>\n<p>Esos megaproyectos, dijeron, han tra\u00eddo graves consecuencias para la sustentabilidad ecol\u00f3gica de M\u00e9xico y la concordia entre los mexicanos. +<\/p>\n<p>\u201cHoy el\u00a0pa\u00eds est\u00e1 devastado; su patrimonio biocultural ha sido seriamente degradado. Por\u00a0estas razones, entre otras muchas, millones de mexicanos acudieron a las urnas\u00a0decididos a cambiar este estado de cosas y a construir junto con usted un pa\u00eds de\u00a0leyes, m\u00e1s justo, en el que las personas y por tanto el medio ambiente, sean ejes fundamentales de la vida del pa\u00eds\u201d, le dijeron.<\/p>\n<p>Por ello, llamaron a aprender del la historia, a no cometer los mismos errores, y le ofrecieron sus conocimientos para explorar otros caminos para el desarrollo arm\u00f3nico del pa\u00eds.<\/p>\n<blockquote>\n<p>\u201cHay muchos caminos para lograr la justicia social y un desarrollo\u00a0arm\u00f3nico con la naturaleza. M\u00e9xico puede ser pionero en propuestas creativas\u00a0que cumplan con estos dos requisitos indispensables. Le ofrecemos a usted nuestros conocimientos y trabajo para explorar esos caminos, y lograr por consenso proyectos que realmente transformen a M\u00e9xico y sean un ejemplo para el mundo\u201d, finaliza la misiva.<\/p>\n<p><strong>RECHAZAN MILITARIZACI\u00d3N<\/strong><\/p>\n<p>En un comunicado, decenas de organizaciones y activistas se pronunciaron en contra de la creaci\u00f3n de la Guardia Nacional, anunciada en d\u00edas pasados por el Presidente electo.<\/p>\n<blockquote>\n<p>\u201cRechazamos la propuesta de crear una Guardia Nacional militarizada con rango Constitucional porque significa una falsa salida a la crisis de inseguridad por la que atraviesa el pa\u00eds\u201d, dijeron colectivos como #SeguridadSinGuerra y #Fiscal\u00edaQueSirva, as\u00ed como organizaciones como el Centro de Derechos Humanos de la Monta\u00f1a Tlachinollan, el Observatorio Nacional Ciudadano, la Oficina en Washington para Asuntos Latinoamericanos (WOLA). El comunicado es firmado por un total de 544 organizaciones y activistas.<\/p>\n<\/blockquote>\n<p>Este martes, la bancada de Movimiento de Regeneraci\u00f3n Nacional (Morena) presentar\u00e1 ante la C\u00e1mara de Diputados reformas a tres art\u00edculos de la Constituci\u00f3n para dar paso a la creaci\u00f3n de la Guardia Nacional.<\/p>\n<p>Por ello, los colectivos y organizaciones alertaron que \u201cla gravedad de la propuesta militarista no puede exagerarse, pues la preeminencia que se pretende otorgar a las Fuerzas Armadas no contar\u00e1 con contrapesos reales en la fr\u00e1gil institucionalidad que hoy caracteriza al pa\u00eds\u201d.<\/p>\n<blockquote class=\"twitter-tweet\" data-width=\"550\" data-dnt=\"true\">\n<p lang=\"es\" dir=\"ltr\">COMUNiCADO \ud83d\udc47\ud83c\udffc\ud83d\udd4a\ufe0f<br \/>La propuesta de una <a href=\"https:\/\/twitter.com\/hashtag\/GuardiaNacional?src=hash&amp;ref_src=twsrc%5Etfw\">#GuardiaNacional<\/a> bajo el mando directo de <a href=\"https:\/\/twitter.com\/SEDENAmx?ref_src=twsrc%5Etfw\">@SEDENAmx<\/a> va contra  lo estipulado por la <a href=\"https:\/\/twitter.com\/SCJN?ref_src=twsrc%5Etfw\">@SCJN<\/a>. No a la <a href=\"https:\/\/twitter.com\/hashtag\/GuardiaNacional?src=hash&amp;ref_src=twsrc%5Etfw\">#GuardiaNacional<\/a> militarizada <a href=\"https:\/\/twitter.com\/hashtag\/A%C3%BAnEsTiempo?src=hash&amp;ref_src=twsrc%5Etfw\">#A\u00fanEsTiempo<\/a><a href=\"https:\/\/twitter.com\/hashtag\/Vot%C3%A9PorLaPaz?src=hash&amp;ref_src=twsrc%5Etfw\">#Vot\u00e9PorLaPaz<\/a> <a href=\"https:\/\/t.co\/Ld02ATC9th\">pic.twitter.com\/Ld02ATC9th<\/a><\/p>\n<p>&mdash; Cencos (@cencos) <a href=\"https:\/\/twitter.com\/cencos\/status\/1064860721236844544?ref_src=twsrc%5Etfw\">November 20, 2018<\/a><\/p><\/blockquote>\n<p><script async src=\"https:\/\/platform.twitter.com\/widgets.js\" charset=\"utf-8\"><\/script><\/p>\n<p>El documento detalla que durante muchos a\u00f1os, L\u00f3pez Obrador y su equipo manifestaron p\u00fablicamente que las Fuerzas Armadas no deb\u00edan cumplir funciones de seguridad p\u00fablica y que la creciente militarizaci\u00f3n no hab\u00eda dado ni dar\u00eda resultados.<\/p>\n<blockquote>\n<p>\u201cEs muy pronto para olvidar\u201d esas declaraciones, dijeron y recordaron que tambi\u00e9n dijeron que se deb\u00eda incrementar el estado de fuerza de la Polic\u00eda Federal y fortalecer el desarrollo policial a nivel local.<\/p>\n<p>\u201cDichos se\u00f1alamientos y promesas ten\u00edan, y tienen, un sustento emp\u00edrico y pol\u00edtico. Sustento emp\u00edrico, porque, al menos en nuestro pa\u00eds, est\u00e1 acreditado que el despliegue militar no resuelve din\u00e1micas delictivas complejas que responden a factores socioecon\u00f3micos y crimin\u00f3genos que deben atenderse mediante acciones de prevenci\u00f3n focalizadas y capacidades de investigaci\u00f3n propias de instituciones policiales, tanto a nivel federal como local\u201d, indicaron.<\/p>\n<\/blockquote>\n<p>\u201cSustento pol\u00edtico, porque nuestro sistema republicano y democr\u00e1tico exige el predominio de la esfera civil sobre la esfera militar\u201d, a\u00f1adieron.<\/p>\n<p>Las organizaciones coincidieron en que obviando sus promesas e ignorando las alertas de la Comisi\u00f3n Nacional de los Derechos Humanos (CNDH) y de organismos internacionales, \u201cel Presidente electo y su equipo decidieron optar por una militarizaci\u00f3n como nunca ha conocido el pa\u00eds en su historia moderna\u201d.<\/p>\n<p>El anuncio, recordaron, se dio justo cuando la Suprema Corte de Justicia de la Naci\u00f3n (SCJN) invalid\u00f3 la Ley de Seguridad Interior.<\/p>\n<blockquote>\n<p>\u201cEn efecto, la propuesta de crear una Guardia Nacional bajo el mando directo de la Secretar\u00eda de la Defensa Nacional y de otorgar la totalidad de los mandos operativos locales a miembros de las Fuerzas Armadas, va m\u00e1s all\u00e1 de los estipulado en dicha Ley, y la intenci\u00f3n de elevar este esquema a rango constitucional confirma el prop\u00f3sito de proteger dicha decisi\u00f3n de cualquier posible invalidaci\u00f3n, incluida la que ya emiti\u00f3 el m\u00e1s alto tribunal del pa\u00eds respecto a una normatividad menos radical que la que hoy se pretende imponer\u201d, alertaron.<\/p>\n<\/blockquote>\n<div id=\"attachment_3500212\" class=\"wp-caption alignnone\"><img loading=\"lazy\" decoding=\"async\" class=\"size-full wp-image-3500212\" src=\"https:\/\/www.sinembargo.mx\/wp-content\/uploads\/2018\/11\/img_20181114_192816-1.jpg\" sizes=\"auto, (max-width: 700px) 100vw, 700px\" srcset=\"https:\/\/www.sinembargo.mx\/wp-content\/uploads\/2018\/11\/img_20181114_192816-1.jpg 700w, https:\/\/www.sinembargo.mx\/wp-content\/uploads\/2018\/11\/img_20181114_192816-1-300x178.jpg 300w\" alt=\"\" width=\"700\" height=\"415\" \/><\/p>\n<p class=\"wp-caption-text\">El pasado 14 de noviembre, AMLO present\u00f3 su Plan Nacional de Seguridad. Foto: Cuartoscuro<\/p>\n<\/div>\n<p>Las organizaciones consideraron que con la Polic\u00eda Federa puede haber una opci\u00f3n civil para atender la violencia en el pa\u00eds, pues aunque, dijeron, \u201cciertamente fue abandonada durante los \u00faltimos a\u00f1os, se mantienen capacidades de investigaci\u00f3n, tecnol\u00f3gicas y operativas que permiten contemplar una opci\u00f3n civil para la atenci\u00f3n de delitos de alto impacto\u201d.<\/p>\n<p>\u201cEs viable considerar un proyecto de rescate de la Polic\u00eda Federal para de ah\u00ed conformar un cuerpo nacional de polic\u00eda, bajo un mando civil y sujeto a las leyes civiles. Por lo tanto, no es verdad que el pa\u00eds no tenga opciones. S\u00ed las hay, pero deben estudiarse y considerarse sin prejuicios, sin etiquetas, y al margen de proyectos pol\u00edticos personales\u201d, dijeron.<\/p>\n<blockquote>\n<p>\u201cEs claro que esta radical redistribuci\u00f3n de poder tendr\u00e1 consecuencias pol\u00edticas profundas. Los mandos militares ser\u00e1n, inevitablemente, actores pol\u00edticos de primer orden, trastocando eventualmente el pacto federal y absorbiendo atribuciones que, hasta hoy, han correspondido a las autoridades civiles. En suma, la primac\u00eda militar que pretende el nuevo gobierno no s\u00f3lo hace caso omiso de las consideraciones reci\u00e9n emitidas por los ministros de la Suprema Corte, sino que romper\u00e1 los equilibrios pol\u00edticos entre civiles y militares que han prevalecido en M\u00e9xico durante las \u00faltimas d\u00e9cadas\u201d, a\u00f1adieron.<\/p>\n<\/blockquote>\n<p>Por ello, hicieron un llamado en\u00e9rgico y urgente al Presidente electo \u201cpara detener la reforma constitucional anunciada, y optar en cambio por el desarrollo y fortalecimiento de nuestras instituciones civiles de seguridad. A\u00fan es tiempo\u201d.<\/p>\n<p><strong>FIRMANTES POR CANCELAR LA CONSULTA<\/strong><\/p>\n<p>Jesica Ter\u00e1n Garc\u00eda Traves\u00ed (ingeniera ambiental);\u00a0Gerardo P\u00e9rez Mu\u00f1oz (Colectivo Hermanos Serd\u00e1n); Arturo Mendoza (Colectivo Hermanos Serd\u00e1n);\u00a0Dra. Irene Herner Reiss (UNAM);\u00a0Roberto Sandoval Zarauz (DEH-INAH);\u00a0Miriam Judith Gallegos (Centro INAH Tabasco);\u00a0Ren\u00e9e Garc\u00eda Traves\u00ed Fern\u00e1ndez (Ambientalista. Tulce A.C.);\u00a0Diego Garc\u00eda Osorio (FES Acatl\u00e1n UNAM);\u00a0Leobardo Espinoza Rodr\u00edguez (Director General de M\u00e9xico Prioridad);\u00a0Nashielly Cort\u00e9s Hern\u00e1ndez (UNAM);\u00a0Leonardo Dur\u00e1n Holgu\u00edn (Tozepan Titatanizke);\u00a0Mtra. Berenice Rodr\u00edguez Hern\u00e1ndez (Investigadora Centro- INAH Morelos.Rosario P\u00e9rez Espejo (UNAM);\u00a0Jos\u00e9 Camacho S\u00e1nchez (Consejo de Trabajadores por una Nueva Salud P\u00fablica);\u00a0Dra. Morna Macleod. (Profesora investigadora Facultad de Estudios Superiores deCuautla (UAEM);\u00a0Mtra. Marina Anguiano (Investigadora DEAS-INAH);\u00a0Dra. Maya Lorena P\u00e9rez (Investigadora DEAS-INAH);\u00a0Erica L. Hagman Aguilar (UCCS);\u00a0Hugo Cercantes (Emprendedores del Huacal A.C);\u00a0Dr.\u00a0Alonso\u00a0Aguilar\u00a0Ibarra\u00a0IIE-UNAM);\u00a0Maribel Ramiro (Caf\u00e9 Tlacuache);\u00a0Guadalupe Reyes Dom\u00ednguez (UADY);\u00a0Ricardo Armijo (investigador Centro INAH-Tabasco);\u00a0Dra. Margarita\u00a0Rosales,\u00a0(Profesor Investigador\u00a0INAH,\u00a0Yucat\u00e1n);\u00a0Dr. V\u00edctor Acu\u00f1a Alonzo (ENAH-INAH).<\/p>\n<p>Martha Medina (Universidad Aut\u00f3noma de Yucat\u00e1n (UADY);\u00a0Nora C.\u00a0Garc\u00eda Colom\u00e9\u00a0(Profesor investigador\u00a0UAM-X);\u00a0Dra. Jessica Mariela Tolentino Mart\u00ednez. (Investigadora Instituto deInvestigaciones Econ\u00f3micas);\u00a0Azucena\u00a0Mar\u00eda Gorelli Suarez De Miguel.Carlos Cruz. (Documentalista UNAM);\u00a0Lic. Ana Patricia Sosa Ferreira. (IIE-UNAM);\u00a0Elsa\u00a0Hern\u00e1ndez\u00a0Pons.\u00a0Investigadora INAH);\u00a0Mar\u00eda Consuelo S\u00e1nchez Gonz\u00e1lez. (Centro de Investigaciones Hist\u00f3ricas ySociales Universidad Auton\u00f3ma de Campeche);\u00a0Lic. Martha Elena Mora Barreto. (Profesora de la Escuela Nacional de Lenguas,Ling\u00faistica y Traducci\u00f3n, antes Cele);\u00a0Actuario: Jos\u00e9 Luis Salas Lizaur. (Consultor);\u00a0Mtra.\u00a0Ilse Mar\u00eda\u00a0Escobar Hofmann. (Historia UNAM);\u00a0Adriana Durazo Villanueva;\u00a0Lic. Shelley Galle Chapman (ENALLT-UNAM);\u00a0Dra. Elisa Cruz Rueda. (Profesora Investigadora de la Escuela de Gesti\u00f3n y\u00a0Autodesarrollo Ind\u00edgena Universidad Aut\u00f3noma de Chiapas);\u00a0Mtro. Jos\u00e9 Luis Fern\u00e1ndez Santisteban (Profesor en la Facultad de Econom\u00eda dela UNAM);\u00a0Dra. Laura V\u00e1zquez Maggio. (Profesora de la Facultad de Econom\u00eda de la UNAM);\u00a0M en C. Silvia Ter\u00e1n (Investigadora);\u00a0Nora Cecilia Garc\u00eda Colom\u00e9. (Profesora investigadora: Universidad Aut\u00f3nomaMetropolitana, Unidad Xochimilco).<\/p>\n<p>M en C. Ver\u00f3nica Elena Solares Rojas. (Consultora);\u00a0Carmen de la Vega Gamiz. (Grupo las Golondrinas);\u00a0Tania Andrade Olea. (Colectivo Fuentes Rojas);\u00a0Elia Andrade Olea. (Colectivo Fuentes Rojas)Regina M\u00e9ndez Tirado. (Colectivo Fuentes Rojas).<\/p>\n<p>ORGANIZACIONES:\u00a0Taller por la Defensa de los Territorios y del Patrimonio Biocultural (DEAS-INAH);\u00a0Colegio de Antrop\u00f3logos de Yucat\u00e1nDesarrollo Comunitario de Los TuxtlasTeyeliz, A. C.;\u00a0Greenpeace M\u00e9xico; Proyecto de Desarrollo Rural Integral Vicente Guerrero, A. C.; Tlaxcala\u00a0Luna del Sur, Oaxaca, A. C.;\u00a0Centro de Capacitaci\u00f3n y Defensa de los Derechos Humanos e Ind\u00edgenas A.C.;\u00a0Observatorio Ind\u00edgena de la Huasteca Potosina;\u00a0Coordinadora de Organizaciones Campesinas e Ind\u00edgenas de la Huasteca\u00a0Potosina A.C.;\u00a0Campa\u00f1a Sin\u00a0Pobladores\u00a0no hay Pa\u00eds A.C.;\u00a0Uni\u00f3n de Organizaciones de la Sierra Ju\u00e1rez Oaxaca SC;\u00a0Observatorio de Conflictos Mineros de Zacatecas;\u00a0Red Mexicana de Organizaciones Campesinas Forestales, A. C. (Red MOCAF);\u00a0Grupo Ecologista del Mayab A. C.;\u00a0Centro de Investigaci\u00f3n y Capacitaci\u00f3n Rural AC (CEDICAR);\u00a0Asociaci\u00f3n de Consumidores Org\u00e1nicos;\u00a0Millones contra Monsanto M\u00e9xico\u00a0Asamblea Veracruzana de Iniciativas y Defensa Ambiental (LAVIDA);\u00a0Colectivo Hermanos Serd\u00e1n\u00a0Afectados Ambientales Puebla;\u00a0Caf\u00e9 Tlacuache;\u00a0Tlayoyo Vale\u00a0Asociaci\u00f3n de los Emprendedores de Huakal, A.C.;\u00a0Colectivo Fuentes Rojas.<\/p>\n<p><strong>FIRMANTES CONTRA LA GUARDIA NACIONAL<\/strong><\/p>\n<p>Instituciones y organizaciones firmantes: 1. Colectivo #Fiscal\u00edaQueSirva; 2. Colectivo #SeguridadSinGuerra; 3. Red Nacional por la Seguridad: Ciudadanos + Polic\u00edas 4. \u2026 Y las Mujeres Qu\u00e9?; 5. Academia Mexicana de Criminolog\u00eda; Alianza Ciudadana de Puebla; 6. Asilegal, Asistencia Legal por los Derechos Humanos; 7. Asociaci\u00f3n de Polic\u00edas y Sociedad Civil de M\u00e9xico; 8. Balance Promoci\u00f3n para el Desarrollo y Juventud; 9. BMA Puebla; 10. Borde Pol\u00edtico; 11. CADHAC; 12. Casa Amiga Esther Ch\u00e1vez Cano; 13. Casa del Migrante de Saltillo; 14. Cauce Ciudadano; 15. Causa en Com\u00fan; 16. CEAS M\u00e9xico; 17. Centro de Derechos Humanos de la Monta\u00f1a Tlachinollan; 18. Centro de Justicia para la Paz y el Desarrollo, (CEPAD); 19. Centro Nacional de Comunicaci\u00f3n Social, (CENCOS); 20. Cihuautla Voluntad Equidad Bienestar; 21. CIMOR, Investigaciones; 22. Ciudadan\u00eda Lagunera por los Derechos Humanos (CILADHAC); 23. Coacalco Unido por la Luz; 24. Colectiva Ciudad y G\u00e9nero; 25. Colectivo Ciudadan\u00eda Informada y Activa; 26. Colectivo por una Pol\u00edtica Integral hacia las Drogas (CUPIHD); 27. Colegio de Licenciados en Seguridad Ciudadana; 28. Colegio de Polic\u00eda y Fuerza P\u00fablica Profesional; 29. Colegio Nacional de Abogados Municipalistas; 30. Colegio Nacional de Profesionistas en Administraci\u00f3n Policial; 31. Comisi\u00f3n Ciudadana de Derechos Humanos del Noroeste; 32. Comisi\u00f3n Mexicana de Defensa y Promoci\u00f3n de los Derechos Humanos (CMDPDH); 33. Comisi\u00f3n Mexicana de Derechos Humanos; 34. Comit\u00e9 de Derechos Humanos de Nuevo Laredo; 35. Comit\u00e9 Internacional de la Bandera de la Paz; 36. Comunicaci\u00f3n e Informaci\u00f3n de la Mujer (CIMAC); 37. Consejo C\u00edvico de Instituciones de Coahuila; 38. Consorcio para el Di\u00e1logo Parlamentario y la Equidad Oaxaca; 39. Convivencia Joven; Convivencia sin Violencia; 40. Coordinaci\u00f3n General del Consejo Estatal de Seguridad P\u00fablica de Sinaloa; 41. Diversidad, Equidad Social y Democracia (DESyDE); 42. Enjambre Digital; 43. Equipo de Educaci\u00f3n para la Paz y los Derechos Humanos del Estado de Durango; 44. Estamos en Cada Rinc\u00f3n de M\u00e9xico; 45. Estrategia Integral Consultores; 46. Estudios de Opini\u00f3n y Participaci\u00f3n Social, (EOPSAC); 47. Ethos, Laboratorio de Pol\u00edticas P\u00fablicas; 48. Familias Unidas por Nuestros Desaparecidos en Jalisco (FUNDEJ); 49. Federaci\u00f3n de Asociaciones Civiles de M\u00e9xico; 50. Federaci\u00f3n Mexicana de Criminolog\u00eda y Criminal\u00edstica; 51. Fundaci\u00f3n Apleseed M\u00e9xico; 52. Fundaci\u00f3n Arco\u00edris; 53. Fundaci\u00f3n Ciudadana para el Desarrollo Integral de Michoac\u00e1n (FUCIDIM); 54. Fundaci\u00f3n Mercedes A.C.; 55. Fundaci\u00f3n Mexicana de Reintegraci\u00f3n Social, Reintegra; 56. Fundaci\u00f3n para el Debido Proceso (DPLF); 57. Fundaci\u00f3n para la Justicia y el Estado Democr\u00e1tico de Derecho; 58. Fundar, Centro de An\u00e1lisis e Investigaci\u00f3n; 59. Grupo VIDA; 60. Haz Paz; 61. I(DH)EAS, Litigio Estrat\u00e9gico en Derechos Humanos; 62. IGAVIM, Observatorio Estatal de Puebla; ILSB; 63. Incide Social; 64. Informaci\u00f3n y Participaci\u00f3n Ciudadana (IPAC); 65. Instituto de Justicia Procesal Penal (IJPP); 66. Instituto de Liderazgo Simone de Beauvoir; 67. Instituto Internacional de Justicia Restaurativa y Derecho; 68. Instituto Mexicano de Derechos Humanos y Democracia; 69. Instituto Mexicano para la Competitividad (IMCO); 70. Insyde; 71. Laboratorio de Innovaci\u00f3n para la Paz, A.C.; 72. Las Reinas Chulas: Cabaret y Derechos Humanos; 73. Legalidad por M\u00e9xico; 74. Mesa de Seguridad y Justicia de Huetamo; 75. Mesa de Seguridad y Justicia de la Ci\u00e9nega de Chapala; 76. Mesa de Seguridad y Justicia de L\u00e1zaro C 86. Observatorio Ciudadano de Morelos; 87. Observatorio Ciudadano Tabasco; 88. Observatorio Ciudadano Tamaulipas; 89. Observatorio de Seguridad P\u00fablica de Polic\u00edas de M\u00e9xico (OSPPM); 90. Observatorio de Violencia Social y de G\u00e9nero de Aguascalientes; 91. Observatorio del Derecho a la Vivienda; 92. Observatorio Mexicano de Derechos Humanos; 93. Observatorio Nacional Ciudadano; 94. Observatorio Regional Zamora; 95. Observatorio Sonora por la Seguridad; 96. Oficina en Washington para Asuntos Latinoamericanos (WOLA); 97. Parlamento Ciudadano de M\u00e9xico, Aguascalientes; 98. Participaci\u00f3n Ciudadana 29; 99. Pensamiento Social en Acci\u00f3n; 100. Pensamiento y Estrategia Social; 101. Puebla contra la corrupci\u00f3n y la impunidad; 102. Puebla Vigila; 103. R3D: Red en Defensa de los Derechos Digitales; 104. Red Contralor\u00eda Social Puebla; 105. Red de Seguridad Ciudadana; 106. Red Nacional de Asociaciones Policiales; 107. Red Nacional de Organismos Civiles de Derechos Humanos \u201cTodos los Derechos para Todas y Todos\u201d; 108. Red Nacional de Profesionistas en Seguridad P\u00fablica; 109. Red Solidaria D\u00e9cada Contra la Impunidad; 110. Red Tem\u00e1tica de Investigaci\u00f3n en Adicciones y Seguridad Ciudadana; 111. Red VIRAL; 112. REDIM Red por los Derechos de la Infancia en M\u00e9xico; 113. Refugio Esther Morales P\u00e9rez; 114. Reinserta; 115. Renace, A.B.P.; 116. Renacer Lagunero; 117. Sabuesos Guerreras; 118. Sem\u00e1foro Delictivo; 119. Servir para Michoac\u00e1n (SEPAMICH); 120. Si hay mujeres en Durango; 121. Solidaridad y Ayuda Social, INCLUYE; 122. Spatium Libertas; 123. Sumamos; 124. TOJIL, Estrategia contra la Impunidad; 125. UKA NUIWAME; 126. Unidos por una Sociedad Responsable; 127. Uni\u00f3n Nacional de Polic\u00edas; 128. Vanguardia de Mujeres de Ixtapaluca; Firmantes a t\u00edtulo personal: 1. Abel Flores; 2. Adriana Greaves; 3. Adriana Labardini; 4. Adriana Rojas Trigo; 5. Alba Mora Roca; 6. Alberto Athi\u00e9; 7. Alberto Lara Fern\u00e1ndez; 8. Alberto Xicot\u00e9ncatl Carrasco; 9. Alejandra Green D\u00edaz Gonz\u00e1lez; 10. Alejandra Rodr\u00edguez Pretel\u00edn; 11. Alejandra Rojas P\u00e9rez; 12. Alejandra Wade Villanueva; 13. Alejandro Espri\u00fa Guerra; 14. Alejandro Garc\u00eda G.; 15. Alejandro Hope; 16. Alejandro Ildefonso Casta\u00f1eda Sabido; 17. Alejandro Jaimes Guti\u00e9rrez; 18. Alejandro Madrazo L.; 19. Alejandro Mohar; 20. Alejandro Ord\u00f3\u00f1ez Gonz\u00e1lez; 21. Alejandro S\u00e1nchez G\u00f3mez; 22. Alfredo Figueroa; 23. Alfredo Hern\u00e1ndez Guti\u00e9rrez; 24. Alfredo Lecona; 25. Alicia Mohar; 26. Alonso Rivero-Borrell Wheatley; 27. \u00c1lvaro de la Cruz Mar\u00edn; 28. Amanda Berenstein; 29. Ana Mar\u00eda M\u00e9ndez Hidalgo; 30. Ana Ortiz Monasterio Quintana; 31. Ana Patricia Eulalia N\u00fa\u00f1ez Cervera; 32. Ana Paula Hern\u00e1ndez Romano; 33. Ana Paula Mu\u00f1oz; 34. Ana Sof\u00eda Pederzini Ram\u00edrez; 35. Andrea Cruz Angon; 36. Andr\u00e9s Franco Fuentes; 37. Andr\u00e9s Nieto S\u00e1nchez de Tagle; 38. Andr\u00e9s Sumano; 39. \u00c1ngel Dom\u00ednguez de Pedro; 40. \u00c1ngel Mart\u00edn Junquera Sep\u00falveda; 41. \u00c1ngela Daniela Reyes Gonz\u00e1lez; 42. \u00c1ngeles Navarro; 43. Ang\u00e9lica de la Pe\u00f1a G\u00f3mez; 44. Ang\u00e9lica Nadurille; 45. Antonio Esparza; 46. Antonio Garza C\u00e1novas; 47. Antonio Guti\u00e9rrez Camarena; 48. Aram Barra; 49. Armando Santacruz; 50. Arturo Aceves; 51. Arturo Gonz\u00e1lez Gonz\u00e1lez; 52. Arturo Huicochea Alanis; 53. Arturo Huicochea; 54. Arturo Rivera; Arturo Tiburcio T.; 55. Aurora Molina; 56. Azul Elisa Rojas Trigos; 57. Beatriz Cosio Nava; 58. Bego\u00f1a Gil Orbezo; 59. Bego\u00f1a Goicoechea Pederzini; 60. Bernardo Herrer\u00edas F.; 61. Bernardo Mar\u00eda Le\u00f3n Olea; 62. Bertha Angulo; 63. Blanca God\u00ednez Charles; 64. Brenda Tania Luna L\u00f3pez; 65. Camila Mohar; 66. Camilo Valencia Garc\u00eda; 67. Carla Pederzini Villarreal; 68. Carlos Alfonso Sandoval Miranda; 69. Carlos Bravo Regidor; 70. Carlos Brito; 71. Carlos Heredia Zubieta; 72. Carlos Humphrey; 73. Carlos Jim\u00e9nez Funes; 74. Carlos Manuel Estopier Kutz; 75. Carlos Ramos M.; 76. Carlos R\u00edos Espinosa; 77. Carlos Trevi\u00f1o Vives; 78. Carmen Rivera Mendoza; 79. Carmina Jasso; 80. Carolina Fayad Contreras; 81. Catalina Aguilar Oropeza; 82. Catalina P\u00e9rez Correa; 83. Cecilia C\u00e1rdenas Moreno; 84. Cecilia Turriago P\u00e9rez; 85. Celia Bujaidar; 86. Celia G\u00f3mez Mart\u00ednez; 87. C\u00e9sar Dorado Chavarr\u00eda; 88. Clara Jusidman; 89. Claudia Dom\u00ednguez; 90. Claudia Granados; 91. Claudia Salazar Arenas; 92. Claudio X. Gonz\u00e1lez; 93. Claus Von Wobeser; 94. Clemente Romero Olmedo; 95. Constanza Bola\u00f1os Gonz\u00e1lez-Garza; 96. Consuelo S\u00e1izar Guerrero; 97. Crisna Cuchcatla M\u00e9ndez; 98. Cristina Renaud; 99. Christian Nadiezhda V\u00e1zquez Careaga; 100. Daniel Serrano; 101. David Blanc Murgu\u00eda; 102. David Chong Chong; 103. David Ernesto Alvarado; 104. Deirdr\u00e9 Baz\u00e1n Mayagoitia; 105. Demian Mohar; 106. Denise Dresser; 107. Diana Alejandra Abad Paniagua; 108. Diana Luque Agraz; 109. Diego I. Sierra Laris; 110. Diego Ruiz Dur\u00e1n; 111. Dolores Aranda Grajales; 112. Dora Luz Galindo Z. 113. Duana Polo; 114. Edgar Iv\u00e1n Espinosa; 115. Edith \u00c1vila Romo; 116. Edna Jaime; 117. Eduardo Mart\u00edn J\u00e1uregui 118. Eduardo Ortiz Monasterio Quintana; 119. Eduardo Reinking; 120. Eduardo Siqueiros T.; 121. Eduardo Sol\u00f3rzano Caraza; 122. Eduardo Tols\u00e1 Hidalgo; 123. Eduardo Vadillo Polo; 124. Elena Azaola; 125. Elia I. Ram\u00edrez Maya; 126. Eliana Garc\u00eda Laguna; 127. Elisa Alan\u00eds; 128. Elizabeth Tovar Luj\u00e1n; 129. Elsa Martina Ancona S\u00e1nchez; 130. Emiliano Polo; 131. Emilio Cadena Rubio; 132. Emilio Cruz S\u00e1nchez; 133. Emilio Granja G.; 134. Emilio Men\u00e9ndez Beltr\u00e1n; 135. Emilio Zepeda Quintana; 136. Eno\u00e9 Uranga Mu\u00f1oz; 137. Enrique Betancourt; 138. Enrique Bolado M.; 139. Enrique C\u00e1rdenas; 140. Enrique Gim\u00e9nez G\u00f3mez; 141. Enrique Medina Caro; 142. Enrique Padilla Araujo; 143. Erick Huerta Vel\u00e1zquez; 144. Ernestina Polo; 145. Ernesto Algaba R.; 146. Ernesto G\u00f3mez Orozco; 147. Ernesto L\u00f3pez Portillo; 148. Estefan\u00eda Ch\u00e1vez; 149. Estefan\u00eda Medina; 150. Ezequiel Dur\u00e1n Jard\u00f3n; 151. Fabi\u00e1n Alejandro Guzm\u00e1n Garc\u00eda; 152. Fausto Barajas Cummings; 153. Federico Casas; 154. Federico Hern\u00e1ndez A.; 155. Federico P\u00e9rez D\u00edez 156. Felipe \u00c1lvarez Mendoza; 157. Felipe Vadillo Ortega; 158. Fernando Belaunzar\u00e1n; 159. Fernando Campos C\u00e1rdenas; 160. Fernando De Salvidea y De Miguel; 161. Fernando Mart\u00ednez Garc\u00eda de Le\u00f3n; 162. Fernando Molina Ort\u00edz Monasterio; 163. Fernando Tenorio; 164. Fernando Valenzuela M.; 165. Francisco del Rio; 166. Francisco Rivas; 167. Francisco Vaqueiro; 168. Francisco Xavier Portas Barquera; 169. Gabriel Castillo Hern\u00e1ndez; 170. Gabriel Joaquin Montiel Aguilar; 171. Gabriel Oliver; 172. Gabriela Delgado; 173. Gabriela Delgado; 174. Gabriela Hern\u00e1ndez Mart\u00edn del Campo; 175. Gabriela Hern\u00e1ndez Zerme\u00f1o; 176. Gabriela Zerme\u00f1o; 177. Gemi Jos\u00e9 Gonz\u00e1lez; 178. Genaro Lozano; 179. Gerardo Fausto Lozano V.; 180. Gerardo Gozain; 181. Gerardo Navarro; 182. Gerardo Rocha Aguilar; 183. Gerardo Rocha O\u2019Kelard; 184. Gerardo Ruiz-Maza; 185. Gina Mar\u00eda Pederzini Villarreal; 186. Giulliano Lopresti; 187. Gloria Careaga; 188. Gloria Chal\u00e9 G\u00f3ngora; 189. Graciela Qui\u00f1ones; 190. Guadalupe Correa Cabrera; 191. Guillermo Maynez; 192. Guillermo Vald\u00e9s Castellanos; 193. Gustavo Antonio Robles Cuevas; 194. Gustavo Cavazos M\u00e1ynez; 195. Gustavo Fondevila; 196. Gustavo Lomel\u00ed Mart\u00ednez; 197. Gustavo Lomel\u00ed Pozo; 198. H\u00e9ctor Aguilar Camin; 199. H\u00e9ctor de Maule\u00f3n; 200. H\u00e9ctor L\u00f3pez Recio; 201. H\u00e9ctor Rodr\u00edguez Ortega; 202. Hector Teutli; 203. H\u00e9ctor Villareal Ord\u00f3\u00f1ez; 204. Helden de Paz Mancera; 205. Hilda Gonz\u00e1lez Rosales; 206. Hortencia V\u00e1zquez; 207. Hugo Hern\u00e1ndez-Ojeda A.; 208. Humberto Berm\u00fadez De la Torre; 209. Ignacio Javier Salda\u00f1a Paz; 210. Ina Zoon; 211. \u00cd\u00f1igo Guti\u00e9rrez Guti\u00e9rrez; 212. I\u00f1igo Mohar; 213. \u00cd\u00f1igo Solana Riveroll; 214. Irene Tello Arista; 215. Iris Santill\u00e1n; 216. Irma Iraz\u00e1bal Lujambio; 217. Isaac Dehesa Brito; 218. Ismael Ramos M\u00e9ndez; 219. Ismael Ramos M\u00e9ndez; 220. Itzel Rangel Romero; 221. Itziar Goicoechea Pederzini; 222. Ixchel Cisneros; 223. Jacobo Dayan Askenazi; 224. Jacqueline Peschard; 225. Jaime Espinosa de los Monteros; 226. Jaime L\u00f3pez Aranda; 227. Jaime Ram\u00f3n Bernal Garc\u00eda; 228. Janette G\u00f3ngora Soberanes; 229. Javier Gonz\u00e1lez Iturriaga; 230. Javier Mancera; 231. Javier Morales Betancourt; 232. Javier Murillo; 233. Javier Ruanova F.; 234. Jer\u00f3nimo Mohar; 235. Jes\u00fas Luna; 236. Jes\u00fas Mario Herrera Rivadeneyra; 237. Jes\u00fas Ortega Mart\u00ednez; 238. Jes\u00fas R. Rodr\u00edguez; 239. Jes\u00fas Rodr\u00edguez Montero; 240. Jes\u00fas Zambrano Grijalva; 241. Jimena Candano; 242. Joel Quiroz Solorio; 243. Jordi Oropeza Sol\u00f3rzano; 244. Jorge Alberto Lara Rivera; 245. Jorge Arturo Castillo; 246. Jorge Asali Harfuch; 247. Jorge Carlos Peniche; 248. Jorge Francisco Vald\u00e9s K.; 249. Jorge Javier Romero Vadillo; 250. Jorge Jimenez; 251. Jorge Ramos Hern\u00e1ndez; 252. Jorge Rivera Mendoza; 253. Jorge S\u00e1nchez Cubillo; 254. Jorge Triana; 255. Jorge Videgaray Verdad; 256. Jorge Villarreal y Mart\u00ednez; 257. Jos\u00e9 Alberto Castro Vera; 258. Jos\u00e9 Antonio Garc\u00eda Luque; 259. Jos\u00e9 Antonio Guevara Berm\u00fadez; 260. Jos\u00e9 Antonio Polo; 261. Jos\u00e9 Arturo Hern\u00e1ndez Alarc\u00f3n 262. Jos\u00e9 Arturo Y\u00e1\u00f1ez; 263. Jos\u00e9 Contreras Mantec\u00f3n; 264. Jos\u00e9 Fernando Marina Corral; 265. Jos\u00e9 Fernando Pe\u00f1a Rubio; 266. Jos\u00e9 Francisco Cortina Velarde; 267. Jos\u00e9 Francisco De Villa Soto; 268. Jos\u00e9 Guillermo Mil\u00e1n Su\u00e1rez; 269. Jos\u00e9 Igor Ruiz Rojas; 270. Jos\u00e9 Luis Jamaica; 271. Jos\u00e9 Luis Mart\u00ednez Fern\u00e1ndez; 272. Jos\u00e9 Luis Nassar Daw; 273. Jos\u00e9 Luis Proa de Anda; 274. Jos\u00e9 Luis Quiroga; 275. Jos\u00e9 Manuel Monterrubio Cubas; 276. Jos\u00e9 Manuel Redoreda; 277. Jos\u00e9 Mario de la Garza Marroqu\u00edn; 278. Jos\u00e9 Rafael Men\u00e9ndez Medina; 279. Jos\u00e9 Santib\u00e1\u00f1ez Cantero; 280. Juan Antonio C\u00e1rdenas Carrasco; 281. Juan C\u00e1rdenas; 282. Juan Carlos Canales; 283. Juan Carlos Guti\u00e9rrez; 284. Juan Carlos Mendoza Gonz\u00e1lez; 285. Juan Carlos P\u00e1ez; 286. Juan E. Pardinas; 287. Juan Francisco Torres Landa 288. Juan Jos\u00e9 Hern\u00e1ndez L\u00f3pez; 289. Juan Jos\u00e9 Villegas Reyes; 290. Juan Manuel Arredondo; 291. Juan Manuel Cabrera; 292. Juan Manuel P\u00e9rez Cuellar; 293. Juan Pablo Estrada Michel; 294. Juan Pablo Visoso Lomelin; 295. Juan Roberto Torres Landa R.; 296. Juan Salgado; 297. Juan Zavala Guti\u00e9rrez; 298. Julia Arrivillaga Hern\u00e1ndez; 299. Julia Gonz\u00e1lez; 300. Juli\u00e1n Dom\u00ednguez Arroyo; 301. Juli\u00e1n Mej\u00eda Berdeja; 302. Julio Kala; 303. Julio Madrazo Garc\u00eda; 304. Karin Troncoso Torrez; 305. Karla Michelle Vera B\u00e1ez; 306. Laisha Wilkins; 307. Laura Rosario Prieto Ursua; 308. Laura Ximena Fern\u00e1ndez N.; 309. Layda Negrete; 310. Leobardo Espinoza Rodr\u00edguez; 311. Leonel Fern\u00e1ndez; 312. Leonor G\u00f3mez Barreiro; 313. Leopoldo Hern\u00e1ndez-Romo; 314. Leticia De Leo Vargas 315. Leticia Rico Gonz\u00e1lez; 316. Libertad Mantec\u00f3n Eguiluz; 317. Lidia Gil Zenteno; 318. Lilia Isabel Hern\u00e1ndez Rosas; 319. Lilian Chapa Koloffon; 320. Liliana Mar\u00eda Anza Costabile; 321. Liliana Ray\u00f3n Castellanos; 322. Lisa S\u00e1nchez; 323. Lizeth Mejorada; 324. Lorena Sarre Alba; 325. Lorenzo Ruiz; 326. Luc\u00eda Aguilar Salamanca; 327. Luis Alfonso Cervantes Castillo; 328. Luis Asali Harfuch; 329. Luis Castelazo Morales; 330. Luis Daniel V\u00e1zquez Valencia; 331. Luis de la Calle; 332. Luis Enrique Galv\u00e1n G.; 333. Luis Enrique Graham; 334. Luis F. Fern\u00e1ndez; 335. Luis Fr\u00edas H.; 336. Luis Gonz\u00e1lez Placencia; 337. Luis Gonz\u00e1lez; 338. Luis Guillermo Gonz\u00e1lez F.; 339. Luis Lozano Fuentes; 340. Luis Oliver Navarro; 341. Luis Ruiz G.; 342. Luisa Conesa; 343. Luisa Par\u00e9; 344. Luisa Rebeca Garza L\u00f3pez; 345. Luna Mancini; 346. Luz Mar\u00eda Gil Vel\u00e1zquez; 347. Luz Mar\u00eda M\u00e1ynez Gil; 348. Lydia Cordero Cabrera; 349. Lylia Palacios; 350. Ma del Carmen Gonz\u00e1lez Ortiz; 351. Ma. Cristina Arguimbau Vall\u00e9s; 352. Magdalena C\u00e1rdenas; 353. Maite Azuela; 354. Manuel Emilio Hoyos D\u00edaz; 355. Manuel Molano; 356. Manuel Tron; 357. Mara Hern\u00e1ndez; 358. Marcela Castillo Noguer\u00f3n; 359. Marcela Nieto; 360. Marcela Villalobos; 361. Marcelino Fern\u00e1ndez G\u00f3mez; 362. Marcia Itzel Checa Guti\u00e9rrez; 363. Marco Antonio Alc\u00e1zar; 364. Margarita Hayde\u00e9 Ram\u00edrez Monroy; 365. Margarita Zerme\u00f1o; 366. Mar\u00eda Amparo Casar; 367. Mar\u00eda Andrea Pe\u00f1a Rubio; 368. Mar\u00eda Antonia Campillo Cano; 369. Mar\u00eda Antonieta M\u00fcller Alatorre; 370. Mar\u00eda Beatriz Azc\u00e1rraga Andrade; 371. Mar\u00eda Cecilia Laris Pacheco; 372. Mar\u00eda Concepci\u00f3n Mart\u00ednez Rodr\u00edguez; 373. Mar\u00eda Cristina P\u00e9rez Verd\u00eda Rivero; 374. Mar\u00eda Cristina R\u00edos Estrada; 375. Mar\u00eda de los \u00c1ngeles Pozas; 376. Mar\u00eda de Lourdes Bezaury Creel; 377. Mar\u00eda del Carmen Haro P\u00e9rez; 378. Mar\u00eda del Carmen Limas G\u00f3mez; 379. Mar\u00eda del Pilar Barros del Campo; 380. Mar\u00eda del Pilar D\u00e9ziga Vel\u00e1zquez; 381. Mar\u00eda del Roc\u00edo Guadalupe Escand\u00f3n Mungu\u00eda; 382. Mar\u00eda Dolores Cavazos M\u00e1ynez; 383. Mar\u00eda Elena Chapa; 384. Mar\u00eda Elena L\u00f3pez Romero; 385. Mar\u00eda Elena Morera; 386. Mar\u00eda Elena Paill\u00e9s; 387. Mar\u00eda Esther Rey Carrillo; 388. Mar\u00eda Fernanda Rodr\u00edguez Calva; 389. Mar\u00eda Gonz\u00e1lez de Coss\u00edo; 390. Mar\u00eda Isabel Ares Vald\u00e9s; 391. Mar\u00eda Isabel Cruz Bernal; 392. Mar\u00eda Isabel L\u00f3pez Mayagoitia; 393. Mar\u00eda Krimilda Hoyos D\u00edaz 394. Mar\u00eda Luisa Su\u00e1rez Marina; 395. Mar\u00eda Luisa Torres Landa U.; 396. Mar\u00eda Mohar; 397. Mar\u00eda Nelly Qui\u00f1ones Achy; 398. Mar\u00eda Novoa; 399. Mar\u00eda Teresa Aziz Checa; 400. Mar\u00eda Teresa Ch\u00e1vez A.; 401. Mar\u00eda Teresa Paill\u00e9s Vergara; 402. Mariana Campero; 403. Mariana Gurrola; 404. Mariana V\u00e1zquez del Mercado Castro; 405. Mariclaire Acosta; 406. Marien Rivera Carrillo; 407. Marinela Servitje; 408. Mario Alberto Becerra Becerril; 409. Mario Alberto Becerra Pocoroba; 410. Mario Antonio Espinosa de los Reyes Bolanos; 411. Mario Campos; 412. Mario Jorge Y\u00e1\u00f1ez V.; 413. Mario Ojeda Revah; 414. Marta Alicia Aguilar Salamanca; 415. Martha Elisa Rubio Mart\u00ednez; 416. Martha Ju\u00e1rez; 417. Martha Lamas; 418. Martha Patricia Gordoa \u00c1lvarez; 419. Martha Rodr\u00edguez Garc\u00eda; 420. Martha Tagle; 421. Martin Barberena; 422. Mart\u00edn Carlos S\u00e1nchez Bocanegra; 423. Maru Cortazar; 424. Matilde Tarasco Michel; 425. Mauricio de Maria y Campos; 426. Mauricio Escalante Mej\u00eda, 427. Mauricio Lomel\u00ed Mart\u00ednez; 428. Mauricio Meschoulam; 429. Mauricio Oropeza Estrada; 430. Mayela Ruiz Madrazo; 431. Mercedes S\u00e1nchez N\u00fa\u00f1ez Ugarte; 432. Metzeri Jim\u00e9nez Garc\u00eda; 433. Miguel \u00c1ngel D\u00e1vila; 434. Miguel \u00c1ngel Jorge Narv\u00e1ez; 435. Miguel \u00c1ngel Mateo S.; 436. Miguel \u00c1ngel S\u00e1nchez Aedo Li\u00f1ero; 437. Miguel Garza; 438. Miguel Hern\u00e1ndez Cervantes; 439. Miguel Herrera; 440. Miguel Sarre; 441. Miguel Vald\u00e9s Villarreal Miranda; 442. Milagros Herrero Buchanan; 443. Misael Santiago Dehesa Pulido; 444. M\u00f3nica Carrillo Gonz\u00e1lez; 445. M\u00f3nica D\u00edaz de Rivera \u00c1lvarez; 446. M\u00f3nica Guadalupe Riojas Achutegui; 447. M\u00f3nica Pederzini Villarreal; 448. Myrna In\u00e9s Gonz\u00e1lez Gonz\u00e1lez; 449. Natalia Volkow Fern\u00e1ndez; 450. Nayeli Itzel Torres Velasco; 451. Nelia Tello; 452. Niccolo Spataro; 453. Obdulio \u00c1vila Mayo; 454. Octavio Lara; 455. Octavio Magallanes; 456. Olga Martha Cant\u00fa; 457. Olivia Varela Tostado; 458. Omar Arturo Luna Ram\u00edrez; 459. Omar Guerrero R.; 460. Omar Timoty S\u00e1nchez Guzm\u00e1n; 461. Oscar Ebrard Reyes; 462. Oscar F. Ru\u00edz de Ch\u00e1vez; 463. Oscar Mondrag\u00f3n; 464. Pablo Cabrera; 465. Pablo Girault; 466. Pablo H\u00e9ctor Ojeda C\u00e1rdenas; 467. Paola Funes Fresan; 468. Paola Guadalupe Foresti Osorio; 469. Paola Lil\u00ed Garc\u00eda Alanis; 470. Paola Lomel\u00ed Mart\u00ednez; 471. Paola Pederzini Ram\u00edrez; 472. Pastor L\u00f3pez Atilano; 473. Patricia Alejandra Torres Landa R.; 474. Patricia Arrigunaga Flores; 475. Patricia de Obeso; 476. Patricia Ugalde Espinosa; 477. Patsy Topacio Castillo Amezcua; 478. Paulina Guti\u00e9rrez J.; 479. Pedro Jim\u00e9nez; 480. Pedro Jos\u00e9 Zepeda Mart\u00ednez; 481. Rafael Estrada 482. Rafael P\u00e9rez Gay; 483. Raquel Men\u00e9ndez. 484. Ra\u00fal Huerta Ruiz; 485. Ra\u00fal Javier Paredes; 486. Rebeca Calzada; 487. Regina Tam\u00e9s; 488. Renata Vadillo Polo 489. Ren\u00e9 Arce L.; 490. Ricardo Jenny Del Rinc\u00f3n; 491. Ricardo Massa; 492. Ricardo Raphael; 493. Ricardo Rodr\u00edguez Luna; 494. Roberto Hern\u00e1ndez Ru\u00edz; 495. Roberto Kaput Gonz\u00e1lez; 496. Roc\u00edo Garc\u00eda Olmedo; 497. Roc\u00edo Osuna; 498. Rodolfo Barreda Alvarado; 499. Rodolfo Basurto; 500. Rodrigo Lomel\u00ed Mart\u00ednez; 501. Rodrigo Moreno G\u00f3mez; 502. Rodrigo Zamora; 503. Romina Jim\u00e9nez; 504. Rosa Mar\u00eda Vera Hern\u00e1ndez; 505. Rosario Guerra; 506. Roxana S\u00e1nchez; 507. Rub\u00e9n Aguilar Valenzuela; 508. Rub\u00e9n Fern\u00e1ndez Aceves; 509. Rub\u00e9n Mac\u00edas Hern\u00e1ndez; 510. Salvador Herrera Montes; 511. Santiago Alessio Robles Segu\u00ed; 512. Santiago Corcuera Cabezut; 513. Santiago Escobar Maga\u00f1a; 514. Santiago Garcia Luque; 515. Santiago Mohar; 516. Santiago Roel; 517. Sara Corona 518. Saskia Ni\u00f1o de Rivera; 519. Sebasti\u00e1n Mohar; 520. Sergio Iban Torres Bravo; 521. Sergio Romero Rodr\u00edguez; 522. Severine Durin; 523. Silvia Adriana Flores Bordon; 524. Silvia Ortiz de S\u00e1nchez Viesca; 525. Sof\u00eda Ram\u00edrez Garza; 526. Sonia Quintana Mart\u00ednez; 527. Susana Gabriela Souza Legorreta; 528. Sylvano Cant\u00fa; 529. Tania Luna; 530. Teresa Venguer; 531. Tirso Javier de la Torre S\u00e1nchez; 532. Tony Payan; 533. Velia Hontoria; 534. Ver\u00f3nica Mohar Fern\u00e1ndez; 535. V\u00edctor Javier Rodr\u00edguez Pe\u00f1a; 536. V\u00edctor Manuel S\u00e1nchez Vald\u00e9s; 537. V\u00edctor S\u00e1nchez Sotomayor; 538. Violeta Maltos Rodr\u00edguez; 539. Virgilio Eduardo Guti\u00e9rrez Lacorte; 540. Viridiana R\u00edos; 541. Y\u00e9sica S\u00e1nchez Maya; 542. Yolanda Morales Albores; 543. Yunuen Guadalupe Espinoza Nogueda; 544. Zoila Alegr\u00eda de las Flores.<\/p>\n<\/blockquote>\n<\/blockquote>\n","protected":false},"excerpt":{"rendered":"<p>Acad\u00e9micos y colectivos piden a AMLO un an\u00e1lisis m\u00e1s a fondo del Tren Maya y la Guardia Nacional<br \/>\nPor Redacci\u00f3n QP<\/p>\n","protected":false},"author":2,"featured_media":9783,"comment_status":"open","ping_status":"open","sticky":false,"template":"","format":"standard","meta":{"_monsterinsights_skip_tracking":false,"_monsterinsights_sitenote_active":false,"_monsterinsights_sitenote_note":"","_monsterinsights_sitenote_category":0,"footnotes":""},"categories":[2],"tags":[],"class_list":["post-9784","post","type-post","status-publish","format-standard","has-post-thumbnail","hentry","category-noticias"],"yoast_head":"<!-- This site is optimized with the Yoast SEO plugin v27.3 - https:\/\/yoast.com\/product\/yoast-seo-wordpress\/ -->\n<title>Acad\u00e9micos y colectivos piden a AMLO un an\u00e1lisis m\u00e1s a fondo del Tren Maya y la Guardia Nacional -<\/title>\n<meta name=\"robots\" content=\"index, follow, max-snippet:-1, max-image-preview:large, max-video-preview:-1\" \/>\n<link rel=\"canonical\" href=\"https:\/\/quehacerpolitico.mx\/?p=9784\" \/>\n<meta property=\"og:locale\" content=\"es_MX\" \/>\n<meta property=\"og:type\" content=\"article\" \/>\n<meta property=\"og:title\" content=\"Acad\u00e9micos y colectivos piden a AMLO un an\u00e1lisis m\u00e1s a fondo del Tren Maya y la Guardia Nacional -\" \/>\n<meta property=\"og:description\" content=\"Acad\u00e9micos y colectivos piden a AMLO un an\u00e1lisis m\u00e1s a fondo del Tren Maya y la Guardia Nacional Por Redacci\u00f3n QP\" \/>\n<meta property=\"og:url\" content=\"https:\/\/quehacerpolitico.mx\/?p=9784\" \/>\n<meta property=\"article:published_time\" content=\"2018-11-20T16:33:39+00:00\" \/>\n<meta name=\"author\" content=\"Redacci\u00f3n QP\" \/>\n<meta name=\"twitter:card\" content=\"summary_large_image\" \/>\n<meta name=\"twitter:label1\" content=\"Escrito por\" \/>\n\t<meta name=\"twitter:data1\" content=\"Redacci\u00f3n QP\" \/>\n\t<meta name=\"twitter:label2\" content=\"Tiempo de lectura\" \/>\n\t<meta name=\"twitter:data2\" content=\"26 minutos\" \/>\n<script type=\"application\/ld+json\" class=\"yoast-schema-graph\">{\"@context\":\"https:\\\/\\\/schema.org\",\"@graph\":[{\"@type\":\"Article\",\"@id\":\"https:\\\/\\\/quehacerpolitico.mx\\\/?p=9784#article\",\"isPartOf\":{\"@id\":\"https:\\\/\\\/quehacerpolitico.mx\\\/?p=9784\"},\"author\":{\"name\":\"Redacci\u00f3n QP\",\"@id\":\"https:\\\/\\\/quehacerpolitico.mx\\\/#\\\/schema\\\/person\\\/496d8ad2d1d3f8036101dca7ee39e585\"},\"headline\":\"Acad\u00e9micos y colectivos piden a AMLO un an\u00e1lisis m\u00e1s a fondo del Tren Maya y la Guardia Nacional\",\"datePublished\":\"2018-11-20T16:33:39+00:00\",\"mainEntityOfPage\":{\"@id\":\"https:\\\/\\\/quehacerpolitico.mx\\\/?p=9784\"},\"wordCount\":5140,\"commentCount\":0,\"image\":{\"@id\":\"https:\\\/\\\/quehacerpolitico.mx\\\/?p=9784#primaryimage\"},\"thumbnailUrl\":\"\",\"articleSection\":[\"Noticias\"],\"inLanguage\":\"es\",\"potentialAction\":[{\"@type\":\"CommentAction\",\"name\":\"Comment\",\"target\":[\"https:\\\/\\\/quehacerpolitico.mx\\\/?p=9784#respond\"]}]},{\"@type\":\"WebPage\",\"@id\":\"https:\\\/\\\/quehacerpolitico.mx\\\/?p=9784\",\"url\":\"https:\\\/\\\/quehacerpolitico.mx\\\/?p=9784\",\"name\":\"Acad\u00e9micos y colectivos piden a AMLO un an\u00e1lisis m\u00e1s a fondo del Tren Maya y la Guardia Nacional -\",\"isPartOf\":{\"@id\":\"https:\\\/\\\/quehacerpolitico.mx\\\/#website\"},\"primaryImageOfPage\":{\"@id\":\"https:\\\/\\\/quehacerpolitico.mx\\\/?p=9784#primaryimage\"},\"image\":{\"@id\":\"https:\\\/\\\/quehacerpolitico.mx\\\/?p=9784#primaryimage\"},\"thumbnailUrl\":\"\",\"datePublished\":\"2018-11-20T16:33:39+00:00\",\"author\":{\"@id\":\"https:\\\/\\\/quehacerpolitico.mx\\\/#\\\/schema\\\/person\\\/496d8ad2d1d3f8036101dca7ee39e585\"},\"breadcrumb\":{\"@id\":\"https:\\\/\\\/quehacerpolitico.mx\\\/?p=9784#breadcrumb\"},\"inLanguage\":\"es\",\"potentialAction\":[{\"@type\":\"ReadAction\",\"target\":[\"https:\\\/\\\/quehacerpolitico.mx\\\/?p=9784\"]}]},{\"@type\":\"ImageObject\",\"inLanguage\":\"es\",\"@id\":\"https:\\\/\\\/quehacerpolitico.mx\\\/?p=9784#primaryimage\",\"url\":\"\",\"contentUrl\":\"\"},{\"@type\":\"BreadcrumbList\",\"@id\":\"https:\\\/\\\/quehacerpolitico.mx\\\/?p=9784#breadcrumb\",\"itemListElement\":[{\"@type\":\"ListItem\",\"position\":1,\"name\":\"Inicio\",\"item\":\"https:\\\/\\\/quehacerpolitico.mx\\\/\"},{\"@type\":\"ListItem\",\"position\":2,\"name\":\"Acad\u00e9micos y colectivos piden a AMLO un an\u00e1lisis m\u00e1s a fondo del Tren Maya y la Guardia Nacional\"}]},{\"@type\":\"WebSite\",\"@id\":\"https:\\\/\\\/quehacerpolitico.mx\\\/#website\",\"url\":\"https:\\\/\\\/quehacerpolitico.mx\\\/\",\"name\":\"\",\"description\":\"\",\"potentialAction\":[{\"@type\":\"SearchAction\",\"target\":{\"@type\":\"EntryPoint\",\"urlTemplate\":\"https:\\\/\\\/quehacerpolitico.mx\\\/?s={search_term_string}\"},\"query-input\":{\"@type\":\"PropertyValueSpecification\",\"valueRequired\":true,\"valueName\":\"search_term_string\"}}],\"inLanguage\":\"es\"},{\"@type\":\"Person\",\"@id\":\"https:\\\/\\\/quehacerpolitico.mx\\\/#\\\/schema\\\/person\\\/496d8ad2d1d3f8036101dca7ee39e585\",\"name\":\"Redacci\u00f3n QP\",\"image\":{\"@type\":\"ImageObject\",\"inLanguage\":\"es\",\"@id\":\"https:\\\/\\\/secure.gravatar.com\\\/avatar\\\/c7164ed6fdec453195284ad24a5ae5b6e1eed2b848477fa2a4787ba9adf39a41?s=96&d=mm&r=g\",\"url\":\"https:\\\/\\\/secure.gravatar.com\\\/avatar\\\/c7164ed6fdec453195284ad24a5ae5b6e1eed2b848477fa2a4787ba9adf39a41?s=96&d=mm&r=g\",\"contentUrl\":\"https:\\\/\\\/secure.gravatar.com\\\/avatar\\\/c7164ed6fdec453195284ad24a5ae5b6e1eed2b848477fa2a4787ba9adf39a41?s=96&d=mm&r=g\",\"caption\":\"Redacci\u00f3n QP\"},\"url\":\"https:\\\/\\\/quehacerpolitico.mx\\\/?author=2\"}]}<\/script>\n<!-- \/ Yoast SEO plugin. -->","yoast_head_json":{"title":"Acad\u00e9micos y colectivos piden a AMLO un an\u00e1lisis m\u00e1s a fondo del Tren Maya y la Guardia Nacional -","robots":{"index":"index","follow":"follow","max-snippet":"max-snippet:-1","max-image-preview":"max-image-preview:large","max-video-preview":"max-video-preview:-1"},"canonical":"https:\/\/quehacerpolitico.mx\/?p=9784","og_locale":"es_MX","og_type":"article","og_title":"Acad\u00e9micos y colectivos piden a AMLO un an\u00e1lisis m\u00e1s a fondo del Tren Maya y la Guardia Nacional -","og_description":"Acad\u00e9micos y colectivos piden a AMLO un an\u00e1lisis m\u00e1s a fondo del Tren Maya y la Guardia Nacional Por Redacci\u00f3n QP","og_url":"https:\/\/quehacerpolitico.mx\/?p=9784","article_published_time":"2018-11-20T16:33:39+00:00","author":"Redacci\u00f3n QP","twitter_card":"summary_large_image","twitter_misc":{"Escrito por":"Redacci\u00f3n QP","Tiempo de lectura":"26 minutos"},"schema":{"@context":"https:\/\/schema.org","@graph":[{"@type":"Article","@id":"https:\/\/quehacerpolitico.mx\/?p=9784#article","isPartOf":{"@id":"https:\/\/quehacerpolitico.mx\/?p=9784"},"author":{"name":"Redacci\u00f3n QP","@id":"https:\/\/quehacerpolitico.mx\/#\/schema\/person\/496d8ad2d1d3f8036101dca7ee39e585"},"headline":"Acad\u00e9micos y colectivos piden a AMLO un an\u00e1lisis m\u00e1s a fondo del Tren Maya y la Guardia Nacional","datePublished":"2018-11-20T16:33:39+00:00","mainEntityOfPage":{"@id":"https:\/\/quehacerpolitico.mx\/?p=9784"},"wordCount":5140,"commentCount":0,"image":{"@id":"https:\/\/quehacerpolitico.mx\/?p=9784#primaryimage"},"thumbnailUrl":"","articleSection":["Noticias"],"inLanguage":"es","potentialAction":[{"@type":"CommentAction","name":"Comment","target":["https:\/\/quehacerpolitico.mx\/?p=9784#respond"]}]},{"@type":"WebPage","@id":"https:\/\/quehacerpolitico.mx\/?p=9784","url":"https:\/\/quehacerpolitico.mx\/?p=9784","name":"Acad\u00e9micos y colectivos piden a AMLO un an\u00e1lisis m\u00e1s a fondo del Tren Maya y la Guardia Nacional -","isPartOf":{"@id":"https:\/\/quehacerpolitico.mx\/#website"},"primaryImageOfPage":{"@id":"https:\/\/quehacerpolitico.mx\/?p=9784#primaryimage"},"image":{"@id":"https:\/\/quehacerpolitico.mx\/?p=9784#primaryimage"},"thumbnailUrl":"","datePublished":"2018-11-20T16:33:39+00:00","author":{"@id":"https:\/\/quehacerpolitico.mx\/#\/schema\/person\/496d8ad2d1d3f8036101dca7ee39e585"},"breadcrumb":{"@id":"https:\/\/quehacerpolitico.mx\/?p=9784#breadcrumb"},"inLanguage":"es","potentialAction":[{"@type":"ReadAction","target":["https:\/\/quehacerpolitico.mx\/?p=9784"]}]},{"@type":"ImageObject","inLanguage":"es","@id":"https:\/\/quehacerpolitico.mx\/?p=9784#primaryimage","url":"","contentUrl":""},{"@type":"BreadcrumbList","@id":"https:\/\/quehacerpolitico.mx\/?p=9784#breadcrumb","itemListElement":[{"@type":"ListItem","position":1,"name":"Inicio","item":"https:\/\/quehacerpolitico.mx\/"},{"@type":"ListItem","position":2,"name":"Acad\u00e9micos y colectivos piden a AMLO un an\u00e1lisis m\u00e1s a fondo del Tren Maya y la Guardia Nacional"}]},{"@type":"WebSite","@id":"https:\/\/quehacerpolitico.mx\/#website","url":"https:\/\/quehacerpolitico.mx\/","name":"","description":"","potentialAction":[{"@type":"SearchAction","target":{"@type":"EntryPoint","urlTemplate":"https:\/\/quehacerpolitico.mx\/?s={search_term_string}"},"query-input":{"@type":"PropertyValueSpecification","valueRequired":true,"valueName":"search_term_string"}}],"inLanguage":"es"},{"@type":"Person","@id":"https:\/\/quehacerpolitico.mx\/#\/schema\/person\/496d8ad2d1d3f8036101dca7ee39e585","name":"Redacci\u00f3n QP","image":{"@type":"ImageObject","inLanguage":"es","@id":"https:\/\/secure.gravatar.com\/avatar\/c7164ed6fdec453195284ad24a5ae5b6e1eed2b848477fa2a4787ba9adf39a41?s=96&d=mm&r=g","url":"https:\/\/secure.gravatar.com\/avatar\/c7164ed6fdec453195284ad24a5ae5b6e1eed2b848477fa2a4787ba9adf39a41?s=96&d=mm&r=g","contentUrl":"https:\/\/secure.gravatar.com\/avatar\/c7164ed6fdec453195284ad24a5ae5b6e1eed2b848477fa2a4787ba9adf39a41?s=96&d=mm&r=g","caption":"Redacci\u00f3n QP"},"url":"https:\/\/quehacerpolitico.mx\/?author=2"}]}},"featured_image_urls":{"full":"","thumbnail":"","medium":"","medium_large":"","large":"","1536x1536":"","2048x2048":"","covernews-featured":"","covernews-medium":""},"author_info":{"display_name":"Redacci\u00f3n QP","author_link":"https:\/\/quehacerpolitico.mx\/?author=2"},"category_info":"<a href=\"https:\/\/quehacerpolitico.mx\/?cat=2\" rel=\"category\">Noticias<\/a>","tag_info":"Noticias","comment_count":"0","_links":{"self":[{"href":"https:\/\/quehacerpolitico.mx\/index.php?rest_route=\/wp\/v2\/posts\/9784","targetHints":{"allow":["GET"]}}],"collection":[{"href":"https:\/\/quehacerpolitico.mx\/index.php?rest_route=\/wp\/v2\/posts"}],"about":[{"href":"https:\/\/quehacerpolitico.mx\/index.php?rest_route=\/wp\/v2\/types\/post"}],"author":[{"embeddable":true,"href":"https:\/\/quehacerpolitico.mx\/index.php?rest_route=\/wp\/v2\/users\/2"}],"replies":[{"embeddable":true,"href":"https:\/\/quehacerpolitico.mx\/index.php?rest_route=%2Fwp%2Fv2%2Fcomments&post=9784"}],"version-history":[{"count":0,"href":"https:\/\/quehacerpolitico.mx\/index.php?rest_route=\/wp\/v2\/posts\/9784\/revisions"}],"wp:featuredmedia":[{"embeddable":true,"href":"https:\/\/quehacerpolitico.mx\/index.php?rest_route=\/"}],"wp:attachment":[{"href":"https:\/\/quehacerpolitico.mx\/index.php?rest_route=%2Fwp%2Fv2%2Fmedia&parent=9784"}],"wp:term":[{"taxonomy":"category","embeddable":true,"href":"https:\/\/quehacerpolitico.mx\/index.php?rest_route=%2Fwp%2Fv2%2Fcategories&post=9784"},{"taxonomy":"post_tag","embeddable":true,"href":"https:\/\/quehacerpolitico.mx\/index.php?rest_route=%2Fwp%2Fv2%2Ftags&post=9784"}],"curies":[{"name":"wp","href":"https:\/\/api.w.org\/{rel}","templated":true}]}}