{"id":9782,"date":"2018-11-20T16:02:34","date_gmt":"2018-11-20T16:02:34","guid":{"rendered":"http:\/\/quehacerpolitico.mx\/seis-claves-para-ver-la-laureada-roma-que-este-miercoles-se-estrena-en-las-salas-de-cine-en-mexico\/"},"modified":"2018-11-20T16:02:34","modified_gmt":"2018-11-20T16:02:34","slug":"seis-claves-para-ver-la-laureada-roma-que-este-miercoles-se-estrena-en-las-salas-de-cine-en-mexico","status":"publish","type":"post","link":"https:\/\/quehacerpolitico.mx\/?p=9782","title":{"rendered":"Seis claves para ver la laureada Roma, que este mi\u00e9rcoles se estrena en las salas de cine en M\u00e9xico"},"content":{"rendered":"<h1>Seis claves para ver la laureada <em>Roma<\/em>, que este mi\u00e9rcoles se estrena en las salas de cine en M\u00e9xico<\/h1>\n<p>Por Redacci\u00f3n QP<\/p>\n<p><strong><em>Roma<\/em><\/strong>, de <strong>Alfonso Cuar\u00f3n<\/strong>, es el trabajo m\u00e1s personal y emotivo del multipremiado director mexicano. Representa el regreso del cineasta, despu\u00e9s de 16 a\u00f1os, al pa\u00eds para filmar una cinta.<\/p>\n<p>Narrada en blanco y negro, Cuar\u00f3n presenta la historia de de <strong>Cleo<\/strong>, una empleada dom\u00e9stica ind\u00edgena que trabaja en la <strong>colonia Roma<\/strong>, de la Ciudad de M\u00e9xico,<strong> en la \u00e9poca de los 70<\/strong>.<\/p>\n<p>La cinta le dio la oportunidad a Cuar\u00f3n de evocar su infancia, regresar a los lugares donde creci\u00f3 y reconstruir el recuerdo de personas que moldearon su vida a trav\u00e9s de su vis\u00f3n como director de cine.<\/p>\n<blockquote>\n<p>\u201cAlfonso Cuar\u00f3n ha desarrollado una carrera haciendo hermosas pel\u00edculas, pero Roma, su homenaje a una de las mujeres que lo criaron, interpretada con calidez moderada por la reci\u00e9n llegada Yalitza Aparicio, es la m\u00e1s hermosa y conmovedora\u201d, expuso la revista<em> TIME<\/em>, que consider\u00f3 que la pel\u00edcula es la mejor de 2018.<\/p>\n<\/blockquote>\n<p>\u201cEs una oda al poder de la memoria, tan \u00edntima como un susurro y tan vital como el rugido del mar\u201d, agrega.<\/p>\n<p><em>Roma<\/em>, que ha sido reconocida ya en varios festivales, es la favorita para alcanzar la categor\u00eda como mejor pel\u00edcula extranjera, mejor director, mejor fotograf\u00eda e incluso mejor actriz, en varios premios.<\/p>\n<p>El d\u00eda de ma\u00f1ana la cinta se estrenar\u00e1 en cines de la Rep\u00fablica Mexicana, y como antesala al gran fen\u00f3meno que est\u00e1 causando <em>Roma<\/em>, te presentamos algunas claves antes de que corras a verla.<\/p>\n<p><iframe loading=\"lazy\" title=\"ROMA | Official Trailer | Netflix\" width=\"640\" height=\"360\" src=\"https:\/\/www.youtube.com\/embed\/6BS27ngZtxg?feature=oembed\" frameborder=\"0\" allow=\"accelerometer; autoplay; clipboard-write; encrypted-media; gyroscope; picture-in-picture; web-share\" referrerpolicy=\"strict-origin-when-cross-origin\" allowfullscreen><\/iframe><\/p>\n<p><strong>MATRIARCADO<\/strong><\/p>\n<p>El largometraje es una oda al matriarcado en el que Cuar\u00f3n se cri\u00f3. Su abuela, su madre y Libo fueron las mujeres que marcaron la vida del multipremiado director que busc\u00f3 entre los recuerdos de su infancia en la Ciudad de M\u00e9xico.<\/p>\n<p>Incluso Netflix la describi\u00f3: \u201cInspirado en las mujeres de su infancia, ofrece\u00a0un homenaje art\u00edstico al matriarcado que molde\u00f3 su mundo\u201d.<\/p>\n<div id=\"attachment_3499123\" class=\"wp-caption alignnone\"><img loading=\"lazy\" decoding=\"async\" class=\"size-full wp-image-3499123\" src=\"https:\/\/www.sinembargo.mx\/wp-content\/uploads\/2018\/11\/matriarcado.jpg\" sizes=\"auto, (max-width: 700px) 100vw, 700px\" srcset=\"https:\/\/www.sinembargo.mx\/wp-content\/uploads\/2018\/11\/matriarcado.jpg 700w, https:\/\/www.sinembargo.mx\/wp-content\/uploads\/2018\/11\/matriarcado-300x199.jpg 300w\" alt=\"\" width=\"700\" height=\"465\" \/><\/p>\n<p class=\"wp-caption-text\">La mujeres en Cuar\u00f3n fueron un pilar en su vida. Foto: Carlos Somonte v\u00eda @alfonsocuaron<\/p>\n<\/div>\n<p><strong>CLASISMO Y RACISMO <\/strong><\/p>\n<p>Alfonso Cuar\u00f3n busc\u00f3 explorar en la pel\u00edcula la relaci\u00f3n entre la clases y raza que observ\u00f3\u00a0 cuando era ni\u00f1o.<\/p>\n<p>El cineasta afirm\u00f3 contundente en entrevista para <em>EFE<\/em> que el racismo en M\u00e9xico \u201cno ha mejorado nada\u201d y que todav\u00eda persisten \u201cno s\u00f3lo los estereotipos sino tambi\u00e9n las actitudes\u201d negativas hacia las personas ind\u00edgenas y el personal dom\u00e9stico.<\/p>\n<blockquote>\n<p>\u201cEs la perversa relaci\u00f3n entre el M\u00e9xico de la clase y de la raza\u201d, denunci\u00f3 el director, quien reproch\u00f3 que \u201cal mexicano mestizo, blanco y criollo le encanta decir que no es racista\u201d, aunque eso \u201cno es cierto\u201d.<\/p>\n<\/blockquote>\n<p>El director ganador del \u00d3scar en 2013 tambi\u00e9n se ha pronunciado a favor de la regulaci\u00f3n de la situaci\u00f3n laboral del las empleadas dom\u00e9sticas. En el marco de las actividades del Festival Internacional de Cine de Morelia, Cuar\u00f3n dijo que esperaba que despu\u00e9s de la pel\u00edcula se le diera el valor que merecen estas trabajadoras.<\/p>\n<div id=\"attachment_3499125\" class=\"wp-caption alignnone\"><img loading=\"lazy\" decoding=\"async\" class=\"size-full wp-image-3499125\" src=\"https:\/\/www.sinembargo.mx\/wp-content\/uploads\/2018\/11\/cuaron-fic-morelia.jpg\" sizes=\"auto, (max-width: 700px) 100vw, 700px\" srcset=\"https:\/\/www.sinembargo.mx\/wp-content\/uploads\/2018\/11\/cuaron-fic-morelia.jpg 700w, https:\/\/www.sinembargo.mx\/wp-content\/uploads\/2018\/11\/cuaron-fic-morelia-300x200.jpg 300w\" alt=\"\" width=\"700\" height=\"467\" \/><\/p>\n<p class=\"wp-caption-text\">Alfonso Cuar\u00f3n, Nancy Garcia, Yalitza Aparicio, Marina de Tavira y Fernando Grediaga durante la conferencia de prensa en el Festival Internacional de Cine de Morelia. Foto: ROMA Pel\u00edcula, Facebook<\/p>\n<\/div>\n<p><strong>LIBO Y CLEO <\/strong><\/p>\n<p>Libo Rodr\u00edguez es la mujer que cuid\u00f3 de Cuar\u00f3n y sus tres hermanos durante su infancia y la que inspir\u00f3 <em>Roma<\/em>. De hecho, la cinta est\u00e1 dedicada a ella.<\/p>\n<p>\u201cEs una pel\u00edcula donde el personaje principal es, por un lado, una trabajadora dom\u00e9stica, que es la representaci\u00f3n de uno de los personajes de mi vida que m\u00e1s amo, pero a la vez es una pel\u00edcula acerca del pa\u00eds\u201d, relat\u00f3 para <em>EFE<\/em>.<\/p>\n<div id=\"attachment_3499129\" class=\"wp-caption alignnone\"><img loading=\"lazy\" decoding=\"async\" class=\"size-full wp-image-3499129\" src=\"https:\/\/www.sinembargo.mx\/wp-content\/uploads\/2018\/11\/43187042_1319349098207859_2819116881263198208_n-1.jpg\" sizes=\"auto, (max-width: 700px) 100vw, 700px\" srcset=\"https:\/\/www.sinembargo.mx\/wp-content\/uploads\/2018\/11\/43187042_1319349098207859_2819116881263198208_n-1.jpg 700w, https:\/\/www.sinembargo.mx\/wp-content\/uploads\/2018\/11\/43187042_1319349098207859_2819116881263198208_n-1-240x300.jpg 240w\" alt=\"\" width=\"700\" height=\"875\" \/><\/p>\n<p class=\"wp-caption-text\">La actriz Yalitza Aparicio, el cineasta Alfonso Cuar\u00f3n y Libo, la mujer que inspir\u00f3 el personaje de Cleo. Foto: ROMA Pel\u00edcula, Facebook<\/p>\n<\/div>\n<p><strong>LA REVELACI\u00d3N DE YALITZA <\/strong><\/p>\n<p>La vida de la joven de 25 a\u00f1os cambi\u00f3 radicalmente a ra\u00edz de<em> Roma<\/em>. La maestra de preescolar narr\u00f3 entrevista para la agencia<em> EFE<\/em>que ten\u00eda miedo que el casting que se hizo en su comunidad, en Oaxaca, no fuera real.<\/p>\n<blockquote>\n<p>\u201cTen\u00eda miedo de que aquello no fuera en realidad un casting y fuera una trampa. En mi comunidad nunca se hacen cosas as\u00ed. Era algo nuevo y extra\u00f1o. Luego me invitaron a Oaxaca y Ciudad de M\u00e9xico y no me lo cre\u00eda. No te daban el nombre del director ni detalles sobre la pel\u00edcula\u201d, explic\u00f3.<\/p>\n<\/blockquote>\n<p>Su intenci\u00f3n no la de audicionar, pero fue convencida por su hermana.<\/p>\n<div id=\"attachment_3499130\" class=\"wp-caption alignnone\"><img loading=\"lazy\" decoding=\"async\" class=\"size-full wp-image-3499130\" src=\"https:\/\/www.sinembargo.mx\/wp-content\/uploads\/2018\/11\/dslxboxuuaa9tfk.jpg\" sizes=\"auto, (max-width: 700px) 100vw, 700px\" srcset=\"https:\/\/www.sinembargo.mx\/wp-content\/uploads\/2018\/11\/dslxboxuuaa9tfk.jpg 700w, https:\/\/www.sinembargo.mx\/wp-content\/uploads\/2018\/11\/dslxboxuuaa9tfk-300x201.jpg 300w\" alt=\"\" width=\"700\" height=\"470\" \/><\/p>\n<p class=\"wp-caption-text\"><em>Roma<\/em> fue el brinc\u00f3 a la actuaci\u00f3n de Yalitza. Foto: Carlos Somonte v\u00eda @alfonsocuaron<\/p>\n<\/div>\n<p>Sin haber actuado antes o hablar el mixteco, Yalitza tuvo que preparase para el papel que le ha valido el reconocimiento mundial.<\/p>\n<blockquote>\n<p>\u201cSu actuaci\u00f3n es el tipo de joya que un cineasta puede buscar por siempre y nunca encontrar\u201d, describi\u00f3 para la revista <em>TIME<\/em>, la cr\u00edtica de cine Stephanie Zacharek.<\/p>\n<\/blockquote>\n<p>\u201cMe parece como un sue\u00f1o. Nunca imagin\u00e9 nada de esto. Es algo incre\u00edble y me llena de felicidad saber que la pel\u00edcula est\u00e1 gustando y me consideren como actriz\u201d, dijo Yalitza tambi\u00e9n para <em>EFE<\/em>.<\/p>\n<p>La semana pasada Yalitza, junto a Marina de Tavira, fueron la portada de <em>Vanity Fair<\/em> donde posaron para una sesi\u00f3n fotogr\u00e1fica.<\/p>\n<p>Ahora la joven tambi\u00e9n piensa, al igual que la educaci\u00f3n, en el cine como una profesi\u00f3n.<\/p>\n<p><strong>FOTOGRAF\u00cdA<\/strong><\/p>\n<p>La sorprendente fotograf\u00eda de <em>Roma<\/em> que transporta a grandes planos de la Ciudad de M\u00e9xico en los a\u00f1os 70 estuvo a cargo de Alfonso Cuar\u00f3n y Galo Olivares. Cada detalle de la cinta fue cuidado para transportar al publico a la \u00e9poca.<\/p>\n<p>Alfonso Cuar\u00f3n ha compartido a trav\u00e9s de su Instagram algunas de las tomas de <em>Roma<\/em>, planos perfectos a cargo del fot\u00f3grafo Carlos Somonte. Adem\u00e1s de im\u00e1genes capturadas detr\u00e1s de c\u00e1maras que permiten ver al cineasta en acci\u00f3n dando indicaciones a los actores y filmando algunas de las escenas.<\/p>\n<div id=\"attachment_3499131\" class=\"wp-caption alignnone\"><img loading=\"lazy\" decoding=\"async\" class=\"size-full wp-image-3499131\" src=\"https:\/\/www.sinembargo.mx\/wp-content\/uploads\/2018\/11\/roma-cuaron-1.jpg\" sizes=\"auto, (max-width: 700px) 100vw, 700px\" srcset=\"https:\/\/www.sinembargo.mx\/wp-content\/uploads\/2018\/11\/roma-cuaron-1.jpg 700w, https:\/\/www.sinembargo.mx\/wp-content\/uploads\/2018\/11\/roma-cuaron-1-300x200.jpg 300w\" alt=\"\" width=\"700\" height=\"467\" \/><\/p>\n<p class=\"wp-caption-text\">El director ha compartido espectaculares fotograf\u00edas de la realizaci\u00f3n de Roma en sus redes sociales. Foto: Carlos Somonte v\u00eda @alfonsocuaron<\/p>\n<\/div>\n<p><strong>PREMIOS Y NOMINACIONES<\/strong><\/p>\n<p>Hasta ahora la cinta cuenta ya con varios premios y nominaciones a\u00fan sin ser estrenada internacionalmente. El primero en ser otorgado fue el Le\u00f3n de Oro a Mejor pel\u00edcula dentro de la Mostra de Venecia en septiembre pasado.<\/p>\n<p>La semana pasada tambi\u00e9n se dio a conocer la nominaci\u00f3n de la cinta como Mejor Pel\u00edcula Extranjera en los\u00a0Independent Spirit Awards.<\/p>\n<p>Su protagonista, Yalitza Aparicio, recibi\u00f3 el reconocimiento como New Hollywood Award en los Hollywood Film Awards. Tambi\u00e9n fue nominada por los Gotham Awards\u00a0en la categor\u00eda de Mejor Actriz Revelaci\u00f3n.<\/p>\n<p>Lynn Fainchtein tambi\u00e9n fue nominada a los Premios Hollywood Music in Media en la categor\u00eda Mejor supervisi\u00f3n musical por la cinta.<\/p>\n<p>Este lunes, <em>Roma<\/em> tambi\u00e9n fue reconocida con la Rana de Bronce en el Festival Internacional de Cine de Bydgoszcz, em Polonia.<\/p>\n<p>Adem\u00e1s, la Academia Mexicana de Artes y Ciencias Cinematogr\u00e1ficas (AMACC)\u00a0eligi\u00f3 a <em>Roma<\/em> para representar a M\u00e9xico el pr\u00f3ximo a\u00f1o en los premios \u00d3scar y Goya.<\/p>\n<div id=\"attachment_3499143\" class=\"wp-caption alignnone\"><img loading=\"lazy\" decoding=\"async\" class=\"size-full wp-image-3499143\" src=\"https:\/\/www.sinembargo.mx\/wp-content\/uploads\/2018\/11\/cuaron-2.jpg\" sizes=\"auto, (max-width: 700px) 100vw, 700px\" srcset=\"https:\/\/www.sinembargo.mx\/wp-content\/uploads\/2018\/11\/cuaron-2.jpg 700w, https:\/\/www.sinembargo.mx\/wp-content\/uploads\/2018\/11\/cuaron-2-300x158.jpg 300w\" alt=\"\" width=\"700\" height=\"369\" \/><\/p>\n<p class=\"wp-caption-text\">\u201cLa Muestra de Venecia es un festival m\u00edtico, tiene una gran historia y se arraiga en la conciencia de cada director\u201d: Cuar\u00f3n. Foto: Biennale di Venezia<\/p>\n<\/div>\n<p><strong>ESTRENO EN SALAS DE CINE<\/strong><\/p>\n<p>La cinta ser\u00e1 estrenada en\u00a0 salas de cine independientes de ocho ciudades de M\u00e9xico. El 21 de noviembre podr\u00e1 ser vista en Ciudad de M\u00e9xico en la Cineteca Nacional, Cineman\u00eda y Cine Tonal\u00e1; en Guadalajara podr\u00e1n verla en la Sala Guillermo del Toro y en el Cineforo Universidad de Guadalajara; y en Monterrey se exhibir\u00e1 en la Cineteca de Nuevo Le\u00f3n.<\/p>\n<p>El d\u00eda 27, la cinta ser\u00e1 proyectada en el Auditorio Blackberry por la empresa\u00a0Pieza Sostenible. Las ganancias obtenidas por el evento ser\u00e1n donadas para seguir con la reconstrucci\u00f3n de M\u00e9xico. La entrada general tiene un precio de 150 pesos y el preferente de 350.<\/p>\n<p>El jueves 29 de noviembre Aguascalientes disfrutar\u00e1 de la cinta en la Sala Alternativa Aguascalientes, la ciudad de Toluca la transmitir\u00e1 en la Cineteca Mexiquense, en Tijuana se proyectar\u00e1 en el Cine Tonal\u00e1, en Cuernavaca se ver\u00e1 en el Cine Morelos y para Oaxaca estar\u00eda disponible en Oaxaca Cine y el Teatro Ju\u00e1rez.<\/p>\n<p>Tambi\u00e9n, el jueves 19 ser\u00e1 estrenada en Le Cinema IFAL, Cinemat\u00f3grafo del Capo y The Movie Company, en la Ciudad de M\u00e9xico.<\/p>\n<div id=\"attachment_3499137\" class=\"wp-caption alignnone\"><img loading=\"lazy\" decoding=\"async\" class=\"size-full wp-image-3499137\" src=\"https:\/\/www.sinembargo.mx\/wp-content\/uploads\/2018\/11\/poster-roma.jpg\" sizes=\"auto, (max-width: 700px) 100vw, 700px\" srcset=\"https:\/\/www.sinembargo.mx\/wp-content\/uploads\/2018\/11\/poster-roma.jpg 700w, https:\/\/www.sinembargo.mx\/wp-content\/uploads\/2018\/11\/poster-roma-203x300.jpg 203w\" alt=\"\" width=\"700\" height=\"1037\" \/><\/p>\n<p class=\"wp-caption-text\">El 14 de diciembre podr\u00e1 ser vista a trav\u00e9s de Netflix. Foto: ROMA Pel\u00edcula, Facebook<\/p>\n<\/div>\n","protected":false},"excerpt":{"rendered":"<p>Seis claves para ver la laureada Roma, que este mi\u00e9rcoles se estrena en las salas de cine en M\u00e9xico<br \/>\nPor Redacci\u00f3n QP<\/p>\n","protected":false},"author":2,"featured_media":9781,"comment_status":"open","ping_status":"open","sticky":false,"template":"","format":"standard","meta":{"_monsterinsights_skip_tracking":false,"_monsterinsights_sitenote_active":false,"_monsterinsights_sitenote_note":"","_monsterinsights_sitenote_category":0,"footnotes":""},"categories":[58],"tags":[],"class_list":["post-9782","post","type-post","status-publish","format-standard","has-post-thumbnail","hentry","category-cultura"],"yoast_head":"<!-- This site is optimized with the Yoast SEO plugin v27.3 - https:\/\/yoast.com\/product\/yoast-seo-wordpress\/ -->\n<title>Seis claves para ver la laureada Roma, que este mi\u00e9rcoles se estrena en las salas de cine en M\u00e9xico -<\/title>\n<meta name=\"robots\" content=\"index, follow, max-snippet:-1, max-image-preview:large, max-video-preview:-1\" \/>\n<link rel=\"canonical\" href=\"https:\/\/quehacerpolitico.mx\/?p=9782\" \/>\n<meta property=\"og:locale\" content=\"es_MX\" \/>\n<meta property=\"og:type\" content=\"article\" \/>\n<meta property=\"og:title\" content=\"Seis claves para ver la laureada Roma, que este mi\u00e9rcoles se estrena en las salas de cine en M\u00e9xico -\" \/>\n<meta property=\"og:description\" content=\"Seis claves para ver la laureada Roma, que este mi\u00e9rcoles se estrena en las salas de cine en M\u00e9xico Por Redacci\u00f3n QP\" \/>\n<meta property=\"og:url\" content=\"https:\/\/quehacerpolitico.mx\/?p=9782\" \/>\n<meta property=\"article:published_time\" content=\"2018-11-20T16:02:34+00:00\" \/>\n<meta name=\"author\" content=\"Redacci\u00f3n QP\" \/>\n<meta name=\"twitter:card\" content=\"summary_large_image\" \/>\n<meta name=\"twitter:label1\" content=\"Escrito por\" \/>\n\t<meta name=\"twitter:data1\" content=\"Redacci\u00f3n QP\" \/>\n\t<meta name=\"twitter:label2\" content=\"Tiempo de lectura\" \/>\n\t<meta name=\"twitter:data2\" content=\"7 minutos\" \/>\n<script type=\"application\/ld+json\" class=\"yoast-schema-graph\">{\"@context\":\"https:\\\/\\\/schema.org\",\"@graph\":[{\"@type\":\"Article\",\"@id\":\"https:\\\/\\\/quehacerpolitico.mx\\\/?p=9782#article\",\"isPartOf\":{\"@id\":\"https:\\\/\\\/quehacerpolitico.mx\\\/?p=9782\"},\"author\":{\"name\":\"Redacci\u00f3n QP\",\"@id\":\"https:\\\/\\\/quehacerpolitico.mx\\\/#\\\/schema\\\/person\\\/496d8ad2d1d3f8036101dca7ee39e585\"},\"headline\":\"Seis claves para ver la laureada Roma, que este mi\u00e9rcoles se estrena en las salas de cine en M\u00e9xico\",\"datePublished\":\"2018-11-20T16:02:34+00:00\",\"mainEntityOfPage\":{\"@id\":\"https:\\\/\\\/quehacerpolitico.mx\\\/?p=9782\"},\"wordCount\":1513,\"commentCount\":0,\"image\":{\"@id\":\"https:\\\/\\\/quehacerpolitico.mx\\\/?p=9782#primaryimage\"},\"thumbnailUrl\":\"\",\"articleSection\":[\"Cultura y Entretenimiento\"],\"inLanguage\":\"es\",\"potentialAction\":[{\"@type\":\"CommentAction\",\"name\":\"Comment\",\"target\":[\"https:\\\/\\\/quehacerpolitico.mx\\\/?p=9782#respond\"]}]},{\"@type\":\"WebPage\",\"@id\":\"https:\\\/\\\/quehacerpolitico.mx\\\/?p=9782\",\"url\":\"https:\\\/\\\/quehacerpolitico.mx\\\/?p=9782\",\"name\":\"Seis claves para ver la laureada Roma, que este mi\u00e9rcoles se estrena en las salas de cine en M\u00e9xico -\",\"isPartOf\":{\"@id\":\"https:\\\/\\\/quehacerpolitico.mx\\\/#website\"},\"primaryImageOfPage\":{\"@id\":\"https:\\\/\\\/quehacerpolitico.mx\\\/?p=9782#primaryimage\"},\"image\":{\"@id\":\"https:\\\/\\\/quehacerpolitico.mx\\\/?p=9782#primaryimage\"},\"thumbnailUrl\":\"\",\"datePublished\":\"2018-11-20T16:02:34+00:00\",\"author\":{\"@id\":\"https:\\\/\\\/quehacerpolitico.mx\\\/#\\\/schema\\\/person\\\/496d8ad2d1d3f8036101dca7ee39e585\"},\"breadcrumb\":{\"@id\":\"https:\\\/\\\/quehacerpolitico.mx\\\/?p=9782#breadcrumb\"},\"inLanguage\":\"es\",\"potentialAction\":[{\"@type\":\"ReadAction\",\"target\":[\"https:\\\/\\\/quehacerpolitico.mx\\\/?p=9782\"]}]},{\"@type\":\"ImageObject\",\"inLanguage\":\"es\",\"@id\":\"https:\\\/\\\/quehacerpolitico.mx\\\/?p=9782#primaryimage\",\"url\":\"\",\"contentUrl\":\"\"},{\"@type\":\"BreadcrumbList\",\"@id\":\"https:\\\/\\\/quehacerpolitico.mx\\\/?p=9782#breadcrumb\",\"itemListElement\":[{\"@type\":\"ListItem\",\"position\":1,\"name\":\"Inicio\",\"item\":\"https:\\\/\\\/quehacerpolitico.mx\\\/\"},{\"@type\":\"ListItem\",\"position\":2,\"name\":\"Seis claves para ver la laureada Roma, que este mi\u00e9rcoles se estrena en las salas de cine en M\u00e9xico\"}]},{\"@type\":\"WebSite\",\"@id\":\"https:\\\/\\\/quehacerpolitico.mx\\\/#website\",\"url\":\"https:\\\/\\\/quehacerpolitico.mx\\\/\",\"name\":\"\",\"description\":\"\",\"potentialAction\":[{\"@type\":\"SearchAction\",\"target\":{\"@type\":\"EntryPoint\",\"urlTemplate\":\"https:\\\/\\\/quehacerpolitico.mx\\\/?s={search_term_string}\"},\"query-input\":{\"@type\":\"PropertyValueSpecification\",\"valueRequired\":true,\"valueName\":\"search_term_string\"}}],\"inLanguage\":\"es\"},{\"@type\":\"Person\",\"@id\":\"https:\\\/\\\/quehacerpolitico.mx\\\/#\\\/schema\\\/person\\\/496d8ad2d1d3f8036101dca7ee39e585\",\"name\":\"Redacci\u00f3n QP\",\"image\":{\"@type\":\"ImageObject\",\"inLanguage\":\"es\",\"@id\":\"https:\\\/\\\/secure.gravatar.com\\\/avatar\\\/c7164ed6fdec453195284ad24a5ae5b6e1eed2b848477fa2a4787ba9adf39a41?s=96&d=mm&r=g\",\"url\":\"https:\\\/\\\/secure.gravatar.com\\\/avatar\\\/c7164ed6fdec453195284ad24a5ae5b6e1eed2b848477fa2a4787ba9adf39a41?s=96&d=mm&r=g\",\"contentUrl\":\"https:\\\/\\\/secure.gravatar.com\\\/avatar\\\/c7164ed6fdec453195284ad24a5ae5b6e1eed2b848477fa2a4787ba9adf39a41?s=96&d=mm&r=g\",\"caption\":\"Redacci\u00f3n QP\"},\"url\":\"https:\\\/\\\/quehacerpolitico.mx\\\/?author=2\"}]}<\/script>\n<!-- \/ Yoast SEO plugin. -->","yoast_head_json":{"title":"Seis claves para ver la laureada Roma, que este mi\u00e9rcoles se estrena en las salas de cine en M\u00e9xico -","robots":{"index":"index","follow":"follow","max-snippet":"max-snippet:-1","max-image-preview":"max-image-preview:large","max-video-preview":"max-video-preview:-1"},"canonical":"https:\/\/quehacerpolitico.mx\/?p=9782","og_locale":"es_MX","og_type":"article","og_title":"Seis claves para ver la laureada Roma, que este mi\u00e9rcoles se estrena en las salas de cine en M\u00e9xico -","og_description":"Seis claves para ver la laureada Roma, que este mi\u00e9rcoles se estrena en las salas de cine en M\u00e9xico Por Redacci\u00f3n QP","og_url":"https:\/\/quehacerpolitico.mx\/?p=9782","article_published_time":"2018-11-20T16:02:34+00:00","author":"Redacci\u00f3n QP","twitter_card":"summary_large_image","twitter_misc":{"Escrito por":"Redacci\u00f3n QP","Tiempo de lectura":"7 minutos"},"schema":{"@context":"https:\/\/schema.org","@graph":[{"@type":"Article","@id":"https:\/\/quehacerpolitico.mx\/?p=9782#article","isPartOf":{"@id":"https:\/\/quehacerpolitico.mx\/?p=9782"},"author":{"name":"Redacci\u00f3n QP","@id":"https:\/\/quehacerpolitico.mx\/#\/schema\/person\/496d8ad2d1d3f8036101dca7ee39e585"},"headline":"Seis claves para ver la laureada Roma, que este mi\u00e9rcoles se estrena en las salas de cine en M\u00e9xico","datePublished":"2018-11-20T16:02:34+00:00","mainEntityOfPage":{"@id":"https:\/\/quehacerpolitico.mx\/?p=9782"},"wordCount":1513,"commentCount":0,"image":{"@id":"https:\/\/quehacerpolitico.mx\/?p=9782#primaryimage"},"thumbnailUrl":"","articleSection":["Cultura y Entretenimiento"],"inLanguage":"es","potentialAction":[{"@type":"CommentAction","name":"Comment","target":["https:\/\/quehacerpolitico.mx\/?p=9782#respond"]}]},{"@type":"WebPage","@id":"https:\/\/quehacerpolitico.mx\/?p=9782","url":"https:\/\/quehacerpolitico.mx\/?p=9782","name":"Seis claves para ver la laureada Roma, que este mi\u00e9rcoles se estrena en las salas de cine en M\u00e9xico -","isPartOf":{"@id":"https:\/\/quehacerpolitico.mx\/#website"},"primaryImageOfPage":{"@id":"https:\/\/quehacerpolitico.mx\/?p=9782#primaryimage"},"image":{"@id":"https:\/\/quehacerpolitico.mx\/?p=9782#primaryimage"},"thumbnailUrl":"","datePublished":"2018-11-20T16:02:34+00:00","author":{"@id":"https:\/\/quehacerpolitico.mx\/#\/schema\/person\/496d8ad2d1d3f8036101dca7ee39e585"},"breadcrumb":{"@id":"https:\/\/quehacerpolitico.mx\/?p=9782#breadcrumb"},"inLanguage":"es","potentialAction":[{"@type":"ReadAction","target":["https:\/\/quehacerpolitico.mx\/?p=9782"]}]},{"@type":"ImageObject","inLanguage":"es","@id":"https:\/\/quehacerpolitico.mx\/?p=9782#primaryimage","url":"","contentUrl":""},{"@type":"BreadcrumbList","@id":"https:\/\/quehacerpolitico.mx\/?p=9782#breadcrumb","itemListElement":[{"@type":"ListItem","position":1,"name":"Inicio","item":"https:\/\/quehacerpolitico.mx\/"},{"@type":"ListItem","position":2,"name":"Seis claves para ver la laureada Roma, que este mi\u00e9rcoles se estrena en las salas de cine en M\u00e9xico"}]},{"@type":"WebSite","@id":"https:\/\/quehacerpolitico.mx\/#website","url":"https:\/\/quehacerpolitico.mx\/","name":"","description":"","potentialAction":[{"@type":"SearchAction","target":{"@type":"EntryPoint","urlTemplate":"https:\/\/quehacerpolitico.mx\/?s={search_term_string}"},"query-input":{"@type":"PropertyValueSpecification","valueRequired":true,"valueName":"search_term_string"}}],"inLanguage":"es"},{"@type":"Person","@id":"https:\/\/quehacerpolitico.mx\/#\/schema\/person\/496d8ad2d1d3f8036101dca7ee39e585","name":"Redacci\u00f3n QP","image":{"@type":"ImageObject","inLanguage":"es","@id":"https:\/\/secure.gravatar.com\/avatar\/c7164ed6fdec453195284ad24a5ae5b6e1eed2b848477fa2a4787ba9adf39a41?s=96&d=mm&r=g","url":"https:\/\/secure.gravatar.com\/avatar\/c7164ed6fdec453195284ad24a5ae5b6e1eed2b848477fa2a4787ba9adf39a41?s=96&d=mm&r=g","contentUrl":"https:\/\/secure.gravatar.com\/avatar\/c7164ed6fdec453195284ad24a5ae5b6e1eed2b848477fa2a4787ba9adf39a41?s=96&d=mm&r=g","caption":"Redacci\u00f3n QP"},"url":"https:\/\/quehacerpolitico.mx\/?author=2"}]}},"featured_image_urls":{"full":"","thumbnail":"","medium":"","medium_large":"","large":"","1536x1536":"","2048x2048":"","covernews-featured":"","covernews-medium":""},"author_info":{"display_name":"Redacci\u00f3n QP","author_link":"https:\/\/quehacerpolitico.mx\/?author=2"},"category_info":"<a href=\"https:\/\/quehacerpolitico.mx\/?cat=58\" rel=\"category\">Cultura y Entretenimiento<\/a>","tag_info":"Cultura y Entretenimiento","comment_count":"0","_links":{"self":[{"href":"https:\/\/quehacerpolitico.mx\/index.php?rest_route=\/wp\/v2\/posts\/9782","targetHints":{"allow":["GET"]}}],"collection":[{"href":"https:\/\/quehacerpolitico.mx\/index.php?rest_route=\/wp\/v2\/posts"}],"about":[{"href":"https:\/\/quehacerpolitico.mx\/index.php?rest_route=\/wp\/v2\/types\/post"}],"author":[{"embeddable":true,"href":"https:\/\/quehacerpolitico.mx\/index.php?rest_route=\/wp\/v2\/users\/2"}],"replies":[{"embeddable":true,"href":"https:\/\/quehacerpolitico.mx\/index.php?rest_route=%2Fwp%2Fv2%2Fcomments&post=9782"}],"version-history":[{"count":0,"href":"https:\/\/quehacerpolitico.mx\/index.php?rest_route=\/wp\/v2\/posts\/9782\/revisions"}],"wp:featuredmedia":[{"embeddable":true,"href":"https:\/\/quehacerpolitico.mx\/index.php?rest_route=\/"}],"wp:attachment":[{"href":"https:\/\/quehacerpolitico.mx\/index.php?rest_route=%2Fwp%2Fv2%2Fmedia&parent=9782"}],"wp:term":[{"taxonomy":"category","embeddable":true,"href":"https:\/\/quehacerpolitico.mx\/index.php?rest_route=%2Fwp%2Fv2%2Fcategories&post=9782"},{"taxonomy":"post_tag","embeddable":true,"href":"https:\/\/quehacerpolitico.mx\/index.php?rest_route=%2Fwp%2Fv2%2Ftags&post=9782"}],"curies":[{"name":"wp","href":"https:\/\/api.w.org\/{rel}","templated":true}]}}