{"id":97767,"date":"2022-12-19T15:39:08","date_gmt":"2022-12-19T15:39:08","guid":{"rendered":"https:\/\/quehacerpolitico.mx\/?p=97767"},"modified":"2022-12-19T15:39:11","modified_gmt":"2022-12-19T15:39:11","slug":"la-opinion-lic-monserrat-cortes-arrona-conoces-las-caracteristicas-entre-fiador-y-aval","status":"publish","type":"post","link":"https:\/\/quehacerpolitico.mx\/?p=97767","title":{"rendered":"La opini\u00f3n\/\/\/Lic Monserrat Cort\u00e9s Arrona\/\/\/Conoces las caracter\u00edsticas entre Fiador y Aval?"},"content":{"rendered":"\n<p>Por Lic Monserrat Cort\u00e9s Arrona<\/p>\n\n\n\n<p>Analista<\/p>\n\n\n\n<p>Al momento de solicitar un cr\u00e9dito o financiamiento es indispensable reconocer el tipo de figuras jur\u00eddicas que intervienen en el mismo para comprometernos de manera certera. Ante ello,<strong>&nbsp;\u00bfConoces las diferencias entre el fiador y el aval?.<\/strong><\/p>\n\n\n\n<p>Confundirse ante estos dos t\u00e9rminos resulta com\u00fan, por ello aqu\u00ed te explicamos sus\u00a0<strong>caracter\u00edsticas y componentes<\/strong>\u00a0de manera sencilla.<\/p>\n\n\n\n<h2 class=\"wp-block-heading\"><strong>\u00bfQu\u00e9 es un aval y un fiador?<\/strong><\/h2>\n\n\n\n<p>El<strong>&nbsp;fiador<\/strong>&nbsp;es una persona que responde por otra en el supuesto de que esta no cumpla la obligaci\u00f3n de pago que contrajo. Esta figura presta una fianza en caso de ser persona moral o f\u00edsica, la cual se transfiere a su obligaci\u00f3n, convirti\u00e9ndose en el segundo deudor despu\u00e9s del principal. El fiador siempre deber\u00e1 dejar un bien inmueble en garant\u00eda.<\/p>\n\n\n\n<p>El\u00a0<strong>aval<\/strong>, por su parte, es aquella persona que garantiza el pago de una obligaci\u00f3n en caso de que el deudor no pueda cumplir con la misma. Esta es la tercera persona involucrada, ya que es un<strong>\u00a0<em>\u201cobligado solidario\u201d<\/em>\u00a0<\/strong>y puede ser demandado de forma directa por el acreedor.<\/p>\n\n\n\n<figure class=\"wp-block-image\"><img decoding=\"async\" src=\"https:\/\/www.lamudi.com.mx\/journal\/wp-content\/uploads\/2018\/05\/documento-1.jpg\" alt=\"\u00bfQu\u00e9 es un aval y un fiador?\" class=\"wp-image-21290\"\/><\/figure>\n\n\n\n<h2 class=\"wp-block-heading\"><strong>\u00bfCu\u00e1les son las diferencias entre un fiador y un aval?<\/strong><\/h2>\n\n\n\n<p>Una de las principales diferencias de estas dos figuras radica en que el<strong>&nbsp;aval<\/strong>&nbsp;es una persona que se considera en el&nbsp;<strong>derecho mercantil<\/strong>&nbsp;como lo son t\u00edtulos de cr\u00e9dito, pagares y letras de cambio, mientras que el&nbsp;<strong>fiador<\/strong>&nbsp;se ve en el<strong>&nbsp;derecho civil<\/strong>&nbsp;y se considera para otro tipo de deudas u obligaciones.<\/p>\n\n\n\n<p><em><strong>Ejemplo:<\/strong><\/em><\/p>\n\n\n\n<p>Si te piden a un obligado en un\u00a0contrato de arrendamiento, ser\u00e1s un fiador.<\/p>\n\n\n\n<p>Si te solicitan\u00a0<strong>garantizar una deuda<\/strong>\u00a0de un pagar\u00e9 ser\u00e1s el avalista.<\/p>\n\n\n\n<p><strong><em>Recuerda:<\/em><\/strong><\/p>\n\n\n\n<p><em>Un fiador no puede ser obligado a pagar si el acreedor no demanda previamente al deudor principal.<\/em><\/p>\n\n\n\n<p><em>Es indispensable considerar lo siguiente:<\/em><\/p>\n\n\n\n<ol class=\"wp-block-list\">\n<li>El aval puede garantizar obligaciones cambiaras a trav\u00e9s de letras de cambio en actos comerciales.<\/li>\n\n\n\n<li>Las fianzas se estipulan en contratos en virtud del cual una o m\u00e1s personas responden a las obligaciones ajenas<\/li>\n\n\n\n<li>El aval es un acto mucho m\u00e1s protocolario, mientras que la fianza se estipula a trav\u00e9s de un contrato consensual<\/li>\n<\/ol>\n\n\n\n<figure class=\"wp-block-image\"><img decoding=\"async\" src=\"https:\/\/www.lamudi.com.mx\/journal\/wp-content\/uploads\/2020\/10\/documentos-y-requisitos-de-cr%C3%A9dito-hipotecario.jpg\" alt=\"documentos y requisitos de cr\u00e9dito hipotecario\" class=\"wp-image-13870\"\/><\/figure>\n\n\n\n<h2 class=\"wp-block-heading\"><strong>\u00bfCu\u00e1l es la diferencia entre obligado solidario y fiador?<\/strong><\/h2>\n\n\n\n<p>Un&nbsp;<strong>obligado solidario<\/strong>&nbsp;se define como aquella persona f\u00edsica o moral que tiene la obligaci\u00f3n de cumplir con los endeudamientos en un cr\u00e9dito ante su acreditado en caso de que este no los garantice; sin embargo, este no dejar\u00e1 ning\u00fan inmueble en fianza.<\/p>\n\n\n\n<p>La figura del<strong>&nbsp;obligado solidario<\/strong>&nbsp;es muy vista cuando dos o m\u00e1s personas adquieren un mismo compromiso, as\u00ed el acreedor podr\u00e1 reclamar a cualquiera de ellos.<\/p>\n\n\n\n<p>A diferencia del<strong>\u00a0fiador,<\/strong>\u00a0el obligado solidario tiene a\u00fan m\u00e1s responsabilidad, ya que es el adquiriente de la deuda junto con su acuerdo de voluntades.<\/p>\n\n\n\n<p><em><strong>Ejemplo:<\/strong><\/em><\/p>\n\n\n\n<p>Si una persona compra un auto y estipula que su obligado solidario ser\u00e1 su familiar, ambas personas deber\u00e1n firmar un contrato de deuda o en su defecto alg\u00fan pagar\u00e9. A esto se le denomina&nbsp;<strong>consentimiento de voluntades.&nbsp;<\/strong><\/p>\n\n\n\n<p>En el caso de un inmueble, es mucho m\u00e1s conveniente como propietario solicitar en el contrato de arrendamiento a un obligado solidario, ya que adquiere mayores compromisos al firmar el contrato.<\/p>\n\n\n\n<p><em><strong>Importante:<\/strong><\/em><\/p>\n\n\n\n<p><em>El fiador deber\u00e1 en cada caso dejar un inmueble en garant\u00eda a manera de respaldo, mientras que el obligado solidario no.<\/em><\/p>\n\n\n\n<figure class=\"wp-block-image\"><img decoding=\"async\" src=\"https:\/\/www.lamudi.com.mx\/journal\/wp-content\/uploads\/2018\/05\/documentos-2.jpg\" alt=\"\u00bfCu\u00e1l es la diferencia entre obligado solidario y fiador?\" class=\"wp-image-21291\"\/><\/figure>\n\n\n\n<h2 class=\"wp-block-heading\"><strong>Responsabilidades del aval y fiador<\/strong><\/h2>\n\n\n\n<ol class=\"wp-block-list\">\n<li>La fianza puede ser legal, judicial, convencional, gratuita o a t\u00edtulo oneroso.<\/li>\n\n\n\n<li>La fianza puede constituirse no solo en favor del deudor principal, sino en el del fiador, ya sea que uno u otro, en su respectivo caso, consienta en la garant\u00eda, ya sea que la ignore, ya sea que la contradiga.<\/li>\n\n\n\n<li>Puede tambi\u00e9n prestarse fianza en garant\u00eda de deudas futuras, cuyo importe no sea a\u00fan conocido; pero no se podr\u00e1 reclamar contra el fiador hasta que la deuda sea l\u00edquida<\/li>\n\n\n\n<li>Puede tambi\u00e9n obligarse el fiador a pagar una cantidad en dinero, si el deudor principal no presta una cosa o un hecho determinado.<\/li>\n\n\n\n<li>El aval deber\u00e1 responder por los pagos sin limitaciones de acuerdo a los t\u00e9rminos de la ley<\/li>\n\n\n\n<li>El avalista podr\u00e1 solicitar una acci\u00f3n de reembolso en contra de la persona a quien ha respaldado<\/li>\n\n\n\n<li>El aval no podr\u00e1 estar sujeto a condiciones<\/li>\n<\/ol>\n\n\n\n<figure class=\"wp-block-image\"><img decoding=\"async\" src=\"https:\/\/www.lamudi.com.mx\/journal\/wp-content\/uploads\/2022\/06\/trato-1.jpg\" alt=\"Responsabilidades del aval y fiador\" class=\"wp-image-23467\"\/><\/figure>\n\n\n\n<p>Si alguien te solicita ser su\u00a0<strong>aval, fiador u obligado solidario,<\/strong>\u00a0te recomendamos analizar correctamente cada una de estas figuras y conocer m\u00e1s de las propuestas a trav\u00e9s de un profesional legal.<\/p>\n\n\n\n<p>En mi opini\u00f3n.Es cuanto.<\/p>\n\n\n\n<p>No se te olvide que?<\/p>\n\n\n\n<p>En\u00a0NotiExpress | La Revista del Sector Inmobiliario nos ocupamos en la difusi\u00f3n de la industria inmobiliaria generamos contenidos que te ayudar\u00e1n a mantenerte a la vanguardia en tecnolog\u00eda y en tendencias del sector inmobiliario para que puedas ofrecer el mejor servicio y generar m\u00e1s clientes.<\/p>\n\n\n\n<p>\u00c9chale una miradita a nuestra revista mensual donde encontrar\u00e1s la informaci\u00f3n precisa y oportuna con todo lo relacionado al sector inmobiliario aqu\u00ed\u00a0?<a href=\"https:\/\/issuu.com\/notiexpressmx\/docs\/notiexpress_07\">https:\/\/issuu.com\/notiexpressmx\/docs\/notiexpress_07\u00a0<\/a>\u00a0NotiExpress | La Revista del Sector Inmobiliario<\/p>\n\n\n\n<figure class=\"wp-block-image size-large\"><img loading=\"lazy\" decoding=\"async\" width=\"1024\" height=\"378\" src=\"https:\/\/quehacerpolitico.mx\/wp-content\/uploads\/2022\/12\/image-29-1024x378.jpeg\" alt=\"\" class=\"wp-image-97768\" srcset=\"https:\/\/quehacerpolitico.mx\/wp-content\/uploads\/2022\/12\/image-29-1024x378.jpeg 1024w, https:\/\/quehacerpolitico.mx\/wp-content\/uploads\/2022\/12\/image-29-300x111.jpeg 300w, https:\/\/quehacerpolitico.mx\/wp-content\/uploads\/2022\/12\/image-29-768x284.jpeg 768w, https:\/\/quehacerpolitico.mx\/wp-content\/uploads\/2022\/12\/image-29-260x96.jpeg 260w, https:\/\/quehacerpolitico.mx\/wp-content\/uploads\/2022\/12\/image-29-50x18.jpeg 50w, https:\/\/quehacerpolitico.mx\/wp-content\/uploads\/2022\/12\/image-29-150x55.jpeg 150w, https:\/\/quehacerpolitico.mx\/wp-content\/uploads\/2022\/12\/image-29.jpeg 1280w\" sizes=\"auto, (max-width: 1024px) 100vw, 1024px\" \/><\/figure>\n","protected":false},"excerpt":{"rendered":"<p>Por Lic Monserrat Cort\u00e9s Arrona Analista Al momento de solicitar un cr\u00e9dito o financiamiento es&#8230;<\/p>\n","protected":false},"author":2,"featured_media":97769,"comment_status":"open","ping_status":"open","sticky":false,"template":"","format":"standard","meta":{"_monsterinsights_skip_tracking":false,"_monsterinsights_sitenote_active":false,"_monsterinsights_sitenote_note":"","_monsterinsights_sitenote_category":0,"footnotes":""},"categories":[56],"tags":[],"class_list":["post-97767","post","type-post","status-publish","format-standard","has-post-thumbnail","hentry","category-economia"],"yoast_head":"<!-- This site is optimized with the Yoast SEO plugin v27.3 - https:\/\/yoast.com\/product\/yoast-seo-wordpress\/ -->\n<title>La opini\u00f3n\/\/\/Lic Monserrat Cort\u00e9s Arrona\/\/\/Conoces las caracter\u00edsticas entre Fiador y Aval? -<\/title>\n<meta name=\"robots\" content=\"index, follow, max-snippet:-1, max-image-preview:large, max-video-preview:-1\" \/>\n<link rel=\"canonical\" href=\"https:\/\/quehacerpolitico.mx\/?p=97767\" \/>\n<meta property=\"og:locale\" content=\"es_MX\" \/>\n<meta property=\"og:type\" content=\"article\" \/>\n<meta property=\"og:title\" content=\"La opini\u00f3n\/\/\/Lic Monserrat Cort\u00e9s Arrona\/\/\/Conoces las caracter\u00edsticas entre Fiador y Aval? -\" \/>\n<meta property=\"og:description\" content=\"Por Lic Monserrat Cort\u00e9s Arrona Analista Al momento de solicitar un cr\u00e9dito o financiamiento es...\" \/>\n<meta property=\"og:url\" content=\"https:\/\/quehacerpolitico.mx\/?p=97767\" \/>\n<meta property=\"article:published_time\" content=\"2022-12-19T15:39:08+00:00\" \/>\n<meta property=\"article:modified_time\" content=\"2022-12-19T15:39:11+00:00\" \/>\n<meta property=\"og:image\" content=\"https:\/\/quehacerpolitico.mx\/wp-content\/uploads\/2022\/12\/DC5447F9-35EA-4CDF-924E-DA3151BFC2C8.jpeg\" \/>\n\t<meta property=\"og:image:width\" content=\"962\" \/>\n\t<meta property=\"og:image:height\" content=\"493\" \/>\n\t<meta property=\"og:image:type\" content=\"image\/jpeg\" \/>\n<meta name=\"author\" content=\"Redacci\u00f3n QP\" \/>\n<meta name=\"twitter:card\" content=\"summary_large_image\" \/>\n<meta name=\"twitter:label1\" content=\"Escrito por\" \/>\n\t<meta name=\"twitter:data1\" content=\"Redacci\u00f3n QP\" \/>\n\t<meta name=\"twitter:label2\" content=\"Tiempo de lectura\" \/>\n\t<meta name=\"twitter:data2\" content=\"4 minutos\" \/>\n<script type=\"application\/ld+json\" class=\"yoast-schema-graph\">{\"@context\":\"https:\\\/\\\/schema.org\",\"@graph\":[{\"@type\":\"Article\",\"@id\":\"https:\\\/\\\/quehacerpolitico.mx\\\/?p=97767#article\",\"isPartOf\":{\"@id\":\"https:\\\/\\\/quehacerpolitico.mx\\\/?p=97767\"},\"author\":{\"name\":\"Redacci\u00f3n QP\",\"@id\":\"https:\\\/\\\/quehacerpolitico.mx\\\/#\\\/schema\\\/person\\\/496d8ad2d1d3f8036101dca7ee39e585\"},\"headline\":\"La opini\u00f3n\\\/\\\/\\\/Lic Monserrat Cort\u00e9s Arrona\\\/\\\/\\\/Conoces las caracter\u00edsticas entre Fiador y Aval?\",\"datePublished\":\"2022-12-19T15:39:08+00:00\",\"dateModified\":\"2022-12-19T15:39:11+00:00\",\"mainEntityOfPage\":{\"@id\":\"https:\\\/\\\/quehacerpolitico.mx\\\/?p=97767\"},\"wordCount\":899,\"commentCount\":0,\"image\":{\"@id\":\"https:\\\/\\\/quehacerpolitico.mx\\\/?p=97767#primaryimage\"},\"thumbnailUrl\":\"https:\\\/\\\/quehacerpolitico.mx\\\/wp-content\\\/uploads\\\/2022\\\/12\\\/DC5447F9-35EA-4CDF-924E-DA3151BFC2C8.jpeg\",\"articleSection\":[\"Econom\u00eda\"],\"inLanguage\":\"es\",\"potentialAction\":[{\"@type\":\"CommentAction\",\"name\":\"Comment\",\"target\":[\"https:\\\/\\\/quehacerpolitico.mx\\\/?p=97767#respond\"]}]},{\"@type\":\"WebPage\",\"@id\":\"https:\\\/\\\/quehacerpolitico.mx\\\/?p=97767\",\"url\":\"https:\\\/\\\/quehacerpolitico.mx\\\/?p=97767\",\"name\":\"La opini\u00f3n\\\/\\\/\\\/Lic Monserrat Cort\u00e9s Arrona\\\/\\\/\\\/Conoces las caracter\u00edsticas entre Fiador y Aval? -\",\"isPartOf\":{\"@id\":\"https:\\\/\\\/quehacerpolitico.mx\\\/#website\"},\"primaryImageOfPage\":{\"@id\":\"https:\\\/\\\/quehacerpolitico.mx\\\/?p=97767#primaryimage\"},\"image\":{\"@id\":\"https:\\\/\\\/quehacerpolitico.mx\\\/?p=97767#primaryimage\"},\"thumbnailUrl\":\"https:\\\/\\\/quehacerpolitico.mx\\\/wp-content\\\/uploads\\\/2022\\\/12\\\/DC5447F9-35EA-4CDF-924E-DA3151BFC2C8.jpeg\",\"datePublished\":\"2022-12-19T15:39:08+00:00\",\"dateModified\":\"2022-12-19T15:39:11+00:00\",\"author\":{\"@id\":\"https:\\\/\\\/quehacerpolitico.mx\\\/#\\\/schema\\\/person\\\/496d8ad2d1d3f8036101dca7ee39e585\"},\"breadcrumb\":{\"@id\":\"https:\\\/\\\/quehacerpolitico.mx\\\/?p=97767#breadcrumb\"},\"inLanguage\":\"es\",\"potentialAction\":[{\"@type\":\"ReadAction\",\"target\":[\"https:\\\/\\\/quehacerpolitico.mx\\\/?p=97767\"]}]},{\"@type\":\"ImageObject\",\"inLanguage\":\"es\",\"@id\":\"https:\\\/\\\/quehacerpolitico.mx\\\/?p=97767#primaryimage\",\"url\":\"https:\\\/\\\/quehacerpolitico.mx\\\/wp-content\\\/uploads\\\/2022\\\/12\\\/DC5447F9-35EA-4CDF-924E-DA3151BFC2C8.jpeg\",\"contentUrl\":\"https:\\\/\\\/quehacerpolitico.mx\\\/wp-content\\\/uploads\\\/2022\\\/12\\\/DC5447F9-35EA-4CDF-924E-DA3151BFC2C8.jpeg\",\"width\":962,\"height\":493},{\"@type\":\"BreadcrumbList\",\"@id\":\"https:\\\/\\\/quehacerpolitico.mx\\\/?p=97767#breadcrumb\",\"itemListElement\":[{\"@type\":\"ListItem\",\"position\":1,\"name\":\"Inicio\",\"item\":\"https:\\\/\\\/quehacerpolitico.mx\\\/\"},{\"@type\":\"ListItem\",\"position\":2,\"name\":\"La opini\u00f3n\\\/\\\/\\\/Lic Monserrat Cort\u00e9s Arrona\\\/\\\/\\\/Conoces las caracter\u00edsticas entre Fiador y Aval?\"}]},{\"@type\":\"WebSite\",\"@id\":\"https:\\\/\\\/quehacerpolitico.mx\\\/#website\",\"url\":\"https:\\\/\\\/quehacerpolitico.mx\\\/\",\"name\":\"\",\"description\":\"\",\"potentialAction\":[{\"@type\":\"SearchAction\",\"target\":{\"@type\":\"EntryPoint\",\"urlTemplate\":\"https:\\\/\\\/quehacerpolitico.mx\\\/?s={search_term_string}\"},\"query-input\":{\"@type\":\"PropertyValueSpecification\",\"valueRequired\":true,\"valueName\":\"search_term_string\"}}],\"inLanguage\":\"es\"},{\"@type\":\"Person\",\"@id\":\"https:\\\/\\\/quehacerpolitico.mx\\\/#\\\/schema\\\/person\\\/496d8ad2d1d3f8036101dca7ee39e585\",\"name\":\"Redacci\u00f3n QP\",\"image\":{\"@type\":\"ImageObject\",\"inLanguage\":\"es\",\"@id\":\"https:\\\/\\\/secure.gravatar.com\\\/avatar\\\/c7164ed6fdec453195284ad24a5ae5b6e1eed2b848477fa2a4787ba9adf39a41?s=96&d=mm&r=g\",\"url\":\"https:\\\/\\\/secure.gravatar.com\\\/avatar\\\/c7164ed6fdec453195284ad24a5ae5b6e1eed2b848477fa2a4787ba9adf39a41?s=96&d=mm&r=g\",\"contentUrl\":\"https:\\\/\\\/secure.gravatar.com\\\/avatar\\\/c7164ed6fdec453195284ad24a5ae5b6e1eed2b848477fa2a4787ba9adf39a41?s=96&d=mm&r=g\",\"caption\":\"Redacci\u00f3n QP\"},\"url\":\"https:\\\/\\\/quehacerpolitico.mx\\\/?author=2\"}]}<\/script>\n<!-- \/ Yoast SEO plugin. -->","yoast_head_json":{"title":"La opini\u00f3n\/\/\/Lic Monserrat Cort\u00e9s Arrona\/\/\/Conoces las caracter\u00edsticas entre Fiador y Aval? -","robots":{"index":"index","follow":"follow","max-snippet":"max-snippet:-1","max-image-preview":"max-image-preview:large","max-video-preview":"max-video-preview:-1"},"canonical":"https:\/\/quehacerpolitico.mx\/?p=97767","og_locale":"es_MX","og_type":"article","og_title":"La opini\u00f3n\/\/\/Lic Monserrat Cort\u00e9s Arrona\/\/\/Conoces las caracter\u00edsticas entre Fiador y Aval? -","og_description":"Por Lic Monserrat Cort\u00e9s Arrona Analista Al momento de solicitar un cr\u00e9dito o financiamiento es...","og_url":"https:\/\/quehacerpolitico.mx\/?p=97767","article_published_time":"2022-12-19T15:39:08+00:00","article_modified_time":"2022-12-19T15:39:11+00:00","og_image":[{"width":962,"height":493,"url":"https:\/\/quehacerpolitico.mx\/wp-content\/uploads\/2022\/12\/DC5447F9-35EA-4CDF-924E-DA3151BFC2C8.jpeg","type":"image\/jpeg"}],"author":"Redacci\u00f3n QP","twitter_card":"summary_large_image","twitter_misc":{"Escrito por":"Redacci\u00f3n QP","Tiempo de lectura":"4 minutos"},"schema":{"@context":"https:\/\/schema.org","@graph":[{"@type":"Article","@id":"https:\/\/quehacerpolitico.mx\/?p=97767#article","isPartOf":{"@id":"https:\/\/quehacerpolitico.mx\/?p=97767"},"author":{"name":"Redacci\u00f3n QP","@id":"https:\/\/quehacerpolitico.mx\/#\/schema\/person\/496d8ad2d1d3f8036101dca7ee39e585"},"headline":"La opini\u00f3n\/\/\/Lic Monserrat Cort\u00e9s Arrona\/\/\/Conoces las caracter\u00edsticas entre Fiador y Aval?","datePublished":"2022-12-19T15:39:08+00:00","dateModified":"2022-12-19T15:39:11+00:00","mainEntityOfPage":{"@id":"https:\/\/quehacerpolitico.mx\/?p=97767"},"wordCount":899,"commentCount":0,"image":{"@id":"https:\/\/quehacerpolitico.mx\/?p=97767#primaryimage"},"thumbnailUrl":"https:\/\/quehacerpolitico.mx\/wp-content\/uploads\/2022\/12\/DC5447F9-35EA-4CDF-924E-DA3151BFC2C8.jpeg","articleSection":["Econom\u00eda"],"inLanguage":"es","potentialAction":[{"@type":"CommentAction","name":"Comment","target":["https:\/\/quehacerpolitico.mx\/?p=97767#respond"]}]},{"@type":"WebPage","@id":"https:\/\/quehacerpolitico.mx\/?p=97767","url":"https:\/\/quehacerpolitico.mx\/?p=97767","name":"La opini\u00f3n\/\/\/Lic Monserrat Cort\u00e9s Arrona\/\/\/Conoces las caracter\u00edsticas entre Fiador y Aval? -","isPartOf":{"@id":"https:\/\/quehacerpolitico.mx\/#website"},"primaryImageOfPage":{"@id":"https:\/\/quehacerpolitico.mx\/?p=97767#primaryimage"},"image":{"@id":"https:\/\/quehacerpolitico.mx\/?p=97767#primaryimage"},"thumbnailUrl":"https:\/\/quehacerpolitico.mx\/wp-content\/uploads\/2022\/12\/DC5447F9-35EA-4CDF-924E-DA3151BFC2C8.jpeg","datePublished":"2022-12-19T15:39:08+00:00","dateModified":"2022-12-19T15:39:11+00:00","author":{"@id":"https:\/\/quehacerpolitico.mx\/#\/schema\/person\/496d8ad2d1d3f8036101dca7ee39e585"},"breadcrumb":{"@id":"https:\/\/quehacerpolitico.mx\/?p=97767#breadcrumb"},"inLanguage":"es","potentialAction":[{"@type":"ReadAction","target":["https:\/\/quehacerpolitico.mx\/?p=97767"]}]},{"@type":"ImageObject","inLanguage":"es","@id":"https:\/\/quehacerpolitico.mx\/?p=97767#primaryimage","url":"https:\/\/quehacerpolitico.mx\/wp-content\/uploads\/2022\/12\/DC5447F9-35EA-4CDF-924E-DA3151BFC2C8.jpeg","contentUrl":"https:\/\/quehacerpolitico.mx\/wp-content\/uploads\/2022\/12\/DC5447F9-35EA-4CDF-924E-DA3151BFC2C8.jpeg","width":962,"height":493},{"@type":"BreadcrumbList","@id":"https:\/\/quehacerpolitico.mx\/?p=97767#breadcrumb","itemListElement":[{"@type":"ListItem","position":1,"name":"Inicio","item":"https:\/\/quehacerpolitico.mx\/"},{"@type":"ListItem","position":2,"name":"La opini\u00f3n\/\/\/Lic Monserrat Cort\u00e9s Arrona\/\/\/Conoces las caracter\u00edsticas entre Fiador y Aval?"}]},{"@type":"WebSite","@id":"https:\/\/quehacerpolitico.mx\/#website","url":"https:\/\/quehacerpolitico.mx\/","name":"","description":"","potentialAction":[{"@type":"SearchAction","target":{"@type":"EntryPoint","urlTemplate":"https:\/\/quehacerpolitico.mx\/?s={search_term_string}"},"query-input":{"@type":"PropertyValueSpecification","valueRequired":true,"valueName":"search_term_string"}}],"inLanguage":"es"},{"@type":"Person","@id":"https:\/\/quehacerpolitico.mx\/#\/schema\/person\/496d8ad2d1d3f8036101dca7ee39e585","name":"Redacci\u00f3n QP","image":{"@type":"ImageObject","inLanguage":"es","@id":"https:\/\/secure.gravatar.com\/avatar\/c7164ed6fdec453195284ad24a5ae5b6e1eed2b848477fa2a4787ba9adf39a41?s=96&d=mm&r=g","url":"https:\/\/secure.gravatar.com\/avatar\/c7164ed6fdec453195284ad24a5ae5b6e1eed2b848477fa2a4787ba9adf39a41?s=96&d=mm&r=g","contentUrl":"https:\/\/secure.gravatar.com\/avatar\/c7164ed6fdec453195284ad24a5ae5b6e1eed2b848477fa2a4787ba9adf39a41?s=96&d=mm&r=g","caption":"Redacci\u00f3n QP"},"url":"https:\/\/quehacerpolitico.mx\/?author=2"}]}},"featured_image_urls":{"full":["https:\/\/quehacerpolitico.mx\/wp-content\/uploads\/2022\/12\/DC5447F9-35EA-4CDF-924E-DA3151BFC2C8.jpeg",962,493,false],"thumbnail":["https:\/\/quehacerpolitico.mx\/wp-content\/uploads\/2022\/12\/DC5447F9-35EA-4CDF-924E-DA3151BFC2C8-150x150.jpeg",150,150,true],"medium":["https:\/\/quehacerpolitico.mx\/wp-content\/uploads\/2022\/12\/DC5447F9-35EA-4CDF-924E-DA3151BFC2C8-300x154.jpeg",300,154,true],"medium_large":["https:\/\/quehacerpolitico.mx\/wp-content\/uploads\/2022\/12\/DC5447F9-35EA-4CDF-924E-DA3151BFC2C8-768x394.jpeg",640,328,true],"large":["https:\/\/quehacerpolitico.mx\/wp-content\/uploads\/2022\/12\/DC5447F9-35EA-4CDF-924E-DA3151BFC2C8.jpeg",640,328,false],"1536x1536":["https:\/\/quehacerpolitico.mx\/wp-content\/uploads\/2022\/12\/DC5447F9-35EA-4CDF-924E-DA3151BFC2C8.jpeg",962,493,false],"2048x2048":["https:\/\/quehacerpolitico.mx\/wp-content\/uploads\/2022\/12\/DC5447F9-35EA-4CDF-924E-DA3151BFC2C8.jpeg",962,493,false],"covernews-featured":["https:\/\/quehacerpolitico.mx\/wp-content\/uploads\/2022\/12\/DC5447F9-35EA-4CDF-924E-DA3151BFC2C8.jpeg",962,493,false],"covernews-medium":["https:\/\/quehacerpolitico.mx\/wp-content\/uploads\/2022\/12\/DC5447F9-35EA-4CDF-924E-DA3151BFC2C8.jpeg",540,277,false]},"author_info":{"display_name":"Redacci\u00f3n QP","author_link":"https:\/\/quehacerpolitico.mx\/?author=2"},"category_info":"<a href=\"https:\/\/quehacerpolitico.mx\/?cat=56\" rel=\"category\">Econom\u00eda<\/a>","tag_info":"Econom\u00eda","comment_count":"0","_links":{"self":[{"href":"https:\/\/quehacerpolitico.mx\/index.php?rest_route=\/wp\/v2\/posts\/97767","targetHints":{"allow":["GET"]}}],"collection":[{"href":"https:\/\/quehacerpolitico.mx\/index.php?rest_route=\/wp\/v2\/posts"}],"about":[{"href":"https:\/\/quehacerpolitico.mx\/index.php?rest_route=\/wp\/v2\/types\/post"}],"author":[{"embeddable":true,"href":"https:\/\/quehacerpolitico.mx\/index.php?rest_route=\/wp\/v2\/users\/2"}],"replies":[{"embeddable":true,"href":"https:\/\/quehacerpolitico.mx\/index.php?rest_route=%2Fwp%2Fv2%2Fcomments&post=97767"}],"version-history":[{"count":1,"href":"https:\/\/quehacerpolitico.mx\/index.php?rest_route=\/wp\/v2\/posts\/97767\/revisions"}],"predecessor-version":[{"id":97770,"href":"https:\/\/quehacerpolitico.mx\/index.php?rest_route=\/wp\/v2\/posts\/97767\/revisions\/97770"}],"wp:featuredmedia":[{"embeddable":true,"href":"https:\/\/quehacerpolitico.mx\/index.php?rest_route=\/wp\/v2\/media\/97769"}],"wp:attachment":[{"href":"https:\/\/quehacerpolitico.mx\/index.php?rest_route=%2Fwp%2Fv2%2Fmedia&parent=97767"}],"wp:term":[{"taxonomy":"category","embeddable":true,"href":"https:\/\/quehacerpolitico.mx\/index.php?rest_route=%2Fwp%2Fv2%2Fcategories&post=97767"},{"taxonomy":"post_tag","embeddable":true,"href":"https:\/\/quehacerpolitico.mx\/index.php?rest_route=%2Fwp%2Fv2%2Ftags&post=97767"}],"curies":[{"name":"wp","href":"https:\/\/api.w.org\/{rel}","templated":true}]}}