{"id":97764,"date":"2022-12-19T15:11:24","date_gmt":"2022-12-19T15:11:24","guid":{"rendered":"https:\/\/quehacerpolitico.mx\/?p=97764"},"modified":"2022-12-19T15:11:27","modified_gmt":"2022-12-19T15:11:27","slug":"vision-humanista-lic-margarita-perez-delgado-despues-de-la-a-y-la-b-plan-c-la-apuesta-de-la-oposicion-ante-la-scjn","status":"publish","type":"post","link":"https:\/\/quehacerpolitico.mx\/?p=97764","title":{"rendered":"Visi\u00f3n Humanista\/\/\/Lic Margarita Perez Delgado\/\/\/Despu\u00e9s de la A y la B &#8220;Plan C&#8221; la apuesta de la oposici\u00f3n ante la SCJN"},"content":{"rendered":"\n<p>Por Lic Margarita P\u00e9rez Delgado<\/p>\n\n\n\n<p>Analista<\/p>\n\n\n\n<p>Tras la aprobaci\u00f3n del \u201cPlan B\u201d, diputados y senadores alistan las medidas de impugnaci\u00f3n ante las m\u00e1ximas autoridades de justicia del pa\u00eds<\/p>\n\n\n\n<p>Una vez que concluya el proceso legislativo del \u201cPlan B\u201d de la reforma electoral y se publique en el Diario Oficial de la Federaci\u00f3n,\u00a0se presentar\u00e1 una materia de recursos de impugnaci\u00f3n ante diversas instancias judiciales, en lo que ser\u00e1 el \u201cPlan\u00a0C\u201d impulsado por la oposici\u00f3n, advirti\u00f3 el senador del Grupo Plural, Germ\u00e1n Mart\u00ednez\u00a0C\u00e1zares.<\/p>\n\n\n\n<p>En entrevista, el ex legislador de Morena y hoy d\u00eda perteneciente al Grupo Plural, se\u00f1al\u00f3 que ahora hay un empate, pues<strong>\u00a0el \u201cPlan A\u201d, que era la reforma constitucional impulsada por el Presidente Andr\u00e9s Manuel L\u00f3pez Obrador<\/strong>, fue derrotado por la oposici\u00f3n; mientras que\u00a0<strong>el \u201cPlan B\u201d fue impuesto por Morena y sus aliados en el Congreso de la Uni\u00f3n<\/strong>.<\/p>\n\n\n\n<p>Mart\u00ednez C\u00e1zares asegur\u00f3 que luego de que entre en vigor la reforma a leyes secundarias en materia electoral, \u201cla cancha estar\u00e1 en varios lugares\u201d.<\/p>\n\n\n\n<p>\u201cEn la Suprema Corte de Justicia s\u00ed, con acciones de inconstitucionalidad que pueden promover incluso los partidos, que podemos promover los senadores; yo ya estoy dispuesto a firmar, digamos\u201d.<\/p>\n\n\n\n<p>Resalt\u00f3 que\u00a0tambi\u00e9n est\u00e1 la opci\u00f3n de controversias constitucionales \u201cque puede enderezar el\u00a0INE\u00a0ante la Corte\u201d, adem\u00e1s de juicios laborales por despidos injustificados o inconstitucionales de los vocales\u00a0distritales, \u201cjuicios laborales que se ven ante el Tribunal Electoral del Poder Judicial de la Federaci\u00f3n, ese tribunal es competente para conocer conflictos laborales trat\u00e1ndose de funcionarios del INE\u201d.<\/p>\n\n\n\n<p>Germ\u00e1n Mart\u00ednez destac\u00f3 que tambi\u00e9n pueden ampararse \u201cquienes se sientan agraviados en sus derechos por esta ley, que \u2014insisto\u2014 vemos (Ricardo) Monreal y nosotros anticonstitucional, y ante eso debe haber un mecanismo de defensa efectiva que los abogados tienen que trabajar\u201d.<\/p>\n\n\n\n<p><strong>\u201cVamos a un \u2018Plan C\u2019. El \u2018Plan A\u2019 est\u00e1 derrotado, el \u2018Plan B\u2019 nos ganaron, y el \u2018Plan C\u2019 es la v\u00eda judicial en la Corte, en el Tribunal Electoral y en los juzgados de Distrito\u201d<\/strong>, enfatiz\u00f3.<\/p>\n\n\n\n<h4 class=\"wp-block-heading\"><strong>\u201cPlan B\u201d afectar\u00e1 organizaci\u00f3n de comicios 2024: AIEEF<\/strong><\/h4>\n\n\n\n<p>La Asociaci\u00f3n de Instituciones Electorales de las Entidades Federativas (AIEEF) inform\u00f3 que las reformas electorales aprobadas por&nbsp;<strong>el Congreso podr\u00edan da\u00f1ar el proceso de organizaci\u00f3n para las elecciones locales de 2024<\/strong>.<\/p>\n\n\n\n<p>\u201cEstos cambios afectan principalmente al servicio profesional electoral de \u00e1reas desconcentradas. Esto podr\u00eda impactar la debida instalaci\u00f3n de las casillas o el c\u00f3mputo de los votos, lo cual afectar\u00eda el proceso de organizaci\u00f3n para las elecciones locales de 2024, las cuales ser\u00e1n las m\u00e1s grandes y desafiantes en la historia del pa\u00eds\u201d, advirti\u00f3.<\/p>\n\n\n\n<p>Destac\u00f3 que&nbsp;realizar\u00e1 una revisi\u00f3n t\u00e9cnica de las reformas electorales que se hicieron en el Congreso, y destac\u00f3 que de encontrarse afectaciones a los principios constitucionales, presentar\u00e1 los recursos legales pertinentes para salvaguardar la integridad y legalidad del sistema electoral.<\/p>\n\n\n\n<p><em>&#8220;En la Suprema Corte de Justicia s\u00ed, con acciones de inconstitucionalidad que pueden promover incluso los partidos, que podemos promover los senadores; yo ya estoy dispuesto a firmar, digamos&#8221;<\/em><\/p>\n\n\n\n<p><strong>Germ\u00e1n Mart\u00ednez C\u00e1zares, senador del Grupo Plural.<\/strong><br>&nbsp;<\/p>\n\n\n\n<h4 class=\"wp-block-heading\"><strong>Tel\u00f3n de fondo<br>\u201cPlan B\u201d se retomar\u00e1 hasta febrero, explica Monreal<\/strong><\/h4>\n\n\n\n<p>El coordinador de Morena en el Senado, Ricardo Monreal, opin\u00f3 respecto a un eventual periodo extraordinario para analizar y desechar la llamada cl\u00e1usula de vida eterna, record\u00f3 que la Comisi\u00f3n Permanente,<strong>&nbsp;Morena y sus aliados no tienen la mayor\u00eda calificada que se requiere y, por tanto, se necesitar\u00e1 acudir hasta el 1 de febrero para continuar y consolidar el tr\u00e1mite.<\/strong><\/p>\n\n\n\n<p>Aclar\u00f3 que la legislaci\u00f3n electoral de estas cuatro leyes del llamado \u201cPlan B\u201d, \u201cno est\u00e1 aprobada, porque no ha concluido su proceso legislativo y no puede la C\u00e1mara de Diputados ni la C\u00e1mara de Senadores enviar el paquete legislativo para su publicaci\u00f3n\u201d.<\/p>\n\n\n\n<p>Agreg\u00f3 que, aunque pudiera sacarse s\u00f3lo ese art\u00edculo reservado o impugnado o votado para eliminarlo en la C\u00e1mara de Diputados, en el Senado \u201cno podr\u00edamos, en periodo de receso, ni la Permanente, allanarse y enviarse al Ejecutivo para su publicaci\u00f3n (..) Ser\u00e1 hasta febrero cuando volvamos a retomar este paquete de cuatro reformas a cuatro leyes\u201d.&nbsp;<\/p>\n\n\n\n<p>Sobre si se va a sumar a la acci\u00f3n de inconstitucionalidad que prepara el bloque de contenci\u00f3n contra la reforma electoral, dijo \u201cyo no soy parte del bloque. Los respeto y les deseo suerte\u201d.<\/p>\n\n\n\n<p>Esperemos que todo se d\u00e9 bajo un estado de derecho y por el bien de todos primero el INE.As\u00ed el Quehacer Pol\u00edtico a trav\u00e9s de mi Visi\u00f3n Humanista.Es cuanto.<\/p>\n","protected":false},"excerpt":{"rendered":"<p>Por Lic Margarita P\u00e9rez Delgado Analista Tras la aprobaci\u00f3n del \u201cPlan B\u201d, diputados y senadores&#8230;<\/p>\n","protected":false},"author":2,"featured_media":97765,"comment_status":"open","ping_status":"open","sticky":false,"template":"","format":"standard","meta":{"_monsterinsights_skip_tracking":false,"_monsterinsights_sitenote_active":false,"_monsterinsights_sitenote_note":"","_monsterinsights_sitenote_category":0,"footnotes":""},"categories":[2],"tags":[],"class_list":["post-97764","post","type-post","status-publish","format-standard","has-post-thumbnail","hentry","category-noticias"],"yoast_head":"<!-- This site is optimized with the Yoast SEO plugin v27.3 - https:\/\/yoast.com\/product\/yoast-seo-wordpress\/ -->\n<title>Visi\u00f3n Humanista\/\/\/Lic Margarita Perez Delgado\/\/\/Despu\u00e9s de la A y la B &quot;Plan C&quot; la apuesta de la oposici\u00f3n ante la SCJN -<\/title>\n<meta name=\"robots\" content=\"index, follow, max-snippet:-1, max-image-preview:large, max-video-preview:-1\" \/>\n<link rel=\"canonical\" href=\"https:\/\/quehacerpolitico.mx\/?p=97764\" \/>\n<meta property=\"og:locale\" content=\"es_MX\" \/>\n<meta property=\"og:type\" content=\"article\" \/>\n<meta property=\"og:title\" content=\"Visi\u00f3n Humanista\/\/\/Lic Margarita Perez Delgado\/\/\/Despu\u00e9s de la A y la B &quot;Plan C&quot; la apuesta de la oposici\u00f3n ante la SCJN -\" \/>\n<meta property=\"og:description\" content=\"Por Lic Margarita P\u00e9rez Delgado Analista Tras la aprobaci\u00f3n del \u201cPlan B\u201d, diputados y senadores...\" \/>\n<meta property=\"og:url\" content=\"https:\/\/quehacerpolitico.mx\/?p=97764\" \/>\n<meta property=\"article:published_time\" content=\"2022-12-19T15:11:24+00:00\" \/>\n<meta property=\"article:modified_time\" content=\"2022-12-19T15:11:27+00:00\" \/>\n<meta property=\"og:image\" content=\"https:\/\/quehacerpolitico.mx\/wp-content\/uploads\/2022\/12\/1616E8B4-CF91-4EB0-ADAA-4BC9667F15DF.jpeg\" \/>\n\t<meta property=\"og:image:width\" content=\"963\" \/>\n\t<meta property=\"og:image:height\" content=\"493\" \/>\n\t<meta property=\"og:image:type\" content=\"image\/jpeg\" \/>\n<meta name=\"author\" content=\"Redacci\u00f3n QP\" \/>\n<meta name=\"twitter:card\" content=\"summary_large_image\" \/>\n<meta name=\"twitter:label1\" content=\"Escrito por\" \/>\n\t<meta name=\"twitter:data1\" content=\"Redacci\u00f3n QP\" \/>\n\t<meta name=\"twitter:label2\" content=\"Tiempo de lectura\" \/>\n\t<meta name=\"twitter:data2\" content=\"4 minutos\" \/>\n<script type=\"application\/ld+json\" class=\"yoast-schema-graph\">{\"@context\":\"https:\\\/\\\/schema.org\",\"@graph\":[{\"@type\":\"Article\",\"@id\":\"https:\\\/\\\/quehacerpolitico.mx\\\/?p=97764#article\",\"isPartOf\":{\"@id\":\"https:\\\/\\\/quehacerpolitico.mx\\\/?p=97764\"},\"author\":{\"name\":\"Redacci\u00f3n QP\",\"@id\":\"https:\\\/\\\/quehacerpolitico.mx\\\/#\\\/schema\\\/person\\\/496d8ad2d1d3f8036101dca7ee39e585\"},\"headline\":\"Visi\u00f3n Humanista\\\/\\\/\\\/Lic Margarita Perez Delgado\\\/\\\/\\\/Despu\u00e9s de la A y la B &#8220;Plan C&#8221; la apuesta de la oposici\u00f3n ante la SCJN\",\"datePublished\":\"2022-12-19T15:11:24+00:00\",\"dateModified\":\"2022-12-19T15:11:27+00:00\",\"mainEntityOfPage\":{\"@id\":\"https:\\\/\\\/quehacerpolitico.mx\\\/?p=97764\"},\"wordCount\":826,\"commentCount\":0,\"image\":{\"@id\":\"https:\\\/\\\/quehacerpolitico.mx\\\/?p=97764#primaryimage\"},\"thumbnailUrl\":\"https:\\\/\\\/quehacerpolitico.mx\\\/wp-content\\\/uploads\\\/2022\\\/12\\\/1616E8B4-CF91-4EB0-ADAA-4BC9667F15DF.jpeg\",\"articleSection\":[\"Noticias\"],\"inLanguage\":\"es\",\"potentialAction\":[{\"@type\":\"CommentAction\",\"name\":\"Comment\",\"target\":[\"https:\\\/\\\/quehacerpolitico.mx\\\/?p=97764#respond\"]}]},{\"@type\":\"WebPage\",\"@id\":\"https:\\\/\\\/quehacerpolitico.mx\\\/?p=97764\",\"url\":\"https:\\\/\\\/quehacerpolitico.mx\\\/?p=97764\",\"name\":\"Visi\u00f3n Humanista\\\/\\\/\\\/Lic Margarita Perez Delgado\\\/\\\/\\\/Despu\u00e9s de la A y la B \\\"Plan C\\\" la apuesta de la oposici\u00f3n ante la SCJN -\",\"isPartOf\":{\"@id\":\"https:\\\/\\\/quehacerpolitico.mx\\\/#website\"},\"primaryImageOfPage\":{\"@id\":\"https:\\\/\\\/quehacerpolitico.mx\\\/?p=97764#primaryimage\"},\"image\":{\"@id\":\"https:\\\/\\\/quehacerpolitico.mx\\\/?p=97764#primaryimage\"},\"thumbnailUrl\":\"https:\\\/\\\/quehacerpolitico.mx\\\/wp-content\\\/uploads\\\/2022\\\/12\\\/1616E8B4-CF91-4EB0-ADAA-4BC9667F15DF.jpeg\",\"datePublished\":\"2022-12-19T15:11:24+00:00\",\"dateModified\":\"2022-12-19T15:11:27+00:00\",\"author\":{\"@id\":\"https:\\\/\\\/quehacerpolitico.mx\\\/#\\\/schema\\\/person\\\/496d8ad2d1d3f8036101dca7ee39e585\"},\"breadcrumb\":{\"@id\":\"https:\\\/\\\/quehacerpolitico.mx\\\/?p=97764#breadcrumb\"},\"inLanguage\":\"es\",\"potentialAction\":[{\"@type\":\"ReadAction\",\"target\":[\"https:\\\/\\\/quehacerpolitico.mx\\\/?p=97764\"]}]},{\"@type\":\"ImageObject\",\"inLanguage\":\"es\",\"@id\":\"https:\\\/\\\/quehacerpolitico.mx\\\/?p=97764#primaryimage\",\"url\":\"https:\\\/\\\/quehacerpolitico.mx\\\/wp-content\\\/uploads\\\/2022\\\/12\\\/1616E8B4-CF91-4EB0-ADAA-4BC9667F15DF.jpeg\",\"contentUrl\":\"https:\\\/\\\/quehacerpolitico.mx\\\/wp-content\\\/uploads\\\/2022\\\/12\\\/1616E8B4-CF91-4EB0-ADAA-4BC9667F15DF.jpeg\",\"width\":963,\"height\":493},{\"@type\":\"BreadcrumbList\",\"@id\":\"https:\\\/\\\/quehacerpolitico.mx\\\/?p=97764#breadcrumb\",\"itemListElement\":[{\"@type\":\"ListItem\",\"position\":1,\"name\":\"Inicio\",\"item\":\"https:\\\/\\\/quehacerpolitico.mx\\\/\"},{\"@type\":\"ListItem\",\"position\":2,\"name\":\"Visi\u00f3n Humanista\\\/\\\/\\\/Lic Margarita Perez Delgado\\\/\\\/\\\/Despu\u00e9s de la A y la B &#8220;Plan C&#8221; la apuesta de la oposici\u00f3n ante la SCJN\"}]},{\"@type\":\"WebSite\",\"@id\":\"https:\\\/\\\/quehacerpolitico.mx\\\/#website\",\"url\":\"https:\\\/\\\/quehacerpolitico.mx\\\/\",\"name\":\"\",\"description\":\"\",\"potentialAction\":[{\"@type\":\"SearchAction\",\"target\":{\"@type\":\"EntryPoint\",\"urlTemplate\":\"https:\\\/\\\/quehacerpolitico.mx\\\/?s={search_term_string}\"},\"query-input\":{\"@type\":\"PropertyValueSpecification\",\"valueRequired\":true,\"valueName\":\"search_term_string\"}}],\"inLanguage\":\"es\"},{\"@type\":\"Person\",\"@id\":\"https:\\\/\\\/quehacerpolitico.mx\\\/#\\\/schema\\\/person\\\/496d8ad2d1d3f8036101dca7ee39e585\",\"name\":\"Redacci\u00f3n QP\",\"image\":{\"@type\":\"ImageObject\",\"inLanguage\":\"es\",\"@id\":\"https:\\\/\\\/secure.gravatar.com\\\/avatar\\\/c7164ed6fdec453195284ad24a5ae5b6e1eed2b848477fa2a4787ba9adf39a41?s=96&d=mm&r=g\",\"url\":\"https:\\\/\\\/secure.gravatar.com\\\/avatar\\\/c7164ed6fdec453195284ad24a5ae5b6e1eed2b848477fa2a4787ba9adf39a41?s=96&d=mm&r=g\",\"contentUrl\":\"https:\\\/\\\/secure.gravatar.com\\\/avatar\\\/c7164ed6fdec453195284ad24a5ae5b6e1eed2b848477fa2a4787ba9adf39a41?s=96&d=mm&r=g\",\"caption\":\"Redacci\u00f3n QP\"},\"url\":\"https:\\\/\\\/quehacerpolitico.mx\\\/?author=2\"}]}<\/script>\n<!-- \/ Yoast SEO plugin. -->","yoast_head_json":{"title":"Visi\u00f3n Humanista\/\/\/Lic Margarita Perez Delgado\/\/\/Despu\u00e9s de la A y la B \"Plan C\" la apuesta de la oposici\u00f3n ante la SCJN -","robots":{"index":"index","follow":"follow","max-snippet":"max-snippet:-1","max-image-preview":"max-image-preview:large","max-video-preview":"max-video-preview:-1"},"canonical":"https:\/\/quehacerpolitico.mx\/?p=97764","og_locale":"es_MX","og_type":"article","og_title":"Visi\u00f3n Humanista\/\/\/Lic Margarita Perez Delgado\/\/\/Despu\u00e9s de la A y la B \"Plan C\" la apuesta de la oposici\u00f3n ante la SCJN -","og_description":"Por Lic Margarita P\u00e9rez Delgado Analista Tras la aprobaci\u00f3n del \u201cPlan B\u201d, diputados y senadores...","og_url":"https:\/\/quehacerpolitico.mx\/?p=97764","article_published_time":"2022-12-19T15:11:24+00:00","article_modified_time":"2022-12-19T15:11:27+00:00","og_image":[{"width":963,"height":493,"url":"https:\/\/quehacerpolitico.mx\/wp-content\/uploads\/2022\/12\/1616E8B4-CF91-4EB0-ADAA-4BC9667F15DF.jpeg","type":"image\/jpeg"}],"author":"Redacci\u00f3n QP","twitter_card":"summary_large_image","twitter_misc":{"Escrito por":"Redacci\u00f3n QP","Tiempo de lectura":"4 minutos"},"schema":{"@context":"https:\/\/schema.org","@graph":[{"@type":"Article","@id":"https:\/\/quehacerpolitico.mx\/?p=97764#article","isPartOf":{"@id":"https:\/\/quehacerpolitico.mx\/?p=97764"},"author":{"name":"Redacci\u00f3n QP","@id":"https:\/\/quehacerpolitico.mx\/#\/schema\/person\/496d8ad2d1d3f8036101dca7ee39e585"},"headline":"Visi\u00f3n Humanista\/\/\/Lic Margarita Perez Delgado\/\/\/Despu\u00e9s de la A y la B &#8220;Plan C&#8221; la apuesta de la oposici\u00f3n ante la SCJN","datePublished":"2022-12-19T15:11:24+00:00","dateModified":"2022-12-19T15:11:27+00:00","mainEntityOfPage":{"@id":"https:\/\/quehacerpolitico.mx\/?p=97764"},"wordCount":826,"commentCount":0,"image":{"@id":"https:\/\/quehacerpolitico.mx\/?p=97764#primaryimage"},"thumbnailUrl":"https:\/\/quehacerpolitico.mx\/wp-content\/uploads\/2022\/12\/1616E8B4-CF91-4EB0-ADAA-4BC9667F15DF.jpeg","articleSection":["Noticias"],"inLanguage":"es","potentialAction":[{"@type":"CommentAction","name":"Comment","target":["https:\/\/quehacerpolitico.mx\/?p=97764#respond"]}]},{"@type":"WebPage","@id":"https:\/\/quehacerpolitico.mx\/?p=97764","url":"https:\/\/quehacerpolitico.mx\/?p=97764","name":"Visi\u00f3n Humanista\/\/\/Lic Margarita Perez Delgado\/\/\/Despu\u00e9s de la A y la B \"Plan C\" la apuesta de la oposici\u00f3n ante la SCJN -","isPartOf":{"@id":"https:\/\/quehacerpolitico.mx\/#website"},"primaryImageOfPage":{"@id":"https:\/\/quehacerpolitico.mx\/?p=97764#primaryimage"},"image":{"@id":"https:\/\/quehacerpolitico.mx\/?p=97764#primaryimage"},"thumbnailUrl":"https:\/\/quehacerpolitico.mx\/wp-content\/uploads\/2022\/12\/1616E8B4-CF91-4EB0-ADAA-4BC9667F15DF.jpeg","datePublished":"2022-12-19T15:11:24+00:00","dateModified":"2022-12-19T15:11:27+00:00","author":{"@id":"https:\/\/quehacerpolitico.mx\/#\/schema\/person\/496d8ad2d1d3f8036101dca7ee39e585"},"breadcrumb":{"@id":"https:\/\/quehacerpolitico.mx\/?p=97764#breadcrumb"},"inLanguage":"es","potentialAction":[{"@type":"ReadAction","target":["https:\/\/quehacerpolitico.mx\/?p=97764"]}]},{"@type":"ImageObject","inLanguage":"es","@id":"https:\/\/quehacerpolitico.mx\/?p=97764#primaryimage","url":"https:\/\/quehacerpolitico.mx\/wp-content\/uploads\/2022\/12\/1616E8B4-CF91-4EB0-ADAA-4BC9667F15DF.jpeg","contentUrl":"https:\/\/quehacerpolitico.mx\/wp-content\/uploads\/2022\/12\/1616E8B4-CF91-4EB0-ADAA-4BC9667F15DF.jpeg","width":963,"height":493},{"@type":"BreadcrumbList","@id":"https:\/\/quehacerpolitico.mx\/?p=97764#breadcrumb","itemListElement":[{"@type":"ListItem","position":1,"name":"Inicio","item":"https:\/\/quehacerpolitico.mx\/"},{"@type":"ListItem","position":2,"name":"Visi\u00f3n Humanista\/\/\/Lic Margarita Perez Delgado\/\/\/Despu\u00e9s de la A y la B &#8220;Plan C&#8221; la apuesta de la oposici\u00f3n ante la SCJN"}]},{"@type":"WebSite","@id":"https:\/\/quehacerpolitico.mx\/#website","url":"https:\/\/quehacerpolitico.mx\/","name":"","description":"","potentialAction":[{"@type":"SearchAction","target":{"@type":"EntryPoint","urlTemplate":"https:\/\/quehacerpolitico.mx\/?s={search_term_string}"},"query-input":{"@type":"PropertyValueSpecification","valueRequired":true,"valueName":"search_term_string"}}],"inLanguage":"es"},{"@type":"Person","@id":"https:\/\/quehacerpolitico.mx\/#\/schema\/person\/496d8ad2d1d3f8036101dca7ee39e585","name":"Redacci\u00f3n QP","image":{"@type":"ImageObject","inLanguage":"es","@id":"https:\/\/secure.gravatar.com\/avatar\/c7164ed6fdec453195284ad24a5ae5b6e1eed2b848477fa2a4787ba9adf39a41?s=96&d=mm&r=g","url":"https:\/\/secure.gravatar.com\/avatar\/c7164ed6fdec453195284ad24a5ae5b6e1eed2b848477fa2a4787ba9adf39a41?s=96&d=mm&r=g","contentUrl":"https:\/\/secure.gravatar.com\/avatar\/c7164ed6fdec453195284ad24a5ae5b6e1eed2b848477fa2a4787ba9adf39a41?s=96&d=mm&r=g","caption":"Redacci\u00f3n QP"},"url":"https:\/\/quehacerpolitico.mx\/?author=2"}]}},"featured_image_urls":{"full":["https:\/\/quehacerpolitico.mx\/wp-content\/uploads\/2022\/12\/1616E8B4-CF91-4EB0-ADAA-4BC9667F15DF.jpeg",963,493,false],"thumbnail":["https:\/\/quehacerpolitico.mx\/wp-content\/uploads\/2022\/12\/1616E8B4-CF91-4EB0-ADAA-4BC9667F15DF-150x150.jpeg",150,150,true],"medium":["https:\/\/quehacerpolitico.mx\/wp-content\/uploads\/2022\/12\/1616E8B4-CF91-4EB0-ADAA-4BC9667F15DF-300x154.jpeg",300,154,true],"medium_large":["https:\/\/quehacerpolitico.mx\/wp-content\/uploads\/2022\/12\/1616E8B4-CF91-4EB0-ADAA-4BC9667F15DF-768x393.jpeg",640,328,true],"large":["https:\/\/quehacerpolitico.mx\/wp-content\/uploads\/2022\/12\/1616E8B4-CF91-4EB0-ADAA-4BC9667F15DF.jpeg",640,328,false],"1536x1536":["https:\/\/quehacerpolitico.mx\/wp-content\/uploads\/2022\/12\/1616E8B4-CF91-4EB0-ADAA-4BC9667F15DF.jpeg",963,493,false],"2048x2048":["https:\/\/quehacerpolitico.mx\/wp-content\/uploads\/2022\/12\/1616E8B4-CF91-4EB0-ADAA-4BC9667F15DF.jpeg",963,493,false],"covernews-featured":["https:\/\/quehacerpolitico.mx\/wp-content\/uploads\/2022\/12\/1616E8B4-CF91-4EB0-ADAA-4BC9667F15DF.jpeg",963,493,false],"covernews-medium":["https:\/\/quehacerpolitico.mx\/wp-content\/uploads\/2022\/12\/1616E8B4-CF91-4EB0-ADAA-4BC9667F15DF.jpeg",540,276,false]},"author_info":{"display_name":"Redacci\u00f3n QP","author_link":"https:\/\/quehacerpolitico.mx\/?author=2"},"category_info":"<a href=\"https:\/\/quehacerpolitico.mx\/?cat=2\" rel=\"category\">Noticias<\/a>","tag_info":"Noticias","comment_count":"0","_links":{"self":[{"href":"https:\/\/quehacerpolitico.mx\/index.php?rest_route=\/wp\/v2\/posts\/97764","targetHints":{"allow":["GET"]}}],"collection":[{"href":"https:\/\/quehacerpolitico.mx\/index.php?rest_route=\/wp\/v2\/posts"}],"about":[{"href":"https:\/\/quehacerpolitico.mx\/index.php?rest_route=\/wp\/v2\/types\/post"}],"author":[{"embeddable":true,"href":"https:\/\/quehacerpolitico.mx\/index.php?rest_route=\/wp\/v2\/users\/2"}],"replies":[{"embeddable":true,"href":"https:\/\/quehacerpolitico.mx\/index.php?rest_route=%2Fwp%2Fv2%2Fcomments&post=97764"}],"version-history":[{"count":1,"href":"https:\/\/quehacerpolitico.mx\/index.php?rest_route=\/wp\/v2\/posts\/97764\/revisions"}],"predecessor-version":[{"id":97766,"href":"https:\/\/quehacerpolitico.mx\/index.php?rest_route=\/wp\/v2\/posts\/97764\/revisions\/97766"}],"wp:featuredmedia":[{"embeddable":true,"href":"https:\/\/quehacerpolitico.mx\/index.php?rest_route=\/wp\/v2\/media\/97765"}],"wp:attachment":[{"href":"https:\/\/quehacerpolitico.mx\/index.php?rest_route=%2Fwp%2Fv2%2Fmedia&parent=97764"}],"wp:term":[{"taxonomy":"category","embeddable":true,"href":"https:\/\/quehacerpolitico.mx\/index.php?rest_route=%2Fwp%2Fv2%2Fcategories&post=97764"},{"taxonomy":"post_tag","embeddable":true,"href":"https:\/\/quehacerpolitico.mx\/index.php?rest_route=%2Fwp%2Fv2%2Ftags&post=97764"}],"curies":[{"name":"wp","href":"https:\/\/api.w.org\/{rel}","templated":true}]}}