{"id":97691,"date":"2022-12-13T02:35:42","date_gmt":"2022-12-13T02:35:42","guid":{"rendered":"https:\/\/quehacerpolitico.mx\/?p=97691"},"modified":"2022-12-13T02:35:45","modified_gmt":"2022-12-13T02:35:45","slug":"avalar-plan-b-es-traicion-al-pacto-democratico-consideran-opositores","status":"publish","type":"post","link":"https:\/\/quehacerpolitico.mx\/?p=97691","title":{"rendered":"Avalar plan B es &#8220;traici\u00f3n al pacto democr\u00e1tico&#8221;, consideran opositores"},"content":{"rendered":"\n<p>Por Redacci\u00f3n QP<\/p>\n\n\n\n<p>Senadores advirtieron que Morena y sus aliados pretenden utilizar la &#8220;aplanadora&#8221; para aprobar una reforma antidemocr\u00e1tica<\/p>\n\n\n\n<p>El bloque de contenci\u00f3n del Senado, integrado por PAN, PRI, MC, PRD y Grupo Plural, denunci\u00f3 que lo que est\u00e1 en juego con el plan B de la reforma electoral es el pacto democr\u00e1tico del pa\u00eds, por lo que anunci\u00f3 que har\u00e1 uso de todas las herramientas legales y pol\u00edticas a su alcance para combatir la intentona golpista de Morena y sus aliados.<\/p>\n\n\n\n<p>&#8220;Morena y sus aliados est\u00e1n preparando no s\u00f3lo un golpe a la democracia, sino una traici\u00f3n al pacto democr\u00e1tico&#8221;<\/p>\n\n\n\n<p>En conferencia de prensa, senadores de la oposici\u00f3n advirtieron que Morena y sus aliados pretenden utilizar la &#8220;aplanadora&#8221; para aprobar una reforma que a todas luces es antidemocr\u00e1tica y que abre la puerta para los conflictos electorales.<\/p>\n\n\n\n<p>El coordinador del Grupo Plural, Emilio \u00c1lvarez Icaza, afirm\u00f3 que &#8220;Morena y sus aliados est\u00e1n preparando no s\u00f3lo un golpe a la democracia, sino una traici\u00f3n al pacto democr\u00e1tico. Hay que decirlo en esos t\u00e9rminos&#8221;.<\/p>\n\n\n\n<figure class=\"wp-block-embed is-type-rich is-provider-twitter wp-block-embed-twitter\"><div class=\"wp-block-embed__wrapper\">\n<blockquote class=\"twitter-tweet\" data-width=\"550\" data-dnt=\"true\"><p lang=\"es\" dir=\"ltr\">El <a href=\"https:\/\/twitter.com\/hashtag\/PlanVdeVenganza?src=hash&amp;ref_src=twsrc%5Etfw\">#PlanVdeVenganza<\/a> es un atropello al Pacto Democr\u00e1tico que hemos construido durante 40 a\u00f1os. <br><br>Es un Golpe a la Democracia, y una apuesta por el conflicto para el 2024. <br><br>Que se hagan cargo <a href=\"https:\/\/twitter.com\/hashtag\/AMLO?src=hash&amp;ref_src=twsrc%5Etfw\">#AMLO<\/a> y <a href=\"https:\/\/twitter.com\/hashtag\/Morena?src=hash&amp;ref_src=twsrc%5Etfw\">#Morena<\/a> de las consecuencias que generar\u00e1n con su reforma inconstitucional <a href=\"https:\/\/t.co\/po2h9iLCIv\">pic.twitter.com\/po2h9iLCIv<\/a><\/p>&mdash; Emilio \u00c1lvarez Icaza Longoria (@EmilioAlvarezI) <a href=\"https:\/\/twitter.com\/EmilioAlvarezI\/status\/1602450398798823424?ref_src=twsrc%5Etfw\">December 12, 2022<\/a><\/blockquote><script async src=\"https:\/\/platform.twitter.com\/widgets.js\" charset=\"utf-8\"><\/script>\n<\/div><\/figure>\n\n\n\n<p>El senador sin partido subray\u00f3 que la reforma que se pretende aprobar no s\u00f3lo tiene vicios de inconstitucionalidad, sino que &#8220;genera la ruptura de todos los acuerdos que ten\u00edamos, es generar condiciones para la violaci\u00f3n sistem\u00e1tica de la ley, para que sus candidatos hagan campa\u00f1a sin castigo, es debilitar al \u00e1rbitro, es quitar las sanciones, es romper la profesionalizaci\u00f3n que nos ha dado estabilidad. Las elecciones dejaron de ser tema de conflicto y son m\u00e9todo de elecci\u00f3n de gobiernos; vamos a regresar a eso si se aprueba esta ley&#8221;, sentenci\u00f3.<\/p>\n\n\n\n<figure class=\"wp-block-embed is-type-rich is-provider-twitter wp-block-embed-twitter\"><div class=\"wp-block-embed__wrapper\">\n<blockquote class=\"twitter-tweet\" data-width=\"550\" data-dnt=\"true\"><p lang=\"es\" dir=\"ltr\">En M\u00e9xico han sido m\u00e1s de 30 de a\u00f1os de lucha para construir las instituciones democr\u00e1ticas y en menos de una semana, Morena las est\u00e1 destruyendo. Rechazamos esta propuesta y vamos a hacer todo lo que est\u00e9 en nuestras manos para revertir este golpe a la democracia. <a href=\"https:\/\/t.co\/wsy4R3VsCL\">pic.twitter.com\/wsy4R3VsCL<\/a><\/p>&mdash; Miguel \u00c1ngel Osorio Chong (@osoriochong) <a href=\"https:\/\/twitter.com\/osoriochong\/status\/1602429553561210881?ref_src=twsrc%5Etfw\">December 12, 2022<\/a><\/blockquote><script async src=\"https:\/\/platform.twitter.com\/widgets.js\" charset=\"utf-8\"><\/script>\n<\/div><\/figure>\n\n\n\n<p>El coordinador de Movimiento Ciudadano (MC), Clemente Casta\u00f1eda, lament\u00f3 que Morena se haya negado a construir con el resto de las fuerzas pol\u00edticas una reforma consensuada que atendiera los problemas que tiene el sistema electoral para mejorarlo.<\/p>\n\n\n\n<figure class=\"wp-block-embed is-type-rich is-provider-twitter wp-block-embed-twitter\"><div class=\"wp-block-embed__wrapper\">\n<blockquote class=\"twitter-tweet\" data-width=\"550\" data-dnt=\"true\"><p lang=\"es\" dir=\"ltr\">Reiteramos nuestro rechazo a la <a href=\"https:\/\/twitter.com\/hashtag\/ReformaElectoral?src=hash&amp;ref_src=twsrc%5Etfw\">#ReformaElectoral<\/a> porque es un retroceso democr\u00e1tico. <br><br>La <a href=\"https:\/\/twitter.com\/BancadaNaranjaS?ref_src=twsrc%5Etfw\">@BancadaNaranjaS<\/a> utilizar\u00e1 todas las herramientas legales y pol\u00edticas para frenar este atropello. <br><br>Que quede claro, lo que se apruebe en el Senado ser\u00e1 responsabilidad de Morena y aliados. <a href=\"https:\/\/t.co\/HWZ3RgEgY7\">pic.twitter.com\/HWZ3RgEgY7<\/a><\/p>&mdash; Clemente Casta\u00f1eda H (@ClementeCH) <a href=\"https:\/\/twitter.com\/ClementeCH\/status\/1602411507060420608?ref_src=twsrc%5Etfw\">December 12, 2022<\/a><\/blockquote><script async src=\"https:\/\/platform.twitter.com\/widgets.js\" charset=\"utf-8\"><\/script>\n<\/div><\/figure>\n\n\n\n<p>&#8220;Esta es una discusi\u00f3n de gran calado que requiere una discusi\u00f3n de frente a la sociedad mexicana y que, por lo tanto, debiera tener no los tiempos del se\u00f1or, sino los tiempos del Senado de la Rep\u00fablica, y eso implica darnos justamente ese espacio para poder dialogar con todos los involucrados y con todos los afectados, porque -insistimos- es una reforma que a todas luces es un retroceso en materia electoral en materia democr\u00e1tica&#8221;, declar\u00f3.<\/p>\n\n\n\n<p>El coordinador del Partido Revolucionario Institucional (PRI), Miguel \u00c1ngel Osorio Chong, exhibi\u00f3 la &#8220;intransigencia&#8221; de Morena, luego de que la oposici\u00f3n hiciera llegar al presidente de la Junta de Coordinaci\u00f3n Pol\u00edtica, Ricardo Monreal, su petici\u00f3n formal de que se posponga la discusi\u00f3n y votaci\u00f3n de la reforma hasta el pr\u00f3ximo periodo ordinario, que empieza en febrero.<\/p>\n\n\n\n<p>&#8220;Nos dijo que su mayor\u00eda hab\u00eda discutido por la ma\u00f1ana y hab\u00eda tomado esa decisi\u00f3n (\u2026) El caso es que est\u00e1n haciendo un atentado en el que habr\u00e1 consecuencias en este pa\u00eds en el tema democr\u00e1tico, de libertades, en el que hay un profundo rechazo de los que somos oposici\u00f3n aqu\u00ed en el Senado y seguramente en todos los espacios legislativos y sociales&#8221;, advirti\u00f3.<\/p>\n\n\n\n<p>Con Informaci\u00f3n de SUN <\/p>\n","protected":false},"excerpt":{"rendered":"<p>Por Redacci\u00f3n QP Senadores advirtieron que Morena y sus aliados pretenden utilizar la &#8220;aplanadora&#8221; para&#8230;<\/p>\n","protected":false},"author":2,"featured_media":97692,"comment_status":"open","ping_status":"open","sticky":false,"template":"","format":"standard","meta":{"_monsterinsights_skip_tracking":false,"_monsterinsights_sitenote_active":false,"_monsterinsights_sitenote_note":"","_monsterinsights_sitenote_category":0,"footnotes":""},"categories":[2],"tags":[],"class_list":["post-97691","post","type-post","status-publish","format-standard","has-post-thumbnail","hentry","category-noticias"],"yoast_head":"<!-- This site is optimized with the Yoast SEO plugin v27.3 - https:\/\/yoast.com\/product\/yoast-seo-wordpress\/ -->\n<title>Avalar plan B es &quot;traici\u00f3n al pacto democr\u00e1tico&quot;, consideran opositores -<\/title>\n<meta name=\"robots\" content=\"index, follow, max-snippet:-1, max-image-preview:large, max-video-preview:-1\" \/>\n<link rel=\"canonical\" href=\"https:\/\/quehacerpolitico.mx\/?p=97691\" \/>\n<meta property=\"og:locale\" content=\"es_MX\" \/>\n<meta property=\"og:type\" content=\"article\" \/>\n<meta property=\"og:title\" content=\"Avalar plan B es &quot;traici\u00f3n al pacto democr\u00e1tico&quot;, consideran opositores -\" \/>\n<meta property=\"og:description\" content=\"Por Redacci\u00f3n QP Senadores advirtieron que Morena y sus aliados pretenden utilizar la &#8220;aplanadora&#8221; para...\" \/>\n<meta property=\"og:url\" content=\"https:\/\/quehacerpolitico.mx\/?p=97691\" \/>\n<meta property=\"article:published_time\" content=\"2022-12-13T02:35:42+00:00\" \/>\n<meta property=\"article:modified_time\" content=\"2022-12-13T02:35:45+00:00\" \/>\n<meta property=\"og:image\" content=\"https:\/\/quehacerpolitico.mx\/wp-content\/uploads\/2022\/12\/AA0822C8-F5EC-4735-99AB-FC55709B068E.jpeg\" \/>\n\t<meta property=\"og:image:width\" content=\"1132\" \/>\n\t<meta property=\"og:image:height\" content=\"637\" \/>\n\t<meta property=\"og:image:type\" content=\"image\/jpeg\" \/>\n<meta name=\"author\" content=\"Redacci\u00f3n QP\" \/>\n<meta name=\"twitter:card\" content=\"summary_large_image\" \/>\n<meta name=\"twitter:label1\" content=\"Escrito por\" \/>\n\t<meta name=\"twitter:data1\" content=\"Redacci\u00f3n QP\" \/>\n\t<meta name=\"twitter:label2\" content=\"Tiempo de lectura\" \/>\n\t<meta name=\"twitter:data2\" content=\"3 minutos\" \/>\n<script type=\"application\/ld+json\" class=\"yoast-schema-graph\">{\"@context\":\"https:\\\/\\\/schema.org\",\"@graph\":[{\"@type\":\"Article\",\"@id\":\"https:\\\/\\\/quehacerpolitico.mx\\\/?p=97691#article\",\"isPartOf\":{\"@id\":\"https:\\\/\\\/quehacerpolitico.mx\\\/?p=97691\"},\"author\":{\"name\":\"Redacci\u00f3n QP\",\"@id\":\"https:\\\/\\\/quehacerpolitico.mx\\\/#\\\/schema\\\/person\\\/496d8ad2d1d3f8036101dca7ee39e585\"},\"headline\":\"Avalar plan B es &#8220;traici\u00f3n al pacto democr\u00e1tico&#8221;, consideran opositores\",\"datePublished\":\"2022-12-13T02:35:42+00:00\",\"dateModified\":\"2022-12-13T02:35:45+00:00\",\"mainEntityOfPage\":{\"@id\":\"https:\\\/\\\/quehacerpolitico.mx\\\/?p=97691\"},\"wordCount\":593,\"commentCount\":0,\"image\":{\"@id\":\"https:\\\/\\\/quehacerpolitico.mx\\\/?p=97691#primaryimage\"},\"thumbnailUrl\":\"https:\\\/\\\/quehacerpolitico.mx\\\/wp-content\\\/uploads\\\/2022\\\/12\\\/AA0822C8-F5EC-4735-99AB-FC55709B068E.jpeg\",\"articleSection\":[\"Noticias\"],\"inLanguage\":\"es\",\"potentialAction\":[{\"@type\":\"CommentAction\",\"name\":\"Comment\",\"target\":[\"https:\\\/\\\/quehacerpolitico.mx\\\/?p=97691#respond\"]}]},{\"@type\":\"WebPage\",\"@id\":\"https:\\\/\\\/quehacerpolitico.mx\\\/?p=97691\",\"url\":\"https:\\\/\\\/quehacerpolitico.mx\\\/?p=97691\",\"name\":\"Avalar plan B es \\\"traici\u00f3n al pacto democr\u00e1tico\\\", consideran opositores -\",\"isPartOf\":{\"@id\":\"https:\\\/\\\/quehacerpolitico.mx\\\/#website\"},\"primaryImageOfPage\":{\"@id\":\"https:\\\/\\\/quehacerpolitico.mx\\\/?p=97691#primaryimage\"},\"image\":{\"@id\":\"https:\\\/\\\/quehacerpolitico.mx\\\/?p=97691#primaryimage\"},\"thumbnailUrl\":\"https:\\\/\\\/quehacerpolitico.mx\\\/wp-content\\\/uploads\\\/2022\\\/12\\\/AA0822C8-F5EC-4735-99AB-FC55709B068E.jpeg\",\"datePublished\":\"2022-12-13T02:35:42+00:00\",\"dateModified\":\"2022-12-13T02:35:45+00:00\",\"author\":{\"@id\":\"https:\\\/\\\/quehacerpolitico.mx\\\/#\\\/schema\\\/person\\\/496d8ad2d1d3f8036101dca7ee39e585\"},\"breadcrumb\":{\"@id\":\"https:\\\/\\\/quehacerpolitico.mx\\\/?p=97691#breadcrumb\"},\"inLanguage\":\"es\",\"potentialAction\":[{\"@type\":\"ReadAction\",\"target\":[\"https:\\\/\\\/quehacerpolitico.mx\\\/?p=97691\"]}]},{\"@type\":\"ImageObject\",\"inLanguage\":\"es\",\"@id\":\"https:\\\/\\\/quehacerpolitico.mx\\\/?p=97691#primaryimage\",\"url\":\"https:\\\/\\\/quehacerpolitico.mx\\\/wp-content\\\/uploads\\\/2022\\\/12\\\/AA0822C8-F5EC-4735-99AB-FC55709B068E.jpeg\",\"contentUrl\":\"https:\\\/\\\/quehacerpolitico.mx\\\/wp-content\\\/uploads\\\/2022\\\/12\\\/AA0822C8-F5EC-4735-99AB-FC55709B068E.jpeg\",\"width\":1132,\"height\":637},{\"@type\":\"BreadcrumbList\",\"@id\":\"https:\\\/\\\/quehacerpolitico.mx\\\/?p=97691#breadcrumb\",\"itemListElement\":[{\"@type\":\"ListItem\",\"position\":1,\"name\":\"Inicio\",\"item\":\"https:\\\/\\\/quehacerpolitico.mx\\\/\"},{\"@type\":\"ListItem\",\"position\":2,\"name\":\"Avalar plan B es &#8220;traici\u00f3n al pacto democr\u00e1tico&#8221;, consideran opositores\"}]},{\"@type\":\"WebSite\",\"@id\":\"https:\\\/\\\/quehacerpolitico.mx\\\/#website\",\"url\":\"https:\\\/\\\/quehacerpolitico.mx\\\/\",\"name\":\"\",\"description\":\"\",\"potentialAction\":[{\"@type\":\"SearchAction\",\"target\":{\"@type\":\"EntryPoint\",\"urlTemplate\":\"https:\\\/\\\/quehacerpolitico.mx\\\/?s={search_term_string}\"},\"query-input\":{\"@type\":\"PropertyValueSpecification\",\"valueRequired\":true,\"valueName\":\"search_term_string\"}}],\"inLanguage\":\"es\"},{\"@type\":\"Person\",\"@id\":\"https:\\\/\\\/quehacerpolitico.mx\\\/#\\\/schema\\\/person\\\/496d8ad2d1d3f8036101dca7ee39e585\",\"name\":\"Redacci\u00f3n QP\",\"image\":{\"@type\":\"ImageObject\",\"inLanguage\":\"es\",\"@id\":\"https:\\\/\\\/secure.gravatar.com\\\/avatar\\\/c7164ed6fdec453195284ad24a5ae5b6e1eed2b848477fa2a4787ba9adf39a41?s=96&d=mm&r=g\",\"url\":\"https:\\\/\\\/secure.gravatar.com\\\/avatar\\\/c7164ed6fdec453195284ad24a5ae5b6e1eed2b848477fa2a4787ba9adf39a41?s=96&d=mm&r=g\",\"contentUrl\":\"https:\\\/\\\/secure.gravatar.com\\\/avatar\\\/c7164ed6fdec453195284ad24a5ae5b6e1eed2b848477fa2a4787ba9adf39a41?s=96&d=mm&r=g\",\"caption\":\"Redacci\u00f3n QP\"},\"url\":\"https:\\\/\\\/quehacerpolitico.mx\\\/?author=2\"}]}<\/script>\n<!-- \/ Yoast SEO plugin. -->","yoast_head_json":{"title":"Avalar plan B es \"traici\u00f3n al pacto democr\u00e1tico\", consideran opositores -","robots":{"index":"index","follow":"follow","max-snippet":"max-snippet:-1","max-image-preview":"max-image-preview:large","max-video-preview":"max-video-preview:-1"},"canonical":"https:\/\/quehacerpolitico.mx\/?p=97691","og_locale":"es_MX","og_type":"article","og_title":"Avalar plan B es \"traici\u00f3n al pacto democr\u00e1tico\", consideran opositores -","og_description":"Por Redacci\u00f3n QP Senadores advirtieron que Morena y sus aliados pretenden utilizar la &#8220;aplanadora&#8221; para...","og_url":"https:\/\/quehacerpolitico.mx\/?p=97691","article_published_time":"2022-12-13T02:35:42+00:00","article_modified_time":"2022-12-13T02:35:45+00:00","og_image":[{"width":1132,"height":637,"url":"https:\/\/quehacerpolitico.mx\/wp-content\/uploads\/2022\/12\/AA0822C8-F5EC-4735-99AB-FC55709B068E.jpeg","type":"image\/jpeg"}],"author":"Redacci\u00f3n QP","twitter_card":"summary_large_image","twitter_misc":{"Escrito por":"Redacci\u00f3n QP","Tiempo de lectura":"3 minutos"},"schema":{"@context":"https:\/\/schema.org","@graph":[{"@type":"Article","@id":"https:\/\/quehacerpolitico.mx\/?p=97691#article","isPartOf":{"@id":"https:\/\/quehacerpolitico.mx\/?p=97691"},"author":{"name":"Redacci\u00f3n QP","@id":"https:\/\/quehacerpolitico.mx\/#\/schema\/person\/496d8ad2d1d3f8036101dca7ee39e585"},"headline":"Avalar plan B es &#8220;traici\u00f3n al pacto democr\u00e1tico&#8221;, consideran opositores","datePublished":"2022-12-13T02:35:42+00:00","dateModified":"2022-12-13T02:35:45+00:00","mainEntityOfPage":{"@id":"https:\/\/quehacerpolitico.mx\/?p=97691"},"wordCount":593,"commentCount":0,"image":{"@id":"https:\/\/quehacerpolitico.mx\/?p=97691#primaryimage"},"thumbnailUrl":"https:\/\/quehacerpolitico.mx\/wp-content\/uploads\/2022\/12\/AA0822C8-F5EC-4735-99AB-FC55709B068E.jpeg","articleSection":["Noticias"],"inLanguage":"es","potentialAction":[{"@type":"CommentAction","name":"Comment","target":["https:\/\/quehacerpolitico.mx\/?p=97691#respond"]}]},{"@type":"WebPage","@id":"https:\/\/quehacerpolitico.mx\/?p=97691","url":"https:\/\/quehacerpolitico.mx\/?p=97691","name":"Avalar plan B es \"traici\u00f3n al pacto democr\u00e1tico\", consideran opositores -","isPartOf":{"@id":"https:\/\/quehacerpolitico.mx\/#website"},"primaryImageOfPage":{"@id":"https:\/\/quehacerpolitico.mx\/?p=97691#primaryimage"},"image":{"@id":"https:\/\/quehacerpolitico.mx\/?p=97691#primaryimage"},"thumbnailUrl":"https:\/\/quehacerpolitico.mx\/wp-content\/uploads\/2022\/12\/AA0822C8-F5EC-4735-99AB-FC55709B068E.jpeg","datePublished":"2022-12-13T02:35:42+00:00","dateModified":"2022-12-13T02:35:45+00:00","author":{"@id":"https:\/\/quehacerpolitico.mx\/#\/schema\/person\/496d8ad2d1d3f8036101dca7ee39e585"},"breadcrumb":{"@id":"https:\/\/quehacerpolitico.mx\/?p=97691#breadcrumb"},"inLanguage":"es","potentialAction":[{"@type":"ReadAction","target":["https:\/\/quehacerpolitico.mx\/?p=97691"]}]},{"@type":"ImageObject","inLanguage":"es","@id":"https:\/\/quehacerpolitico.mx\/?p=97691#primaryimage","url":"https:\/\/quehacerpolitico.mx\/wp-content\/uploads\/2022\/12\/AA0822C8-F5EC-4735-99AB-FC55709B068E.jpeg","contentUrl":"https:\/\/quehacerpolitico.mx\/wp-content\/uploads\/2022\/12\/AA0822C8-F5EC-4735-99AB-FC55709B068E.jpeg","width":1132,"height":637},{"@type":"BreadcrumbList","@id":"https:\/\/quehacerpolitico.mx\/?p=97691#breadcrumb","itemListElement":[{"@type":"ListItem","position":1,"name":"Inicio","item":"https:\/\/quehacerpolitico.mx\/"},{"@type":"ListItem","position":2,"name":"Avalar plan B es &#8220;traici\u00f3n al pacto democr\u00e1tico&#8221;, consideran opositores"}]},{"@type":"WebSite","@id":"https:\/\/quehacerpolitico.mx\/#website","url":"https:\/\/quehacerpolitico.mx\/","name":"","description":"","potentialAction":[{"@type":"SearchAction","target":{"@type":"EntryPoint","urlTemplate":"https:\/\/quehacerpolitico.mx\/?s={search_term_string}"},"query-input":{"@type":"PropertyValueSpecification","valueRequired":true,"valueName":"search_term_string"}}],"inLanguage":"es"},{"@type":"Person","@id":"https:\/\/quehacerpolitico.mx\/#\/schema\/person\/496d8ad2d1d3f8036101dca7ee39e585","name":"Redacci\u00f3n QP","image":{"@type":"ImageObject","inLanguage":"es","@id":"https:\/\/secure.gravatar.com\/avatar\/c7164ed6fdec453195284ad24a5ae5b6e1eed2b848477fa2a4787ba9adf39a41?s=96&d=mm&r=g","url":"https:\/\/secure.gravatar.com\/avatar\/c7164ed6fdec453195284ad24a5ae5b6e1eed2b848477fa2a4787ba9adf39a41?s=96&d=mm&r=g","contentUrl":"https:\/\/secure.gravatar.com\/avatar\/c7164ed6fdec453195284ad24a5ae5b6e1eed2b848477fa2a4787ba9adf39a41?s=96&d=mm&r=g","caption":"Redacci\u00f3n QP"},"url":"https:\/\/quehacerpolitico.mx\/?author=2"}]}},"featured_image_urls":{"full":["https:\/\/quehacerpolitico.mx\/wp-content\/uploads\/2022\/12\/AA0822C8-F5EC-4735-99AB-FC55709B068E.jpeg",1132,637,false],"thumbnail":["https:\/\/quehacerpolitico.mx\/wp-content\/uploads\/2022\/12\/AA0822C8-F5EC-4735-99AB-FC55709B068E-150x150.jpeg",150,150,true],"medium":["https:\/\/quehacerpolitico.mx\/wp-content\/uploads\/2022\/12\/AA0822C8-F5EC-4735-99AB-FC55709B068E-300x169.jpeg",300,169,true],"medium_large":["https:\/\/quehacerpolitico.mx\/wp-content\/uploads\/2022\/12\/AA0822C8-F5EC-4735-99AB-FC55709B068E-768x432.jpeg",640,360,true],"large":["https:\/\/quehacerpolitico.mx\/wp-content\/uploads\/2022\/12\/AA0822C8-F5EC-4735-99AB-FC55709B068E-1024x576.jpeg",640,360,true],"1536x1536":["https:\/\/quehacerpolitico.mx\/wp-content\/uploads\/2022\/12\/AA0822C8-F5EC-4735-99AB-FC55709B068E.jpeg",1132,637,false],"2048x2048":["https:\/\/quehacerpolitico.mx\/wp-content\/uploads\/2022\/12\/AA0822C8-F5EC-4735-99AB-FC55709B068E.jpeg",1132,637,false],"covernews-featured":["https:\/\/quehacerpolitico.mx\/wp-content\/uploads\/2022\/12\/AA0822C8-F5EC-4735-99AB-FC55709B068E.jpeg",1024,576,false],"covernews-medium":["https:\/\/quehacerpolitico.mx\/wp-content\/uploads\/2022\/12\/AA0822C8-F5EC-4735-99AB-FC55709B068E.jpeg",540,304,false]},"author_info":{"display_name":"Redacci\u00f3n QP","author_link":"https:\/\/quehacerpolitico.mx\/?author=2"},"category_info":"<a href=\"https:\/\/quehacerpolitico.mx\/?cat=2\" rel=\"category\">Noticias<\/a>","tag_info":"Noticias","comment_count":"0","_links":{"self":[{"href":"https:\/\/quehacerpolitico.mx\/index.php?rest_route=\/wp\/v2\/posts\/97691","targetHints":{"allow":["GET"]}}],"collection":[{"href":"https:\/\/quehacerpolitico.mx\/index.php?rest_route=\/wp\/v2\/posts"}],"about":[{"href":"https:\/\/quehacerpolitico.mx\/index.php?rest_route=\/wp\/v2\/types\/post"}],"author":[{"embeddable":true,"href":"https:\/\/quehacerpolitico.mx\/index.php?rest_route=\/wp\/v2\/users\/2"}],"replies":[{"embeddable":true,"href":"https:\/\/quehacerpolitico.mx\/index.php?rest_route=%2Fwp%2Fv2%2Fcomments&post=97691"}],"version-history":[{"count":1,"href":"https:\/\/quehacerpolitico.mx\/index.php?rest_route=\/wp\/v2\/posts\/97691\/revisions"}],"predecessor-version":[{"id":97693,"href":"https:\/\/quehacerpolitico.mx\/index.php?rest_route=\/wp\/v2\/posts\/97691\/revisions\/97693"}],"wp:featuredmedia":[{"embeddable":true,"href":"https:\/\/quehacerpolitico.mx\/index.php?rest_route=\/wp\/v2\/media\/97692"}],"wp:attachment":[{"href":"https:\/\/quehacerpolitico.mx\/index.php?rest_route=%2Fwp%2Fv2%2Fmedia&parent=97691"}],"wp:term":[{"taxonomy":"category","embeddable":true,"href":"https:\/\/quehacerpolitico.mx\/index.php?rest_route=%2Fwp%2Fv2%2Fcategories&post=97691"},{"taxonomy":"post_tag","embeddable":true,"href":"https:\/\/quehacerpolitico.mx\/index.php?rest_route=%2Fwp%2Fv2%2Ftags&post=97691"}],"curies":[{"name":"wp","href":"https:\/\/api.w.org\/{rel}","templated":true}]}}