{"id":97688,"date":"2022-12-13T01:30:09","date_gmt":"2022-12-13T01:30:09","guid":{"rendered":"https:\/\/quehacerpolitico.mx\/?p=97688"},"modified":"2022-12-13T01:30:11","modified_gmt":"2022-12-13T01:30:11","slug":"amlo-comparte-las-cartas-que-intercambio-con-el-presidente-biden-con-motivo-de-los-200-anos-del-inicio-de-relaciones-diplomaticas","status":"publish","type":"post","link":"https:\/\/quehacerpolitico.mx\/?p=97688","title":{"rendered":"AMLO comparte las cartas que intercambio con el presidente Biden con motivo de los 200 a\u00f1os del inicio de relaciones diplom\u00e1ticas"},"content":{"rendered":"\n<p>Por Redacci\u00f3n QP<\/p>\n\n\n\n<p>L\u00f3pez Obrador comparti\u00f3 las cartas que intercambi\u00f3 con su hom\u00f3logo de Estados Unidos, Joe Biden, con motivo de los 200 a\u00f1os de relaciones bilaterales<\/p>\n\n\n\n<p>El presidente de M\u00e9xico,\u00a0<strong>Andr\u00e9s Manuel L\u00f3pez Obrador<\/strong>, comparti\u00f3 las cartas que intercambi\u00f3 con su hom\u00f3logo de<strong> Estados Unidos<\/strong>, Joe Biden, con motivo de los 200 a\u00f1os de\u00a0<strong>relaciones bilaterales<\/strong>\u00a0en las que exaltaron la importancia de la\u00a0cooperaci\u00f3n entre ambas naciones.<\/p>\n\n\n\n<figure class=\"wp-block-embed is-type-rich is-provider-twitter wp-block-embed-twitter\"><div class=\"wp-block-embed__wrapper\">\n<blockquote class=\"twitter-tweet\" data-width=\"550\" data-dnt=\"true\"><p lang=\"es\" dir=\"ltr\">Les comparto las cartas que intercambiamos con el presidente Biden con motivo de los 200 a\u00f1os del inicio de nuestras relaciones diplom\u00e1ticas.<a href=\"https:\/\/t.co\/8v6l53Nso8\">https:\/\/t.co\/8v6l53Nso8<\/a><a href=\"https:\/\/t.co\/1JCP93bMC5\">https:\/\/t.co\/1JCP93bMC5<\/a> <a href=\"https:\/\/t.co\/OBMznU7OD0\">pic.twitter.com\/OBMznU7OD0<\/a><\/p>&mdash; Andr\u00e9s Manuel (@lopezobrador_) <a href=\"https:\/\/twitter.com\/lopezobrador_\/status\/1602411331985891328?ref_src=twsrc%5Etfw\">December 12, 2022<\/a><\/blockquote><script async src=\"https:\/\/platform.twitter.com\/widgets.js\" charset=\"utf-8\"><\/script>\n<\/div><\/figure>\n\n\n\n<p>\u201cExtiendo mis m\u00e1s sinceros saludos a usted y al pueblo de\u00a0<strong>M\u00e9xico<\/strong>\u00a0en reconocimiento a nuestra asociaci\u00f3n duradera\u201d, expres\u00f3 Biden en la misiva publicada en la cuenta oficial de Twitter del mandatario mexicano.<\/p>\n\n\n\n<p>El mandatario mexicano hizo p\u00fablico el documento que le envi\u00f3 el presidente\u00a0<strong>Biden,<\/strong>\u00a0tras participar en una reuni\u00f3n en el\u00a0<strong>Palacio Nacional<\/strong>\u00a0con el asesor presidencial especial para las Am\u00e9ricas de Estados Unidos,\u00a0<strong>Chris Dodd<\/strong>.<\/p>\n\n\n\n<figure class=\"wp-block-embed is-type-rich is-provider-twitter wp-block-embed-twitter\"><div class=\"wp-block-embed__wrapper\">\n<blockquote class=\"twitter-tweet\" data-width=\"550\" data-dnt=\"true\"><p lang=\"es\" dir=\"ltr\">Tuve el agrado de recibir a Christopher Dodd , enviado especial del Presidente Biden para la conmemoraci\u00f3n del bicentenario de la relaci\u00f3n M\u00e9xico-Estados Unidos . <a href=\"https:\/\/t.co\/mZ3ZAmF9EP\">pic.twitter.com\/mZ3ZAmF9EP<\/a><\/p>&mdash; Marcelo Ebrard C. (@m_ebrard) <a href=\"https:\/\/twitter.com\/m_ebrard\/status\/1602386323624558594?ref_src=twsrc%5Etfw\">December 12, 2022<\/a><\/blockquote><script async src=\"https:\/\/platform.twitter.com\/widgets.js\" charset=\"utf-8\"><\/script>\n<\/div><\/figure>\n\n\n\n<p>En el texto,&nbsp;<strong>Biden<\/strong>&nbsp;exalt\u00f3 los lazos que unen a ambos pa\u00edses en relaci\u00f3n a su geograf\u00eda, su historia y millones de ciudadanos.<\/p>\n\n\n\n<p>\u201cEsta profunda conexi\u00f3n cultural e interpersonal -construida al paso de los siglos- enriquece nuestras&nbsp;<strong>sociedades<\/strong>&nbsp;y fortalece nuestra relaci\u00f3n\u201d, apunt\u00f3.<\/p>\n\n\n\n<p>Afirm\u00f3 que es una \u201cbendici\u00f3n especial\u201d que el festejo de las relaciones bilaterales coincida con las festividades del D\u00eda de la&nbsp;<strong>Virgen de Guadalupe<\/strong>&nbsp;\u201cuna fecha con un profundo significado en la cultura y vida religiosa de millones de mexicoamericanos\u201d.<\/p>\n\n\n\n<p>Exalt\u00f3 que en sus Administraciones han \u201cprofundizado la cooperaci\u00f3n\u201d a trav\u00e9s del Di\u00e1logo Econ\u00f3mico de Alto Nivel M\u00e9xico-Estados Unidos y la pr\u00f3xima&nbsp;<strong>Cumbre de L\u00edderes de Am\u00e9rica del Norte<\/strong>.<\/p>\n\n\n\n<p>\u201cEste compromiso con la cooperaci\u00f3n reconoce la realidad de que nuestra&nbsp;<strong>seguridad<\/strong>&nbsp;y&nbsp;<strong>prosperidad<\/strong>&nbsp;est\u00e1n entrelazadas y que podemos realizar mejor nuestras aspiraciones comunes cuando trabajamos juntos sobre la base del respeto mutuo\u201d, precis\u00f3.<\/p>\n\n\n\n<p>Finalmente, dese\u00f3 al pueblo mexicano un futuro \u201c<strong>pac\u00edfico<\/strong>&nbsp;y pr\u00f3spero\u201d en continua colaboraci\u00f3n con los Estados Unidos para lograr el bienestar de los pueblos en a\u00f1os venideros.<\/p>\n\n\n\n<p>En su respuesta,&nbsp;<strong>L\u00f3pez Obrador<\/strong>&nbsp;agradeci\u00f3 la misiva y reconoci\u00f3 que en estos 200 a\u00f1os \u201chemos enfrentado etapas muy dif\u00edciles en las relaciones\u201d, sin embargo, resalt\u00f3 que se han tenido largos periodos de \u201centendimiento, cooperaci\u00f3n y amistad entre pueblos y gobiernos\u201d.<\/p>\n\n\n\n<p>Afirm\u00f3 que ahora \u201cnuestras relaciones son&nbsp;<strong>inmejorables<\/strong>\u201d ya que ambos pa\u00edses son los \u201cprincipales socios comerciales en el mundo\u201d.<\/p>\n\n\n\n<p>Destac\u00f3 que se han acrecentado \u201ccomo nunca\u201d el afecto y el cari\u00f1o de sus pueblos y reconoci\u00f3 la actitud de \u201crespeto\u201d a la soberan\u00eda de\u00a0<strong>M\u00e9xico<\/strong>\u00a0el cual, dijo, \u201cha sido excepcional\u201d.<\/p>\n\n\n\n<figure class=\"wp-block-embed is-type-rich is-provider-twitter wp-block-embed-twitter\"><div class=\"wp-block-embed__wrapper\">\n<blockquote class=\"twitter-tweet\" data-width=\"550\" data-dnt=\"true\"><p lang=\"es\" dir=\"ltr\">\ud83d\udcc4M\u00e9xico y Estados Unidos celebran 200 a\u00f1os de relaciones diplom\u00e1ticas con firma de Declaraci\u00f3n de Amistad.<a href=\"https:\/\/t.co\/M34OFxFU5b\">https:\/\/t.co\/M34OFxFU5b<\/a> <a href=\"https:\/\/t.co\/I5qY8GVTuF\">pic.twitter.com\/I5qY8GVTuF<\/a><\/p>&mdash; Relaciones Exteriores (@SRE_mx) <a href=\"https:\/\/twitter.com\/SRE_mx\/status\/1602432021007331330?ref_src=twsrc%5Etfw\">December 12, 2022<\/a><\/blockquote><script async src=\"https:\/\/platform.twitter.com\/widgets.js\" charset=\"utf-8\"><\/script>\n<\/div><\/figure>\n\n\n\n<p>\u201cUsted es el primer presidente de<strong>&nbsp;Estados Unidos<\/strong>, en varias d\u00e9cadas, que no ha ordenado construir ni siquiera un metro de muro entre nuestras fronteras\u201d, apunt\u00f3.<\/p>\n\n\n\n<p>Finalmente, le adelant\u00f3 que en la pr\u00f3xima visita le propondr\u00e1 tres temas para un&nbsp;<strong>acuerdo<\/strong>&nbsp;de largo alcance.<\/p>\n\n\n\n<p>\u201cPlanear la sustituci\u00f3n de importaciones para producir en&nbsp;<strong>Am\u00e9rica del Norte<\/strong>&nbsp;y en todo el continente, lo que consumimos; aplicar un programa para el bienestar de los pueblos de Am\u00e9rica Latina y el Caribe; y considerarlo aliados, respetando sus soberan\u00edas, como usted lo sostiene, en pie de igualdad, bajo el principio de la autodeterminaci\u00f3n de los pueblos\u201d.<\/p>\n\n\n\n<p>Finalmente, destac\u00f3 que&nbsp;<strong>Biden<\/strong>&nbsp;y su esposa \u201cser\u00e1n bienvenidos el 9 y el 10 de enero y siempre\u201d.<\/p>\n\n\n\n<p>La relaci\u00f3n entre ambos pa\u00edses inici\u00f3 en diciembre de 1822, cuando estados Unidos fue uno de los primeros en reconocer al M\u00e9xico independiente con el enviado diplom\u00e1tico&nbsp;<strong>Joel Poinsett<\/strong>.<\/p>\n\n\n\n<p>Ahora, m\u00e1s de 38 millones de personas de origen mexicano viven en&nbsp;<strong>Estados Unidos<\/strong>&nbsp;y hay cerca de 1.6 millones de estadounidenses en&nbsp;<strong>M\u00e9xico<\/strong>, seg\u00fan cifras de ambos Gobiernos.<\/p>\n\n\n\n<p>Con informaci\u00f3n de EFE<\/p>\n","protected":false},"excerpt":{"rendered":"<p>Por Redacci\u00f3n QP L\u00f3pez Obrador comparti\u00f3 las cartas que intercambi\u00f3 con su hom\u00f3logo de Estados&#8230;<\/p>\n","protected":false},"author":2,"featured_media":97689,"comment_status":"open","ping_status":"open","sticky":false,"template":"","format":"standard","meta":{"_monsterinsights_skip_tracking":false,"_monsterinsights_sitenote_active":false,"_monsterinsights_sitenote_note":"","_monsterinsights_sitenote_category":0,"footnotes":""},"categories":[2],"tags":[],"class_list":["post-97688","post","type-post","status-publish","format-standard","has-post-thumbnail","hentry","category-noticias"],"yoast_head":"<!-- This site is optimized with the Yoast SEO plugin v27.3 - https:\/\/yoast.com\/product\/yoast-seo-wordpress\/ -->\n<title>AMLO comparte las cartas que intercambio con el presidente Biden con motivo de los 200 a\u00f1os del inicio de relaciones diplom\u00e1ticas -<\/title>\n<meta name=\"robots\" content=\"index, follow, max-snippet:-1, max-image-preview:large, max-video-preview:-1\" \/>\n<link rel=\"canonical\" href=\"https:\/\/quehacerpolitico.mx\/?p=97688\" \/>\n<meta property=\"og:locale\" content=\"es_MX\" \/>\n<meta property=\"og:type\" content=\"article\" \/>\n<meta property=\"og:title\" content=\"AMLO comparte las cartas que intercambio con el presidente Biden con motivo de los 200 a\u00f1os del inicio de relaciones diplom\u00e1ticas -\" \/>\n<meta property=\"og:description\" content=\"Por Redacci\u00f3n QP L\u00f3pez Obrador comparti\u00f3 las cartas que intercambi\u00f3 con su hom\u00f3logo de Estados...\" \/>\n<meta property=\"og:url\" content=\"https:\/\/quehacerpolitico.mx\/?p=97688\" \/>\n<meta property=\"article:published_time\" content=\"2022-12-13T01:30:09+00:00\" \/>\n<meta property=\"article:modified_time\" content=\"2022-12-13T01:30:11+00:00\" \/>\n<meta property=\"og:image\" content=\"https:\/\/quehacerpolitico.mx\/wp-content\/uploads\/2022\/12\/689614CD-4ACC-4814-8572-81DE5DE074F8.jpeg\" \/>\n\t<meta property=\"og:image:width\" content=\"900\" \/>\n\t<meta property=\"og:image:height\" content=\"600\" \/>\n\t<meta property=\"og:image:type\" content=\"image\/jpeg\" \/>\n<meta name=\"author\" content=\"Redacci\u00f3n QP\" \/>\n<meta name=\"twitter:card\" content=\"summary_large_image\" \/>\n<meta name=\"twitter:label1\" content=\"Escrito por\" \/>\n\t<meta name=\"twitter:data1\" content=\"Redacci\u00f3n QP\" \/>\n\t<meta name=\"twitter:label2\" content=\"Tiempo de lectura\" \/>\n\t<meta name=\"twitter:data2\" content=\"3 minutos\" \/>\n<script type=\"application\/ld+json\" class=\"yoast-schema-graph\">{\"@context\":\"https:\\\/\\\/schema.org\",\"@graph\":[{\"@type\":\"Article\",\"@id\":\"https:\\\/\\\/quehacerpolitico.mx\\\/?p=97688#article\",\"isPartOf\":{\"@id\":\"https:\\\/\\\/quehacerpolitico.mx\\\/?p=97688\"},\"author\":{\"name\":\"Redacci\u00f3n QP\",\"@id\":\"https:\\\/\\\/quehacerpolitico.mx\\\/#\\\/schema\\\/person\\\/496d8ad2d1d3f8036101dca7ee39e585\"},\"headline\":\"AMLO comparte las cartas que intercambio con el presidente Biden con motivo de los 200 a\u00f1os del inicio de relaciones diplom\u00e1ticas\",\"datePublished\":\"2022-12-13T01:30:09+00:00\",\"dateModified\":\"2022-12-13T01:30:11+00:00\",\"mainEntityOfPage\":{\"@id\":\"https:\\\/\\\/quehacerpolitico.mx\\\/?p=97688\"},\"wordCount\":716,\"commentCount\":0,\"image\":{\"@id\":\"https:\\\/\\\/quehacerpolitico.mx\\\/?p=97688#primaryimage\"},\"thumbnailUrl\":\"https:\\\/\\\/quehacerpolitico.mx\\\/wp-content\\\/uploads\\\/2022\\\/12\\\/689614CD-4ACC-4814-8572-81DE5DE074F8.jpeg\",\"articleSection\":[\"Noticias\"],\"inLanguage\":\"es\",\"potentialAction\":[{\"@type\":\"CommentAction\",\"name\":\"Comment\",\"target\":[\"https:\\\/\\\/quehacerpolitico.mx\\\/?p=97688#respond\"]}]},{\"@type\":\"WebPage\",\"@id\":\"https:\\\/\\\/quehacerpolitico.mx\\\/?p=97688\",\"url\":\"https:\\\/\\\/quehacerpolitico.mx\\\/?p=97688\",\"name\":\"AMLO comparte las cartas que intercambio con el presidente Biden con motivo de los 200 a\u00f1os del inicio de relaciones diplom\u00e1ticas -\",\"isPartOf\":{\"@id\":\"https:\\\/\\\/quehacerpolitico.mx\\\/#website\"},\"primaryImageOfPage\":{\"@id\":\"https:\\\/\\\/quehacerpolitico.mx\\\/?p=97688#primaryimage\"},\"image\":{\"@id\":\"https:\\\/\\\/quehacerpolitico.mx\\\/?p=97688#primaryimage\"},\"thumbnailUrl\":\"https:\\\/\\\/quehacerpolitico.mx\\\/wp-content\\\/uploads\\\/2022\\\/12\\\/689614CD-4ACC-4814-8572-81DE5DE074F8.jpeg\",\"datePublished\":\"2022-12-13T01:30:09+00:00\",\"dateModified\":\"2022-12-13T01:30:11+00:00\",\"author\":{\"@id\":\"https:\\\/\\\/quehacerpolitico.mx\\\/#\\\/schema\\\/person\\\/496d8ad2d1d3f8036101dca7ee39e585\"},\"breadcrumb\":{\"@id\":\"https:\\\/\\\/quehacerpolitico.mx\\\/?p=97688#breadcrumb\"},\"inLanguage\":\"es\",\"potentialAction\":[{\"@type\":\"ReadAction\",\"target\":[\"https:\\\/\\\/quehacerpolitico.mx\\\/?p=97688\"]}]},{\"@type\":\"ImageObject\",\"inLanguage\":\"es\",\"@id\":\"https:\\\/\\\/quehacerpolitico.mx\\\/?p=97688#primaryimage\",\"url\":\"https:\\\/\\\/quehacerpolitico.mx\\\/wp-content\\\/uploads\\\/2022\\\/12\\\/689614CD-4ACC-4814-8572-81DE5DE074F8.jpeg\",\"contentUrl\":\"https:\\\/\\\/quehacerpolitico.mx\\\/wp-content\\\/uploads\\\/2022\\\/12\\\/689614CD-4ACC-4814-8572-81DE5DE074F8.jpeg\",\"width\":900,\"height\":600},{\"@type\":\"BreadcrumbList\",\"@id\":\"https:\\\/\\\/quehacerpolitico.mx\\\/?p=97688#breadcrumb\",\"itemListElement\":[{\"@type\":\"ListItem\",\"position\":1,\"name\":\"Inicio\",\"item\":\"https:\\\/\\\/quehacerpolitico.mx\\\/\"},{\"@type\":\"ListItem\",\"position\":2,\"name\":\"AMLO comparte las cartas que intercambio con el presidente Biden con motivo de los 200 a\u00f1os del inicio de relaciones diplom\u00e1ticas\"}]},{\"@type\":\"WebSite\",\"@id\":\"https:\\\/\\\/quehacerpolitico.mx\\\/#website\",\"url\":\"https:\\\/\\\/quehacerpolitico.mx\\\/\",\"name\":\"\",\"description\":\"\",\"potentialAction\":[{\"@type\":\"SearchAction\",\"target\":{\"@type\":\"EntryPoint\",\"urlTemplate\":\"https:\\\/\\\/quehacerpolitico.mx\\\/?s={search_term_string}\"},\"query-input\":{\"@type\":\"PropertyValueSpecification\",\"valueRequired\":true,\"valueName\":\"search_term_string\"}}],\"inLanguage\":\"es\"},{\"@type\":\"Person\",\"@id\":\"https:\\\/\\\/quehacerpolitico.mx\\\/#\\\/schema\\\/person\\\/496d8ad2d1d3f8036101dca7ee39e585\",\"name\":\"Redacci\u00f3n QP\",\"image\":{\"@type\":\"ImageObject\",\"inLanguage\":\"es\",\"@id\":\"https:\\\/\\\/secure.gravatar.com\\\/avatar\\\/c7164ed6fdec453195284ad24a5ae5b6e1eed2b848477fa2a4787ba9adf39a41?s=96&d=mm&r=g\",\"url\":\"https:\\\/\\\/secure.gravatar.com\\\/avatar\\\/c7164ed6fdec453195284ad24a5ae5b6e1eed2b848477fa2a4787ba9adf39a41?s=96&d=mm&r=g\",\"contentUrl\":\"https:\\\/\\\/secure.gravatar.com\\\/avatar\\\/c7164ed6fdec453195284ad24a5ae5b6e1eed2b848477fa2a4787ba9adf39a41?s=96&d=mm&r=g\",\"caption\":\"Redacci\u00f3n QP\"},\"url\":\"https:\\\/\\\/quehacerpolitico.mx\\\/?author=2\"}]}<\/script>\n<!-- \/ Yoast SEO plugin. -->","yoast_head_json":{"title":"AMLO comparte las cartas que intercambio con el presidente Biden con motivo de los 200 a\u00f1os del inicio de relaciones diplom\u00e1ticas -","robots":{"index":"index","follow":"follow","max-snippet":"max-snippet:-1","max-image-preview":"max-image-preview:large","max-video-preview":"max-video-preview:-1"},"canonical":"https:\/\/quehacerpolitico.mx\/?p=97688","og_locale":"es_MX","og_type":"article","og_title":"AMLO comparte las cartas que intercambio con el presidente Biden con motivo de los 200 a\u00f1os del inicio de relaciones diplom\u00e1ticas -","og_description":"Por Redacci\u00f3n QP L\u00f3pez Obrador comparti\u00f3 las cartas que intercambi\u00f3 con su hom\u00f3logo de Estados...","og_url":"https:\/\/quehacerpolitico.mx\/?p=97688","article_published_time":"2022-12-13T01:30:09+00:00","article_modified_time":"2022-12-13T01:30:11+00:00","og_image":[{"width":900,"height":600,"url":"https:\/\/quehacerpolitico.mx\/wp-content\/uploads\/2022\/12\/689614CD-4ACC-4814-8572-81DE5DE074F8.jpeg","type":"image\/jpeg"}],"author":"Redacci\u00f3n QP","twitter_card":"summary_large_image","twitter_misc":{"Escrito por":"Redacci\u00f3n QP","Tiempo de lectura":"3 minutos"},"schema":{"@context":"https:\/\/schema.org","@graph":[{"@type":"Article","@id":"https:\/\/quehacerpolitico.mx\/?p=97688#article","isPartOf":{"@id":"https:\/\/quehacerpolitico.mx\/?p=97688"},"author":{"name":"Redacci\u00f3n QP","@id":"https:\/\/quehacerpolitico.mx\/#\/schema\/person\/496d8ad2d1d3f8036101dca7ee39e585"},"headline":"AMLO comparte las cartas que intercambio con el presidente Biden con motivo de los 200 a\u00f1os del inicio de relaciones diplom\u00e1ticas","datePublished":"2022-12-13T01:30:09+00:00","dateModified":"2022-12-13T01:30:11+00:00","mainEntityOfPage":{"@id":"https:\/\/quehacerpolitico.mx\/?p=97688"},"wordCount":716,"commentCount":0,"image":{"@id":"https:\/\/quehacerpolitico.mx\/?p=97688#primaryimage"},"thumbnailUrl":"https:\/\/quehacerpolitico.mx\/wp-content\/uploads\/2022\/12\/689614CD-4ACC-4814-8572-81DE5DE074F8.jpeg","articleSection":["Noticias"],"inLanguage":"es","potentialAction":[{"@type":"CommentAction","name":"Comment","target":["https:\/\/quehacerpolitico.mx\/?p=97688#respond"]}]},{"@type":"WebPage","@id":"https:\/\/quehacerpolitico.mx\/?p=97688","url":"https:\/\/quehacerpolitico.mx\/?p=97688","name":"AMLO comparte las cartas que intercambio con el presidente Biden con motivo de los 200 a\u00f1os del inicio de relaciones diplom\u00e1ticas -","isPartOf":{"@id":"https:\/\/quehacerpolitico.mx\/#website"},"primaryImageOfPage":{"@id":"https:\/\/quehacerpolitico.mx\/?p=97688#primaryimage"},"image":{"@id":"https:\/\/quehacerpolitico.mx\/?p=97688#primaryimage"},"thumbnailUrl":"https:\/\/quehacerpolitico.mx\/wp-content\/uploads\/2022\/12\/689614CD-4ACC-4814-8572-81DE5DE074F8.jpeg","datePublished":"2022-12-13T01:30:09+00:00","dateModified":"2022-12-13T01:30:11+00:00","author":{"@id":"https:\/\/quehacerpolitico.mx\/#\/schema\/person\/496d8ad2d1d3f8036101dca7ee39e585"},"breadcrumb":{"@id":"https:\/\/quehacerpolitico.mx\/?p=97688#breadcrumb"},"inLanguage":"es","potentialAction":[{"@type":"ReadAction","target":["https:\/\/quehacerpolitico.mx\/?p=97688"]}]},{"@type":"ImageObject","inLanguage":"es","@id":"https:\/\/quehacerpolitico.mx\/?p=97688#primaryimage","url":"https:\/\/quehacerpolitico.mx\/wp-content\/uploads\/2022\/12\/689614CD-4ACC-4814-8572-81DE5DE074F8.jpeg","contentUrl":"https:\/\/quehacerpolitico.mx\/wp-content\/uploads\/2022\/12\/689614CD-4ACC-4814-8572-81DE5DE074F8.jpeg","width":900,"height":600},{"@type":"BreadcrumbList","@id":"https:\/\/quehacerpolitico.mx\/?p=97688#breadcrumb","itemListElement":[{"@type":"ListItem","position":1,"name":"Inicio","item":"https:\/\/quehacerpolitico.mx\/"},{"@type":"ListItem","position":2,"name":"AMLO comparte las cartas que intercambio con el presidente Biden con motivo de los 200 a\u00f1os del inicio de relaciones diplom\u00e1ticas"}]},{"@type":"WebSite","@id":"https:\/\/quehacerpolitico.mx\/#website","url":"https:\/\/quehacerpolitico.mx\/","name":"","description":"","potentialAction":[{"@type":"SearchAction","target":{"@type":"EntryPoint","urlTemplate":"https:\/\/quehacerpolitico.mx\/?s={search_term_string}"},"query-input":{"@type":"PropertyValueSpecification","valueRequired":true,"valueName":"search_term_string"}}],"inLanguage":"es"},{"@type":"Person","@id":"https:\/\/quehacerpolitico.mx\/#\/schema\/person\/496d8ad2d1d3f8036101dca7ee39e585","name":"Redacci\u00f3n QP","image":{"@type":"ImageObject","inLanguage":"es","@id":"https:\/\/secure.gravatar.com\/avatar\/c7164ed6fdec453195284ad24a5ae5b6e1eed2b848477fa2a4787ba9adf39a41?s=96&d=mm&r=g","url":"https:\/\/secure.gravatar.com\/avatar\/c7164ed6fdec453195284ad24a5ae5b6e1eed2b848477fa2a4787ba9adf39a41?s=96&d=mm&r=g","contentUrl":"https:\/\/secure.gravatar.com\/avatar\/c7164ed6fdec453195284ad24a5ae5b6e1eed2b848477fa2a4787ba9adf39a41?s=96&d=mm&r=g","caption":"Redacci\u00f3n QP"},"url":"https:\/\/quehacerpolitico.mx\/?author=2"}]}},"featured_image_urls":{"full":["https:\/\/quehacerpolitico.mx\/wp-content\/uploads\/2022\/12\/689614CD-4ACC-4814-8572-81DE5DE074F8.jpeg",900,600,false],"thumbnail":["https:\/\/quehacerpolitico.mx\/wp-content\/uploads\/2022\/12\/689614CD-4ACC-4814-8572-81DE5DE074F8-150x150.jpeg",150,150,true],"medium":["https:\/\/quehacerpolitico.mx\/wp-content\/uploads\/2022\/12\/689614CD-4ACC-4814-8572-81DE5DE074F8-300x200.jpeg",300,200,true],"medium_large":["https:\/\/quehacerpolitico.mx\/wp-content\/uploads\/2022\/12\/689614CD-4ACC-4814-8572-81DE5DE074F8-768x512.jpeg",640,427,true],"large":["https:\/\/quehacerpolitico.mx\/wp-content\/uploads\/2022\/12\/689614CD-4ACC-4814-8572-81DE5DE074F8.jpeg",640,427,false],"1536x1536":["https:\/\/quehacerpolitico.mx\/wp-content\/uploads\/2022\/12\/689614CD-4ACC-4814-8572-81DE5DE074F8.jpeg",900,600,false],"2048x2048":["https:\/\/quehacerpolitico.mx\/wp-content\/uploads\/2022\/12\/689614CD-4ACC-4814-8572-81DE5DE074F8.jpeg",900,600,false],"covernews-featured":["https:\/\/quehacerpolitico.mx\/wp-content\/uploads\/2022\/12\/689614CD-4ACC-4814-8572-81DE5DE074F8.jpeg",900,600,false],"covernews-medium":["https:\/\/quehacerpolitico.mx\/wp-content\/uploads\/2022\/12\/689614CD-4ACC-4814-8572-81DE5DE074F8.jpeg",510,340,false]},"author_info":{"display_name":"Redacci\u00f3n QP","author_link":"https:\/\/quehacerpolitico.mx\/?author=2"},"category_info":"<a href=\"https:\/\/quehacerpolitico.mx\/?cat=2\" rel=\"category\">Noticias<\/a>","tag_info":"Noticias","comment_count":"0","_links":{"self":[{"href":"https:\/\/quehacerpolitico.mx\/index.php?rest_route=\/wp\/v2\/posts\/97688","targetHints":{"allow":["GET"]}}],"collection":[{"href":"https:\/\/quehacerpolitico.mx\/index.php?rest_route=\/wp\/v2\/posts"}],"about":[{"href":"https:\/\/quehacerpolitico.mx\/index.php?rest_route=\/wp\/v2\/types\/post"}],"author":[{"embeddable":true,"href":"https:\/\/quehacerpolitico.mx\/index.php?rest_route=\/wp\/v2\/users\/2"}],"replies":[{"embeddable":true,"href":"https:\/\/quehacerpolitico.mx\/index.php?rest_route=%2Fwp%2Fv2%2Fcomments&post=97688"}],"version-history":[{"count":1,"href":"https:\/\/quehacerpolitico.mx\/index.php?rest_route=\/wp\/v2\/posts\/97688\/revisions"}],"predecessor-version":[{"id":97690,"href":"https:\/\/quehacerpolitico.mx\/index.php?rest_route=\/wp\/v2\/posts\/97688\/revisions\/97690"}],"wp:featuredmedia":[{"embeddable":true,"href":"https:\/\/quehacerpolitico.mx\/index.php?rest_route=\/wp\/v2\/media\/97689"}],"wp:attachment":[{"href":"https:\/\/quehacerpolitico.mx\/index.php?rest_route=%2Fwp%2Fv2%2Fmedia&parent=97688"}],"wp:term":[{"taxonomy":"category","embeddable":true,"href":"https:\/\/quehacerpolitico.mx\/index.php?rest_route=%2Fwp%2Fv2%2Fcategories&post=97688"},{"taxonomy":"post_tag","embeddable":true,"href":"https:\/\/quehacerpolitico.mx\/index.php?rest_route=%2Fwp%2Fv2%2Ftags&post=97688"}],"curies":[{"name":"wp","href":"https:\/\/api.w.org\/{rel}","templated":true}]}}