{"id":97683,"date":"2022-12-13T00:56:54","date_gmt":"2022-12-13T00:56:54","guid":{"rendered":"https:\/\/quehacerpolitico.mx\/?p=97683"},"modified":"2022-12-13T00:56:59","modified_gmt":"2022-12-13T00:56:59","slug":"tenoch-huerta-podria-ir-por-su-primera-nominacion-al-oscar","status":"publish","type":"post","link":"https:\/\/quehacerpolitico.mx\/?p=97683","title":{"rendered":"Tenoch Huerta podr\u00eda ir por su primera nominaci\u00f3n al Oscar"},"content":{"rendered":"\n<p>Por Redacci\u00f3n QP<\/p>\n\n\n\n<p>El trabajo de Huerta en la cinta de Marvel le ha valido muy buenos comentarios por parte de la cr\u00edtica especializada, algo que le ha jugado a favor<\/p>\n\n\n\n<p>El 2023 podr\u00eda ser el a\u00f1o de<strong>\u00a0Tenoch Huerta<\/strong>, luego de que el actor lograr\u00e1 llegar a Hollywood gracias a su personaje de\u00a0<strong>Namor<\/strong>\u00a0en la cinta<strong>\u00a0&#8220;Black Panther: Wakanda Forever&#8221;<\/strong>, ahora podr\u00eda ir a la conquista de su primer\u00a0<strong>Oscar<\/strong>.<\/p>\n\n\n\n<p>El trabajo de Huerta en la cinta de\u00a0<strong>Marvel\u00a0<\/strong>le ha valido muy buenos comentarios por parte de la cr\u00edtica especializada, algo que le ha jugado a favor; sin embargo, este factor podr\u00eda ser determinante para que el mexicano llegue hasta la ceremonia de premiaci\u00f3n de<strong>\u00a0La Academia estadounidense<\/strong>, pues ha trascendido que ya fue considerando por<strong>\u00a0Disney<\/strong> para competir por la estatuilla para Mejor actor de reparto.<\/p>\n\n\n\n<figure class=\"wp-block-image size-full\"><img loading=\"lazy\" decoding=\"async\" width=\"453\" height=\"677\" src=\"https:\/\/quehacerpolitico.mx\/wp-content\/uploads\/2022\/12\/image-15.jpeg\" alt=\"\" class=\"wp-image-97684\" srcset=\"https:\/\/quehacerpolitico.mx\/wp-content\/uploads\/2022\/12\/image-15.jpeg 453w, https:\/\/quehacerpolitico.mx\/wp-content\/uploads\/2022\/12\/image-15-201x300.jpeg 201w, https:\/\/quehacerpolitico.mx\/wp-content\/uploads\/2022\/12\/image-15-98x146.jpeg 98w, https:\/\/quehacerpolitico.mx\/wp-content\/uploads\/2022\/12\/image-15-33x50.jpeg 33w, https:\/\/quehacerpolitico.mx\/wp-content\/uploads\/2022\/12\/image-15-50x75.jpeg 50w\" sizes=\"auto, (max-width: 453px) 100vw, 453px\" \/><\/figure>\n\n\n\n<p>Faltando varias semanas para que se den a conocer las nominaciones para la 95 entrega de los Oscar, los estudios ya comenzaron con su campa\u00f1a para lograr que cintas como\u00a0<strong>&#8220;\u00c1msterdam&#8221;, &#8220;Avatar: The way of Wather&#8221;, &#8220;Doctor Strange in the Multiverse of madness&#8221;\u00a0<\/strong>y la secuela de<strong>\u00a0&#8220;Black Panther&#8221;\u00a0<\/strong>sean tomadas en cuenta en las diferentes ternas.<\/p>\n\n\n\n<p>En este sentido, se est\u00e1 proponiendo el nombre de Tenoch\u00a0<strong>para ser nominado en la categor\u00eda de Mejor actor de reparto, aunque la \u00faltima palabra todav\u00eda no est\u00e1 dicha.<\/strong><\/p>\n\n\n\n<figure class=\"wp-block-image size-full\"><img loading=\"lazy\" decoding=\"async\" width=\"452\" height=\"678\" src=\"https:\/\/quehacerpolitico.mx\/wp-content\/uploads\/2022\/12\/image-16.jpeg\" alt=\"\" class=\"wp-image-97685\" srcset=\"https:\/\/quehacerpolitico.mx\/wp-content\/uploads\/2022\/12\/image-16.jpeg 452w, https:\/\/quehacerpolitico.mx\/wp-content\/uploads\/2022\/12\/image-16-200x300.jpeg 200w, https:\/\/quehacerpolitico.mx\/wp-content\/uploads\/2022\/12\/image-16-97x146.jpeg 97w, https:\/\/quehacerpolitico.mx\/wp-content\/uploads\/2022\/12\/image-16-33x50.jpeg 33w, https:\/\/quehacerpolitico.mx\/wp-content\/uploads\/2022\/12\/image-16-50x75.jpeg 50w\" sizes=\"auto, (max-width: 452px) 100vw, 452px\" \/><\/figure>\n\n\n\n<p>La noticia fue a dada a conocer por el propio actor, quien a trav\u00e9s de sus redes sociales public\u00f3 la lista de candidatos de Disney para esta pr\u00f3xima entrega.<\/p>\n\n\n\n<p>Si bien Huerta tiene muchas posibilidades, el camino no es nada f\u00e1cil, pues en la misma categor\u00eda est\u00e1n proponiendo nombres de la talla de<strong>\u00a0Robert de Niro, Remi Maleck, Stephen Lang y Benedict Wong.<\/strong><\/p>\n\n\n\n<p>Con Informaci\u00f3n de SUN <\/p>\n","protected":false},"excerpt":{"rendered":"<p>Por Redacci\u00f3n QP El trabajo de Huerta en la cinta de Marvel le ha valido&#8230;<\/p>\n","protected":false},"author":2,"featured_media":97686,"comment_status":"open","ping_status":"open","sticky":false,"template":"","format":"standard","meta":{"_monsterinsights_skip_tracking":false,"_monsterinsights_sitenote_active":false,"_monsterinsights_sitenote_note":"","_monsterinsights_sitenote_category":0,"footnotes":""},"categories":[58],"tags":[],"class_list":["post-97683","post","type-post","status-publish","format-standard","has-post-thumbnail","hentry","category-cultura"],"yoast_head":"<!-- This site is optimized with the Yoast SEO plugin v27.3 - https:\/\/yoast.com\/product\/yoast-seo-wordpress\/ -->\n<title>Tenoch Huerta podr\u00eda ir por su primera nominaci\u00f3n al Oscar -<\/title>\n<meta name=\"robots\" content=\"index, follow, max-snippet:-1, max-image-preview:large, max-video-preview:-1\" \/>\n<link rel=\"canonical\" href=\"https:\/\/quehacerpolitico.mx\/?p=97683\" \/>\n<meta property=\"og:locale\" content=\"es_MX\" \/>\n<meta property=\"og:type\" content=\"article\" \/>\n<meta property=\"og:title\" content=\"Tenoch Huerta podr\u00eda ir por su primera nominaci\u00f3n al Oscar -\" \/>\n<meta property=\"og:description\" content=\"Por Redacci\u00f3n QP El trabajo de Huerta en la cinta de Marvel le ha valido...\" \/>\n<meta property=\"og:url\" content=\"https:\/\/quehacerpolitico.mx\/?p=97683\" \/>\n<meta property=\"article:published_time\" content=\"2022-12-13T00:56:54+00:00\" \/>\n<meta property=\"article:modified_time\" content=\"2022-12-13T00:56:59+00:00\" \/>\n<meta property=\"og:image\" content=\"https:\/\/quehacerpolitico.mx\/wp-content\/uploads\/2022\/12\/208FE082-6E0F-44C9-A1B5-BF4D7E053783.jpeg\" \/>\n\t<meta property=\"og:image:width\" content=\"640\" \/>\n\t<meta property=\"og:image:height\" content=\"480\" \/>\n\t<meta property=\"og:image:type\" content=\"image\/jpeg\" \/>\n<meta name=\"author\" content=\"Redacci\u00f3n QP\" \/>\n<meta name=\"twitter:card\" content=\"summary_large_image\" \/>\n<meta name=\"twitter:label1\" content=\"Escrito por\" \/>\n\t<meta name=\"twitter:data1\" content=\"Redacci\u00f3n QP\" \/>\n\t<meta name=\"twitter:label2\" content=\"Tiempo de lectura\" \/>\n\t<meta name=\"twitter:data2\" content=\"2 minutos\" \/>\n<script type=\"application\/ld+json\" class=\"yoast-schema-graph\">{\"@context\":\"https:\\\/\\\/schema.org\",\"@graph\":[{\"@type\":\"Article\",\"@id\":\"https:\\\/\\\/quehacerpolitico.mx\\\/?p=97683#article\",\"isPartOf\":{\"@id\":\"https:\\\/\\\/quehacerpolitico.mx\\\/?p=97683\"},\"author\":{\"name\":\"Redacci\u00f3n QP\",\"@id\":\"https:\\\/\\\/quehacerpolitico.mx\\\/#\\\/schema\\\/person\\\/496d8ad2d1d3f8036101dca7ee39e585\"},\"headline\":\"Tenoch Huerta podr\u00eda ir por su primera nominaci\u00f3n al Oscar\",\"datePublished\":\"2022-12-13T00:56:54+00:00\",\"dateModified\":\"2022-12-13T00:56:59+00:00\",\"mainEntityOfPage\":{\"@id\":\"https:\\\/\\\/quehacerpolitico.mx\\\/?p=97683\"},\"wordCount\":320,\"commentCount\":0,\"image\":{\"@id\":\"https:\\\/\\\/quehacerpolitico.mx\\\/?p=97683#primaryimage\"},\"thumbnailUrl\":\"https:\\\/\\\/quehacerpolitico.mx\\\/wp-content\\\/uploads\\\/2022\\\/12\\\/208FE082-6E0F-44C9-A1B5-BF4D7E053783.jpeg\",\"articleSection\":[\"Cultura y Entretenimiento\"],\"inLanguage\":\"es\",\"potentialAction\":[{\"@type\":\"CommentAction\",\"name\":\"Comment\",\"target\":[\"https:\\\/\\\/quehacerpolitico.mx\\\/?p=97683#respond\"]}]},{\"@type\":\"WebPage\",\"@id\":\"https:\\\/\\\/quehacerpolitico.mx\\\/?p=97683\",\"url\":\"https:\\\/\\\/quehacerpolitico.mx\\\/?p=97683\",\"name\":\"Tenoch Huerta podr\u00eda ir por su primera nominaci\u00f3n al Oscar -\",\"isPartOf\":{\"@id\":\"https:\\\/\\\/quehacerpolitico.mx\\\/#website\"},\"primaryImageOfPage\":{\"@id\":\"https:\\\/\\\/quehacerpolitico.mx\\\/?p=97683#primaryimage\"},\"image\":{\"@id\":\"https:\\\/\\\/quehacerpolitico.mx\\\/?p=97683#primaryimage\"},\"thumbnailUrl\":\"https:\\\/\\\/quehacerpolitico.mx\\\/wp-content\\\/uploads\\\/2022\\\/12\\\/208FE082-6E0F-44C9-A1B5-BF4D7E053783.jpeg\",\"datePublished\":\"2022-12-13T00:56:54+00:00\",\"dateModified\":\"2022-12-13T00:56:59+00:00\",\"author\":{\"@id\":\"https:\\\/\\\/quehacerpolitico.mx\\\/#\\\/schema\\\/person\\\/496d8ad2d1d3f8036101dca7ee39e585\"},\"breadcrumb\":{\"@id\":\"https:\\\/\\\/quehacerpolitico.mx\\\/?p=97683#breadcrumb\"},\"inLanguage\":\"es\",\"potentialAction\":[{\"@type\":\"ReadAction\",\"target\":[\"https:\\\/\\\/quehacerpolitico.mx\\\/?p=97683\"]}]},{\"@type\":\"ImageObject\",\"inLanguage\":\"es\",\"@id\":\"https:\\\/\\\/quehacerpolitico.mx\\\/?p=97683#primaryimage\",\"url\":\"https:\\\/\\\/quehacerpolitico.mx\\\/wp-content\\\/uploads\\\/2022\\\/12\\\/208FE082-6E0F-44C9-A1B5-BF4D7E053783.jpeg\",\"contentUrl\":\"https:\\\/\\\/quehacerpolitico.mx\\\/wp-content\\\/uploads\\\/2022\\\/12\\\/208FE082-6E0F-44C9-A1B5-BF4D7E053783.jpeg\",\"width\":640,\"height\":480},{\"@type\":\"BreadcrumbList\",\"@id\":\"https:\\\/\\\/quehacerpolitico.mx\\\/?p=97683#breadcrumb\",\"itemListElement\":[{\"@type\":\"ListItem\",\"position\":1,\"name\":\"Inicio\",\"item\":\"https:\\\/\\\/quehacerpolitico.mx\\\/\"},{\"@type\":\"ListItem\",\"position\":2,\"name\":\"Tenoch Huerta podr\u00eda ir por su primera nominaci\u00f3n al Oscar\"}]},{\"@type\":\"WebSite\",\"@id\":\"https:\\\/\\\/quehacerpolitico.mx\\\/#website\",\"url\":\"https:\\\/\\\/quehacerpolitico.mx\\\/\",\"name\":\"\",\"description\":\"\",\"potentialAction\":[{\"@type\":\"SearchAction\",\"target\":{\"@type\":\"EntryPoint\",\"urlTemplate\":\"https:\\\/\\\/quehacerpolitico.mx\\\/?s={search_term_string}\"},\"query-input\":{\"@type\":\"PropertyValueSpecification\",\"valueRequired\":true,\"valueName\":\"search_term_string\"}}],\"inLanguage\":\"es\"},{\"@type\":\"Person\",\"@id\":\"https:\\\/\\\/quehacerpolitico.mx\\\/#\\\/schema\\\/person\\\/496d8ad2d1d3f8036101dca7ee39e585\",\"name\":\"Redacci\u00f3n QP\",\"image\":{\"@type\":\"ImageObject\",\"inLanguage\":\"es\",\"@id\":\"https:\\\/\\\/secure.gravatar.com\\\/avatar\\\/c7164ed6fdec453195284ad24a5ae5b6e1eed2b848477fa2a4787ba9adf39a41?s=96&d=mm&r=g\",\"url\":\"https:\\\/\\\/secure.gravatar.com\\\/avatar\\\/c7164ed6fdec453195284ad24a5ae5b6e1eed2b848477fa2a4787ba9adf39a41?s=96&d=mm&r=g\",\"contentUrl\":\"https:\\\/\\\/secure.gravatar.com\\\/avatar\\\/c7164ed6fdec453195284ad24a5ae5b6e1eed2b848477fa2a4787ba9adf39a41?s=96&d=mm&r=g\",\"caption\":\"Redacci\u00f3n QP\"},\"url\":\"https:\\\/\\\/quehacerpolitico.mx\\\/?author=2\"}]}<\/script>\n<!-- \/ Yoast SEO plugin. -->","yoast_head_json":{"title":"Tenoch Huerta podr\u00eda ir por su primera nominaci\u00f3n al Oscar -","robots":{"index":"index","follow":"follow","max-snippet":"max-snippet:-1","max-image-preview":"max-image-preview:large","max-video-preview":"max-video-preview:-1"},"canonical":"https:\/\/quehacerpolitico.mx\/?p=97683","og_locale":"es_MX","og_type":"article","og_title":"Tenoch Huerta podr\u00eda ir por su primera nominaci\u00f3n al Oscar -","og_description":"Por Redacci\u00f3n QP El trabajo de Huerta en la cinta de Marvel le ha valido...","og_url":"https:\/\/quehacerpolitico.mx\/?p=97683","article_published_time":"2022-12-13T00:56:54+00:00","article_modified_time":"2022-12-13T00:56:59+00:00","og_image":[{"width":640,"height":480,"url":"https:\/\/quehacerpolitico.mx\/wp-content\/uploads\/2022\/12\/208FE082-6E0F-44C9-A1B5-BF4D7E053783.jpeg","type":"image\/jpeg"}],"author":"Redacci\u00f3n QP","twitter_card":"summary_large_image","twitter_misc":{"Escrito por":"Redacci\u00f3n QP","Tiempo de lectura":"2 minutos"},"schema":{"@context":"https:\/\/schema.org","@graph":[{"@type":"Article","@id":"https:\/\/quehacerpolitico.mx\/?p=97683#article","isPartOf":{"@id":"https:\/\/quehacerpolitico.mx\/?p=97683"},"author":{"name":"Redacci\u00f3n QP","@id":"https:\/\/quehacerpolitico.mx\/#\/schema\/person\/496d8ad2d1d3f8036101dca7ee39e585"},"headline":"Tenoch Huerta podr\u00eda ir por su primera nominaci\u00f3n al Oscar","datePublished":"2022-12-13T00:56:54+00:00","dateModified":"2022-12-13T00:56:59+00:00","mainEntityOfPage":{"@id":"https:\/\/quehacerpolitico.mx\/?p=97683"},"wordCount":320,"commentCount":0,"image":{"@id":"https:\/\/quehacerpolitico.mx\/?p=97683#primaryimage"},"thumbnailUrl":"https:\/\/quehacerpolitico.mx\/wp-content\/uploads\/2022\/12\/208FE082-6E0F-44C9-A1B5-BF4D7E053783.jpeg","articleSection":["Cultura y Entretenimiento"],"inLanguage":"es","potentialAction":[{"@type":"CommentAction","name":"Comment","target":["https:\/\/quehacerpolitico.mx\/?p=97683#respond"]}]},{"@type":"WebPage","@id":"https:\/\/quehacerpolitico.mx\/?p=97683","url":"https:\/\/quehacerpolitico.mx\/?p=97683","name":"Tenoch Huerta podr\u00eda ir por su primera nominaci\u00f3n al Oscar -","isPartOf":{"@id":"https:\/\/quehacerpolitico.mx\/#website"},"primaryImageOfPage":{"@id":"https:\/\/quehacerpolitico.mx\/?p=97683#primaryimage"},"image":{"@id":"https:\/\/quehacerpolitico.mx\/?p=97683#primaryimage"},"thumbnailUrl":"https:\/\/quehacerpolitico.mx\/wp-content\/uploads\/2022\/12\/208FE082-6E0F-44C9-A1B5-BF4D7E053783.jpeg","datePublished":"2022-12-13T00:56:54+00:00","dateModified":"2022-12-13T00:56:59+00:00","author":{"@id":"https:\/\/quehacerpolitico.mx\/#\/schema\/person\/496d8ad2d1d3f8036101dca7ee39e585"},"breadcrumb":{"@id":"https:\/\/quehacerpolitico.mx\/?p=97683#breadcrumb"},"inLanguage":"es","potentialAction":[{"@type":"ReadAction","target":["https:\/\/quehacerpolitico.mx\/?p=97683"]}]},{"@type":"ImageObject","inLanguage":"es","@id":"https:\/\/quehacerpolitico.mx\/?p=97683#primaryimage","url":"https:\/\/quehacerpolitico.mx\/wp-content\/uploads\/2022\/12\/208FE082-6E0F-44C9-A1B5-BF4D7E053783.jpeg","contentUrl":"https:\/\/quehacerpolitico.mx\/wp-content\/uploads\/2022\/12\/208FE082-6E0F-44C9-A1B5-BF4D7E053783.jpeg","width":640,"height":480},{"@type":"BreadcrumbList","@id":"https:\/\/quehacerpolitico.mx\/?p=97683#breadcrumb","itemListElement":[{"@type":"ListItem","position":1,"name":"Inicio","item":"https:\/\/quehacerpolitico.mx\/"},{"@type":"ListItem","position":2,"name":"Tenoch Huerta podr\u00eda ir por su primera nominaci\u00f3n al Oscar"}]},{"@type":"WebSite","@id":"https:\/\/quehacerpolitico.mx\/#website","url":"https:\/\/quehacerpolitico.mx\/","name":"","description":"","potentialAction":[{"@type":"SearchAction","target":{"@type":"EntryPoint","urlTemplate":"https:\/\/quehacerpolitico.mx\/?s={search_term_string}"},"query-input":{"@type":"PropertyValueSpecification","valueRequired":true,"valueName":"search_term_string"}}],"inLanguage":"es"},{"@type":"Person","@id":"https:\/\/quehacerpolitico.mx\/#\/schema\/person\/496d8ad2d1d3f8036101dca7ee39e585","name":"Redacci\u00f3n QP","image":{"@type":"ImageObject","inLanguage":"es","@id":"https:\/\/secure.gravatar.com\/avatar\/c7164ed6fdec453195284ad24a5ae5b6e1eed2b848477fa2a4787ba9adf39a41?s=96&d=mm&r=g","url":"https:\/\/secure.gravatar.com\/avatar\/c7164ed6fdec453195284ad24a5ae5b6e1eed2b848477fa2a4787ba9adf39a41?s=96&d=mm&r=g","contentUrl":"https:\/\/secure.gravatar.com\/avatar\/c7164ed6fdec453195284ad24a5ae5b6e1eed2b848477fa2a4787ba9adf39a41?s=96&d=mm&r=g","caption":"Redacci\u00f3n QP"},"url":"https:\/\/quehacerpolitico.mx\/?author=2"}]}},"featured_image_urls":{"full":["https:\/\/quehacerpolitico.mx\/wp-content\/uploads\/2022\/12\/208FE082-6E0F-44C9-A1B5-BF4D7E053783.jpeg",640,480,false],"thumbnail":["https:\/\/quehacerpolitico.mx\/wp-content\/uploads\/2022\/12\/208FE082-6E0F-44C9-A1B5-BF4D7E053783-150x150.jpeg",150,150,true],"medium":["https:\/\/quehacerpolitico.mx\/wp-content\/uploads\/2022\/12\/208FE082-6E0F-44C9-A1B5-BF4D7E053783-300x225.jpeg",300,225,true],"medium_large":["https:\/\/quehacerpolitico.mx\/wp-content\/uploads\/2022\/12\/208FE082-6E0F-44C9-A1B5-BF4D7E053783.jpeg",640,480,false],"large":["https:\/\/quehacerpolitico.mx\/wp-content\/uploads\/2022\/12\/208FE082-6E0F-44C9-A1B5-BF4D7E053783.jpeg",640,480,false],"1536x1536":["https:\/\/quehacerpolitico.mx\/wp-content\/uploads\/2022\/12\/208FE082-6E0F-44C9-A1B5-BF4D7E053783.jpeg",640,480,false],"2048x2048":["https:\/\/quehacerpolitico.mx\/wp-content\/uploads\/2022\/12\/208FE082-6E0F-44C9-A1B5-BF4D7E053783.jpeg",640,480,false],"covernews-featured":["https:\/\/quehacerpolitico.mx\/wp-content\/uploads\/2022\/12\/208FE082-6E0F-44C9-A1B5-BF4D7E053783.jpeg",640,480,false],"covernews-medium":["https:\/\/quehacerpolitico.mx\/wp-content\/uploads\/2022\/12\/208FE082-6E0F-44C9-A1B5-BF4D7E053783.jpeg",453,340,false]},"author_info":{"display_name":"Redacci\u00f3n QP","author_link":"https:\/\/quehacerpolitico.mx\/?author=2"},"category_info":"<a href=\"https:\/\/quehacerpolitico.mx\/?cat=58\" rel=\"category\">Cultura y Entretenimiento<\/a>","tag_info":"Cultura y Entretenimiento","comment_count":"0","_links":{"self":[{"href":"https:\/\/quehacerpolitico.mx\/index.php?rest_route=\/wp\/v2\/posts\/97683","targetHints":{"allow":["GET"]}}],"collection":[{"href":"https:\/\/quehacerpolitico.mx\/index.php?rest_route=\/wp\/v2\/posts"}],"about":[{"href":"https:\/\/quehacerpolitico.mx\/index.php?rest_route=\/wp\/v2\/types\/post"}],"author":[{"embeddable":true,"href":"https:\/\/quehacerpolitico.mx\/index.php?rest_route=\/wp\/v2\/users\/2"}],"replies":[{"embeddable":true,"href":"https:\/\/quehacerpolitico.mx\/index.php?rest_route=%2Fwp%2Fv2%2Fcomments&post=97683"}],"version-history":[{"count":1,"href":"https:\/\/quehacerpolitico.mx\/index.php?rest_route=\/wp\/v2\/posts\/97683\/revisions"}],"predecessor-version":[{"id":97687,"href":"https:\/\/quehacerpolitico.mx\/index.php?rest_route=\/wp\/v2\/posts\/97683\/revisions\/97687"}],"wp:featuredmedia":[{"embeddable":true,"href":"https:\/\/quehacerpolitico.mx\/index.php?rest_route=\/wp\/v2\/media\/97686"}],"wp:attachment":[{"href":"https:\/\/quehacerpolitico.mx\/index.php?rest_route=%2Fwp%2Fv2%2Fmedia&parent=97683"}],"wp:term":[{"taxonomy":"category","embeddable":true,"href":"https:\/\/quehacerpolitico.mx\/index.php?rest_route=%2Fwp%2Fv2%2Fcategories&post=97683"},{"taxonomy":"post_tag","embeddable":true,"href":"https:\/\/quehacerpolitico.mx\/index.php?rest_route=%2Fwp%2Fv2%2Ftags&post=97683"}],"curies":[{"name":"wp","href":"https:\/\/api.w.org\/{rel}","templated":true}]}}