{"id":97679,"date":"2022-12-13T00:20:28","date_gmt":"2022-12-13T00:20:28","guid":{"rendered":"https:\/\/quehacerpolitico.mx\/?p=97679"},"modified":"2022-12-13T00:20:31","modified_gmt":"2022-12-13T00:20:31","slug":"situacion-inmobiliaria-en-mexico-tendra-recuperacion-hasta-2024","status":"publish","type":"post","link":"https:\/\/quehacerpolitico.mx\/?p=97679","title":{"rendered":"Situaci\u00f3n inmobiliaria en Mexico tendr\u00e1 recuperaci\u00f3n hasta 2024"},"content":{"rendered":"\n<p>Por Redacci\u00f3n NotiExpress | La Revista del Sector Inmobiliario<\/p>\n\n\n\n<p>La construcci\u00f3n en M\u00e9xico se recuperar\u00e1 hasta 2024 de los problemas generados por la pandemia y la inflaci\u00f3n, estim\u00f3 Samuel V\u00e1zquez Herrera, economista de BBVA M\u00e9xico.<\/p>\n\n\n\n<p>En su informe \u201cSituaci\u00f3n inmobiliaria M\u00e9xico\u201d, el grupo financiero detall\u00f3 que a partir de finales de 2023 se ver\u00e1n indicios positivos en el mercado.<\/p>\n\n\n\n<p>En cuanto al sector inmobiliario, se\u00f1al\u00f3 que la adquisici\u00f3n est\u00e1 m\u00e1s enfocada en\u00a0viviendas usadas\u00a0que en nuevas, debido a los altos costos y al financiamiento.<\/p>\n\n\n\n<p>Por su parte, Carlos Serrano, economista jefe del banco, expuso que hoy se registra menor demanda de proyectos de construcci\u00f3n de vivienda.<\/p>\n\n\n\n<p>\u201cEn septiembre de 2022 hubo 144 mil viviendas, en el mismo periodo de 2021 se reportaron 267 mil, lo que signific\u00f3 una ca\u00edda de 46.2 por ciento\u201d.<\/p>\n\n\n\n<h3 class=\"wp-block-heading\"><strong>Infraestructura p\u00fablica mantendr\u00e1 la construcci\u00f3n<\/strong><\/h3>\n\n\n\n<p>Los economistas resaltaron la inversi\u00f3n federal que se est\u00e1 destinando para obras de infraestructura en la regi\u00f3n sur-sureste.<\/p>\n\n\n\n<p>\u201cEste ser\u00e1 el principal impulso y soporte del subsector de obra civil para 2022 y 2023\u201d, se\u00f1alaron.<\/p>\n\n\n\n<p>Para el siguiente a\u00f1o, estiman un crecimiento de 20% de impulso a proyectos p\u00fablicos, por el aumento al Presupuesto de Egresos que alcanzar\u00e1 824 mil millones de pesos.<\/p>\n\n\n\n<figure class=\"wp-block-image aligncenter\"><img decoding=\"async\" src=\"https:\/\/inmobiliare.com\/himalaya\/wp-content\/uploads\/2022\/11\/sector-construccion-2-300x199.jpg\" alt=\"sector construcci\u00f3n-2\" class=\"wp-image-88007\"\/><\/figure>\n\n\n\n<p>El 60% de este presupuesto de obras p\u00fablicas se concentra en las entidades donde se realizan los principales proyectos de la administraci\u00f3n federal. Destacan Campeche, Tabasco y Ciudad de M\u00e9xico, con el 60% del presupuesto.<\/p>\n\n\n\n<p>\u201cCon todo esto, creemos que el PIB de la construcci\u00f3n va a crecer 1% el a\u00f1o que viene. La obra civil es el subsector que m\u00e1s va a aportar y la edificaci\u00f3n no va a crecer dado que la demanda por vivienda nueva no ha despegado\u201d, dijeron.<\/p>\n\n\n\n<h3 class=\"wp-block-heading\"><strong>Sube m\u00e1s de 20% morosidad del Infonavit<\/strong><\/h3>\n\n\n\n<p>El \u00edndice de morosidad del Infonavit pas\u00f3 de niveles entre el 9 a 13% durante 2012 y 2019, a m\u00e1s del 20% para junio de 2020 y de 21.3% para marzo de 2022.<\/p>\n\n\n\n<p>Esto debido a buenas pr\u00e1cticas administrativas centradas en la reclasificaci\u00f3n de 304 mil cr\u00e9ditos de vigentes a vencidos.<\/p>\n\n\n\n<p>Si bien el crecimiento de la morosidad coincide con el inicio de la pandemia, las razones para el repunte significativo en el \u00edndice de impago se atribuyen a cambios administrativos, explic\u00f3 Marisa Gonz\u00e1lez, economista de BBVA M\u00e9xico.<\/p>\n\n\n\n<p>Al respecto, la Sociedad Hipotecaria Federal (SHF) consider\u00f3 que el precio de la vivienda aument\u00f3 8% al 2T2022. Adem\u00e1s, el alza de tasa de Banxico provoc\u00f3 que las constructoras se enfrentaran a inter\u00e9s en crecimiento al financiarse.<\/p>\n\n\n\n<p>Sin embargo, en las tasas de inter\u00e9s hipotecarias no se han observado mayores incrementos, manteni\u00e9ndose en niveles de 9% y 9.4%, pese a las fuertes presiones que ocasionan los aumentos de tasa del banco central.<\/p>\n\n\n\n<p>No se te olvide que?<\/p>\n\n\n\n<p>En\u00a0NotiExpress | La Revista del Sector Inmobiliario nos ocupamos en la difusi\u00f3n de la industria inmobiliaria generamos contenidos que te ayudar\u00e1n a mantenerte a la vanguardia en tecnolog\u00eda y en tendencias del sector inmobiliario para que puedas ofrecer el mejor servicio y generar m\u00e1s clientes.<\/p>\n\n\n\n<p>\u00c9chale una miradita a nuestra revista mensual donde encontrar\u00e1s la informaci\u00f3n precisa y oportuna con todo lo relacionado al sector inmobiliario aqu\u00ed\u00a0?<a href=\"https:\/\/issuu.com\/notiexpressmx\/docs\/notiexpress_07\">https:\/\/issuu.com\/notiexpressmx\/docs\/notiexpress_07\u00a0<\/a>\u00a0NotiExpress | La Revista del Sector Inmobiliario<\/p>\n\n\n\n<figure class=\"wp-block-image size-large\"><img loading=\"lazy\" decoding=\"async\" width=\"1024\" height=\"378\" src=\"https:\/\/quehacerpolitico.mx\/wp-content\/uploads\/2022\/12\/image-14-1024x378.jpeg\" alt=\"\" class=\"wp-image-97680\" srcset=\"https:\/\/quehacerpolitico.mx\/wp-content\/uploads\/2022\/12\/image-14-1024x378.jpeg 1024w, https:\/\/quehacerpolitico.mx\/wp-content\/uploads\/2022\/12\/image-14-300x111.jpeg 300w, https:\/\/quehacerpolitico.mx\/wp-content\/uploads\/2022\/12\/image-14-768x284.jpeg 768w, https:\/\/quehacerpolitico.mx\/wp-content\/uploads\/2022\/12\/image-14-260x96.jpeg 260w, https:\/\/quehacerpolitico.mx\/wp-content\/uploads\/2022\/12\/image-14-50x18.jpeg 50w, https:\/\/quehacerpolitico.mx\/wp-content\/uploads\/2022\/12\/image-14-150x55.jpeg 150w, https:\/\/quehacerpolitico.mx\/wp-content\/uploads\/2022\/12\/image-14.jpeg 1280w\" sizes=\"auto, (max-width: 1024px) 100vw, 1024px\" \/><\/figure>\n","protected":false},"excerpt":{"rendered":"<p>Por Redacci\u00f3n NotiExpress | La Revista del Sector Inmobiliario La construcci\u00f3n en M\u00e9xico se recuperar\u00e1&#8230;<\/p>\n","protected":false},"author":2,"featured_media":97681,"comment_status":"open","ping_status":"open","sticky":false,"template":"","format":"standard","meta":{"_monsterinsights_skip_tracking":false,"_monsterinsights_sitenote_active":false,"_monsterinsights_sitenote_note":"","_monsterinsights_sitenote_category":0,"footnotes":""},"categories":[56],"tags":[],"class_list":["post-97679","post","type-post","status-publish","format-standard","has-post-thumbnail","hentry","category-economia"],"yoast_head":"<!-- This site is optimized with the Yoast SEO plugin v27.3 - https:\/\/yoast.com\/product\/yoast-seo-wordpress\/ -->\n<title>Situaci\u00f3n inmobiliaria en Mexico tendr\u00e1 recuperaci\u00f3n hasta 2024 -<\/title>\n<meta name=\"robots\" content=\"index, follow, max-snippet:-1, max-image-preview:large, max-video-preview:-1\" \/>\n<link rel=\"canonical\" href=\"https:\/\/quehacerpolitico.mx\/?p=97679\" \/>\n<meta property=\"og:locale\" content=\"es_MX\" \/>\n<meta property=\"og:type\" content=\"article\" \/>\n<meta property=\"og:title\" content=\"Situaci\u00f3n inmobiliaria en Mexico tendr\u00e1 recuperaci\u00f3n hasta 2024 -\" \/>\n<meta property=\"og:description\" content=\"Por Redacci\u00f3n NotiExpress | La Revista del Sector Inmobiliario La construcci\u00f3n en M\u00e9xico se recuperar\u00e1...\" \/>\n<meta property=\"og:url\" content=\"https:\/\/quehacerpolitico.mx\/?p=97679\" \/>\n<meta property=\"article:published_time\" content=\"2022-12-13T00:20:28+00:00\" \/>\n<meta property=\"article:modified_time\" content=\"2022-12-13T00:20:31+00:00\" \/>\n<meta property=\"og:image\" content=\"https:\/\/quehacerpolitico.mx\/wp-content\/uploads\/2022\/12\/726C3802-FBDE-4010-BEC0-29E654EEADF8.jpeg\" \/>\n\t<meta property=\"og:image:width\" content=\"2046\" \/>\n\t<meta property=\"og:image:height\" content=\"986\" \/>\n\t<meta property=\"og:image:type\" content=\"image\/jpeg\" \/>\n<meta name=\"author\" content=\"Redacci\u00f3n QP\" \/>\n<meta name=\"twitter:card\" content=\"summary_large_image\" \/>\n<meta name=\"twitter:label1\" content=\"Escrito por\" \/>\n\t<meta name=\"twitter:data1\" content=\"Redacci\u00f3n QP\" \/>\n\t<meta name=\"twitter:label2\" content=\"Tiempo de lectura\" \/>\n\t<meta name=\"twitter:data2\" content=\"3 minutos\" \/>\n<script type=\"application\/ld+json\" class=\"yoast-schema-graph\">{\"@context\":\"https:\\\/\\\/schema.org\",\"@graph\":[{\"@type\":\"Article\",\"@id\":\"https:\\\/\\\/quehacerpolitico.mx\\\/?p=97679#article\",\"isPartOf\":{\"@id\":\"https:\\\/\\\/quehacerpolitico.mx\\\/?p=97679\"},\"author\":{\"name\":\"Redacci\u00f3n QP\",\"@id\":\"https:\\\/\\\/quehacerpolitico.mx\\\/#\\\/schema\\\/person\\\/496d8ad2d1d3f8036101dca7ee39e585\"},\"headline\":\"Situaci\u00f3n inmobiliaria en Mexico tendr\u00e1 recuperaci\u00f3n hasta 2024\",\"datePublished\":\"2022-12-13T00:20:28+00:00\",\"dateModified\":\"2022-12-13T00:20:31+00:00\",\"mainEntityOfPage\":{\"@id\":\"https:\\\/\\\/quehacerpolitico.mx\\\/?p=97679\"},\"wordCount\":561,\"commentCount\":0,\"image\":{\"@id\":\"https:\\\/\\\/quehacerpolitico.mx\\\/?p=97679#primaryimage\"},\"thumbnailUrl\":\"https:\\\/\\\/quehacerpolitico.mx\\\/wp-content\\\/uploads\\\/2022\\\/12\\\/726C3802-FBDE-4010-BEC0-29E654EEADF8.jpeg\",\"articleSection\":[\"Econom\u00eda\"],\"inLanguage\":\"es\",\"potentialAction\":[{\"@type\":\"CommentAction\",\"name\":\"Comment\",\"target\":[\"https:\\\/\\\/quehacerpolitico.mx\\\/?p=97679#respond\"]}]},{\"@type\":\"WebPage\",\"@id\":\"https:\\\/\\\/quehacerpolitico.mx\\\/?p=97679\",\"url\":\"https:\\\/\\\/quehacerpolitico.mx\\\/?p=97679\",\"name\":\"Situaci\u00f3n inmobiliaria en Mexico tendr\u00e1 recuperaci\u00f3n hasta 2024 -\",\"isPartOf\":{\"@id\":\"https:\\\/\\\/quehacerpolitico.mx\\\/#website\"},\"primaryImageOfPage\":{\"@id\":\"https:\\\/\\\/quehacerpolitico.mx\\\/?p=97679#primaryimage\"},\"image\":{\"@id\":\"https:\\\/\\\/quehacerpolitico.mx\\\/?p=97679#primaryimage\"},\"thumbnailUrl\":\"https:\\\/\\\/quehacerpolitico.mx\\\/wp-content\\\/uploads\\\/2022\\\/12\\\/726C3802-FBDE-4010-BEC0-29E654EEADF8.jpeg\",\"datePublished\":\"2022-12-13T00:20:28+00:00\",\"dateModified\":\"2022-12-13T00:20:31+00:00\",\"author\":{\"@id\":\"https:\\\/\\\/quehacerpolitico.mx\\\/#\\\/schema\\\/person\\\/496d8ad2d1d3f8036101dca7ee39e585\"},\"breadcrumb\":{\"@id\":\"https:\\\/\\\/quehacerpolitico.mx\\\/?p=97679#breadcrumb\"},\"inLanguage\":\"es\",\"potentialAction\":[{\"@type\":\"ReadAction\",\"target\":[\"https:\\\/\\\/quehacerpolitico.mx\\\/?p=97679\"]}]},{\"@type\":\"ImageObject\",\"inLanguage\":\"es\",\"@id\":\"https:\\\/\\\/quehacerpolitico.mx\\\/?p=97679#primaryimage\",\"url\":\"https:\\\/\\\/quehacerpolitico.mx\\\/wp-content\\\/uploads\\\/2022\\\/12\\\/726C3802-FBDE-4010-BEC0-29E654EEADF8.jpeg\",\"contentUrl\":\"https:\\\/\\\/quehacerpolitico.mx\\\/wp-content\\\/uploads\\\/2022\\\/12\\\/726C3802-FBDE-4010-BEC0-29E654EEADF8.jpeg\",\"width\":2046,\"height\":986},{\"@type\":\"BreadcrumbList\",\"@id\":\"https:\\\/\\\/quehacerpolitico.mx\\\/?p=97679#breadcrumb\",\"itemListElement\":[{\"@type\":\"ListItem\",\"position\":1,\"name\":\"Inicio\",\"item\":\"https:\\\/\\\/quehacerpolitico.mx\\\/\"},{\"@type\":\"ListItem\",\"position\":2,\"name\":\"Situaci\u00f3n inmobiliaria en Mexico tendr\u00e1 recuperaci\u00f3n hasta 2024\"}]},{\"@type\":\"WebSite\",\"@id\":\"https:\\\/\\\/quehacerpolitico.mx\\\/#website\",\"url\":\"https:\\\/\\\/quehacerpolitico.mx\\\/\",\"name\":\"\",\"description\":\"\",\"potentialAction\":[{\"@type\":\"SearchAction\",\"target\":{\"@type\":\"EntryPoint\",\"urlTemplate\":\"https:\\\/\\\/quehacerpolitico.mx\\\/?s={search_term_string}\"},\"query-input\":{\"@type\":\"PropertyValueSpecification\",\"valueRequired\":true,\"valueName\":\"search_term_string\"}}],\"inLanguage\":\"es\"},{\"@type\":\"Person\",\"@id\":\"https:\\\/\\\/quehacerpolitico.mx\\\/#\\\/schema\\\/person\\\/496d8ad2d1d3f8036101dca7ee39e585\",\"name\":\"Redacci\u00f3n QP\",\"image\":{\"@type\":\"ImageObject\",\"inLanguage\":\"es\",\"@id\":\"https:\\\/\\\/secure.gravatar.com\\\/avatar\\\/c7164ed6fdec453195284ad24a5ae5b6e1eed2b848477fa2a4787ba9adf39a41?s=96&d=mm&r=g\",\"url\":\"https:\\\/\\\/secure.gravatar.com\\\/avatar\\\/c7164ed6fdec453195284ad24a5ae5b6e1eed2b848477fa2a4787ba9adf39a41?s=96&d=mm&r=g\",\"contentUrl\":\"https:\\\/\\\/secure.gravatar.com\\\/avatar\\\/c7164ed6fdec453195284ad24a5ae5b6e1eed2b848477fa2a4787ba9adf39a41?s=96&d=mm&r=g\",\"caption\":\"Redacci\u00f3n QP\"},\"url\":\"https:\\\/\\\/quehacerpolitico.mx\\\/?author=2\"}]}<\/script>\n<!-- \/ Yoast SEO plugin. -->","yoast_head_json":{"title":"Situaci\u00f3n inmobiliaria en Mexico tendr\u00e1 recuperaci\u00f3n hasta 2024 -","robots":{"index":"index","follow":"follow","max-snippet":"max-snippet:-1","max-image-preview":"max-image-preview:large","max-video-preview":"max-video-preview:-1"},"canonical":"https:\/\/quehacerpolitico.mx\/?p=97679","og_locale":"es_MX","og_type":"article","og_title":"Situaci\u00f3n inmobiliaria en Mexico tendr\u00e1 recuperaci\u00f3n hasta 2024 -","og_description":"Por Redacci\u00f3n NotiExpress | La Revista del Sector Inmobiliario La construcci\u00f3n en M\u00e9xico se recuperar\u00e1...","og_url":"https:\/\/quehacerpolitico.mx\/?p=97679","article_published_time":"2022-12-13T00:20:28+00:00","article_modified_time":"2022-12-13T00:20:31+00:00","og_image":[{"width":2046,"height":986,"url":"https:\/\/quehacerpolitico.mx\/wp-content\/uploads\/2022\/12\/726C3802-FBDE-4010-BEC0-29E654EEADF8.jpeg","type":"image\/jpeg"}],"author":"Redacci\u00f3n QP","twitter_card":"summary_large_image","twitter_misc":{"Escrito por":"Redacci\u00f3n QP","Tiempo de lectura":"3 minutos"},"schema":{"@context":"https:\/\/schema.org","@graph":[{"@type":"Article","@id":"https:\/\/quehacerpolitico.mx\/?p=97679#article","isPartOf":{"@id":"https:\/\/quehacerpolitico.mx\/?p=97679"},"author":{"name":"Redacci\u00f3n QP","@id":"https:\/\/quehacerpolitico.mx\/#\/schema\/person\/496d8ad2d1d3f8036101dca7ee39e585"},"headline":"Situaci\u00f3n inmobiliaria en Mexico tendr\u00e1 recuperaci\u00f3n hasta 2024","datePublished":"2022-12-13T00:20:28+00:00","dateModified":"2022-12-13T00:20:31+00:00","mainEntityOfPage":{"@id":"https:\/\/quehacerpolitico.mx\/?p=97679"},"wordCount":561,"commentCount":0,"image":{"@id":"https:\/\/quehacerpolitico.mx\/?p=97679#primaryimage"},"thumbnailUrl":"https:\/\/quehacerpolitico.mx\/wp-content\/uploads\/2022\/12\/726C3802-FBDE-4010-BEC0-29E654EEADF8.jpeg","articleSection":["Econom\u00eda"],"inLanguage":"es","potentialAction":[{"@type":"CommentAction","name":"Comment","target":["https:\/\/quehacerpolitico.mx\/?p=97679#respond"]}]},{"@type":"WebPage","@id":"https:\/\/quehacerpolitico.mx\/?p=97679","url":"https:\/\/quehacerpolitico.mx\/?p=97679","name":"Situaci\u00f3n inmobiliaria en Mexico tendr\u00e1 recuperaci\u00f3n hasta 2024 -","isPartOf":{"@id":"https:\/\/quehacerpolitico.mx\/#website"},"primaryImageOfPage":{"@id":"https:\/\/quehacerpolitico.mx\/?p=97679#primaryimage"},"image":{"@id":"https:\/\/quehacerpolitico.mx\/?p=97679#primaryimage"},"thumbnailUrl":"https:\/\/quehacerpolitico.mx\/wp-content\/uploads\/2022\/12\/726C3802-FBDE-4010-BEC0-29E654EEADF8.jpeg","datePublished":"2022-12-13T00:20:28+00:00","dateModified":"2022-12-13T00:20:31+00:00","author":{"@id":"https:\/\/quehacerpolitico.mx\/#\/schema\/person\/496d8ad2d1d3f8036101dca7ee39e585"},"breadcrumb":{"@id":"https:\/\/quehacerpolitico.mx\/?p=97679#breadcrumb"},"inLanguage":"es","potentialAction":[{"@type":"ReadAction","target":["https:\/\/quehacerpolitico.mx\/?p=97679"]}]},{"@type":"ImageObject","inLanguage":"es","@id":"https:\/\/quehacerpolitico.mx\/?p=97679#primaryimage","url":"https:\/\/quehacerpolitico.mx\/wp-content\/uploads\/2022\/12\/726C3802-FBDE-4010-BEC0-29E654EEADF8.jpeg","contentUrl":"https:\/\/quehacerpolitico.mx\/wp-content\/uploads\/2022\/12\/726C3802-FBDE-4010-BEC0-29E654EEADF8.jpeg","width":2046,"height":986},{"@type":"BreadcrumbList","@id":"https:\/\/quehacerpolitico.mx\/?p=97679#breadcrumb","itemListElement":[{"@type":"ListItem","position":1,"name":"Inicio","item":"https:\/\/quehacerpolitico.mx\/"},{"@type":"ListItem","position":2,"name":"Situaci\u00f3n inmobiliaria en Mexico tendr\u00e1 recuperaci\u00f3n hasta 2024"}]},{"@type":"WebSite","@id":"https:\/\/quehacerpolitico.mx\/#website","url":"https:\/\/quehacerpolitico.mx\/","name":"","description":"","potentialAction":[{"@type":"SearchAction","target":{"@type":"EntryPoint","urlTemplate":"https:\/\/quehacerpolitico.mx\/?s={search_term_string}"},"query-input":{"@type":"PropertyValueSpecification","valueRequired":true,"valueName":"search_term_string"}}],"inLanguage":"es"},{"@type":"Person","@id":"https:\/\/quehacerpolitico.mx\/#\/schema\/person\/496d8ad2d1d3f8036101dca7ee39e585","name":"Redacci\u00f3n QP","image":{"@type":"ImageObject","inLanguage":"es","@id":"https:\/\/secure.gravatar.com\/avatar\/c7164ed6fdec453195284ad24a5ae5b6e1eed2b848477fa2a4787ba9adf39a41?s=96&d=mm&r=g","url":"https:\/\/secure.gravatar.com\/avatar\/c7164ed6fdec453195284ad24a5ae5b6e1eed2b848477fa2a4787ba9adf39a41?s=96&d=mm&r=g","contentUrl":"https:\/\/secure.gravatar.com\/avatar\/c7164ed6fdec453195284ad24a5ae5b6e1eed2b848477fa2a4787ba9adf39a41?s=96&d=mm&r=g","caption":"Redacci\u00f3n QP"},"url":"https:\/\/quehacerpolitico.mx\/?author=2"}]}},"featured_image_urls":{"full":["https:\/\/quehacerpolitico.mx\/wp-content\/uploads\/2022\/12\/726C3802-FBDE-4010-BEC0-29E654EEADF8.jpeg",2046,986,false],"thumbnail":["https:\/\/quehacerpolitico.mx\/wp-content\/uploads\/2022\/12\/726C3802-FBDE-4010-BEC0-29E654EEADF8-150x150.jpeg",150,150,true],"medium":["https:\/\/quehacerpolitico.mx\/wp-content\/uploads\/2022\/12\/726C3802-FBDE-4010-BEC0-29E654EEADF8-300x145.jpeg",300,145,true],"medium_large":["https:\/\/quehacerpolitico.mx\/wp-content\/uploads\/2022\/12\/726C3802-FBDE-4010-BEC0-29E654EEADF8-768x370.jpeg",640,308,true],"large":["https:\/\/quehacerpolitico.mx\/wp-content\/uploads\/2022\/12\/726C3802-FBDE-4010-BEC0-29E654EEADF8-1024x493.jpeg",640,308,true],"1536x1536":["https:\/\/quehacerpolitico.mx\/wp-content\/uploads\/2022\/12\/726C3802-FBDE-4010-BEC0-29E654EEADF8-1536x740.jpeg",1536,740,true],"2048x2048":["https:\/\/quehacerpolitico.mx\/wp-content\/uploads\/2022\/12\/726C3802-FBDE-4010-BEC0-29E654EEADF8.jpeg",2046,986,false],"covernews-featured":["https:\/\/quehacerpolitico.mx\/wp-content\/uploads\/2022\/12\/726C3802-FBDE-4010-BEC0-29E654EEADF8.jpeg",1024,493,false],"covernews-medium":["https:\/\/quehacerpolitico.mx\/wp-content\/uploads\/2022\/12\/726C3802-FBDE-4010-BEC0-29E654EEADF8.jpeg",540,260,false]},"author_info":{"display_name":"Redacci\u00f3n QP","author_link":"https:\/\/quehacerpolitico.mx\/?author=2"},"category_info":"<a href=\"https:\/\/quehacerpolitico.mx\/?cat=56\" rel=\"category\">Econom\u00eda<\/a>","tag_info":"Econom\u00eda","comment_count":"0","_links":{"self":[{"href":"https:\/\/quehacerpolitico.mx\/index.php?rest_route=\/wp\/v2\/posts\/97679","targetHints":{"allow":["GET"]}}],"collection":[{"href":"https:\/\/quehacerpolitico.mx\/index.php?rest_route=\/wp\/v2\/posts"}],"about":[{"href":"https:\/\/quehacerpolitico.mx\/index.php?rest_route=\/wp\/v2\/types\/post"}],"author":[{"embeddable":true,"href":"https:\/\/quehacerpolitico.mx\/index.php?rest_route=\/wp\/v2\/users\/2"}],"replies":[{"embeddable":true,"href":"https:\/\/quehacerpolitico.mx\/index.php?rest_route=%2Fwp%2Fv2%2Fcomments&post=97679"}],"version-history":[{"count":1,"href":"https:\/\/quehacerpolitico.mx\/index.php?rest_route=\/wp\/v2\/posts\/97679\/revisions"}],"predecessor-version":[{"id":97682,"href":"https:\/\/quehacerpolitico.mx\/index.php?rest_route=\/wp\/v2\/posts\/97679\/revisions\/97682"}],"wp:featuredmedia":[{"embeddable":true,"href":"https:\/\/quehacerpolitico.mx\/index.php?rest_route=\/wp\/v2\/media\/97681"}],"wp:attachment":[{"href":"https:\/\/quehacerpolitico.mx\/index.php?rest_route=%2Fwp%2Fv2%2Fmedia&parent=97679"}],"wp:term":[{"taxonomy":"category","embeddable":true,"href":"https:\/\/quehacerpolitico.mx\/index.php?rest_route=%2Fwp%2Fv2%2Fcategories&post=97679"},{"taxonomy":"post_tag","embeddable":true,"href":"https:\/\/quehacerpolitico.mx\/index.php?rest_route=%2Fwp%2Fv2%2Ftags&post=97679"}],"curies":[{"name":"wp","href":"https:\/\/api.w.org\/{rel}","templated":true}]}}