{"id":97676,"date":"2022-12-13T00:00:45","date_gmt":"2022-12-13T00:00:45","guid":{"rendered":"https:\/\/quehacerpolitico.mx\/?p=97676"},"modified":"2022-12-13T00:00:48","modified_gmt":"2022-12-13T00:00:48","slug":"que-mexicanos-estan-nominados-a-los-globos-de-oro-2023","status":"publish","type":"post","link":"https:\/\/quehacerpolitico.mx\/?p=97676","title":{"rendered":"Que mexicanos est\u00e1n nominados a los Globos de Oro 2023"},"content":{"rendered":"\n<p>Por Redacci\u00f3n QP<\/p>\n\n\n\n<p>Los Globos de Oro regresan, y con ellos, diversos talentos mexicanos cuyo trabajo ha sido reconocido en las siguientes nominaciones<\/p>\n\n\n\n<p><strong>Han sido anunciadas ya las nominaciones para los premios Globos de Oro 2023 a lo mejor del cine y la televisi\u00f3n,\u00a0<\/strong>categor\u00edas que da a conocer la Asociaci\u00f3n de la Prensa Extranjera de Hollywood (HFPA, por sus siglas en ingl\u00e9s) y que en esta ocasi\u00f3n volver\u00e1n a realizarse en una ceremonia presencial el pr\u00f3ximo 10 de enero; ahora, controversias aparte, los mexicanos no est\u00e1n fuera de estas nominaciones y algunos de ellos cuentan con posibilidades de llevarse la estatuilla a casa.<\/p>\n\n\n\n<h2 class=\"wp-block-heading\">Un mexicano y una casi<\/h2>\n\n\n\n<p>En cuanto a los galardones para producciones de televisi\u00f3n, vale considera primero que, a pesar de no ser mexicana de nacimiento (es de Valle de Coachella, California), la actriz\u00a0<strong>Jenna Ortega s\u00ed lo es por ascendencia y ahora ha obtenido su nominaci\u00f3n por su labor como actriz protag\u00f3nica en la serie \u2018Wednesday\u2019\u00a0<\/strong>(traducida como \u2018Merlina\u2019), de Tim Burton.<\/p>\n\n\n\n<p>Con todo, quien s\u00ed es mexicano de todo a todo es quien ahora ha logrado ser nominado por su desempe\u00f1o como actor en una serie televisiva de drama, se trata del c\u00e9lebre charolastra y productor\u00a0<strong>Diego Luna, que ahora competir\u00e1 por la estatuilla gracias a su estelar en la serie de Disney \u2018Andor\u2019, del universo de Star Wars\u00a0<\/strong>que, a pesar de no haber conseguido el \u00e9xito esperado, se halla en plena campa\u00f1a para abogar por una segunda temporada.<\/p>\n\n\n\n<h2 class=\"wp-block-heading\">Un caso especial<\/h2>\n\n\n\n<p>Por otra parte, en el \u00e1rea de los premios por producciones de cine, la nominaci\u00f3n de Diego Calva no ha sorprendido salvo a quienes no conoc\u00edan su nombre; ahora compite en el rubro de Mejor Actor (estelar)&nbsp;<strong>en una pel\u00edcula musical o de comedia, gracias a su protag\u00f3nico papel en el largometraje \u2018Babylon\u2019, de Damien Chazelle,&nbsp;<\/strong>donde comparte su trabajo al lado de Brad Pitt y Margot Robbie.<\/p>\n\n\n\n<p>Ahora bien, Diego Calva Hern\u00e1ndez es un actor mexicano, nacido en 1992 en la Ciudad de M\u00e9xico; como es natural, se interes\u00f3 por el cine desde muy joven aunque debi\u00f3 estudiar direcci\u00f3n cinematogr\u00e1fica en el Centro de Capacitaci\u00f3n Cinematogr\u00e1fica de la UNAM p<strong>ara acceder a la industria, y sus primeros trabajos fueron como gaffer y asistente de c\u00e1maras. M\u00e1s tarde comenz\u00f3 a trabajar como actor y su primera oportunidad\u00a0<\/strong>fue en una pel\u00edcula de Juli\u00e1n\u00a0Hern\u00e1ndez Cord\u00f3n, \u2018Te prometo anarqu\u00eda\u2019 (2015). Luego lleg\u00f3 la televisi\u00f3n y ahora, esta enorme oportunidad.<\/p>\n\n\n\n<h2 class=\"wp-block-heading\">Lo ya esperado<\/h2>\n\n\n\n<p>Con todo, lo que ya se esperaba \u2013adem\u00e1s de que dejaran fuera a A. G. I\u00f1\u00e1rritu de la categor\u00eda de pel\u00edculas en lengua no inglesa\u2013 es que \u2018Pinocchio\u2019, del mexicano Guillermo del Toro, obtuviera m\u00e1s de una nominaci\u00f3n; y as\u00ed sucedi\u00f3.&nbsp;<strong>Primero, a pesar de que en este caso no recoger\u00eda el galard\u00f3n un nacional, el reconocido compositor Alexandre Desplat est\u00e1 nominado por si Partitura Musical Original<\/strong>&nbsp;de esta cinta animada.<\/p>\n\n\n\n<p>Asimismo, \u2018Pinocchio\u2019 recibi\u00f3 la nominaci\u00f3n \u2013y es favorita\u2013 en el rubro de Mejor Pel\u00edcula de Animaci\u00f3n, y ah\u00ed s\u00ed subir\u00eda a recoger su presea el propio Del Toro; con todo, a pesar de no ser sorpresivo (pero s\u00ed inusual),&nbsp;<strong>el propio animador mexicano podr\u00eda subir una vez m\u00e1s al escenario porque la cinta de la popular marioneta<\/strong>&nbsp;tiene una nominaci\u00f3n m\u00e1s y se trata de Mejor Canci\u00f3n Original, por el tema \u201cCiao Papa\u201d, coescrito por Guillermo del Toro y Roeban Katz.<\/p>\n","protected":false},"excerpt":{"rendered":"<p>Por Redacci\u00f3n QP Los Globos de Oro regresan, y con ellos, diversos talentos mexicanos cuyo&#8230;<\/p>\n","protected":false},"author":2,"featured_media":97677,"comment_status":"open","ping_status":"open","sticky":false,"template":"","format":"standard","meta":{"_monsterinsights_skip_tracking":false,"_monsterinsights_sitenote_active":false,"_monsterinsights_sitenote_note":"","_monsterinsights_sitenote_category":0,"footnotes":""},"categories":[58],"tags":[],"class_list":["post-97676","post","type-post","status-publish","format-standard","has-post-thumbnail","hentry","category-cultura"],"yoast_head":"<!-- This site is optimized with the Yoast SEO plugin v27.3 - https:\/\/yoast.com\/product\/yoast-seo-wordpress\/ -->\n<title>Que mexicanos est\u00e1n nominados a los Globos de Oro 2023 -<\/title>\n<meta name=\"robots\" content=\"index, follow, max-snippet:-1, max-image-preview:large, max-video-preview:-1\" \/>\n<link rel=\"canonical\" href=\"https:\/\/quehacerpolitico.mx\/?p=97676\" \/>\n<meta property=\"og:locale\" content=\"es_MX\" \/>\n<meta property=\"og:type\" content=\"article\" \/>\n<meta property=\"og:title\" content=\"Que mexicanos est\u00e1n nominados a los Globos de Oro 2023 -\" \/>\n<meta property=\"og:description\" content=\"Por Redacci\u00f3n QP Los Globos de Oro regresan, y con ellos, diversos talentos mexicanos cuyo...\" \/>\n<meta property=\"og:url\" content=\"https:\/\/quehacerpolitico.mx\/?p=97676\" \/>\n<meta property=\"article:published_time\" content=\"2022-12-13T00:00:45+00:00\" \/>\n<meta property=\"article:modified_time\" content=\"2022-12-13T00:00:48+00:00\" \/>\n<meta property=\"og:image\" content=\"https:\/\/quehacerpolitico.mx\/wp-content\/uploads\/2022\/12\/A787A12B-0092-4AE2-89A6-165150E5FDE5.jpeg\" \/>\n\t<meta property=\"og:image:width\" content=\"1024\" \/>\n\t<meta property=\"og:image:height\" content=\"576\" \/>\n\t<meta property=\"og:image:type\" content=\"image\/jpeg\" \/>\n<meta name=\"author\" content=\"Redacci\u00f3n QP\" \/>\n<meta name=\"twitter:card\" content=\"summary_large_image\" \/>\n<meta name=\"twitter:label1\" content=\"Escrito por\" \/>\n\t<meta name=\"twitter:data1\" content=\"Redacci\u00f3n QP\" \/>\n\t<meta name=\"twitter:label2\" content=\"Tiempo de lectura\" \/>\n\t<meta name=\"twitter:data2\" content=\"3 minutos\" \/>\n<script type=\"application\/ld+json\" class=\"yoast-schema-graph\">{\"@context\":\"https:\\\/\\\/schema.org\",\"@graph\":[{\"@type\":\"Article\",\"@id\":\"https:\\\/\\\/quehacerpolitico.mx\\\/?p=97676#article\",\"isPartOf\":{\"@id\":\"https:\\\/\\\/quehacerpolitico.mx\\\/?p=97676\"},\"author\":{\"name\":\"Redacci\u00f3n QP\",\"@id\":\"https:\\\/\\\/quehacerpolitico.mx\\\/#\\\/schema\\\/person\\\/496d8ad2d1d3f8036101dca7ee39e585\"},\"headline\":\"Que mexicanos est\u00e1n nominados a los Globos de Oro 2023\",\"datePublished\":\"2022-12-13T00:00:45+00:00\",\"dateModified\":\"2022-12-13T00:00:48+00:00\",\"mainEntityOfPage\":{\"@id\":\"https:\\\/\\\/quehacerpolitico.mx\\\/?p=97676\"},\"wordCount\":624,\"commentCount\":0,\"image\":{\"@id\":\"https:\\\/\\\/quehacerpolitico.mx\\\/?p=97676#primaryimage\"},\"thumbnailUrl\":\"https:\\\/\\\/quehacerpolitico.mx\\\/wp-content\\\/uploads\\\/2022\\\/12\\\/A787A12B-0092-4AE2-89A6-165150E5FDE5.jpeg\",\"articleSection\":[\"Cultura y Entretenimiento\"],\"inLanguage\":\"es\",\"potentialAction\":[{\"@type\":\"CommentAction\",\"name\":\"Comment\",\"target\":[\"https:\\\/\\\/quehacerpolitico.mx\\\/?p=97676#respond\"]}]},{\"@type\":\"WebPage\",\"@id\":\"https:\\\/\\\/quehacerpolitico.mx\\\/?p=97676\",\"url\":\"https:\\\/\\\/quehacerpolitico.mx\\\/?p=97676\",\"name\":\"Que mexicanos est\u00e1n nominados a los Globos de Oro 2023 -\",\"isPartOf\":{\"@id\":\"https:\\\/\\\/quehacerpolitico.mx\\\/#website\"},\"primaryImageOfPage\":{\"@id\":\"https:\\\/\\\/quehacerpolitico.mx\\\/?p=97676#primaryimage\"},\"image\":{\"@id\":\"https:\\\/\\\/quehacerpolitico.mx\\\/?p=97676#primaryimage\"},\"thumbnailUrl\":\"https:\\\/\\\/quehacerpolitico.mx\\\/wp-content\\\/uploads\\\/2022\\\/12\\\/A787A12B-0092-4AE2-89A6-165150E5FDE5.jpeg\",\"datePublished\":\"2022-12-13T00:00:45+00:00\",\"dateModified\":\"2022-12-13T00:00:48+00:00\",\"author\":{\"@id\":\"https:\\\/\\\/quehacerpolitico.mx\\\/#\\\/schema\\\/person\\\/496d8ad2d1d3f8036101dca7ee39e585\"},\"breadcrumb\":{\"@id\":\"https:\\\/\\\/quehacerpolitico.mx\\\/?p=97676#breadcrumb\"},\"inLanguage\":\"es\",\"potentialAction\":[{\"@type\":\"ReadAction\",\"target\":[\"https:\\\/\\\/quehacerpolitico.mx\\\/?p=97676\"]}]},{\"@type\":\"ImageObject\",\"inLanguage\":\"es\",\"@id\":\"https:\\\/\\\/quehacerpolitico.mx\\\/?p=97676#primaryimage\",\"url\":\"https:\\\/\\\/quehacerpolitico.mx\\\/wp-content\\\/uploads\\\/2022\\\/12\\\/A787A12B-0092-4AE2-89A6-165150E5FDE5.jpeg\",\"contentUrl\":\"https:\\\/\\\/quehacerpolitico.mx\\\/wp-content\\\/uploads\\\/2022\\\/12\\\/A787A12B-0092-4AE2-89A6-165150E5FDE5.jpeg\",\"width\":1024,\"height\":576},{\"@type\":\"BreadcrumbList\",\"@id\":\"https:\\\/\\\/quehacerpolitico.mx\\\/?p=97676#breadcrumb\",\"itemListElement\":[{\"@type\":\"ListItem\",\"position\":1,\"name\":\"Inicio\",\"item\":\"https:\\\/\\\/quehacerpolitico.mx\\\/\"},{\"@type\":\"ListItem\",\"position\":2,\"name\":\"Que mexicanos est\u00e1n nominados a los Globos de Oro 2023\"}]},{\"@type\":\"WebSite\",\"@id\":\"https:\\\/\\\/quehacerpolitico.mx\\\/#website\",\"url\":\"https:\\\/\\\/quehacerpolitico.mx\\\/\",\"name\":\"\",\"description\":\"\",\"potentialAction\":[{\"@type\":\"SearchAction\",\"target\":{\"@type\":\"EntryPoint\",\"urlTemplate\":\"https:\\\/\\\/quehacerpolitico.mx\\\/?s={search_term_string}\"},\"query-input\":{\"@type\":\"PropertyValueSpecification\",\"valueRequired\":true,\"valueName\":\"search_term_string\"}}],\"inLanguage\":\"es\"},{\"@type\":\"Person\",\"@id\":\"https:\\\/\\\/quehacerpolitico.mx\\\/#\\\/schema\\\/person\\\/496d8ad2d1d3f8036101dca7ee39e585\",\"name\":\"Redacci\u00f3n QP\",\"image\":{\"@type\":\"ImageObject\",\"inLanguage\":\"es\",\"@id\":\"https:\\\/\\\/secure.gravatar.com\\\/avatar\\\/c7164ed6fdec453195284ad24a5ae5b6e1eed2b848477fa2a4787ba9adf39a41?s=96&d=mm&r=g\",\"url\":\"https:\\\/\\\/secure.gravatar.com\\\/avatar\\\/c7164ed6fdec453195284ad24a5ae5b6e1eed2b848477fa2a4787ba9adf39a41?s=96&d=mm&r=g\",\"contentUrl\":\"https:\\\/\\\/secure.gravatar.com\\\/avatar\\\/c7164ed6fdec453195284ad24a5ae5b6e1eed2b848477fa2a4787ba9adf39a41?s=96&d=mm&r=g\",\"caption\":\"Redacci\u00f3n QP\"},\"url\":\"https:\\\/\\\/quehacerpolitico.mx\\\/?author=2\"}]}<\/script>\n<!-- \/ Yoast SEO plugin. -->","yoast_head_json":{"title":"Que mexicanos est\u00e1n nominados a los Globos de Oro 2023 -","robots":{"index":"index","follow":"follow","max-snippet":"max-snippet:-1","max-image-preview":"max-image-preview:large","max-video-preview":"max-video-preview:-1"},"canonical":"https:\/\/quehacerpolitico.mx\/?p=97676","og_locale":"es_MX","og_type":"article","og_title":"Que mexicanos est\u00e1n nominados a los Globos de Oro 2023 -","og_description":"Por Redacci\u00f3n QP Los Globos de Oro regresan, y con ellos, diversos talentos mexicanos cuyo...","og_url":"https:\/\/quehacerpolitico.mx\/?p=97676","article_published_time":"2022-12-13T00:00:45+00:00","article_modified_time":"2022-12-13T00:00:48+00:00","og_image":[{"width":1024,"height":576,"url":"https:\/\/quehacerpolitico.mx\/wp-content\/uploads\/2022\/12\/A787A12B-0092-4AE2-89A6-165150E5FDE5.jpeg","type":"image\/jpeg"}],"author":"Redacci\u00f3n QP","twitter_card":"summary_large_image","twitter_misc":{"Escrito por":"Redacci\u00f3n QP","Tiempo de lectura":"3 minutos"},"schema":{"@context":"https:\/\/schema.org","@graph":[{"@type":"Article","@id":"https:\/\/quehacerpolitico.mx\/?p=97676#article","isPartOf":{"@id":"https:\/\/quehacerpolitico.mx\/?p=97676"},"author":{"name":"Redacci\u00f3n QP","@id":"https:\/\/quehacerpolitico.mx\/#\/schema\/person\/496d8ad2d1d3f8036101dca7ee39e585"},"headline":"Que mexicanos est\u00e1n nominados a los Globos de Oro 2023","datePublished":"2022-12-13T00:00:45+00:00","dateModified":"2022-12-13T00:00:48+00:00","mainEntityOfPage":{"@id":"https:\/\/quehacerpolitico.mx\/?p=97676"},"wordCount":624,"commentCount":0,"image":{"@id":"https:\/\/quehacerpolitico.mx\/?p=97676#primaryimage"},"thumbnailUrl":"https:\/\/quehacerpolitico.mx\/wp-content\/uploads\/2022\/12\/A787A12B-0092-4AE2-89A6-165150E5FDE5.jpeg","articleSection":["Cultura y Entretenimiento"],"inLanguage":"es","potentialAction":[{"@type":"CommentAction","name":"Comment","target":["https:\/\/quehacerpolitico.mx\/?p=97676#respond"]}]},{"@type":"WebPage","@id":"https:\/\/quehacerpolitico.mx\/?p=97676","url":"https:\/\/quehacerpolitico.mx\/?p=97676","name":"Que mexicanos est\u00e1n nominados a los Globos de Oro 2023 -","isPartOf":{"@id":"https:\/\/quehacerpolitico.mx\/#website"},"primaryImageOfPage":{"@id":"https:\/\/quehacerpolitico.mx\/?p=97676#primaryimage"},"image":{"@id":"https:\/\/quehacerpolitico.mx\/?p=97676#primaryimage"},"thumbnailUrl":"https:\/\/quehacerpolitico.mx\/wp-content\/uploads\/2022\/12\/A787A12B-0092-4AE2-89A6-165150E5FDE5.jpeg","datePublished":"2022-12-13T00:00:45+00:00","dateModified":"2022-12-13T00:00:48+00:00","author":{"@id":"https:\/\/quehacerpolitico.mx\/#\/schema\/person\/496d8ad2d1d3f8036101dca7ee39e585"},"breadcrumb":{"@id":"https:\/\/quehacerpolitico.mx\/?p=97676#breadcrumb"},"inLanguage":"es","potentialAction":[{"@type":"ReadAction","target":["https:\/\/quehacerpolitico.mx\/?p=97676"]}]},{"@type":"ImageObject","inLanguage":"es","@id":"https:\/\/quehacerpolitico.mx\/?p=97676#primaryimage","url":"https:\/\/quehacerpolitico.mx\/wp-content\/uploads\/2022\/12\/A787A12B-0092-4AE2-89A6-165150E5FDE5.jpeg","contentUrl":"https:\/\/quehacerpolitico.mx\/wp-content\/uploads\/2022\/12\/A787A12B-0092-4AE2-89A6-165150E5FDE5.jpeg","width":1024,"height":576},{"@type":"BreadcrumbList","@id":"https:\/\/quehacerpolitico.mx\/?p=97676#breadcrumb","itemListElement":[{"@type":"ListItem","position":1,"name":"Inicio","item":"https:\/\/quehacerpolitico.mx\/"},{"@type":"ListItem","position":2,"name":"Que mexicanos est\u00e1n nominados a los Globos de Oro 2023"}]},{"@type":"WebSite","@id":"https:\/\/quehacerpolitico.mx\/#website","url":"https:\/\/quehacerpolitico.mx\/","name":"","description":"","potentialAction":[{"@type":"SearchAction","target":{"@type":"EntryPoint","urlTemplate":"https:\/\/quehacerpolitico.mx\/?s={search_term_string}"},"query-input":{"@type":"PropertyValueSpecification","valueRequired":true,"valueName":"search_term_string"}}],"inLanguage":"es"},{"@type":"Person","@id":"https:\/\/quehacerpolitico.mx\/#\/schema\/person\/496d8ad2d1d3f8036101dca7ee39e585","name":"Redacci\u00f3n QP","image":{"@type":"ImageObject","inLanguage":"es","@id":"https:\/\/secure.gravatar.com\/avatar\/c7164ed6fdec453195284ad24a5ae5b6e1eed2b848477fa2a4787ba9adf39a41?s=96&d=mm&r=g","url":"https:\/\/secure.gravatar.com\/avatar\/c7164ed6fdec453195284ad24a5ae5b6e1eed2b848477fa2a4787ba9adf39a41?s=96&d=mm&r=g","contentUrl":"https:\/\/secure.gravatar.com\/avatar\/c7164ed6fdec453195284ad24a5ae5b6e1eed2b848477fa2a4787ba9adf39a41?s=96&d=mm&r=g","caption":"Redacci\u00f3n QP"},"url":"https:\/\/quehacerpolitico.mx\/?author=2"}]}},"featured_image_urls":{"full":["https:\/\/quehacerpolitico.mx\/wp-content\/uploads\/2022\/12\/A787A12B-0092-4AE2-89A6-165150E5FDE5.jpeg",1024,576,false],"thumbnail":["https:\/\/quehacerpolitico.mx\/wp-content\/uploads\/2022\/12\/A787A12B-0092-4AE2-89A6-165150E5FDE5-150x150.jpeg",150,150,true],"medium":["https:\/\/quehacerpolitico.mx\/wp-content\/uploads\/2022\/12\/A787A12B-0092-4AE2-89A6-165150E5FDE5-300x169.jpeg",300,169,true],"medium_large":["https:\/\/quehacerpolitico.mx\/wp-content\/uploads\/2022\/12\/A787A12B-0092-4AE2-89A6-165150E5FDE5-768x432.jpeg",640,360,true],"large":["https:\/\/quehacerpolitico.mx\/wp-content\/uploads\/2022\/12\/A787A12B-0092-4AE2-89A6-165150E5FDE5.jpeg",640,360,false],"1536x1536":["https:\/\/quehacerpolitico.mx\/wp-content\/uploads\/2022\/12\/A787A12B-0092-4AE2-89A6-165150E5FDE5.jpeg",1024,576,false],"2048x2048":["https:\/\/quehacerpolitico.mx\/wp-content\/uploads\/2022\/12\/A787A12B-0092-4AE2-89A6-165150E5FDE5.jpeg",1024,576,false],"covernews-featured":["https:\/\/quehacerpolitico.mx\/wp-content\/uploads\/2022\/12\/A787A12B-0092-4AE2-89A6-165150E5FDE5.jpeg",1024,576,false],"covernews-medium":["https:\/\/quehacerpolitico.mx\/wp-content\/uploads\/2022\/12\/A787A12B-0092-4AE2-89A6-165150E5FDE5.jpeg",540,304,false]},"author_info":{"display_name":"Redacci\u00f3n QP","author_link":"https:\/\/quehacerpolitico.mx\/?author=2"},"category_info":"<a href=\"https:\/\/quehacerpolitico.mx\/?cat=58\" rel=\"category\">Cultura y Entretenimiento<\/a>","tag_info":"Cultura y Entretenimiento","comment_count":"0","_links":{"self":[{"href":"https:\/\/quehacerpolitico.mx\/index.php?rest_route=\/wp\/v2\/posts\/97676","targetHints":{"allow":["GET"]}}],"collection":[{"href":"https:\/\/quehacerpolitico.mx\/index.php?rest_route=\/wp\/v2\/posts"}],"about":[{"href":"https:\/\/quehacerpolitico.mx\/index.php?rest_route=\/wp\/v2\/types\/post"}],"author":[{"embeddable":true,"href":"https:\/\/quehacerpolitico.mx\/index.php?rest_route=\/wp\/v2\/users\/2"}],"replies":[{"embeddable":true,"href":"https:\/\/quehacerpolitico.mx\/index.php?rest_route=%2Fwp%2Fv2%2Fcomments&post=97676"}],"version-history":[{"count":1,"href":"https:\/\/quehacerpolitico.mx\/index.php?rest_route=\/wp\/v2\/posts\/97676\/revisions"}],"predecessor-version":[{"id":97678,"href":"https:\/\/quehacerpolitico.mx\/index.php?rest_route=\/wp\/v2\/posts\/97676\/revisions\/97678"}],"wp:featuredmedia":[{"embeddable":true,"href":"https:\/\/quehacerpolitico.mx\/index.php?rest_route=\/wp\/v2\/media\/97677"}],"wp:attachment":[{"href":"https:\/\/quehacerpolitico.mx\/index.php?rest_route=%2Fwp%2Fv2%2Fmedia&parent=97676"}],"wp:term":[{"taxonomy":"category","embeddable":true,"href":"https:\/\/quehacerpolitico.mx\/index.php?rest_route=%2Fwp%2Fv2%2Fcategories&post=97676"},{"taxonomy":"post_tag","embeddable":true,"href":"https:\/\/quehacerpolitico.mx\/index.php?rest_route=%2Fwp%2Fv2%2Ftags&post=97676"}],"curies":[{"name":"wp","href":"https:\/\/api.w.org\/{rel}","templated":true}]}}