{"id":97672,"date":"2022-12-12T23:38:15","date_gmt":"2022-12-12T23:38:15","guid":{"rendered":"https:\/\/quehacerpolitico.mx\/?p=97672"},"modified":"2022-12-12T23:38:18","modified_gmt":"2022-12-12T23:38:18","slug":"internacionales-carolina-alonso-romei-colombia-mexico-argentina-y-bolivia-expresan-su-preocupacion-por-la-situacion-en-peru","status":"publish","type":"post","link":"https:\/\/quehacerpolitico.mx\/?p=97672","title":{"rendered":"Internacionales\/\/\/Carolina Alonso Romei\/\/\/Colombia, M\u00e9xico, Argentina y Bolivia expresan su preocupaci\u00f3n por la situaci\u00f3n en Peru"},"content":{"rendered":"\n<p>Por Carolina Alonso Romei<\/p>\n\n\n\n<p>Internacionalista <\/p>\n\n\n\n<p>Dichos pa\u00edses solicitaron que las autoridades respeten los derechos humanos del expresidente castillo y que se le garantice protecci\u00f3n judicial<\/p>\n\n\n\n<p>Los gobiernos de la Rep\u00fablica de\u00a0<strong>Colombia<\/strong>, de los\u00a0<strong>Estados Unidos Mexicanos<\/strong>, de la Rep\u00fablica\u00a0<strong>Argentina<\/strong>\u00a0y del Estado Plurinacional de\u00a0<strong>Bolivia<\/strong>\u00a0expresaron su profunda preocupaci\u00f3n por los recientes sucesos que resultaron en la remoci\u00f3n y detenci\u00f3n de\u00a0<strong>Jos\u00e9 Pedro Castillo Terrones<\/strong>, expresidente de Per\u00fa.<\/p>\n\n\n\n<p>A trav\u00e9s de un comunicado conjunto, los gobiernos de dichos pa\u00edses aseguraron que el\u00a0<strong>expresidente<\/strong>\u00a0fue v\u00edctima de un antidemocr\u00e1tico\u00a0<strong>hostigamiento<\/strong>.<\/p>\n\n\n\n<figure class=\"wp-block-image size-large\"><img loading=\"lazy\" decoding=\"async\" width=\"790\" height=\"1024\" src=\"https:\/\/quehacerpolitico.mx\/wp-content\/uploads\/2022\/12\/image-13-790x1024.jpeg\" alt=\"\" class=\"wp-image-97673\" srcset=\"https:\/\/quehacerpolitico.mx\/wp-content\/uploads\/2022\/12\/image-13-790x1024.jpeg 790w, https:\/\/quehacerpolitico.mx\/wp-content\/uploads\/2022\/12\/image-13-231x300.jpeg 231w, https:\/\/quehacerpolitico.mx\/wp-content\/uploads\/2022\/12\/image-13-768x996.jpeg 768w, https:\/\/quehacerpolitico.mx\/wp-content\/uploads\/2022\/12\/image-13-1184x1536.jpeg 1184w, https:\/\/quehacerpolitico.mx\/wp-content\/uploads\/2022\/12\/image-13-113x146.jpeg 113w, https:\/\/quehacerpolitico.mx\/wp-content\/uploads\/2022\/12\/image-13-39x50.jpeg 39w, https:\/\/quehacerpolitico.mx\/wp-content\/uploads\/2022\/12\/image-13-58x75.jpeg 58w, https:\/\/quehacerpolitico.mx\/wp-content\/uploads\/2022\/12\/image-13.jpeg 1260w\" sizes=\"auto, (max-width: 790px) 100vw, 790px\" \/><\/figure>\n\n\n\n<p>\u201cPara el mundo no es novedad que el presiente Castillo Terrones, desde el d\u00eda de su elecci\u00f3n, fue v\u00edctima de un antidemocr\u00e1tico hostigamiento, violatorio del art\u00edculo 23 de la Convenci\u00f3n Americana sobre Derechos Humanos, \u201cPacto de Costa Rica\u201d, aprobada el 22 de noviembre de 1969, para luego ser objeto de un tratamiento judicial de la misma manera violatorio del art\u00edculo 25 de la mencionada convenci\u00f3n\u201d, asegur\u00f3.<\/p>\n\n\n\n<figure class=\"wp-block-embed is-type-rich is-provider-twitter wp-block-embed-twitter\"><div class=\"wp-block-embed__wrapper\">\n<blockquote class=\"twitter-tweet\" data-width=\"550\" data-dnt=\"true\"><p lang=\"es\" dir=\"ltr\">\ud83d\udcc4Comunicado conjunto sobre la situaci\u00f3n en Per\u00fa.<a href=\"https:\/\/t.co\/ThUYgSKohO\">https:\/\/t.co\/ThUYgSKohO<\/a> <a href=\"https:\/\/t.co\/lnCHkgeOcQ\">pic.twitter.com\/lnCHkgeOcQ<\/a><\/p>&mdash; Relaciones Exteriores (@SRE_mx) <a href=\"https:\/\/twitter.com\/SRE_mx\/status\/1602412792941842442?ref_src=twsrc%5Etfw\">December 12, 2022<\/a><\/blockquote><script async src=\"https:\/\/platform.twitter.com\/widgets.js\" charset=\"utf-8\"><\/script>\n<\/div><\/figure>\n\n\n\n<p>Hicieron un llamado a que se priorice la\u00a0<strong>voluntad<\/strong>\u00a0ciudadana que se pronunci\u00f3 en las\u00a0<strong>urnas<\/strong>.<\/p>\n\n\n\n<p>\u201cNuestros gobiernos hacen un llamado a todos los actores involucrados en el anterior proceso para que prioricen la voluntad ciudadana que se pronunci\u00f3 en las urnas. Es la manera de interpretar los alcances y sentidos de la noci\u00f3n de democracia recogida en el Sistema Interamericano de Derechos Humanos. Exhortamos a quienes integran las instituciones de abstenerse de revertir la voluntad popular expresada con el libre sufragio\u201d, apuntaron.<\/p>\n\n\n\n<p>Finalmente, solicitaron que las autoridades respeten los\u00a0<strong>derechos humanos<\/strong>\u00a0del expresidente castillo y que se le garantice protecci\u00f3n judicial.<\/p>\n","protected":false},"excerpt":{"rendered":"<p>Por Carolina Alonso Romei Internacionalista Dichos pa\u00edses solicitaron que las autoridades respeten los derechos humanos&#8230;<\/p>\n","protected":false},"author":2,"featured_media":97674,"comment_status":"open","ping_status":"open","sticky":false,"template":"","format":"standard","meta":{"_monsterinsights_skip_tracking":false,"_monsterinsights_sitenote_active":false,"_monsterinsights_sitenote_note":"","_monsterinsights_sitenote_category":0,"footnotes":""},"categories":[1],"tags":[],"class_list":["post-97672","post","type-post","status-publish","format-standard","has-post-thumbnail","hentry","category-sin-categoria"],"yoast_head":"<!-- This site is optimized with the Yoast SEO plugin v27.3 - https:\/\/yoast.com\/product\/yoast-seo-wordpress\/ -->\n<title>Internacionales\/\/\/Carolina Alonso Romei\/\/\/Colombia, M\u00e9xico, Argentina y Bolivia expresan su preocupaci\u00f3n por la situaci\u00f3n en Peru -<\/title>\n<meta name=\"robots\" content=\"index, follow, max-snippet:-1, max-image-preview:large, max-video-preview:-1\" \/>\n<link rel=\"canonical\" href=\"https:\/\/quehacerpolitico.mx\/?p=97672\" \/>\n<meta property=\"og:locale\" content=\"es_MX\" \/>\n<meta property=\"og:type\" content=\"article\" \/>\n<meta property=\"og:title\" content=\"Internacionales\/\/\/Carolina Alonso Romei\/\/\/Colombia, M\u00e9xico, Argentina y Bolivia expresan su preocupaci\u00f3n por la situaci\u00f3n en Peru -\" \/>\n<meta property=\"og:description\" content=\"Por Carolina Alonso Romei Internacionalista Dichos pa\u00edses solicitaron que las autoridades respeten los derechos humanos...\" \/>\n<meta property=\"og:url\" content=\"https:\/\/quehacerpolitico.mx\/?p=97672\" \/>\n<meta property=\"article:published_time\" content=\"2022-12-12T23:38:15+00:00\" \/>\n<meta property=\"article:modified_time\" content=\"2022-12-12T23:38:18+00:00\" \/>\n<meta property=\"og:image\" content=\"https:\/\/quehacerpolitico.mx\/wp-content\/uploads\/2022\/12\/2B81D291-386F-44DF-ABFF-82F6005B3CEE.jpeg\" \/>\n\t<meta property=\"og:image:width\" content=\"738\" \/>\n\t<meta property=\"og:image:height\" content=\"415\" \/>\n\t<meta property=\"og:image:type\" content=\"image\/jpeg\" \/>\n<meta name=\"author\" content=\"Redacci\u00f3n QP\" \/>\n<meta name=\"twitter:card\" content=\"summary_large_image\" \/>\n<meta name=\"twitter:label1\" content=\"Escrito por\" \/>\n\t<meta name=\"twitter:data1\" content=\"Redacci\u00f3n QP\" \/>\n\t<meta name=\"twitter:label2\" content=\"Tiempo de lectura\" \/>\n\t<meta name=\"twitter:data2\" content=\"1 minuto\" \/>\n<script type=\"application\/ld+json\" class=\"yoast-schema-graph\">{\"@context\":\"https:\\\/\\\/schema.org\",\"@graph\":[{\"@type\":\"Article\",\"@id\":\"https:\\\/\\\/quehacerpolitico.mx\\\/?p=97672#article\",\"isPartOf\":{\"@id\":\"https:\\\/\\\/quehacerpolitico.mx\\\/?p=97672\"},\"author\":{\"name\":\"Redacci\u00f3n QP\",\"@id\":\"https:\\\/\\\/quehacerpolitico.mx\\\/#\\\/schema\\\/person\\\/496d8ad2d1d3f8036101dca7ee39e585\"},\"headline\":\"Internacionales\\\/\\\/\\\/Carolina Alonso Romei\\\/\\\/\\\/Colombia, M\u00e9xico, Argentina y Bolivia expresan su preocupaci\u00f3n por la situaci\u00f3n en Peru\",\"datePublished\":\"2022-12-12T23:38:15+00:00\",\"dateModified\":\"2022-12-12T23:38:18+00:00\",\"mainEntityOfPage\":{\"@id\":\"https:\\\/\\\/quehacerpolitico.mx\\\/?p=97672\"},\"wordCount\":307,\"commentCount\":0,\"image\":{\"@id\":\"https:\\\/\\\/quehacerpolitico.mx\\\/?p=97672#primaryimage\"},\"thumbnailUrl\":\"https:\\\/\\\/quehacerpolitico.mx\\\/wp-content\\\/uploads\\\/2022\\\/12\\\/2B81D291-386F-44DF-ABFF-82F6005B3CEE.jpeg\",\"articleSection\":[\"Internacionales\"],\"inLanguage\":\"es\",\"potentialAction\":[{\"@type\":\"CommentAction\",\"name\":\"Comment\",\"target\":[\"https:\\\/\\\/quehacerpolitico.mx\\\/?p=97672#respond\"]}]},{\"@type\":\"WebPage\",\"@id\":\"https:\\\/\\\/quehacerpolitico.mx\\\/?p=97672\",\"url\":\"https:\\\/\\\/quehacerpolitico.mx\\\/?p=97672\",\"name\":\"Internacionales\\\/\\\/\\\/Carolina Alonso Romei\\\/\\\/\\\/Colombia, M\u00e9xico, Argentina y Bolivia expresan su preocupaci\u00f3n por la situaci\u00f3n en Peru -\",\"isPartOf\":{\"@id\":\"https:\\\/\\\/quehacerpolitico.mx\\\/#website\"},\"primaryImageOfPage\":{\"@id\":\"https:\\\/\\\/quehacerpolitico.mx\\\/?p=97672#primaryimage\"},\"image\":{\"@id\":\"https:\\\/\\\/quehacerpolitico.mx\\\/?p=97672#primaryimage\"},\"thumbnailUrl\":\"https:\\\/\\\/quehacerpolitico.mx\\\/wp-content\\\/uploads\\\/2022\\\/12\\\/2B81D291-386F-44DF-ABFF-82F6005B3CEE.jpeg\",\"datePublished\":\"2022-12-12T23:38:15+00:00\",\"dateModified\":\"2022-12-12T23:38:18+00:00\",\"author\":{\"@id\":\"https:\\\/\\\/quehacerpolitico.mx\\\/#\\\/schema\\\/person\\\/496d8ad2d1d3f8036101dca7ee39e585\"},\"breadcrumb\":{\"@id\":\"https:\\\/\\\/quehacerpolitico.mx\\\/?p=97672#breadcrumb\"},\"inLanguage\":\"es\",\"potentialAction\":[{\"@type\":\"ReadAction\",\"target\":[\"https:\\\/\\\/quehacerpolitico.mx\\\/?p=97672\"]}]},{\"@type\":\"ImageObject\",\"inLanguage\":\"es\",\"@id\":\"https:\\\/\\\/quehacerpolitico.mx\\\/?p=97672#primaryimage\",\"url\":\"https:\\\/\\\/quehacerpolitico.mx\\\/wp-content\\\/uploads\\\/2022\\\/12\\\/2B81D291-386F-44DF-ABFF-82F6005B3CEE.jpeg\",\"contentUrl\":\"https:\\\/\\\/quehacerpolitico.mx\\\/wp-content\\\/uploads\\\/2022\\\/12\\\/2B81D291-386F-44DF-ABFF-82F6005B3CEE.jpeg\",\"width\":738,\"height\":415},{\"@type\":\"BreadcrumbList\",\"@id\":\"https:\\\/\\\/quehacerpolitico.mx\\\/?p=97672#breadcrumb\",\"itemListElement\":[{\"@type\":\"ListItem\",\"position\":1,\"name\":\"Inicio\",\"item\":\"https:\\\/\\\/quehacerpolitico.mx\\\/\"},{\"@type\":\"ListItem\",\"position\":2,\"name\":\"Internacionales\\\/\\\/\\\/Carolina Alonso Romei\\\/\\\/\\\/Colombia, M\u00e9xico, Argentina y Bolivia expresan su preocupaci\u00f3n por la situaci\u00f3n en Peru\"}]},{\"@type\":\"WebSite\",\"@id\":\"https:\\\/\\\/quehacerpolitico.mx\\\/#website\",\"url\":\"https:\\\/\\\/quehacerpolitico.mx\\\/\",\"name\":\"\",\"description\":\"\",\"potentialAction\":[{\"@type\":\"SearchAction\",\"target\":{\"@type\":\"EntryPoint\",\"urlTemplate\":\"https:\\\/\\\/quehacerpolitico.mx\\\/?s={search_term_string}\"},\"query-input\":{\"@type\":\"PropertyValueSpecification\",\"valueRequired\":true,\"valueName\":\"search_term_string\"}}],\"inLanguage\":\"es\"},{\"@type\":\"Person\",\"@id\":\"https:\\\/\\\/quehacerpolitico.mx\\\/#\\\/schema\\\/person\\\/496d8ad2d1d3f8036101dca7ee39e585\",\"name\":\"Redacci\u00f3n QP\",\"image\":{\"@type\":\"ImageObject\",\"inLanguage\":\"es\",\"@id\":\"https:\\\/\\\/secure.gravatar.com\\\/avatar\\\/c7164ed6fdec453195284ad24a5ae5b6e1eed2b848477fa2a4787ba9adf39a41?s=96&d=mm&r=g\",\"url\":\"https:\\\/\\\/secure.gravatar.com\\\/avatar\\\/c7164ed6fdec453195284ad24a5ae5b6e1eed2b848477fa2a4787ba9adf39a41?s=96&d=mm&r=g\",\"contentUrl\":\"https:\\\/\\\/secure.gravatar.com\\\/avatar\\\/c7164ed6fdec453195284ad24a5ae5b6e1eed2b848477fa2a4787ba9adf39a41?s=96&d=mm&r=g\",\"caption\":\"Redacci\u00f3n QP\"},\"url\":\"https:\\\/\\\/quehacerpolitico.mx\\\/?author=2\"}]}<\/script>\n<!-- \/ Yoast SEO plugin. -->","yoast_head_json":{"title":"Internacionales\/\/\/Carolina Alonso Romei\/\/\/Colombia, M\u00e9xico, Argentina y Bolivia expresan su preocupaci\u00f3n por la situaci\u00f3n en Peru -","robots":{"index":"index","follow":"follow","max-snippet":"max-snippet:-1","max-image-preview":"max-image-preview:large","max-video-preview":"max-video-preview:-1"},"canonical":"https:\/\/quehacerpolitico.mx\/?p=97672","og_locale":"es_MX","og_type":"article","og_title":"Internacionales\/\/\/Carolina Alonso Romei\/\/\/Colombia, M\u00e9xico, Argentina y Bolivia expresan su preocupaci\u00f3n por la situaci\u00f3n en Peru -","og_description":"Por Carolina Alonso Romei Internacionalista Dichos pa\u00edses solicitaron que las autoridades respeten los derechos humanos...","og_url":"https:\/\/quehacerpolitico.mx\/?p=97672","article_published_time":"2022-12-12T23:38:15+00:00","article_modified_time":"2022-12-12T23:38:18+00:00","og_image":[{"width":738,"height":415,"url":"https:\/\/quehacerpolitico.mx\/wp-content\/uploads\/2022\/12\/2B81D291-386F-44DF-ABFF-82F6005B3CEE.jpeg","type":"image\/jpeg"}],"author":"Redacci\u00f3n QP","twitter_card":"summary_large_image","twitter_misc":{"Escrito por":"Redacci\u00f3n QP","Tiempo de lectura":"1 minuto"},"schema":{"@context":"https:\/\/schema.org","@graph":[{"@type":"Article","@id":"https:\/\/quehacerpolitico.mx\/?p=97672#article","isPartOf":{"@id":"https:\/\/quehacerpolitico.mx\/?p=97672"},"author":{"name":"Redacci\u00f3n QP","@id":"https:\/\/quehacerpolitico.mx\/#\/schema\/person\/496d8ad2d1d3f8036101dca7ee39e585"},"headline":"Internacionales\/\/\/Carolina Alonso Romei\/\/\/Colombia, M\u00e9xico, Argentina y Bolivia expresan su preocupaci\u00f3n por la situaci\u00f3n en Peru","datePublished":"2022-12-12T23:38:15+00:00","dateModified":"2022-12-12T23:38:18+00:00","mainEntityOfPage":{"@id":"https:\/\/quehacerpolitico.mx\/?p=97672"},"wordCount":307,"commentCount":0,"image":{"@id":"https:\/\/quehacerpolitico.mx\/?p=97672#primaryimage"},"thumbnailUrl":"https:\/\/quehacerpolitico.mx\/wp-content\/uploads\/2022\/12\/2B81D291-386F-44DF-ABFF-82F6005B3CEE.jpeg","articleSection":["Internacionales"],"inLanguage":"es","potentialAction":[{"@type":"CommentAction","name":"Comment","target":["https:\/\/quehacerpolitico.mx\/?p=97672#respond"]}]},{"@type":"WebPage","@id":"https:\/\/quehacerpolitico.mx\/?p=97672","url":"https:\/\/quehacerpolitico.mx\/?p=97672","name":"Internacionales\/\/\/Carolina Alonso Romei\/\/\/Colombia, M\u00e9xico, Argentina y Bolivia expresan su preocupaci\u00f3n por la situaci\u00f3n en Peru -","isPartOf":{"@id":"https:\/\/quehacerpolitico.mx\/#website"},"primaryImageOfPage":{"@id":"https:\/\/quehacerpolitico.mx\/?p=97672#primaryimage"},"image":{"@id":"https:\/\/quehacerpolitico.mx\/?p=97672#primaryimage"},"thumbnailUrl":"https:\/\/quehacerpolitico.mx\/wp-content\/uploads\/2022\/12\/2B81D291-386F-44DF-ABFF-82F6005B3CEE.jpeg","datePublished":"2022-12-12T23:38:15+00:00","dateModified":"2022-12-12T23:38:18+00:00","author":{"@id":"https:\/\/quehacerpolitico.mx\/#\/schema\/person\/496d8ad2d1d3f8036101dca7ee39e585"},"breadcrumb":{"@id":"https:\/\/quehacerpolitico.mx\/?p=97672#breadcrumb"},"inLanguage":"es","potentialAction":[{"@type":"ReadAction","target":["https:\/\/quehacerpolitico.mx\/?p=97672"]}]},{"@type":"ImageObject","inLanguage":"es","@id":"https:\/\/quehacerpolitico.mx\/?p=97672#primaryimage","url":"https:\/\/quehacerpolitico.mx\/wp-content\/uploads\/2022\/12\/2B81D291-386F-44DF-ABFF-82F6005B3CEE.jpeg","contentUrl":"https:\/\/quehacerpolitico.mx\/wp-content\/uploads\/2022\/12\/2B81D291-386F-44DF-ABFF-82F6005B3CEE.jpeg","width":738,"height":415},{"@type":"BreadcrumbList","@id":"https:\/\/quehacerpolitico.mx\/?p=97672#breadcrumb","itemListElement":[{"@type":"ListItem","position":1,"name":"Inicio","item":"https:\/\/quehacerpolitico.mx\/"},{"@type":"ListItem","position":2,"name":"Internacionales\/\/\/Carolina Alonso Romei\/\/\/Colombia, M\u00e9xico, Argentina y Bolivia expresan su preocupaci\u00f3n por la situaci\u00f3n en Peru"}]},{"@type":"WebSite","@id":"https:\/\/quehacerpolitico.mx\/#website","url":"https:\/\/quehacerpolitico.mx\/","name":"","description":"","potentialAction":[{"@type":"SearchAction","target":{"@type":"EntryPoint","urlTemplate":"https:\/\/quehacerpolitico.mx\/?s={search_term_string}"},"query-input":{"@type":"PropertyValueSpecification","valueRequired":true,"valueName":"search_term_string"}}],"inLanguage":"es"},{"@type":"Person","@id":"https:\/\/quehacerpolitico.mx\/#\/schema\/person\/496d8ad2d1d3f8036101dca7ee39e585","name":"Redacci\u00f3n QP","image":{"@type":"ImageObject","inLanguage":"es","@id":"https:\/\/secure.gravatar.com\/avatar\/c7164ed6fdec453195284ad24a5ae5b6e1eed2b848477fa2a4787ba9adf39a41?s=96&d=mm&r=g","url":"https:\/\/secure.gravatar.com\/avatar\/c7164ed6fdec453195284ad24a5ae5b6e1eed2b848477fa2a4787ba9adf39a41?s=96&d=mm&r=g","contentUrl":"https:\/\/secure.gravatar.com\/avatar\/c7164ed6fdec453195284ad24a5ae5b6e1eed2b848477fa2a4787ba9adf39a41?s=96&d=mm&r=g","caption":"Redacci\u00f3n QP"},"url":"https:\/\/quehacerpolitico.mx\/?author=2"}]}},"featured_image_urls":{"full":["https:\/\/quehacerpolitico.mx\/wp-content\/uploads\/2022\/12\/2B81D291-386F-44DF-ABFF-82F6005B3CEE.jpeg",738,415,false],"thumbnail":["https:\/\/quehacerpolitico.mx\/wp-content\/uploads\/2022\/12\/2B81D291-386F-44DF-ABFF-82F6005B3CEE-150x150.jpeg",150,150,true],"medium":["https:\/\/quehacerpolitico.mx\/wp-content\/uploads\/2022\/12\/2B81D291-386F-44DF-ABFF-82F6005B3CEE-300x169.jpeg",300,169,true],"medium_large":["https:\/\/quehacerpolitico.mx\/wp-content\/uploads\/2022\/12\/2B81D291-386F-44DF-ABFF-82F6005B3CEE.jpeg",640,360,false],"large":["https:\/\/quehacerpolitico.mx\/wp-content\/uploads\/2022\/12\/2B81D291-386F-44DF-ABFF-82F6005B3CEE.jpeg",640,360,false],"1536x1536":["https:\/\/quehacerpolitico.mx\/wp-content\/uploads\/2022\/12\/2B81D291-386F-44DF-ABFF-82F6005B3CEE.jpeg",738,415,false],"2048x2048":["https:\/\/quehacerpolitico.mx\/wp-content\/uploads\/2022\/12\/2B81D291-386F-44DF-ABFF-82F6005B3CEE.jpeg",738,415,false],"covernews-featured":["https:\/\/quehacerpolitico.mx\/wp-content\/uploads\/2022\/12\/2B81D291-386F-44DF-ABFF-82F6005B3CEE.jpeg",738,415,false],"covernews-medium":["https:\/\/quehacerpolitico.mx\/wp-content\/uploads\/2022\/12\/2B81D291-386F-44DF-ABFF-82F6005B3CEE.jpeg",540,304,false]},"author_info":{"display_name":"Redacci\u00f3n QP","author_link":"https:\/\/quehacerpolitico.mx\/?author=2"},"category_info":"<a href=\"https:\/\/quehacerpolitico.mx\/?cat=1\" rel=\"category\">Internacionales<\/a>","tag_info":"Internacionales","comment_count":"0","_links":{"self":[{"href":"https:\/\/quehacerpolitico.mx\/index.php?rest_route=\/wp\/v2\/posts\/97672","targetHints":{"allow":["GET"]}}],"collection":[{"href":"https:\/\/quehacerpolitico.mx\/index.php?rest_route=\/wp\/v2\/posts"}],"about":[{"href":"https:\/\/quehacerpolitico.mx\/index.php?rest_route=\/wp\/v2\/types\/post"}],"author":[{"embeddable":true,"href":"https:\/\/quehacerpolitico.mx\/index.php?rest_route=\/wp\/v2\/users\/2"}],"replies":[{"embeddable":true,"href":"https:\/\/quehacerpolitico.mx\/index.php?rest_route=%2Fwp%2Fv2%2Fcomments&post=97672"}],"version-history":[{"count":1,"href":"https:\/\/quehacerpolitico.mx\/index.php?rest_route=\/wp\/v2\/posts\/97672\/revisions"}],"predecessor-version":[{"id":97675,"href":"https:\/\/quehacerpolitico.mx\/index.php?rest_route=\/wp\/v2\/posts\/97672\/revisions\/97675"}],"wp:featuredmedia":[{"embeddable":true,"href":"https:\/\/quehacerpolitico.mx\/index.php?rest_route=\/wp\/v2\/media\/97674"}],"wp:attachment":[{"href":"https:\/\/quehacerpolitico.mx\/index.php?rest_route=%2Fwp%2Fv2%2Fmedia&parent=97672"}],"wp:term":[{"taxonomy":"category","embeddable":true,"href":"https:\/\/quehacerpolitico.mx\/index.php?rest_route=%2Fwp%2Fv2%2Fcategories&post=97672"},{"taxonomy":"post_tag","embeddable":true,"href":"https:\/\/quehacerpolitico.mx\/index.php?rest_route=%2Fwp%2Fv2%2Ftags&post=97672"}],"curies":[{"name":"wp","href":"https:\/\/api.w.org\/{rel}","templated":true}]}}