{"id":97557,"date":"2022-12-07T15:16:31","date_gmt":"2022-12-07T15:16:31","guid":{"rendered":"https:\/\/quehacerpolitico.mx\/?p=97557"},"modified":"2022-12-07T15:16:35","modified_gmt":"2022-12-07T15:16:35","slug":"batean-reforma-electoral-del-presidente-contra-el-ine","status":"publish","type":"post","link":"https:\/\/quehacerpolitico.mx\/?p=97557","title":{"rendered":"Batean reforma electoral del Presidente contra el INE"},"content":{"rendered":"\n<p>Por Redacci\u00f3n QP<\/p>\n\n\n\n<p>Ayer mismo los legisladores comenzaron el intercambio de ideas sobre las leyes secundarias<\/p>\n\n\n\n<p>La C\u00e1mara de Diputados hundi\u00f3 ayer un proyecto de reforma constitucional que buscaba debilitar al Instituto Nacional Electoral (INE).<\/p>\n\n\n\n<p><strong>Anticipando su derrota, el Ejecutivo present\u00f3 una nueva iniciativa para modificar leyes secundarias, al no contar con los votos suficientes para modificar la Constituci\u00f3n.<\/strong><\/p>\n\n\n\n<p>Con 225 votos en contra, 269 a favor y una abstenci\u00f3n, la propuesta legislativa del Presidente Andr\u00e9s Manuel L\u00f3pez Obrador (AMLO) fue desechada, destac\u00f3 el titular de la C\u00e1mara de Diputados, Santiago\u00a0Creel.<\/p>\n\n\n\n<figure class=\"wp-block-embed is-type-rich is-provider-twitter wp-block-embed-twitter\"><div class=\"wp-block-embed__wrapper\">\n<blockquote class=\"twitter-tweet\" data-width=\"550\" data-dnt=\"true\"><p lang=\"es\" dir=\"ltr\">\ud83d\udea8<a href=\"https:\/\/twitter.com\/hashtag\/%C3%9AltimaHora?src=hash&amp;ref_src=twsrc%5Etfw\">#\u00daltimaHora<\/a> | La Reforma Electoral en la C\u00e1mara de Diputados no alcanza la mayor\u00eda calificada<br><br>Ahora viene el Plan B de AMLO, \u00bfpodr\u00e1n aprobarlo? \ud83e\udd14 <a href=\"https:\/\/t.co\/VPvhJAgOzs\">pic.twitter.com\/VPvhJAgOzs<\/a><\/p>&mdash; Ruido en la Red (@RuidoEnLaRed) <a href=\"https:\/\/twitter.com\/RuidoEnLaRed\/status\/1600297608760655872?ref_src=twsrc%5Etfw\">December 7, 2022<\/a><\/blockquote><script async src=\"https:\/\/platform.twitter.com\/widgets.js\" charset=\"utf-8\"><\/script>\n<\/div><\/figure>\n\n\n\n<p>\u201c\u00a1El INE no se toca!\u201d, corearon legisladores de oposici\u00f3n tras la votaci\u00f3n en San L\u00e1zaro.<\/p>\n\n\n\n<p>\u00a0La propuesta de enmienda constitucional buscaba tambi\u00e9n que los miembros del INE fueran elegidos por voto popular y no por los partidos.<\/p>\n\n\n\n<p>El lunes, la organizaci\u00f3n Human Rights Watch afirm\u00f3 que la reforma electoral de AMLO \u201cpon\u00eda en jaque las elecciones libres e imparciales\u201d y por ello el Congreso deb\u00eda \u201crechazar las modificaciones al sistema electoral\u201d.<\/p>\n\n\n\n<h4 class=\"wp-block-heading\"><strong>Inici\u00f3 el debate del &#8220;Plan B&#8221; en la C\u00e1mara Baja<\/strong><\/h4>\n\n\n\n<p>El pleno de\u00a0<strong>la C\u00e1mara de Diputados inici\u00f3 en debate de dos iniciativas \u201cespejo\u201d al llamado \u201cPlan B\u201d\u00a0<\/strong>del Presidente Andr\u00e9s Manuel L\u00f3pez Obrador.<\/p>\n\n\n\n<p>Se trata de un par de reformas a leyes secundarias en materia electoral, que proponen lo mismo que las recibidas la tarde de ayer por parte del Ejecutivo federal, que entre otras cosas plantea extinguir los fideicomisos del Instituto Nacional Electoral (INE), reducir el salario a consejeros, y compactar la estructura operativa del \u00f3rgano electoral.<\/p>\n\n\n\n<p>Las iniciativas se presentaron de esa forma para poder dispensar los tr\u00e1mites, toda vez que la ley org\u00e1nica de la C\u00e1mara s\u00f3lo permite dispensar tr\u00e1mites de propuestas que sean presentadas por un legislador o legisladora.<\/p>\n\n\n\n<p><strong>Se prev\u00e9 que los proyectos sean avalados con los votos a favor por parte de Morena y sus aliados.<\/strong><\/p>\n\n\n\n<p>Las propuestas de reforma a las leyes secundarias fueron discutidas en comisiones.<\/p>\n\n\n\n<p>El proyecto de reforma a la Ley General de Instituciones y Procedimientos Electorales, y la Ley General de Partidos Pol\u00edticos, de la Ley Org\u00e1nica del Poder Judicial de la Federaci\u00f3n, y se expide la Ley General de los Medios de Impugnaci\u00f3n en Materia Electoral, fueron turnadas a las comisiones unidas de Reforma Pol\u00edtica-Electoral, de Gobernaci\u00f3n y Poblaci\u00f3n, y de Justicia para su dictamen.<\/p>\n\n\n\n<p>Mientras que la reforma a la Ley General de Comunicaci\u00f3n Social; y la Ley General de Responsabilidades Administrativas fueron turnadas a las comisiones unidas de Gobernaci\u00f3n y Poblaci\u00f3n, y de Transparencia y Anticorrupci\u00f3n.<\/p>\n\n\n\n<h4 class=\"wp-block-heading\"><strong>\u201cEn el PRI votamos en contra\u201d<\/strong><\/h4>\n\n\n\n<p>Por otra parte,&nbsp;la presidenta del&nbsp;PRI&nbsp;Jalisco, Laura&nbsp;Haro&nbsp;Ram\u00edrez, afirm\u00f3 que en la sesi\u00f3n de ayer la oposici\u00f3n una vez m\u00e1s se hizo escuchar y el intento de reforma electoral fue desechada,&nbsp;<strong>\u201cesto es hist\u00f3rico, es la tercera vez que el Presidente pierde una reforma constitucional, ning\u00fan presidente hab\u00eda perdido una reforma constitucional,\u201d<\/strong>&nbsp;agreg\u00f3 la diputada.<\/p>\n\n\n\n<p>Al no lograr una vez m\u00e1s las dos terceras partes de las votaciones, el rechazo fue autom\u00e1tico.<\/p>\n\n\n\n<h4 class=\"wp-block-heading\"><strong>\u201c\u00bfPlan B&nbsp;o \u2018V\u2019 de venganza?\u201d<\/strong><\/h4>\n\n\n\n<p>El consejero del INE,&nbsp;<strong>Ciro Murayama, critic\u00f3 el \u201cPlan B\u201d de la reforma electoral impulsado por el Presidente Andr\u00e9s Manuel L\u00f3pez Obrador<\/strong>, el cual se present\u00f3 ayer en la C\u00e1mara de Diputados.<\/p>\n\n\n\n<p>En su cuenta de Twitter, se\u00f1al\u00f3 que una de las partes de&nbsp;<strong>la iniciativa propone la eliminaci\u00f3n de la \u201crama administrativa\u201d del Servicio Profesional Electoral Nacional<\/strong>.<\/p>\n\n\n\n<p>\u201cNada m\u00e1s que el&nbsp;SPEN&nbsp;no tiene rama administrativa. O sea, quieren desaparecer algo que no existe. As\u00ed de serios\u201d, apunt\u00f3 el consejero.&nbsp;<br>Por ello, lanz\u00f3 la pregunta: \u201c\u00bfPlan B o \u2018V\u2019&nbsp;de venganza?\u201d.<\/p>\n\n\n\n<p>Por su parte, Santiago Creel pidi\u00f3 a AMLO mantenerse al margen del proceso legislativo de la reforma electoral.<\/p>\n\n\n\n<p>Creel, presidente de la Mesa Directiva, de la C\u00e1mara de Diputados, solicit\u00f3 al Presidente L\u00f3pez Obrador mantenerse al margen del proceso legislativo que iniciar\u00e1 en el pleno, del dictamen de reforma constitucional en materia electoral, que fue entregada ayer por el secretario de Gobernaci\u00f3n, Ad\u00e1n Augusto L\u00f3pez, que plantea modificar leyes secundarias.<\/p>\n\n\n\n<p>\u201cEl Poder Ejecutivo debe mantenerse al margen del proceso legislativo que se ha abierto en materia pol\u00edtico electoral y de cualquier otra competencia que sea exclusiva de la<strong><a href=\"https:\/\/twitter.com\/Mx_Diputados\" target=\"_blank\" rel=\"noreferrer noopener\">\u00a0@Mx_Diputados<\/a><\/strong>\u201d, escribi\u00f3 Creel Miranda a trav\u00e9s de su cuenta de red social Twitter.<\/p>\n\n\n\n<figure class=\"wp-block-embed is-type-rich is-provider-twitter wp-block-embed-twitter\"><div class=\"wp-block-embed__wrapper\">\n<blockquote class=\"twitter-tweet\" data-width=\"550\" data-dnt=\"true\"><p lang=\"es\" dir=\"ltr\">En defensa de la democracia, he votado en contra de la iniciativa de <a href=\"https:\/\/twitter.com\/hashtag\/DeformaElectoral?src=hash&amp;ref_src=twsrc%5Etfw\">#DeformaElectoral<\/a> que el Presidente <a href=\"https:\/\/twitter.com\/lopezobrador_?ref_src=twsrc%5Etfw\">@lopezobrador_<\/a> envi\u00f3 a la <a href=\"https:\/\/twitter.com\/Mx_Diputados?ref_src=twsrc%5Etfw\">@Mx_Diputados<\/a>. <a href=\"https:\/\/t.co\/BvkENgbf9t\">pic.twitter.com\/BvkENgbf9t<\/a><\/p>&mdash; \ud83c\uddf2\ud83c\uddfdSantiago Creel (@SantiagoCreelM) <a href=\"https:\/\/twitter.com\/SantiagoCreelM\/status\/1600298434535178241?ref_src=twsrc%5Etfw\">December 7, 2022<\/a><\/blockquote><script async src=\"https:\/\/platform.twitter.com\/widgets.js\" charset=\"utf-8\"><\/script>\n<\/div><\/figure>\n\n\n\n<h4 class=\"wp-block-heading\"><strong>\u201cEvitar\u00e1 fraudes electorales\u201d<\/strong><\/h4>\n\n\n\n<p>El dirigente nacional de Morena,&nbsp;<strong>Mario Delgado, se\u00f1al\u00f3 que con el \u201cPlan B\u201d de la reforma electoral se evitar\u00e1n los fraudes electorales y se garantizar\u00e1 la democracia en el pa\u00eds<\/strong>.<\/p>\n\n\n\n<p>\u201cEn la discusi\u00f3n y votaci\u00f3n de la Reforma Electoral en la C\u00e1mara de Diputados volveremos a ver qui\u00e9nes son las y los verdaderos representantes populares y qui\u00e9nes, como siempre, utilizan los espacios del pueblo para defender los intereses de una c\u00fapula dorada\u201d, manifest\u00f3 en sus redes sociales.<\/p>\n\n\n\n<p>\u201cCon esta reforma se terminar\u00e1 con la compra del voto y se evitar\u00e1 que regresemos a los tiempos de los fraudes electorales. Se busca fortalecer la autonom\u00eda e imparcialidad del INE para as\u00ed garantizar un \u00f3rgano que haga valer realmente la democracia\u201d, subray\u00f3.<\/p>\n","protected":false},"excerpt":{"rendered":"<p>Por Redacci\u00f3n QP Ayer mismo los legisladores comenzaron el intercambio de ideas sobre las leyes&#8230;<\/p>\n","protected":false},"author":2,"featured_media":97558,"comment_status":"open","ping_status":"open","sticky":false,"template":"","format":"standard","meta":{"_monsterinsights_skip_tracking":false,"_monsterinsights_sitenote_active":false,"_monsterinsights_sitenote_note":"","_monsterinsights_sitenote_category":0,"footnotes":""},"categories":[2],"tags":[],"class_list":["post-97557","post","type-post","status-publish","format-standard","has-post-thumbnail","hentry","category-noticias"],"yoast_head":"<!-- This site is optimized with the Yoast SEO plugin v27.3 - https:\/\/yoast.com\/product\/yoast-seo-wordpress\/ -->\n<title>Batean reforma electoral del Presidente contra el INE -<\/title>\n<meta name=\"robots\" content=\"index, follow, max-snippet:-1, max-image-preview:large, max-video-preview:-1\" \/>\n<link rel=\"canonical\" href=\"https:\/\/quehacerpolitico.mx\/?p=97557\" \/>\n<meta property=\"og:locale\" content=\"es_MX\" \/>\n<meta property=\"og:type\" content=\"article\" \/>\n<meta property=\"og:title\" content=\"Batean reforma electoral del Presidente contra el INE -\" \/>\n<meta property=\"og:description\" content=\"Por Redacci\u00f3n QP Ayer mismo los legisladores comenzaron el intercambio de ideas sobre las leyes...\" \/>\n<meta property=\"og:url\" content=\"https:\/\/quehacerpolitico.mx\/?p=97557\" \/>\n<meta property=\"article:published_time\" content=\"2022-12-07T15:16:31+00:00\" \/>\n<meta property=\"article:modified_time\" content=\"2022-12-07T15:16:35+00:00\" \/>\n<meta property=\"og:image\" content=\"https:\/\/quehacerpolitico.mx\/wp-content\/uploads\/2022\/12\/889B376E-3B24-4FD3-AAF3-A5233FE99019.jpeg\" \/>\n\t<meta property=\"og:image:width\" content=\"1284\" \/>\n\t<meta property=\"og:image:height\" content=\"755\" \/>\n\t<meta property=\"og:image:type\" content=\"image\/jpeg\" \/>\n<meta name=\"author\" content=\"Redacci\u00f3n QP\" \/>\n<meta name=\"twitter:card\" content=\"summary_large_image\" \/>\n<meta name=\"twitter:label1\" content=\"Escrito por\" \/>\n\t<meta name=\"twitter:data1\" content=\"Redacci\u00f3n QP\" \/>\n\t<meta name=\"twitter:label2\" content=\"Tiempo de lectura\" \/>\n\t<meta name=\"twitter:data2\" content=\"5 minutos\" \/>\n<script type=\"application\/ld+json\" class=\"yoast-schema-graph\">{\"@context\":\"https:\\\/\\\/schema.org\",\"@graph\":[{\"@type\":\"Article\",\"@id\":\"https:\\\/\\\/quehacerpolitico.mx\\\/?p=97557#article\",\"isPartOf\":{\"@id\":\"https:\\\/\\\/quehacerpolitico.mx\\\/?p=97557\"},\"author\":{\"name\":\"Redacci\u00f3n QP\",\"@id\":\"https:\\\/\\\/quehacerpolitico.mx\\\/#\\\/schema\\\/person\\\/496d8ad2d1d3f8036101dca7ee39e585\"},\"headline\":\"Batean reforma electoral del Presidente contra el INE\",\"datePublished\":\"2022-12-07T15:16:31+00:00\",\"dateModified\":\"2022-12-07T15:16:35+00:00\",\"mainEntityOfPage\":{\"@id\":\"https:\\\/\\\/quehacerpolitico.mx\\\/?p=97557\"},\"wordCount\":937,\"commentCount\":0,\"image\":{\"@id\":\"https:\\\/\\\/quehacerpolitico.mx\\\/?p=97557#primaryimage\"},\"thumbnailUrl\":\"https:\\\/\\\/quehacerpolitico.mx\\\/wp-content\\\/uploads\\\/2022\\\/12\\\/889B376E-3B24-4FD3-AAF3-A5233FE99019.jpeg\",\"articleSection\":[\"Noticias\"],\"inLanguage\":\"es\",\"potentialAction\":[{\"@type\":\"CommentAction\",\"name\":\"Comment\",\"target\":[\"https:\\\/\\\/quehacerpolitico.mx\\\/?p=97557#respond\"]}]},{\"@type\":\"WebPage\",\"@id\":\"https:\\\/\\\/quehacerpolitico.mx\\\/?p=97557\",\"url\":\"https:\\\/\\\/quehacerpolitico.mx\\\/?p=97557\",\"name\":\"Batean reforma electoral del Presidente contra el INE -\",\"isPartOf\":{\"@id\":\"https:\\\/\\\/quehacerpolitico.mx\\\/#website\"},\"primaryImageOfPage\":{\"@id\":\"https:\\\/\\\/quehacerpolitico.mx\\\/?p=97557#primaryimage\"},\"image\":{\"@id\":\"https:\\\/\\\/quehacerpolitico.mx\\\/?p=97557#primaryimage\"},\"thumbnailUrl\":\"https:\\\/\\\/quehacerpolitico.mx\\\/wp-content\\\/uploads\\\/2022\\\/12\\\/889B376E-3B24-4FD3-AAF3-A5233FE99019.jpeg\",\"datePublished\":\"2022-12-07T15:16:31+00:00\",\"dateModified\":\"2022-12-07T15:16:35+00:00\",\"author\":{\"@id\":\"https:\\\/\\\/quehacerpolitico.mx\\\/#\\\/schema\\\/person\\\/496d8ad2d1d3f8036101dca7ee39e585\"},\"breadcrumb\":{\"@id\":\"https:\\\/\\\/quehacerpolitico.mx\\\/?p=97557#breadcrumb\"},\"inLanguage\":\"es\",\"potentialAction\":[{\"@type\":\"ReadAction\",\"target\":[\"https:\\\/\\\/quehacerpolitico.mx\\\/?p=97557\"]}]},{\"@type\":\"ImageObject\",\"inLanguage\":\"es\",\"@id\":\"https:\\\/\\\/quehacerpolitico.mx\\\/?p=97557#primaryimage\",\"url\":\"https:\\\/\\\/quehacerpolitico.mx\\\/wp-content\\\/uploads\\\/2022\\\/12\\\/889B376E-3B24-4FD3-AAF3-A5233FE99019.jpeg\",\"contentUrl\":\"https:\\\/\\\/quehacerpolitico.mx\\\/wp-content\\\/uploads\\\/2022\\\/12\\\/889B376E-3B24-4FD3-AAF3-A5233FE99019.jpeg\",\"width\":1284,\"height\":755},{\"@type\":\"BreadcrumbList\",\"@id\":\"https:\\\/\\\/quehacerpolitico.mx\\\/?p=97557#breadcrumb\",\"itemListElement\":[{\"@type\":\"ListItem\",\"position\":1,\"name\":\"Inicio\",\"item\":\"https:\\\/\\\/quehacerpolitico.mx\\\/\"},{\"@type\":\"ListItem\",\"position\":2,\"name\":\"Batean reforma electoral del Presidente contra el INE\"}]},{\"@type\":\"WebSite\",\"@id\":\"https:\\\/\\\/quehacerpolitico.mx\\\/#website\",\"url\":\"https:\\\/\\\/quehacerpolitico.mx\\\/\",\"name\":\"\",\"description\":\"\",\"potentialAction\":[{\"@type\":\"SearchAction\",\"target\":{\"@type\":\"EntryPoint\",\"urlTemplate\":\"https:\\\/\\\/quehacerpolitico.mx\\\/?s={search_term_string}\"},\"query-input\":{\"@type\":\"PropertyValueSpecification\",\"valueRequired\":true,\"valueName\":\"search_term_string\"}}],\"inLanguage\":\"es\"},{\"@type\":\"Person\",\"@id\":\"https:\\\/\\\/quehacerpolitico.mx\\\/#\\\/schema\\\/person\\\/496d8ad2d1d3f8036101dca7ee39e585\",\"name\":\"Redacci\u00f3n QP\",\"image\":{\"@type\":\"ImageObject\",\"inLanguage\":\"es\",\"@id\":\"https:\\\/\\\/secure.gravatar.com\\\/avatar\\\/c7164ed6fdec453195284ad24a5ae5b6e1eed2b848477fa2a4787ba9adf39a41?s=96&d=mm&r=g\",\"url\":\"https:\\\/\\\/secure.gravatar.com\\\/avatar\\\/c7164ed6fdec453195284ad24a5ae5b6e1eed2b848477fa2a4787ba9adf39a41?s=96&d=mm&r=g\",\"contentUrl\":\"https:\\\/\\\/secure.gravatar.com\\\/avatar\\\/c7164ed6fdec453195284ad24a5ae5b6e1eed2b848477fa2a4787ba9adf39a41?s=96&d=mm&r=g\",\"caption\":\"Redacci\u00f3n QP\"},\"url\":\"https:\\\/\\\/quehacerpolitico.mx\\\/?author=2\"}]}<\/script>\n<!-- \/ Yoast SEO plugin. -->","yoast_head_json":{"title":"Batean reforma electoral del Presidente contra el INE -","robots":{"index":"index","follow":"follow","max-snippet":"max-snippet:-1","max-image-preview":"max-image-preview:large","max-video-preview":"max-video-preview:-1"},"canonical":"https:\/\/quehacerpolitico.mx\/?p=97557","og_locale":"es_MX","og_type":"article","og_title":"Batean reforma electoral del Presidente contra el INE -","og_description":"Por Redacci\u00f3n QP Ayer mismo los legisladores comenzaron el intercambio de ideas sobre las leyes...","og_url":"https:\/\/quehacerpolitico.mx\/?p=97557","article_published_time":"2022-12-07T15:16:31+00:00","article_modified_time":"2022-12-07T15:16:35+00:00","og_image":[{"width":1284,"height":755,"url":"https:\/\/quehacerpolitico.mx\/wp-content\/uploads\/2022\/12\/889B376E-3B24-4FD3-AAF3-A5233FE99019.jpeg","type":"image\/jpeg"}],"author":"Redacci\u00f3n QP","twitter_card":"summary_large_image","twitter_misc":{"Escrito por":"Redacci\u00f3n QP","Tiempo de lectura":"5 minutos"},"schema":{"@context":"https:\/\/schema.org","@graph":[{"@type":"Article","@id":"https:\/\/quehacerpolitico.mx\/?p=97557#article","isPartOf":{"@id":"https:\/\/quehacerpolitico.mx\/?p=97557"},"author":{"name":"Redacci\u00f3n QP","@id":"https:\/\/quehacerpolitico.mx\/#\/schema\/person\/496d8ad2d1d3f8036101dca7ee39e585"},"headline":"Batean reforma electoral del Presidente contra el INE","datePublished":"2022-12-07T15:16:31+00:00","dateModified":"2022-12-07T15:16:35+00:00","mainEntityOfPage":{"@id":"https:\/\/quehacerpolitico.mx\/?p=97557"},"wordCount":937,"commentCount":0,"image":{"@id":"https:\/\/quehacerpolitico.mx\/?p=97557#primaryimage"},"thumbnailUrl":"https:\/\/quehacerpolitico.mx\/wp-content\/uploads\/2022\/12\/889B376E-3B24-4FD3-AAF3-A5233FE99019.jpeg","articleSection":["Noticias"],"inLanguage":"es","potentialAction":[{"@type":"CommentAction","name":"Comment","target":["https:\/\/quehacerpolitico.mx\/?p=97557#respond"]}]},{"@type":"WebPage","@id":"https:\/\/quehacerpolitico.mx\/?p=97557","url":"https:\/\/quehacerpolitico.mx\/?p=97557","name":"Batean reforma electoral del Presidente contra el INE -","isPartOf":{"@id":"https:\/\/quehacerpolitico.mx\/#website"},"primaryImageOfPage":{"@id":"https:\/\/quehacerpolitico.mx\/?p=97557#primaryimage"},"image":{"@id":"https:\/\/quehacerpolitico.mx\/?p=97557#primaryimage"},"thumbnailUrl":"https:\/\/quehacerpolitico.mx\/wp-content\/uploads\/2022\/12\/889B376E-3B24-4FD3-AAF3-A5233FE99019.jpeg","datePublished":"2022-12-07T15:16:31+00:00","dateModified":"2022-12-07T15:16:35+00:00","author":{"@id":"https:\/\/quehacerpolitico.mx\/#\/schema\/person\/496d8ad2d1d3f8036101dca7ee39e585"},"breadcrumb":{"@id":"https:\/\/quehacerpolitico.mx\/?p=97557#breadcrumb"},"inLanguage":"es","potentialAction":[{"@type":"ReadAction","target":["https:\/\/quehacerpolitico.mx\/?p=97557"]}]},{"@type":"ImageObject","inLanguage":"es","@id":"https:\/\/quehacerpolitico.mx\/?p=97557#primaryimage","url":"https:\/\/quehacerpolitico.mx\/wp-content\/uploads\/2022\/12\/889B376E-3B24-4FD3-AAF3-A5233FE99019.jpeg","contentUrl":"https:\/\/quehacerpolitico.mx\/wp-content\/uploads\/2022\/12\/889B376E-3B24-4FD3-AAF3-A5233FE99019.jpeg","width":1284,"height":755},{"@type":"BreadcrumbList","@id":"https:\/\/quehacerpolitico.mx\/?p=97557#breadcrumb","itemListElement":[{"@type":"ListItem","position":1,"name":"Inicio","item":"https:\/\/quehacerpolitico.mx\/"},{"@type":"ListItem","position":2,"name":"Batean reforma electoral del Presidente contra el INE"}]},{"@type":"WebSite","@id":"https:\/\/quehacerpolitico.mx\/#website","url":"https:\/\/quehacerpolitico.mx\/","name":"","description":"","potentialAction":[{"@type":"SearchAction","target":{"@type":"EntryPoint","urlTemplate":"https:\/\/quehacerpolitico.mx\/?s={search_term_string}"},"query-input":{"@type":"PropertyValueSpecification","valueRequired":true,"valueName":"search_term_string"}}],"inLanguage":"es"},{"@type":"Person","@id":"https:\/\/quehacerpolitico.mx\/#\/schema\/person\/496d8ad2d1d3f8036101dca7ee39e585","name":"Redacci\u00f3n QP","image":{"@type":"ImageObject","inLanguage":"es","@id":"https:\/\/secure.gravatar.com\/avatar\/c7164ed6fdec453195284ad24a5ae5b6e1eed2b848477fa2a4787ba9adf39a41?s=96&d=mm&r=g","url":"https:\/\/secure.gravatar.com\/avatar\/c7164ed6fdec453195284ad24a5ae5b6e1eed2b848477fa2a4787ba9adf39a41?s=96&d=mm&r=g","contentUrl":"https:\/\/secure.gravatar.com\/avatar\/c7164ed6fdec453195284ad24a5ae5b6e1eed2b848477fa2a4787ba9adf39a41?s=96&d=mm&r=g","caption":"Redacci\u00f3n QP"},"url":"https:\/\/quehacerpolitico.mx\/?author=2"}]}},"featured_image_urls":{"full":["https:\/\/quehacerpolitico.mx\/wp-content\/uploads\/2022\/12\/889B376E-3B24-4FD3-AAF3-A5233FE99019.jpeg",1284,755,false],"thumbnail":["https:\/\/quehacerpolitico.mx\/wp-content\/uploads\/2022\/12\/889B376E-3B24-4FD3-AAF3-A5233FE99019-150x150.jpeg",150,150,true],"medium":["https:\/\/quehacerpolitico.mx\/wp-content\/uploads\/2022\/12\/889B376E-3B24-4FD3-AAF3-A5233FE99019-300x176.jpeg",300,176,true],"medium_large":["https:\/\/quehacerpolitico.mx\/wp-content\/uploads\/2022\/12\/889B376E-3B24-4FD3-AAF3-A5233FE99019-768x452.jpeg",640,377,true],"large":["https:\/\/quehacerpolitico.mx\/wp-content\/uploads\/2022\/12\/889B376E-3B24-4FD3-AAF3-A5233FE99019-1024x602.jpeg",640,376,true],"1536x1536":["https:\/\/quehacerpolitico.mx\/wp-content\/uploads\/2022\/12\/889B376E-3B24-4FD3-AAF3-A5233FE99019.jpeg",1284,755,false],"2048x2048":["https:\/\/quehacerpolitico.mx\/wp-content\/uploads\/2022\/12\/889B376E-3B24-4FD3-AAF3-A5233FE99019.jpeg",1284,755,false],"covernews-featured":["https:\/\/quehacerpolitico.mx\/wp-content\/uploads\/2022\/12\/889B376E-3B24-4FD3-AAF3-A5233FE99019.jpeg",1024,602,false],"covernews-medium":["https:\/\/quehacerpolitico.mx\/wp-content\/uploads\/2022\/12\/889B376E-3B24-4FD3-AAF3-A5233FE99019.jpeg",540,318,false]},"author_info":{"display_name":"Redacci\u00f3n QP","author_link":"https:\/\/quehacerpolitico.mx\/?author=2"},"category_info":"<a href=\"https:\/\/quehacerpolitico.mx\/?cat=2\" rel=\"category\">Noticias<\/a>","tag_info":"Noticias","comment_count":"0","_links":{"self":[{"href":"https:\/\/quehacerpolitico.mx\/index.php?rest_route=\/wp\/v2\/posts\/97557","targetHints":{"allow":["GET"]}}],"collection":[{"href":"https:\/\/quehacerpolitico.mx\/index.php?rest_route=\/wp\/v2\/posts"}],"about":[{"href":"https:\/\/quehacerpolitico.mx\/index.php?rest_route=\/wp\/v2\/types\/post"}],"author":[{"embeddable":true,"href":"https:\/\/quehacerpolitico.mx\/index.php?rest_route=\/wp\/v2\/users\/2"}],"replies":[{"embeddable":true,"href":"https:\/\/quehacerpolitico.mx\/index.php?rest_route=%2Fwp%2Fv2%2Fcomments&post=97557"}],"version-history":[{"count":1,"href":"https:\/\/quehacerpolitico.mx\/index.php?rest_route=\/wp\/v2\/posts\/97557\/revisions"}],"predecessor-version":[{"id":97559,"href":"https:\/\/quehacerpolitico.mx\/index.php?rest_route=\/wp\/v2\/posts\/97557\/revisions\/97559"}],"wp:featuredmedia":[{"embeddable":true,"href":"https:\/\/quehacerpolitico.mx\/index.php?rest_route=\/wp\/v2\/media\/97558"}],"wp:attachment":[{"href":"https:\/\/quehacerpolitico.mx\/index.php?rest_route=%2Fwp%2Fv2%2Fmedia&parent=97557"}],"wp:term":[{"taxonomy":"category","embeddable":true,"href":"https:\/\/quehacerpolitico.mx\/index.php?rest_route=%2Fwp%2Fv2%2Fcategories&post=97557"},{"taxonomy":"post_tag","embeddable":true,"href":"https:\/\/quehacerpolitico.mx\/index.php?rest_route=%2Fwp%2Fv2%2Ftags&post=97557"}],"curies":[{"name":"wp","href":"https:\/\/api.w.org\/{rel}","templated":true}]}}