{"id":97554,"date":"2022-12-05T22:18:56","date_gmt":"2022-12-05T22:18:56","guid":{"rendered":"https:\/\/quehacerpolitico.mx\/?p=97554"},"modified":"2022-12-05T22:18:59","modified_gmt":"2022-12-05T22:18:59","slug":"samuel-garcia-se-destapa-para-el-2024-esto-dice-el-gobernador-de-nuevo-leon","status":"publish","type":"post","link":"https:\/\/quehacerpolitico.mx\/?p=97554","title":{"rendered":"\u00bfSamuel Garc\u00eda se destapa para el 2024? Esto dice el gobernador de Nuevo Le\u00f3n"},"content":{"rendered":"\n<p>Por Redacci\u00f3n QP<\/p>\n\n\n\n<p>Samuel Garc\u00eda se expresa sobre la organizaci\u00f3n de Movimiento Ciudadano para las elecciones del 2024<\/p>\n\n\n\n<p>Los medios vuelven a poner su foco en Samuel Garc\u00eda, el gobernador de Nuevo Le\u00f3n, luego de\u00a0que compartiera su inter\u00e9s por postularse a la candidatura por la presidencia en las elecciones de 2024.<\/p>\n\n\n\n<p>Sin embargo, el gobernador no se adelanta, pues en una entrevista a los medios asegur\u00f3 que<strong>\u00a0toda su atenci\u00f3n est\u00e1 en Nuevo Le\u00f3n ahora mismo.\u00a0<\/strong>Y reiter\u00f3 que Movimiento Ciudadano tiene m\u00e1s de un candidato digno para ocupar el cargo.<\/p>\n\n\n\n<p>&#8220;Me apunto como uno de ellos&#8221; fue lo que respondi\u00f3 cuando\u00a0se le pregunt\u00f3 si estar\u00eda interesado en postularse a la presidencia.<\/p>\n\n\n\n<figure class=\"wp-block-embed is-type-rich is-provider-twitter wp-block-embed-twitter\"><div class=\"wp-block-embed__wrapper\">\n<blockquote class=\"twitter-tweet\" data-width=\"550\" data-dnt=\"true\"><p lang=\"es\" dir=\"ltr\"><a href=\"https:\/\/twitter.com\/hashtag\/%C3%9ALTIMAHORA?src=hash&amp;ref_src=twsrc%5Etfw\">#\u00daLTIMAHORA<\/a> | El gobernador de Nuevo Le\u00f3n, Samuel Garcia, se \u201capunt\u00f3\u201d c\u00f3mo un posible aspirante a la presidencia de la Rep\u00fablica por el partido Movimiento Ciudadano <a href=\"https:\/\/t.co\/vgEMZk9Bmq\">pic.twitter.com\/vgEMZk9Bmq<\/a><\/p>&mdash; Azucena Uresti (@azucenau) <a href=\"https:\/\/twitter.com\/azucenau\/status\/1599890052984995840?ref_src=twsrc%5Etfw\">December 5, 2022<\/a><\/blockquote><script async src=\"https:\/\/platform.twitter.com\/widgets.js\" charset=\"utf-8\"><\/script>\n<\/div><\/figure>\n\n\n\n<p>El gobernador particip\u00f3 en la Convenci\u00f3n Nacional Democr\u00e1tica Extraordinaria de Movimiento Ciudadano, en la que se\u00f1al\u00f3&nbsp;que tienen posibilidades de ganar solos en las pr\u00f3ximas elecciones.<\/p>\n\n\n\n<p>&#8220;No s\u00e9 si debamos ir juntos o en bola, solos o en coalici\u00f3n; lo que s\u00ed s\u00e9 es que ya hemos demostrado con Nuevo Le\u00f3n que\u00a0<strong>no ocupamos a nadie,<\/strong>\u00a0qu\u00e9 solos ganamos y ganamos bien&#8221;, manifest\u00f3 en su intervenci\u00f3n.<\/p>\n\n\n\n<p>En tanto, se\u00f1al\u00f3 que ha evitado todo discurso que genere polarizaci\u00f3n y divisi\u00f3n, al tiempo que hizo un llamado a la unidad dentro de Movimiento Ciudadano.\u00a0<strong>&#8220;En el movimiento me siento a toda madre&#8221;<\/strong>, expres\u00f3 el gobernador entre aplausos de los asistentes.<\/p>\n\n\n\n<p>Con Informaci\u00f3n de SUN <\/p>\n","protected":false},"excerpt":{"rendered":"<p>Por Redacci\u00f3n QP Samuel Garc\u00eda se expresa sobre la organizaci\u00f3n de Movimiento Ciudadano para las&#8230;<\/p>\n","protected":false},"author":2,"featured_media":97555,"comment_status":"open","ping_status":"open","sticky":false,"template":"","format":"standard","meta":{"_monsterinsights_skip_tracking":false,"_monsterinsights_sitenote_active":false,"_monsterinsights_sitenote_note":"","_monsterinsights_sitenote_category":0,"footnotes":""},"categories":[2],"tags":[],"class_list":["post-97554","post","type-post","status-publish","format-standard","has-post-thumbnail","hentry","category-noticias"],"yoast_head":"<!-- This site is optimized with the Yoast SEO plugin v27.3 - https:\/\/yoast.com\/product\/yoast-seo-wordpress\/ -->\n<title>\u00bfSamuel Garc\u00eda se destapa para el 2024? Esto dice el gobernador de Nuevo Le\u00f3n -<\/title>\n<meta name=\"robots\" content=\"index, follow, max-snippet:-1, max-image-preview:large, max-video-preview:-1\" \/>\n<link rel=\"canonical\" href=\"https:\/\/quehacerpolitico.mx\/?p=97554\" \/>\n<meta property=\"og:locale\" content=\"es_MX\" \/>\n<meta property=\"og:type\" content=\"article\" \/>\n<meta property=\"og:title\" content=\"\u00bfSamuel Garc\u00eda se destapa para el 2024? Esto dice el gobernador de Nuevo Le\u00f3n -\" \/>\n<meta property=\"og:description\" content=\"Por Redacci\u00f3n QP Samuel Garc\u00eda se expresa sobre la organizaci\u00f3n de Movimiento Ciudadano para las...\" \/>\n<meta property=\"og:url\" content=\"https:\/\/quehacerpolitico.mx\/?p=97554\" \/>\n<meta property=\"article:published_time\" content=\"2022-12-05T22:18:56+00:00\" \/>\n<meta property=\"article:modified_time\" content=\"2022-12-05T22:18:59+00:00\" \/>\n<meta property=\"og:image\" content=\"https:\/\/quehacerpolitico.mx\/wp-content\/uploads\/2022\/12\/CCDF4D71-837C-4F73-B09D-1F4D63B9CA87.jpeg\" \/>\n\t<meta property=\"og:image:width\" content=\"678\" \/>\n\t<meta property=\"og:image:height\" content=\"452\" \/>\n\t<meta property=\"og:image:type\" content=\"image\/jpeg\" \/>\n<meta name=\"author\" content=\"Redacci\u00f3n QP\" \/>\n<meta name=\"twitter:card\" content=\"summary_large_image\" \/>\n<meta name=\"twitter:label1\" content=\"Escrito por\" \/>\n\t<meta name=\"twitter:data1\" content=\"Redacci\u00f3n QP\" \/>\n\t<meta name=\"twitter:label2\" content=\"Tiempo de lectura\" \/>\n\t<meta name=\"twitter:data2\" content=\"1 minuto\" \/>\n<script type=\"application\/ld+json\" class=\"yoast-schema-graph\">{\"@context\":\"https:\\\/\\\/schema.org\",\"@graph\":[{\"@type\":\"Article\",\"@id\":\"https:\\\/\\\/quehacerpolitico.mx\\\/?p=97554#article\",\"isPartOf\":{\"@id\":\"https:\\\/\\\/quehacerpolitico.mx\\\/?p=97554\"},\"author\":{\"name\":\"Redacci\u00f3n QP\",\"@id\":\"https:\\\/\\\/quehacerpolitico.mx\\\/#\\\/schema\\\/person\\\/496d8ad2d1d3f8036101dca7ee39e585\"},\"headline\":\"\u00bfSamuel Garc\u00eda se destapa para el 2024? Esto dice el gobernador de Nuevo Le\u00f3n\",\"datePublished\":\"2022-12-05T22:18:56+00:00\",\"dateModified\":\"2022-12-05T22:18:59+00:00\",\"mainEntityOfPage\":{\"@id\":\"https:\\\/\\\/quehacerpolitico.mx\\\/?p=97554\"},\"wordCount\":271,\"commentCount\":0,\"image\":{\"@id\":\"https:\\\/\\\/quehacerpolitico.mx\\\/?p=97554#primaryimage\"},\"thumbnailUrl\":\"https:\\\/\\\/quehacerpolitico.mx\\\/wp-content\\\/uploads\\\/2022\\\/12\\\/CCDF4D71-837C-4F73-B09D-1F4D63B9CA87.jpeg\",\"articleSection\":[\"Noticias\"],\"inLanguage\":\"es\",\"potentialAction\":[{\"@type\":\"CommentAction\",\"name\":\"Comment\",\"target\":[\"https:\\\/\\\/quehacerpolitico.mx\\\/?p=97554#respond\"]}]},{\"@type\":\"WebPage\",\"@id\":\"https:\\\/\\\/quehacerpolitico.mx\\\/?p=97554\",\"url\":\"https:\\\/\\\/quehacerpolitico.mx\\\/?p=97554\",\"name\":\"\u00bfSamuel Garc\u00eda se destapa para el 2024? Esto dice el gobernador de Nuevo Le\u00f3n -\",\"isPartOf\":{\"@id\":\"https:\\\/\\\/quehacerpolitico.mx\\\/#website\"},\"primaryImageOfPage\":{\"@id\":\"https:\\\/\\\/quehacerpolitico.mx\\\/?p=97554#primaryimage\"},\"image\":{\"@id\":\"https:\\\/\\\/quehacerpolitico.mx\\\/?p=97554#primaryimage\"},\"thumbnailUrl\":\"https:\\\/\\\/quehacerpolitico.mx\\\/wp-content\\\/uploads\\\/2022\\\/12\\\/CCDF4D71-837C-4F73-B09D-1F4D63B9CA87.jpeg\",\"datePublished\":\"2022-12-05T22:18:56+00:00\",\"dateModified\":\"2022-12-05T22:18:59+00:00\",\"author\":{\"@id\":\"https:\\\/\\\/quehacerpolitico.mx\\\/#\\\/schema\\\/person\\\/496d8ad2d1d3f8036101dca7ee39e585\"},\"breadcrumb\":{\"@id\":\"https:\\\/\\\/quehacerpolitico.mx\\\/?p=97554#breadcrumb\"},\"inLanguage\":\"es\",\"potentialAction\":[{\"@type\":\"ReadAction\",\"target\":[\"https:\\\/\\\/quehacerpolitico.mx\\\/?p=97554\"]}]},{\"@type\":\"ImageObject\",\"inLanguage\":\"es\",\"@id\":\"https:\\\/\\\/quehacerpolitico.mx\\\/?p=97554#primaryimage\",\"url\":\"https:\\\/\\\/quehacerpolitico.mx\\\/wp-content\\\/uploads\\\/2022\\\/12\\\/CCDF4D71-837C-4F73-B09D-1F4D63B9CA87.jpeg\",\"contentUrl\":\"https:\\\/\\\/quehacerpolitico.mx\\\/wp-content\\\/uploads\\\/2022\\\/12\\\/CCDF4D71-837C-4F73-B09D-1F4D63B9CA87.jpeg\",\"width\":678,\"height\":452},{\"@type\":\"BreadcrumbList\",\"@id\":\"https:\\\/\\\/quehacerpolitico.mx\\\/?p=97554#breadcrumb\",\"itemListElement\":[{\"@type\":\"ListItem\",\"position\":1,\"name\":\"Inicio\",\"item\":\"https:\\\/\\\/quehacerpolitico.mx\\\/\"},{\"@type\":\"ListItem\",\"position\":2,\"name\":\"\u00bfSamuel Garc\u00eda se destapa para el 2024? Esto dice el gobernador de Nuevo Le\u00f3n\"}]},{\"@type\":\"WebSite\",\"@id\":\"https:\\\/\\\/quehacerpolitico.mx\\\/#website\",\"url\":\"https:\\\/\\\/quehacerpolitico.mx\\\/\",\"name\":\"\",\"description\":\"\",\"potentialAction\":[{\"@type\":\"SearchAction\",\"target\":{\"@type\":\"EntryPoint\",\"urlTemplate\":\"https:\\\/\\\/quehacerpolitico.mx\\\/?s={search_term_string}\"},\"query-input\":{\"@type\":\"PropertyValueSpecification\",\"valueRequired\":true,\"valueName\":\"search_term_string\"}}],\"inLanguage\":\"es\"},{\"@type\":\"Person\",\"@id\":\"https:\\\/\\\/quehacerpolitico.mx\\\/#\\\/schema\\\/person\\\/496d8ad2d1d3f8036101dca7ee39e585\",\"name\":\"Redacci\u00f3n QP\",\"image\":{\"@type\":\"ImageObject\",\"inLanguage\":\"es\",\"@id\":\"https:\\\/\\\/secure.gravatar.com\\\/avatar\\\/c7164ed6fdec453195284ad24a5ae5b6e1eed2b848477fa2a4787ba9adf39a41?s=96&d=mm&r=g\",\"url\":\"https:\\\/\\\/secure.gravatar.com\\\/avatar\\\/c7164ed6fdec453195284ad24a5ae5b6e1eed2b848477fa2a4787ba9adf39a41?s=96&d=mm&r=g\",\"contentUrl\":\"https:\\\/\\\/secure.gravatar.com\\\/avatar\\\/c7164ed6fdec453195284ad24a5ae5b6e1eed2b848477fa2a4787ba9adf39a41?s=96&d=mm&r=g\",\"caption\":\"Redacci\u00f3n QP\"},\"url\":\"https:\\\/\\\/quehacerpolitico.mx\\\/?author=2\"}]}<\/script>\n<!-- \/ Yoast SEO plugin. -->","yoast_head_json":{"title":"\u00bfSamuel Garc\u00eda se destapa para el 2024? Esto dice el gobernador de Nuevo Le\u00f3n -","robots":{"index":"index","follow":"follow","max-snippet":"max-snippet:-1","max-image-preview":"max-image-preview:large","max-video-preview":"max-video-preview:-1"},"canonical":"https:\/\/quehacerpolitico.mx\/?p=97554","og_locale":"es_MX","og_type":"article","og_title":"\u00bfSamuel Garc\u00eda se destapa para el 2024? Esto dice el gobernador de Nuevo Le\u00f3n -","og_description":"Por Redacci\u00f3n QP Samuel Garc\u00eda se expresa sobre la organizaci\u00f3n de Movimiento Ciudadano para las...","og_url":"https:\/\/quehacerpolitico.mx\/?p=97554","article_published_time":"2022-12-05T22:18:56+00:00","article_modified_time":"2022-12-05T22:18:59+00:00","og_image":[{"width":678,"height":452,"url":"https:\/\/quehacerpolitico.mx\/wp-content\/uploads\/2022\/12\/CCDF4D71-837C-4F73-B09D-1F4D63B9CA87.jpeg","type":"image\/jpeg"}],"author":"Redacci\u00f3n QP","twitter_card":"summary_large_image","twitter_misc":{"Escrito por":"Redacci\u00f3n QP","Tiempo de lectura":"1 minuto"},"schema":{"@context":"https:\/\/schema.org","@graph":[{"@type":"Article","@id":"https:\/\/quehacerpolitico.mx\/?p=97554#article","isPartOf":{"@id":"https:\/\/quehacerpolitico.mx\/?p=97554"},"author":{"name":"Redacci\u00f3n QP","@id":"https:\/\/quehacerpolitico.mx\/#\/schema\/person\/496d8ad2d1d3f8036101dca7ee39e585"},"headline":"\u00bfSamuel Garc\u00eda se destapa para el 2024? Esto dice el gobernador de Nuevo Le\u00f3n","datePublished":"2022-12-05T22:18:56+00:00","dateModified":"2022-12-05T22:18:59+00:00","mainEntityOfPage":{"@id":"https:\/\/quehacerpolitico.mx\/?p=97554"},"wordCount":271,"commentCount":0,"image":{"@id":"https:\/\/quehacerpolitico.mx\/?p=97554#primaryimage"},"thumbnailUrl":"https:\/\/quehacerpolitico.mx\/wp-content\/uploads\/2022\/12\/CCDF4D71-837C-4F73-B09D-1F4D63B9CA87.jpeg","articleSection":["Noticias"],"inLanguage":"es","potentialAction":[{"@type":"CommentAction","name":"Comment","target":["https:\/\/quehacerpolitico.mx\/?p=97554#respond"]}]},{"@type":"WebPage","@id":"https:\/\/quehacerpolitico.mx\/?p=97554","url":"https:\/\/quehacerpolitico.mx\/?p=97554","name":"\u00bfSamuel Garc\u00eda se destapa para el 2024? Esto dice el gobernador de Nuevo Le\u00f3n -","isPartOf":{"@id":"https:\/\/quehacerpolitico.mx\/#website"},"primaryImageOfPage":{"@id":"https:\/\/quehacerpolitico.mx\/?p=97554#primaryimage"},"image":{"@id":"https:\/\/quehacerpolitico.mx\/?p=97554#primaryimage"},"thumbnailUrl":"https:\/\/quehacerpolitico.mx\/wp-content\/uploads\/2022\/12\/CCDF4D71-837C-4F73-B09D-1F4D63B9CA87.jpeg","datePublished":"2022-12-05T22:18:56+00:00","dateModified":"2022-12-05T22:18:59+00:00","author":{"@id":"https:\/\/quehacerpolitico.mx\/#\/schema\/person\/496d8ad2d1d3f8036101dca7ee39e585"},"breadcrumb":{"@id":"https:\/\/quehacerpolitico.mx\/?p=97554#breadcrumb"},"inLanguage":"es","potentialAction":[{"@type":"ReadAction","target":["https:\/\/quehacerpolitico.mx\/?p=97554"]}]},{"@type":"ImageObject","inLanguage":"es","@id":"https:\/\/quehacerpolitico.mx\/?p=97554#primaryimage","url":"https:\/\/quehacerpolitico.mx\/wp-content\/uploads\/2022\/12\/CCDF4D71-837C-4F73-B09D-1F4D63B9CA87.jpeg","contentUrl":"https:\/\/quehacerpolitico.mx\/wp-content\/uploads\/2022\/12\/CCDF4D71-837C-4F73-B09D-1F4D63B9CA87.jpeg","width":678,"height":452},{"@type":"BreadcrumbList","@id":"https:\/\/quehacerpolitico.mx\/?p=97554#breadcrumb","itemListElement":[{"@type":"ListItem","position":1,"name":"Inicio","item":"https:\/\/quehacerpolitico.mx\/"},{"@type":"ListItem","position":2,"name":"\u00bfSamuel Garc\u00eda se destapa para el 2024? Esto dice el gobernador de Nuevo Le\u00f3n"}]},{"@type":"WebSite","@id":"https:\/\/quehacerpolitico.mx\/#website","url":"https:\/\/quehacerpolitico.mx\/","name":"","description":"","potentialAction":[{"@type":"SearchAction","target":{"@type":"EntryPoint","urlTemplate":"https:\/\/quehacerpolitico.mx\/?s={search_term_string}"},"query-input":{"@type":"PropertyValueSpecification","valueRequired":true,"valueName":"search_term_string"}}],"inLanguage":"es"},{"@type":"Person","@id":"https:\/\/quehacerpolitico.mx\/#\/schema\/person\/496d8ad2d1d3f8036101dca7ee39e585","name":"Redacci\u00f3n QP","image":{"@type":"ImageObject","inLanguage":"es","@id":"https:\/\/secure.gravatar.com\/avatar\/c7164ed6fdec453195284ad24a5ae5b6e1eed2b848477fa2a4787ba9adf39a41?s=96&d=mm&r=g","url":"https:\/\/secure.gravatar.com\/avatar\/c7164ed6fdec453195284ad24a5ae5b6e1eed2b848477fa2a4787ba9adf39a41?s=96&d=mm&r=g","contentUrl":"https:\/\/secure.gravatar.com\/avatar\/c7164ed6fdec453195284ad24a5ae5b6e1eed2b848477fa2a4787ba9adf39a41?s=96&d=mm&r=g","caption":"Redacci\u00f3n QP"},"url":"https:\/\/quehacerpolitico.mx\/?author=2"}]}},"featured_image_urls":{"full":["https:\/\/quehacerpolitico.mx\/wp-content\/uploads\/2022\/12\/CCDF4D71-837C-4F73-B09D-1F4D63B9CA87.jpeg",678,452,false],"thumbnail":["https:\/\/quehacerpolitico.mx\/wp-content\/uploads\/2022\/12\/CCDF4D71-837C-4F73-B09D-1F4D63B9CA87-150x150.jpeg",150,150,true],"medium":["https:\/\/quehacerpolitico.mx\/wp-content\/uploads\/2022\/12\/CCDF4D71-837C-4F73-B09D-1F4D63B9CA87-300x200.jpeg",300,200,true],"medium_large":["https:\/\/quehacerpolitico.mx\/wp-content\/uploads\/2022\/12\/CCDF4D71-837C-4F73-B09D-1F4D63B9CA87.jpeg",640,427,false],"large":["https:\/\/quehacerpolitico.mx\/wp-content\/uploads\/2022\/12\/CCDF4D71-837C-4F73-B09D-1F4D63B9CA87.jpeg",640,427,false],"1536x1536":["https:\/\/quehacerpolitico.mx\/wp-content\/uploads\/2022\/12\/CCDF4D71-837C-4F73-B09D-1F4D63B9CA87.jpeg",678,452,false],"2048x2048":["https:\/\/quehacerpolitico.mx\/wp-content\/uploads\/2022\/12\/CCDF4D71-837C-4F73-B09D-1F4D63B9CA87.jpeg",678,452,false],"covernews-featured":["https:\/\/quehacerpolitico.mx\/wp-content\/uploads\/2022\/12\/CCDF4D71-837C-4F73-B09D-1F4D63B9CA87.jpeg",678,452,false],"covernews-medium":["https:\/\/quehacerpolitico.mx\/wp-content\/uploads\/2022\/12\/CCDF4D71-837C-4F73-B09D-1F4D63B9CA87.jpeg",510,340,false]},"author_info":{"display_name":"Redacci\u00f3n QP","author_link":"https:\/\/quehacerpolitico.mx\/?author=2"},"category_info":"<a href=\"https:\/\/quehacerpolitico.mx\/?cat=2\" rel=\"category\">Noticias<\/a>","tag_info":"Noticias","comment_count":"0","_links":{"self":[{"href":"https:\/\/quehacerpolitico.mx\/index.php?rest_route=\/wp\/v2\/posts\/97554","targetHints":{"allow":["GET"]}}],"collection":[{"href":"https:\/\/quehacerpolitico.mx\/index.php?rest_route=\/wp\/v2\/posts"}],"about":[{"href":"https:\/\/quehacerpolitico.mx\/index.php?rest_route=\/wp\/v2\/types\/post"}],"author":[{"embeddable":true,"href":"https:\/\/quehacerpolitico.mx\/index.php?rest_route=\/wp\/v2\/users\/2"}],"replies":[{"embeddable":true,"href":"https:\/\/quehacerpolitico.mx\/index.php?rest_route=%2Fwp%2Fv2%2Fcomments&post=97554"}],"version-history":[{"count":1,"href":"https:\/\/quehacerpolitico.mx\/index.php?rest_route=\/wp\/v2\/posts\/97554\/revisions"}],"predecessor-version":[{"id":97556,"href":"https:\/\/quehacerpolitico.mx\/index.php?rest_route=\/wp\/v2\/posts\/97554\/revisions\/97556"}],"wp:featuredmedia":[{"embeddable":true,"href":"https:\/\/quehacerpolitico.mx\/index.php?rest_route=\/wp\/v2\/media\/97555"}],"wp:attachment":[{"href":"https:\/\/quehacerpolitico.mx\/index.php?rest_route=%2Fwp%2Fv2%2Fmedia&parent=97554"}],"wp:term":[{"taxonomy":"category","embeddable":true,"href":"https:\/\/quehacerpolitico.mx\/index.php?rest_route=%2Fwp%2Fv2%2Fcategories&post=97554"},{"taxonomy":"post_tag","embeddable":true,"href":"https:\/\/quehacerpolitico.mx\/index.php?rest_route=%2Fwp%2Fv2%2Ftags&post=97554"}],"curies":[{"name":"wp","href":"https:\/\/api.w.org\/{rel}","templated":true}]}}