{"id":97551,"date":"2022-12-05T22:00:56","date_gmt":"2022-12-05T22:00:56","guid":{"rendered":"https:\/\/quehacerpolitico.mx\/?p=97551"},"modified":"2022-12-05T22:01:00","modified_gmt":"2022-12-05T22:01:00","slug":"me-considero-el-mejor-el-mas-capacitado-para-ser-presidente-ricardo-monreal","status":"publish","type":"post","link":"https:\/\/quehacerpolitico.mx\/?p=97551","title":{"rendered":"&#8220;Me considero el mejor, el m\u00e1s capacitado&#8221; para ser presidente: Ricardo Monreal"},"content":{"rendered":"\n<p>Por Redacci\u00f3n QP<\/p>\n\n\n\n<p>El senador asegura que estar\u00e1 en las boletas para la elecci\u00f3n presidencial de 2024<\/p>\n\n\n\n<p>El senador de la Rep\u00fablica,\u00a0Ricardo Monreal Avila, asegur\u00f3 que estar\u00e1 en las boletas de la elecci\u00f3n presidencial de 2024.<\/p>\n\n\n\n<p>En el estado de\u00a0Chihuahua, Monreal \u00c1vila acompa\u00f1\u00f3 al senador Rafael Espino en su informe de actividades.<\/p>\n\n\n\n<p>&#8220;En la semana di una conferencia de prensa, he dicho que\u00a0<strong>voy a estar en las boletas presidenciales, esa es la aspiraci\u00f3n natural que no es una ambici\u00f3n vulgar<\/strong>\u00a0y estamos en la reflexi\u00f3n.<\/p>\n\n\n\n<p>&#8220;Nuestros l\u00edmites, como lo dije yo, para estar en las boletas y seguir en\u00a0Morena es la dignidad, el trato pol\u00edtico, la cortes\u00eda pol\u00edtica y el piso parejo que hasta ahora no ha existido&#8221;, expres\u00f3 el legislador zacatecano.<\/p>\n\n\n\n<figure class=\"wp-block-embed is-type-rich is-provider-twitter wp-block-embed-twitter\"><div class=\"wp-block-embed__wrapper\">\n<blockquote class=\"twitter-tweet\" data-width=\"550\" data-dnt=\"true\"><p lang=\"es\" dir=\"ltr\">Convers\u00e9 con los medios de comunicaci\u00f3n en Chihuahua. <a href=\"https:\/\/t.co\/CJBGnqjq3s\">pic.twitter.com\/CJBGnqjq3s<\/a><\/p>&mdash; Ricardo Monreal A. (@RicardoMonrealA) <a href=\"https:\/\/twitter.com\/RicardoMonrealA\/status\/1599595720264232961?ref_src=twsrc%5Etfw\">December 5, 2022<\/a><\/blockquote><script async src=\"https:\/\/platform.twitter.com\/widgets.js\" charset=\"utf-8\"><\/script>\n<\/div><\/figure>\n\n\n\n<p>Ante esto, Monreal \u00c1vila coment\u00f3 que se trata de un llamado a la dirigencia nacional de su partido para que se fijen reglas de comportamiento y trato igualitario y que no se d\u00e9 una imposici\u00f3n adelantada.<\/p>\n\n\n\n<p>&#8220;No estar\u00eda yo ah\u00ed avalando esa imposici\u00f3n adelantada y por eso estamos luchando dentro, soy fundador de Morena.\u00a0<strong>Tengo 26 a\u00f1os luchando con el Presidente<\/strong>\u00a0(Andr\u00e9s Manuel) L\u00f3pez Obrador en este movimiento, mucho antes que los actuales dirigentes yo ya estaba acompa\u00f1ado al presidente\u00a0Lopez Obrador&#8221;, subray\u00f3.<\/p>\n\n\n\n<p>En una conferencia de prensa previa al informe del senador Rafael Espino, coment\u00f3 que ojal\u00e1 el Presidente de la Rep\u00fablica haga caso al llamado de que se requieren reglas claras, y as\u00ed generar condiciones equitativas de coordinaci\u00f3n pol\u00edtica.<\/p>\n\n\n\n<p>En este sentido, Ricardo Monreal afirm\u00f3 que quiere ser \u00e9l quien releve al presidente L\u00f3pez Obrador\u00a0en 2024<\/p>\n\n\n\n<p><strong>&#8220;Lo digo abiertamente, sin ninguna actitud de simulaci\u00f3n<\/strong>&nbsp;y lo he dicho siempre, quiero suceder al presidente L\u00f3pez Obrador porque me considero, sin una falsa modestia,&nbsp;<strong>me considero el mejor, el m\u00e1s capacitado, el m\u00e1s preparado, el de mayor experiencia pol\u00edtica y con la lucidez suficiente<\/strong>para enfrentar los grandes retos que el pa\u00eds tiene&#8221;.<\/p>\n\n\n\n<p>&#8220;Creo que puedo ser&nbsp;<strong>el presidente de la reconciliaci\u00f3n<\/strong>&nbsp;y creo que puedo ser un elemento ben\u00e9fico para la Rep\u00fablica y mantener un equilibrio total en el pa\u00eds y volver a crecer&#8221;, destac\u00f3 el tambi\u00e9n presidente de la Junta de Coordinaci\u00f3n Pol\u00edtica.<\/p>\n\n\n\n<p>El senador de Morena asegur\u00f3 que el pa\u00eds est\u00e1 en un momento importante y que L\u00f3pez Obrador ha cumplido su funci\u00f3n como un presidente de transici\u00f3n, por lo cual se le va a respetar hasta el fin de su mandato.<\/p>\n\n\n\n<p>Subray\u00f3 que no habr\u00e1 enfrentamiento con \u00e9l, ya que le tiene respeto y aprecio.<br>Ante los medios de comunicaci\u00f3n en Chihuahua, dijo sentirse tranquilo y&nbsp;<strong>no estar en confrontaci\u00f3n con nadie<\/strong>, ni siquiera con Morena, al que llam\u00f3 a la uni\u00f3n y no a la confrontaci\u00f3n.<\/p>\n\n\n\n<p>Monreal form\u00f3 parte de los invitados al informe del tambi\u00e9n senador Rafael Espino. En el evento estuvo presente tambi\u00e9n la gobernadora del estado de Chihuahua, Mar\u00eda Eugenia Campos Galv\u00e1n, as\u00ed como el presidente municipal de Ciudad Ju\u00e1rez, Cruz P\u00e9rez Cu\u00e9llar, entre otras personalidades de la pol\u00edtica.<\/p>\n\n\n\n<p>Con Informaci\u00f3n de SUN <\/p>\n","protected":false},"excerpt":{"rendered":"<p>Por Redacci\u00f3n QP El senador asegura que estar\u00e1 en las boletas para la elecci\u00f3n presidencial&#8230;<\/p>\n","protected":false},"author":2,"featured_media":97552,"comment_status":"open","ping_status":"open","sticky":false,"template":"","format":"standard","meta":{"_monsterinsights_skip_tracking":false,"_monsterinsights_sitenote_active":false,"_monsterinsights_sitenote_note":"","_monsterinsights_sitenote_category":0,"footnotes":""},"categories":[2],"tags":[],"class_list":["post-97551","post","type-post","status-publish","format-standard","has-post-thumbnail","hentry","category-noticias"],"yoast_head":"<!-- This site is optimized with the Yoast SEO plugin v27.3 - https:\/\/yoast.com\/product\/yoast-seo-wordpress\/ -->\n<title>&quot;Me considero el mejor, el m\u00e1s capacitado&quot; para ser presidente: Ricardo Monreal -<\/title>\n<meta name=\"robots\" content=\"index, follow, max-snippet:-1, max-image-preview:large, max-video-preview:-1\" \/>\n<link rel=\"canonical\" href=\"https:\/\/quehacerpolitico.mx\/?p=97551\" \/>\n<meta property=\"og:locale\" content=\"es_MX\" \/>\n<meta property=\"og:type\" content=\"article\" \/>\n<meta property=\"og:title\" content=\"&quot;Me considero el mejor, el m\u00e1s capacitado&quot; para ser presidente: Ricardo Monreal -\" \/>\n<meta property=\"og:description\" content=\"Por Redacci\u00f3n QP El senador asegura que estar\u00e1 en las boletas para la elecci\u00f3n presidencial...\" \/>\n<meta property=\"og:url\" content=\"https:\/\/quehacerpolitico.mx\/?p=97551\" \/>\n<meta property=\"article:published_time\" content=\"2022-12-05T22:00:56+00:00\" \/>\n<meta property=\"article:modified_time\" content=\"2022-12-05T22:01:00+00:00\" \/>\n<meta property=\"og:image\" content=\"https:\/\/quehacerpolitico.mx\/wp-content\/uploads\/2022\/12\/4C974273-14D3-4817-AF70-6ACE5DCC8BB5.jpeg\" \/>\n\t<meta property=\"og:image:width\" content=\"1284\" \/>\n\t<meta property=\"og:image:height\" content=\"692\" \/>\n\t<meta property=\"og:image:type\" content=\"image\/jpeg\" \/>\n<meta name=\"author\" content=\"Redacci\u00f3n QP\" \/>\n<meta name=\"twitter:card\" content=\"summary_large_image\" \/>\n<meta name=\"twitter:label1\" content=\"Escrito por\" \/>\n\t<meta name=\"twitter:data1\" content=\"Redacci\u00f3n QP\" \/>\n\t<meta name=\"twitter:label2\" content=\"Tiempo de lectura\" \/>\n\t<meta name=\"twitter:data2\" content=\"3 minutos\" \/>\n<script type=\"application\/ld+json\" class=\"yoast-schema-graph\">{\"@context\":\"https:\\\/\\\/schema.org\",\"@graph\":[{\"@type\":\"Article\",\"@id\":\"https:\\\/\\\/quehacerpolitico.mx\\\/?p=97551#article\",\"isPartOf\":{\"@id\":\"https:\\\/\\\/quehacerpolitico.mx\\\/?p=97551\"},\"author\":{\"name\":\"Redacci\u00f3n QP\",\"@id\":\"https:\\\/\\\/quehacerpolitico.mx\\\/#\\\/schema\\\/person\\\/496d8ad2d1d3f8036101dca7ee39e585\"},\"headline\":\"&#8220;Me considero el mejor, el m\u00e1s capacitado&#8221; para ser presidente: Ricardo Monreal\",\"datePublished\":\"2022-12-05T22:00:56+00:00\",\"dateModified\":\"2022-12-05T22:01:00+00:00\",\"mainEntityOfPage\":{\"@id\":\"https:\\\/\\\/quehacerpolitico.mx\\\/?p=97551\"},\"wordCount\":573,\"commentCount\":0,\"image\":{\"@id\":\"https:\\\/\\\/quehacerpolitico.mx\\\/?p=97551#primaryimage\"},\"thumbnailUrl\":\"https:\\\/\\\/quehacerpolitico.mx\\\/wp-content\\\/uploads\\\/2022\\\/12\\\/4C974273-14D3-4817-AF70-6ACE5DCC8BB5.jpeg\",\"articleSection\":[\"Noticias\"],\"inLanguage\":\"es\",\"potentialAction\":[{\"@type\":\"CommentAction\",\"name\":\"Comment\",\"target\":[\"https:\\\/\\\/quehacerpolitico.mx\\\/?p=97551#respond\"]}]},{\"@type\":\"WebPage\",\"@id\":\"https:\\\/\\\/quehacerpolitico.mx\\\/?p=97551\",\"url\":\"https:\\\/\\\/quehacerpolitico.mx\\\/?p=97551\",\"name\":\"\\\"Me considero el mejor, el m\u00e1s capacitado\\\" para ser presidente: Ricardo Monreal -\",\"isPartOf\":{\"@id\":\"https:\\\/\\\/quehacerpolitico.mx\\\/#website\"},\"primaryImageOfPage\":{\"@id\":\"https:\\\/\\\/quehacerpolitico.mx\\\/?p=97551#primaryimage\"},\"image\":{\"@id\":\"https:\\\/\\\/quehacerpolitico.mx\\\/?p=97551#primaryimage\"},\"thumbnailUrl\":\"https:\\\/\\\/quehacerpolitico.mx\\\/wp-content\\\/uploads\\\/2022\\\/12\\\/4C974273-14D3-4817-AF70-6ACE5DCC8BB5.jpeg\",\"datePublished\":\"2022-12-05T22:00:56+00:00\",\"dateModified\":\"2022-12-05T22:01:00+00:00\",\"author\":{\"@id\":\"https:\\\/\\\/quehacerpolitico.mx\\\/#\\\/schema\\\/person\\\/496d8ad2d1d3f8036101dca7ee39e585\"},\"breadcrumb\":{\"@id\":\"https:\\\/\\\/quehacerpolitico.mx\\\/?p=97551#breadcrumb\"},\"inLanguage\":\"es\",\"potentialAction\":[{\"@type\":\"ReadAction\",\"target\":[\"https:\\\/\\\/quehacerpolitico.mx\\\/?p=97551\"]}]},{\"@type\":\"ImageObject\",\"inLanguage\":\"es\",\"@id\":\"https:\\\/\\\/quehacerpolitico.mx\\\/?p=97551#primaryimage\",\"url\":\"https:\\\/\\\/quehacerpolitico.mx\\\/wp-content\\\/uploads\\\/2022\\\/12\\\/4C974273-14D3-4817-AF70-6ACE5DCC8BB5.jpeg\",\"contentUrl\":\"https:\\\/\\\/quehacerpolitico.mx\\\/wp-content\\\/uploads\\\/2022\\\/12\\\/4C974273-14D3-4817-AF70-6ACE5DCC8BB5.jpeg\",\"width\":1284,\"height\":692},{\"@type\":\"BreadcrumbList\",\"@id\":\"https:\\\/\\\/quehacerpolitico.mx\\\/?p=97551#breadcrumb\",\"itemListElement\":[{\"@type\":\"ListItem\",\"position\":1,\"name\":\"Inicio\",\"item\":\"https:\\\/\\\/quehacerpolitico.mx\\\/\"},{\"@type\":\"ListItem\",\"position\":2,\"name\":\"&#8220;Me considero el mejor, el m\u00e1s capacitado&#8221; para ser presidente: Ricardo Monreal\"}]},{\"@type\":\"WebSite\",\"@id\":\"https:\\\/\\\/quehacerpolitico.mx\\\/#website\",\"url\":\"https:\\\/\\\/quehacerpolitico.mx\\\/\",\"name\":\"\",\"description\":\"\",\"potentialAction\":[{\"@type\":\"SearchAction\",\"target\":{\"@type\":\"EntryPoint\",\"urlTemplate\":\"https:\\\/\\\/quehacerpolitico.mx\\\/?s={search_term_string}\"},\"query-input\":{\"@type\":\"PropertyValueSpecification\",\"valueRequired\":true,\"valueName\":\"search_term_string\"}}],\"inLanguage\":\"es\"},{\"@type\":\"Person\",\"@id\":\"https:\\\/\\\/quehacerpolitico.mx\\\/#\\\/schema\\\/person\\\/496d8ad2d1d3f8036101dca7ee39e585\",\"name\":\"Redacci\u00f3n QP\",\"image\":{\"@type\":\"ImageObject\",\"inLanguage\":\"es\",\"@id\":\"https:\\\/\\\/secure.gravatar.com\\\/avatar\\\/c7164ed6fdec453195284ad24a5ae5b6e1eed2b848477fa2a4787ba9adf39a41?s=96&d=mm&r=g\",\"url\":\"https:\\\/\\\/secure.gravatar.com\\\/avatar\\\/c7164ed6fdec453195284ad24a5ae5b6e1eed2b848477fa2a4787ba9adf39a41?s=96&d=mm&r=g\",\"contentUrl\":\"https:\\\/\\\/secure.gravatar.com\\\/avatar\\\/c7164ed6fdec453195284ad24a5ae5b6e1eed2b848477fa2a4787ba9adf39a41?s=96&d=mm&r=g\",\"caption\":\"Redacci\u00f3n QP\"},\"url\":\"https:\\\/\\\/quehacerpolitico.mx\\\/?author=2\"}]}<\/script>\n<!-- \/ Yoast SEO plugin. -->","yoast_head_json":{"title":"\"Me considero el mejor, el m\u00e1s capacitado\" para ser presidente: Ricardo Monreal -","robots":{"index":"index","follow":"follow","max-snippet":"max-snippet:-1","max-image-preview":"max-image-preview:large","max-video-preview":"max-video-preview:-1"},"canonical":"https:\/\/quehacerpolitico.mx\/?p=97551","og_locale":"es_MX","og_type":"article","og_title":"\"Me considero el mejor, el m\u00e1s capacitado\" para ser presidente: Ricardo Monreal -","og_description":"Por Redacci\u00f3n QP El senador asegura que estar\u00e1 en las boletas para la elecci\u00f3n presidencial...","og_url":"https:\/\/quehacerpolitico.mx\/?p=97551","article_published_time":"2022-12-05T22:00:56+00:00","article_modified_time":"2022-12-05T22:01:00+00:00","og_image":[{"width":1284,"height":692,"url":"https:\/\/quehacerpolitico.mx\/wp-content\/uploads\/2022\/12\/4C974273-14D3-4817-AF70-6ACE5DCC8BB5.jpeg","type":"image\/jpeg"}],"author":"Redacci\u00f3n QP","twitter_card":"summary_large_image","twitter_misc":{"Escrito por":"Redacci\u00f3n QP","Tiempo de lectura":"3 minutos"},"schema":{"@context":"https:\/\/schema.org","@graph":[{"@type":"Article","@id":"https:\/\/quehacerpolitico.mx\/?p=97551#article","isPartOf":{"@id":"https:\/\/quehacerpolitico.mx\/?p=97551"},"author":{"name":"Redacci\u00f3n QP","@id":"https:\/\/quehacerpolitico.mx\/#\/schema\/person\/496d8ad2d1d3f8036101dca7ee39e585"},"headline":"&#8220;Me considero el mejor, el m\u00e1s capacitado&#8221; para ser presidente: Ricardo Monreal","datePublished":"2022-12-05T22:00:56+00:00","dateModified":"2022-12-05T22:01:00+00:00","mainEntityOfPage":{"@id":"https:\/\/quehacerpolitico.mx\/?p=97551"},"wordCount":573,"commentCount":0,"image":{"@id":"https:\/\/quehacerpolitico.mx\/?p=97551#primaryimage"},"thumbnailUrl":"https:\/\/quehacerpolitico.mx\/wp-content\/uploads\/2022\/12\/4C974273-14D3-4817-AF70-6ACE5DCC8BB5.jpeg","articleSection":["Noticias"],"inLanguage":"es","potentialAction":[{"@type":"CommentAction","name":"Comment","target":["https:\/\/quehacerpolitico.mx\/?p=97551#respond"]}]},{"@type":"WebPage","@id":"https:\/\/quehacerpolitico.mx\/?p=97551","url":"https:\/\/quehacerpolitico.mx\/?p=97551","name":"\"Me considero el mejor, el m\u00e1s capacitado\" para ser presidente: Ricardo Monreal -","isPartOf":{"@id":"https:\/\/quehacerpolitico.mx\/#website"},"primaryImageOfPage":{"@id":"https:\/\/quehacerpolitico.mx\/?p=97551#primaryimage"},"image":{"@id":"https:\/\/quehacerpolitico.mx\/?p=97551#primaryimage"},"thumbnailUrl":"https:\/\/quehacerpolitico.mx\/wp-content\/uploads\/2022\/12\/4C974273-14D3-4817-AF70-6ACE5DCC8BB5.jpeg","datePublished":"2022-12-05T22:00:56+00:00","dateModified":"2022-12-05T22:01:00+00:00","author":{"@id":"https:\/\/quehacerpolitico.mx\/#\/schema\/person\/496d8ad2d1d3f8036101dca7ee39e585"},"breadcrumb":{"@id":"https:\/\/quehacerpolitico.mx\/?p=97551#breadcrumb"},"inLanguage":"es","potentialAction":[{"@type":"ReadAction","target":["https:\/\/quehacerpolitico.mx\/?p=97551"]}]},{"@type":"ImageObject","inLanguage":"es","@id":"https:\/\/quehacerpolitico.mx\/?p=97551#primaryimage","url":"https:\/\/quehacerpolitico.mx\/wp-content\/uploads\/2022\/12\/4C974273-14D3-4817-AF70-6ACE5DCC8BB5.jpeg","contentUrl":"https:\/\/quehacerpolitico.mx\/wp-content\/uploads\/2022\/12\/4C974273-14D3-4817-AF70-6ACE5DCC8BB5.jpeg","width":1284,"height":692},{"@type":"BreadcrumbList","@id":"https:\/\/quehacerpolitico.mx\/?p=97551#breadcrumb","itemListElement":[{"@type":"ListItem","position":1,"name":"Inicio","item":"https:\/\/quehacerpolitico.mx\/"},{"@type":"ListItem","position":2,"name":"&#8220;Me considero el mejor, el m\u00e1s capacitado&#8221; para ser presidente: Ricardo Monreal"}]},{"@type":"WebSite","@id":"https:\/\/quehacerpolitico.mx\/#website","url":"https:\/\/quehacerpolitico.mx\/","name":"","description":"","potentialAction":[{"@type":"SearchAction","target":{"@type":"EntryPoint","urlTemplate":"https:\/\/quehacerpolitico.mx\/?s={search_term_string}"},"query-input":{"@type":"PropertyValueSpecification","valueRequired":true,"valueName":"search_term_string"}}],"inLanguage":"es"},{"@type":"Person","@id":"https:\/\/quehacerpolitico.mx\/#\/schema\/person\/496d8ad2d1d3f8036101dca7ee39e585","name":"Redacci\u00f3n QP","image":{"@type":"ImageObject","inLanguage":"es","@id":"https:\/\/secure.gravatar.com\/avatar\/c7164ed6fdec453195284ad24a5ae5b6e1eed2b848477fa2a4787ba9adf39a41?s=96&d=mm&r=g","url":"https:\/\/secure.gravatar.com\/avatar\/c7164ed6fdec453195284ad24a5ae5b6e1eed2b848477fa2a4787ba9adf39a41?s=96&d=mm&r=g","contentUrl":"https:\/\/secure.gravatar.com\/avatar\/c7164ed6fdec453195284ad24a5ae5b6e1eed2b848477fa2a4787ba9adf39a41?s=96&d=mm&r=g","caption":"Redacci\u00f3n QP"},"url":"https:\/\/quehacerpolitico.mx\/?author=2"}]}},"featured_image_urls":{"full":["https:\/\/quehacerpolitico.mx\/wp-content\/uploads\/2022\/12\/4C974273-14D3-4817-AF70-6ACE5DCC8BB5.jpeg",1284,692,false],"thumbnail":["https:\/\/quehacerpolitico.mx\/wp-content\/uploads\/2022\/12\/4C974273-14D3-4817-AF70-6ACE5DCC8BB5-150x150.jpeg",150,150,true],"medium":["https:\/\/quehacerpolitico.mx\/wp-content\/uploads\/2022\/12\/4C974273-14D3-4817-AF70-6ACE5DCC8BB5-300x162.jpeg",300,162,true],"medium_large":["https:\/\/quehacerpolitico.mx\/wp-content\/uploads\/2022\/12\/4C974273-14D3-4817-AF70-6ACE5DCC8BB5-768x414.jpeg",640,345,true],"large":["https:\/\/quehacerpolitico.mx\/wp-content\/uploads\/2022\/12\/4C974273-14D3-4817-AF70-6ACE5DCC8BB5-1024x552.jpeg",640,345,true],"1536x1536":["https:\/\/quehacerpolitico.mx\/wp-content\/uploads\/2022\/12\/4C974273-14D3-4817-AF70-6ACE5DCC8BB5.jpeg",1284,692,false],"2048x2048":["https:\/\/quehacerpolitico.mx\/wp-content\/uploads\/2022\/12\/4C974273-14D3-4817-AF70-6ACE5DCC8BB5.jpeg",1284,692,false],"covernews-featured":["https:\/\/quehacerpolitico.mx\/wp-content\/uploads\/2022\/12\/4C974273-14D3-4817-AF70-6ACE5DCC8BB5.jpeg",1024,552,false],"covernews-medium":["https:\/\/quehacerpolitico.mx\/wp-content\/uploads\/2022\/12\/4C974273-14D3-4817-AF70-6ACE5DCC8BB5.jpeg",540,291,false]},"author_info":{"display_name":"Redacci\u00f3n QP","author_link":"https:\/\/quehacerpolitico.mx\/?author=2"},"category_info":"<a href=\"https:\/\/quehacerpolitico.mx\/?cat=2\" rel=\"category\">Noticias<\/a>","tag_info":"Noticias","comment_count":"0","_links":{"self":[{"href":"https:\/\/quehacerpolitico.mx\/index.php?rest_route=\/wp\/v2\/posts\/97551","targetHints":{"allow":["GET"]}}],"collection":[{"href":"https:\/\/quehacerpolitico.mx\/index.php?rest_route=\/wp\/v2\/posts"}],"about":[{"href":"https:\/\/quehacerpolitico.mx\/index.php?rest_route=\/wp\/v2\/types\/post"}],"author":[{"embeddable":true,"href":"https:\/\/quehacerpolitico.mx\/index.php?rest_route=\/wp\/v2\/users\/2"}],"replies":[{"embeddable":true,"href":"https:\/\/quehacerpolitico.mx\/index.php?rest_route=%2Fwp%2Fv2%2Fcomments&post=97551"}],"version-history":[{"count":1,"href":"https:\/\/quehacerpolitico.mx\/index.php?rest_route=\/wp\/v2\/posts\/97551\/revisions"}],"predecessor-version":[{"id":97553,"href":"https:\/\/quehacerpolitico.mx\/index.php?rest_route=\/wp\/v2\/posts\/97551\/revisions\/97553"}],"wp:featuredmedia":[{"embeddable":true,"href":"https:\/\/quehacerpolitico.mx\/index.php?rest_route=\/wp\/v2\/media\/97552"}],"wp:attachment":[{"href":"https:\/\/quehacerpolitico.mx\/index.php?rest_route=%2Fwp%2Fv2%2Fmedia&parent=97551"}],"wp:term":[{"taxonomy":"category","embeddable":true,"href":"https:\/\/quehacerpolitico.mx\/index.php?rest_route=%2Fwp%2Fv2%2Fcategories&post=97551"},{"taxonomy":"post_tag","embeddable":true,"href":"https:\/\/quehacerpolitico.mx\/index.php?rest_route=%2Fwp%2Fv2%2Ftags&post=97551"}],"curies":[{"name":"wp","href":"https:\/\/api.w.org\/{rel}","templated":true}]}}