{"id":97545,"date":"2022-12-05T16:01:59","date_gmt":"2022-12-05T16:01:59","guid":{"rendered":"https:\/\/quehacerpolitico.mx\/?p=97545"},"modified":"2022-12-05T16:02:03","modified_gmt":"2022-12-05T16:02:03","slug":"la-opinion-lic-monserrat-cortes-arrona-falta-mano-de-obra-capacitada","status":"publish","type":"post","link":"https:\/\/quehacerpolitico.mx\/?p=97545","title":{"rendered":"La Opini\u00f3n\/\/\/Lic Monserrat Cort\u00e9s Arrona\/\/\/Falta mano de obra capacitada"},"content":{"rendered":"\n<p>Por Lic Monserrat Cort\u00e9s Arrona<\/p>\n\n\n\n<p>Analista<\/p>\n\n\n\n<p>Empresarios aseguran que falta mano de obra capacitada para cubrir vacantes disponibles<\/p>\n\n\n\n<p>En los \u00faltimos meses comenz\u00f3 a observarse en el pa\u00eds un problema en materia laboral, con\u00a0<strong>plazas disponibles que no se logran ocupar en diversos \u00e1mbitos, sobre todo en la industria y en los servicios, de acuerdo con organismos empresariales<\/strong>.<\/p>\n\n\n\n<p>Seg\u00fan estimaciones de la Confederaci\u00f3n Patronal de la Rep\u00fablica Mexicana (Coparmex), se trata dehasta 1.6 millones de puestos vacantes en todo el pa\u00eds, situaci\u00f3n que complica el desarrollo de las empresas.<\/p>\n\n\n\n<p>La falta de personal se da en momentos en que la creaci\u00f3n de empleo registra resultados positivos en el pa\u00eds. Tan s\u00f3lo<strong>\u00a0en octubre pasado se generaron 925 mil 637 empleos<\/strong>, el segundo volumen m\u00e1s alto de plazas creadas en un mes en lo que va de este a\u00f1o, de acuerdo con datos del Inegi.<\/p>\n\n\n\n<p>La situaci\u00f3n tiene que ver con varios factores, explic\u00f3 el presidente nacional de la Coparmex, Jos\u00e9 Medina Mora.<\/p>\n\n\n\n<p>Por un lado, la migraci\u00f3n laboral de mexicanos a Estados Unidos, donde incluso se da el caso de que corporativos de ese pa\u00eds contratan a mexicanos de forma virtual, pero tambi\u00e9n env\u00edan transportes a la frontera con M\u00e9xico por la ma\u00f1ana y los regresan en la noche.<\/p>\n\n\n\n<p>Lo anterior tiene que ver con que algunos estadounidenses prefieren recibir apoyos sociales o por desempleo, en lugar de trabajar, detall\u00f3.<\/p>\n\n\n\n<p>Otra causa es que,&nbsp;tras la pandemia de&nbsp;COVID-19, hay trabajadores mexicanos que buscan trabajos remotos tanto en empresas nacionales como extranjeras, o prefieren emprender sus propios negocios, dijo Medina Mora.<\/p>\n\n\n\n<p>Sin embargo, en M\u00e9xico tambi\u00e9n se ha presentado el caso de que\u00a0<strong>hay personas que prefieren dejar de trabajar y vivir con los apoyos de programas sociales<\/strong>, como los que se dan v\u00eda J\u00f3venes Construyendo el Futuro, de adultos mayores o de personas con discapacidad, entre otros.<\/p>\n\n\n\n<p>En mi opini\u00f3n.Es cuanto.<\/p>\n","protected":false},"excerpt":{"rendered":"<p>Por Lic Monserrat Cort\u00e9s Arrona Analista Empresarios aseguran que falta mano de obra capacitada para&#8230;<\/p>\n","protected":false},"author":2,"featured_media":97546,"comment_status":"open","ping_status":"open","sticky":false,"template":"","format":"standard","meta":{"_monsterinsights_skip_tracking":false,"_monsterinsights_sitenote_active":false,"_monsterinsights_sitenote_note":"","_monsterinsights_sitenote_category":0,"footnotes":""},"categories":[56],"tags":[],"class_list":["post-97545","post","type-post","status-publish","format-standard","has-post-thumbnail","hentry","category-economia"],"yoast_head":"<!-- This site is optimized with the Yoast SEO plugin v27.3 - https:\/\/yoast.com\/product\/yoast-seo-wordpress\/ -->\n<title>La Opini\u00f3n\/\/\/Lic Monserrat Cort\u00e9s Arrona\/\/\/Falta mano de obra capacitada -<\/title>\n<meta name=\"robots\" content=\"index, follow, max-snippet:-1, max-image-preview:large, max-video-preview:-1\" \/>\n<link rel=\"canonical\" href=\"https:\/\/quehacerpolitico.mx\/?p=97545\" \/>\n<meta property=\"og:locale\" content=\"es_MX\" \/>\n<meta property=\"og:type\" content=\"article\" \/>\n<meta property=\"og:title\" content=\"La Opini\u00f3n\/\/\/Lic Monserrat Cort\u00e9s Arrona\/\/\/Falta mano de obra capacitada -\" \/>\n<meta property=\"og:description\" content=\"Por Lic Monserrat Cort\u00e9s Arrona Analista Empresarios aseguran que falta mano de obra capacitada para...\" \/>\n<meta property=\"og:url\" content=\"https:\/\/quehacerpolitico.mx\/?p=97545\" \/>\n<meta property=\"article:published_time\" content=\"2022-12-05T16:01:59+00:00\" \/>\n<meta property=\"article:modified_time\" content=\"2022-12-05T16:02:03+00:00\" \/>\n<meta property=\"og:image\" content=\"https:\/\/quehacerpolitico.mx\/wp-content\/uploads\/2022\/12\/080DEB0D-0A56-4F78-9982-C980F9E3984A.jpeg\" \/>\n\t<meta property=\"og:image:width\" content=\"962\" \/>\n\t<meta property=\"og:image:height\" content=\"493\" \/>\n\t<meta property=\"og:image:type\" content=\"image\/jpeg\" \/>\n<meta name=\"author\" content=\"Redacci\u00f3n QP\" \/>\n<meta name=\"twitter:card\" content=\"summary_large_image\" \/>\n<meta name=\"twitter:label1\" content=\"Escrito por\" \/>\n\t<meta name=\"twitter:data1\" content=\"Redacci\u00f3n QP\" \/>\n\t<meta name=\"twitter:label2\" content=\"Tiempo de lectura\" \/>\n\t<meta name=\"twitter:data2\" content=\"2 minutos\" \/>\n<script type=\"application\/ld+json\" class=\"yoast-schema-graph\">{\"@context\":\"https:\\\/\\\/schema.org\",\"@graph\":[{\"@type\":\"Article\",\"@id\":\"https:\\\/\\\/quehacerpolitico.mx\\\/?p=97545#article\",\"isPartOf\":{\"@id\":\"https:\\\/\\\/quehacerpolitico.mx\\\/?p=97545\"},\"author\":{\"name\":\"Redacci\u00f3n QP\",\"@id\":\"https:\\\/\\\/quehacerpolitico.mx\\\/#\\\/schema\\\/person\\\/496d8ad2d1d3f8036101dca7ee39e585\"},\"headline\":\"La Opini\u00f3n\\\/\\\/\\\/Lic Monserrat Cort\u00e9s Arrona\\\/\\\/\\\/Falta mano de obra capacitada\",\"datePublished\":\"2022-12-05T16:01:59+00:00\",\"dateModified\":\"2022-12-05T16:02:03+00:00\",\"mainEntityOfPage\":{\"@id\":\"https:\\\/\\\/quehacerpolitico.mx\\\/?p=97545\"},\"wordCount\":349,\"commentCount\":0,\"image\":{\"@id\":\"https:\\\/\\\/quehacerpolitico.mx\\\/?p=97545#primaryimage\"},\"thumbnailUrl\":\"https:\\\/\\\/quehacerpolitico.mx\\\/wp-content\\\/uploads\\\/2022\\\/12\\\/080DEB0D-0A56-4F78-9982-C980F9E3984A.jpeg\",\"articleSection\":[\"Econom\u00eda\"],\"inLanguage\":\"es\",\"potentialAction\":[{\"@type\":\"CommentAction\",\"name\":\"Comment\",\"target\":[\"https:\\\/\\\/quehacerpolitico.mx\\\/?p=97545#respond\"]}]},{\"@type\":\"WebPage\",\"@id\":\"https:\\\/\\\/quehacerpolitico.mx\\\/?p=97545\",\"url\":\"https:\\\/\\\/quehacerpolitico.mx\\\/?p=97545\",\"name\":\"La Opini\u00f3n\\\/\\\/\\\/Lic Monserrat Cort\u00e9s Arrona\\\/\\\/\\\/Falta mano de obra capacitada -\",\"isPartOf\":{\"@id\":\"https:\\\/\\\/quehacerpolitico.mx\\\/#website\"},\"primaryImageOfPage\":{\"@id\":\"https:\\\/\\\/quehacerpolitico.mx\\\/?p=97545#primaryimage\"},\"image\":{\"@id\":\"https:\\\/\\\/quehacerpolitico.mx\\\/?p=97545#primaryimage\"},\"thumbnailUrl\":\"https:\\\/\\\/quehacerpolitico.mx\\\/wp-content\\\/uploads\\\/2022\\\/12\\\/080DEB0D-0A56-4F78-9982-C980F9E3984A.jpeg\",\"datePublished\":\"2022-12-05T16:01:59+00:00\",\"dateModified\":\"2022-12-05T16:02:03+00:00\",\"author\":{\"@id\":\"https:\\\/\\\/quehacerpolitico.mx\\\/#\\\/schema\\\/person\\\/496d8ad2d1d3f8036101dca7ee39e585\"},\"breadcrumb\":{\"@id\":\"https:\\\/\\\/quehacerpolitico.mx\\\/?p=97545#breadcrumb\"},\"inLanguage\":\"es\",\"potentialAction\":[{\"@type\":\"ReadAction\",\"target\":[\"https:\\\/\\\/quehacerpolitico.mx\\\/?p=97545\"]}]},{\"@type\":\"ImageObject\",\"inLanguage\":\"es\",\"@id\":\"https:\\\/\\\/quehacerpolitico.mx\\\/?p=97545#primaryimage\",\"url\":\"https:\\\/\\\/quehacerpolitico.mx\\\/wp-content\\\/uploads\\\/2022\\\/12\\\/080DEB0D-0A56-4F78-9982-C980F9E3984A.jpeg\",\"contentUrl\":\"https:\\\/\\\/quehacerpolitico.mx\\\/wp-content\\\/uploads\\\/2022\\\/12\\\/080DEB0D-0A56-4F78-9982-C980F9E3984A.jpeg\",\"width\":962,\"height\":493},{\"@type\":\"BreadcrumbList\",\"@id\":\"https:\\\/\\\/quehacerpolitico.mx\\\/?p=97545#breadcrumb\",\"itemListElement\":[{\"@type\":\"ListItem\",\"position\":1,\"name\":\"Inicio\",\"item\":\"https:\\\/\\\/quehacerpolitico.mx\\\/\"},{\"@type\":\"ListItem\",\"position\":2,\"name\":\"La Opini\u00f3n\\\/\\\/\\\/Lic Monserrat Cort\u00e9s Arrona\\\/\\\/\\\/Falta mano de obra capacitada\"}]},{\"@type\":\"WebSite\",\"@id\":\"https:\\\/\\\/quehacerpolitico.mx\\\/#website\",\"url\":\"https:\\\/\\\/quehacerpolitico.mx\\\/\",\"name\":\"\",\"description\":\"\",\"potentialAction\":[{\"@type\":\"SearchAction\",\"target\":{\"@type\":\"EntryPoint\",\"urlTemplate\":\"https:\\\/\\\/quehacerpolitico.mx\\\/?s={search_term_string}\"},\"query-input\":{\"@type\":\"PropertyValueSpecification\",\"valueRequired\":true,\"valueName\":\"search_term_string\"}}],\"inLanguage\":\"es\"},{\"@type\":\"Person\",\"@id\":\"https:\\\/\\\/quehacerpolitico.mx\\\/#\\\/schema\\\/person\\\/496d8ad2d1d3f8036101dca7ee39e585\",\"name\":\"Redacci\u00f3n QP\",\"image\":{\"@type\":\"ImageObject\",\"inLanguage\":\"es\",\"@id\":\"https:\\\/\\\/secure.gravatar.com\\\/avatar\\\/c7164ed6fdec453195284ad24a5ae5b6e1eed2b848477fa2a4787ba9adf39a41?s=96&d=mm&r=g\",\"url\":\"https:\\\/\\\/secure.gravatar.com\\\/avatar\\\/c7164ed6fdec453195284ad24a5ae5b6e1eed2b848477fa2a4787ba9adf39a41?s=96&d=mm&r=g\",\"contentUrl\":\"https:\\\/\\\/secure.gravatar.com\\\/avatar\\\/c7164ed6fdec453195284ad24a5ae5b6e1eed2b848477fa2a4787ba9adf39a41?s=96&d=mm&r=g\",\"caption\":\"Redacci\u00f3n QP\"},\"url\":\"https:\\\/\\\/quehacerpolitico.mx\\\/?author=2\"}]}<\/script>\n<!-- \/ Yoast SEO plugin. -->","yoast_head_json":{"title":"La Opini\u00f3n\/\/\/Lic Monserrat Cort\u00e9s Arrona\/\/\/Falta mano de obra capacitada -","robots":{"index":"index","follow":"follow","max-snippet":"max-snippet:-1","max-image-preview":"max-image-preview:large","max-video-preview":"max-video-preview:-1"},"canonical":"https:\/\/quehacerpolitico.mx\/?p=97545","og_locale":"es_MX","og_type":"article","og_title":"La Opini\u00f3n\/\/\/Lic Monserrat Cort\u00e9s Arrona\/\/\/Falta mano de obra capacitada -","og_description":"Por Lic Monserrat Cort\u00e9s Arrona Analista Empresarios aseguran que falta mano de obra capacitada para...","og_url":"https:\/\/quehacerpolitico.mx\/?p=97545","article_published_time":"2022-12-05T16:01:59+00:00","article_modified_time":"2022-12-05T16:02:03+00:00","og_image":[{"width":962,"height":493,"url":"https:\/\/quehacerpolitico.mx\/wp-content\/uploads\/2022\/12\/080DEB0D-0A56-4F78-9982-C980F9E3984A.jpeg","type":"image\/jpeg"}],"author":"Redacci\u00f3n QP","twitter_card":"summary_large_image","twitter_misc":{"Escrito por":"Redacci\u00f3n QP","Tiempo de lectura":"2 minutos"},"schema":{"@context":"https:\/\/schema.org","@graph":[{"@type":"Article","@id":"https:\/\/quehacerpolitico.mx\/?p=97545#article","isPartOf":{"@id":"https:\/\/quehacerpolitico.mx\/?p=97545"},"author":{"name":"Redacci\u00f3n QP","@id":"https:\/\/quehacerpolitico.mx\/#\/schema\/person\/496d8ad2d1d3f8036101dca7ee39e585"},"headline":"La Opini\u00f3n\/\/\/Lic Monserrat Cort\u00e9s Arrona\/\/\/Falta mano de obra capacitada","datePublished":"2022-12-05T16:01:59+00:00","dateModified":"2022-12-05T16:02:03+00:00","mainEntityOfPage":{"@id":"https:\/\/quehacerpolitico.mx\/?p=97545"},"wordCount":349,"commentCount":0,"image":{"@id":"https:\/\/quehacerpolitico.mx\/?p=97545#primaryimage"},"thumbnailUrl":"https:\/\/quehacerpolitico.mx\/wp-content\/uploads\/2022\/12\/080DEB0D-0A56-4F78-9982-C980F9E3984A.jpeg","articleSection":["Econom\u00eda"],"inLanguage":"es","potentialAction":[{"@type":"CommentAction","name":"Comment","target":["https:\/\/quehacerpolitico.mx\/?p=97545#respond"]}]},{"@type":"WebPage","@id":"https:\/\/quehacerpolitico.mx\/?p=97545","url":"https:\/\/quehacerpolitico.mx\/?p=97545","name":"La Opini\u00f3n\/\/\/Lic Monserrat Cort\u00e9s Arrona\/\/\/Falta mano de obra capacitada -","isPartOf":{"@id":"https:\/\/quehacerpolitico.mx\/#website"},"primaryImageOfPage":{"@id":"https:\/\/quehacerpolitico.mx\/?p=97545#primaryimage"},"image":{"@id":"https:\/\/quehacerpolitico.mx\/?p=97545#primaryimage"},"thumbnailUrl":"https:\/\/quehacerpolitico.mx\/wp-content\/uploads\/2022\/12\/080DEB0D-0A56-4F78-9982-C980F9E3984A.jpeg","datePublished":"2022-12-05T16:01:59+00:00","dateModified":"2022-12-05T16:02:03+00:00","author":{"@id":"https:\/\/quehacerpolitico.mx\/#\/schema\/person\/496d8ad2d1d3f8036101dca7ee39e585"},"breadcrumb":{"@id":"https:\/\/quehacerpolitico.mx\/?p=97545#breadcrumb"},"inLanguage":"es","potentialAction":[{"@type":"ReadAction","target":["https:\/\/quehacerpolitico.mx\/?p=97545"]}]},{"@type":"ImageObject","inLanguage":"es","@id":"https:\/\/quehacerpolitico.mx\/?p=97545#primaryimage","url":"https:\/\/quehacerpolitico.mx\/wp-content\/uploads\/2022\/12\/080DEB0D-0A56-4F78-9982-C980F9E3984A.jpeg","contentUrl":"https:\/\/quehacerpolitico.mx\/wp-content\/uploads\/2022\/12\/080DEB0D-0A56-4F78-9982-C980F9E3984A.jpeg","width":962,"height":493},{"@type":"BreadcrumbList","@id":"https:\/\/quehacerpolitico.mx\/?p=97545#breadcrumb","itemListElement":[{"@type":"ListItem","position":1,"name":"Inicio","item":"https:\/\/quehacerpolitico.mx\/"},{"@type":"ListItem","position":2,"name":"La Opini\u00f3n\/\/\/Lic Monserrat Cort\u00e9s Arrona\/\/\/Falta mano de obra capacitada"}]},{"@type":"WebSite","@id":"https:\/\/quehacerpolitico.mx\/#website","url":"https:\/\/quehacerpolitico.mx\/","name":"","description":"","potentialAction":[{"@type":"SearchAction","target":{"@type":"EntryPoint","urlTemplate":"https:\/\/quehacerpolitico.mx\/?s={search_term_string}"},"query-input":{"@type":"PropertyValueSpecification","valueRequired":true,"valueName":"search_term_string"}}],"inLanguage":"es"},{"@type":"Person","@id":"https:\/\/quehacerpolitico.mx\/#\/schema\/person\/496d8ad2d1d3f8036101dca7ee39e585","name":"Redacci\u00f3n QP","image":{"@type":"ImageObject","inLanguage":"es","@id":"https:\/\/secure.gravatar.com\/avatar\/c7164ed6fdec453195284ad24a5ae5b6e1eed2b848477fa2a4787ba9adf39a41?s=96&d=mm&r=g","url":"https:\/\/secure.gravatar.com\/avatar\/c7164ed6fdec453195284ad24a5ae5b6e1eed2b848477fa2a4787ba9adf39a41?s=96&d=mm&r=g","contentUrl":"https:\/\/secure.gravatar.com\/avatar\/c7164ed6fdec453195284ad24a5ae5b6e1eed2b848477fa2a4787ba9adf39a41?s=96&d=mm&r=g","caption":"Redacci\u00f3n QP"},"url":"https:\/\/quehacerpolitico.mx\/?author=2"}]}},"featured_image_urls":{"full":["https:\/\/quehacerpolitico.mx\/wp-content\/uploads\/2022\/12\/080DEB0D-0A56-4F78-9982-C980F9E3984A.jpeg",962,493,false],"thumbnail":["https:\/\/quehacerpolitico.mx\/wp-content\/uploads\/2022\/12\/080DEB0D-0A56-4F78-9982-C980F9E3984A-150x150.jpeg",150,150,true],"medium":["https:\/\/quehacerpolitico.mx\/wp-content\/uploads\/2022\/12\/080DEB0D-0A56-4F78-9982-C980F9E3984A-300x154.jpeg",300,154,true],"medium_large":["https:\/\/quehacerpolitico.mx\/wp-content\/uploads\/2022\/12\/080DEB0D-0A56-4F78-9982-C980F9E3984A-768x394.jpeg",640,328,true],"large":["https:\/\/quehacerpolitico.mx\/wp-content\/uploads\/2022\/12\/080DEB0D-0A56-4F78-9982-C980F9E3984A.jpeg",640,328,false],"1536x1536":["https:\/\/quehacerpolitico.mx\/wp-content\/uploads\/2022\/12\/080DEB0D-0A56-4F78-9982-C980F9E3984A.jpeg",962,493,false],"2048x2048":["https:\/\/quehacerpolitico.mx\/wp-content\/uploads\/2022\/12\/080DEB0D-0A56-4F78-9982-C980F9E3984A.jpeg",962,493,false],"covernews-featured":["https:\/\/quehacerpolitico.mx\/wp-content\/uploads\/2022\/12\/080DEB0D-0A56-4F78-9982-C980F9E3984A.jpeg",962,493,false],"covernews-medium":["https:\/\/quehacerpolitico.mx\/wp-content\/uploads\/2022\/12\/080DEB0D-0A56-4F78-9982-C980F9E3984A.jpeg",540,277,false]},"author_info":{"display_name":"Redacci\u00f3n QP","author_link":"https:\/\/quehacerpolitico.mx\/?author=2"},"category_info":"<a href=\"https:\/\/quehacerpolitico.mx\/?cat=56\" rel=\"category\">Econom\u00eda<\/a>","tag_info":"Econom\u00eda","comment_count":"0","_links":{"self":[{"href":"https:\/\/quehacerpolitico.mx\/index.php?rest_route=\/wp\/v2\/posts\/97545","targetHints":{"allow":["GET"]}}],"collection":[{"href":"https:\/\/quehacerpolitico.mx\/index.php?rest_route=\/wp\/v2\/posts"}],"about":[{"href":"https:\/\/quehacerpolitico.mx\/index.php?rest_route=\/wp\/v2\/types\/post"}],"author":[{"embeddable":true,"href":"https:\/\/quehacerpolitico.mx\/index.php?rest_route=\/wp\/v2\/users\/2"}],"replies":[{"embeddable":true,"href":"https:\/\/quehacerpolitico.mx\/index.php?rest_route=%2Fwp%2Fv2%2Fcomments&post=97545"}],"version-history":[{"count":1,"href":"https:\/\/quehacerpolitico.mx\/index.php?rest_route=\/wp\/v2\/posts\/97545\/revisions"}],"predecessor-version":[{"id":97547,"href":"https:\/\/quehacerpolitico.mx\/index.php?rest_route=\/wp\/v2\/posts\/97545\/revisions\/97547"}],"wp:featuredmedia":[{"embeddable":true,"href":"https:\/\/quehacerpolitico.mx\/index.php?rest_route=\/wp\/v2\/media\/97546"}],"wp:attachment":[{"href":"https:\/\/quehacerpolitico.mx\/index.php?rest_route=%2Fwp%2Fv2%2Fmedia&parent=97545"}],"wp:term":[{"taxonomy":"category","embeddable":true,"href":"https:\/\/quehacerpolitico.mx\/index.php?rest_route=%2Fwp%2Fv2%2Fcategories&post=97545"},{"taxonomy":"post_tag","embeddable":true,"href":"https:\/\/quehacerpolitico.mx\/index.php?rest_route=%2Fwp%2Fv2%2Ftags&post=97545"}],"curies":[{"name":"wp","href":"https:\/\/api.w.org\/{rel}","templated":true}]}}