{"id":97542,"date":"2022-12-05T15:40:20","date_gmt":"2022-12-05T15:40:20","guid":{"rendered":"https:\/\/quehacerpolitico.mx\/?p=97542"},"modified":"2022-12-05T15:40:22","modified_gmt":"2022-12-05T15:40:22","slug":"la-vision-humanista-margarita-perez-delgado-cuidate-de-quedar-en-bancarrota-en-esta-epoca-de-crisis-economica","status":"publish","type":"post","link":"https:\/\/quehacerpolitico.mx\/?p=97542","title":{"rendered":"La Visi\u00f3n Humanista\/\/\/Margarita P\u00e9rez Delgado\/\/\/Cu\u00eddate de quedar en bancarrota en esta \u00e9poca de crisis econ\u00f3mica"},"content":{"rendered":"\n<p>Por Margarita P\u00e9rez Delgado <\/p>\n\n\n\n<p>Analista<\/p>\n\n\n\n<p>Como hacerle para\u00a0salir a flote durante la crisis econ\u00f3mica actual<\/p>\n\n\n\n<p>Aunque la tasa de\u00a0inflaci\u00f3n\u00a0general mexicana\u00a0cay\u00f3 en la primera quincena de noviembre hasta el 8.14 % anual, de acuerdo con los datos publicados este lunes por el\u00a0Instituto Nacional de Estad\u00edstica y Geograf\u00eda (Inegi). todav\u00eda se espera que suban algunos productos previo a la Navidad 2022.<\/p>\n\n\n\n<p>Adem\u00e1s, hubo un incremento de 0.56 % en el \u00cdndice de Precios al Consumidor&nbsp;(IPC)&nbsp;respecto a los 15 d\u00edas anteriores.<\/p>\n\n\n\n<p>Aqu\u00ed te decimos las claves principales para superar esta problem\u00e1tica internacional y evitar quedar en la ruina.<\/p>\n\n\n\n<h2 class=\"wp-block-heading\">Los factores que causan la inflaci\u00f3n&nbsp;<\/h2>\n\n\n\n<p>La inflaci\u00f3n actual est\u00e1 causada por diversos factores que se han ido acumulando.<\/p>\n\n\n\n<p>Primeramente,\u00a0la pandemia por COVID-19 ocasion\u00f3 una desaceleraci\u00f3n que se complic\u00f3 con los des\u00f3rdenes en los precios de los energ\u00e9ticos\u00a0y de algunas semillas y granos que trajo consigo la guerra entre Rusia y Ucrania.<\/p>\n\n\n\n<p>El desabasto y el trunque en la l\u00ednea y producci\u00f3n y transporte son otros detonantes que han hecho que la poblaci\u00f3n vea cada vez m\u00e1s dif\u00edcil adquirir los productos b\u00e1sicos.<\/p>\n\n\n\n<p>La canasta b\u00e1sica de&nbsp;<strong>123 productos, dijo, en 2005 se adquir\u00eda en 3 mil 800 pesos<\/strong>, pero ahora para adquirir lo mismo la ciudadan\u00eda necesita desembolsar<strong>&nbsp;11 mil 500 pesos.<\/strong><\/p>\n\n\n\n<p>&#8220;Los consumidores tienen que dejar de consumir cierta clase de bienes y servicios para poder seguir comprando lo que compraban de forma habitual&#8221;, es decir, dejaron de adquirir los productos de ciertos tipos o marcas que prefer\u00edan.<\/p>\n\n\n\n<h2 class=\"wp-block-heading\">Tu salario se redujo 8%<\/h2>\n\n\n\n<p>El dinero de las personas comienza a perder valor, &#8220;ahora es como si tuvieras 8% menos de lo que ganas de forma habitual como trabajador&#8221;.<\/p>\n\n\n\n<p>Para finales de a\u00f1o la inflaci\u00f3n puede llegar a dos d\u00edgitos, es decir, superar el 10% y llegar a una recesi\u00f3n econ\u00f3mica<\/p>\n\n\n\n<h2 class=\"wp-block-heading\">Las claves para evitar caer en bancarrota<\/h2>\n\n\n\n<h2 class=\"wp-block-heading\">1.- Haz compras inteligentes<\/h2>\n\n\n\n<p>Organizarse para elegir l<strong>os mejores lugares donde pueden dar buenos precios<\/strong>&nbsp;de acuerdo con el producto que buscamos es una de los puntos clave que da el investigador para poder superar la inflaci\u00f3n.<\/p>\n\n\n\n<p>&#8220;Se recomienda a la poblaci\u00f3n hacer compras inteligentes,&nbsp;buscar en qu\u00e9 lugares pueden tener precio y calidad sobre los productos que vamos a adquirir&#8221;.<\/p>\n\n\n\n<p>Un ejemplo es comprar las verduras en el mercado o tianguis en lugar de supermercados.<\/p>\n\n\n\n<h2 class=\"wp-block-heading\">Realiza un presupuesto familiar<\/h2>\n\n\n\n<p>La importancia de hacer un an\u00e1lisis del dinero con el que se cuenta mensualmente en el hogar\u00a0<strong>para planificar los gastos.<\/strong><\/p>\n\n\n\n<p>&#8220;Con esto vemos cu\u00e1nto es o que ingresa al hogar, cu\u00e1nto es lo que tengo que destinar al gasto de cr\u00e9ditos hipotecarios o el uso de alg\u00fan bien financiero.&nbsp;Tenemos que saber cu\u00e1nto ingresa y cu\u00e1nto gasto&#8221;.<\/p>\n\n\n\n<h2 class=\"wp-block-heading\">Ten cuidado con las tarjetas<\/h2>\n\n\n\n<p>El gasto por medio de dinero pl\u00e1stico&nbsp;<strong>puede hundir al trabajador si gasta m\u00e1s de lo que gana&nbsp;<\/strong>o si adquiere productos sin analizar un plan de pagos en la crisis econ\u00f3mica que se atraviesa.<\/p>\n\n\n\n<p>&#8220;Muchas personas al no tener una cultura financiera arraigada en su econom\u00eda&nbsp;utilizan la tarjeta como si fuera dinero l\u00edquido&nbsp;y en este caso no tenemos, ante las condiciones de materia econ\u00f3mica, la seguridad de si el pr\u00f3ximo mes voy a tener mi trabajo o no&#8221;.<\/p>\n\n\n\n<h2 class=\"wp-block-heading\">Evita los gastos hormiga<\/h2>\n\n\n\n<p>Todas las personas intentan darse&nbsp;<strong>gustos al comprar muy a menudo cosas innecesarias lo&nbsp;<\/strong>que, de forma desmedida, pueden llegar a afectar la econom\u00eda familiar.<\/p>\n\n\n\n<p>&#8220;Son aquellos que tenemos muchas personas&nbsp;como compra de caf\u00e9, golosinas, chicles y todo aquello que no est\u00e1 dentro del presupuesto familiar.&nbsp;Puso como ejemplo lo que se a\u00f1ade a la cuenta cuando las personas esperan en la fila de un supermercado para darse un gusto&#8221;.<\/p>\n\n\n\n<h2 class=\"wp-block-heading\">\u00bfPor qu\u00e9 aumenta&nbsp;la tasa de inter\u00e9s?<\/h2>\n\n\n\n<p>El incremento en las tasas de inter\u00e9s es una medida que toma el Banco de M\u00e9xico con la finalidad de que la disminuci\u00f3n de la inflaci\u00f3n se haga de forma paulatina.<\/p>\n\n\n\n<p>&#8220;Lo que est\u00e1n tratando de hacer es&nbsp;sacar&nbsp;dinero de la circulaci\u00f3n para que las personas lo metan a las instituciones bancarias con la finalidad de ganar intereses&nbsp;y no ver que el precio de su dinero pierda&nbsp;el valor. Es una forma de subsanar las problem\u00e1ticas que estamos teniendo&#8221;. Lo anterior, recalc\u00f3, afecta los cr\u00e9ditos en general, ya que salen cada vez m\u00e1s caros.<\/p>\n\n\n\n<p>M\u00e9xico tambi\u00e9n lo hace, con la finalidad de que no se vayan las inversiones extranjeras del pa\u00eds hacia el exterior.<\/p>\n\n\n\n<h2 class=\"wp-block-heading\">Costo de la canasta b\u00e1sica de 123 productos<\/h2>\n\n\n\n<p>2005&nbsp; $3800<\/p>\n\n\n\n<p>2011&nbsp;&nbsp; $9000<\/p>\n\n\n\n<p>2015&nbsp;&nbsp; $11000<\/p>\n\n\n\n<p>2022&nbsp;&nbsp; $11,500<\/p>\n\n\n\n<h2 class=\"wp-block-heading\">Cifra<\/h2>\n\n\n\n<p>La mayor\u00eda de la poblaci\u00f3n en algunas ciudades de M\u00e9xico vive\u00a0con el salario m\u00ednimo de 5 mil 200 pesos, tratemos de llevar una disciplina econ\u00f3mica para no vernos envueltos en problemas financieros irreversibles para nuestras familias, as\u00ed el Quehacer Pol\u00edtico a trav\u00e9s de mi Visi\u00f3n Humanista.Es cuanto.<\/p>\n","protected":false},"excerpt":{"rendered":"<p>Por Margarita P\u00e9rez Delgado Analista Como hacerle para\u00a0salir a flote durante la crisis econ\u00f3mica actual&#8230;<\/p>\n","protected":false},"author":2,"featured_media":97543,"comment_status":"open","ping_status":"open","sticky":false,"template":"","format":"standard","meta":{"_monsterinsights_skip_tracking":false,"_monsterinsights_sitenote_active":false,"_monsterinsights_sitenote_note":"","_monsterinsights_sitenote_category":0,"footnotes":""},"categories":[56],"tags":[],"class_list":["post-97542","post","type-post","status-publish","format-standard","has-post-thumbnail","hentry","category-economia"],"yoast_head":"<!-- This site is optimized with the Yoast SEO plugin v27.3 - https:\/\/yoast.com\/product\/yoast-seo-wordpress\/ -->\n<title>La Visi\u00f3n Humanista\/\/\/Margarita P\u00e9rez Delgado\/\/\/Cu\u00eddate de quedar en bancarrota en esta \u00e9poca de crisis econ\u00f3mica -<\/title>\n<meta name=\"robots\" content=\"index, follow, max-snippet:-1, max-image-preview:large, max-video-preview:-1\" \/>\n<link rel=\"canonical\" href=\"https:\/\/quehacerpolitico.mx\/?p=97542\" \/>\n<meta property=\"og:locale\" content=\"es_MX\" \/>\n<meta property=\"og:type\" content=\"article\" \/>\n<meta property=\"og:title\" content=\"La Visi\u00f3n Humanista\/\/\/Margarita P\u00e9rez Delgado\/\/\/Cu\u00eddate de quedar en bancarrota en esta \u00e9poca de crisis econ\u00f3mica -\" \/>\n<meta property=\"og:description\" content=\"Por Margarita P\u00e9rez Delgado Analista Como hacerle para\u00a0salir a flote durante la crisis econ\u00f3mica actual...\" \/>\n<meta property=\"og:url\" content=\"https:\/\/quehacerpolitico.mx\/?p=97542\" \/>\n<meta property=\"article:published_time\" content=\"2022-12-05T15:40:20+00:00\" \/>\n<meta property=\"article:modified_time\" content=\"2022-12-05T15:40:22+00:00\" \/>\n<meta property=\"og:image\" content=\"https:\/\/quehacerpolitico.mx\/wp-content\/uploads\/2022\/12\/2265002D-3E4A-4874-901D-6E06C18EE07D.jpeg\" \/>\n\t<meta property=\"og:image:width\" content=\"963\" \/>\n\t<meta property=\"og:image:height\" content=\"493\" \/>\n\t<meta property=\"og:image:type\" content=\"image\/jpeg\" \/>\n<meta name=\"author\" content=\"Redacci\u00f3n QP\" \/>\n<meta name=\"twitter:card\" content=\"summary_large_image\" \/>\n<meta name=\"twitter:label1\" content=\"Escrito por\" \/>\n\t<meta name=\"twitter:data1\" content=\"Redacci\u00f3n QP\" \/>\n\t<meta name=\"twitter:label2\" content=\"Tiempo de lectura\" \/>\n\t<meta name=\"twitter:data2\" content=\"4 minutos\" \/>\n<script type=\"application\/ld+json\" class=\"yoast-schema-graph\">{\"@context\":\"https:\\\/\\\/schema.org\",\"@graph\":[{\"@type\":\"Article\",\"@id\":\"https:\\\/\\\/quehacerpolitico.mx\\\/?p=97542#article\",\"isPartOf\":{\"@id\":\"https:\\\/\\\/quehacerpolitico.mx\\\/?p=97542\"},\"author\":{\"name\":\"Redacci\u00f3n QP\",\"@id\":\"https:\\\/\\\/quehacerpolitico.mx\\\/#\\\/schema\\\/person\\\/496d8ad2d1d3f8036101dca7ee39e585\"},\"headline\":\"La Visi\u00f3n Humanista\\\/\\\/\\\/Margarita P\u00e9rez Delgado\\\/\\\/\\\/Cu\u00eddate de quedar en bancarrota en esta \u00e9poca de crisis econ\u00f3mica\",\"datePublished\":\"2022-12-05T15:40:20+00:00\",\"dateModified\":\"2022-12-05T15:40:22+00:00\",\"mainEntityOfPage\":{\"@id\":\"https:\\\/\\\/quehacerpolitico.mx\\\/?p=97542\"},\"wordCount\":892,\"commentCount\":0,\"image\":{\"@id\":\"https:\\\/\\\/quehacerpolitico.mx\\\/?p=97542#primaryimage\"},\"thumbnailUrl\":\"https:\\\/\\\/quehacerpolitico.mx\\\/wp-content\\\/uploads\\\/2022\\\/12\\\/2265002D-3E4A-4874-901D-6E06C18EE07D.jpeg\",\"articleSection\":[\"Econom\u00eda\"],\"inLanguage\":\"es\",\"potentialAction\":[{\"@type\":\"CommentAction\",\"name\":\"Comment\",\"target\":[\"https:\\\/\\\/quehacerpolitico.mx\\\/?p=97542#respond\"]}]},{\"@type\":\"WebPage\",\"@id\":\"https:\\\/\\\/quehacerpolitico.mx\\\/?p=97542\",\"url\":\"https:\\\/\\\/quehacerpolitico.mx\\\/?p=97542\",\"name\":\"La Visi\u00f3n Humanista\\\/\\\/\\\/Margarita P\u00e9rez Delgado\\\/\\\/\\\/Cu\u00eddate de quedar en bancarrota en esta \u00e9poca de crisis econ\u00f3mica -\",\"isPartOf\":{\"@id\":\"https:\\\/\\\/quehacerpolitico.mx\\\/#website\"},\"primaryImageOfPage\":{\"@id\":\"https:\\\/\\\/quehacerpolitico.mx\\\/?p=97542#primaryimage\"},\"image\":{\"@id\":\"https:\\\/\\\/quehacerpolitico.mx\\\/?p=97542#primaryimage\"},\"thumbnailUrl\":\"https:\\\/\\\/quehacerpolitico.mx\\\/wp-content\\\/uploads\\\/2022\\\/12\\\/2265002D-3E4A-4874-901D-6E06C18EE07D.jpeg\",\"datePublished\":\"2022-12-05T15:40:20+00:00\",\"dateModified\":\"2022-12-05T15:40:22+00:00\",\"author\":{\"@id\":\"https:\\\/\\\/quehacerpolitico.mx\\\/#\\\/schema\\\/person\\\/496d8ad2d1d3f8036101dca7ee39e585\"},\"breadcrumb\":{\"@id\":\"https:\\\/\\\/quehacerpolitico.mx\\\/?p=97542#breadcrumb\"},\"inLanguage\":\"es\",\"potentialAction\":[{\"@type\":\"ReadAction\",\"target\":[\"https:\\\/\\\/quehacerpolitico.mx\\\/?p=97542\"]}]},{\"@type\":\"ImageObject\",\"inLanguage\":\"es\",\"@id\":\"https:\\\/\\\/quehacerpolitico.mx\\\/?p=97542#primaryimage\",\"url\":\"https:\\\/\\\/quehacerpolitico.mx\\\/wp-content\\\/uploads\\\/2022\\\/12\\\/2265002D-3E4A-4874-901D-6E06C18EE07D.jpeg\",\"contentUrl\":\"https:\\\/\\\/quehacerpolitico.mx\\\/wp-content\\\/uploads\\\/2022\\\/12\\\/2265002D-3E4A-4874-901D-6E06C18EE07D.jpeg\",\"width\":963,\"height\":493},{\"@type\":\"BreadcrumbList\",\"@id\":\"https:\\\/\\\/quehacerpolitico.mx\\\/?p=97542#breadcrumb\",\"itemListElement\":[{\"@type\":\"ListItem\",\"position\":1,\"name\":\"Inicio\",\"item\":\"https:\\\/\\\/quehacerpolitico.mx\\\/\"},{\"@type\":\"ListItem\",\"position\":2,\"name\":\"La Visi\u00f3n Humanista\\\/\\\/\\\/Margarita P\u00e9rez Delgado\\\/\\\/\\\/Cu\u00eddate de quedar en bancarrota en esta \u00e9poca de crisis econ\u00f3mica\"}]},{\"@type\":\"WebSite\",\"@id\":\"https:\\\/\\\/quehacerpolitico.mx\\\/#website\",\"url\":\"https:\\\/\\\/quehacerpolitico.mx\\\/\",\"name\":\"\",\"description\":\"\",\"potentialAction\":[{\"@type\":\"SearchAction\",\"target\":{\"@type\":\"EntryPoint\",\"urlTemplate\":\"https:\\\/\\\/quehacerpolitico.mx\\\/?s={search_term_string}\"},\"query-input\":{\"@type\":\"PropertyValueSpecification\",\"valueRequired\":true,\"valueName\":\"search_term_string\"}}],\"inLanguage\":\"es\"},{\"@type\":\"Person\",\"@id\":\"https:\\\/\\\/quehacerpolitico.mx\\\/#\\\/schema\\\/person\\\/496d8ad2d1d3f8036101dca7ee39e585\",\"name\":\"Redacci\u00f3n QP\",\"image\":{\"@type\":\"ImageObject\",\"inLanguage\":\"es\",\"@id\":\"https:\\\/\\\/secure.gravatar.com\\\/avatar\\\/c7164ed6fdec453195284ad24a5ae5b6e1eed2b848477fa2a4787ba9adf39a41?s=96&d=mm&r=g\",\"url\":\"https:\\\/\\\/secure.gravatar.com\\\/avatar\\\/c7164ed6fdec453195284ad24a5ae5b6e1eed2b848477fa2a4787ba9adf39a41?s=96&d=mm&r=g\",\"contentUrl\":\"https:\\\/\\\/secure.gravatar.com\\\/avatar\\\/c7164ed6fdec453195284ad24a5ae5b6e1eed2b848477fa2a4787ba9adf39a41?s=96&d=mm&r=g\",\"caption\":\"Redacci\u00f3n QP\"},\"url\":\"https:\\\/\\\/quehacerpolitico.mx\\\/?author=2\"}]}<\/script>\n<!-- \/ Yoast SEO plugin. -->","yoast_head_json":{"title":"La Visi\u00f3n Humanista\/\/\/Margarita P\u00e9rez Delgado\/\/\/Cu\u00eddate de quedar en bancarrota en esta \u00e9poca de crisis econ\u00f3mica -","robots":{"index":"index","follow":"follow","max-snippet":"max-snippet:-1","max-image-preview":"max-image-preview:large","max-video-preview":"max-video-preview:-1"},"canonical":"https:\/\/quehacerpolitico.mx\/?p=97542","og_locale":"es_MX","og_type":"article","og_title":"La Visi\u00f3n Humanista\/\/\/Margarita P\u00e9rez Delgado\/\/\/Cu\u00eddate de quedar en bancarrota en esta \u00e9poca de crisis econ\u00f3mica -","og_description":"Por Margarita P\u00e9rez Delgado Analista Como hacerle para\u00a0salir a flote durante la crisis econ\u00f3mica actual...","og_url":"https:\/\/quehacerpolitico.mx\/?p=97542","article_published_time":"2022-12-05T15:40:20+00:00","article_modified_time":"2022-12-05T15:40:22+00:00","og_image":[{"width":963,"height":493,"url":"https:\/\/quehacerpolitico.mx\/wp-content\/uploads\/2022\/12\/2265002D-3E4A-4874-901D-6E06C18EE07D.jpeg","type":"image\/jpeg"}],"author":"Redacci\u00f3n QP","twitter_card":"summary_large_image","twitter_misc":{"Escrito por":"Redacci\u00f3n QP","Tiempo de lectura":"4 minutos"},"schema":{"@context":"https:\/\/schema.org","@graph":[{"@type":"Article","@id":"https:\/\/quehacerpolitico.mx\/?p=97542#article","isPartOf":{"@id":"https:\/\/quehacerpolitico.mx\/?p=97542"},"author":{"name":"Redacci\u00f3n QP","@id":"https:\/\/quehacerpolitico.mx\/#\/schema\/person\/496d8ad2d1d3f8036101dca7ee39e585"},"headline":"La Visi\u00f3n Humanista\/\/\/Margarita P\u00e9rez Delgado\/\/\/Cu\u00eddate de quedar en bancarrota en esta \u00e9poca de crisis econ\u00f3mica","datePublished":"2022-12-05T15:40:20+00:00","dateModified":"2022-12-05T15:40:22+00:00","mainEntityOfPage":{"@id":"https:\/\/quehacerpolitico.mx\/?p=97542"},"wordCount":892,"commentCount":0,"image":{"@id":"https:\/\/quehacerpolitico.mx\/?p=97542#primaryimage"},"thumbnailUrl":"https:\/\/quehacerpolitico.mx\/wp-content\/uploads\/2022\/12\/2265002D-3E4A-4874-901D-6E06C18EE07D.jpeg","articleSection":["Econom\u00eda"],"inLanguage":"es","potentialAction":[{"@type":"CommentAction","name":"Comment","target":["https:\/\/quehacerpolitico.mx\/?p=97542#respond"]}]},{"@type":"WebPage","@id":"https:\/\/quehacerpolitico.mx\/?p=97542","url":"https:\/\/quehacerpolitico.mx\/?p=97542","name":"La Visi\u00f3n Humanista\/\/\/Margarita P\u00e9rez Delgado\/\/\/Cu\u00eddate de quedar en bancarrota en esta \u00e9poca de crisis econ\u00f3mica -","isPartOf":{"@id":"https:\/\/quehacerpolitico.mx\/#website"},"primaryImageOfPage":{"@id":"https:\/\/quehacerpolitico.mx\/?p=97542#primaryimage"},"image":{"@id":"https:\/\/quehacerpolitico.mx\/?p=97542#primaryimage"},"thumbnailUrl":"https:\/\/quehacerpolitico.mx\/wp-content\/uploads\/2022\/12\/2265002D-3E4A-4874-901D-6E06C18EE07D.jpeg","datePublished":"2022-12-05T15:40:20+00:00","dateModified":"2022-12-05T15:40:22+00:00","author":{"@id":"https:\/\/quehacerpolitico.mx\/#\/schema\/person\/496d8ad2d1d3f8036101dca7ee39e585"},"breadcrumb":{"@id":"https:\/\/quehacerpolitico.mx\/?p=97542#breadcrumb"},"inLanguage":"es","potentialAction":[{"@type":"ReadAction","target":["https:\/\/quehacerpolitico.mx\/?p=97542"]}]},{"@type":"ImageObject","inLanguage":"es","@id":"https:\/\/quehacerpolitico.mx\/?p=97542#primaryimage","url":"https:\/\/quehacerpolitico.mx\/wp-content\/uploads\/2022\/12\/2265002D-3E4A-4874-901D-6E06C18EE07D.jpeg","contentUrl":"https:\/\/quehacerpolitico.mx\/wp-content\/uploads\/2022\/12\/2265002D-3E4A-4874-901D-6E06C18EE07D.jpeg","width":963,"height":493},{"@type":"BreadcrumbList","@id":"https:\/\/quehacerpolitico.mx\/?p=97542#breadcrumb","itemListElement":[{"@type":"ListItem","position":1,"name":"Inicio","item":"https:\/\/quehacerpolitico.mx\/"},{"@type":"ListItem","position":2,"name":"La Visi\u00f3n Humanista\/\/\/Margarita P\u00e9rez Delgado\/\/\/Cu\u00eddate de quedar en bancarrota en esta \u00e9poca de crisis econ\u00f3mica"}]},{"@type":"WebSite","@id":"https:\/\/quehacerpolitico.mx\/#website","url":"https:\/\/quehacerpolitico.mx\/","name":"","description":"","potentialAction":[{"@type":"SearchAction","target":{"@type":"EntryPoint","urlTemplate":"https:\/\/quehacerpolitico.mx\/?s={search_term_string}"},"query-input":{"@type":"PropertyValueSpecification","valueRequired":true,"valueName":"search_term_string"}}],"inLanguage":"es"},{"@type":"Person","@id":"https:\/\/quehacerpolitico.mx\/#\/schema\/person\/496d8ad2d1d3f8036101dca7ee39e585","name":"Redacci\u00f3n QP","image":{"@type":"ImageObject","inLanguage":"es","@id":"https:\/\/secure.gravatar.com\/avatar\/c7164ed6fdec453195284ad24a5ae5b6e1eed2b848477fa2a4787ba9adf39a41?s=96&d=mm&r=g","url":"https:\/\/secure.gravatar.com\/avatar\/c7164ed6fdec453195284ad24a5ae5b6e1eed2b848477fa2a4787ba9adf39a41?s=96&d=mm&r=g","contentUrl":"https:\/\/secure.gravatar.com\/avatar\/c7164ed6fdec453195284ad24a5ae5b6e1eed2b848477fa2a4787ba9adf39a41?s=96&d=mm&r=g","caption":"Redacci\u00f3n QP"},"url":"https:\/\/quehacerpolitico.mx\/?author=2"}]}},"featured_image_urls":{"full":["https:\/\/quehacerpolitico.mx\/wp-content\/uploads\/2022\/12\/2265002D-3E4A-4874-901D-6E06C18EE07D.jpeg",963,493,false],"thumbnail":["https:\/\/quehacerpolitico.mx\/wp-content\/uploads\/2022\/12\/2265002D-3E4A-4874-901D-6E06C18EE07D-150x150.jpeg",150,150,true],"medium":["https:\/\/quehacerpolitico.mx\/wp-content\/uploads\/2022\/12\/2265002D-3E4A-4874-901D-6E06C18EE07D-300x154.jpeg",300,154,true],"medium_large":["https:\/\/quehacerpolitico.mx\/wp-content\/uploads\/2022\/12\/2265002D-3E4A-4874-901D-6E06C18EE07D-768x393.jpeg",640,328,true],"large":["https:\/\/quehacerpolitico.mx\/wp-content\/uploads\/2022\/12\/2265002D-3E4A-4874-901D-6E06C18EE07D.jpeg",640,328,false],"1536x1536":["https:\/\/quehacerpolitico.mx\/wp-content\/uploads\/2022\/12\/2265002D-3E4A-4874-901D-6E06C18EE07D.jpeg",963,493,false],"2048x2048":["https:\/\/quehacerpolitico.mx\/wp-content\/uploads\/2022\/12\/2265002D-3E4A-4874-901D-6E06C18EE07D.jpeg",963,493,false],"covernews-featured":["https:\/\/quehacerpolitico.mx\/wp-content\/uploads\/2022\/12\/2265002D-3E4A-4874-901D-6E06C18EE07D.jpeg",963,493,false],"covernews-medium":["https:\/\/quehacerpolitico.mx\/wp-content\/uploads\/2022\/12\/2265002D-3E4A-4874-901D-6E06C18EE07D.jpeg",540,276,false]},"author_info":{"display_name":"Redacci\u00f3n QP","author_link":"https:\/\/quehacerpolitico.mx\/?author=2"},"category_info":"<a href=\"https:\/\/quehacerpolitico.mx\/?cat=56\" rel=\"category\">Econom\u00eda<\/a>","tag_info":"Econom\u00eda","comment_count":"0","_links":{"self":[{"href":"https:\/\/quehacerpolitico.mx\/index.php?rest_route=\/wp\/v2\/posts\/97542","targetHints":{"allow":["GET"]}}],"collection":[{"href":"https:\/\/quehacerpolitico.mx\/index.php?rest_route=\/wp\/v2\/posts"}],"about":[{"href":"https:\/\/quehacerpolitico.mx\/index.php?rest_route=\/wp\/v2\/types\/post"}],"author":[{"embeddable":true,"href":"https:\/\/quehacerpolitico.mx\/index.php?rest_route=\/wp\/v2\/users\/2"}],"replies":[{"embeddable":true,"href":"https:\/\/quehacerpolitico.mx\/index.php?rest_route=%2Fwp%2Fv2%2Fcomments&post=97542"}],"version-history":[{"count":1,"href":"https:\/\/quehacerpolitico.mx\/index.php?rest_route=\/wp\/v2\/posts\/97542\/revisions"}],"predecessor-version":[{"id":97544,"href":"https:\/\/quehacerpolitico.mx\/index.php?rest_route=\/wp\/v2\/posts\/97542\/revisions\/97544"}],"wp:featuredmedia":[{"embeddable":true,"href":"https:\/\/quehacerpolitico.mx\/index.php?rest_route=\/wp\/v2\/media\/97543"}],"wp:attachment":[{"href":"https:\/\/quehacerpolitico.mx\/index.php?rest_route=%2Fwp%2Fv2%2Fmedia&parent=97542"}],"wp:term":[{"taxonomy":"category","embeddable":true,"href":"https:\/\/quehacerpolitico.mx\/index.php?rest_route=%2Fwp%2Fv2%2Fcategories&post=97542"},{"taxonomy":"post_tag","embeddable":true,"href":"https:\/\/quehacerpolitico.mx\/index.php?rest_route=%2Fwp%2Fv2%2Ftags&post=97542"}],"curies":[{"name":"wp","href":"https:\/\/api.w.org\/{rel}","templated":true}]}}