{"id":97525,"date":"2022-12-02T21:17:05","date_gmt":"2022-12-02T21:17:05","guid":{"rendered":"https:\/\/quehacerpolitico.mx\/?p=97525"},"modified":"2022-12-02T21:17:08","modified_gmt":"2022-12-02T21:17:08","slug":"llega-el-poeta-adonis-a-la-fil-guadalajara","status":"publish","type":"post","link":"https:\/\/quehacerpolitico.mx\/?p=97525","title":{"rendered":"Llega el poeta Adonis a la FIL Guadalajara"},"content":{"rendered":"\n<p>Por Redacci\u00f3n QP<\/p>\n\n\n\n<p>De acuerdo con Adonis, el poeta &#8220;forma sus versos de una materia que existe en este mundo, que existe en el pasado y existente en el futuro&#8221;<\/p>\n\n\n\n<p><strong>Considerado como uno de los m\u00e1s grandes de las letras contempor\u00e1neas, el poeta sirio-liban\u00e9s Adonis<\/strong>\u00a0ha llegado a la Feria Internacional del Libro de Guadalajara, y en la v\u00edspera de ofrecer este s\u00e1bado 3 de diciembre su charla magistral \u201cPoes\u00eda en el mundo \u00e1rabe: entre lo fijo y lo mudable\u201d, el autor de obras como \u201cSombra para el deseo del Sol\u201d, charl\u00f3 con la prensa mexicana sobre lo que la poes\u00eda representa en su vida, sobre la guerra, la herencia de la identidad y si tiene una presi\u00f3n por ganar el Premio Nobel de Literatura.<\/p>\n\n\n\n<p>Aunque los reconocimientos no han faltado en su trayectoria, Adonis, distinguido con galardones como el Premio Goethe, el Premio Giovanni Pascoli o el Premio Bjornson, por ejemplo, puntualiz\u00f3 que \u201c<strong>los premios, en general, son una cuesti\u00f3n social m\u00e1s que art\u00edstica\u201d y destac\u00f3 que el mejor premio que puede tener un poeta es la creaci\u00f3n del poema<\/strong>. \u201cEl poeta no debe pensar en otra cosa que no sea c\u00f3mo crear el poema para poder describir este mundo, ese es el mejor premio que puede tener un poeta. En este sentido, en referencia al Nobel, los premios son parte de la cultura, pero no tiene nada que ver con la poes\u00eda\u201d.<\/p>\n\n\n\n<p>Ahondando en diversas perspectivas sobre la trascendencia hist\u00f3rica que ha tenido la poes\u00eda, Adonis subray\u00f3 que \u201cel poeta no puede hablar del futuro si no conoce bien su pasado\u201d,<strong>\u00a0coment\u00f3 al se\u00f1alar que en sus obras siempre procura explorar a los poetas y los versos que han abierto camino para que \u00e9l hoy est\u00e9 inmerso en la literatura.<\/strong>\u201cQuien habla en mis poemas y mi poes\u00eda es siempre el poeta. El poeta no comienza del vac\u00edo, al contrario, sino \u00e9l forma sus versos de una materia que existe en este mundo, que existe en el pasado y existente en el futuro. Todo el universo existe en el cuerpo del poeta, no solamente en la cabeza\u201d.<\/p>\n\n\n\n<p>Una puerta a la libertad<\/p>\n\n\n\n<figure class=\"wp-block-image size-large\"><img loading=\"lazy\" decoding=\"async\" width=\"768\" height=\"1024\" src=\"https:\/\/quehacerpolitico.mx\/wp-content\/uploads\/2022\/12\/image-5-768x1024.jpeg\" alt=\"\" class=\"wp-image-97526\" srcset=\"https:\/\/quehacerpolitico.mx\/wp-content\/uploads\/2022\/12\/image-5-768x1024.jpeg 768w, https:\/\/quehacerpolitico.mx\/wp-content\/uploads\/2022\/12\/image-5-225x300.jpeg 225w, https:\/\/quehacerpolitico.mx\/wp-content\/uploads\/2022\/12\/image-5-1152x1536.jpeg 1152w, https:\/\/quehacerpolitico.mx\/wp-content\/uploads\/2022\/12\/image-5-1536x2048.jpeg 1536w, https:\/\/quehacerpolitico.mx\/wp-content\/uploads\/2022\/12\/image-5-110x146.jpeg 110w, https:\/\/quehacerpolitico.mx\/wp-content\/uploads\/2022\/12\/image-5-38x50.jpeg 38w, https:\/\/quehacerpolitico.mx\/wp-content\/uploads\/2022\/12\/image-5-56x75.jpeg 56w, https:\/\/quehacerpolitico.mx\/wp-content\/uploads\/2022\/12\/image-5-scaled.jpeg 1920w\" sizes=\"auto, (max-width: 768px) 100vw, 768px\" \/><\/figure>\n\n\n\n<p>Resaltando el j\u00fabilo con el que ha sido abrazado por M\u00e9xico, Adonis comparti\u00f3 que encuentros como la Feria Internacional del Libro de Guadalajara son un ejemplo de c\u00f3mo la cultura&nbsp;<strong>es la identidad que une al mundo sin importar nacionalidades ni fronteras, ya que es un medio para establecer la cultura de la paz y el amor. El poeta, tambi\u00e9n autor de \u201cZ\u00f3calo<\/strong>\u201d, confes\u00f3 que desde hace bastante tiempo ha abandonado sus deseos personales y se ha enfocado en seguir en la b\u00fasqueda y construcci\u00f3n de nuevas relaciones que ampl\u00eden sus horizontes y fortalezcan y concreten sus deseos de libertad, de cultura y democracia.<\/p>\n\n\n\n<p>\u201cPersonalmente, la escritura y la poes\u00eda significan para m\u00ed algo muy importante. El poema para m\u00ed es el \u00fanico lugar en el que siento absoluta libertad, es el \u00fanico lugar en este mundo en el que soy due\u00f1o de m\u00ed mismo, de mi libertad y de mi voluntad, y yo deseo pasar ese sentimiento al lector para que el propio lector sienta tambi\u00e9n esta libertad\u201d.<strong>\u00a0Y hablando de libertad, Adonis se pronunci\u00f3 respecto al r\u00e9gimen iran\u00ed y las manifestaciones hechas por las mujeres, se\u00f1alando que no solo se trata de mostrar apoyo a las mujeres que est\u00e1n en la lucha de sus derechos y libertad, pues considera que la solidaridad debe ampliarse al recodar\u00a0<\/strong>que estas es una situaci\u00f3n general que se vive en todo el mundo, en donde mujeres tanto de China o Palestina o Estados Unidos, y en cualquier parte, viven d\u00eda a d\u00eda situaciones de violencia y sumisi\u00f3n, en especial, cuando hay cadenas religiosas, ya sea juda\u00edsmo, cristianismo o el islam.<\/p>\n\n\n\n<p>\u201cA la hora de hablar de Ir\u00e1n, tenemos que recordar esta situaci\u00f3n general y debemos exigir la liberaci\u00f3n de la mujer de esas cadenas religiosas. A la hora de hablar de la mujer en Ir\u00e1n,<strong>\u00a0hay que hablar de la tiran\u00eda masculina en esas sociedades<\/strong>\u00a0(\u2026) no podemos solamente apoyar la lucha de la mujer en Ir\u00e1n, estoy completamente con esa lucha para su liberaci\u00f3n, pero no podemos solamente apoyar esa lucha en Ir\u00e1n y olvidar la tiran\u00eda que sufre la mujer en todo el mundo\u201d.<\/p>\n\n\n\n<figure class=\"wp-block-image size-full\"><img loading=\"lazy\" decoding=\"async\" width=\"677\" height=\"453\" src=\"https:\/\/quehacerpolitico.mx\/wp-content\/uploads\/2022\/12\/image-6.jpeg\" alt=\"\" class=\"wp-image-97527\" srcset=\"https:\/\/quehacerpolitico.mx\/wp-content\/uploads\/2022\/12\/image-6.jpeg 677w, https:\/\/quehacerpolitico.mx\/wp-content\/uploads\/2022\/12\/image-6-300x201.jpeg 300w, https:\/\/quehacerpolitico.mx\/wp-content\/uploads\/2022\/12\/image-6-218x146.jpeg 218w, https:\/\/quehacerpolitico.mx\/wp-content\/uploads\/2022\/12\/image-6-50x33.jpeg 50w, https:\/\/quehacerpolitico.mx\/wp-content\/uploads\/2022\/12\/image-6-112x75.jpeg 112w\" sizes=\"auto, (max-width: 677px) 100vw, 677px\" \/><\/figure>\n\n\n\n<p>Adonis tambi\u00e9n vincul\u00f3 a la poes\u00eda con la renovaci\u00f3n y el cambio, tanto en el mundo terrenal como en el literario, se\u00f1alando que la poes\u00eda es una ventana que ofrece siempre panoramas distintos, sin embargo, reflexion\u00f3 sobre c\u00f3mo tambi\u00e9n la poes\u00edas se vincula con la identidad del ser humano y c\u00f3mo<strong>\u00a0\u00e9sta tambi\u00e9n ha ido cambiando hasta las formas en c\u00f3mo se valoran las cosas en este mundo.<\/strong>\u00a0\u201cLa poes\u00eda es ese infinito abierto a todo, la poes\u00eda nos ense\u00f1a que nosotros no heredamos nuestra identidad del mismo que heredamos nuestros campos y nuestras haciendas, en ese sentido, la poes\u00eda es esa identidad abierta al cambio, a la transformaci\u00f3n y creaci\u00f3n del ser humano\u201d.<\/p>\n\n\n\n<h2 class=\"wp-block-heading\">Ag\u00e9ndalo<\/h2>\n\n\n\n<p>Los pasos de Adonis en la FIL<\/p>\n\n\n\n<ul class=\"wp-block-list\">\n<li>*Sal\u00f3n de la Poes\u00eda con Adonis y participaci\u00f3n de Jeannette L. Clariond, el domingo 04 de diciembre de 17:00 a 17:50 horas en el Sal\u00f3n 4, planta baja.<\/li>\n\n\n\n<li>*Conferencia Magistral: \u201cPoes\u00eda en el mundo \u00e1rabe: entre lo fijo y lo mudable\u201d con Adonis y Jeannette L. Clariond, el s\u00e1bado 03 de diciembre de 18:00 a 19:20 horas, en el Auditorio Juan Rulfo, planta baja. (Habr\u00e1 traducci\u00f3n \u00e1rabe-espa\u00f1ol)<\/li>\n<\/ul>\n","protected":false},"excerpt":{"rendered":"<p>Por Redacci\u00f3n QP De acuerdo con Adonis, el poeta &#8220;forma sus versos de una materia&#8230;<\/p>\n","protected":false},"author":2,"featured_media":97528,"comment_status":"open","ping_status":"open","sticky":false,"template":"","format":"standard","meta":{"_monsterinsights_skip_tracking":false,"_monsterinsights_sitenote_active":false,"_monsterinsights_sitenote_note":"","_monsterinsights_sitenote_category":0,"footnotes":""},"categories":[58],"tags":[],"class_list":["post-97525","post","type-post","status-publish","format-standard","has-post-thumbnail","hentry","category-cultura"],"yoast_head":"<!-- This site is optimized with the Yoast SEO plugin v27.3 - https:\/\/yoast.com\/product\/yoast-seo-wordpress\/ -->\n<title>Llega el poeta Adonis a la FIL Guadalajara -<\/title>\n<meta name=\"robots\" content=\"index, follow, max-snippet:-1, max-image-preview:large, max-video-preview:-1\" \/>\n<link rel=\"canonical\" href=\"https:\/\/quehacerpolitico.mx\/?p=97525\" \/>\n<meta property=\"og:locale\" content=\"es_MX\" \/>\n<meta property=\"og:type\" content=\"article\" \/>\n<meta property=\"og:title\" content=\"Llega el poeta Adonis a la FIL Guadalajara -\" \/>\n<meta property=\"og:description\" content=\"Por Redacci\u00f3n QP De acuerdo con Adonis, el poeta &#8220;forma sus versos de una materia...\" \/>\n<meta property=\"og:url\" content=\"https:\/\/quehacerpolitico.mx\/?p=97525\" \/>\n<meta property=\"article:published_time\" content=\"2022-12-02T21:17:05+00:00\" \/>\n<meta property=\"article:modified_time\" content=\"2022-12-02T21:17:08+00:00\" \/>\n<meta property=\"og:image\" content=\"https:\/\/quehacerpolitico.mx\/wp-content\/uploads\/2022\/12\/02B1C3D0-91D0-4276-B36A-CE83BBF0F89A.jpeg\" \/>\n\t<meta property=\"og:image:width\" content=\"719\" \/>\n\t<meta property=\"og:image:height\" content=\"426\" \/>\n\t<meta property=\"og:image:type\" content=\"image\/jpeg\" \/>\n<meta name=\"author\" content=\"Redacci\u00f3n QP\" \/>\n<meta name=\"twitter:card\" content=\"summary_large_image\" \/>\n<meta name=\"twitter:label1\" content=\"Escrito por\" \/>\n\t<meta name=\"twitter:data1\" content=\"Redacci\u00f3n QP\" \/>\n\t<meta name=\"twitter:label2\" content=\"Tiempo de lectura\" \/>\n\t<meta name=\"twitter:data2\" content=\"5 minutos\" \/>\n<script type=\"application\/ld+json\" class=\"yoast-schema-graph\">{\"@context\":\"https:\\\/\\\/schema.org\",\"@graph\":[{\"@type\":\"Article\",\"@id\":\"https:\\\/\\\/quehacerpolitico.mx\\\/?p=97525#article\",\"isPartOf\":{\"@id\":\"https:\\\/\\\/quehacerpolitico.mx\\\/?p=97525\"},\"author\":{\"name\":\"Redacci\u00f3n QP\",\"@id\":\"https:\\\/\\\/quehacerpolitico.mx\\\/#\\\/schema\\\/person\\\/496d8ad2d1d3f8036101dca7ee39e585\"},\"headline\":\"Llega el poeta Adonis a la FIL Guadalajara\",\"datePublished\":\"2022-12-02T21:17:05+00:00\",\"dateModified\":\"2022-12-02T21:17:08+00:00\",\"mainEntityOfPage\":{\"@id\":\"https:\\\/\\\/quehacerpolitico.mx\\\/?p=97525\"},\"wordCount\":971,\"commentCount\":0,\"image\":{\"@id\":\"https:\\\/\\\/quehacerpolitico.mx\\\/?p=97525#primaryimage\"},\"thumbnailUrl\":\"https:\\\/\\\/quehacerpolitico.mx\\\/wp-content\\\/uploads\\\/2022\\\/12\\\/02B1C3D0-91D0-4276-B36A-CE83BBF0F89A.jpeg\",\"articleSection\":[\"Cultura y Entretenimiento\"],\"inLanguage\":\"es\",\"potentialAction\":[{\"@type\":\"CommentAction\",\"name\":\"Comment\",\"target\":[\"https:\\\/\\\/quehacerpolitico.mx\\\/?p=97525#respond\"]}]},{\"@type\":\"WebPage\",\"@id\":\"https:\\\/\\\/quehacerpolitico.mx\\\/?p=97525\",\"url\":\"https:\\\/\\\/quehacerpolitico.mx\\\/?p=97525\",\"name\":\"Llega el poeta Adonis a la FIL Guadalajara -\",\"isPartOf\":{\"@id\":\"https:\\\/\\\/quehacerpolitico.mx\\\/#website\"},\"primaryImageOfPage\":{\"@id\":\"https:\\\/\\\/quehacerpolitico.mx\\\/?p=97525#primaryimage\"},\"image\":{\"@id\":\"https:\\\/\\\/quehacerpolitico.mx\\\/?p=97525#primaryimage\"},\"thumbnailUrl\":\"https:\\\/\\\/quehacerpolitico.mx\\\/wp-content\\\/uploads\\\/2022\\\/12\\\/02B1C3D0-91D0-4276-B36A-CE83BBF0F89A.jpeg\",\"datePublished\":\"2022-12-02T21:17:05+00:00\",\"dateModified\":\"2022-12-02T21:17:08+00:00\",\"author\":{\"@id\":\"https:\\\/\\\/quehacerpolitico.mx\\\/#\\\/schema\\\/person\\\/496d8ad2d1d3f8036101dca7ee39e585\"},\"breadcrumb\":{\"@id\":\"https:\\\/\\\/quehacerpolitico.mx\\\/?p=97525#breadcrumb\"},\"inLanguage\":\"es\",\"potentialAction\":[{\"@type\":\"ReadAction\",\"target\":[\"https:\\\/\\\/quehacerpolitico.mx\\\/?p=97525\"]}]},{\"@type\":\"ImageObject\",\"inLanguage\":\"es\",\"@id\":\"https:\\\/\\\/quehacerpolitico.mx\\\/?p=97525#primaryimage\",\"url\":\"https:\\\/\\\/quehacerpolitico.mx\\\/wp-content\\\/uploads\\\/2022\\\/12\\\/02B1C3D0-91D0-4276-B36A-CE83BBF0F89A.jpeg\",\"contentUrl\":\"https:\\\/\\\/quehacerpolitico.mx\\\/wp-content\\\/uploads\\\/2022\\\/12\\\/02B1C3D0-91D0-4276-B36A-CE83BBF0F89A.jpeg\",\"width\":719,\"height\":426},{\"@type\":\"BreadcrumbList\",\"@id\":\"https:\\\/\\\/quehacerpolitico.mx\\\/?p=97525#breadcrumb\",\"itemListElement\":[{\"@type\":\"ListItem\",\"position\":1,\"name\":\"Inicio\",\"item\":\"https:\\\/\\\/quehacerpolitico.mx\\\/\"},{\"@type\":\"ListItem\",\"position\":2,\"name\":\"Llega el poeta Adonis a la FIL Guadalajara\"}]},{\"@type\":\"WebSite\",\"@id\":\"https:\\\/\\\/quehacerpolitico.mx\\\/#website\",\"url\":\"https:\\\/\\\/quehacerpolitico.mx\\\/\",\"name\":\"\",\"description\":\"\",\"potentialAction\":[{\"@type\":\"SearchAction\",\"target\":{\"@type\":\"EntryPoint\",\"urlTemplate\":\"https:\\\/\\\/quehacerpolitico.mx\\\/?s={search_term_string}\"},\"query-input\":{\"@type\":\"PropertyValueSpecification\",\"valueRequired\":true,\"valueName\":\"search_term_string\"}}],\"inLanguage\":\"es\"},{\"@type\":\"Person\",\"@id\":\"https:\\\/\\\/quehacerpolitico.mx\\\/#\\\/schema\\\/person\\\/496d8ad2d1d3f8036101dca7ee39e585\",\"name\":\"Redacci\u00f3n QP\",\"image\":{\"@type\":\"ImageObject\",\"inLanguage\":\"es\",\"@id\":\"https:\\\/\\\/secure.gravatar.com\\\/avatar\\\/c7164ed6fdec453195284ad24a5ae5b6e1eed2b848477fa2a4787ba9adf39a41?s=96&d=mm&r=g\",\"url\":\"https:\\\/\\\/secure.gravatar.com\\\/avatar\\\/c7164ed6fdec453195284ad24a5ae5b6e1eed2b848477fa2a4787ba9adf39a41?s=96&d=mm&r=g\",\"contentUrl\":\"https:\\\/\\\/secure.gravatar.com\\\/avatar\\\/c7164ed6fdec453195284ad24a5ae5b6e1eed2b848477fa2a4787ba9adf39a41?s=96&d=mm&r=g\",\"caption\":\"Redacci\u00f3n QP\"},\"url\":\"https:\\\/\\\/quehacerpolitico.mx\\\/?author=2\"}]}<\/script>\n<!-- \/ Yoast SEO plugin. -->","yoast_head_json":{"title":"Llega el poeta Adonis a la FIL Guadalajara -","robots":{"index":"index","follow":"follow","max-snippet":"max-snippet:-1","max-image-preview":"max-image-preview:large","max-video-preview":"max-video-preview:-1"},"canonical":"https:\/\/quehacerpolitico.mx\/?p=97525","og_locale":"es_MX","og_type":"article","og_title":"Llega el poeta Adonis a la FIL Guadalajara -","og_description":"Por Redacci\u00f3n QP De acuerdo con Adonis, el poeta &#8220;forma sus versos de una materia...","og_url":"https:\/\/quehacerpolitico.mx\/?p=97525","article_published_time":"2022-12-02T21:17:05+00:00","article_modified_time":"2022-12-02T21:17:08+00:00","og_image":[{"width":719,"height":426,"url":"https:\/\/quehacerpolitico.mx\/wp-content\/uploads\/2022\/12\/02B1C3D0-91D0-4276-B36A-CE83BBF0F89A.jpeg","type":"image\/jpeg"}],"author":"Redacci\u00f3n QP","twitter_card":"summary_large_image","twitter_misc":{"Escrito por":"Redacci\u00f3n QP","Tiempo de lectura":"5 minutos"},"schema":{"@context":"https:\/\/schema.org","@graph":[{"@type":"Article","@id":"https:\/\/quehacerpolitico.mx\/?p=97525#article","isPartOf":{"@id":"https:\/\/quehacerpolitico.mx\/?p=97525"},"author":{"name":"Redacci\u00f3n QP","@id":"https:\/\/quehacerpolitico.mx\/#\/schema\/person\/496d8ad2d1d3f8036101dca7ee39e585"},"headline":"Llega el poeta Adonis a la FIL Guadalajara","datePublished":"2022-12-02T21:17:05+00:00","dateModified":"2022-12-02T21:17:08+00:00","mainEntityOfPage":{"@id":"https:\/\/quehacerpolitico.mx\/?p=97525"},"wordCount":971,"commentCount":0,"image":{"@id":"https:\/\/quehacerpolitico.mx\/?p=97525#primaryimage"},"thumbnailUrl":"https:\/\/quehacerpolitico.mx\/wp-content\/uploads\/2022\/12\/02B1C3D0-91D0-4276-B36A-CE83BBF0F89A.jpeg","articleSection":["Cultura y Entretenimiento"],"inLanguage":"es","potentialAction":[{"@type":"CommentAction","name":"Comment","target":["https:\/\/quehacerpolitico.mx\/?p=97525#respond"]}]},{"@type":"WebPage","@id":"https:\/\/quehacerpolitico.mx\/?p=97525","url":"https:\/\/quehacerpolitico.mx\/?p=97525","name":"Llega el poeta Adonis a la FIL Guadalajara -","isPartOf":{"@id":"https:\/\/quehacerpolitico.mx\/#website"},"primaryImageOfPage":{"@id":"https:\/\/quehacerpolitico.mx\/?p=97525#primaryimage"},"image":{"@id":"https:\/\/quehacerpolitico.mx\/?p=97525#primaryimage"},"thumbnailUrl":"https:\/\/quehacerpolitico.mx\/wp-content\/uploads\/2022\/12\/02B1C3D0-91D0-4276-B36A-CE83BBF0F89A.jpeg","datePublished":"2022-12-02T21:17:05+00:00","dateModified":"2022-12-02T21:17:08+00:00","author":{"@id":"https:\/\/quehacerpolitico.mx\/#\/schema\/person\/496d8ad2d1d3f8036101dca7ee39e585"},"breadcrumb":{"@id":"https:\/\/quehacerpolitico.mx\/?p=97525#breadcrumb"},"inLanguage":"es","potentialAction":[{"@type":"ReadAction","target":["https:\/\/quehacerpolitico.mx\/?p=97525"]}]},{"@type":"ImageObject","inLanguage":"es","@id":"https:\/\/quehacerpolitico.mx\/?p=97525#primaryimage","url":"https:\/\/quehacerpolitico.mx\/wp-content\/uploads\/2022\/12\/02B1C3D0-91D0-4276-B36A-CE83BBF0F89A.jpeg","contentUrl":"https:\/\/quehacerpolitico.mx\/wp-content\/uploads\/2022\/12\/02B1C3D0-91D0-4276-B36A-CE83BBF0F89A.jpeg","width":719,"height":426},{"@type":"BreadcrumbList","@id":"https:\/\/quehacerpolitico.mx\/?p=97525#breadcrumb","itemListElement":[{"@type":"ListItem","position":1,"name":"Inicio","item":"https:\/\/quehacerpolitico.mx\/"},{"@type":"ListItem","position":2,"name":"Llega el poeta Adonis a la FIL Guadalajara"}]},{"@type":"WebSite","@id":"https:\/\/quehacerpolitico.mx\/#website","url":"https:\/\/quehacerpolitico.mx\/","name":"","description":"","potentialAction":[{"@type":"SearchAction","target":{"@type":"EntryPoint","urlTemplate":"https:\/\/quehacerpolitico.mx\/?s={search_term_string}"},"query-input":{"@type":"PropertyValueSpecification","valueRequired":true,"valueName":"search_term_string"}}],"inLanguage":"es"},{"@type":"Person","@id":"https:\/\/quehacerpolitico.mx\/#\/schema\/person\/496d8ad2d1d3f8036101dca7ee39e585","name":"Redacci\u00f3n QP","image":{"@type":"ImageObject","inLanguage":"es","@id":"https:\/\/secure.gravatar.com\/avatar\/c7164ed6fdec453195284ad24a5ae5b6e1eed2b848477fa2a4787ba9adf39a41?s=96&d=mm&r=g","url":"https:\/\/secure.gravatar.com\/avatar\/c7164ed6fdec453195284ad24a5ae5b6e1eed2b848477fa2a4787ba9adf39a41?s=96&d=mm&r=g","contentUrl":"https:\/\/secure.gravatar.com\/avatar\/c7164ed6fdec453195284ad24a5ae5b6e1eed2b848477fa2a4787ba9adf39a41?s=96&d=mm&r=g","caption":"Redacci\u00f3n QP"},"url":"https:\/\/quehacerpolitico.mx\/?author=2"}]}},"featured_image_urls":{"full":["https:\/\/quehacerpolitico.mx\/wp-content\/uploads\/2022\/12\/02B1C3D0-91D0-4276-B36A-CE83BBF0F89A.jpeg",719,426,false],"thumbnail":["https:\/\/quehacerpolitico.mx\/wp-content\/uploads\/2022\/12\/02B1C3D0-91D0-4276-B36A-CE83BBF0F89A-150x150.jpeg",150,150,true],"medium":["https:\/\/quehacerpolitico.mx\/wp-content\/uploads\/2022\/12\/02B1C3D0-91D0-4276-B36A-CE83BBF0F89A-300x178.jpeg",300,178,true],"medium_large":["https:\/\/quehacerpolitico.mx\/wp-content\/uploads\/2022\/12\/02B1C3D0-91D0-4276-B36A-CE83BBF0F89A.jpeg",640,379,false],"large":["https:\/\/quehacerpolitico.mx\/wp-content\/uploads\/2022\/12\/02B1C3D0-91D0-4276-B36A-CE83BBF0F89A.jpeg",640,379,false],"1536x1536":["https:\/\/quehacerpolitico.mx\/wp-content\/uploads\/2022\/12\/02B1C3D0-91D0-4276-B36A-CE83BBF0F89A.jpeg",719,426,false],"2048x2048":["https:\/\/quehacerpolitico.mx\/wp-content\/uploads\/2022\/12\/02B1C3D0-91D0-4276-B36A-CE83BBF0F89A.jpeg",719,426,false],"covernews-featured":["https:\/\/quehacerpolitico.mx\/wp-content\/uploads\/2022\/12\/02B1C3D0-91D0-4276-B36A-CE83BBF0F89A.jpeg",719,426,false],"covernews-medium":["https:\/\/quehacerpolitico.mx\/wp-content\/uploads\/2022\/12\/02B1C3D0-91D0-4276-B36A-CE83BBF0F89A.jpeg",540,320,false]},"author_info":{"display_name":"Redacci\u00f3n QP","author_link":"https:\/\/quehacerpolitico.mx\/?author=2"},"category_info":"<a href=\"https:\/\/quehacerpolitico.mx\/?cat=58\" rel=\"category\">Cultura y Entretenimiento<\/a>","tag_info":"Cultura y Entretenimiento","comment_count":"0","_links":{"self":[{"href":"https:\/\/quehacerpolitico.mx\/index.php?rest_route=\/wp\/v2\/posts\/97525","targetHints":{"allow":["GET"]}}],"collection":[{"href":"https:\/\/quehacerpolitico.mx\/index.php?rest_route=\/wp\/v2\/posts"}],"about":[{"href":"https:\/\/quehacerpolitico.mx\/index.php?rest_route=\/wp\/v2\/types\/post"}],"author":[{"embeddable":true,"href":"https:\/\/quehacerpolitico.mx\/index.php?rest_route=\/wp\/v2\/users\/2"}],"replies":[{"embeddable":true,"href":"https:\/\/quehacerpolitico.mx\/index.php?rest_route=%2Fwp%2Fv2%2Fcomments&post=97525"}],"version-history":[{"count":1,"href":"https:\/\/quehacerpolitico.mx\/index.php?rest_route=\/wp\/v2\/posts\/97525\/revisions"}],"predecessor-version":[{"id":97529,"href":"https:\/\/quehacerpolitico.mx\/index.php?rest_route=\/wp\/v2\/posts\/97525\/revisions\/97529"}],"wp:featuredmedia":[{"embeddable":true,"href":"https:\/\/quehacerpolitico.mx\/index.php?rest_route=\/wp\/v2\/media\/97528"}],"wp:attachment":[{"href":"https:\/\/quehacerpolitico.mx\/index.php?rest_route=%2Fwp%2Fv2%2Fmedia&parent=97525"}],"wp:term":[{"taxonomy":"category","embeddable":true,"href":"https:\/\/quehacerpolitico.mx\/index.php?rest_route=%2Fwp%2Fv2%2Fcategories&post=97525"},{"taxonomy":"post_tag","embeddable":true,"href":"https:\/\/quehacerpolitico.mx\/index.php?rest_route=%2Fwp%2Fv2%2Ftags&post=97525"}],"curies":[{"name":"wp","href":"https:\/\/api.w.org\/{rel}","templated":true}]}}