{"id":97516,"date":"2022-12-02T20:50:23","date_gmt":"2022-12-02T20:50:23","guid":{"rendered":"https:\/\/quehacerpolitico.mx\/?p=97516"},"modified":"2022-12-02T20:50:27","modified_gmt":"2022-12-02T20:50:27","slug":"en-cocos-decomisan-300-kilos-de-fentanilo-cerca-de-frontera-con-eu-video","status":"publish","type":"post","link":"https:\/\/quehacerpolitico.mx\/?p=97516","title":{"rendered":"\u00a1En cocos! Decomisan 300 kilos de fentanilo cerca de frontera con EU (VIDEO)"},"content":{"rendered":"\n<p>Por Redacci\u00f3n QP<\/p>\n\n\n\n<p>Los frutos estaban partidos por la mitad y en su interior transportaban bolsas con cientos de pastillas de color azul, presuntamente de fentanilo<\/p>\n\n\n\n<p>La Fiscal\u00eda General de la Rep\u00fablica (FGR) inform\u00f3 este viernes del decomiso de unos\u00a0<strong>300 kilos de fentanilo, que fueron detectados en cocos de palmera que eran transportados en un cami\u00f3n con destino a la frontera<\/strong>\u00a0con Estados Unidos.<\/p>\n\n\n\n<p>Seg\u00fan las im\u00e1genes,&nbsp;<strong>los frutos estaban partidos por la mitad y en su interior transportaban bolsas con cientos de pastillas de color azul<\/strong>, presuntamente de fentanilo.<\/p>\n\n\n\n<p>En un comunicado, la FGR indic\u00f3 que agentes de la instituci\u00f3n, adscritos a la Agencia de Investigaci\u00f3n Criminal (AIC), aseguraron en el estado de Sonora, noroeste de M\u00e9xico, &#8220;aproximadamente 300 kilogramos de una sustancia con caracter\u00edsticas propias del fentanilo&#8221;, en un veh\u00edculo que transportaba el citado fruto.<\/p>\n\n\n\n<figure class=\"wp-block-image size-full\"><img loading=\"lazy\" decoding=\"async\" width=\"836\" height=\"638\" src=\"https:\/\/quehacerpolitico.mx\/wp-content\/uploads\/2022\/12\/image-2.jpeg\" alt=\"\" class=\"wp-image-97517\" srcset=\"https:\/\/quehacerpolitico.mx\/wp-content\/uploads\/2022\/12\/image-2.jpeg 836w, https:\/\/quehacerpolitico.mx\/wp-content\/uploads\/2022\/12\/image-2-300x229.jpeg 300w, https:\/\/quehacerpolitico.mx\/wp-content\/uploads\/2022\/12\/image-2-768x586.jpeg 768w, https:\/\/quehacerpolitico.mx\/wp-content\/uploads\/2022\/12\/image-2-191x146.jpeg 191w, https:\/\/quehacerpolitico.mx\/wp-content\/uploads\/2022\/12\/image-2-50x38.jpeg 50w, https:\/\/quehacerpolitico.mx\/wp-content\/uploads\/2022\/12\/image-2-98x75.jpeg 98w\" sizes=\"auto, (max-width: 836px) 100vw, 836px\" \/><\/figure>\n\n\n\n<p>Adem\u00e1s, notificaron del&nbsp;<strong>arresto de dos personas<\/strong>.<\/p>\n\n\n\n<p>La FGR se\u00f1al\u00f3 que la detenci\u00f3n y el decomiso de la sustancia ocurri\u00f3\u00a0<strong>en un tramo carretero que conduce a Puerto Libertad, una localidad y puerto del estado de Sonora<\/strong>, que se ubica en la costa norte del Golfo de California, en el municipio de Pitiquito, a unos 150 kil\u00f3metros de la frontera entre Sonora y Arizona, Estados Unidos.<\/p>\n\n\n\n<p>En la nota se apunt\u00f3 que bajo la conducci\u00f3n del Ministerio P\u00fablico de la Federaci\u00f3n (MPF), en su delegaci\u00f3n de Sonora, la Polic\u00eda Federal Ministerial se traslad\u00f3 al tramo carretero 26, Puerto Libertad, en donde cumpliment\u00f3 la diligencia y logr\u00f3 detener a dos personas, quienes transportaban la sustancia referida.<\/p>\n\n\n\n<figure class=\"wp-block-image size-full\"><img loading=\"lazy\" decoding=\"async\" width=\"808\" height=\"635\" src=\"https:\/\/quehacerpolitico.mx\/wp-content\/uploads\/2022\/12\/image-3.jpeg\" alt=\"\" class=\"wp-image-97518\" srcset=\"https:\/\/quehacerpolitico.mx\/wp-content\/uploads\/2022\/12\/image-3.jpeg 808w, https:\/\/quehacerpolitico.mx\/wp-content\/uploads\/2022\/12\/image-3-300x236.jpeg 300w, https:\/\/quehacerpolitico.mx\/wp-content\/uploads\/2022\/12\/image-3-768x604.jpeg 768w, https:\/\/quehacerpolitico.mx\/wp-content\/uploads\/2022\/12\/image-3-186x146.jpeg 186w, https:\/\/quehacerpolitico.mx\/wp-content\/uploads\/2022\/12\/image-3-50x39.jpeg 50w, https:\/\/quehacerpolitico.mx\/wp-content\/uploads\/2022\/12\/image-3-95x75.jpeg 95w\" sizes=\"auto, (max-width: 808px) 100vw, 808px\" \/><\/figure>\n\n\n\n<p><strong>&#8220;Lo asegurado y los detenidos quedaron a disposici\u00f3n del MPF, quien lleva a cabo la investigaci\u00f3n correspondiente&#8221;<\/strong>, apunt\u00f3 la FGR.<\/p>\n\n\n\n<p>La Administraci\u00f3n del Control de Drogas (DEA) de EU\u00a0ha dicho que existe &#8220;una oleada de fentanilo y metanfetamina que est\u00e1n siendo empujadas desde M\u00e9xico a Estados Unidos&#8221;.<\/p>\n\n\n\n<figure class=\"wp-block-embed is-type-rich is-provider-twitter wp-block-embed-twitter\"><div class=\"wp-block-embed__wrapper\">\n<blockquote class=\"twitter-tweet\" data-width=\"550\" data-dnt=\"true\"><p lang=\"es\" dir=\"ltr\"><a href=\"https:\/\/twitter.com\/hashtag\/FGR?src=hash&amp;ref_src=twsrc%5Etfw\">#FGR<\/a>, adscritos a la @PGR_AIC, aseguraron en Sonora aproximadamente 300 kilogramos de una sustancia con caracter\u00edsticas propias del fentanilo, en un cami\u00f3n que transportaba cocos.<br><br>M\u00e1s informaci\u00f3n \u25b6\ufe0f<a href=\"https:\/\/t.co\/UW7OCwu6VT\">https:\/\/t.co\/UW7OCwu6VT<\/a> <a href=\"https:\/\/t.co\/1hB3jstpm3\">pic.twitter.com\/1hB3jstpm3<\/a><\/p>&mdash; FGR M\u00e9xico (@FGRMexico) <a href=\"https:\/\/twitter.com\/FGRMexico\/status\/1598447170721841152?ref_src=twsrc%5Etfw\">December 1, 2022<\/a><\/blockquote><script async src=\"https:\/\/platform.twitter.com\/widgets.js\" charset=\"utf-8\"><\/script>\n<\/div><\/figure>\n\n\n\n<p>A mediados de noviembre, la Oficina de Control de Activos Extranjeros (OFAC) de Estados Unidos sancion\u00f3 al cartel mexicano &#8220;La Nueva Familia Michoacana&#8221; y a sus l\u00edderes, Johnny Hurtado Olascoaga y Jos\u00e9 Alfredo Hurtado Olascoaga, por tr\u00e1fico internacional de drogas.<\/p>\n\n\n\n<p>El organismo inform\u00f3 a trav\u00e9s de un comunicado que &#8220;La Nueva Familia Michoacana&#8221; contrabandea drogas il\u00edcitas hacia y a trav\u00e9s de EU\u00a0y que est\u00e1 detr\u00e1s de la creciente presencia en el pa\u00eds de fentanilo arco\u00edris.<\/p>\n\n\n\n<figure class=\"wp-block-image size-full\"><img loading=\"lazy\" decoding=\"async\" width=\"699\" height=\"629\" src=\"https:\/\/quehacerpolitico.mx\/wp-content\/uploads\/2022\/12\/image-4.jpeg\" alt=\"\" class=\"wp-image-97519\" srcset=\"https:\/\/quehacerpolitico.mx\/wp-content\/uploads\/2022\/12\/image-4.jpeg 699w, https:\/\/quehacerpolitico.mx\/wp-content\/uploads\/2022\/12\/image-4-300x270.jpeg 300w, https:\/\/quehacerpolitico.mx\/wp-content\/uploads\/2022\/12\/image-4-162x146.jpeg 162w, https:\/\/quehacerpolitico.mx\/wp-content\/uploads\/2022\/12\/image-4-50x45.jpeg 50w, https:\/\/quehacerpolitico.mx\/wp-content\/uploads\/2022\/12\/image-4-83x75.jpeg 83w\" sizes=\"auto, (max-width: 699px) 100vw, 699px\" \/><\/figure>\n\n\n\n<p>Seg\u00fan la Administraci\u00f3n para el Control de Drogas (DEA) de EU, esta droga aparece en forma de p\u00edldoras\/polvo con una variedad de colores, formas y tama\u00f1os brillantes y est\u00e1 hecha para atraer a ni\u00f1os y j\u00f3venes.<\/p>\n\n\n\n<p>Con Informaci\u00f3n de SUN <\/p>\n","protected":false},"excerpt":{"rendered":"<p>Por Redacci\u00f3n QP Los frutos estaban partidos por la mitad y en su interior transportaban&#8230;<\/p>\n","protected":false},"author":2,"featured_media":97520,"comment_status":"open","ping_status":"open","sticky":false,"template":"","format":"standard","meta":{"_monsterinsights_skip_tracking":false,"_monsterinsights_sitenote_active":false,"_monsterinsights_sitenote_note":"","_monsterinsights_sitenote_category":0,"footnotes":""},"categories":[2],"tags":[],"class_list":["post-97516","post","type-post","status-publish","format-standard","has-post-thumbnail","hentry","category-noticias"],"yoast_head":"<!-- This site is optimized with the Yoast SEO plugin v27.3 - https:\/\/yoast.com\/product\/yoast-seo-wordpress\/ -->\n<title>\u00a1En cocos! Decomisan 300 kilos de fentanilo cerca de frontera con EU (VIDEO) -<\/title>\n<meta name=\"robots\" content=\"index, follow, max-snippet:-1, max-image-preview:large, max-video-preview:-1\" \/>\n<link rel=\"canonical\" href=\"https:\/\/quehacerpolitico.mx\/?p=97516\" \/>\n<meta property=\"og:locale\" content=\"es_MX\" \/>\n<meta property=\"og:type\" content=\"article\" \/>\n<meta property=\"og:title\" content=\"\u00a1En cocos! Decomisan 300 kilos de fentanilo cerca de frontera con EU (VIDEO) -\" \/>\n<meta property=\"og:description\" content=\"Por Redacci\u00f3n QP Los frutos estaban partidos por la mitad y en su interior transportaban...\" \/>\n<meta property=\"og:url\" content=\"https:\/\/quehacerpolitico.mx\/?p=97516\" \/>\n<meta property=\"article:published_time\" content=\"2022-12-02T20:50:23+00:00\" \/>\n<meta property=\"article:modified_time\" content=\"2022-12-02T20:50:27+00:00\" \/>\n<meta property=\"og:image\" content=\"https:\/\/quehacerpolitico.mx\/wp-content\/uploads\/2022\/12\/9BE0C7D6-384F-4307-9DCE-AA99A3E3205B.jpeg\" \/>\n\t<meta property=\"og:image:width\" content=\"1025\" \/>\n\t<meta property=\"og:image:height\" content=\"604\" \/>\n\t<meta property=\"og:image:type\" content=\"image\/jpeg\" \/>\n<meta name=\"author\" content=\"Redacci\u00f3n QP\" \/>\n<meta name=\"twitter:card\" content=\"summary_large_image\" \/>\n<meta name=\"twitter:label1\" content=\"Escrito por\" \/>\n\t<meta name=\"twitter:data1\" content=\"Redacci\u00f3n QP\" \/>\n\t<meta name=\"twitter:label2\" content=\"Tiempo de lectura\" \/>\n\t<meta name=\"twitter:data2\" content=\"2 minutos\" \/>\n<script type=\"application\/ld+json\" class=\"yoast-schema-graph\">{\"@context\":\"https:\\\/\\\/schema.org\",\"@graph\":[{\"@type\":\"Article\",\"@id\":\"https:\\\/\\\/quehacerpolitico.mx\\\/?p=97516#article\",\"isPartOf\":{\"@id\":\"https:\\\/\\\/quehacerpolitico.mx\\\/?p=97516\"},\"author\":{\"name\":\"Redacci\u00f3n QP\",\"@id\":\"https:\\\/\\\/quehacerpolitico.mx\\\/#\\\/schema\\\/person\\\/496d8ad2d1d3f8036101dca7ee39e585\"},\"headline\":\"\u00a1En cocos! Decomisan 300 kilos de fentanilo cerca de frontera con EU (VIDEO)\",\"datePublished\":\"2022-12-02T20:50:23+00:00\",\"dateModified\":\"2022-12-02T20:50:27+00:00\",\"mainEntityOfPage\":{\"@id\":\"https:\\\/\\\/quehacerpolitico.mx\\\/?p=97516\"},\"wordCount\":479,\"commentCount\":0,\"image\":{\"@id\":\"https:\\\/\\\/quehacerpolitico.mx\\\/?p=97516#primaryimage\"},\"thumbnailUrl\":\"https:\\\/\\\/quehacerpolitico.mx\\\/wp-content\\\/uploads\\\/2022\\\/12\\\/9BE0C7D6-384F-4307-9DCE-AA99A3E3205B.jpeg\",\"articleSection\":[\"Noticias\"],\"inLanguage\":\"es\",\"potentialAction\":[{\"@type\":\"CommentAction\",\"name\":\"Comment\",\"target\":[\"https:\\\/\\\/quehacerpolitico.mx\\\/?p=97516#respond\"]}]},{\"@type\":\"WebPage\",\"@id\":\"https:\\\/\\\/quehacerpolitico.mx\\\/?p=97516\",\"url\":\"https:\\\/\\\/quehacerpolitico.mx\\\/?p=97516\",\"name\":\"\u00a1En cocos! Decomisan 300 kilos de fentanilo cerca de frontera con EU (VIDEO) -\",\"isPartOf\":{\"@id\":\"https:\\\/\\\/quehacerpolitico.mx\\\/#website\"},\"primaryImageOfPage\":{\"@id\":\"https:\\\/\\\/quehacerpolitico.mx\\\/?p=97516#primaryimage\"},\"image\":{\"@id\":\"https:\\\/\\\/quehacerpolitico.mx\\\/?p=97516#primaryimage\"},\"thumbnailUrl\":\"https:\\\/\\\/quehacerpolitico.mx\\\/wp-content\\\/uploads\\\/2022\\\/12\\\/9BE0C7D6-384F-4307-9DCE-AA99A3E3205B.jpeg\",\"datePublished\":\"2022-12-02T20:50:23+00:00\",\"dateModified\":\"2022-12-02T20:50:27+00:00\",\"author\":{\"@id\":\"https:\\\/\\\/quehacerpolitico.mx\\\/#\\\/schema\\\/person\\\/496d8ad2d1d3f8036101dca7ee39e585\"},\"breadcrumb\":{\"@id\":\"https:\\\/\\\/quehacerpolitico.mx\\\/?p=97516#breadcrumb\"},\"inLanguage\":\"es\",\"potentialAction\":[{\"@type\":\"ReadAction\",\"target\":[\"https:\\\/\\\/quehacerpolitico.mx\\\/?p=97516\"]}]},{\"@type\":\"ImageObject\",\"inLanguage\":\"es\",\"@id\":\"https:\\\/\\\/quehacerpolitico.mx\\\/?p=97516#primaryimage\",\"url\":\"https:\\\/\\\/quehacerpolitico.mx\\\/wp-content\\\/uploads\\\/2022\\\/12\\\/9BE0C7D6-384F-4307-9DCE-AA99A3E3205B.jpeg\",\"contentUrl\":\"https:\\\/\\\/quehacerpolitico.mx\\\/wp-content\\\/uploads\\\/2022\\\/12\\\/9BE0C7D6-384F-4307-9DCE-AA99A3E3205B.jpeg\",\"width\":1025,\"height\":604},{\"@type\":\"BreadcrumbList\",\"@id\":\"https:\\\/\\\/quehacerpolitico.mx\\\/?p=97516#breadcrumb\",\"itemListElement\":[{\"@type\":\"ListItem\",\"position\":1,\"name\":\"Inicio\",\"item\":\"https:\\\/\\\/quehacerpolitico.mx\\\/\"},{\"@type\":\"ListItem\",\"position\":2,\"name\":\"\u00a1En cocos! Decomisan 300 kilos de fentanilo cerca de frontera con EU (VIDEO)\"}]},{\"@type\":\"WebSite\",\"@id\":\"https:\\\/\\\/quehacerpolitico.mx\\\/#website\",\"url\":\"https:\\\/\\\/quehacerpolitico.mx\\\/\",\"name\":\"\",\"description\":\"\",\"potentialAction\":[{\"@type\":\"SearchAction\",\"target\":{\"@type\":\"EntryPoint\",\"urlTemplate\":\"https:\\\/\\\/quehacerpolitico.mx\\\/?s={search_term_string}\"},\"query-input\":{\"@type\":\"PropertyValueSpecification\",\"valueRequired\":true,\"valueName\":\"search_term_string\"}}],\"inLanguage\":\"es\"},{\"@type\":\"Person\",\"@id\":\"https:\\\/\\\/quehacerpolitico.mx\\\/#\\\/schema\\\/person\\\/496d8ad2d1d3f8036101dca7ee39e585\",\"name\":\"Redacci\u00f3n QP\",\"image\":{\"@type\":\"ImageObject\",\"inLanguage\":\"es\",\"@id\":\"https:\\\/\\\/secure.gravatar.com\\\/avatar\\\/c7164ed6fdec453195284ad24a5ae5b6e1eed2b848477fa2a4787ba9adf39a41?s=96&d=mm&r=g\",\"url\":\"https:\\\/\\\/secure.gravatar.com\\\/avatar\\\/c7164ed6fdec453195284ad24a5ae5b6e1eed2b848477fa2a4787ba9adf39a41?s=96&d=mm&r=g\",\"contentUrl\":\"https:\\\/\\\/secure.gravatar.com\\\/avatar\\\/c7164ed6fdec453195284ad24a5ae5b6e1eed2b848477fa2a4787ba9adf39a41?s=96&d=mm&r=g\",\"caption\":\"Redacci\u00f3n QP\"},\"url\":\"https:\\\/\\\/quehacerpolitico.mx\\\/?author=2\"}]}<\/script>\n<!-- \/ Yoast SEO plugin. -->","yoast_head_json":{"title":"\u00a1En cocos! Decomisan 300 kilos de fentanilo cerca de frontera con EU (VIDEO) -","robots":{"index":"index","follow":"follow","max-snippet":"max-snippet:-1","max-image-preview":"max-image-preview:large","max-video-preview":"max-video-preview:-1"},"canonical":"https:\/\/quehacerpolitico.mx\/?p=97516","og_locale":"es_MX","og_type":"article","og_title":"\u00a1En cocos! Decomisan 300 kilos de fentanilo cerca de frontera con EU (VIDEO) -","og_description":"Por Redacci\u00f3n QP Los frutos estaban partidos por la mitad y en su interior transportaban...","og_url":"https:\/\/quehacerpolitico.mx\/?p=97516","article_published_time":"2022-12-02T20:50:23+00:00","article_modified_time":"2022-12-02T20:50:27+00:00","og_image":[{"width":1025,"height":604,"url":"https:\/\/quehacerpolitico.mx\/wp-content\/uploads\/2022\/12\/9BE0C7D6-384F-4307-9DCE-AA99A3E3205B.jpeg","type":"image\/jpeg"}],"author":"Redacci\u00f3n QP","twitter_card":"summary_large_image","twitter_misc":{"Escrito por":"Redacci\u00f3n QP","Tiempo de lectura":"2 minutos"},"schema":{"@context":"https:\/\/schema.org","@graph":[{"@type":"Article","@id":"https:\/\/quehacerpolitico.mx\/?p=97516#article","isPartOf":{"@id":"https:\/\/quehacerpolitico.mx\/?p=97516"},"author":{"name":"Redacci\u00f3n QP","@id":"https:\/\/quehacerpolitico.mx\/#\/schema\/person\/496d8ad2d1d3f8036101dca7ee39e585"},"headline":"\u00a1En cocos! Decomisan 300 kilos de fentanilo cerca de frontera con EU (VIDEO)","datePublished":"2022-12-02T20:50:23+00:00","dateModified":"2022-12-02T20:50:27+00:00","mainEntityOfPage":{"@id":"https:\/\/quehacerpolitico.mx\/?p=97516"},"wordCount":479,"commentCount":0,"image":{"@id":"https:\/\/quehacerpolitico.mx\/?p=97516#primaryimage"},"thumbnailUrl":"https:\/\/quehacerpolitico.mx\/wp-content\/uploads\/2022\/12\/9BE0C7D6-384F-4307-9DCE-AA99A3E3205B.jpeg","articleSection":["Noticias"],"inLanguage":"es","potentialAction":[{"@type":"CommentAction","name":"Comment","target":["https:\/\/quehacerpolitico.mx\/?p=97516#respond"]}]},{"@type":"WebPage","@id":"https:\/\/quehacerpolitico.mx\/?p=97516","url":"https:\/\/quehacerpolitico.mx\/?p=97516","name":"\u00a1En cocos! Decomisan 300 kilos de fentanilo cerca de frontera con EU (VIDEO) -","isPartOf":{"@id":"https:\/\/quehacerpolitico.mx\/#website"},"primaryImageOfPage":{"@id":"https:\/\/quehacerpolitico.mx\/?p=97516#primaryimage"},"image":{"@id":"https:\/\/quehacerpolitico.mx\/?p=97516#primaryimage"},"thumbnailUrl":"https:\/\/quehacerpolitico.mx\/wp-content\/uploads\/2022\/12\/9BE0C7D6-384F-4307-9DCE-AA99A3E3205B.jpeg","datePublished":"2022-12-02T20:50:23+00:00","dateModified":"2022-12-02T20:50:27+00:00","author":{"@id":"https:\/\/quehacerpolitico.mx\/#\/schema\/person\/496d8ad2d1d3f8036101dca7ee39e585"},"breadcrumb":{"@id":"https:\/\/quehacerpolitico.mx\/?p=97516#breadcrumb"},"inLanguage":"es","potentialAction":[{"@type":"ReadAction","target":["https:\/\/quehacerpolitico.mx\/?p=97516"]}]},{"@type":"ImageObject","inLanguage":"es","@id":"https:\/\/quehacerpolitico.mx\/?p=97516#primaryimage","url":"https:\/\/quehacerpolitico.mx\/wp-content\/uploads\/2022\/12\/9BE0C7D6-384F-4307-9DCE-AA99A3E3205B.jpeg","contentUrl":"https:\/\/quehacerpolitico.mx\/wp-content\/uploads\/2022\/12\/9BE0C7D6-384F-4307-9DCE-AA99A3E3205B.jpeg","width":1025,"height":604},{"@type":"BreadcrumbList","@id":"https:\/\/quehacerpolitico.mx\/?p=97516#breadcrumb","itemListElement":[{"@type":"ListItem","position":1,"name":"Inicio","item":"https:\/\/quehacerpolitico.mx\/"},{"@type":"ListItem","position":2,"name":"\u00a1En cocos! Decomisan 300 kilos de fentanilo cerca de frontera con EU (VIDEO)"}]},{"@type":"WebSite","@id":"https:\/\/quehacerpolitico.mx\/#website","url":"https:\/\/quehacerpolitico.mx\/","name":"","description":"","potentialAction":[{"@type":"SearchAction","target":{"@type":"EntryPoint","urlTemplate":"https:\/\/quehacerpolitico.mx\/?s={search_term_string}"},"query-input":{"@type":"PropertyValueSpecification","valueRequired":true,"valueName":"search_term_string"}}],"inLanguage":"es"},{"@type":"Person","@id":"https:\/\/quehacerpolitico.mx\/#\/schema\/person\/496d8ad2d1d3f8036101dca7ee39e585","name":"Redacci\u00f3n QP","image":{"@type":"ImageObject","inLanguage":"es","@id":"https:\/\/secure.gravatar.com\/avatar\/c7164ed6fdec453195284ad24a5ae5b6e1eed2b848477fa2a4787ba9adf39a41?s=96&d=mm&r=g","url":"https:\/\/secure.gravatar.com\/avatar\/c7164ed6fdec453195284ad24a5ae5b6e1eed2b848477fa2a4787ba9adf39a41?s=96&d=mm&r=g","contentUrl":"https:\/\/secure.gravatar.com\/avatar\/c7164ed6fdec453195284ad24a5ae5b6e1eed2b848477fa2a4787ba9adf39a41?s=96&d=mm&r=g","caption":"Redacci\u00f3n QP"},"url":"https:\/\/quehacerpolitico.mx\/?author=2"}]}},"featured_image_urls":{"full":["https:\/\/quehacerpolitico.mx\/wp-content\/uploads\/2022\/12\/9BE0C7D6-384F-4307-9DCE-AA99A3E3205B.jpeg",1025,604,false],"thumbnail":["https:\/\/quehacerpolitico.mx\/wp-content\/uploads\/2022\/12\/9BE0C7D6-384F-4307-9DCE-AA99A3E3205B-150x150.jpeg",150,150,true],"medium":["https:\/\/quehacerpolitico.mx\/wp-content\/uploads\/2022\/12\/9BE0C7D6-384F-4307-9DCE-AA99A3E3205B-300x177.jpeg",300,177,true],"medium_large":["https:\/\/quehacerpolitico.mx\/wp-content\/uploads\/2022\/12\/9BE0C7D6-384F-4307-9DCE-AA99A3E3205B-768x453.jpeg",640,378,true],"large":["https:\/\/quehacerpolitico.mx\/wp-content\/uploads\/2022\/12\/9BE0C7D6-384F-4307-9DCE-AA99A3E3205B.jpeg",640,377,false],"1536x1536":["https:\/\/quehacerpolitico.mx\/wp-content\/uploads\/2022\/12\/9BE0C7D6-384F-4307-9DCE-AA99A3E3205B.jpeg",1025,604,false],"2048x2048":["https:\/\/quehacerpolitico.mx\/wp-content\/uploads\/2022\/12\/9BE0C7D6-384F-4307-9DCE-AA99A3E3205B.jpeg",1025,604,false],"covernews-featured":["https:\/\/quehacerpolitico.mx\/wp-content\/uploads\/2022\/12\/9BE0C7D6-384F-4307-9DCE-AA99A3E3205B.jpeg",1024,603,false],"covernews-medium":["https:\/\/quehacerpolitico.mx\/wp-content\/uploads\/2022\/12\/9BE0C7D6-384F-4307-9DCE-AA99A3E3205B.jpeg",540,318,false]},"author_info":{"display_name":"Redacci\u00f3n QP","author_link":"https:\/\/quehacerpolitico.mx\/?author=2"},"category_info":"<a href=\"https:\/\/quehacerpolitico.mx\/?cat=2\" rel=\"category\">Noticias<\/a>","tag_info":"Noticias","comment_count":"0","_links":{"self":[{"href":"https:\/\/quehacerpolitico.mx\/index.php?rest_route=\/wp\/v2\/posts\/97516","targetHints":{"allow":["GET"]}}],"collection":[{"href":"https:\/\/quehacerpolitico.mx\/index.php?rest_route=\/wp\/v2\/posts"}],"about":[{"href":"https:\/\/quehacerpolitico.mx\/index.php?rest_route=\/wp\/v2\/types\/post"}],"author":[{"embeddable":true,"href":"https:\/\/quehacerpolitico.mx\/index.php?rest_route=\/wp\/v2\/users\/2"}],"replies":[{"embeddable":true,"href":"https:\/\/quehacerpolitico.mx\/index.php?rest_route=%2Fwp%2Fv2%2Fcomments&post=97516"}],"version-history":[{"count":1,"href":"https:\/\/quehacerpolitico.mx\/index.php?rest_route=\/wp\/v2\/posts\/97516\/revisions"}],"predecessor-version":[{"id":97521,"href":"https:\/\/quehacerpolitico.mx\/index.php?rest_route=\/wp\/v2\/posts\/97516\/revisions\/97521"}],"wp:featuredmedia":[{"embeddable":true,"href":"https:\/\/quehacerpolitico.mx\/index.php?rest_route=\/wp\/v2\/media\/97520"}],"wp:attachment":[{"href":"https:\/\/quehacerpolitico.mx\/index.php?rest_route=%2Fwp%2Fv2%2Fmedia&parent=97516"}],"wp:term":[{"taxonomy":"category","embeddable":true,"href":"https:\/\/quehacerpolitico.mx\/index.php?rest_route=%2Fwp%2Fv2%2Fcategories&post=97516"},{"taxonomy":"post_tag","embeddable":true,"href":"https:\/\/quehacerpolitico.mx\/index.php?rest_route=%2Fwp%2Fv2%2Ftags&post=97516"}],"curies":[{"name":"wp","href":"https:\/\/api.w.org\/{rel}","templated":true}]}}