{"id":97508,"date":"2022-12-02T18:35:35","date_gmt":"2022-12-02T18:35:35","guid":{"rendered":"https:\/\/quehacerpolitico.mx\/?p=97508"},"modified":"2022-12-02T18:35:44","modified_gmt":"2022-12-02T18:35:44","slug":"uruguay-queda-eliminado-de-qatar-2022","status":"publish","type":"post","link":"https:\/\/quehacerpolitico.mx\/?p=97508","title":{"rendered":"Uruguay queda eliminado de Qatar 2022"},"content":{"rendered":"\n<p>Por Redacci\u00f3n QP<\/p>\n\n\n\n<p>Uruguay dio cuenta este viernes de su similar de Ghana, pero no le alcanz\u00f3 para seguir vivo en el Mundial de Qatar 2022<\/p>\n\n\n\n<figure class=\"wp-block-embed is-type-video is-provider-youtube wp-block-embed-youtube wp-embed-aspect-16-9 wp-has-aspect-ratio\"><div class=\"wp-block-embed__wrapper\">\nhttps:\/\/youtu.be\/zzjOiQ3sR4w\n<\/div><\/figure>\n\n\n\n<p>Dos goles de\u00a0<strong>Giorgian de Arrascaeta<\/strong>\u00a0dieron la victoria a la selecci\u00f3n de\u00a0<strong>Uruguay<\/strong>\u00a0este viernes, en partido de la \u00faltima jornada del grupo H del\u00a0<strong>Mundial de Qatar 2022<\/strong>\u00a0que le enfrent\u00f3 a\u00a0<strong>Ghana<\/strong>\u00a0(2-0) en el estadio Al Janoub de al Wakrah.<\/p>\n\n\n\n<figure class=\"wp-block-embed is-type-rich is-provider-twitter wp-block-embed-twitter\"><div class=\"wp-block-embed__wrapper\">\n<blockquote class=\"twitter-tweet\" data-width=\"550\" data-dnt=\"true\"><p lang=\"es\" dir=\"ltr\">Uruguay derrot\u00f3 a Ghana con goles de Giorgian De Arrascaeta.<\/p>&mdash; Copa Mundial FIFA \ud83c\udfc6 (@fifaworldcup_es) <a href=\"https:\/\/twitter.com\/fifaworldcup_es\/status\/1598724730764365826?ref_src=twsrc%5Etfw\">December 2, 2022<\/a><\/blockquote><script async src=\"https:\/\/platform.twitter.com\/widgets.js\" charset=\"utf-8\"><\/script>\n<\/div><\/figure>\n\n\n\n<p>Un resultado que no le sirvi\u00f3 a Uruguay, por la diferencia de goles que, tras quedar empatadas a puntos en el segundo puesto del grupo, benefici\u00f3 a\u00a0Corea del Sur, que estar\u00e1 en la ronda de octavos.<\/p>\n\n\n\n<p>Arrascaeta marc\u00f3 en el minuto 26 y en el 32, en ambas ocasiones asistido por su capit\u00e1n, Luis Su\u00e1rez; para situar en el marcador el 2-0 que no se alter\u00f3 en la reanudaci\u00f3n.<\/p>\n\n\n\n<h3 class=\"wp-block-heading\">La cr\u00f3nica<\/h3>\n\n\n\n<p>Al l\u00edmite, al borde del fracaso, la selecci\u00f3n de Uruguay resurgi\u00f3 demasiado tarde, eliminada por un gol a \u00faltima hora de Corea del Sur para culminar su fracaso en el Mundial de Qatar 2022, v\u00edctima de su propia falta de ambici\u00f3n en las dos primeras jornadas, irremediable con su triunfo de este viernes ante Ghana, sin entender que necesitaba m\u00e1s de dos tantos para avanzar a los octavos, sin intuir que el penalti que obvi\u00f3 el \u00e1rbitro sobre Darwin N\u00fa\u00f1ez ser\u00eda despu\u00e9s definitivo.<\/p>\n\n\n\n<p>En el minuto 91, en el partido entre el conjunto asi\u00e1tico y Portugal, en el 86 en el duelo entre Uruguay y Ghana, cambi\u00f3 todo para el conjunto celeste, entre los gestos de desesperaci\u00f3n de Diego Alonso a sus futbolistas, las l\u00e1grimas de Darwin N\u00fa\u00f1ez, la desolaci\u00f3n de Luis Su\u00e1rez\u2026 La imagen de una victoria que fue realmente una derrota; la previsible resoluci\u00f3n del desprop\u00f3sito que ya anunci\u00f3 Uruguay en las dos primeras citas.<\/p>\n\n\n\n<figure class=\"wp-block-image size-large\"><img loading=\"lazy\" decoding=\"async\" width=\"1024\" height=\"683\" src=\"https:\/\/quehacerpolitico.mx\/wp-content\/uploads\/2022\/12\/image-1-1024x683.jpeg\" alt=\"\" class=\"wp-image-97511\" srcset=\"https:\/\/quehacerpolitico.mx\/wp-content\/uploads\/2022\/12\/image-1-1024x683.jpeg 1024w, https:\/\/quehacerpolitico.mx\/wp-content\/uploads\/2022\/12\/image-1-300x200.jpeg 300w, https:\/\/quehacerpolitico.mx\/wp-content\/uploads\/2022\/12\/image-1-768x512.jpeg 768w, https:\/\/quehacerpolitico.mx\/wp-content\/uploads\/2022\/12\/image-1-219x146.jpeg 219w, https:\/\/quehacerpolitico.mx\/wp-content\/uploads\/2022\/12\/image-1-50x33.jpeg 50w, https:\/\/quehacerpolitico.mx\/wp-content\/uploads\/2022\/12\/image-1-112x75.jpeg 112w, https:\/\/quehacerpolitico.mx\/wp-content\/uploads\/2022\/12\/image-1.jpeg 1066w\" sizes=\"auto, (max-width: 1024px) 100vw, 1024px\" \/><\/figure>\n\n\n\n<figure class=\"wp-block-image size-large\"><img loading=\"lazy\" decoding=\"async\" width=\"1024\" height=\"683\" src=\"https:\/\/quehacerpolitico.mx\/wp-content\/uploads\/2022\/12\/image-1024x683.jpeg\" alt=\"\" class=\"wp-image-97510\" srcset=\"https:\/\/quehacerpolitico.mx\/wp-content\/uploads\/2022\/12\/image-1024x683.jpeg 1024w, https:\/\/quehacerpolitico.mx\/wp-content\/uploads\/2022\/12\/image-300x200.jpeg 300w, https:\/\/quehacerpolitico.mx\/wp-content\/uploads\/2022\/12\/image-768x512.jpeg 768w, https:\/\/quehacerpolitico.mx\/wp-content\/uploads\/2022\/12\/image-1536x1024.jpeg 1536w, https:\/\/quehacerpolitico.mx\/wp-content\/uploads\/2022\/12\/image-219x146.jpeg 219w, https:\/\/quehacerpolitico.mx\/wp-content\/uploads\/2022\/12\/image-50x33.jpeg 50w, https:\/\/quehacerpolitico.mx\/wp-content\/uploads\/2022\/12\/image-113x75.jpeg 113w, https:\/\/quehacerpolitico.mx\/wp-content\/uploads\/2022\/12\/image.jpeg 2048w\" sizes=\"auto, (max-width: 1024px) 100vw, 1024px\" \/><\/figure>\n\n\n\n<p>No le bast\u00f3 el triunfo. Ni reencontrarse consigo mismo, con su car\u00e1cter, con su ambici\u00f3n, superviviente a una pena m\u00e1xima que cometi\u00f3 y par\u00f3 Sergio Rochet e incontestable despu\u00e9s, con dos zarpazos definitivos de Giorgian de Arrascaeta a los que ya no hubo oposici\u00f3n posible de Ghana. Incontestable en su partido. No en el grupo. A la misma hora, Corea del Sur lo elimin\u00f3 frente a Portugal. Tambi\u00e9n al conjunto africano.<\/p>\n\n\n\n<p>De nuevo, en los once metros, en una pena m\u00e1xima, como en 2010, en los cuartos de final de Sud\u00e1frica, estrell\u00f3 sus expectativas el conjunto africano, sobrepasado desde entonces por la parada del guardameta, por la presi\u00f3n, por las circunstancias y por un equipo que jam\u00e1s desiste, como ya anunci\u00f3 Luis Su\u00e1rez en la v\u00edspera, y que tiene futbolistas capaces de proponerse lo que quieran cuando est\u00e1n sobre el terreno de juego, como De Arrascaeta.<\/p>\n\n\n\n<p>El mejor \u201910\u2019 del campeonato brasile\u00f1o, infrautilizado hasta este viernes por Diego Alonso en Qatar 2022, impuso sus goles y su pegada con la naturalidad de un conjunto que, por propio dem\u00e9rito, hab\u00eda surcado las dos primeras jornadas como un colectivo menor, cuando no lo es, como demostr\u00f3 en cuanto se desprendi\u00f3 de la opresi\u00f3n t\u00e1ctica y del miedo, cuando se decidi\u00f3 a jugar mucho m\u00e1s de lo que lo hab\u00eda hecho en tres horas de juego.<\/p>\n\n\n\n<p>Sin margen para la prudencia, sin espacio para el temor, liberado de los complejos, Uruguay transform\u00f3 su actitud ofensiva. Una instant\u00e1nea, del primer minuto, ilustr\u00f3 la diferencia, con todo el equipo celeste en el otro campo a la presi\u00f3n sobre la salida de bal\u00f3n de su adversario, con centrocampistas y delanteros m\u00e1s all\u00e1 del \u00faltimo tercio, con la defensa en la l\u00ednea de medio campo, con la expresividad de esa foto para demostrar la n\u00edtida diferencia.<\/p>\n\n\n\n<figure class=\"wp-block-embed is-type-rich is-provider-twitter wp-block-embed-twitter\"><div class=\"wp-block-embed__wrapper\">\n<blockquote class=\"twitter-tweet\" data-width=\"550\" data-dnt=\"true\"><p lang=\"es\" dir=\"ltr\">\ud83d\udd25 \ud835\udc07\ud835\udc22\ud835\udc2c\ud835\udc2d\ud835\udc28\ud835\udc2b\ud835\udc22\ud835\udc1a \ud835\udc2f\ud835\udc22\ud835\udc2f\ud835\udc1a <a href=\"https:\/\/t.co\/427pl4lYY3\">pic.twitter.com\/427pl4lYY3<\/a><\/p>&mdash; Selecci\u00f3n Uruguaya (@Uruguay) <a href=\"https:\/\/twitter.com\/Uruguay\/status\/1598719123894071304?ref_src=twsrc%5Etfw\">December 2, 2022<\/a><\/blockquote><script async src=\"https:\/\/platform.twitter.com\/widgets.js\" charset=\"utf-8\"><\/script>\n<\/div><\/figure>\n\n\n\n<p>Nada que ver con lo que fue -ni quiso aparentar ante Portugal- en las dos primeras jornadas del Mundial 2022, el motivo por el que su supervivencia pend\u00eda de un hilo. Por una simple cuesti\u00f3n de ambici\u00f3n, tan esencial en s\u00ed misma a la selecci\u00f3n uruguaya. Y de creer en s\u00ed misma, m\u00e1s all\u00e1 de las palabras de las conferencias de prensa. Un hecho irrebatible. Y una esperanza a la que se agarr\u00f3 Uruguay para pensar de verdad en que ten\u00eda una oportunidad.<\/p>\n\n\n\n<p>No fue ninguna garant\u00eda. Ni en un Mundial ni en cualquier partido. Pero fue un paso adelante que se merec\u00eda a s\u00ed misma Uruguay, sometida, de pronto, a su en\u00e9sima prueba de vida, rebasado el primer cuarto de hora. Est\u00e1 en el debe y en el haber del portero Sergio Rochet. Suyo fue el fallo, primero, al no atajar un bal\u00f3n que deb\u00eda haber terminado en sus manos desde cualquier perspectiva posible en este nivel, y suyo fue el penalti que determin\u00f3 el \u00e1rbitro en la revisi\u00f3n televisiva. Suya, tambi\u00e9n, fue la parada con la que revivi\u00f3 su equipo.<\/p>\n\n\n\n<figure class=\"wp-block-embed is-type-rich is-provider-twitter wp-block-embed-twitter\"><div class=\"wp-block-embed__wrapper\">\n<blockquote class=\"twitter-tweet\" data-width=\"550\" data-dnt=\"true\"><p lang=\"it\" dir=\"ltr\">\ud83d\udeab \u00a1\ud835\udde6\ud835\uddd8\ud835\udde5\ud835\uddda\ud835\udddc\ud835\udde2 \ud835\udde5\ud835\udde2\ud835\uddd6\ud835\udddb\ud835\uddd8\ud835\udde7!<a href=\"https:\/\/twitter.com\/hashtag\/ElEquipoQueNosUne?src=hash&amp;ref_src=twsrc%5Etfw\">#ElEquipoQueNosUne<\/a> <a href=\"https:\/\/t.co\/OvIhGTkpUr\">pic.twitter.com\/OvIhGTkpUr<\/a><\/p>&mdash; Selecci\u00f3n Uruguaya (@Uruguay) <a href=\"https:\/\/twitter.com\/Uruguay\/status\/1598699867769012224?ref_src=twsrc%5Etfw\">December 2, 2022<\/a><\/blockquote><script async src=\"https:\/\/platform.twitter.com\/widgets.js\" charset=\"utf-8\"><\/script>\n<\/div><\/figure>\n\n\n\n<p>No ha olvidado Ghana, jam\u00e1s quiz\u00e1 lo har\u00e1, el penalti que fall\u00f3 Asamoah Gyan en los cuartos de final de 2010 contra Uruguay en el \u00faltimo instante de la pr\u00f3rroga, aquella pena m\u00e1xima que a\u00fan desvela, entristece y enrabieta al pa\u00eds. La tensi\u00f3n latente sobre el terreno es una evidencia. Tambi\u00e9n los abucheos a Luis Su\u00e1rez, por aquella mano para la eternidad. En parte, este viernes rememor\u00f3 ese momento, divis\u00f3 el abismo y cay\u00f3 sin remedio a \u00e9l.<\/p>\n\n\n\n<p>La secuencia de acontecimientos lo apabull\u00f3. Del penalti, fallado en el minuto 20 por Andre Ayew, a la descomposici\u00f3n hubo minutos. Un renacimiento para el primer campe\u00f3n del mundo, que percibi\u00f3 la cat\u00e1strofe en s\u00ed mismo, pero despu\u00e9s en su adversario. Y reaccion\u00f3 con una determinaci\u00f3n incontenible, pero tambi\u00e9n con el futbol y con el desborde que le hab\u00eda faltado, conectados en los dos goles con los que De Arrascaeta fulmin\u00f3 a Ghana.<\/p>\n\n\n\n<p>El 0-1, en el minuto 26, fue un contragolpe promovido por Valverde, continuado por Darwin N\u00fa\u00f1ez, permitido por la combinaci\u00f3n de errores en el despeje de dos defensas dentro del \u00e1rea, controlado y rematado por Luis Su\u00e1rez, no del todo parado por Zigi y remachado en \u00faltima instancia, a cent\u00edmetros de la l\u00ednea, con la cabeza, realmente con el alma, por el \u201910\u2019 celeste, que liber\u00f3 expresivamente toda la rabia contenida en los jugadores y en el t\u00e9cnico.<\/p>\n\n\n\n<figure class=\"wp-block-embed is-type-rich is-provider-twitter wp-block-embed-twitter\"><div class=\"wp-block-embed__wrapper\">\n<blockquote class=\"twitter-tweet\" data-width=\"550\" data-dnt=\"true\"><p lang=\"es\" dir=\"ltr\">\ud83e\ude84\ud835\udc38\u0301\ud835\udc59 \ud835\udc66 \ud835\udc60\ud835\udc62\ud835\udc60 \ud835\udc61\ud835\udc5f\ud835\udc62\ud835\udc50\ud835\udc5c\ud835\udc60<a href=\"https:\/\/twitter.com\/hashtag\/ElEquipoQueNosUne?src=hash&amp;ref_src=twsrc%5Etfw\">#ElEquipoQueNosUne<\/a> <a href=\"https:\/\/t.co\/GQ6blczTHH\">pic.twitter.com\/GQ6blczTHH<\/a><\/p>&mdash; Selecci\u00f3n Uruguaya (@Uruguay) <a href=\"https:\/\/twitter.com\/Uruguay\/status\/1598704151462137857?ref_src=twsrc%5Etfw\">December 2, 2022<\/a><\/blockquote><script async src=\"https:\/\/platform.twitter.com\/widgets.js\" charset=\"utf-8\"><\/script>\n<\/div><\/figure>\n\n\n\n<p>El 0-2, unos momentos por encima de la media hora, fue otra combinaci\u00f3n coral, que defini\u00f3 de nuevo De Arrascaeta con una bonita volea con la derecha. Tambi\u00e9n surgi\u00f3 todo de Valverde, que conect\u00f3 entre l\u00edneas con Pellistri, \u00e9ste a su vez con Darwin N\u00fa\u00f1ez al borde del \u00e1rea, que a su vez, a su lado, enlaz\u00f3 con Luis Su\u00e1rez, que m\u00e1s a izquierda, encontr\u00f3 al rematador. Un golazo. No fue suficiente.<\/p>\n\n\n\n<figure class=\"wp-block-embed is-type-rich is-provider-twitter wp-block-embed-twitter\"><div class=\"wp-block-embed__wrapper\">\n<blockquote class=\"twitter-tweet\" data-width=\"550\" data-dnt=\"true\"><p lang=\"es\" dir=\"ltr\">Giorgian est\u00e1 de vuelo. \u2708\ufe0f\ud83c\uddfa\ud83c\uddfe <a href=\"https:\/\/t.co\/lpD2j76Y7h\">pic.twitter.com\/lpD2j76Y7h<\/a><\/p>&mdash; Copa Mundial FIFA \ud83c\udfc6 (@fifaworldcup_es) <a href=\"https:\/\/twitter.com\/fifaworldcup_es\/status\/1598702978785050627?ref_src=twsrc%5Etfw\">December 2, 2022<\/a><\/blockquote><script async src=\"https:\/\/platform.twitter.com\/widgets.js\" charset=\"utf-8\"><\/script>\n<\/div><\/figure>\n\n\n\n<p>Porque, siempre estuvo en el filo en el otro duelo que tambi\u00e9n le afectaba. Necesitaba un gol m\u00e1s Uruguay para no mirar de reojo al otro duelo. Un tanto de la selecci\u00f3n asi\u00e1tica, en el 1-1 que luc\u00eda en el otro partido del grupo contra Portugal, la manten\u00eda en vilo, mientras el \u00e1rbitro obvi\u00f3 un penalti que pareci\u00f3 muy claro a Darwin N\u00fa\u00f1ez, con revisi\u00f3n incluida en el monitor, Pellistri perdon\u00f3 el 3-0, Valverde lanz\u00f3 una potente volea\u2026 Y Corea la elimin\u00f3.<\/p>\n\n\n\n<p>Con informaci\u00f3n de EFE<\/p>\n","protected":false},"excerpt":{"rendered":"<p>Por Redacci\u00f3n QP Uruguay dio cuenta este viernes de su similar de Ghana, pero no&#8230;<\/p>\n","protected":false},"author":2,"featured_media":97509,"comment_status":"open","ping_status":"open","sticky":false,"template":"","format":"standard","meta":{"_monsterinsights_skip_tracking":false,"_monsterinsights_sitenote_active":false,"_monsterinsights_sitenote_note":"","_monsterinsights_sitenote_category":0,"footnotes":""},"categories":[54],"tags":[],"class_list":["post-97508","post","type-post","status-publish","format-standard","has-post-thumbnail","hentry","category-deportes"],"yoast_head":"<!-- This site is optimized with the Yoast SEO plugin v27.3 - https:\/\/yoast.com\/product\/yoast-seo-wordpress\/ -->\n<title>Uruguay queda eliminado de Qatar 2022 -<\/title>\n<meta name=\"robots\" content=\"index, follow, max-snippet:-1, max-image-preview:large, max-video-preview:-1\" \/>\n<link rel=\"canonical\" href=\"https:\/\/quehacerpolitico.mx\/?p=97508\" \/>\n<meta property=\"og:locale\" content=\"es_MX\" \/>\n<meta property=\"og:type\" content=\"article\" \/>\n<meta property=\"og:title\" content=\"Uruguay queda eliminado de Qatar 2022 -\" \/>\n<meta property=\"og:description\" content=\"Por Redacci\u00f3n QP Uruguay dio cuenta este viernes de su similar de Ghana, pero no...\" \/>\n<meta property=\"og:url\" content=\"https:\/\/quehacerpolitico.mx\/?p=97508\" \/>\n<meta property=\"article:published_time\" content=\"2022-12-02T18:35:35+00:00\" \/>\n<meta property=\"article:modified_time\" content=\"2022-12-02T18:35:44+00:00\" \/>\n<meta property=\"og:image\" content=\"https:\/\/quehacerpolitico.mx\/wp-content\/uploads\/2022\/12\/6C68F393-CE0D-4CF2-B2D7-3337F143B8F7.jpeg\" \/>\n\t<meta property=\"og:image:width\" content=\"1800\" \/>\n\t<meta property=\"og:image:height\" content=\"1176\" \/>\n\t<meta property=\"og:image:type\" content=\"image\/jpeg\" \/>\n<meta name=\"author\" content=\"Redacci\u00f3n QP\" \/>\n<meta name=\"twitter:card\" content=\"summary_large_image\" \/>\n<meta name=\"twitter:label1\" content=\"Escrito por\" \/>\n\t<meta name=\"twitter:data1\" content=\"Redacci\u00f3n QP\" \/>\n\t<meta name=\"twitter:label2\" content=\"Tiempo de lectura\" \/>\n\t<meta name=\"twitter:data2\" content=\"7 minutos\" \/>\n<script type=\"application\/ld+json\" class=\"yoast-schema-graph\">{\"@context\":\"https:\\\/\\\/schema.org\",\"@graph\":[{\"@type\":\"Article\",\"@id\":\"https:\\\/\\\/quehacerpolitico.mx\\\/?p=97508#article\",\"isPartOf\":{\"@id\":\"https:\\\/\\\/quehacerpolitico.mx\\\/?p=97508\"},\"author\":{\"name\":\"Redacci\u00f3n QP\",\"@id\":\"https:\\\/\\\/quehacerpolitico.mx\\\/#\\\/schema\\\/person\\\/496d8ad2d1d3f8036101dca7ee39e585\"},\"headline\":\"Uruguay queda eliminado de Qatar 2022\",\"datePublished\":\"2022-12-02T18:35:35+00:00\",\"dateModified\":\"2022-12-02T18:35:44+00:00\",\"mainEntityOfPage\":{\"@id\":\"https:\\\/\\\/quehacerpolitico.mx\\\/?p=97508\"},\"wordCount\":1321,\"commentCount\":0,\"image\":{\"@id\":\"https:\\\/\\\/quehacerpolitico.mx\\\/?p=97508#primaryimage\"},\"thumbnailUrl\":\"https:\\\/\\\/quehacerpolitico.mx\\\/wp-content\\\/uploads\\\/2022\\\/12\\\/6C68F393-CE0D-4CF2-B2D7-3337F143B8F7.jpeg\",\"articleSection\":[\"Deportes\"],\"inLanguage\":\"es\",\"potentialAction\":[{\"@type\":\"CommentAction\",\"name\":\"Comment\",\"target\":[\"https:\\\/\\\/quehacerpolitico.mx\\\/?p=97508#respond\"]}]},{\"@type\":\"WebPage\",\"@id\":\"https:\\\/\\\/quehacerpolitico.mx\\\/?p=97508\",\"url\":\"https:\\\/\\\/quehacerpolitico.mx\\\/?p=97508\",\"name\":\"Uruguay queda eliminado de Qatar 2022 -\",\"isPartOf\":{\"@id\":\"https:\\\/\\\/quehacerpolitico.mx\\\/#website\"},\"primaryImageOfPage\":{\"@id\":\"https:\\\/\\\/quehacerpolitico.mx\\\/?p=97508#primaryimage\"},\"image\":{\"@id\":\"https:\\\/\\\/quehacerpolitico.mx\\\/?p=97508#primaryimage\"},\"thumbnailUrl\":\"https:\\\/\\\/quehacerpolitico.mx\\\/wp-content\\\/uploads\\\/2022\\\/12\\\/6C68F393-CE0D-4CF2-B2D7-3337F143B8F7.jpeg\",\"datePublished\":\"2022-12-02T18:35:35+00:00\",\"dateModified\":\"2022-12-02T18:35:44+00:00\",\"author\":{\"@id\":\"https:\\\/\\\/quehacerpolitico.mx\\\/#\\\/schema\\\/person\\\/496d8ad2d1d3f8036101dca7ee39e585\"},\"breadcrumb\":{\"@id\":\"https:\\\/\\\/quehacerpolitico.mx\\\/?p=97508#breadcrumb\"},\"inLanguage\":\"es\",\"potentialAction\":[{\"@type\":\"ReadAction\",\"target\":[\"https:\\\/\\\/quehacerpolitico.mx\\\/?p=97508\"]}]},{\"@type\":\"ImageObject\",\"inLanguage\":\"es\",\"@id\":\"https:\\\/\\\/quehacerpolitico.mx\\\/?p=97508#primaryimage\",\"url\":\"https:\\\/\\\/quehacerpolitico.mx\\\/wp-content\\\/uploads\\\/2022\\\/12\\\/6C68F393-CE0D-4CF2-B2D7-3337F143B8F7.jpeg\",\"contentUrl\":\"https:\\\/\\\/quehacerpolitico.mx\\\/wp-content\\\/uploads\\\/2022\\\/12\\\/6C68F393-CE0D-4CF2-B2D7-3337F143B8F7.jpeg\",\"width\":1800,\"height\":1176},{\"@type\":\"BreadcrumbList\",\"@id\":\"https:\\\/\\\/quehacerpolitico.mx\\\/?p=97508#breadcrumb\",\"itemListElement\":[{\"@type\":\"ListItem\",\"position\":1,\"name\":\"Inicio\",\"item\":\"https:\\\/\\\/quehacerpolitico.mx\\\/\"},{\"@type\":\"ListItem\",\"position\":2,\"name\":\"Uruguay queda eliminado de Qatar 2022\"}]},{\"@type\":\"WebSite\",\"@id\":\"https:\\\/\\\/quehacerpolitico.mx\\\/#website\",\"url\":\"https:\\\/\\\/quehacerpolitico.mx\\\/\",\"name\":\"\",\"description\":\"\",\"potentialAction\":[{\"@type\":\"SearchAction\",\"target\":{\"@type\":\"EntryPoint\",\"urlTemplate\":\"https:\\\/\\\/quehacerpolitico.mx\\\/?s={search_term_string}\"},\"query-input\":{\"@type\":\"PropertyValueSpecification\",\"valueRequired\":true,\"valueName\":\"search_term_string\"}}],\"inLanguage\":\"es\"},{\"@type\":\"Person\",\"@id\":\"https:\\\/\\\/quehacerpolitico.mx\\\/#\\\/schema\\\/person\\\/496d8ad2d1d3f8036101dca7ee39e585\",\"name\":\"Redacci\u00f3n QP\",\"image\":{\"@type\":\"ImageObject\",\"inLanguage\":\"es\",\"@id\":\"https:\\\/\\\/secure.gravatar.com\\\/avatar\\\/c7164ed6fdec453195284ad24a5ae5b6e1eed2b848477fa2a4787ba9adf39a41?s=96&d=mm&r=g\",\"url\":\"https:\\\/\\\/secure.gravatar.com\\\/avatar\\\/c7164ed6fdec453195284ad24a5ae5b6e1eed2b848477fa2a4787ba9adf39a41?s=96&d=mm&r=g\",\"contentUrl\":\"https:\\\/\\\/secure.gravatar.com\\\/avatar\\\/c7164ed6fdec453195284ad24a5ae5b6e1eed2b848477fa2a4787ba9adf39a41?s=96&d=mm&r=g\",\"caption\":\"Redacci\u00f3n QP\"},\"url\":\"https:\\\/\\\/quehacerpolitico.mx\\\/?author=2\"}]}<\/script>\n<!-- \/ Yoast SEO plugin. -->","yoast_head_json":{"title":"Uruguay queda eliminado de Qatar 2022 -","robots":{"index":"index","follow":"follow","max-snippet":"max-snippet:-1","max-image-preview":"max-image-preview:large","max-video-preview":"max-video-preview:-1"},"canonical":"https:\/\/quehacerpolitico.mx\/?p=97508","og_locale":"es_MX","og_type":"article","og_title":"Uruguay queda eliminado de Qatar 2022 -","og_description":"Por Redacci\u00f3n QP Uruguay dio cuenta este viernes de su similar de Ghana, pero no...","og_url":"https:\/\/quehacerpolitico.mx\/?p=97508","article_published_time":"2022-12-02T18:35:35+00:00","article_modified_time":"2022-12-02T18:35:44+00:00","og_image":[{"width":1800,"height":1176,"url":"https:\/\/quehacerpolitico.mx\/wp-content\/uploads\/2022\/12\/6C68F393-CE0D-4CF2-B2D7-3337F143B8F7.jpeg","type":"image\/jpeg"}],"author":"Redacci\u00f3n QP","twitter_card":"summary_large_image","twitter_misc":{"Escrito por":"Redacci\u00f3n QP","Tiempo de lectura":"7 minutos"},"schema":{"@context":"https:\/\/schema.org","@graph":[{"@type":"Article","@id":"https:\/\/quehacerpolitico.mx\/?p=97508#article","isPartOf":{"@id":"https:\/\/quehacerpolitico.mx\/?p=97508"},"author":{"name":"Redacci\u00f3n QP","@id":"https:\/\/quehacerpolitico.mx\/#\/schema\/person\/496d8ad2d1d3f8036101dca7ee39e585"},"headline":"Uruguay queda eliminado de Qatar 2022","datePublished":"2022-12-02T18:35:35+00:00","dateModified":"2022-12-02T18:35:44+00:00","mainEntityOfPage":{"@id":"https:\/\/quehacerpolitico.mx\/?p=97508"},"wordCount":1321,"commentCount":0,"image":{"@id":"https:\/\/quehacerpolitico.mx\/?p=97508#primaryimage"},"thumbnailUrl":"https:\/\/quehacerpolitico.mx\/wp-content\/uploads\/2022\/12\/6C68F393-CE0D-4CF2-B2D7-3337F143B8F7.jpeg","articleSection":["Deportes"],"inLanguage":"es","potentialAction":[{"@type":"CommentAction","name":"Comment","target":["https:\/\/quehacerpolitico.mx\/?p=97508#respond"]}]},{"@type":"WebPage","@id":"https:\/\/quehacerpolitico.mx\/?p=97508","url":"https:\/\/quehacerpolitico.mx\/?p=97508","name":"Uruguay queda eliminado de Qatar 2022 -","isPartOf":{"@id":"https:\/\/quehacerpolitico.mx\/#website"},"primaryImageOfPage":{"@id":"https:\/\/quehacerpolitico.mx\/?p=97508#primaryimage"},"image":{"@id":"https:\/\/quehacerpolitico.mx\/?p=97508#primaryimage"},"thumbnailUrl":"https:\/\/quehacerpolitico.mx\/wp-content\/uploads\/2022\/12\/6C68F393-CE0D-4CF2-B2D7-3337F143B8F7.jpeg","datePublished":"2022-12-02T18:35:35+00:00","dateModified":"2022-12-02T18:35:44+00:00","author":{"@id":"https:\/\/quehacerpolitico.mx\/#\/schema\/person\/496d8ad2d1d3f8036101dca7ee39e585"},"breadcrumb":{"@id":"https:\/\/quehacerpolitico.mx\/?p=97508#breadcrumb"},"inLanguage":"es","potentialAction":[{"@type":"ReadAction","target":["https:\/\/quehacerpolitico.mx\/?p=97508"]}]},{"@type":"ImageObject","inLanguage":"es","@id":"https:\/\/quehacerpolitico.mx\/?p=97508#primaryimage","url":"https:\/\/quehacerpolitico.mx\/wp-content\/uploads\/2022\/12\/6C68F393-CE0D-4CF2-B2D7-3337F143B8F7.jpeg","contentUrl":"https:\/\/quehacerpolitico.mx\/wp-content\/uploads\/2022\/12\/6C68F393-CE0D-4CF2-B2D7-3337F143B8F7.jpeg","width":1800,"height":1176},{"@type":"BreadcrumbList","@id":"https:\/\/quehacerpolitico.mx\/?p=97508#breadcrumb","itemListElement":[{"@type":"ListItem","position":1,"name":"Inicio","item":"https:\/\/quehacerpolitico.mx\/"},{"@type":"ListItem","position":2,"name":"Uruguay queda eliminado de Qatar 2022"}]},{"@type":"WebSite","@id":"https:\/\/quehacerpolitico.mx\/#website","url":"https:\/\/quehacerpolitico.mx\/","name":"","description":"","potentialAction":[{"@type":"SearchAction","target":{"@type":"EntryPoint","urlTemplate":"https:\/\/quehacerpolitico.mx\/?s={search_term_string}"},"query-input":{"@type":"PropertyValueSpecification","valueRequired":true,"valueName":"search_term_string"}}],"inLanguage":"es"},{"@type":"Person","@id":"https:\/\/quehacerpolitico.mx\/#\/schema\/person\/496d8ad2d1d3f8036101dca7ee39e585","name":"Redacci\u00f3n QP","image":{"@type":"ImageObject","inLanguage":"es","@id":"https:\/\/secure.gravatar.com\/avatar\/c7164ed6fdec453195284ad24a5ae5b6e1eed2b848477fa2a4787ba9adf39a41?s=96&d=mm&r=g","url":"https:\/\/secure.gravatar.com\/avatar\/c7164ed6fdec453195284ad24a5ae5b6e1eed2b848477fa2a4787ba9adf39a41?s=96&d=mm&r=g","contentUrl":"https:\/\/secure.gravatar.com\/avatar\/c7164ed6fdec453195284ad24a5ae5b6e1eed2b848477fa2a4787ba9adf39a41?s=96&d=mm&r=g","caption":"Redacci\u00f3n QP"},"url":"https:\/\/quehacerpolitico.mx\/?author=2"}]}},"featured_image_urls":{"full":["https:\/\/quehacerpolitico.mx\/wp-content\/uploads\/2022\/12\/6C68F393-CE0D-4CF2-B2D7-3337F143B8F7.jpeg",1800,1176,false],"thumbnail":["https:\/\/quehacerpolitico.mx\/wp-content\/uploads\/2022\/12\/6C68F393-CE0D-4CF2-B2D7-3337F143B8F7-150x150.jpeg",150,150,true],"medium":["https:\/\/quehacerpolitico.mx\/wp-content\/uploads\/2022\/12\/6C68F393-CE0D-4CF2-B2D7-3337F143B8F7-300x196.jpeg",300,196,true],"medium_large":["https:\/\/quehacerpolitico.mx\/wp-content\/uploads\/2022\/12\/6C68F393-CE0D-4CF2-B2D7-3337F143B8F7-768x502.jpeg",640,418,true],"large":["https:\/\/quehacerpolitico.mx\/wp-content\/uploads\/2022\/12\/6C68F393-CE0D-4CF2-B2D7-3337F143B8F7-1024x669.jpeg",640,418,true],"1536x1536":["https:\/\/quehacerpolitico.mx\/wp-content\/uploads\/2022\/12\/6C68F393-CE0D-4CF2-B2D7-3337F143B8F7-1536x1004.jpeg",1536,1004,true],"2048x2048":["https:\/\/quehacerpolitico.mx\/wp-content\/uploads\/2022\/12\/6C68F393-CE0D-4CF2-B2D7-3337F143B8F7.jpeg",1800,1176,false],"covernews-featured":["https:\/\/quehacerpolitico.mx\/wp-content\/uploads\/2022\/12\/6C68F393-CE0D-4CF2-B2D7-3337F143B8F7.jpeg",1024,669,false],"covernews-medium":["https:\/\/quehacerpolitico.mx\/wp-content\/uploads\/2022\/12\/6C68F393-CE0D-4CF2-B2D7-3337F143B8F7.jpeg",520,340,false]},"author_info":{"display_name":"Redacci\u00f3n QP","author_link":"https:\/\/quehacerpolitico.mx\/?author=2"},"category_info":"<a href=\"https:\/\/quehacerpolitico.mx\/?cat=54\" rel=\"category\">Deportes<\/a>","tag_info":"Deportes","comment_count":"0","_links":{"self":[{"href":"https:\/\/quehacerpolitico.mx\/index.php?rest_route=\/wp\/v2\/posts\/97508","targetHints":{"allow":["GET"]}}],"collection":[{"href":"https:\/\/quehacerpolitico.mx\/index.php?rest_route=\/wp\/v2\/posts"}],"about":[{"href":"https:\/\/quehacerpolitico.mx\/index.php?rest_route=\/wp\/v2\/types\/post"}],"author":[{"embeddable":true,"href":"https:\/\/quehacerpolitico.mx\/index.php?rest_route=\/wp\/v2\/users\/2"}],"replies":[{"embeddable":true,"href":"https:\/\/quehacerpolitico.mx\/index.php?rest_route=%2Fwp%2Fv2%2Fcomments&post=97508"}],"version-history":[{"count":1,"href":"https:\/\/quehacerpolitico.mx\/index.php?rest_route=\/wp\/v2\/posts\/97508\/revisions"}],"predecessor-version":[{"id":97512,"href":"https:\/\/quehacerpolitico.mx\/index.php?rest_route=\/wp\/v2\/posts\/97508\/revisions\/97512"}],"wp:featuredmedia":[{"embeddable":true,"href":"https:\/\/quehacerpolitico.mx\/index.php?rest_route=\/wp\/v2\/media\/97509"}],"wp:attachment":[{"href":"https:\/\/quehacerpolitico.mx\/index.php?rest_route=%2Fwp%2Fv2%2Fmedia&parent=97508"}],"wp:term":[{"taxonomy":"category","embeddable":true,"href":"https:\/\/quehacerpolitico.mx\/index.php?rest_route=%2Fwp%2Fv2%2Fcategories&post=97508"},{"taxonomy":"post_tag","embeddable":true,"href":"https:\/\/quehacerpolitico.mx\/index.php?rest_route=%2Fwp%2Fv2%2Ftags&post=97508"}],"curies":[{"name":"wp","href":"https:\/\/api.w.org\/{rel}","templated":true}]}}