{"id":97495,"date":"2022-12-02T00:31:43","date_gmt":"2022-12-02T00:31:43","guid":{"rendered":"https:\/\/quehacerpolitico.mx\/?p=97495"},"modified":"2022-12-02T00:31:46","modified_gmt":"2022-12-02T00:31:46","slug":"es-inminente-el-adios-al-tata-martino-jaime-ordiales","status":"publish","type":"post","link":"https:\/\/quehacerpolitico.mx\/?p=97495","title":{"rendered":"Es inminente el adi\u00f3s al Tata Martino: Jaime Ordiales"},"content":{"rendered":"\n<p>Por Redacci\u00f3n QP<\/p>\n\n\n\n<p>Jaime Ordiales confirma la salida del entrenador tras la eliminaci\u00f3n de la Selecci\u00f3n Mexicana de Qatar 2022<\/p>\n\n\n\n<p>Era insostenible, su proceso de por s\u00ed ya generaba dudas desde la Eliminatoria previa al Mundial y ahora en\u00a0Qatar 2022 <strong>se fracas\u00f3 al no clasificar a Octavos de Final y quedarse en fase de grupos.<\/strong>Convoc\u00f3 a jugadores en mal momento, lesionados o que quiz\u00e1s no lo merec\u00edan, y al contrario, no llev\u00f3 a jugadores con mejor rendimiento. Por eso y por el entorno ennegrecido que se viv\u00eda a su alrededor, se determin\u00f3 no renovarle el contrato a\u00a0Gerardo \u201cTata\u201d Martino, quien\u00a0<strong>ya se despidi\u00f3 de todos y cada uno de los jugadores, del staff y de la directiva.<\/strong><\/p>\n\n\n\n<p>Y fue Jaime Ordiales, director de selecciones nacionales quien se\u00f1alo que &#8220;\u00e9l termin\u00f3 contrato ayer,\u00a0<strong>\u00e9l sabe que el entorno tan negativo, la situaci\u00f3n de un fracaso como el que se vive, era pr\u00e1cticamente imposible que continuara,<\/strong>\u00a0por \u00e9l y por el entorno que tenemos y m\u00e1s all\u00e1 de lo que podemos sentir al verlo trabajar, pero aun as\u00ed creemos que lo m\u00e1s conveniente para todos ser\u00eda que no continuara&#8221;.<\/p>\n\n\n\n<figure class=\"wp-block-embed is-type-video is-provider-youtube wp-block-embed-youtube wp-embed-aspect-16-9 wp-has-aspect-ratio\"><div class=\"wp-block-embed__wrapper\">\n<iframe loading=\"lazy\" title=\"DAN LA CARA Yon de Luisa y Jaime Ordiales tras la ELIMINACI\u00d3N del Tri\" width=\"640\" height=\"360\" src=\"https:\/\/www.youtube.com\/embed\/xE6obW2X1nI?feature=oembed\" frameborder=\"0\" allow=\"accelerometer; autoplay; clipboard-write; encrypted-media; gyroscope; picture-in-picture; web-share\" referrerpolicy=\"strict-origin-when-cross-origin\" allowfullscreen><\/iframe>\n<\/div><\/figure>\n\n\n\n<p>El directivo mexicano reconoci\u00f3 el fracaso de todos en el Mundial, pero si los resultados no lo acompa\u00f1an, era complicado, por no decir imposible que el timonel continuara en su puesto, es por eso que\u00a0<strong>desde ahora se busca un nuevo director t\u00e9cnico<\/strong>\u00a0para el\u00a0Tricolor<\/p>\n\n\n\n<p>&#8220;Lo reconocemos como un gran t\u00e9cnico, que tiene un gran cuerpo t\u00e9cnico, trabajador, muy capaz.\u00a0 Pero si no se alcanzan los resultados, es complicado (seguir). \u00c9l lo manifest\u00f3 ayer. Fallamos todos, es verdad y quiz\u00e1 hay que valorar los procesos, pero los resultados son los\u00a0que\u00a0mandan&#8221;.<\/p>\n","protected":false},"excerpt":{"rendered":"<p>Por Redacci\u00f3n QP Jaime Ordiales confirma la salida del entrenador tras la eliminaci\u00f3n de la&#8230;<\/p>\n","protected":false},"author":2,"featured_media":97496,"comment_status":"open","ping_status":"open","sticky":false,"template":"","format":"standard","meta":{"_monsterinsights_skip_tracking":false,"_monsterinsights_sitenote_active":false,"_monsterinsights_sitenote_note":"","_monsterinsights_sitenote_category":0,"footnotes":""},"categories":[54],"tags":[],"class_list":["post-97495","post","type-post","status-publish","format-standard","has-post-thumbnail","hentry","category-deportes"],"yoast_head":"<!-- This site is optimized with the Yoast SEO plugin v27.3 - https:\/\/yoast.com\/product\/yoast-seo-wordpress\/ -->\n<title>Es inminente el adi\u00f3s al Tata Martino: Jaime Ordiales -<\/title>\n<meta name=\"robots\" content=\"index, follow, max-snippet:-1, max-image-preview:large, max-video-preview:-1\" \/>\n<link rel=\"canonical\" href=\"https:\/\/quehacerpolitico.mx\/?p=97495\" \/>\n<meta property=\"og:locale\" content=\"es_MX\" \/>\n<meta property=\"og:type\" content=\"article\" \/>\n<meta property=\"og:title\" content=\"Es inminente el adi\u00f3s al Tata Martino: Jaime Ordiales -\" \/>\n<meta property=\"og:description\" content=\"Por Redacci\u00f3n QP Jaime Ordiales confirma la salida del entrenador tras la eliminaci\u00f3n de la...\" \/>\n<meta property=\"og:url\" content=\"https:\/\/quehacerpolitico.mx\/?p=97495\" \/>\n<meta property=\"article:published_time\" content=\"2022-12-02T00:31:43+00:00\" \/>\n<meta property=\"article:modified_time\" content=\"2022-12-02T00:31:46+00:00\" \/>\n<meta property=\"og:image\" content=\"https:\/\/quehacerpolitico.mx\/wp-content\/uploads\/2022\/12\/3984266A-FF87-484D-8079-23052893C19C.jpeg\" \/>\n\t<meta property=\"og:image:width\" content=\"1167\" \/>\n\t<meta property=\"og:image:height\" content=\"669\" \/>\n\t<meta property=\"og:image:type\" content=\"image\/jpeg\" \/>\n<meta name=\"author\" content=\"Redacci\u00f3n QP\" \/>\n<meta name=\"twitter:card\" content=\"summary_large_image\" \/>\n<meta name=\"twitter:label1\" content=\"Escrito por\" \/>\n\t<meta name=\"twitter:data1\" content=\"Redacci\u00f3n QP\" \/>\n\t<meta name=\"twitter:label2\" content=\"Tiempo de lectura\" \/>\n\t<meta name=\"twitter:data2\" content=\"2 minutos\" \/>\n<script type=\"application\/ld+json\" class=\"yoast-schema-graph\">{\"@context\":\"https:\\\/\\\/schema.org\",\"@graph\":[{\"@type\":\"Article\",\"@id\":\"https:\\\/\\\/quehacerpolitico.mx\\\/?p=97495#article\",\"isPartOf\":{\"@id\":\"https:\\\/\\\/quehacerpolitico.mx\\\/?p=97495\"},\"author\":{\"name\":\"Redacci\u00f3n QP\",\"@id\":\"https:\\\/\\\/quehacerpolitico.mx\\\/#\\\/schema\\\/person\\\/496d8ad2d1d3f8036101dca7ee39e585\"},\"headline\":\"Es inminente el adi\u00f3s al Tata Martino: Jaime Ordiales\",\"datePublished\":\"2022-12-02T00:31:43+00:00\",\"dateModified\":\"2022-12-02T00:31:46+00:00\",\"mainEntityOfPage\":{\"@id\":\"https:\\\/\\\/quehacerpolitico.mx\\\/?p=97495\"},\"wordCount\":314,\"commentCount\":0,\"image\":{\"@id\":\"https:\\\/\\\/quehacerpolitico.mx\\\/?p=97495#primaryimage\"},\"thumbnailUrl\":\"https:\\\/\\\/quehacerpolitico.mx\\\/wp-content\\\/uploads\\\/2022\\\/12\\\/3984266A-FF87-484D-8079-23052893C19C.jpeg\",\"articleSection\":[\"Deportes\"],\"inLanguage\":\"es\",\"potentialAction\":[{\"@type\":\"CommentAction\",\"name\":\"Comment\",\"target\":[\"https:\\\/\\\/quehacerpolitico.mx\\\/?p=97495#respond\"]}]},{\"@type\":\"WebPage\",\"@id\":\"https:\\\/\\\/quehacerpolitico.mx\\\/?p=97495\",\"url\":\"https:\\\/\\\/quehacerpolitico.mx\\\/?p=97495\",\"name\":\"Es inminente el adi\u00f3s al Tata Martino: Jaime Ordiales -\",\"isPartOf\":{\"@id\":\"https:\\\/\\\/quehacerpolitico.mx\\\/#website\"},\"primaryImageOfPage\":{\"@id\":\"https:\\\/\\\/quehacerpolitico.mx\\\/?p=97495#primaryimage\"},\"image\":{\"@id\":\"https:\\\/\\\/quehacerpolitico.mx\\\/?p=97495#primaryimage\"},\"thumbnailUrl\":\"https:\\\/\\\/quehacerpolitico.mx\\\/wp-content\\\/uploads\\\/2022\\\/12\\\/3984266A-FF87-484D-8079-23052893C19C.jpeg\",\"datePublished\":\"2022-12-02T00:31:43+00:00\",\"dateModified\":\"2022-12-02T00:31:46+00:00\",\"author\":{\"@id\":\"https:\\\/\\\/quehacerpolitico.mx\\\/#\\\/schema\\\/person\\\/496d8ad2d1d3f8036101dca7ee39e585\"},\"breadcrumb\":{\"@id\":\"https:\\\/\\\/quehacerpolitico.mx\\\/?p=97495#breadcrumb\"},\"inLanguage\":\"es\",\"potentialAction\":[{\"@type\":\"ReadAction\",\"target\":[\"https:\\\/\\\/quehacerpolitico.mx\\\/?p=97495\"]}]},{\"@type\":\"ImageObject\",\"inLanguage\":\"es\",\"@id\":\"https:\\\/\\\/quehacerpolitico.mx\\\/?p=97495#primaryimage\",\"url\":\"https:\\\/\\\/quehacerpolitico.mx\\\/wp-content\\\/uploads\\\/2022\\\/12\\\/3984266A-FF87-484D-8079-23052893C19C.jpeg\",\"contentUrl\":\"https:\\\/\\\/quehacerpolitico.mx\\\/wp-content\\\/uploads\\\/2022\\\/12\\\/3984266A-FF87-484D-8079-23052893C19C.jpeg\",\"width\":1167,\"height\":669},{\"@type\":\"BreadcrumbList\",\"@id\":\"https:\\\/\\\/quehacerpolitico.mx\\\/?p=97495#breadcrumb\",\"itemListElement\":[{\"@type\":\"ListItem\",\"position\":1,\"name\":\"Inicio\",\"item\":\"https:\\\/\\\/quehacerpolitico.mx\\\/\"},{\"@type\":\"ListItem\",\"position\":2,\"name\":\"Es inminente el adi\u00f3s al Tata Martino: Jaime Ordiales\"}]},{\"@type\":\"WebSite\",\"@id\":\"https:\\\/\\\/quehacerpolitico.mx\\\/#website\",\"url\":\"https:\\\/\\\/quehacerpolitico.mx\\\/\",\"name\":\"\",\"description\":\"\",\"potentialAction\":[{\"@type\":\"SearchAction\",\"target\":{\"@type\":\"EntryPoint\",\"urlTemplate\":\"https:\\\/\\\/quehacerpolitico.mx\\\/?s={search_term_string}\"},\"query-input\":{\"@type\":\"PropertyValueSpecification\",\"valueRequired\":true,\"valueName\":\"search_term_string\"}}],\"inLanguage\":\"es\"},{\"@type\":\"Person\",\"@id\":\"https:\\\/\\\/quehacerpolitico.mx\\\/#\\\/schema\\\/person\\\/496d8ad2d1d3f8036101dca7ee39e585\",\"name\":\"Redacci\u00f3n QP\",\"image\":{\"@type\":\"ImageObject\",\"inLanguage\":\"es\",\"@id\":\"https:\\\/\\\/secure.gravatar.com\\\/avatar\\\/c7164ed6fdec453195284ad24a5ae5b6e1eed2b848477fa2a4787ba9adf39a41?s=96&d=mm&r=g\",\"url\":\"https:\\\/\\\/secure.gravatar.com\\\/avatar\\\/c7164ed6fdec453195284ad24a5ae5b6e1eed2b848477fa2a4787ba9adf39a41?s=96&d=mm&r=g\",\"contentUrl\":\"https:\\\/\\\/secure.gravatar.com\\\/avatar\\\/c7164ed6fdec453195284ad24a5ae5b6e1eed2b848477fa2a4787ba9adf39a41?s=96&d=mm&r=g\",\"caption\":\"Redacci\u00f3n QP\"},\"url\":\"https:\\\/\\\/quehacerpolitico.mx\\\/?author=2\"}]}<\/script>\n<!-- \/ Yoast SEO plugin. -->","yoast_head_json":{"title":"Es inminente el adi\u00f3s al Tata Martino: Jaime Ordiales -","robots":{"index":"index","follow":"follow","max-snippet":"max-snippet:-1","max-image-preview":"max-image-preview:large","max-video-preview":"max-video-preview:-1"},"canonical":"https:\/\/quehacerpolitico.mx\/?p=97495","og_locale":"es_MX","og_type":"article","og_title":"Es inminente el adi\u00f3s al Tata Martino: Jaime Ordiales -","og_description":"Por Redacci\u00f3n QP Jaime Ordiales confirma la salida del entrenador tras la eliminaci\u00f3n de la...","og_url":"https:\/\/quehacerpolitico.mx\/?p=97495","article_published_time":"2022-12-02T00:31:43+00:00","article_modified_time":"2022-12-02T00:31:46+00:00","og_image":[{"width":1167,"height":669,"url":"https:\/\/quehacerpolitico.mx\/wp-content\/uploads\/2022\/12\/3984266A-FF87-484D-8079-23052893C19C.jpeg","type":"image\/jpeg"}],"author":"Redacci\u00f3n QP","twitter_card":"summary_large_image","twitter_misc":{"Escrito por":"Redacci\u00f3n QP","Tiempo de lectura":"2 minutos"},"schema":{"@context":"https:\/\/schema.org","@graph":[{"@type":"Article","@id":"https:\/\/quehacerpolitico.mx\/?p=97495#article","isPartOf":{"@id":"https:\/\/quehacerpolitico.mx\/?p=97495"},"author":{"name":"Redacci\u00f3n QP","@id":"https:\/\/quehacerpolitico.mx\/#\/schema\/person\/496d8ad2d1d3f8036101dca7ee39e585"},"headline":"Es inminente el adi\u00f3s al Tata Martino: Jaime Ordiales","datePublished":"2022-12-02T00:31:43+00:00","dateModified":"2022-12-02T00:31:46+00:00","mainEntityOfPage":{"@id":"https:\/\/quehacerpolitico.mx\/?p=97495"},"wordCount":314,"commentCount":0,"image":{"@id":"https:\/\/quehacerpolitico.mx\/?p=97495#primaryimage"},"thumbnailUrl":"https:\/\/quehacerpolitico.mx\/wp-content\/uploads\/2022\/12\/3984266A-FF87-484D-8079-23052893C19C.jpeg","articleSection":["Deportes"],"inLanguage":"es","potentialAction":[{"@type":"CommentAction","name":"Comment","target":["https:\/\/quehacerpolitico.mx\/?p=97495#respond"]}]},{"@type":"WebPage","@id":"https:\/\/quehacerpolitico.mx\/?p=97495","url":"https:\/\/quehacerpolitico.mx\/?p=97495","name":"Es inminente el adi\u00f3s al Tata Martino: Jaime Ordiales -","isPartOf":{"@id":"https:\/\/quehacerpolitico.mx\/#website"},"primaryImageOfPage":{"@id":"https:\/\/quehacerpolitico.mx\/?p=97495#primaryimage"},"image":{"@id":"https:\/\/quehacerpolitico.mx\/?p=97495#primaryimage"},"thumbnailUrl":"https:\/\/quehacerpolitico.mx\/wp-content\/uploads\/2022\/12\/3984266A-FF87-484D-8079-23052893C19C.jpeg","datePublished":"2022-12-02T00:31:43+00:00","dateModified":"2022-12-02T00:31:46+00:00","author":{"@id":"https:\/\/quehacerpolitico.mx\/#\/schema\/person\/496d8ad2d1d3f8036101dca7ee39e585"},"breadcrumb":{"@id":"https:\/\/quehacerpolitico.mx\/?p=97495#breadcrumb"},"inLanguage":"es","potentialAction":[{"@type":"ReadAction","target":["https:\/\/quehacerpolitico.mx\/?p=97495"]}]},{"@type":"ImageObject","inLanguage":"es","@id":"https:\/\/quehacerpolitico.mx\/?p=97495#primaryimage","url":"https:\/\/quehacerpolitico.mx\/wp-content\/uploads\/2022\/12\/3984266A-FF87-484D-8079-23052893C19C.jpeg","contentUrl":"https:\/\/quehacerpolitico.mx\/wp-content\/uploads\/2022\/12\/3984266A-FF87-484D-8079-23052893C19C.jpeg","width":1167,"height":669},{"@type":"BreadcrumbList","@id":"https:\/\/quehacerpolitico.mx\/?p=97495#breadcrumb","itemListElement":[{"@type":"ListItem","position":1,"name":"Inicio","item":"https:\/\/quehacerpolitico.mx\/"},{"@type":"ListItem","position":2,"name":"Es inminente el adi\u00f3s al Tata Martino: Jaime Ordiales"}]},{"@type":"WebSite","@id":"https:\/\/quehacerpolitico.mx\/#website","url":"https:\/\/quehacerpolitico.mx\/","name":"","description":"","potentialAction":[{"@type":"SearchAction","target":{"@type":"EntryPoint","urlTemplate":"https:\/\/quehacerpolitico.mx\/?s={search_term_string}"},"query-input":{"@type":"PropertyValueSpecification","valueRequired":true,"valueName":"search_term_string"}}],"inLanguage":"es"},{"@type":"Person","@id":"https:\/\/quehacerpolitico.mx\/#\/schema\/person\/496d8ad2d1d3f8036101dca7ee39e585","name":"Redacci\u00f3n QP","image":{"@type":"ImageObject","inLanguage":"es","@id":"https:\/\/secure.gravatar.com\/avatar\/c7164ed6fdec453195284ad24a5ae5b6e1eed2b848477fa2a4787ba9adf39a41?s=96&d=mm&r=g","url":"https:\/\/secure.gravatar.com\/avatar\/c7164ed6fdec453195284ad24a5ae5b6e1eed2b848477fa2a4787ba9adf39a41?s=96&d=mm&r=g","contentUrl":"https:\/\/secure.gravatar.com\/avatar\/c7164ed6fdec453195284ad24a5ae5b6e1eed2b848477fa2a4787ba9adf39a41?s=96&d=mm&r=g","caption":"Redacci\u00f3n QP"},"url":"https:\/\/quehacerpolitico.mx\/?author=2"}]}},"featured_image_urls":{"full":["https:\/\/quehacerpolitico.mx\/wp-content\/uploads\/2022\/12\/3984266A-FF87-484D-8079-23052893C19C.jpeg",1167,669,false],"thumbnail":["https:\/\/quehacerpolitico.mx\/wp-content\/uploads\/2022\/12\/3984266A-FF87-484D-8079-23052893C19C-150x150.jpeg",150,150,true],"medium":["https:\/\/quehacerpolitico.mx\/wp-content\/uploads\/2022\/12\/3984266A-FF87-484D-8079-23052893C19C-300x172.jpeg",300,172,true],"medium_large":["https:\/\/quehacerpolitico.mx\/wp-content\/uploads\/2022\/12\/3984266A-FF87-484D-8079-23052893C19C-768x440.jpeg",640,367,true],"large":["https:\/\/quehacerpolitico.mx\/wp-content\/uploads\/2022\/12\/3984266A-FF87-484D-8079-23052893C19C-1024x587.jpeg",640,367,true],"1536x1536":["https:\/\/quehacerpolitico.mx\/wp-content\/uploads\/2022\/12\/3984266A-FF87-484D-8079-23052893C19C.jpeg",1167,669,false],"2048x2048":["https:\/\/quehacerpolitico.mx\/wp-content\/uploads\/2022\/12\/3984266A-FF87-484D-8079-23052893C19C.jpeg",1167,669,false],"covernews-featured":["https:\/\/quehacerpolitico.mx\/wp-content\/uploads\/2022\/12\/3984266A-FF87-484D-8079-23052893C19C.jpeg",1024,587,false],"covernews-medium":["https:\/\/quehacerpolitico.mx\/wp-content\/uploads\/2022\/12\/3984266A-FF87-484D-8079-23052893C19C.jpeg",540,310,false]},"author_info":{"display_name":"Redacci\u00f3n QP","author_link":"https:\/\/quehacerpolitico.mx\/?author=2"},"category_info":"<a href=\"https:\/\/quehacerpolitico.mx\/?cat=54\" rel=\"category\">Deportes<\/a>","tag_info":"Deportes","comment_count":"0","_links":{"self":[{"href":"https:\/\/quehacerpolitico.mx\/index.php?rest_route=\/wp\/v2\/posts\/97495","targetHints":{"allow":["GET"]}}],"collection":[{"href":"https:\/\/quehacerpolitico.mx\/index.php?rest_route=\/wp\/v2\/posts"}],"about":[{"href":"https:\/\/quehacerpolitico.mx\/index.php?rest_route=\/wp\/v2\/types\/post"}],"author":[{"embeddable":true,"href":"https:\/\/quehacerpolitico.mx\/index.php?rest_route=\/wp\/v2\/users\/2"}],"replies":[{"embeddable":true,"href":"https:\/\/quehacerpolitico.mx\/index.php?rest_route=%2Fwp%2Fv2%2Fcomments&post=97495"}],"version-history":[{"count":1,"href":"https:\/\/quehacerpolitico.mx\/index.php?rest_route=\/wp\/v2\/posts\/97495\/revisions"}],"predecessor-version":[{"id":97497,"href":"https:\/\/quehacerpolitico.mx\/index.php?rest_route=\/wp\/v2\/posts\/97495\/revisions\/97497"}],"wp:featuredmedia":[{"embeddable":true,"href":"https:\/\/quehacerpolitico.mx\/index.php?rest_route=\/wp\/v2\/media\/97496"}],"wp:attachment":[{"href":"https:\/\/quehacerpolitico.mx\/index.php?rest_route=%2Fwp%2Fv2%2Fmedia&parent=97495"}],"wp:term":[{"taxonomy":"category","embeddable":true,"href":"https:\/\/quehacerpolitico.mx\/index.php?rest_route=%2Fwp%2Fv2%2Fcategories&post=97495"},{"taxonomy":"post_tag","embeddable":true,"href":"https:\/\/quehacerpolitico.mx\/index.php?rest_route=%2Fwp%2Fv2%2Ftags&post=97495"}],"curies":[{"name":"wp","href":"https:\/\/api.w.org\/{rel}","templated":true}]}}