{"id":97485,"date":"2022-12-01T20:00:54","date_gmt":"2022-12-01T20:00:54","guid":{"rendered":"https:\/\/quehacerpolitico.mx\/?p=97485"},"modified":"2022-12-01T20:00:59","modified_gmt":"2022-12-01T20:00:59","slug":"mucha-aficion-para-tan-poco-futbol-lopez-obrador-tras-derrota-de-mexico","status":"publish","type":"post","link":"https:\/\/quehacerpolitico.mx\/?p=97485","title":{"rendered":"&#8220;Mucha afici\u00f3n para tan poco futbol&#8221;: L\u00f3pez Obrador tras derrota de M\u00e9xico"},"content":{"rendered":"\n<p>Por Redacci\u00f3n QP<\/p>\n\n\n\n<p>L\u00f3pez Obrador\u00a0pide que se formen &#8220;buenos futbolistas&#8221; en el pa\u00eds, luego de los resultados de la Selecci\u00f3n Mexicana de ayer<\/p>\n\n\n\n<p>El Presidente\u00a0Andres Manuel Lopez Obrador pidi\u00f3 este jueves\u00a0<strong>que se formen &#8220;buenos futbolistas&#8221; en el pa\u00eds<\/strong>, luego de la\u00a0eliminaci\u00f3n de la Selecci\u00f3n Mexicana en la fase de grupos del mundial Qatar 2022.<\/p>\n\n\n\n<p><strong>&#8220;Hay mucha afici\u00f3n para tan poco desarrollo deportivo en esta disciplina, entonces lo que se tiene que hacer, por respeto a la gente, es formar buenos futbolistas, que se puedan crear escuelas y que se destinen recursos con ese prop\u00f3sito, pero eso corresponde al sector privado&#8221;<\/strong>, afirm\u00f3 el mandatario durante su rueda de prensa matutina desde el Palacio Nacional.<\/p>\n\n\n\n<figure class=\"wp-block-embed is-type-rich is-provider-twitter wp-block-embed-twitter\"><div class=\"wp-block-embed__wrapper\">\n<blockquote class=\"twitter-tweet\" data-width=\"550\" data-dnt=\"true\"><p lang=\"es\" dir=\"ltr\">&quot;Hay mucha afici\u00f3n para tan poco desarrollo deportivo&quot;<br><br>Es la opini\u00f3n que tiene AMLO sobre los resultados de M\u00e9xico en <a href=\"https:\/\/twitter.com\/hashtag\/Qatar2022?src=hash&amp;ref_src=twsrc%5Etfw\">#Qatar2022<\/a>, aunque dijo que la Selecci\u00f3n Mexicana jug\u00f3 muy bien ayer. <a href=\"https:\/\/t.co\/rHTWw38WvD\">pic.twitter.com\/rHTWw38WvD<\/a><\/p>&mdash; Ruido en la Red (@RuidoEnLaRed) <a href=\"https:\/\/twitter.com\/RuidoEnLaRed\/status\/1598321724751511554?ref_src=twsrc%5Etfw\">December 1, 2022<\/a><\/blockquote><script async src=\"https:\/\/platform.twitter.com\/widgets.js\" charset=\"utf-8\"><\/script>\n<\/div><\/figure>\n\n\n\n<p>No obstante, L\u00f3pez Obrador\u00a0<strong>reiter\u00f3 su felicitaci\u00f3n al combinado nacional<\/strong>\u00a0por lo que mostr\u00f3 durante la competencia mundialista, pese a que no lograron clasificar a la siguiente ronda del evento.<\/p>\n\n\n\n<p><strong>&#8220;Los felicit\u00e9 porque ayer jugaron muy bien, muy bien, nos dieron momentos de alegr\u00eda, de felicidad, tambi\u00e9n de esperanza&#8221;<\/strong>, indic\u00f3.<\/p>\n\n\n\n<p>El Tri gan\u00f3 este mi\u00e9rcoles por 2-1 ante Arabia Saud\u00ed y a pesar de ello qued\u00f3 fuera de la Copa del Mundo porque Polonia fue segundo del Grupo C por mejor diferencia de goles.<\/p>\n\n\n\n<p>Henry Mart\u00edn y Luis Ch\u00e1vez fueron los anotadores tricolores, mientras que Salem Al-Dawsari fue el que descont\u00f3 por los saud\u00edes.<\/p>\n\n\n\n<p><strong>En Qatar 2022, M\u00e9xico vio cortada una racha de siete mundiales en los que se clasific\u00f3 de forma consecutiva a los octavos de final<\/strong>, una marca que solo presum\u00eda con Brasil.<\/p>\n\n\n\n<p>Adem\u00e1s, la ca\u00edda en Qatar&nbsp;<strong>marc\u00f3 el final de la gesti\u00f3n del argentino Gerardo Martino<\/strong>&nbsp;como seleccionador de M\u00e9xico, con lo que puso fin a un proceso que se inici\u00f3 en 2019.<\/p>\n\n\n\n<p>Martino asumi\u00f3 el fracaso de los mexicanos en Qatar 2022, en el que solamente anotaron dos goles en tres partidos, mientras que recibieron tres.<\/p>\n\n\n\n<p>Con Informaci\u00f3n de EFE<\/p>\n","protected":false},"excerpt":{"rendered":"<p>Por Redacci\u00f3n QP L\u00f3pez Obrador\u00a0pide que se formen &#8220;buenos futbolistas&#8221; en el pa\u00eds, luego de&#8230;<\/p>\n","protected":false},"author":2,"featured_media":97486,"comment_status":"open","ping_status":"open","sticky":false,"template":"","format":"standard","meta":{"_monsterinsights_skip_tracking":false,"_monsterinsights_sitenote_active":false,"_monsterinsights_sitenote_note":"","_monsterinsights_sitenote_category":0,"footnotes":""},"categories":[2],"tags":[],"class_list":["post-97485","post","type-post","status-publish","format-standard","has-post-thumbnail","hentry","category-noticias"],"yoast_head":"<!-- This site is optimized with the Yoast SEO plugin v27.3 - https:\/\/yoast.com\/product\/yoast-seo-wordpress\/ -->\n<title>&quot;Mucha afici\u00f3n para tan poco futbol&quot;: L\u00f3pez Obrador tras derrota de M\u00e9xico -<\/title>\n<meta name=\"robots\" content=\"index, follow, max-snippet:-1, max-image-preview:large, max-video-preview:-1\" \/>\n<link rel=\"canonical\" href=\"https:\/\/quehacerpolitico.mx\/?p=97485\" \/>\n<meta property=\"og:locale\" content=\"es_MX\" \/>\n<meta property=\"og:type\" content=\"article\" \/>\n<meta property=\"og:title\" content=\"&quot;Mucha afici\u00f3n para tan poco futbol&quot;: L\u00f3pez Obrador tras derrota de M\u00e9xico -\" \/>\n<meta property=\"og:description\" content=\"Por Redacci\u00f3n QP L\u00f3pez Obrador\u00a0pide que se formen &#8220;buenos futbolistas&#8221; en el pa\u00eds, luego de...\" \/>\n<meta property=\"og:url\" content=\"https:\/\/quehacerpolitico.mx\/?p=97485\" \/>\n<meta property=\"article:published_time\" content=\"2022-12-01T20:00:54+00:00\" \/>\n<meta property=\"article:modified_time\" content=\"2022-12-01T20:00:59+00:00\" \/>\n<meta property=\"og:image\" content=\"https:\/\/quehacerpolitico.mx\/wp-content\/uploads\/2022\/12\/114E1F0A-C8DC-4033-820F-173654BCF056.jpeg\" \/>\n\t<meta property=\"og:image:width\" content=\"739\" \/>\n\t<meta property=\"og:image:height\" content=\"415\" \/>\n\t<meta property=\"og:image:type\" content=\"image\/jpeg\" \/>\n<meta name=\"author\" content=\"Redacci\u00f3n QP\" \/>\n<meta name=\"twitter:card\" content=\"summary_large_image\" \/>\n<meta name=\"twitter:label1\" content=\"Escrito por\" \/>\n\t<meta name=\"twitter:data1\" content=\"Redacci\u00f3n QP\" \/>\n\t<meta name=\"twitter:label2\" content=\"Tiempo de lectura\" \/>\n\t<meta name=\"twitter:data2\" content=\"2 minutos\" \/>\n<script type=\"application\/ld+json\" class=\"yoast-schema-graph\">{\"@context\":\"https:\\\/\\\/schema.org\",\"@graph\":[{\"@type\":\"Article\",\"@id\":\"https:\\\/\\\/quehacerpolitico.mx\\\/?p=97485#article\",\"isPartOf\":{\"@id\":\"https:\\\/\\\/quehacerpolitico.mx\\\/?p=97485\"},\"author\":{\"name\":\"Redacci\u00f3n QP\",\"@id\":\"https:\\\/\\\/quehacerpolitico.mx\\\/#\\\/schema\\\/person\\\/496d8ad2d1d3f8036101dca7ee39e585\"},\"headline\":\"&#8220;Mucha afici\u00f3n para tan poco futbol&#8221;: L\u00f3pez Obrador tras derrota de M\u00e9xico\",\"datePublished\":\"2022-12-01T20:00:54+00:00\",\"dateModified\":\"2022-12-01T20:00:59+00:00\",\"mainEntityOfPage\":{\"@id\":\"https:\\\/\\\/quehacerpolitico.mx\\\/?p=97485\"},\"wordCount\":359,\"commentCount\":0,\"image\":{\"@id\":\"https:\\\/\\\/quehacerpolitico.mx\\\/?p=97485#primaryimage\"},\"thumbnailUrl\":\"https:\\\/\\\/quehacerpolitico.mx\\\/wp-content\\\/uploads\\\/2022\\\/12\\\/114E1F0A-C8DC-4033-820F-173654BCF056.jpeg\",\"articleSection\":[\"Noticias\"],\"inLanguage\":\"es\",\"potentialAction\":[{\"@type\":\"CommentAction\",\"name\":\"Comment\",\"target\":[\"https:\\\/\\\/quehacerpolitico.mx\\\/?p=97485#respond\"]}]},{\"@type\":\"WebPage\",\"@id\":\"https:\\\/\\\/quehacerpolitico.mx\\\/?p=97485\",\"url\":\"https:\\\/\\\/quehacerpolitico.mx\\\/?p=97485\",\"name\":\"\\\"Mucha afici\u00f3n para tan poco futbol\\\": L\u00f3pez Obrador tras derrota de M\u00e9xico -\",\"isPartOf\":{\"@id\":\"https:\\\/\\\/quehacerpolitico.mx\\\/#website\"},\"primaryImageOfPage\":{\"@id\":\"https:\\\/\\\/quehacerpolitico.mx\\\/?p=97485#primaryimage\"},\"image\":{\"@id\":\"https:\\\/\\\/quehacerpolitico.mx\\\/?p=97485#primaryimage\"},\"thumbnailUrl\":\"https:\\\/\\\/quehacerpolitico.mx\\\/wp-content\\\/uploads\\\/2022\\\/12\\\/114E1F0A-C8DC-4033-820F-173654BCF056.jpeg\",\"datePublished\":\"2022-12-01T20:00:54+00:00\",\"dateModified\":\"2022-12-01T20:00:59+00:00\",\"author\":{\"@id\":\"https:\\\/\\\/quehacerpolitico.mx\\\/#\\\/schema\\\/person\\\/496d8ad2d1d3f8036101dca7ee39e585\"},\"breadcrumb\":{\"@id\":\"https:\\\/\\\/quehacerpolitico.mx\\\/?p=97485#breadcrumb\"},\"inLanguage\":\"es\",\"potentialAction\":[{\"@type\":\"ReadAction\",\"target\":[\"https:\\\/\\\/quehacerpolitico.mx\\\/?p=97485\"]}]},{\"@type\":\"ImageObject\",\"inLanguage\":\"es\",\"@id\":\"https:\\\/\\\/quehacerpolitico.mx\\\/?p=97485#primaryimage\",\"url\":\"https:\\\/\\\/quehacerpolitico.mx\\\/wp-content\\\/uploads\\\/2022\\\/12\\\/114E1F0A-C8DC-4033-820F-173654BCF056.jpeg\",\"contentUrl\":\"https:\\\/\\\/quehacerpolitico.mx\\\/wp-content\\\/uploads\\\/2022\\\/12\\\/114E1F0A-C8DC-4033-820F-173654BCF056.jpeg\",\"width\":739,\"height\":415},{\"@type\":\"BreadcrumbList\",\"@id\":\"https:\\\/\\\/quehacerpolitico.mx\\\/?p=97485#breadcrumb\",\"itemListElement\":[{\"@type\":\"ListItem\",\"position\":1,\"name\":\"Inicio\",\"item\":\"https:\\\/\\\/quehacerpolitico.mx\\\/\"},{\"@type\":\"ListItem\",\"position\":2,\"name\":\"&#8220;Mucha afici\u00f3n para tan poco futbol&#8221;: L\u00f3pez Obrador tras derrota de M\u00e9xico\"}]},{\"@type\":\"WebSite\",\"@id\":\"https:\\\/\\\/quehacerpolitico.mx\\\/#website\",\"url\":\"https:\\\/\\\/quehacerpolitico.mx\\\/\",\"name\":\"\",\"description\":\"\",\"potentialAction\":[{\"@type\":\"SearchAction\",\"target\":{\"@type\":\"EntryPoint\",\"urlTemplate\":\"https:\\\/\\\/quehacerpolitico.mx\\\/?s={search_term_string}\"},\"query-input\":{\"@type\":\"PropertyValueSpecification\",\"valueRequired\":true,\"valueName\":\"search_term_string\"}}],\"inLanguage\":\"es\"},{\"@type\":\"Person\",\"@id\":\"https:\\\/\\\/quehacerpolitico.mx\\\/#\\\/schema\\\/person\\\/496d8ad2d1d3f8036101dca7ee39e585\",\"name\":\"Redacci\u00f3n QP\",\"image\":{\"@type\":\"ImageObject\",\"inLanguage\":\"es\",\"@id\":\"https:\\\/\\\/secure.gravatar.com\\\/avatar\\\/c7164ed6fdec453195284ad24a5ae5b6e1eed2b848477fa2a4787ba9adf39a41?s=96&d=mm&r=g\",\"url\":\"https:\\\/\\\/secure.gravatar.com\\\/avatar\\\/c7164ed6fdec453195284ad24a5ae5b6e1eed2b848477fa2a4787ba9adf39a41?s=96&d=mm&r=g\",\"contentUrl\":\"https:\\\/\\\/secure.gravatar.com\\\/avatar\\\/c7164ed6fdec453195284ad24a5ae5b6e1eed2b848477fa2a4787ba9adf39a41?s=96&d=mm&r=g\",\"caption\":\"Redacci\u00f3n QP\"},\"url\":\"https:\\\/\\\/quehacerpolitico.mx\\\/?author=2\"}]}<\/script>\n<!-- \/ Yoast SEO plugin. -->","yoast_head_json":{"title":"\"Mucha afici\u00f3n para tan poco futbol\": L\u00f3pez Obrador tras derrota de M\u00e9xico -","robots":{"index":"index","follow":"follow","max-snippet":"max-snippet:-1","max-image-preview":"max-image-preview:large","max-video-preview":"max-video-preview:-1"},"canonical":"https:\/\/quehacerpolitico.mx\/?p=97485","og_locale":"es_MX","og_type":"article","og_title":"\"Mucha afici\u00f3n para tan poco futbol\": L\u00f3pez Obrador tras derrota de M\u00e9xico -","og_description":"Por Redacci\u00f3n QP L\u00f3pez Obrador\u00a0pide que se formen &#8220;buenos futbolistas&#8221; en el pa\u00eds, luego de...","og_url":"https:\/\/quehacerpolitico.mx\/?p=97485","article_published_time":"2022-12-01T20:00:54+00:00","article_modified_time":"2022-12-01T20:00:59+00:00","og_image":[{"width":739,"height":415,"url":"https:\/\/quehacerpolitico.mx\/wp-content\/uploads\/2022\/12\/114E1F0A-C8DC-4033-820F-173654BCF056.jpeg","type":"image\/jpeg"}],"author":"Redacci\u00f3n QP","twitter_card":"summary_large_image","twitter_misc":{"Escrito por":"Redacci\u00f3n QP","Tiempo de lectura":"2 minutos"},"schema":{"@context":"https:\/\/schema.org","@graph":[{"@type":"Article","@id":"https:\/\/quehacerpolitico.mx\/?p=97485#article","isPartOf":{"@id":"https:\/\/quehacerpolitico.mx\/?p=97485"},"author":{"name":"Redacci\u00f3n QP","@id":"https:\/\/quehacerpolitico.mx\/#\/schema\/person\/496d8ad2d1d3f8036101dca7ee39e585"},"headline":"&#8220;Mucha afici\u00f3n para tan poco futbol&#8221;: L\u00f3pez Obrador tras derrota de M\u00e9xico","datePublished":"2022-12-01T20:00:54+00:00","dateModified":"2022-12-01T20:00:59+00:00","mainEntityOfPage":{"@id":"https:\/\/quehacerpolitico.mx\/?p=97485"},"wordCount":359,"commentCount":0,"image":{"@id":"https:\/\/quehacerpolitico.mx\/?p=97485#primaryimage"},"thumbnailUrl":"https:\/\/quehacerpolitico.mx\/wp-content\/uploads\/2022\/12\/114E1F0A-C8DC-4033-820F-173654BCF056.jpeg","articleSection":["Noticias"],"inLanguage":"es","potentialAction":[{"@type":"CommentAction","name":"Comment","target":["https:\/\/quehacerpolitico.mx\/?p=97485#respond"]}]},{"@type":"WebPage","@id":"https:\/\/quehacerpolitico.mx\/?p=97485","url":"https:\/\/quehacerpolitico.mx\/?p=97485","name":"\"Mucha afici\u00f3n para tan poco futbol\": L\u00f3pez Obrador tras derrota de M\u00e9xico -","isPartOf":{"@id":"https:\/\/quehacerpolitico.mx\/#website"},"primaryImageOfPage":{"@id":"https:\/\/quehacerpolitico.mx\/?p=97485#primaryimage"},"image":{"@id":"https:\/\/quehacerpolitico.mx\/?p=97485#primaryimage"},"thumbnailUrl":"https:\/\/quehacerpolitico.mx\/wp-content\/uploads\/2022\/12\/114E1F0A-C8DC-4033-820F-173654BCF056.jpeg","datePublished":"2022-12-01T20:00:54+00:00","dateModified":"2022-12-01T20:00:59+00:00","author":{"@id":"https:\/\/quehacerpolitico.mx\/#\/schema\/person\/496d8ad2d1d3f8036101dca7ee39e585"},"breadcrumb":{"@id":"https:\/\/quehacerpolitico.mx\/?p=97485#breadcrumb"},"inLanguage":"es","potentialAction":[{"@type":"ReadAction","target":["https:\/\/quehacerpolitico.mx\/?p=97485"]}]},{"@type":"ImageObject","inLanguage":"es","@id":"https:\/\/quehacerpolitico.mx\/?p=97485#primaryimage","url":"https:\/\/quehacerpolitico.mx\/wp-content\/uploads\/2022\/12\/114E1F0A-C8DC-4033-820F-173654BCF056.jpeg","contentUrl":"https:\/\/quehacerpolitico.mx\/wp-content\/uploads\/2022\/12\/114E1F0A-C8DC-4033-820F-173654BCF056.jpeg","width":739,"height":415},{"@type":"BreadcrumbList","@id":"https:\/\/quehacerpolitico.mx\/?p=97485#breadcrumb","itemListElement":[{"@type":"ListItem","position":1,"name":"Inicio","item":"https:\/\/quehacerpolitico.mx\/"},{"@type":"ListItem","position":2,"name":"&#8220;Mucha afici\u00f3n para tan poco futbol&#8221;: L\u00f3pez Obrador tras derrota de M\u00e9xico"}]},{"@type":"WebSite","@id":"https:\/\/quehacerpolitico.mx\/#website","url":"https:\/\/quehacerpolitico.mx\/","name":"","description":"","potentialAction":[{"@type":"SearchAction","target":{"@type":"EntryPoint","urlTemplate":"https:\/\/quehacerpolitico.mx\/?s={search_term_string}"},"query-input":{"@type":"PropertyValueSpecification","valueRequired":true,"valueName":"search_term_string"}}],"inLanguage":"es"},{"@type":"Person","@id":"https:\/\/quehacerpolitico.mx\/#\/schema\/person\/496d8ad2d1d3f8036101dca7ee39e585","name":"Redacci\u00f3n QP","image":{"@type":"ImageObject","inLanguage":"es","@id":"https:\/\/secure.gravatar.com\/avatar\/c7164ed6fdec453195284ad24a5ae5b6e1eed2b848477fa2a4787ba9adf39a41?s=96&d=mm&r=g","url":"https:\/\/secure.gravatar.com\/avatar\/c7164ed6fdec453195284ad24a5ae5b6e1eed2b848477fa2a4787ba9adf39a41?s=96&d=mm&r=g","contentUrl":"https:\/\/secure.gravatar.com\/avatar\/c7164ed6fdec453195284ad24a5ae5b6e1eed2b848477fa2a4787ba9adf39a41?s=96&d=mm&r=g","caption":"Redacci\u00f3n QP"},"url":"https:\/\/quehacerpolitico.mx\/?author=2"}]}},"featured_image_urls":{"full":["https:\/\/quehacerpolitico.mx\/wp-content\/uploads\/2022\/12\/114E1F0A-C8DC-4033-820F-173654BCF056.jpeg",739,415,false],"thumbnail":["https:\/\/quehacerpolitico.mx\/wp-content\/uploads\/2022\/12\/114E1F0A-C8DC-4033-820F-173654BCF056-150x150.jpeg",150,150,true],"medium":["https:\/\/quehacerpolitico.mx\/wp-content\/uploads\/2022\/12\/114E1F0A-C8DC-4033-820F-173654BCF056-300x168.jpeg",300,168,true],"medium_large":["https:\/\/quehacerpolitico.mx\/wp-content\/uploads\/2022\/12\/114E1F0A-C8DC-4033-820F-173654BCF056.jpeg",640,359,false],"large":["https:\/\/quehacerpolitico.mx\/wp-content\/uploads\/2022\/12\/114E1F0A-C8DC-4033-820F-173654BCF056.jpeg",640,359,false],"1536x1536":["https:\/\/quehacerpolitico.mx\/wp-content\/uploads\/2022\/12\/114E1F0A-C8DC-4033-820F-173654BCF056.jpeg",739,415,false],"2048x2048":["https:\/\/quehacerpolitico.mx\/wp-content\/uploads\/2022\/12\/114E1F0A-C8DC-4033-820F-173654BCF056.jpeg",739,415,false],"covernews-featured":["https:\/\/quehacerpolitico.mx\/wp-content\/uploads\/2022\/12\/114E1F0A-C8DC-4033-820F-173654BCF056.jpeg",739,415,false],"covernews-medium":["https:\/\/quehacerpolitico.mx\/wp-content\/uploads\/2022\/12\/114E1F0A-C8DC-4033-820F-173654BCF056.jpeg",540,303,false]},"author_info":{"display_name":"Redacci\u00f3n QP","author_link":"https:\/\/quehacerpolitico.mx\/?author=2"},"category_info":"<a href=\"https:\/\/quehacerpolitico.mx\/?cat=2\" rel=\"category\">Noticias<\/a>","tag_info":"Noticias","comment_count":"0","_links":{"self":[{"href":"https:\/\/quehacerpolitico.mx\/index.php?rest_route=\/wp\/v2\/posts\/97485","targetHints":{"allow":["GET"]}}],"collection":[{"href":"https:\/\/quehacerpolitico.mx\/index.php?rest_route=\/wp\/v2\/posts"}],"about":[{"href":"https:\/\/quehacerpolitico.mx\/index.php?rest_route=\/wp\/v2\/types\/post"}],"author":[{"embeddable":true,"href":"https:\/\/quehacerpolitico.mx\/index.php?rest_route=\/wp\/v2\/users\/2"}],"replies":[{"embeddable":true,"href":"https:\/\/quehacerpolitico.mx\/index.php?rest_route=%2Fwp%2Fv2%2Fcomments&post=97485"}],"version-history":[{"count":1,"href":"https:\/\/quehacerpolitico.mx\/index.php?rest_route=\/wp\/v2\/posts\/97485\/revisions"}],"predecessor-version":[{"id":97487,"href":"https:\/\/quehacerpolitico.mx\/index.php?rest_route=\/wp\/v2\/posts\/97485\/revisions\/97487"}],"wp:featuredmedia":[{"embeddable":true,"href":"https:\/\/quehacerpolitico.mx\/index.php?rest_route=\/wp\/v2\/media\/97486"}],"wp:attachment":[{"href":"https:\/\/quehacerpolitico.mx\/index.php?rest_route=%2Fwp%2Fv2%2Fmedia&parent=97485"}],"wp:term":[{"taxonomy":"category","embeddable":true,"href":"https:\/\/quehacerpolitico.mx\/index.php?rest_route=%2Fwp%2Fv2%2Fcategories&post=97485"},{"taxonomy":"post_tag","embeddable":true,"href":"https:\/\/quehacerpolitico.mx\/index.php?rest_route=%2Fwp%2Fv2%2Ftags&post=97485"}],"curies":[{"name":"wp","href":"https:\/\/api.w.org\/{rel}","templated":true}]}}