{"id":97467,"date":"2022-11-29T18:24:23","date_gmt":"2022-11-29T18:24:23","guid":{"rendered":"https:\/\/quehacerpolitico.mx\/?p=97467"},"modified":"2022-11-29T18:24:27","modified_gmt":"2022-11-29T18:24:27","slug":"camara-de-diputados-aplaza-debate-de-reforma-electoral","status":"publish","type":"post","link":"https:\/\/quehacerpolitico.mx\/?p=97467","title":{"rendered":"C\u00e1mara de Diputados aplaza debate de reforma electoral"},"content":{"rendered":"\n<p>Por Redacci\u00f3n QP<\/p>\n\n\n\n<p>Ser\u00e1 hasta el pr\u00f3ximo martes 6 de diciembre cuando la C\u00e1mara de Diputados inicie con el debate a la reforma electoral<\/p>\n\n\n\n<p>Pese a que se hab\u00eda informado que la reforma electoral se debatir\u00eda este martes, el coordinador de Morena en la C\u00e1mara de Diputados, Ignacio Mier Velazco, adelant\u00f3 que no ser\u00e1 as\u00ed, pues determinaron dar oportunidad de an\u00e1lisis una semana m\u00e1s.<\/p>\n\n\n\n<p>&#8220;<strong>Hoy vamos, por prudencia, a darle tiempo, porque solo tuvieron conocimiento del dictamen 100 diputados, es un dictamen muy denso de casi mil p\u00e1ginas<\/strong>, por lo que a petici\u00f3n de la coalici\u00f3n y de varios coordinadores y diputados se determin\u00f3 que se haga la declaratoria de publicidad en la gaceta y dar oportunidad para que el d\u00eda martes de la pr\u00f3xima semana ya s\u00e9 est\u00e9 votando el dictamen&#8221;, expuso.<\/p>\n\n\n\n<figure class=\"wp-block-embed is-type-rich is-provider-twitter wp-block-embed-twitter\"><div class=\"wp-block-embed__wrapper\">\n<blockquote class=\"twitter-tweet\" data-width=\"550\" data-dnt=\"true\"><p lang=\"es\" dir=\"ltr\">Por prudencia y dar tiempo para el an\u00e1lisis del dictamen de reforma electoral, aprobado en comisiones, los coordinadores de la Coalici\u00f3n Juntos Hacemos Historia acordamos pedir a la Mesa Directiva de la <a href=\"https:\/\/twitter.com\/Mx_Diputados?ref_src=twsrc%5Etfw\">@Mx_Diputados<\/a> que dicho proyecto sea abordado el pr\u00f3ximo martes.<\/p>&mdash; Ignacio Mier Velazco (@NachoMierV) <a href=\"https:\/\/twitter.com\/NachoMierV\/status\/1597599294982590465?ref_src=twsrc%5Etfw\">November 29, 2022<\/a><\/blockquote><script async src=\"https:\/\/platform.twitter.com\/widgets.js\" charset=\"utf-8\"><\/script>\n<\/div><\/figure>\n\n\n\n<p>Mier Velazco record\u00f3 que ya se hab\u00eda solicitado a la Mesa Directiva una sesi\u00f3n extraordinaria para hoy mismo, a fin de votar en el pleno la reforma electoral, sin embargo, confirm\u00f3 que ya pidi\u00f3 cancelar dicha solicitud.<\/p>\n\n\n\n<p>&#8220;Entonces, la sesi\u00f3n extraordinaria que estaba solicitando a la Mesa Directiva se retira para que se atendido el dictamen la pr\u00f3xima semana&#8221;, puntualiz\u00f3.<\/p>\n\n\n\n<p><strong>Mier Velazco descart\u00f3 que el aplazamiento se trate de una intentona para convencer a la bancada del PRI y otro grupo parlamentario de oposici\u00f3n<\/strong>.<\/p>\n\n\n\n<p>&#8220;Ninguna suspicacia, no hay acuerdos, la propuesta no va a cambiar en nada, Que no haya sospechosismo, no hay ning\u00fan prop\u00f3sito ni de violentar el proceso ni nada nada oscuro que no sea lo que te estoy diciendo&#8221;, concluy\u00f3.<\/p>\n\n\n\n<p>Con Informaci\u00f3n de SUN <\/p>\n","protected":false},"excerpt":{"rendered":"<p>Por Redacci\u00f3n QP Ser\u00e1 hasta el pr\u00f3ximo martes 6 de diciembre cuando la C\u00e1mara de&#8230;<\/p>\n","protected":false},"author":2,"featured_media":97468,"comment_status":"open","ping_status":"open","sticky":false,"template":"","format":"standard","meta":{"_monsterinsights_skip_tracking":false,"_monsterinsights_sitenote_active":false,"_monsterinsights_sitenote_note":"","_monsterinsights_sitenote_category":0,"footnotes":""},"categories":[2],"tags":[],"class_list":["post-97467","post","type-post","status-publish","format-standard","has-post-thumbnail","hentry","category-noticias"],"yoast_head":"<!-- This site is optimized with the Yoast SEO plugin v27.3 - https:\/\/yoast.com\/product\/yoast-seo-wordpress\/ -->\n<title>C\u00e1mara de Diputados aplaza debate de reforma electoral -<\/title>\n<meta name=\"robots\" content=\"index, follow, max-snippet:-1, max-image-preview:large, max-video-preview:-1\" \/>\n<link rel=\"canonical\" href=\"https:\/\/quehacerpolitico.mx\/?p=97467\" \/>\n<meta property=\"og:locale\" content=\"es_MX\" \/>\n<meta property=\"og:type\" content=\"article\" \/>\n<meta property=\"og:title\" content=\"C\u00e1mara de Diputados aplaza debate de reforma electoral -\" \/>\n<meta property=\"og:description\" content=\"Por Redacci\u00f3n QP Ser\u00e1 hasta el pr\u00f3ximo martes 6 de diciembre cuando la C\u00e1mara de...\" \/>\n<meta property=\"og:url\" content=\"https:\/\/quehacerpolitico.mx\/?p=97467\" \/>\n<meta property=\"article:published_time\" content=\"2022-11-29T18:24:23+00:00\" \/>\n<meta property=\"article:modified_time\" content=\"2022-11-29T18:24:27+00:00\" \/>\n<meta property=\"og:image\" content=\"https:\/\/quehacerpolitico.mx\/wp-content\/uploads\/2022\/11\/33529369-12E7-4365-995D-E6ABD4768907.jpeg\" \/>\n\t<meta property=\"og:image:width\" content=\"640\" \/>\n\t<meta property=\"og:image:height\" content=\"427\" \/>\n\t<meta property=\"og:image:type\" content=\"image\/jpeg\" \/>\n<meta name=\"author\" content=\"Redacci\u00f3n QP\" \/>\n<meta name=\"twitter:card\" content=\"summary_large_image\" \/>\n<meta name=\"twitter:label1\" content=\"Escrito por\" \/>\n\t<meta name=\"twitter:data1\" content=\"Redacci\u00f3n QP\" \/>\n\t<meta name=\"twitter:label2\" content=\"Tiempo de lectura\" \/>\n\t<meta name=\"twitter:data2\" content=\"1 minuto\" \/>\n<script type=\"application\/ld+json\" class=\"yoast-schema-graph\">{\"@context\":\"https:\\\/\\\/schema.org\",\"@graph\":[{\"@type\":\"Article\",\"@id\":\"https:\\\/\\\/quehacerpolitico.mx\\\/?p=97467#article\",\"isPartOf\":{\"@id\":\"https:\\\/\\\/quehacerpolitico.mx\\\/?p=97467\"},\"author\":{\"name\":\"Redacci\u00f3n QP\",\"@id\":\"https:\\\/\\\/quehacerpolitico.mx\\\/#\\\/schema\\\/person\\\/496d8ad2d1d3f8036101dca7ee39e585\"},\"headline\":\"C\u00e1mara de Diputados aplaza debate de reforma electoral\",\"datePublished\":\"2022-11-29T18:24:23+00:00\",\"dateModified\":\"2022-11-29T18:24:27+00:00\",\"mainEntityOfPage\":{\"@id\":\"https:\\\/\\\/quehacerpolitico.mx\\\/?p=97467\"},\"wordCount\":300,\"commentCount\":0,\"image\":{\"@id\":\"https:\\\/\\\/quehacerpolitico.mx\\\/?p=97467#primaryimage\"},\"thumbnailUrl\":\"https:\\\/\\\/quehacerpolitico.mx\\\/wp-content\\\/uploads\\\/2022\\\/11\\\/33529369-12E7-4365-995D-E6ABD4768907.jpeg\",\"articleSection\":[\"Noticias\"],\"inLanguage\":\"es\",\"potentialAction\":[{\"@type\":\"CommentAction\",\"name\":\"Comment\",\"target\":[\"https:\\\/\\\/quehacerpolitico.mx\\\/?p=97467#respond\"]}]},{\"@type\":\"WebPage\",\"@id\":\"https:\\\/\\\/quehacerpolitico.mx\\\/?p=97467\",\"url\":\"https:\\\/\\\/quehacerpolitico.mx\\\/?p=97467\",\"name\":\"C\u00e1mara de Diputados aplaza debate de reforma electoral -\",\"isPartOf\":{\"@id\":\"https:\\\/\\\/quehacerpolitico.mx\\\/#website\"},\"primaryImageOfPage\":{\"@id\":\"https:\\\/\\\/quehacerpolitico.mx\\\/?p=97467#primaryimage\"},\"image\":{\"@id\":\"https:\\\/\\\/quehacerpolitico.mx\\\/?p=97467#primaryimage\"},\"thumbnailUrl\":\"https:\\\/\\\/quehacerpolitico.mx\\\/wp-content\\\/uploads\\\/2022\\\/11\\\/33529369-12E7-4365-995D-E6ABD4768907.jpeg\",\"datePublished\":\"2022-11-29T18:24:23+00:00\",\"dateModified\":\"2022-11-29T18:24:27+00:00\",\"author\":{\"@id\":\"https:\\\/\\\/quehacerpolitico.mx\\\/#\\\/schema\\\/person\\\/496d8ad2d1d3f8036101dca7ee39e585\"},\"breadcrumb\":{\"@id\":\"https:\\\/\\\/quehacerpolitico.mx\\\/?p=97467#breadcrumb\"},\"inLanguage\":\"es\",\"potentialAction\":[{\"@type\":\"ReadAction\",\"target\":[\"https:\\\/\\\/quehacerpolitico.mx\\\/?p=97467\"]}]},{\"@type\":\"ImageObject\",\"inLanguage\":\"es\",\"@id\":\"https:\\\/\\\/quehacerpolitico.mx\\\/?p=97467#primaryimage\",\"url\":\"https:\\\/\\\/quehacerpolitico.mx\\\/wp-content\\\/uploads\\\/2022\\\/11\\\/33529369-12E7-4365-995D-E6ABD4768907.jpeg\",\"contentUrl\":\"https:\\\/\\\/quehacerpolitico.mx\\\/wp-content\\\/uploads\\\/2022\\\/11\\\/33529369-12E7-4365-995D-E6ABD4768907.jpeg\",\"width\":640,\"height\":427},{\"@type\":\"BreadcrumbList\",\"@id\":\"https:\\\/\\\/quehacerpolitico.mx\\\/?p=97467#breadcrumb\",\"itemListElement\":[{\"@type\":\"ListItem\",\"position\":1,\"name\":\"Inicio\",\"item\":\"https:\\\/\\\/quehacerpolitico.mx\\\/\"},{\"@type\":\"ListItem\",\"position\":2,\"name\":\"C\u00e1mara de Diputados aplaza debate de reforma electoral\"}]},{\"@type\":\"WebSite\",\"@id\":\"https:\\\/\\\/quehacerpolitico.mx\\\/#website\",\"url\":\"https:\\\/\\\/quehacerpolitico.mx\\\/\",\"name\":\"\",\"description\":\"\",\"potentialAction\":[{\"@type\":\"SearchAction\",\"target\":{\"@type\":\"EntryPoint\",\"urlTemplate\":\"https:\\\/\\\/quehacerpolitico.mx\\\/?s={search_term_string}\"},\"query-input\":{\"@type\":\"PropertyValueSpecification\",\"valueRequired\":true,\"valueName\":\"search_term_string\"}}],\"inLanguage\":\"es\"},{\"@type\":\"Person\",\"@id\":\"https:\\\/\\\/quehacerpolitico.mx\\\/#\\\/schema\\\/person\\\/496d8ad2d1d3f8036101dca7ee39e585\",\"name\":\"Redacci\u00f3n QP\",\"image\":{\"@type\":\"ImageObject\",\"inLanguage\":\"es\",\"@id\":\"https:\\\/\\\/secure.gravatar.com\\\/avatar\\\/c7164ed6fdec453195284ad24a5ae5b6e1eed2b848477fa2a4787ba9adf39a41?s=96&d=mm&r=g\",\"url\":\"https:\\\/\\\/secure.gravatar.com\\\/avatar\\\/c7164ed6fdec453195284ad24a5ae5b6e1eed2b848477fa2a4787ba9adf39a41?s=96&d=mm&r=g\",\"contentUrl\":\"https:\\\/\\\/secure.gravatar.com\\\/avatar\\\/c7164ed6fdec453195284ad24a5ae5b6e1eed2b848477fa2a4787ba9adf39a41?s=96&d=mm&r=g\",\"caption\":\"Redacci\u00f3n QP\"},\"url\":\"https:\\\/\\\/quehacerpolitico.mx\\\/?author=2\"}]}<\/script>\n<!-- \/ Yoast SEO plugin. -->","yoast_head_json":{"title":"C\u00e1mara de Diputados aplaza debate de reforma electoral -","robots":{"index":"index","follow":"follow","max-snippet":"max-snippet:-1","max-image-preview":"max-image-preview:large","max-video-preview":"max-video-preview:-1"},"canonical":"https:\/\/quehacerpolitico.mx\/?p=97467","og_locale":"es_MX","og_type":"article","og_title":"C\u00e1mara de Diputados aplaza debate de reforma electoral -","og_description":"Por Redacci\u00f3n QP Ser\u00e1 hasta el pr\u00f3ximo martes 6 de diciembre cuando la C\u00e1mara de...","og_url":"https:\/\/quehacerpolitico.mx\/?p=97467","article_published_time":"2022-11-29T18:24:23+00:00","article_modified_time":"2022-11-29T18:24:27+00:00","og_image":[{"width":640,"height":427,"url":"https:\/\/quehacerpolitico.mx\/wp-content\/uploads\/2022\/11\/33529369-12E7-4365-995D-E6ABD4768907.jpeg","type":"image\/jpeg"}],"author":"Redacci\u00f3n QP","twitter_card":"summary_large_image","twitter_misc":{"Escrito por":"Redacci\u00f3n QP","Tiempo de lectura":"1 minuto"},"schema":{"@context":"https:\/\/schema.org","@graph":[{"@type":"Article","@id":"https:\/\/quehacerpolitico.mx\/?p=97467#article","isPartOf":{"@id":"https:\/\/quehacerpolitico.mx\/?p=97467"},"author":{"name":"Redacci\u00f3n QP","@id":"https:\/\/quehacerpolitico.mx\/#\/schema\/person\/496d8ad2d1d3f8036101dca7ee39e585"},"headline":"C\u00e1mara de Diputados aplaza debate de reforma electoral","datePublished":"2022-11-29T18:24:23+00:00","dateModified":"2022-11-29T18:24:27+00:00","mainEntityOfPage":{"@id":"https:\/\/quehacerpolitico.mx\/?p=97467"},"wordCount":300,"commentCount":0,"image":{"@id":"https:\/\/quehacerpolitico.mx\/?p=97467#primaryimage"},"thumbnailUrl":"https:\/\/quehacerpolitico.mx\/wp-content\/uploads\/2022\/11\/33529369-12E7-4365-995D-E6ABD4768907.jpeg","articleSection":["Noticias"],"inLanguage":"es","potentialAction":[{"@type":"CommentAction","name":"Comment","target":["https:\/\/quehacerpolitico.mx\/?p=97467#respond"]}]},{"@type":"WebPage","@id":"https:\/\/quehacerpolitico.mx\/?p=97467","url":"https:\/\/quehacerpolitico.mx\/?p=97467","name":"C\u00e1mara de Diputados aplaza debate de reforma electoral -","isPartOf":{"@id":"https:\/\/quehacerpolitico.mx\/#website"},"primaryImageOfPage":{"@id":"https:\/\/quehacerpolitico.mx\/?p=97467#primaryimage"},"image":{"@id":"https:\/\/quehacerpolitico.mx\/?p=97467#primaryimage"},"thumbnailUrl":"https:\/\/quehacerpolitico.mx\/wp-content\/uploads\/2022\/11\/33529369-12E7-4365-995D-E6ABD4768907.jpeg","datePublished":"2022-11-29T18:24:23+00:00","dateModified":"2022-11-29T18:24:27+00:00","author":{"@id":"https:\/\/quehacerpolitico.mx\/#\/schema\/person\/496d8ad2d1d3f8036101dca7ee39e585"},"breadcrumb":{"@id":"https:\/\/quehacerpolitico.mx\/?p=97467#breadcrumb"},"inLanguage":"es","potentialAction":[{"@type":"ReadAction","target":["https:\/\/quehacerpolitico.mx\/?p=97467"]}]},{"@type":"ImageObject","inLanguage":"es","@id":"https:\/\/quehacerpolitico.mx\/?p=97467#primaryimage","url":"https:\/\/quehacerpolitico.mx\/wp-content\/uploads\/2022\/11\/33529369-12E7-4365-995D-E6ABD4768907.jpeg","contentUrl":"https:\/\/quehacerpolitico.mx\/wp-content\/uploads\/2022\/11\/33529369-12E7-4365-995D-E6ABD4768907.jpeg","width":640,"height":427},{"@type":"BreadcrumbList","@id":"https:\/\/quehacerpolitico.mx\/?p=97467#breadcrumb","itemListElement":[{"@type":"ListItem","position":1,"name":"Inicio","item":"https:\/\/quehacerpolitico.mx\/"},{"@type":"ListItem","position":2,"name":"C\u00e1mara de Diputados aplaza debate de reforma electoral"}]},{"@type":"WebSite","@id":"https:\/\/quehacerpolitico.mx\/#website","url":"https:\/\/quehacerpolitico.mx\/","name":"","description":"","potentialAction":[{"@type":"SearchAction","target":{"@type":"EntryPoint","urlTemplate":"https:\/\/quehacerpolitico.mx\/?s={search_term_string}"},"query-input":{"@type":"PropertyValueSpecification","valueRequired":true,"valueName":"search_term_string"}}],"inLanguage":"es"},{"@type":"Person","@id":"https:\/\/quehacerpolitico.mx\/#\/schema\/person\/496d8ad2d1d3f8036101dca7ee39e585","name":"Redacci\u00f3n QP","image":{"@type":"ImageObject","inLanguage":"es","@id":"https:\/\/secure.gravatar.com\/avatar\/c7164ed6fdec453195284ad24a5ae5b6e1eed2b848477fa2a4787ba9adf39a41?s=96&d=mm&r=g","url":"https:\/\/secure.gravatar.com\/avatar\/c7164ed6fdec453195284ad24a5ae5b6e1eed2b848477fa2a4787ba9adf39a41?s=96&d=mm&r=g","contentUrl":"https:\/\/secure.gravatar.com\/avatar\/c7164ed6fdec453195284ad24a5ae5b6e1eed2b848477fa2a4787ba9adf39a41?s=96&d=mm&r=g","caption":"Redacci\u00f3n QP"},"url":"https:\/\/quehacerpolitico.mx\/?author=2"}]}},"featured_image_urls":{"full":["https:\/\/quehacerpolitico.mx\/wp-content\/uploads\/2022\/11\/33529369-12E7-4365-995D-E6ABD4768907.jpeg",640,427,false],"thumbnail":["https:\/\/quehacerpolitico.mx\/wp-content\/uploads\/2022\/11\/33529369-12E7-4365-995D-E6ABD4768907-150x150.jpeg",150,150,true],"medium":["https:\/\/quehacerpolitico.mx\/wp-content\/uploads\/2022\/11\/33529369-12E7-4365-995D-E6ABD4768907-300x200.jpeg",300,200,true],"medium_large":["https:\/\/quehacerpolitico.mx\/wp-content\/uploads\/2022\/11\/33529369-12E7-4365-995D-E6ABD4768907.jpeg",640,427,false],"large":["https:\/\/quehacerpolitico.mx\/wp-content\/uploads\/2022\/11\/33529369-12E7-4365-995D-E6ABD4768907.jpeg",640,427,false],"1536x1536":["https:\/\/quehacerpolitico.mx\/wp-content\/uploads\/2022\/11\/33529369-12E7-4365-995D-E6ABD4768907.jpeg",640,427,false],"2048x2048":["https:\/\/quehacerpolitico.mx\/wp-content\/uploads\/2022\/11\/33529369-12E7-4365-995D-E6ABD4768907.jpeg",640,427,false],"covernews-featured":["https:\/\/quehacerpolitico.mx\/wp-content\/uploads\/2022\/11\/33529369-12E7-4365-995D-E6ABD4768907.jpeg",640,427,false],"covernews-medium":["https:\/\/quehacerpolitico.mx\/wp-content\/uploads\/2022\/11\/33529369-12E7-4365-995D-E6ABD4768907.jpeg",510,340,false]},"author_info":{"display_name":"Redacci\u00f3n QP","author_link":"https:\/\/quehacerpolitico.mx\/?author=2"},"category_info":"<a href=\"https:\/\/quehacerpolitico.mx\/?cat=2\" rel=\"category\">Noticias<\/a>","tag_info":"Noticias","comment_count":"0","_links":{"self":[{"href":"https:\/\/quehacerpolitico.mx\/index.php?rest_route=\/wp\/v2\/posts\/97467","targetHints":{"allow":["GET"]}}],"collection":[{"href":"https:\/\/quehacerpolitico.mx\/index.php?rest_route=\/wp\/v2\/posts"}],"about":[{"href":"https:\/\/quehacerpolitico.mx\/index.php?rest_route=\/wp\/v2\/types\/post"}],"author":[{"embeddable":true,"href":"https:\/\/quehacerpolitico.mx\/index.php?rest_route=\/wp\/v2\/users\/2"}],"replies":[{"embeddable":true,"href":"https:\/\/quehacerpolitico.mx\/index.php?rest_route=%2Fwp%2Fv2%2Fcomments&post=97467"}],"version-history":[{"count":1,"href":"https:\/\/quehacerpolitico.mx\/index.php?rest_route=\/wp\/v2\/posts\/97467\/revisions"}],"predecessor-version":[{"id":97469,"href":"https:\/\/quehacerpolitico.mx\/index.php?rest_route=\/wp\/v2\/posts\/97467\/revisions\/97469"}],"wp:featuredmedia":[{"embeddable":true,"href":"https:\/\/quehacerpolitico.mx\/index.php?rest_route=\/wp\/v2\/media\/97468"}],"wp:attachment":[{"href":"https:\/\/quehacerpolitico.mx\/index.php?rest_route=%2Fwp%2Fv2%2Fmedia&parent=97467"}],"wp:term":[{"taxonomy":"category","embeddable":true,"href":"https:\/\/quehacerpolitico.mx\/index.php?rest_route=%2Fwp%2Fv2%2Fcategories&post=97467"},{"taxonomy":"post_tag","embeddable":true,"href":"https:\/\/quehacerpolitico.mx\/index.php?rest_route=%2Fwp%2Fv2%2Ftags&post=97467"}],"curies":[{"name":"wp","href":"https:\/\/api.w.org\/{rel}","templated":true}]}}