{"id":97408,"date":"2022-11-28T15:00:54","date_gmt":"2022-11-28T15:00:54","guid":{"rendered":"https:\/\/quehacerpolitico.mx\/?p=97408"},"modified":"2022-11-28T15:00:58","modified_gmt":"2022-11-28T15:00:58","slug":"camerun-y-serbia-empatan-a-3-en-qatar-2022","status":"publish","type":"post","link":"https:\/\/quehacerpolitico.mx\/?p=97408","title":{"rendered":"Camer\u00fan y Serbia empatan a 3 en Qatar 2022"},"content":{"rendered":"\n<p>Por Redacci\u00f3n QP<\/p>\n\n\n\n<p>Camer\u00fan y Serbia empataron 3-3 este lunes en un partido disputado en el estadio Al Yanoub, dentro del Mundial de Qatar 2022<\/p>\n\n\n\n<p>Dos goles en dos minutos para\u00a0<strong>Serbia<\/strong>\u00a0y otros tantos en tres minutos para\u00a0<strong>Camer\u00fan<\/strong>\u00a0desataron la\u00a0<strong>locura<\/strong>\u00a0en un partido marcado por la ausencia del meta Andr\u00e9 Onana, que abandon\u00f3 la concentraci\u00f3n del pa\u00eds africano tras una disputa con su seleccionador, y que finalmente acab\u00f3 con un\u00a0<strong>empate a tres<\/strong>\u00a0que deja a ambas selecciones, pertenecientes al\u00a0<strong>Grupo G<\/strong> del <strong>Mundial de Qatar 2022<\/strong>, con solo un punto tras dos encuentros y a\u00fan con vida para la \u00faltima jornada.<\/p>\n\n\n\n<figure class=\"wp-block-embed is-type-rich is-provider-twitter wp-block-embed-twitter\"><div class=\"wp-block-embed__wrapper\">\n<blockquote class=\"twitter-tweet\" data-width=\"550\" data-dnt=\"true\"><p lang=\"en\" dir=\"ltr\">The points are shared after a thrilling game!<a href=\"https:\/\/twitter.com\/adidasfootball?ref_src=twsrc%5Etfw\">@adidasfootball<\/a> | <a href=\"https:\/\/twitter.com\/hashtag\/FIFAWorldCup?src=hash&amp;ref_src=twsrc%5Etfw\">#FIFAWorldCup<\/a><\/p>&mdash; FIFA World Cup (@FIFAWorldCup) <a href=\"https:\/\/twitter.com\/FIFAWorldCup\/status\/1597199928710799360?ref_src=twsrc%5Etfw\">November 28, 2022<\/a><\/blockquote><script async src=\"https:\/\/platform.twitter.com\/widgets.js\" charset=\"utf-8\"><\/script>\n<\/div><\/figure>\n\n\n\n<p>Llegaba Camer\u00fan a este partido promediando solo 0.8 goles por encuentro en un Mundial. 18 en 24 partidos; y acab\u00f3 rompiendo un r\u00e9cord totalmente opuesto a dicho hist\u00f3rico. Contra Serbia ha sido la primera vez que ha marcado tres goles en una Copa del Mundo, y no les sirvi\u00f3 para ganar.<\/p>\n\n\n\n<p>Crey\u00f3 Camer\u00fan en la victoria desde el inicio, pero dos minutos fat\u00eddicos echaron por tierra su trabajo previo en la primera mitad, aunque este lunes s\u00ed tuvieron suerte de cara a puerta y en el segundo disparo anotaron su primer gol.<\/p>\n\n\n\n<p>Kunde puso el centro desde el c\u00f3rner izquierdo, N\u2019Koulou la pein\u00f3 en el primer palo y el central,&nbsp;<strong>Jean-Charles Castelletto<\/strong>, remat\u00f3 solo en el segundo para convertir su primer gol con la camiseta de Camer\u00fan a los 29 minutos de partido.<\/p>\n\n\n\n<p>Tuvieron acierto los \u2018<strong>leones indomables<\/strong>\u2019 tras resistir las acometidas de Serbia, con Mitrovic, que tuvo dos buenas ocasiones, una la estrell\u00f3 en el palo y otra la mand\u00f3 fuera cuando remat\u00f3 solo dentro del \u00e1rea, como principal amenaza, pero el descuento de la primera mitad fue demoledor para el conjunto africano.<\/p>\n\n\n\n<figure class=\"wp-block-embed is-type-video is-provider-youtube wp-block-embed-youtube wp-embed-aspect-16-9 wp-has-aspect-ratio\"><div class=\"wp-block-embed__wrapper\">\nhttps:\/\/youtu.be\/h2S5ONZWAMI\n<\/div><\/figure>\n\n\n\n<p>Primer minuto de a\u00f1adido y la estrategia les devolv\u00eda la moneda. Centro tocado de Tadic al coraz\u00f3n del \u00e1rea, fallo en la marca de Camer\u00fan y&nbsp;<strong>Strahinja Pavlovic<\/strong>&nbsp;remat\u00f3 sin oposici\u00f3n girando bien el cuello para colocar el bal\u00f3n lejos del alcance de Devis Epassy. Si le hubieran defendido con la dureza con la que sus compa\u00f1eros celebraron con \u00e9l el empate, seguramente su gol no habr\u00eda subido al marcador.<\/p>\n\n\n\n<p>Un tanto que hizo da\u00f1o en la moral de los africanos, la cual<strong>Sergej Milinkovic-Savic<\/strong>\u00a0se encarg\u00f3 de hundir un poco m\u00e1s. Error en la salida de bal\u00f3n de Zambo Anguissa y el centrocampista de la Lazio dispar\u00f3 desde la frontal al palo corto para darle la vuelta al marcador dos minutos despu\u00e9s. Epassy la lleg\u00f3 a rozar con los dedos, pero no lleg\u00f3 a despejar. Con Onana en el campo y no volando de vuelta a casa, el resultado pudo haber sido diferente.<\/p>\n\n\n\n<p>Un golpe del que Camer\u00fan parec\u00eda no poder levantarse, y m\u00e1s tras el 1-3 de Mitrovic en una jugada en la que Serbia encontr\u00f3 a tres jugadores libres dentro del \u00e1rea rival. La sensaci\u00f3n era de haber bajado los brazos, de rozar la eliminaci\u00f3n del Mundial de Catar, pero&nbsp;<strong>Vincent Aboubakar<\/strong>&nbsp;dijo \u2018no\u2019.<\/p>\n\n\n\n<p>Sali\u00f3 al terreno de juego en el minuto 55, y tard\u00f3 11 en marcar y dar una asistencia para igualar el partido y dejar media hora por delante con todo por decidir. Ante la velocidad de Camer\u00fan, el actual delantero del Al-Nassr saud\u00ed puso la calma y firm\u00f3 uno de los goles del torneo. Amag\u00f3 que iba a disparar para salvar la entrada de Milos Veljkovic, quien pas\u00f3 de largo al tirarse al suelo, y super\u00f3 al guardameta serbio con una vaselina suave.<\/p>\n\n\n\n<p>El tanto subi\u00f3 al marcador al comprobarse que, por poco, en el inicio de la jugada no hubo fuera de juego, como ocurri\u00f3 tres minutos m\u00e1s tarde. Como Serbia al filo del descanso, Camer\u00fan no perdon\u00f3 cuando tuvo oportunidad. Aboubakar rompi\u00f3 al espacio y&nbsp;<strong>Choupo-Moting<\/strong>, en el segundo palo, hizo el 3-3 con un disparo a placer.<\/p>\n\n\n\n<p>Serbia intent\u00f3 reaccionar, comandada por Mitrovic ante la ausencia de su gran estrella en ataque, un Vlahovic que sigue sin estar al 100% y ni ante la necesidad de ganar, su seleccionador, Dragan Stojkovi\u0107, le dio minutos. Tampoco al exdelantero del Real Madrid Luka Jovic.<\/p>\n\n\n\n<p>Sin embargo, y a pesar de marcar, Mitrovic no estuvo acertado de cara a puerta en el encuentro y ambas selecciones cierran su segundo partido en el Mundial con solo un punto y esperando al Brasil-Suiza para hacer sus cuentas de cara a la \u00faltima jornada.<\/p>\n\n\n\n<p>Con Informaci\u00f3n de EFE<\/p>\n","protected":false},"excerpt":{"rendered":"<p>Por Redacci\u00f3n QP Camer\u00fan y Serbia empataron 3-3 este lunes en un partido disputado en&#8230;<\/p>\n","protected":false},"author":2,"featured_media":97409,"comment_status":"open","ping_status":"open","sticky":false,"template":"","format":"standard","meta":{"_monsterinsights_skip_tracking":false,"_monsterinsights_sitenote_active":false,"_monsterinsights_sitenote_note":"","_monsterinsights_sitenote_category":0,"footnotes":""},"categories":[54],"tags":[],"class_list":["post-97408","post","type-post","status-publish","format-standard","has-post-thumbnail","hentry","category-deportes"],"yoast_head":"<!-- This site is optimized with the Yoast SEO plugin v27.3 - https:\/\/yoast.com\/product\/yoast-seo-wordpress\/ -->\n<title>Camer\u00fan y Serbia empatan a 3 en Qatar 2022 -<\/title>\n<meta name=\"robots\" content=\"index, follow, max-snippet:-1, max-image-preview:large, max-video-preview:-1\" \/>\n<link rel=\"canonical\" href=\"https:\/\/quehacerpolitico.mx\/?p=97408\" \/>\n<meta property=\"og:locale\" content=\"es_MX\" \/>\n<meta property=\"og:type\" content=\"article\" \/>\n<meta property=\"og:title\" content=\"Camer\u00fan y Serbia empatan a 3 en Qatar 2022 -\" \/>\n<meta property=\"og:description\" content=\"Por Redacci\u00f3n QP Camer\u00fan y Serbia empataron 3-3 este lunes en un partido disputado en...\" \/>\n<meta property=\"og:url\" content=\"https:\/\/quehacerpolitico.mx\/?p=97408\" \/>\n<meta property=\"article:published_time\" content=\"2022-11-28T15:00:54+00:00\" \/>\n<meta property=\"article:modified_time\" content=\"2022-11-28T15:00:58+00:00\" \/>\n<meta property=\"og:image\" content=\"https:\/\/quehacerpolitico.mx\/wp-content\/uploads\/2022\/11\/CCEB981C-103B-4746-A959-83F3D272E4A6.jpeg\" \/>\n\t<meta property=\"og:image:width\" content=\"1284\" \/>\n\t<meta property=\"og:image:height\" content=\"705\" \/>\n\t<meta property=\"og:image:type\" content=\"image\/jpeg\" \/>\n<meta name=\"author\" content=\"Redacci\u00f3n QP\" \/>\n<meta name=\"twitter:card\" content=\"summary_large_image\" \/>\n<meta name=\"twitter:label1\" content=\"Escrito por\" \/>\n\t<meta name=\"twitter:data1\" content=\"Redacci\u00f3n QP\" \/>\n\t<meta name=\"twitter:label2\" content=\"Tiempo de lectura\" \/>\n\t<meta name=\"twitter:data2\" content=\"4 minutos\" \/>\n<script type=\"application\/ld+json\" class=\"yoast-schema-graph\">{\"@context\":\"https:\\\/\\\/schema.org\",\"@graph\":[{\"@type\":\"Article\",\"@id\":\"https:\\\/\\\/quehacerpolitico.mx\\\/?p=97408#article\",\"isPartOf\":{\"@id\":\"https:\\\/\\\/quehacerpolitico.mx\\\/?p=97408\"},\"author\":{\"name\":\"Redacci\u00f3n QP\",\"@id\":\"https:\\\/\\\/quehacerpolitico.mx\\\/#\\\/schema\\\/person\\\/496d8ad2d1d3f8036101dca7ee39e585\"},\"headline\":\"Camer\u00fan y Serbia empatan a 3 en Qatar 2022\",\"datePublished\":\"2022-11-28T15:00:54+00:00\",\"dateModified\":\"2022-11-28T15:00:58+00:00\",\"mainEntityOfPage\":{\"@id\":\"https:\\\/\\\/quehacerpolitico.mx\\\/?p=97408\"},\"wordCount\":787,\"commentCount\":0,\"image\":{\"@id\":\"https:\\\/\\\/quehacerpolitico.mx\\\/?p=97408#primaryimage\"},\"thumbnailUrl\":\"https:\\\/\\\/quehacerpolitico.mx\\\/wp-content\\\/uploads\\\/2022\\\/11\\\/CCEB981C-103B-4746-A959-83F3D272E4A6.jpeg\",\"articleSection\":[\"Deportes\"],\"inLanguage\":\"es\",\"potentialAction\":[{\"@type\":\"CommentAction\",\"name\":\"Comment\",\"target\":[\"https:\\\/\\\/quehacerpolitico.mx\\\/?p=97408#respond\"]}]},{\"@type\":\"WebPage\",\"@id\":\"https:\\\/\\\/quehacerpolitico.mx\\\/?p=97408\",\"url\":\"https:\\\/\\\/quehacerpolitico.mx\\\/?p=97408\",\"name\":\"Camer\u00fan y Serbia empatan a 3 en Qatar 2022 -\",\"isPartOf\":{\"@id\":\"https:\\\/\\\/quehacerpolitico.mx\\\/#website\"},\"primaryImageOfPage\":{\"@id\":\"https:\\\/\\\/quehacerpolitico.mx\\\/?p=97408#primaryimage\"},\"image\":{\"@id\":\"https:\\\/\\\/quehacerpolitico.mx\\\/?p=97408#primaryimage\"},\"thumbnailUrl\":\"https:\\\/\\\/quehacerpolitico.mx\\\/wp-content\\\/uploads\\\/2022\\\/11\\\/CCEB981C-103B-4746-A959-83F3D272E4A6.jpeg\",\"datePublished\":\"2022-11-28T15:00:54+00:00\",\"dateModified\":\"2022-11-28T15:00:58+00:00\",\"author\":{\"@id\":\"https:\\\/\\\/quehacerpolitico.mx\\\/#\\\/schema\\\/person\\\/496d8ad2d1d3f8036101dca7ee39e585\"},\"breadcrumb\":{\"@id\":\"https:\\\/\\\/quehacerpolitico.mx\\\/?p=97408#breadcrumb\"},\"inLanguage\":\"es\",\"potentialAction\":[{\"@type\":\"ReadAction\",\"target\":[\"https:\\\/\\\/quehacerpolitico.mx\\\/?p=97408\"]}]},{\"@type\":\"ImageObject\",\"inLanguage\":\"es\",\"@id\":\"https:\\\/\\\/quehacerpolitico.mx\\\/?p=97408#primaryimage\",\"url\":\"https:\\\/\\\/quehacerpolitico.mx\\\/wp-content\\\/uploads\\\/2022\\\/11\\\/CCEB981C-103B-4746-A959-83F3D272E4A6.jpeg\",\"contentUrl\":\"https:\\\/\\\/quehacerpolitico.mx\\\/wp-content\\\/uploads\\\/2022\\\/11\\\/CCEB981C-103B-4746-A959-83F3D272E4A6.jpeg\",\"width\":1284,\"height\":705},{\"@type\":\"BreadcrumbList\",\"@id\":\"https:\\\/\\\/quehacerpolitico.mx\\\/?p=97408#breadcrumb\",\"itemListElement\":[{\"@type\":\"ListItem\",\"position\":1,\"name\":\"Inicio\",\"item\":\"https:\\\/\\\/quehacerpolitico.mx\\\/\"},{\"@type\":\"ListItem\",\"position\":2,\"name\":\"Camer\u00fan y Serbia empatan a 3 en Qatar 2022\"}]},{\"@type\":\"WebSite\",\"@id\":\"https:\\\/\\\/quehacerpolitico.mx\\\/#website\",\"url\":\"https:\\\/\\\/quehacerpolitico.mx\\\/\",\"name\":\"\",\"description\":\"\",\"potentialAction\":[{\"@type\":\"SearchAction\",\"target\":{\"@type\":\"EntryPoint\",\"urlTemplate\":\"https:\\\/\\\/quehacerpolitico.mx\\\/?s={search_term_string}\"},\"query-input\":{\"@type\":\"PropertyValueSpecification\",\"valueRequired\":true,\"valueName\":\"search_term_string\"}}],\"inLanguage\":\"es\"},{\"@type\":\"Person\",\"@id\":\"https:\\\/\\\/quehacerpolitico.mx\\\/#\\\/schema\\\/person\\\/496d8ad2d1d3f8036101dca7ee39e585\",\"name\":\"Redacci\u00f3n QP\",\"image\":{\"@type\":\"ImageObject\",\"inLanguage\":\"es\",\"@id\":\"https:\\\/\\\/secure.gravatar.com\\\/avatar\\\/c7164ed6fdec453195284ad24a5ae5b6e1eed2b848477fa2a4787ba9adf39a41?s=96&d=mm&r=g\",\"url\":\"https:\\\/\\\/secure.gravatar.com\\\/avatar\\\/c7164ed6fdec453195284ad24a5ae5b6e1eed2b848477fa2a4787ba9adf39a41?s=96&d=mm&r=g\",\"contentUrl\":\"https:\\\/\\\/secure.gravatar.com\\\/avatar\\\/c7164ed6fdec453195284ad24a5ae5b6e1eed2b848477fa2a4787ba9adf39a41?s=96&d=mm&r=g\",\"caption\":\"Redacci\u00f3n QP\"},\"url\":\"https:\\\/\\\/quehacerpolitico.mx\\\/?author=2\"}]}<\/script>\n<!-- \/ Yoast SEO plugin. -->","yoast_head_json":{"title":"Camer\u00fan y Serbia empatan a 3 en Qatar 2022 -","robots":{"index":"index","follow":"follow","max-snippet":"max-snippet:-1","max-image-preview":"max-image-preview:large","max-video-preview":"max-video-preview:-1"},"canonical":"https:\/\/quehacerpolitico.mx\/?p=97408","og_locale":"es_MX","og_type":"article","og_title":"Camer\u00fan y Serbia empatan a 3 en Qatar 2022 -","og_description":"Por Redacci\u00f3n QP Camer\u00fan y Serbia empataron 3-3 este lunes en un partido disputado en...","og_url":"https:\/\/quehacerpolitico.mx\/?p=97408","article_published_time":"2022-11-28T15:00:54+00:00","article_modified_time":"2022-11-28T15:00:58+00:00","og_image":[{"width":1284,"height":705,"url":"https:\/\/quehacerpolitico.mx\/wp-content\/uploads\/2022\/11\/CCEB981C-103B-4746-A959-83F3D272E4A6.jpeg","type":"image\/jpeg"}],"author":"Redacci\u00f3n QP","twitter_card":"summary_large_image","twitter_misc":{"Escrito por":"Redacci\u00f3n QP","Tiempo de lectura":"4 minutos"},"schema":{"@context":"https:\/\/schema.org","@graph":[{"@type":"Article","@id":"https:\/\/quehacerpolitico.mx\/?p=97408#article","isPartOf":{"@id":"https:\/\/quehacerpolitico.mx\/?p=97408"},"author":{"name":"Redacci\u00f3n QP","@id":"https:\/\/quehacerpolitico.mx\/#\/schema\/person\/496d8ad2d1d3f8036101dca7ee39e585"},"headline":"Camer\u00fan y Serbia empatan a 3 en Qatar 2022","datePublished":"2022-11-28T15:00:54+00:00","dateModified":"2022-11-28T15:00:58+00:00","mainEntityOfPage":{"@id":"https:\/\/quehacerpolitico.mx\/?p=97408"},"wordCount":787,"commentCount":0,"image":{"@id":"https:\/\/quehacerpolitico.mx\/?p=97408#primaryimage"},"thumbnailUrl":"https:\/\/quehacerpolitico.mx\/wp-content\/uploads\/2022\/11\/CCEB981C-103B-4746-A959-83F3D272E4A6.jpeg","articleSection":["Deportes"],"inLanguage":"es","potentialAction":[{"@type":"CommentAction","name":"Comment","target":["https:\/\/quehacerpolitico.mx\/?p=97408#respond"]}]},{"@type":"WebPage","@id":"https:\/\/quehacerpolitico.mx\/?p=97408","url":"https:\/\/quehacerpolitico.mx\/?p=97408","name":"Camer\u00fan y Serbia empatan a 3 en Qatar 2022 -","isPartOf":{"@id":"https:\/\/quehacerpolitico.mx\/#website"},"primaryImageOfPage":{"@id":"https:\/\/quehacerpolitico.mx\/?p=97408#primaryimage"},"image":{"@id":"https:\/\/quehacerpolitico.mx\/?p=97408#primaryimage"},"thumbnailUrl":"https:\/\/quehacerpolitico.mx\/wp-content\/uploads\/2022\/11\/CCEB981C-103B-4746-A959-83F3D272E4A6.jpeg","datePublished":"2022-11-28T15:00:54+00:00","dateModified":"2022-11-28T15:00:58+00:00","author":{"@id":"https:\/\/quehacerpolitico.mx\/#\/schema\/person\/496d8ad2d1d3f8036101dca7ee39e585"},"breadcrumb":{"@id":"https:\/\/quehacerpolitico.mx\/?p=97408#breadcrumb"},"inLanguage":"es","potentialAction":[{"@type":"ReadAction","target":["https:\/\/quehacerpolitico.mx\/?p=97408"]}]},{"@type":"ImageObject","inLanguage":"es","@id":"https:\/\/quehacerpolitico.mx\/?p=97408#primaryimage","url":"https:\/\/quehacerpolitico.mx\/wp-content\/uploads\/2022\/11\/CCEB981C-103B-4746-A959-83F3D272E4A6.jpeg","contentUrl":"https:\/\/quehacerpolitico.mx\/wp-content\/uploads\/2022\/11\/CCEB981C-103B-4746-A959-83F3D272E4A6.jpeg","width":1284,"height":705},{"@type":"BreadcrumbList","@id":"https:\/\/quehacerpolitico.mx\/?p=97408#breadcrumb","itemListElement":[{"@type":"ListItem","position":1,"name":"Inicio","item":"https:\/\/quehacerpolitico.mx\/"},{"@type":"ListItem","position":2,"name":"Camer\u00fan y Serbia empatan a 3 en Qatar 2022"}]},{"@type":"WebSite","@id":"https:\/\/quehacerpolitico.mx\/#website","url":"https:\/\/quehacerpolitico.mx\/","name":"","description":"","potentialAction":[{"@type":"SearchAction","target":{"@type":"EntryPoint","urlTemplate":"https:\/\/quehacerpolitico.mx\/?s={search_term_string}"},"query-input":{"@type":"PropertyValueSpecification","valueRequired":true,"valueName":"search_term_string"}}],"inLanguage":"es"},{"@type":"Person","@id":"https:\/\/quehacerpolitico.mx\/#\/schema\/person\/496d8ad2d1d3f8036101dca7ee39e585","name":"Redacci\u00f3n QP","image":{"@type":"ImageObject","inLanguage":"es","@id":"https:\/\/secure.gravatar.com\/avatar\/c7164ed6fdec453195284ad24a5ae5b6e1eed2b848477fa2a4787ba9adf39a41?s=96&d=mm&r=g","url":"https:\/\/secure.gravatar.com\/avatar\/c7164ed6fdec453195284ad24a5ae5b6e1eed2b848477fa2a4787ba9adf39a41?s=96&d=mm&r=g","contentUrl":"https:\/\/secure.gravatar.com\/avatar\/c7164ed6fdec453195284ad24a5ae5b6e1eed2b848477fa2a4787ba9adf39a41?s=96&d=mm&r=g","caption":"Redacci\u00f3n QP"},"url":"https:\/\/quehacerpolitico.mx\/?author=2"}]}},"featured_image_urls":{"full":["https:\/\/quehacerpolitico.mx\/wp-content\/uploads\/2022\/11\/CCEB981C-103B-4746-A959-83F3D272E4A6.jpeg",1284,705,false],"thumbnail":["https:\/\/quehacerpolitico.mx\/wp-content\/uploads\/2022\/11\/CCEB981C-103B-4746-A959-83F3D272E4A6-150x150.jpeg",150,150,true],"medium":["https:\/\/quehacerpolitico.mx\/wp-content\/uploads\/2022\/11\/CCEB981C-103B-4746-A959-83F3D272E4A6-300x165.jpeg",300,165,true],"medium_large":["https:\/\/quehacerpolitico.mx\/wp-content\/uploads\/2022\/11\/CCEB981C-103B-4746-A959-83F3D272E4A6-768x422.jpeg",640,352,true],"large":["https:\/\/quehacerpolitico.mx\/wp-content\/uploads\/2022\/11\/CCEB981C-103B-4746-A959-83F3D272E4A6-1024x562.jpeg",640,351,true],"1536x1536":["https:\/\/quehacerpolitico.mx\/wp-content\/uploads\/2022\/11\/CCEB981C-103B-4746-A959-83F3D272E4A6.jpeg",1284,705,false],"2048x2048":["https:\/\/quehacerpolitico.mx\/wp-content\/uploads\/2022\/11\/CCEB981C-103B-4746-A959-83F3D272E4A6.jpeg",1284,705,false],"covernews-featured":["https:\/\/quehacerpolitico.mx\/wp-content\/uploads\/2022\/11\/CCEB981C-103B-4746-A959-83F3D272E4A6.jpeg",1024,562,false],"covernews-medium":["https:\/\/quehacerpolitico.mx\/wp-content\/uploads\/2022\/11\/CCEB981C-103B-4746-A959-83F3D272E4A6.jpeg",540,296,false]},"author_info":{"display_name":"Redacci\u00f3n QP","author_link":"https:\/\/quehacerpolitico.mx\/?author=2"},"category_info":"<a href=\"https:\/\/quehacerpolitico.mx\/?cat=54\" rel=\"category\">Deportes<\/a>","tag_info":"Deportes","comment_count":"0","_links":{"self":[{"href":"https:\/\/quehacerpolitico.mx\/index.php?rest_route=\/wp\/v2\/posts\/97408","targetHints":{"allow":["GET"]}}],"collection":[{"href":"https:\/\/quehacerpolitico.mx\/index.php?rest_route=\/wp\/v2\/posts"}],"about":[{"href":"https:\/\/quehacerpolitico.mx\/index.php?rest_route=\/wp\/v2\/types\/post"}],"author":[{"embeddable":true,"href":"https:\/\/quehacerpolitico.mx\/index.php?rest_route=\/wp\/v2\/users\/2"}],"replies":[{"embeddable":true,"href":"https:\/\/quehacerpolitico.mx\/index.php?rest_route=%2Fwp%2Fv2%2Fcomments&post=97408"}],"version-history":[{"count":1,"href":"https:\/\/quehacerpolitico.mx\/index.php?rest_route=\/wp\/v2\/posts\/97408\/revisions"}],"predecessor-version":[{"id":97410,"href":"https:\/\/quehacerpolitico.mx\/index.php?rest_route=\/wp\/v2\/posts\/97408\/revisions\/97410"}],"wp:featuredmedia":[{"embeddable":true,"href":"https:\/\/quehacerpolitico.mx\/index.php?rest_route=\/wp\/v2\/media\/97409"}],"wp:attachment":[{"href":"https:\/\/quehacerpolitico.mx\/index.php?rest_route=%2Fwp%2Fv2%2Fmedia&parent=97408"}],"wp:term":[{"taxonomy":"category","embeddable":true,"href":"https:\/\/quehacerpolitico.mx\/index.php?rest_route=%2Fwp%2Fv2%2Fcategories&post=97408"},{"taxonomy":"post_tag","embeddable":true,"href":"https:\/\/quehacerpolitico.mx\/index.php?rest_route=%2Fwp%2Fv2%2Ftags&post=97408"}],"curies":[{"name":"wp","href":"https:\/\/api.w.org\/{rel}","templated":true}]}}