{"id":97393,"date":"2022-11-26T00:07:23","date_gmt":"2022-11-26T00:07:23","guid":{"rendered":"https:\/\/quehacerpolitico.mx\/?p=97393"},"modified":"2022-11-26T02:54:11","modified_gmt":"2022-11-26T02:54:11","slug":"loret-de-mola-exhibe-colocacion-de-propaganda-para-marcha-de-lopez-obrador","status":"publish","type":"post","link":"https:\/\/quehacerpolitico.mx\/?p=97393","title":{"rendered":"Loret de Mola exhibe colocaci\u00f3n de propaganda para marcha de L\u00f3pez Obrador"},"content":{"rendered":"\n<p>Por Redacci\u00f3n QP<\/p>\n\n\n\n<p>A trav\u00e9s de redes sociales, Loret de Mola public\u00f3 im\u00e1genes de c\u00f3mo un hombre, vestido con chaleco del Gobierno de CDMX, coloca carteles para promocionar la marcha de L\u00f3pez Obrador<\/p>\n\n\n\n<p>El periodista Carlos Loret de Mola exhibi\u00f3 la colocaci\u00f3n de propaganda para la marcha del pr\u00f3ximo 27 de noviembre, convocada por el Presidente&nbsp;Andres Manuel Lopez Obrador&nbsp;por sus cuatro a\u00f1os a la cabeza del Gobierno federal.<\/p>\n\n\n\n<figure class=\"wp-block-embed is-type-video is-provider-youtube wp-block-embed-youtube wp-embed-aspect-16-9 wp-has-aspect-ratio\"><div class=\"wp-block-embed__wrapper\">\n<iframe loading=\"lazy\" title=\"Loret de Mola exhibe colocaci\u00f3n de propaganda para marcha de AMLO\" width=\"640\" height=\"360\" src=\"https:\/\/www.youtube.com\/embed\/00xAScYUdXw?feature=oembed\" frameborder=\"0\" allow=\"accelerometer; autoplay; clipboard-write; encrypted-media; gyroscope; picture-in-picture; web-share\" referrerpolicy=\"strict-origin-when-cross-origin\" allowfullscreen><\/iframe>\n<\/div><\/figure>\n\n\n\n<p>A trav\u00e9s de redes sociales, Loret de Mola public\u00f3 im\u00e1genes de c\u00f3mo&nbsp;<strong>un hombre, vestido con chaleco del Gobierno de la Ciudad de M\u00e9xico, coloca carteles para promocionar la marcha de L\u00f3pez Obrador<\/strong>, que saldr\u00e1 el domingo del \u00c1ngel de la Independencia al Z\u00f3calo.<\/p>\n\n\n\n<p><strong>&#8220;Y yo que cre\u00ed que aparec\u00edan por arte de magia\u2026&#8221;<\/strong>, expres\u00f3 Loret de Mola.<\/p>\n\n\n\n<p>La colocaci\u00f3n de propaganda evidenciada por Loret de Mola se suma a la que se puso en las instalaciones del Metro esta semana y a las que&nbsp;<strong>han denunciado ciudadanos a trav\u00e9s de redes sociales<\/strong>.<\/p>\n\n\n\n<figure class=\"wp-block-embed is-type-rich is-provider-twitter wp-block-embed-twitter\"><div class=\"wp-block-embed__wrapper\">\n<blockquote class=\"twitter-tweet\" data-width=\"550\" data-dnt=\"true\"><p lang=\"es\" dir=\"ltr\">Y yo que cre\u00ed que aparec\u00edan por arte de magia\u2026 <a href=\"https:\/\/t.co\/w6AUAss1Yp\">pic.twitter.com\/w6AUAss1Yp<\/a><\/p>&mdash; Carlos Loret de Mola (@CarlosLoret) <a href=\"https:\/\/twitter.com\/CarlosLoret\/status\/1596218681301704704?ref_src=twsrc%5Etfw\">November 25, 2022<\/a><\/blockquote><script async src=\"https:\/\/platform.twitter.com\/widgets.js\" charset=\"utf-8\"><\/script>\n<\/div><\/figure>\n\n\n\n<p>El comediante Alex Mar\u00edn y Kall &#8220;Ese Wey&#8221; comparti\u00f3 un video de c\u00f3mo retir\u00f3 &#8220;propaganda ilegal&#8221; de L\u00f3pez Obrador.<\/p>\n\n\n\n<p><strong>Sebasti\u00e1n Ram\u00edrez, presidente de Morena en la capital del pa\u00eds, expuso que ellos no pagaron por colocar la publicidad en el Metro<\/strong>, aunque dijo que hay muchas personas que quieren apoyar al Presidente.<\/p>\n\n\n\n<figure class=\"wp-block-embed is-type-rich is-provider-twitter wp-block-embed-twitter\"><div class=\"wp-block-embed__wrapper\">\n<blockquote class=\"twitter-tweet\" data-width=\"550\" data-dnt=\"true\"><p lang=\"es\" dir=\"ltr\">\ud83d\udea8 URGENTE \ud83d\udea8 <br><br>Lo acabo de grabar en este instante\u2026<br>\u2049\ufe0f <a href=\"https:\/\/t.co\/0E01WJSDjd\">pic.twitter.com\/0E01WJSDjd<\/a><\/p>&mdash; Marion Isabella \uea00 (@MarionIsabella1) <a href=\"https:\/\/twitter.com\/MarionIsabella1\/status\/1596222589990760450?ref_src=twsrc%5Etfw\">November 25, 2022<\/a><\/blockquote><script async src=\"https:\/\/platform.twitter.com\/widgets.js\" charset=\"utf-8\"><\/script>\n<\/div><\/figure>\n\n\n\n<p>El Sindicato Nacional de Trabajadores del Sistema de Transporte Colectivo (STC) Metro, que preside Fernando Espino, se desmarc\u00f3 de la publicidad.<\/p>\n\n\n\n<p>&#8220;Ni el Sindicato ni los m\u00e1s de 14 mil trabajadores del Metro se encuentran participando en la difusi\u00f3n y colocaci\u00f3n de publicidad pol\u00edtica en las instalaciones del Metro, ni en los espacios publicitarios que el STC tiene en la red del Metro&#8221;, dijo.<\/p>\n\n\n\n<p>Con Informaci\u00f3n de SUN <\/p>\n","protected":false},"excerpt":{"rendered":"<p>Por Redacci\u00f3n QP A trav\u00e9s de redes sociales, Loret de Mola public\u00f3 im\u00e1genes de c\u00f3mo&#8230;<\/p>\n","protected":false},"author":2,"featured_media":97394,"comment_status":"open","ping_status":"open","sticky":false,"template":"","format":"standard","meta":{"_monsterinsights_skip_tracking":false,"_monsterinsights_sitenote_active":false,"_monsterinsights_sitenote_note":"","_monsterinsights_sitenote_category":0,"footnotes":""},"categories":[2],"tags":[],"class_list":["post-97393","post","type-post","status-publish","format-standard","has-post-thumbnail","hentry","category-noticias"],"yoast_head":"<!-- This site is optimized with the Yoast SEO plugin v27.3 - https:\/\/yoast.com\/product\/yoast-seo-wordpress\/ -->\n<title>Loret de Mola exhibe colocaci\u00f3n de propaganda para marcha de L\u00f3pez Obrador -<\/title>\n<meta name=\"robots\" content=\"index, follow, max-snippet:-1, max-image-preview:large, max-video-preview:-1\" \/>\n<link rel=\"canonical\" href=\"https:\/\/quehacerpolitico.mx\/?p=97393\" \/>\n<meta property=\"og:locale\" content=\"es_MX\" \/>\n<meta property=\"og:type\" content=\"article\" \/>\n<meta property=\"og:title\" content=\"Loret de Mola exhibe colocaci\u00f3n de propaganda para marcha de L\u00f3pez Obrador -\" \/>\n<meta property=\"og:description\" content=\"Por Redacci\u00f3n QP A trav\u00e9s de redes sociales, Loret de Mola public\u00f3 im\u00e1genes de c\u00f3mo...\" \/>\n<meta property=\"og:url\" content=\"https:\/\/quehacerpolitico.mx\/?p=97393\" \/>\n<meta property=\"article:published_time\" content=\"2022-11-26T00:07:23+00:00\" \/>\n<meta property=\"article:modified_time\" content=\"2022-11-26T02:54:11+00:00\" \/>\n<meta property=\"og:image\" content=\"https:\/\/quehacerpolitico.mx\/wp-content\/uploads\/2022\/11\/5E9D88B6-C940-419D-A043-6ADE720F943A.jpeg\" \/>\n\t<meta property=\"og:image:width\" content=\"927\" \/>\n\t<meta property=\"og:image:height\" content=\"532\" \/>\n\t<meta property=\"og:image:type\" content=\"image\/jpeg\" \/>\n<meta name=\"author\" content=\"Redacci\u00f3n QP\" \/>\n<meta name=\"twitter:card\" content=\"summary_large_image\" \/>\n<meta name=\"twitter:label1\" content=\"Escrito por\" \/>\n\t<meta name=\"twitter:data1\" content=\"Redacci\u00f3n QP\" \/>\n\t<meta name=\"twitter:label2\" content=\"Tiempo de lectura\" \/>\n\t<meta name=\"twitter:data2\" content=\"2 minutos\" \/>\n<script type=\"application\/ld+json\" class=\"yoast-schema-graph\">{\"@context\":\"https:\\\/\\\/schema.org\",\"@graph\":[{\"@type\":\"Article\",\"@id\":\"https:\\\/\\\/quehacerpolitico.mx\\\/?p=97393#article\",\"isPartOf\":{\"@id\":\"https:\\\/\\\/quehacerpolitico.mx\\\/?p=97393\"},\"author\":{\"name\":\"Redacci\u00f3n QP\",\"@id\":\"https:\\\/\\\/quehacerpolitico.mx\\\/#\\\/schema\\\/person\\\/496d8ad2d1d3f8036101dca7ee39e585\"},\"headline\":\"Loret de Mola exhibe colocaci\u00f3n de propaganda para marcha de L\u00f3pez Obrador\",\"datePublished\":\"2022-11-26T00:07:23+00:00\",\"dateModified\":\"2022-11-26T02:54:11+00:00\",\"mainEntityOfPage\":{\"@id\":\"https:\\\/\\\/quehacerpolitico.mx\\\/?p=97393\"},\"wordCount\":355,\"commentCount\":0,\"image\":{\"@id\":\"https:\\\/\\\/quehacerpolitico.mx\\\/?p=97393#primaryimage\"},\"thumbnailUrl\":\"https:\\\/\\\/quehacerpolitico.mx\\\/wp-content\\\/uploads\\\/2022\\\/11\\\/5E9D88B6-C940-419D-A043-6ADE720F943A.jpeg\",\"articleSection\":[\"Noticias\"],\"inLanguage\":\"es\",\"potentialAction\":[{\"@type\":\"CommentAction\",\"name\":\"Comment\",\"target\":[\"https:\\\/\\\/quehacerpolitico.mx\\\/?p=97393#respond\"]}]},{\"@type\":\"WebPage\",\"@id\":\"https:\\\/\\\/quehacerpolitico.mx\\\/?p=97393\",\"url\":\"https:\\\/\\\/quehacerpolitico.mx\\\/?p=97393\",\"name\":\"Loret de Mola exhibe colocaci\u00f3n de propaganda para marcha de L\u00f3pez Obrador -\",\"isPartOf\":{\"@id\":\"https:\\\/\\\/quehacerpolitico.mx\\\/#website\"},\"primaryImageOfPage\":{\"@id\":\"https:\\\/\\\/quehacerpolitico.mx\\\/?p=97393#primaryimage\"},\"image\":{\"@id\":\"https:\\\/\\\/quehacerpolitico.mx\\\/?p=97393#primaryimage\"},\"thumbnailUrl\":\"https:\\\/\\\/quehacerpolitico.mx\\\/wp-content\\\/uploads\\\/2022\\\/11\\\/5E9D88B6-C940-419D-A043-6ADE720F943A.jpeg\",\"datePublished\":\"2022-11-26T00:07:23+00:00\",\"dateModified\":\"2022-11-26T02:54:11+00:00\",\"author\":{\"@id\":\"https:\\\/\\\/quehacerpolitico.mx\\\/#\\\/schema\\\/person\\\/496d8ad2d1d3f8036101dca7ee39e585\"},\"breadcrumb\":{\"@id\":\"https:\\\/\\\/quehacerpolitico.mx\\\/?p=97393#breadcrumb\"},\"inLanguage\":\"es\",\"potentialAction\":[{\"@type\":\"ReadAction\",\"target\":[\"https:\\\/\\\/quehacerpolitico.mx\\\/?p=97393\"]}]},{\"@type\":\"ImageObject\",\"inLanguage\":\"es\",\"@id\":\"https:\\\/\\\/quehacerpolitico.mx\\\/?p=97393#primaryimage\",\"url\":\"https:\\\/\\\/quehacerpolitico.mx\\\/wp-content\\\/uploads\\\/2022\\\/11\\\/5E9D88B6-C940-419D-A043-6ADE720F943A.jpeg\",\"contentUrl\":\"https:\\\/\\\/quehacerpolitico.mx\\\/wp-content\\\/uploads\\\/2022\\\/11\\\/5E9D88B6-C940-419D-A043-6ADE720F943A.jpeg\",\"width\":927,\"height\":532},{\"@type\":\"BreadcrumbList\",\"@id\":\"https:\\\/\\\/quehacerpolitico.mx\\\/?p=97393#breadcrumb\",\"itemListElement\":[{\"@type\":\"ListItem\",\"position\":1,\"name\":\"Inicio\",\"item\":\"https:\\\/\\\/quehacerpolitico.mx\\\/\"},{\"@type\":\"ListItem\",\"position\":2,\"name\":\"Loret de Mola exhibe colocaci\u00f3n de propaganda para marcha de L\u00f3pez Obrador\"}]},{\"@type\":\"WebSite\",\"@id\":\"https:\\\/\\\/quehacerpolitico.mx\\\/#website\",\"url\":\"https:\\\/\\\/quehacerpolitico.mx\\\/\",\"name\":\"\",\"description\":\"\",\"potentialAction\":[{\"@type\":\"SearchAction\",\"target\":{\"@type\":\"EntryPoint\",\"urlTemplate\":\"https:\\\/\\\/quehacerpolitico.mx\\\/?s={search_term_string}\"},\"query-input\":{\"@type\":\"PropertyValueSpecification\",\"valueRequired\":true,\"valueName\":\"search_term_string\"}}],\"inLanguage\":\"es\"},{\"@type\":\"Person\",\"@id\":\"https:\\\/\\\/quehacerpolitico.mx\\\/#\\\/schema\\\/person\\\/496d8ad2d1d3f8036101dca7ee39e585\",\"name\":\"Redacci\u00f3n QP\",\"image\":{\"@type\":\"ImageObject\",\"inLanguage\":\"es\",\"@id\":\"https:\\\/\\\/secure.gravatar.com\\\/avatar\\\/c7164ed6fdec453195284ad24a5ae5b6e1eed2b848477fa2a4787ba9adf39a41?s=96&d=mm&r=g\",\"url\":\"https:\\\/\\\/secure.gravatar.com\\\/avatar\\\/c7164ed6fdec453195284ad24a5ae5b6e1eed2b848477fa2a4787ba9adf39a41?s=96&d=mm&r=g\",\"contentUrl\":\"https:\\\/\\\/secure.gravatar.com\\\/avatar\\\/c7164ed6fdec453195284ad24a5ae5b6e1eed2b848477fa2a4787ba9adf39a41?s=96&d=mm&r=g\",\"caption\":\"Redacci\u00f3n QP\"},\"url\":\"https:\\\/\\\/quehacerpolitico.mx\\\/?author=2\"}]}<\/script>\n<!-- \/ Yoast SEO plugin. -->","yoast_head_json":{"title":"Loret de Mola exhibe colocaci\u00f3n de propaganda para marcha de L\u00f3pez Obrador -","robots":{"index":"index","follow":"follow","max-snippet":"max-snippet:-1","max-image-preview":"max-image-preview:large","max-video-preview":"max-video-preview:-1"},"canonical":"https:\/\/quehacerpolitico.mx\/?p=97393","og_locale":"es_MX","og_type":"article","og_title":"Loret de Mola exhibe colocaci\u00f3n de propaganda para marcha de L\u00f3pez Obrador -","og_description":"Por Redacci\u00f3n QP A trav\u00e9s de redes sociales, Loret de Mola public\u00f3 im\u00e1genes de c\u00f3mo...","og_url":"https:\/\/quehacerpolitico.mx\/?p=97393","article_published_time":"2022-11-26T00:07:23+00:00","article_modified_time":"2022-11-26T02:54:11+00:00","og_image":[{"width":927,"height":532,"url":"https:\/\/quehacerpolitico.mx\/wp-content\/uploads\/2022\/11\/5E9D88B6-C940-419D-A043-6ADE720F943A.jpeg","type":"image\/jpeg"}],"author":"Redacci\u00f3n QP","twitter_card":"summary_large_image","twitter_misc":{"Escrito por":"Redacci\u00f3n QP","Tiempo de lectura":"2 minutos"},"schema":{"@context":"https:\/\/schema.org","@graph":[{"@type":"Article","@id":"https:\/\/quehacerpolitico.mx\/?p=97393#article","isPartOf":{"@id":"https:\/\/quehacerpolitico.mx\/?p=97393"},"author":{"name":"Redacci\u00f3n QP","@id":"https:\/\/quehacerpolitico.mx\/#\/schema\/person\/496d8ad2d1d3f8036101dca7ee39e585"},"headline":"Loret de Mola exhibe colocaci\u00f3n de propaganda para marcha de L\u00f3pez Obrador","datePublished":"2022-11-26T00:07:23+00:00","dateModified":"2022-11-26T02:54:11+00:00","mainEntityOfPage":{"@id":"https:\/\/quehacerpolitico.mx\/?p=97393"},"wordCount":355,"commentCount":0,"image":{"@id":"https:\/\/quehacerpolitico.mx\/?p=97393#primaryimage"},"thumbnailUrl":"https:\/\/quehacerpolitico.mx\/wp-content\/uploads\/2022\/11\/5E9D88B6-C940-419D-A043-6ADE720F943A.jpeg","articleSection":["Noticias"],"inLanguage":"es","potentialAction":[{"@type":"CommentAction","name":"Comment","target":["https:\/\/quehacerpolitico.mx\/?p=97393#respond"]}]},{"@type":"WebPage","@id":"https:\/\/quehacerpolitico.mx\/?p=97393","url":"https:\/\/quehacerpolitico.mx\/?p=97393","name":"Loret de Mola exhibe colocaci\u00f3n de propaganda para marcha de L\u00f3pez Obrador -","isPartOf":{"@id":"https:\/\/quehacerpolitico.mx\/#website"},"primaryImageOfPage":{"@id":"https:\/\/quehacerpolitico.mx\/?p=97393#primaryimage"},"image":{"@id":"https:\/\/quehacerpolitico.mx\/?p=97393#primaryimage"},"thumbnailUrl":"https:\/\/quehacerpolitico.mx\/wp-content\/uploads\/2022\/11\/5E9D88B6-C940-419D-A043-6ADE720F943A.jpeg","datePublished":"2022-11-26T00:07:23+00:00","dateModified":"2022-11-26T02:54:11+00:00","author":{"@id":"https:\/\/quehacerpolitico.mx\/#\/schema\/person\/496d8ad2d1d3f8036101dca7ee39e585"},"breadcrumb":{"@id":"https:\/\/quehacerpolitico.mx\/?p=97393#breadcrumb"},"inLanguage":"es","potentialAction":[{"@type":"ReadAction","target":["https:\/\/quehacerpolitico.mx\/?p=97393"]}]},{"@type":"ImageObject","inLanguage":"es","@id":"https:\/\/quehacerpolitico.mx\/?p=97393#primaryimage","url":"https:\/\/quehacerpolitico.mx\/wp-content\/uploads\/2022\/11\/5E9D88B6-C940-419D-A043-6ADE720F943A.jpeg","contentUrl":"https:\/\/quehacerpolitico.mx\/wp-content\/uploads\/2022\/11\/5E9D88B6-C940-419D-A043-6ADE720F943A.jpeg","width":927,"height":532},{"@type":"BreadcrumbList","@id":"https:\/\/quehacerpolitico.mx\/?p=97393#breadcrumb","itemListElement":[{"@type":"ListItem","position":1,"name":"Inicio","item":"https:\/\/quehacerpolitico.mx\/"},{"@type":"ListItem","position":2,"name":"Loret de Mola exhibe colocaci\u00f3n de propaganda para marcha de L\u00f3pez Obrador"}]},{"@type":"WebSite","@id":"https:\/\/quehacerpolitico.mx\/#website","url":"https:\/\/quehacerpolitico.mx\/","name":"","description":"","potentialAction":[{"@type":"SearchAction","target":{"@type":"EntryPoint","urlTemplate":"https:\/\/quehacerpolitico.mx\/?s={search_term_string}"},"query-input":{"@type":"PropertyValueSpecification","valueRequired":true,"valueName":"search_term_string"}}],"inLanguage":"es"},{"@type":"Person","@id":"https:\/\/quehacerpolitico.mx\/#\/schema\/person\/496d8ad2d1d3f8036101dca7ee39e585","name":"Redacci\u00f3n QP","image":{"@type":"ImageObject","inLanguage":"es","@id":"https:\/\/secure.gravatar.com\/avatar\/c7164ed6fdec453195284ad24a5ae5b6e1eed2b848477fa2a4787ba9adf39a41?s=96&d=mm&r=g","url":"https:\/\/secure.gravatar.com\/avatar\/c7164ed6fdec453195284ad24a5ae5b6e1eed2b848477fa2a4787ba9adf39a41?s=96&d=mm&r=g","contentUrl":"https:\/\/secure.gravatar.com\/avatar\/c7164ed6fdec453195284ad24a5ae5b6e1eed2b848477fa2a4787ba9adf39a41?s=96&d=mm&r=g","caption":"Redacci\u00f3n QP"},"url":"https:\/\/quehacerpolitico.mx\/?author=2"}]}},"featured_image_urls":{"full":["https:\/\/quehacerpolitico.mx\/wp-content\/uploads\/2022\/11\/5E9D88B6-C940-419D-A043-6ADE720F943A.jpeg",927,532,false],"thumbnail":["https:\/\/quehacerpolitico.mx\/wp-content\/uploads\/2022\/11\/5E9D88B6-C940-419D-A043-6ADE720F943A-150x150.jpeg",150,150,true],"medium":["https:\/\/quehacerpolitico.mx\/wp-content\/uploads\/2022\/11\/5E9D88B6-C940-419D-A043-6ADE720F943A-300x172.jpeg",300,172,true],"medium_large":["https:\/\/quehacerpolitico.mx\/wp-content\/uploads\/2022\/11\/5E9D88B6-C940-419D-A043-6ADE720F943A-768x441.jpeg",640,368,true],"large":["https:\/\/quehacerpolitico.mx\/wp-content\/uploads\/2022\/11\/5E9D88B6-C940-419D-A043-6ADE720F943A.jpeg",640,367,false],"1536x1536":["https:\/\/quehacerpolitico.mx\/wp-content\/uploads\/2022\/11\/5E9D88B6-C940-419D-A043-6ADE720F943A.jpeg",927,532,false],"2048x2048":["https:\/\/quehacerpolitico.mx\/wp-content\/uploads\/2022\/11\/5E9D88B6-C940-419D-A043-6ADE720F943A.jpeg",927,532,false],"covernews-featured":["https:\/\/quehacerpolitico.mx\/wp-content\/uploads\/2022\/11\/5E9D88B6-C940-419D-A043-6ADE720F943A.jpeg",927,532,false],"covernews-medium":["https:\/\/quehacerpolitico.mx\/wp-content\/uploads\/2022\/11\/5E9D88B6-C940-419D-A043-6ADE720F943A.jpeg",540,310,false]},"author_info":{"display_name":"Redacci\u00f3n QP","author_link":"https:\/\/quehacerpolitico.mx\/?author=2"},"category_info":"<a href=\"https:\/\/quehacerpolitico.mx\/?cat=2\" rel=\"category\">Noticias<\/a>","tag_info":"Noticias","comment_count":"0","_links":{"self":[{"href":"https:\/\/quehacerpolitico.mx\/index.php?rest_route=\/wp\/v2\/posts\/97393","targetHints":{"allow":["GET"]}}],"collection":[{"href":"https:\/\/quehacerpolitico.mx\/index.php?rest_route=\/wp\/v2\/posts"}],"about":[{"href":"https:\/\/quehacerpolitico.mx\/index.php?rest_route=\/wp\/v2\/types\/post"}],"author":[{"embeddable":true,"href":"https:\/\/quehacerpolitico.mx\/index.php?rest_route=\/wp\/v2\/users\/2"}],"replies":[{"embeddable":true,"href":"https:\/\/quehacerpolitico.mx\/index.php?rest_route=%2Fwp%2Fv2%2Fcomments&post=97393"}],"version-history":[{"count":2,"href":"https:\/\/quehacerpolitico.mx\/index.php?rest_route=\/wp\/v2\/posts\/97393\/revisions"}],"predecessor-version":[{"id":97399,"href":"https:\/\/quehacerpolitico.mx\/index.php?rest_route=\/wp\/v2\/posts\/97393\/revisions\/97399"}],"wp:featuredmedia":[{"embeddable":true,"href":"https:\/\/quehacerpolitico.mx\/index.php?rest_route=\/wp\/v2\/media\/97394"}],"wp:attachment":[{"href":"https:\/\/quehacerpolitico.mx\/index.php?rest_route=%2Fwp%2Fv2%2Fmedia&parent=97393"}],"wp:term":[{"taxonomy":"category","embeddable":true,"href":"https:\/\/quehacerpolitico.mx\/index.php?rest_route=%2Fwp%2Fv2%2Fcategories&post=97393"},{"taxonomy":"post_tag","embeddable":true,"href":"https:\/\/quehacerpolitico.mx\/index.php?rest_route=%2Fwp%2Fv2%2Ftags&post=97393"}],"curies":[{"name":"wp","href":"https:\/\/api.w.org\/{rel}","templated":true}]}}