{"id":97390,"date":"2022-11-25T23:30:45","date_gmt":"2022-11-25T23:30:45","guid":{"rendered":"https:\/\/quehacerpolitico.mx\/?p=97390"},"modified":"2022-11-25T23:30:49","modified_gmt":"2022-11-25T23:30:49","slug":"muere-hector-bonilla-a-los-83-anos","status":"publish","type":"post","link":"https:\/\/quehacerpolitico.mx\/?p=97390","title":{"rendered":"Muere H\u00e9ctor Bonilla a los 83 a\u00f1os"},"content":{"rendered":"\n<p>Por Redacci\u00f3n QP<\/p>\n\n\n\n<p>El actor mexicano falleci\u00f3 este viernes a los 83 a\u00f1os<\/p>\n\n\n\n<p>Este viernes 25 de noviembre, el famoso actor mexicano,\u00a0<strong>H\u00e9ctor Bonilla<\/strong>\u00a0falleci\u00f3 a los<strong>\u00a083 a\u00f1os<\/strong>, as\u00ed lo dio a conocer la Secretar\u00eda de Cultura a trav\u00e9s de su cuenta de Twitter.<\/p>\n\n\n\n<figure class=\"wp-block-embed is-type-rich is-provider-twitter wp-block-embed-twitter\"><div class=\"wp-block-embed__wrapper\">\n<blockquote class=\"twitter-tweet\" data-width=\"550\" data-dnt=\"true\"><p lang=\"es\" dir=\"ltr\">La Secretar\u00eda de Cultura lamenta profundamente el fallecimiento del actor H\u00e9ctor Bonilla, egresado de la Escuela de Arte Teatral del INBAL y considerado uno de los mejores actores de M\u00e9xico. Se desarroll\u00f3 en teatro, televisi\u00f3n y cine, donde particip\u00f3 en filmes como Rojo amanecer. <a href=\"https:\/\/t.co\/Q8qQzmXuAo\">pic.twitter.com\/Q8qQzmXuAo<\/a><\/p>&mdash; Secretar\u00eda de Cultura (@cultura_mx) <a href=\"https:\/\/twitter.com\/cultura_mx\/status\/1596275128920600576?ref_src=twsrc%5Etfw\">November 25, 2022<\/a><\/blockquote><script async src=\"https:\/\/platform.twitter.com\/widgets.js\" charset=\"utf-8\"><\/script>\n<\/div><\/figure>\n\n\n\n<p>Hasta el momento no se sabe la causa de la muerte, sin embargo hace poco se inform\u00f3 que el actor mexicano estaba luchando contra el c\u00e1ncer de ri\u00f1\u00f3n. La familia del actor no se ha pronunciado al respecto.<\/p>\n\n\n\n<figure class=\"wp-block-embed is-type-video is-provider-youtube wp-block-embed-youtube wp-embed-aspect-16-9 wp-has-aspect-ratio\"><div class=\"wp-block-embed__wrapper\">\n<iframe loading=\"lazy\" title=\"La Vida y El Triste Final de H\u00e9ctor Bonilla\" width=\"640\" height=\"360\" src=\"https:\/\/www.youtube.com\/embed\/hoP9wpyuUAU?feature=oembed\" frameborder=\"0\" allow=\"accelerometer; autoplay; clipboard-write; encrypted-media; gyroscope; picture-in-picture; web-share\" referrerpolicy=\"strict-origin-when-cross-origin\" allowfullscreen><\/iframe>\n<\/div><\/figure>\n\n\n\n<p>El actor nacido en Tetela de Ocampo, Puebla brill\u00f3 por sus grandes presentaciones en televisi\u00f3n, cine y teatro, adem\u00e1s hace poco fue homenajeado por su hijo Fernando Bonilla tras su presentaci\u00f3n de teatro \u2018El corrido del rey Lear\u2019.<\/p>\n\n\n\n<p>Fernando Bonilla, hijo del histri\u00f3n, revel\u00f3 por medio de un comunicado que H\u00e9ctor muri\u00f3 tras cuatro a\u00f1os de lucha contra el c\u00e1ncer de ri\u00f1\u00f3n.<\/p>\n\n\n\n<figure class=\"wp-block-embed is-type-rich is-provider-twitter wp-block-embed-twitter\"><div class=\"wp-block-embed__wrapper\">\n<blockquote class=\"twitter-tweet\" data-width=\"550\" data-dnt=\"true\"><p lang=\"zxx\" dir=\"ltr\"><a href=\"https:\/\/t.co\/LkyMSoj6O4\">pic.twitter.com\/LkyMSoj6O4<\/a><\/p>&mdash; Fernando Bonilla (@fdobonilla) <a href=\"https:\/\/twitter.com\/fdobonilla\/status\/1596276833313775617?ref_src=twsrc%5Etfw\">November 25, 2022<\/a><\/blockquote><script async src=\"https:\/\/platform.twitter.com\/widgets.js\" charset=\"utf-8\"><\/script>\n<\/div><\/figure>\n\n\n\n<p>Muri\u00f3 en su casa, en paz,\u00a0<strong>sin dolor<\/strong>y rodeado por su c\u00edrculo m\u00e1s \u00edntimo, que lo acompa\u00f1\u00f3 hasta el\u00a0<strong>final<\/strong>\u201c, expres\u00f3.<\/p>\n\n\n\n<p>Egres\u00f3 de la Escuela Nacional de Teatro del&nbsp;<strong>Instituto Nacional de Bellas Artes de M\u00e9xico<\/strong>&nbsp;(<strong>INBAL<\/strong>) y su fama se dispar\u00f3 con su participaci\u00f3n en la pel\u00edcula \u2018Rojo amanecer\u2019, donde interpreta a un padre de familia en medio de la Matanza de Tlatelolco.<\/p>\n\n\n\n<p>Tambi\u00e9n particip\u00f3 en \u2018<strong>El Bulto<\/strong>\u2018, que trata del \u2018Jueves de Corpus\u2019 o \u2018El Halconazo\u2019, una matanza ocurrida el 10 de junio de 1971.<\/p>\n\n\n\n<p>Particip\u00f3 en telenovelas como \u2018Viviana\u2019, \u2018La gloria y el infierno\u2019, \u2018La pasi\u00f3n de Isabella\u2019, \u2018Vanessa\u2019, entre otras.<\/p>\n\n\n\n<p>Estuvo casado con la actriz Socorro Bonilla, de quien se divorci\u00f3 en 1983 y posteriormente se volvi\u00f3 a casar con Sof\u00eda \u00c1lvarez en 1985. Fue padre de Leonor, Sergio y Fernando Bonilla.<\/p>\n\n\n\n<p>Entre sus \u00faltimas actuaciones, se encuentra \u2018El se\u00f1or de los cielos\u2019 (2018), \u2018Coco\u2019, \u2018Ana y Bruno\u2019, y el documental \u2018Porfirio D\u00edaz: 100 a\u00f1os sin patria\u2019 (2015).<\/p>\n","protected":false},"excerpt":{"rendered":"<p>Por Redacci\u00f3n QP El actor mexicano falleci\u00f3 este viernes a los 83 a\u00f1os Este viernes&#8230;<\/p>\n","protected":false},"author":2,"featured_media":97391,"comment_status":"open","ping_status":"open","sticky":false,"template":"","format":"standard","meta":{"_monsterinsights_skip_tracking":false,"_monsterinsights_sitenote_active":false,"_monsterinsights_sitenote_note":"","_monsterinsights_sitenote_category":0,"footnotes":""},"categories":[58],"tags":[],"class_list":["post-97390","post","type-post","status-publish","format-standard","has-post-thumbnail","hentry","category-cultura"],"yoast_head":"<!-- This site is optimized with the Yoast SEO plugin v27.3 - https:\/\/yoast.com\/product\/yoast-seo-wordpress\/ -->\n<title>Muere H\u00e9ctor Bonilla a los 83 a\u00f1os -<\/title>\n<meta name=\"robots\" content=\"index, follow, max-snippet:-1, max-image-preview:large, max-video-preview:-1\" \/>\n<link rel=\"canonical\" href=\"https:\/\/quehacerpolitico.mx\/?p=97390\" \/>\n<meta property=\"og:locale\" content=\"es_MX\" \/>\n<meta property=\"og:type\" content=\"article\" \/>\n<meta property=\"og:title\" content=\"Muere H\u00e9ctor Bonilla a los 83 a\u00f1os -\" \/>\n<meta property=\"og:description\" content=\"Por Redacci\u00f3n QP El actor mexicano falleci\u00f3 este viernes a los 83 a\u00f1os Este viernes...\" \/>\n<meta property=\"og:url\" content=\"https:\/\/quehacerpolitico.mx\/?p=97390\" \/>\n<meta property=\"article:published_time\" content=\"2022-11-25T23:30:45+00:00\" \/>\n<meta property=\"article:modified_time\" content=\"2022-11-25T23:30:49+00:00\" \/>\n<meta property=\"og:image\" content=\"https:\/\/quehacerpolitico.mx\/wp-content\/uploads\/2022\/11\/690AA6F9-96BB-46C6-BD89-BC584516F999.jpeg\" \/>\n\t<meta property=\"og:image:width\" content=\"1080\" \/>\n\t<meta property=\"og:image:height\" content=\"761\" \/>\n\t<meta property=\"og:image:type\" content=\"image\/jpeg\" \/>\n<meta name=\"author\" content=\"Redacci\u00f3n QP\" \/>\n<meta name=\"twitter:card\" content=\"summary_large_image\" \/>\n<meta name=\"twitter:label1\" content=\"Escrito por\" \/>\n\t<meta name=\"twitter:data1\" content=\"Redacci\u00f3n QP\" \/>\n\t<meta name=\"twitter:label2\" content=\"Tiempo de lectura\" \/>\n\t<meta name=\"twitter:data2\" content=\"2 minutos\" \/>\n<script type=\"application\/ld+json\" class=\"yoast-schema-graph\">{\"@context\":\"https:\\\/\\\/schema.org\",\"@graph\":[{\"@type\":\"Article\",\"@id\":\"https:\\\/\\\/quehacerpolitico.mx\\\/?p=97390#article\",\"isPartOf\":{\"@id\":\"https:\\\/\\\/quehacerpolitico.mx\\\/?p=97390\"},\"author\":{\"name\":\"Redacci\u00f3n QP\",\"@id\":\"https:\\\/\\\/quehacerpolitico.mx\\\/#\\\/schema\\\/person\\\/496d8ad2d1d3f8036101dca7ee39e585\"},\"headline\":\"Muere H\u00e9ctor Bonilla a los 83 a\u00f1os\",\"datePublished\":\"2022-11-25T23:30:45+00:00\",\"dateModified\":\"2022-11-25T23:30:49+00:00\",\"mainEntityOfPage\":{\"@id\":\"https:\\\/\\\/quehacerpolitico.mx\\\/?p=97390\"},\"wordCount\":365,\"commentCount\":0,\"image\":{\"@id\":\"https:\\\/\\\/quehacerpolitico.mx\\\/?p=97390#primaryimage\"},\"thumbnailUrl\":\"https:\\\/\\\/quehacerpolitico.mx\\\/wp-content\\\/uploads\\\/2022\\\/11\\\/690AA6F9-96BB-46C6-BD89-BC584516F999.jpeg\",\"articleSection\":[\"Cultura y Entretenimiento\"],\"inLanguage\":\"es\",\"potentialAction\":[{\"@type\":\"CommentAction\",\"name\":\"Comment\",\"target\":[\"https:\\\/\\\/quehacerpolitico.mx\\\/?p=97390#respond\"]}]},{\"@type\":\"WebPage\",\"@id\":\"https:\\\/\\\/quehacerpolitico.mx\\\/?p=97390\",\"url\":\"https:\\\/\\\/quehacerpolitico.mx\\\/?p=97390\",\"name\":\"Muere H\u00e9ctor Bonilla a los 83 a\u00f1os -\",\"isPartOf\":{\"@id\":\"https:\\\/\\\/quehacerpolitico.mx\\\/#website\"},\"primaryImageOfPage\":{\"@id\":\"https:\\\/\\\/quehacerpolitico.mx\\\/?p=97390#primaryimage\"},\"image\":{\"@id\":\"https:\\\/\\\/quehacerpolitico.mx\\\/?p=97390#primaryimage\"},\"thumbnailUrl\":\"https:\\\/\\\/quehacerpolitico.mx\\\/wp-content\\\/uploads\\\/2022\\\/11\\\/690AA6F9-96BB-46C6-BD89-BC584516F999.jpeg\",\"datePublished\":\"2022-11-25T23:30:45+00:00\",\"dateModified\":\"2022-11-25T23:30:49+00:00\",\"author\":{\"@id\":\"https:\\\/\\\/quehacerpolitico.mx\\\/#\\\/schema\\\/person\\\/496d8ad2d1d3f8036101dca7ee39e585\"},\"breadcrumb\":{\"@id\":\"https:\\\/\\\/quehacerpolitico.mx\\\/?p=97390#breadcrumb\"},\"inLanguage\":\"es\",\"potentialAction\":[{\"@type\":\"ReadAction\",\"target\":[\"https:\\\/\\\/quehacerpolitico.mx\\\/?p=97390\"]}]},{\"@type\":\"ImageObject\",\"inLanguage\":\"es\",\"@id\":\"https:\\\/\\\/quehacerpolitico.mx\\\/?p=97390#primaryimage\",\"url\":\"https:\\\/\\\/quehacerpolitico.mx\\\/wp-content\\\/uploads\\\/2022\\\/11\\\/690AA6F9-96BB-46C6-BD89-BC584516F999.jpeg\",\"contentUrl\":\"https:\\\/\\\/quehacerpolitico.mx\\\/wp-content\\\/uploads\\\/2022\\\/11\\\/690AA6F9-96BB-46C6-BD89-BC584516F999.jpeg\",\"width\":1080,\"height\":761},{\"@type\":\"BreadcrumbList\",\"@id\":\"https:\\\/\\\/quehacerpolitico.mx\\\/?p=97390#breadcrumb\",\"itemListElement\":[{\"@type\":\"ListItem\",\"position\":1,\"name\":\"Inicio\",\"item\":\"https:\\\/\\\/quehacerpolitico.mx\\\/\"},{\"@type\":\"ListItem\",\"position\":2,\"name\":\"Muere H\u00e9ctor Bonilla a los 83 a\u00f1os\"}]},{\"@type\":\"WebSite\",\"@id\":\"https:\\\/\\\/quehacerpolitico.mx\\\/#website\",\"url\":\"https:\\\/\\\/quehacerpolitico.mx\\\/\",\"name\":\"\",\"description\":\"\",\"potentialAction\":[{\"@type\":\"SearchAction\",\"target\":{\"@type\":\"EntryPoint\",\"urlTemplate\":\"https:\\\/\\\/quehacerpolitico.mx\\\/?s={search_term_string}\"},\"query-input\":{\"@type\":\"PropertyValueSpecification\",\"valueRequired\":true,\"valueName\":\"search_term_string\"}}],\"inLanguage\":\"es\"},{\"@type\":\"Person\",\"@id\":\"https:\\\/\\\/quehacerpolitico.mx\\\/#\\\/schema\\\/person\\\/496d8ad2d1d3f8036101dca7ee39e585\",\"name\":\"Redacci\u00f3n QP\",\"image\":{\"@type\":\"ImageObject\",\"inLanguage\":\"es\",\"@id\":\"https:\\\/\\\/secure.gravatar.com\\\/avatar\\\/c7164ed6fdec453195284ad24a5ae5b6e1eed2b848477fa2a4787ba9adf39a41?s=96&d=mm&r=g\",\"url\":\"https:\\\/\\\/secure.gravatar.com\\\/avatar\\\/c7164ed6fdec453195284ad24a5ae5b6e1eed2b848477fa2a4787ba9adf39a41?s=96&d=mm&r=g\",\"contentUrl\":\"https:\\\/\\\/secure.gravatar.com\\\/avatar\\\/c7164ed6fdec453195284ad24a5ae5b6e1eed2b848477fa2a4787ba9adf39a41?s=96&d=mm&r=g\",\"caption\":\"Redacci\u00f3n QP\"},\"url\":\"https:\\\/\\\/quehacerpolitico.mx\\\/?author=2\"}]}<\/script>\n<!-- \/ Yoast SEO plugin. -->","yoast_head_json":{"title":"Muere H\u00e9ctor Bonilla a los 83 a\u00f1os -","robots":{"index":"index","follow":"follow","max-snippet":"max-snippet:-1","max-image-preview":"max-image-preview:large","max-video-preview":"max-video-preview:-1"},"canonical":"https:\/\/quehacerpolitico.mx\/?p=97390","og_locale":"es_MX","og_type":"article","og_title":"Muere H\u00e9ctor Bonilla a los 83 a\u00f1os -","og_description":"Por Redacci\u00f3n QP El actor mexicano falleci\u00f3 este viernes a los 83 a\u00f1os Este viernes...","og_url":"https:\/\/quehacerpolitico.mx\/?p=97390","article_published_time":"2022-11-25T23:30:45+00:00","article_modified_time":"2022-11-25T23:30:49+00:00","og_image":[{"width":1080,"height":761,"url":"https:\/\/quehacerpolitico.mx\/wp-content\/uploads\/2022\/11\/690AA6F9-96BB-46C6-BD89-BC584516F999.jpeg","type":"image\/jpeg"}],"author":"Redacci\u00f3n QP","twitter_card":"summary_large_image","twitter_misc":{"Escrito por":"Redacci\u00f3n QP","Tiempo de lectura":"2 minutos"},"schema":{"@context":"https:\/\/schema.org","@graph":[{"@type":"Article","@id":"https:\/\/quehacerpolitico.mx\/?p=97390#article","isPartOf":{"@id":"https:\/\/quehacerpolitico.mx\/?p=97390"},"author":{"name":"Redacci\u00f3n QP","@id":"https:\/\/quehacerpolitico.mx\/#\/schema\/person\/496d8ad2d1d3f8036101dca7ee39e585"},"headline":"Muere H\u00e9ctor Bonilla a los 83 a\u00f1os","datePublished":"2022-11-25T23:30:45+00:00","dateModified":"2022-11-25T23:30:49+00:00","mainEntityOfPage":{"@id":"https:\/\/quehacerpolitico.mx\/?p=97390"},"wordCount":365,"commentCount":0,"image":{"@id":"https:\/\/quehacerpolitico.mx\/?p=97390#primaryimage"},"thumbnailUrl":"https:\/\/quehacerpolitico.mx\/wp-content\/uploads\/2022\/11\/690AA6F9-96BB-46C6-BD89-BC584516F999.jpeg","articleSection":["Cultura y Entretenimiento"],"inLanguage":"es","potentialAction":[{"@type":"CommentAction","name":"Comment","target":["https:\/\/quehacerpolitico.mx\/?p=97390#respond"]}]},{"@type":"WebPage","@id":"https:\/\/quehacerpolitico.mx\/?p=97390","url":"https:\/\/quehacerpolitico.mx\/?p=97390","name":"Muere H\u00e9ctor Bonilla a los 83 a\u00f1os -","isPartOf":{"@id":"https:\/\/quehacerpolitico.mx\/#website"},"primaryImageOfPage":{"@id":"https:\/\/quehacerpolitico.mx\/?p=97390#primaryimage"},"image":{"@id":"https:\/\/quehacerpolitico.mx\/?p=97390#primaryimage"},"thumbnailUrl":"https:\/\/quehacerpolitico.mx\/wp-content\/uploads\/2022\/11\/690AA6F9-96BB-46C6-BD89-BC584516F999.jpeg","datePublished":"2022-11-25T23:30:45+00:00","dateModified":"2022-11-25T23:30:49+00:00","author":{"@id":"https:\/\/quehacerpolitico.mx\/#\/schema\/person\/496d8ad2d1d3f8036101dca7ee39e585"},"breadcrumb":{"@id":"https:\/\/quehacerpolitico.mx\/?p=97390#breadcrumb"},"inLanguage":"es","potentialAction":[{"@type":"ReadAction","target":["https:\/\/quehacerpolitico.mx\/?p=97390"]}]},{"@type":"ImageObject","inLanguage":"es","@id":"https:\/\/quehacerpolitico.mx\/?p=97390#primaryimage","url":"https:\/\/quehacerpolitico.mx\/wp-content\/uploads\/2022\/11\/690AA6F9-96BB-46C6-BD89-BC584516F999.jpeg","contentUrl":"https:\/\/quehacerpolitico.mx\/wp-content\/uploads\/2022\/11\/690AA6F9-96BB-46C6-BD89-BC584516F999.jpeg","width":1080,"height":761},{"@type":"BreadcrumbList","@id":"https:\/\/quehacerpolitico.mx\/?p=97390#breadcrumb","itemListElement":[{"@type":"ListItem","position":1,"name":"Inicio","item":"https:\/\/quehacerpolitico.mx\/"},{"@type":"ListItem","position":2,"name":"Muere H\u00e9ctor Bonilla a los 83 a\u00f1os"}]},{"@type":"WebSite","@id":"https:\/\/quehacerpolitico.mx\/#website","url":"https:\/\/quehacerpolitico.mx\/","name":"","description":"","potentialAction":[{"@type":"SearchAction","target":{"@type":"EntryPoint","urlTemplate":"https:\/\/quehacerpolitico.mx\/?s={search_term_string}"},"query-input":{"@type":"PropertyValueSpecification","valueRequired":true,"valueName":"search_term_string"}}],"inLanguage":"es"},{"@type":"Person","@id":"https:\/\/quehacerpolitico.mx\/#\/schema\/person\/496d8ad2d1d3f8036101dca7ee39e585","name":"Redacci\u00f3n QP","image":{"@type":"ImageObject","inLanguage":"es","@id":"https:\/\/secure.gravatar.com\/avatar\/c7164ed6fdec453195284ad24a5ae5b6e1eed2b848477fa2a4787ba9adf39a41?s=96&d=mm&r=g","url":"https:\/\/secure.gravatar.com\/avatar\/c7164ed6fdec453195284ad24a5ae5b6e1eed2b848477fa2a4787ba9adf39a41?s=96&d=mm&r=g","contentUrl":"https:\/\/secure.gravatar.com\/avatar\/c7164ed6fdec453195284ad24a5ae5b6e1eed2b848477fa2a4787ba9adf39a41?s=96&d=mm&r=g","caption":"Redacci\u00f3n QP"},"url":"https:\/\/quehacerpolitico.mx\/?author=2"}]}},"featured_image_urls":{"full":["https:\/\/quehacerpolitico.mx\/wp-content\/uploads\/2022\/11\/690AA6F9-96BB-46C6-BD89-BC584516F999.jpeg",1080,761,false],"thumbnail":["https:\/\/quehacerpolitico.mx\/wp-content\/uploads\/2022\/11\/690AA6F9-96BB-46C6-BD89-BC584516F999-150x150.jpeg",150,150,true],"medium":["https:\/\/quehacerpolitico.mx\/wp-content\/uploads\/2022\/11\/690AA6F9-96BB-46C6-BD89-BC584516F999-300x211.jpeg",300,211,true],"medium_large":["https:\/\/quehacerpolitico.mx\/wp-content\/uploads\/2022\/11\/690AA6F9-96BB-46C6-BD89-BC584516F999-768x541.jpeg",640,451,true],"large":["https:\/\/quehacerpolitico.mx\/wp-content\/uploads\/2022\/11\/690AA6F9-96BB-46C6-BD89-BC584516F999-1024x722.jpeg",640,451,true],"1536x1536":["https:\/\/quehacerpolitico.mx\/wp-content\/uploads\/2022\/11\/690AA6F9-96BB-46C6-BD89-BC584516F999.jpeg",1080,761,false],"2048x2048":["https:\/\/quehacerpolitico.mx\/wp-content\/uploads\/2022\/11\/690AA6F9-96BB-46C6-BD89-BC584516F999.jpeg",1080,761,false],"covernews-featured":["https:\/\/quehacerpolitico.mx\/wp-content\/uploads\/2022\/11\/690AA6F9-96BB-46C6-BD89-BC584516F999.jpeg",1024,722,false],"covernews-medium":["https:\/\/quehacerpolitico.mx\/wp-content\/uploads\/2022\/11\/690AA6F9-96BB-46C6-BD89-BC584516F999.jpeg",483,340,false]},"author_info":{"display_name":"Redacci\u00f3n QP","author_link":"https:\/\/quehacerpolitico.mx\/?author=2"},"category_info":"<a href=\"https:\/\/quehacerpolitico.mx\/?cat=58\" rel=\"category\">Cultura y Entretenimiento<\/a>","tag_info":"Cultura y Entretenimiento","comment_count":"0","_links":{"self":[{"href":"https:\/\/quehacerpolitico.mx\/index.php?rest_route=\/wp\/v2\/posts\/97390","targetHints":{"allow":["GET"]}}],"collection":[{"href":"https:\/\/quehacerpolitico.mx\/index.php?rest_route=\/wp\/v2\/posts"}],"about":[{"href":"https:\/\/quehacerpolitico.mx\/index.php?rest_route=\/wp\/v2\/types\/post"}],"author":[{"embeddable":true,"href":"https:\/\/quehacerpolitico.mx\/index.php?rest_route=\/wp\/v2\/users\/2"}],"replies":[{"embeddable":true,"href":"https:\/\/quehacerpolitico.mx\/index.php?rest_route=%2Fwp%2Fv2%2Fcomments&post=97390"}],"version-history":[{"count":1,"href":"https:\/\/quehacerpolitico.mx\/index.php?rest_route=\/wp\/v2\/posts\/97390\/revisions"}],"predecessor-version":[{"id":97392,"href":"https:\/\/quehacerpolitico.mx\/index.php?rest_route=\/wp\/v2\/posts\/97390\/revisions\/97392"}],"wp:featuredmedia":[{"embeddable":true,"href":"https:\/\/quehacerpolitico.mx\/index.php?rest_route=\/wp\/v2\/media\/97391"}],"wp:attachment":[{"href":"https:\/\/quehacerpolitico.mx\/index.php?rest_route=%2Fwp%2Fv2%2Fmedia&parent=97390"}],"wp:term":[{"taxonomy":"category","embeddable":true,"href":"https:\/\/quehacerpolitico.mx\/index.php?rest_route=%2Fwp%2Fv2%2Fcategories&post=97390"},{"taxonomy":"post_tag","embeddable":true,"href":"https:\/\/quehacerpolitico.mx\/index.php?rest_route=%2Fwp%2Fv2%2Ftags&post=97390"}],"curies":[{"name":"wp","href":"https:\/\/api.w.org\/{rel}","templated":true}]}}