{"id":97375,"date":"2022-11-24T20:52:30","date_gmt":"2022-11-24T20:52:30","guid":{"rendered":"https:\/\/quehacerpolitico.mx\/?p=97375"},"modified":"2022-11-24T20:52:34","modified_gmt":"2022-11-24T20:52:34","slug":"messi-entrena-al-margen-del-grupo-de-cara-al-mexico-vs-argentina","status":"publish","type":"post","link":"https:\/\/quehacerpolitico.mx\/?p=97375","title":{"rendered":"Messi entrena al margen del grupo de cara al M\u00e9xico vs Argentina"},"content":{"rendered":"\n<p>Por Redacci\u00f3n QP<\/p>\n\n\n\n<p>\u00bfBuena noticia para M\u00e9xico? La plantilla albiceleste se prepara para su segundo partido de Qatar 2022, pero el &#8220;10&#8221; est\u00e1 fuera del grupo<\/p>\n\n\n\n<p>Lionel Messi se ejercit\u00f3 al margen del resto de la plantilla de Lionel Scaloni, en la pen\u00faltima sesi\u00f3n preparatoria antes del encuentro contra M\u00e9xico,\u00a0<strong>clave para reactivar las opciones de la Selecci\u00f3n de Argentina<\/strong>\u00a0en Qatar 2022.<\/p>\n\n\n\n<p>El astro argentino estuvo fuera del grupo, con un trabajo diferenciado, regenerativo, para tratar las diversas molestias f\u00edsicas que arrastra desde el encuentro de preparaci\u00f3n frente a Emiratos \u00c1rabes antes de llegar a\u00a0Qatar<\/p>\n\n\n\n<p>Especial preocupaci\u00f3n para\u00a0Argentina supone el soleo de la pierna izquierda del capit\u00e1n. Regres\u00f3 la dolencia tras el partido contra Arabia Saudita, el primero del Mundial.\u00a0<strong>Un contratiempo que ya le incomod\u00f3 en los \u00faltimos partidos de la Ligue 1 con el PSG<\/strong>\u00a0y que le oblig\u00f3 a estar ausente en alguno de los \u00faltimos compromisos.<\/p>\n\n\n\n<p>No est\u00e1 en duda la presencia de Messi en el trascendental choque frente a\u00a0M\u00e9xico el s\u00e1bado, pero la preocupaci\u00f3n se acent\u00faa cada vez que el jugador se pone en manos de m\u00e9dicos y recuperadores. As\u00ed ocurri\u00f3 ya la semana pasada cuando dos de las sesiones preparatorias las realiz\u00f3 el capit\u00e1n al margen del grupo.<\/p>\n\n\n\n<p>El preparador de la albiceleste volvi\u00f3 a recuperar la rutina en la Universidad de Qatar este jueves tras el d\u00eda despu\u00e9s de la derrota sufrida ante el conjunto \u00e1rabe. Fue aprovechado para reactivar a los hombres que jugaron en la primera jornada y para volver a la rutina preparatoria para el resto, en el campo de la Universidad de Qatar.<\/p>\n\n\n\n<p><strong>Scaloni medita cambios<\/strong>&nbsp;para el partido contra M\u00e9xico. El preparador puede agitar el plantel para reanimar a un equipo que sali\u00f3 afectado, en especial an\u00edmicamente y que, por momentos,&nbsp;<strong>dio s\u00edntomas de fatiga<\/strong>&nbsp;en el choque contra los \u00e1rabes.<\/p>\n\n\n\n<p>La selecci\u00f3n albiceleste ha estado condicionada por el estado de todos sus jugadores y han sido pocas las veces que el t\u00e9cnico ha podido contar con sus veintis\u00e9is jugadores.<\/p>\n\n\n\n<p>Ejemplo es el de Leo Messi que tuvo otra vez un trato diferenciado.<\/p>\n\n\n\n<p>Scaloni calibra la situaci\u00f3n de sus jugadores tras esta pen\u00faltima sesi\u00f3n para decidir los cambios a establecer ante M\u00e9xico.&nbsp;<strong>La l\u00ednea m\u00e1s afectada, a falta del \u00faltimo entrenamiento, el viernes, ser\u00e1 la defensa<\/strong>&nbsp;donde puede haber hasta tres variaciones. En los laterales, con la entrada de Marcos Cu\u00f1a en lugar de Nicol\u00e1s Tagliafico, y de Gonzalo Montiel por la derecha, en detrimento de Nahuel Molina.<\/p>\n\n\n\n<p>Pero tambi\u00e9n puede dar un giro en el centro de la zaga y sustituir a Cristian Romero que a\u00fan arrastra molestias f\u00edsicas tal y como qued\u00f3 patente en el choque ante\u00a0Arabia Saudita. Lisandro Mart\u00ednez ser\u00eda su recambio.<\/p>\n\n\n\n<p>Vuelve a quedar en el aire el lugar habitualmente ocupado por Giovani Lo Celso. Fue Alejandro &#8220;Papu&#8221; G\u00f3mez el que se situ\u00f3 en su lugar ante Arabia Saud\u00ed. No convenci\u00f3 y el entrenador maneja posibilidades con Enzo Fern\u00e1ndez o Alexis Mac Allister que son\u00f3 con fuerza ya para el anterior partido. Rodrigo de Paul y Leandro Paredes son fijos.<\/p>\n\n\n\n<p><strong>Argentina volver\u00e1 a la actividad en la Universidad de Qatar el viernes, un d\u00eda antes del encuentro<\/strong>\u00a0clave frente a M\u00e9xico, por el futuro del Grupo C del Mundial.<\/p>\n\n\n\n<p>Con Informaci\u00f3n de EFE<\/p>\n","protected":false},"excerpt":{"rendered":"<p>Por Redacci\u00f3n QP \u00bfBuena noticia para M\u00e9xico? La plantilla albiceleste se prepara para su segundo&#8230;<\/p>\n","protected":false},"author":2,"featured_media":97376,"comment_status":"open","ping_status":"open","sticky":false,"template":"","format":"standard","meta":{"_monsterinsights_skip_tracking":false,"_monsterinsights_sitenote_active":false,"_monsterinsights_sitenote_note":"","_monsterinsights_sitenote_category":0,"footnotes":""},"categories":[54],"tags":[],"class_list":["post-97375","post","type-post","status-publish","format-standard","has-post-thumbnail","hentry","category-deportes"],"yoast_head":"<!-- This site is optimized with the Yoast SEO plugin v27.3 - https:\/\/yoast.com\/product\/yoast-seo-wordpress\/ -->\n<title>Messi entrena al margen del grupo de cara al M\u00e9xico vs Argentina -<\/title>\n<meta name=\"robots\" content=\"index, follow, max-snippet:-1, max-image-preview:large, max-video-preview:-1\" \/>\n<link rel=\"canonical\" href=\"https:\/\/quehacerpolitico.mx\/?p=97375\" \/>\n<meta property=\"og:locale\" content=\"es_MX\" \/>\n<meta property=\"og:type\" content=\"article\" \/>\n<meta property=\"og:title\" content=\"Messi entrena al margen del grupo de cara al M\u00e9xico vs Argentina -\" \/>\n<meta property=\"og:description\" content=\"Por Redacci\u00f3n QP \u00bfBuena noticia para M\u00e9xico? La plantilla albiceleste se prepara para su segundo...\" \/>\n<meta property=\"og:url\" content=\"https:\/\/quehacerpolitico.mx\/?p=97375\" \/>\n<meta property=\"article:published_time\" content=\"2022-11-24T20:52:30+00:00\" \/>\n<meta property=\"article:modified_time\" content=\"2022-11-24T20:52:34+00:00\" \/>\n<meta property=\"og:image\" content=\"https:\/\/quehacerpolitico.mx\/wp-content\/uploads\/2022\/11\/74AEB057-2371-4F69-A961-05B043375231.jpeg\" \/>\n\t<meta property=\"og:image:width\" content=\"678\" \/>\n\t<meta property=\"og:image:height\" content=\"452\" \/>\n\t<meta property=\"og:image:type\" content=\"image\/jpeg\" \/>\n<meta name=\"author\" content=\"Redacci\u00f3n QP\" \/>\n<meta name=\"twitter:card\" content=\"summary_large_image\" \/>\n<meta name=\"twitter:label1\" content=\"Escrito por\" \/>\n\t<meta name=\"twitter:data1\" content=\"Redacci\u00f3n QP\" \/>\n\t<meta name=\"twitter:label2\" content=\"Tiempo de lectura\" \/>\n\t<meta name=\"twitter:data2\" content=\"3 minutos\" \/>\n<script type=\"application\/ld+json\" class=\"yoast-schema-graph\">{\"@context\":\"https:\\\/\\\/schema.org\",\"@graph\":[{\"@type\":\"Article\",\"@id\":\"https:\\\/\\\/quehacerpolitico.mx\\\/?p=97375#article\",\"isPartOf\":{\"@id\":\"https:\\\/\\\/quehacerpolitico.mx\\\/?p=97375\"},\"author\":{\"name\":\"Redacci\u00f3n QP\",\"@id\":\"https:\\\/\\\/quehacerpolitico.mx\\\/#\\\/schema\\\/person\\\/496d8ad2d1d3f8036101dca7ee39e585\"},\"headline\":\"Messi entrena al margen del grupo de cara al M\u00e9xico vs Argentina\",\"datePublished\":\"2022-11-24T20:52:30+00:00\",\"dateModified\":\"2022-11-24T20:52:34+00:00\",\"mainEntityOfPage\":{\"@id\":\"https:\\\/\\\/quehacerpolitico.mx\\\/?p=97375\"},\"wordCount\":600,\"commentCount\":0,\"image\":{\"@id\":\"https:\\\/\\\/quehacerpolitico.mx\\\/?p=97375#primaryimage\"},\"thumbnailUrl\":\"https:\\\/\\\/quehacerpolitico.mx\\\/wp-content\\\/uploads\\\/2022\\\/11\\\/74AEB057-2371-4F69-A961-05B043375231.jpeg\",\"articleSection\":[\"Deportes\"],\"inLanguage\":\"es\",\"potentialAction\":[{\"@type\":\"CommentAction\",\"name\":\"Comment\",\"target\":[\"https:\\\/\\\/quehacerpolitico.mx\\\/?p=97375#respond\"]}]},{\"@type\":\"WebPage\",\"@id\":\"https:\\\/\\\/quehacerpolitico.mx\\\/?p=97375\",\"url\":\"https:\\\/\\\/quehacerpolitico.mx\\\/?p=97375\",\"name\":\"Messi entrena al margen del grupo de cara al M\u00e9xico vs Argentina -\",\"isPartOf\":{\"@id\":\"https:\\\/\\\/quehacerpolitico.mx\\\/#website\"},\"primaryImageOfPage\":{\"@id\":\"https:\\\/\\\/quehacerpolitico.mx\\\/?p=97375#primaryimage\"},\"image\":{\"@id\":\"https:\\\/\\\/quehacerpolitico.mx\\\/?p=97375#primaryimage\"},\"thumbnailUrl\":\"https:\\\/\\\/quehacerpolitico.mx\\\/wp-content\\\/uploads\\\/2022\\\/11\\\/74AEB057-2371-4F69-A961-05B043375231.jpeg\",\"datePublished\":\"2022-11-24T20:52:30+00:00\",\"dateModified\":\"2022-11-24T20:52:34+00:00\",\"author\":{\"@id\":\"https:\\\/\\\/quehacerpolitico.mx\\\/#\\\/schema\\\/person\\\/496d8ad2d1d3f8036101dca7ee39e585\"},\"breadcrumb\":{\"@id\":\"https:\\\/\\\/quehacerpolitico.mx\\\/?p=97375#breadcrumb\"},\"inLanguage\":\"es\",\"potentialAction\":[{\"@type\":\"ReadAction\",\"target\":[\"https:\\\/\\\/quehacerpolitico.mx\\\/?p=97375\"]}]},{\"@type\":\"ImageObject\",\"inLanguage\":\"es\",\"@id\":\"https:\\\/\\\/quehacerpolitico.mx\\\/?p=97375#primaryimage\",\"url\":\"https:\\\/\\\/quehacerpolitico.mx\\\/wp-content\\\/uploads\\\/2022\\\/11\\\/74AEB057-2371-4F69-A961-05B043375231.jpeg\",\"contentUrl\":\"https:\\\/\\\/quehacerpolitico.mx\\\/wp-content\\\/uploads\\\/2022\\\/11\\\/74AEB057-2371-4F69-A961-05B043375231.jpeg\",\"width\":678,\"height\":452},{\"@type\":\"BreadcrumbList\",\"@id\":\"https:\\\/\\\/quehacerpolitico.mx\\\/?p=97375#breadcrumb\",\"itemListElement\":[{\"@type\":\"ListItem\",\"position\":1,\"name\":\"Inicio\",\"item\":\"https:\\\/\\\/quehacerpolitico.mx\\\/\"},{\"@type\":\"ListItem\",\"position\":2,\"name\":\"Messi entrena al margen del grupo de cara al M\u00e9xico vs Argentina\"}]},{\"@type\":\"WebSite\",\"@id\":\"https:\\\/\\\/quehacerpolitico.mx\\\/#website\",\"url\":\"https:\\\/\\\/quehacerpolitico.mx\\\/\",\"name\":\"\",\"description\":\"\",\"potentialAction\":[{\"@type\":\"SearchAction\",\"target\":{\"@type\":\"EntryPoint\",\"urlTemplate\":\"https:\\\/\\\/quehacerpolitico.mx\\\/?s={search_term_string}\"},\"query-input\":{\"@type\":\"PropertyValueSpecification\",\"valueRequired\":true,\"valueName\":\"search_term_string\"}}],\"inLanguage\":\"es\"},{\"@type\":\"Person\",\"@id\":\"https:\\\/\\\/quehacerpolitico.mx\\\/#\\\/schema\\\/person\\\/496d8ad2d1d3f8036101dca7ee39e585\",\"name\":\"Redacci\u00f3n QP\",\"image\":{\"@type\":\"ImageObject\",\"inLanguage\":\"es\",\"@id\":\"https:\\\/\\\/secure.gravatar.com\\\/avatar\\\/c7164ed6fdec453195284ad24a5ae5b6e1eed2b848477fa2a4787ba9adf39a41?s=96&d=mm&r=g\",\"url\":\"https:\\\/\\\/secure.gravatar.com\\\/avatar\\\/c7164ed6fdec453195284ad24a5ae5b6e1eed2b848477fa2a4787ba9adf39a41?s=96&d=mm&r=g\",\"contentUrl\":\"https:\\\/\\\/secure.gravatar.com\\\/avatar\\\/c7164ed6fdec453195284ad24a5ae5b6e1eed2b848477fa2a4787ba9adf39a41?s=96&d=mm&r=g\",\"caption\":\"Redacci\u00f3n QP\"},\"url\":\"https:\\\/\\\/quehacerpolitico.mx\\\/?author=2\"}]}<\/script>\n<!-- \/ Yoast SEO plugin. -->","yoast_head_json":{"title":"Messi entrena al margen del grupo de cara al M\u00e9xico vs Argentina -","robots":{"index":"index","follow":"follow","max-snippet":"max-snippet:-1","max-image-preview":"max-image-preview:large","max-video-preview":"max-video-preview:-1"},"canonical":"https:\/\/quehacerpolitico.mx\/?p=97375","og_locale":"es_MX","og_type":"article","og_title":"Messi entrena al margen del grupo de cara al M\u00e9xico vs Argentina -","og_description":"Por Redacci\u00f3n QP \u00bfBuena noticia para M\u00e9xico? La plantilla albiceleste se prepara para su segundo...","og_url":"https:\/\/quehacerpolitico.mx\/?p=97375","article_published_time":"2022-11-24T20:52:30+00:00","article_modified_time":"2022-11-24T20:52:34+00:00","og_image":[{"width":678,"height":452,"url":"https:\/\/quehacerpolitico.mx\/wp-content\/uploads\/2022\/11\/74AEB057-2371-4F69-A961-05B043375231.jpeg","type":"image\/jpeg"}],"author":"Redacci\u00f3n QP","twitter_card":"summary_large_image","twitter_misc":{"Escrito por":"Redacci\u00f3n QP","Tiempo de lectura":"3 minutos"},"schema":{"@context":"https:\/\/schema.org","@graph":[{"@type":"Article","@id":"https:\/\/quehacerpolitico.mx\/?p=97375#article","isPartOf":{"@id":"https:\/\/quehacerpolitico.mx\/?p=97375"},"author":{"name":"Redacci\u00f3n QP","@id":"https:\/\/quehacerpolitico.mx\/#\/schema\/person\/496d8ad2d1d3f8036101dca7ee39e585"},"headline":"Messi entrena al margen del grupo de cara al M\u00e9xico vs Argentina","datePublished":"2022-11-24T20:52:30+00:00","dateModified":"2022-11-24T20:52:34+00:00","mainEntityOfPage":{"@id":"https:\/\/quehacerpolitico.mx\/?p=97375"},"wordCount":600,"commentCount":0,"image":{"@id":"https:\/\/quehacerpolitico.mx\/?p=97375#primaryimage"},"thumbnailUrl":"https:\/\/quehacerpolitico.mx\/wp-content\/uploads\/2022\/11\/74AEB057-2371-4F69-A961-05B043375231.jpeg","articleSection":["Deportes"],"inLanguage":"es","potentialAction":[{"@type":"CommentAction","name":"Comment","target":["https:\/\/quehacerpolitico.mx\/?p=97375#respond"]}]},{"@type":"WebPage","@id":"https:\/\/quehacerpolitico.mx\/?p=97375","url":"https:\/\/quehacerpolitico.mx\/?p=97375","name":"Messi entrena al margen del grupo de cara al M\u00e9xico vs Argentina -","isPartOf":{"@id":"https:\/\/quehacerpolitico.mx\/#website"},"primaryImageOfPage":{"@id":"https:\/\/quehacerpolitico.mx\/?p=97375#primaryimage"},"image":{"@id":"https:\/\/quehacerpolitico.mx\/?p=97375#primaryimage"},"thumbnailUrl":"https:\/\/quehacerpolitico.mx\/wp-content\/uploads\/2022\/11\/74AEB057-2371-4F69-A961-05B043375231.jpeg","datePublished":"2022-11-24T20:52:30+00:00","dateModified":"2022-11-24T20:52:34+00:00","author":{"@id":"https:\/\/quehacerpolitico.mx\/#\/schema\/person\/496d8ad2d1d3f8036101dca7ee39e585"},"breadcrumb":{"@id":"https:\/\/quehacerpolitico.mx\/?p=97375#breadcrumb"},"inLanguage":"es","potentialAction":[{"@type":"ReadAction","target":["https:\/\/quehacerpolitico.mx\/?p=97375"]}]},{"@type":"ImageObject","inLanguage":"es","@id":"https:\/\/quehacerpolitico.mx\/?p=97375#primaryimage","url":"https:\/\/quehacerpolitico.mx\/wp-content\/uploads\/2022\/11\/74AEB057-2371-4F69-A961-05B043375231.jpeg","contentUrl":"https:\/\/quehacerpolitico.mx\/wp-content\/uploads\/2022\/11\/74AEB057-2371-4F69-A961-05B043375231.jpeg","width":678,"height":452},{"@type":"BreadcrumbList","@id":"https:\/\/quehacerpolitico.mx\/?p=97375#breadcrumb","itemListElement":[{"@type":"ListItem","position":1,"name":"Inicio","item":"https:\/\/quehacerpolitico.mx\/"},{"@type":"ListItem","position":2,"name":"Messi entrena al margen del grupo de cara al M\u00e9xico vs Argentina"}]},{"@type":"WebSite","@id":"https:\/\/quehacerpolitico.mx\/#website","url":"https:\/\/quehacerpolitico.mx\/","name":"","description":"","potentialAction":[{"@type":"SearchAction","target":{"@type":"EntryPoint","urlTemplate":"https:\/\/quehacerpolitico.mx\/?s={search_term_string}"},"query-input":{"@type":"PropertyValueSpecification","valueRequired":true,"valueName":"search_term_string"}}],"inLanguage":"es"},{"@type":"Person","@id":"https:\/\/quehacerpolitico.mx\/#\/schema\/person\/496d8ad2d1d3f8036101dca7ee39e585","name":"Redacci\u00f3n QP","image":{"@type":"ImageObject","inLanguage":"es","@id":"https:\/\/secure.gravatar.com\/avatar\/c7164ed6fdec453195284ad24a5ae5b6e1eed2b848477fa2a4787ba9adf39a41?s=96&d=mm&r=g","url":"https:\/\/secure.gravatar.com\/avatar\/c7164ed6fdec453195284ad24a5ae5b6e1eed2b848477fa2a4787ba9adf39a41?s=96&d=mm&r=g","contentUrl":"https:\/\/secure.gravatar.com\/avatar\/c7164ed6fdec453195284ad24a5ae5b6e1eed2b848477fa2a4787ba9adf39a41?s=96&d=mm&r=g","caption":"Redacci\u00f3n QP"},"url":"https:\/\/quehacerpolitico.mx\/?author=2"}]}},"featured_image_urls":{"full":["https:\/\/quehacerpolitico.mx\/wp-content\/uploads\/2022\/11\/74AEB057-2371-4F69-A961-05B043375231.jpeg",678,452,false],"thumbnail":["https:\/\/quehacerpolitico.mx\/wp-content\/uploads\/2022\/11\/74AEB057-2371-4F69-A961-05B043375231-150x150.jpeg",150,150,true],"medium":["https:\/\/quehacerpolitico.mx\/wp-content\/uploads\/2022\/11\/74AEB057-2371-4F69-A961-05B043375231-300x200.jpeg",300,200,true],"medium_large":["https:\/\/quehacerpolitico.mx\/wp-content\/uploads\/2022\/11\/74AEB057-2371-4F69-A961-05B043375231.jpeg",640,427,false],"large":["https:\/\/quehacerpolitico.mx\/wp-content\/uploads\/2022\/11\/74AEB057-2371-4F69-A961-05B043375231.jpeg",640,427,false],"1536x1536":["https:\/\/quehacerpolitico.mx\/wp-content\/uploads\/2022\/11\/74AEB057-2371-4F69-A961-05B043375231.jpeg",678,452,false],"2048x2048":["https:\/\/quehacerpolitico.mx\/wp-content\/uploads\/2022\/11\/74AEB057-2371-4F69-A961-05B043375231.jpeg",678,452,false],"covernews-featured":["https:\/\/quehacerpolitico.mx\/wp-content\/uploads\/2022\/11\/74AEB057-2371-4F69-A961-05B043375231.jpeg",678,452,false],"covernews-medium":["https:\/\/quehacerpolitico.mx\/wp-content\/uploads\/2022\/11\/74AEB057-2371-4F69-A961-05B043375231.jpeg",510,340,false]},"author_info":{"display_name":"Redacci\u00f3n QP","author_link":"https:\/\/quehacerpolitico.mx\/?author=2"},"category_info":"<a href=\"https:\/\/quehacerpolitico.mx\/?cat=54\" rel=\"category\">Deportes<\/a>","tag_info":"Deportes","comment_count":"0","_links":{"self":[{"href":"https:\/\/quehacerpolitico.mx\/index.php?rest_route=\/wp\/v2\/posts\/97375","targetHints":{"allow":["GET"]}}],"collection":[{"href":"https:\/\/quehacerpolitico.mx\/index.php?rest_route=\/wp\/v2\/posts"}],"about":[{"href":"https:\/\/quehacerpolitico.mx\/index.php?rest_route=\/wp\/v2\/types\/post"}],"author":[{"embeddable":true,"href":"https:\/\/quehacerpolitico.mx\/index.php?rest_route=\/wp\/v2\/users\/2"}],"replies":[{"embeddable":true,"href":"https:\/\/quehacerpolitico.mx\/index.php?rest_route=%2Fwp%2Fv2%2Fcomments&post=97375"}],"version-history":[{"count":1,"href":"https:\/\/quehacerpolitico.mx\/index.php?rest_route=\/wp\/v2\/posts\/97375\/revisions"}],"predecessor-version":[{"id":97377,"href":"https:\/\/quehacerpolitico.mx\/index.php?rest_route=\/wp\/v2\/posts\/97375\/revisions\/97377"}],"wp:featuredmedia":[{"embeddable":true,"href":"https:\/\/quehacerpolitico.mx\/index.php?rest_route=\/wp\/v2\/media\/97376"}],"wp:attachment":[{"href":"https:\/\/quehacerpolitico.mx\/index.php?rest_route=%2Fwp%2Fv2%2Fmedia&parent=97375"}],"wp:term":[{"taxonomy":"category","embeddable":true,"href":"https:\/\/quehacerpolitico.mx\/index.php?rest_route=%2Fwp%2Fv2%2Fcategories&post=97375"},{"taxonomy":"post_tag","embeddable":true,"href":"https:\/\/quehacerpolitico.mx\/index.php?rest_route=%2Fwp%2Fv2%2Ftags&post=97375"}],"curies":[{"name":"wp","href":"https:\/\/api.w.org\/{rel}","templated":true}]}}