{"id":97354,"date":"2022-11-24T19:19:14","date_gmt":"2022-11-24T19:19:14","guid":{"rendered":"https:\/\/quehacerpolitico.mx\/?p=97354"},"modified":"2022-11-24T19:19:19","modified_gmt":"2022-11-24T19:19:19","slug":"internacionales-carolina-alonso-romei-por-que-el-dia-de-accion-de-gracias-se-celebra-en-jueves","status":"publish","type":"post","link":"https:\/\/quehacerpolitico.mx\/?p=97354","title":{"rendered":"Internacionales\/\/\/Carolina Alonso Romei\/\/\/\u00bfPor qu\u00e9 el D\u00eda de Acci\u00f3n de Gracias se celebra en jueves?"},"content":{"rendered":"\n<p>Por Carolina Alonso Romei<\/p>\n\n\n\n<p>Internacionalista <\/p>\n\n\n\n<p>Conoce todo lo que debes saber sobre esta celebraci\u00f3n de Estados Unidos<\/p>\n\n\n\n<p>Este jueves 24 de noviembre se celebra el\u00a0Dia de acci\u00f3n de Gracias o Thanksgiving (en ingl\u00e9s),\u00a0<strong>una de las festividades m\u00e1s importantes en Estados Unidos,<\/strong>\u00a0en donde miles de familias se reunir\u00e1n para celebrar el d\u00eda con una cena.<\/p>\n\n\n\n<p>El Thanksgiving Day se celebra\u00a0<strong>el cuarto jueves de noviembre<\/strong>; sin embargo, \u00bfpor qu\u00e9 es ese d\u00eda de la semana en especial?<\/p>\n\n\n\n<figure class=\"wp-block-image size-large\"><img loading=\"lazy\" decoding=\"async\" width=\"1024\" height=\"522\" src=\"https:\/\/quehacerpolitico.mx\/wp-content\/uploads\/2022\/11\/image-46-1024x522.jpeg\" alt=\"\" class=\"wp-image-97355\" srcset=\"https:\/\/quehacerpolitico.mx\/wp-content\/uploads\/2022\/11\/image-46-1024x522.jpeg 1024w, https:\/\/quehacerpolitico.mx\/wp-content\/uploads\/2022\/11\/image-46-300x153.jpeg 300w, https:\/\/quehacerpolitico.mx\/wp-content\/uploads\/2022\/11\/image-46-768x392.jpeg 768w, https:\/\/quehacerpolitico.mx\/wp-content\/uploads\/2022\/11\/image-46-260x133.jpeg 260w, https:\/\/quehacerpolitico.mx\/wp-content\/uploads\/2022\/11\/image-46-50x26.jpeg 50w, https:\/\/quehacerpolitico.mx\/wp-content\/uploads\/2022\/11\/image-46-147x75.jpeg 147w, https:\/\/quehacerpolitico.mx\/wp-content\/uploads\/2022\/11\/image-46.jpeg 1284w\" sizes=\"auto, (max-width: 1024px) 100vw, 1024px\" \/><\/figure>\n\n\n\n<p>En 1863, el presidente\u00a0<strong>Abraham Lincoln<\/strong>\u00a0hizo la proclamaci\u00f3n oficial de que el pueblo estadounidense celebrara el \u00faltimo jueves de noviembre como un\u00a0<strong>&#8220;d\u00eda de alabanza y acci\u00f3n de gracias con el Creador&#8221;.<\/strong><\/p>\n\n\n\n<p>Asimismo, en 1939 se adelant\u00f3 al cuarto jueves de noviembre por el expresidente\u00a0<strong>Franklin Roosevelt<\/strong>, con la intenci\u00f3n de\u00a0<strong>extender el periodo de compras navide\u00f1as y estimular la actividad econ\u00f3mica durante la gran depresi\u00f3n.<\/strong><\/p>\n\n\n\n<figure class=\"wp-block-embed is-type-video is-provider-youtube wp-block-embed-youtube wp-embed-aspect-16-9 wp-has-aspect-ratio\"><div class=\"wp-block-embed__wrapper\">\n<iframe loading=\"lazy\" title=\"D\u00eda de Acci\u00f3n de Gracias | Thanksgiving Day | \u00bfPor qu\u00e9 se celebra?\" width=\"640\" height=\"360\" src=\"https:\/\/www.youtube.com\/embed\/hYXb7sksWX0?feature=oembed\" frameborder=\"0\" allow=\"accelerometer; autoplay; clipboard-write; encrypted-media; gyroscope; picture-in-picture; web-share\" referrerpolicy=\"strict-origin-when-cross-origin\" allowfullscreen><\/iframe>\n<\/div><\/figure>\n\n\n\n<h2 class=\"wp-block-heading\">Tradici\u00f3n de cena en familia <\/h2>\n\n\n\n<p>La gran tradici\u00f3n de acci\u00f3n de gracias en reunirse toda la\u00a0familia en una casa para cenar\u00a0<strong>el m\u00edtico pavo<\/strong>. El pavo se suele acompa\u00f1ar de un primer plato m\u00e1s ligero que suele ser una crema de calabaza, de guarniciones como coles de bruselas o boniatos y de postres como el pastel de calabaza o el pastel de manzana, e incluso una tarta de zanahoria.<\/p>\n\n\n\n<p>\u00bfPor qu\u00e9 se come pavo en Thanksgiving?<\/p>\n\n\n\n<figure class=\"wp-block-image\"><img decoding=\"async\" src=\"https:\/\/www.informador.mx\/export\/sites\/elinformador\/img\/2022\/11\/24\/wcup_united_states__th_x9916659x_ap_1.jpg_347421144.jpg\" alt=\"\" title=\"\"\/><figcaption class=\"wp-element-caption\">AP \/ A. Landis&nbsp;<\/figcaption><\/figure>\n\n\n\n<p>El pavo es uno de los platillos estelares en la celebraci\u00f3n y quiz\u00e1 la&nbsp;<strong>tradici\u00f3n m\u00e1s importante y perdurable.<\/strong><\/p>\n\n\n\n<p>De acuerdo con la historia de la\u00a0<strong>primera cena en 1621<\/strong>, recordada por William Bradford en el relato Of Plymouth Plantation, los peregrinos de Plymouth agregaron a sus cenas aves acu\u00e1ticas, venado, langosta y pavos salvajes como su plato fuerte, pero no tan elaborados como actualmente se prepara.<\/p>\n\n\n\n<p>Se cree que\u00a0<strong>los peregrinos cazaban principalmente pavos salvajes, los cuales abundaban en el \u00e1rea de Plymouth.<\/strong><\/p>\n\n\n\n<figure class=\"wp-block-embed is-type-video is-provider-youtube wp-block-embed-youtube wp-embed-aspect-16-9 wp-has-aspect-ratio\"><div class=\"wp-block-embed__wrapper\">\n<iframe loading=\"lazy\" title=\"Sigue en directo el desfile del D\u00eda de Acci\u00f3n de Gracias en Nueva York\" width=\"640\" height=\"360\" src=\"https:\/\/www.youtube.com\/embed\/qeiHeaa74Ak?feature=oembed\" frameborder=\"0\" allow=\"accelerometer; autoplay; clipboard-write; encrypted-media; gyroscope; picture-in-picture; web-share\" referrerpolicy=\"strict-origin-when-cross-origin\" allowfullscreen><\/iframe>\n<\/div><\/figure>\n\n\n\n<p>Edward Winslow, autor de Mourt&#8217;s Relation; A Journal of the Pilgrims at Plymouth, dice que los peregrinos se encargaban de recolectar aves silvestres, sin especificar una en especial, ya que bien pudieron haber sido patos o gansos.<\/p>\n\n\n\n<figure class=\"wp-block-image size-large\"><img loading=\"lazy\" decoding=\"async\" width=\"1024\" height=\"526\" src=\"https:\/\/quehacerpolitico.mx\/wp-content\/uploads\/2022\/11\/image-47-1024x526.jpeg\" alt=\"\" class=\"wp-image-97356\" srcset=\"https:\/\/quehacerpolitico.mx\/wp-content\/uploads\/2022\/11\/image-47-1024x526.jpeg 1024w, https:\/\/quehacerpolitico.mx\/wp-content\/uploads\/2022\/11\/image-47-300x154.jpeg 300w, https:\/\/quehacerpolitico.mx\/wp-content\/uploads\/2022\/11\/image-47-768x394.jpeg 768w, https:\/\/quehacerpolitico.mx\/wp-content\/uploads\/2022\/11\/image-47-260x133.jpeg 260w, https:\/\/quehacerpolitico.mx\/wp-content\/uploads\/2022\/11\/image-47-50x26.jpeg 50w, https:\/\/quehacerpolitico.mx\/wp-content\/uploads\/2022\/11\/image-47-146x75.jpeg 146w, https:\/\/quehacerpolitico.mx\/wp-content\/uploads\/2022\/11\/image-47-1280x659.jpeg 1280w, https:\/\/quehacerpolitico.mx\/wp-content\/uploads\/2022\/11\/image-47.jpeg 1284w\" sizes=\"auto, (max-width: 1024px) 100vw, 1024px\" \/><\/figure>\n\n\n\n<p>La teor\u00eda de Bradford sirvi\u00f3 para que surgieran defensores de que el D\u00eda de Acci\u00f3n de Gracias deb\u00eda convertirse en&nbsp;<strong>una fecha feriado nacional y que se promoviera el pavo como el platillo principal,<\/strong>&nbsp;ya que es un ave exclusivamente norteamericana y com\u00fan en los vecindarios.<\/p>\n\n\n\n<p>El uso de pavos en\u00a0Estados Unidos\u00a0precede a la celebraci\u00f3n de Abraham Lincoln en 1863 cuando Alexander Hamilton, uno de los padres fundadores del pa\u00eds, proclam\u00f3 que &#8220;ning\u00fan ciudadano estadounidense deber\u00eda abstenerse de comerlo en Acci\u00f3n de Gracias&#8221;.<\/p>\n\n\n\n<p>Con Informaci\u00f3n de SUN <\/p>\n","protected":false},"excerpt":{"rendered":"<p>Por Carolina Alonso Romei Internacionalista Conoce todo lo que debes saber sobre esta celebraci\u00f3n de&#8230;<\/p>\n","protected":false},"author":2,"featured_media":97357,"comment_status":"open","ping_status":"open","sticky":false,"template":"","format":"standard","meta":{"_monsterinsights_skip_tracking":false,"_monsterinsights_sitenote_active":false,"_monsterinsights_sitenote_note":"","_monsterinsights_sitenote_category":0,"footnotes":""},"categories":[1],"tags":[],"class_list":["post-97354","post","type-post","status-publish","format-standard","has-post-thumbnail","hentry","category-sin-categoria"],"yoast_head":"<!-- This site is optimized with the Yoast SEO plugin v27.3 - https:\/\/yoast.com\/product\/yoast-seo-wordpress\/ -->\n<title>Internacionales\/\/\/Carolina Alonso Romei\/\/\/\u00bfPor qu\u00e9 el D\u00eda de Acci\u00f3n de Gracias se celebra en jueves? -<\/title>\n<meta name=\"robots\" content=\"index, follow, max-snippet:-1, max-image-preview:large, max-video-preview:-1\" \/>\n<link rel=\"canonical\" href=\"https:\/\/quehacerpolitico.mx\/?p=97354\" \/>\n<meta property=\"og:locale\" content=\"es_MX\" \/>\n<meta property=\"og:type\" content=\"article\" \/>\n<meta property=\"og:title\" content=\"Internacionales\/\/\/Carolina Alonso Romei\/\/\/\u00bfPor qu\u00e9 el D\u00eda de Acci\u00f3n de Gracias se celebra en jueves? -\" \/>\n<meta property=\"og:description\" content=\"Por Carolina Alonso Romei Internacionalista Conoce todo lo que debes saber sobre esta celebraci\u00f3n de...\" \/>\n<meta property=\"og:url\" content=\"https:\/\/quehacerpolitico.mx\/?p=97354\" \/>\n<meta property=\"article:published_time\" content=\"2022-11-24T19:19:14+00:00\" \/>\n<meta property=\"article:modified_time\" content=\"2022-11-24T19:19:19+00:00\" \/>\n<meta property=\"og:image\" content=\"https:\/\/quehacerpolitico.mx\/wp-content\/uploads\/2022\/11\/412927F3-3996-429D-ADDE-0EC45158E162.jpeg\" \/>\n\t<meta property=\"og:image:width\" content=\"1192\" \/>\n\t<meta property=\"og:image:height\" content=\"715\" \/>\n\t<meta property=\"og:image:type\" content=\"image\/jpeg\" \/>\n<meta name=\"author\" content=\"Redacci\u00f3n QP\" \/>\n<meta name=\"twitter:card\" content=\"summary_large_image\" \/>\n<meta name=\"twitter:label1\" content=\"Escrito por\" \/>\n\t<meta name=\"twitter:data1\" content=\"Redacci\u00f3n QP\" \/>\n\t<meta name=\"twitter:label2\" content=\"Tiempo de lectura\" \/>\n\t<meta name=\"twitter:data2\" content=\"2 minutos\" \/>\n<script type=\"application\/ld+json\" class=\"yoast-schema-graph\">{\"@context\":\"https:\\\/\\\/schema.org\",\"@graph\":[{\"@type\":\"Article\",\"@id\":\"https:\\\/\\\/quehacerpolitico.mx\\\/?p=97354#article\",\"isPartOf\":{\"@id\":\"https:\\\/\\\/quehacerpolitico.mx\\\/?p=97354\"},\"author\":{\"name\":\"Redacci\u00f3n QP\",\"@id\":\"https:\\\/\\\/quehacerpolitico.mx\\\/#\\\/schema\\\/person\\\/496d8ad2d1d3f8036101dca7ee39e585\"},\"headline\":\"Internacionales\\\/\\\/\\\/Carolina Alonso Romei\\\/\\\/\\\/\u00bfPor qu\u00e9 el D\u00eda de Acci\u00f3n de Gracias se celebra en jueves?\",\"datePublished\":\"2022-11-24T19:19:14+00:00\",\"dateModified\":\"2022-11-24T19:19:19+00:00\",\"mainEntityOfPage\":{\"@id\":\"https:\\\/\\\/quehacerpolitico.mx\\\/?p=97354\"},\"wordCount\":499,\"commentCount\":0,\"image\":{\"@id\":\"https:\\\/\\\/quehacerpolitico.mx\\\/?p=97354#primaryimage\"},\"thumbnailUrl\":\"https:\\\/\\\/quehacerpolitico.mx\\\/wp-content\\\/uploads\\\/2022\\\/11\\\/412927F3-3996-429D-ADDE-0EC45158E162.jpeg\",\"articleSection\":[\"Internacionales\"],\"inLanguage\":\"es\",\"potentialAction\":[{\"@type\":\"CommentAction\",\"name\":\"Comment\",\"target\":[\"https:\\\/\\\/quehacerpolitico.mx\\\/?p=97354#respond\"]}]},{\"@type\":\"WebPage\",\"@id\":\"https:\\\/\\\/quehacerpolitico.mx\\\/?p=97354\",\"url\":\"https:\\\/\\\/quehacerpolitico.mx\\\/?p=97354\",\"name\":\"Internacionales\\\/\\\/\\\/Carolina Alonso Romei\\\/\\\/\\\/\u00bfPor qu\u00e9 el D\u00eda de Acci\u00f3n de Gracias se celebra en jueves? -\",\"isPartOf\":{\"@id\":\"https:\\\/\\\/quehacerpolitico.mx\\\/#website\"},\"primaryImageOfPage\":{\"@id\":\"https:\\\/\\\/quehacerpolitico.mx\\\/?p=97354#primaryimage\"},\"image\":{\"@id\":\"https:\\\/\\\/quehacerpolitico.mx\\\/?p=97354#primaryimage\"},\"thumbnailUrl\":\"https:\\\/\\\/quehacerpolitico.mx\\\/wp-content\\\/uploads\\\/2022\\\/11\\\/412927F3-3996-429D-ADDE-0EC45158E162.jpeg\",\"datePublished\":\"2022-11-24T19:19:14+00:00\",\"dateModified\":\"2022-11-24T19:19:19+00:00\",\"author\":{\"@id\":\"https:\\\/\\\/quehacerpolitico.mx\\\/#\\\/schema\\\/person\\\/496d8ad2d1d3f8036101dca7ee39e585\"},\"breadcrumb\":{\"@id\":\"https:\\\/\\\/quehacerpolitico.mx\\\/?p=97354#breadcrumb\"},\"inLanguage\":\"es\",\"potentialAction\":[{\"@type\":\"ReadAction\",\"target\":[\"https:\\\/\\\/quehacerpolitico.mx\\\/?p=97354\"]}]},{\"@type\":\"ImageObject\",\"inLanguage\":\"es\",\"@id\":\"https:\\\/\\\/quehacerpolitico.mx\\\/?p=97354#primaryimage\",\"url\":\"https:\\\/\\\/quehacerpolitico.mx\\\/wp-content\\\/uploads\\\/2022\\\/11\\\/412927F3-3996-429D-ADDE-0EC45158E162.jpeg\",\"contentUrl\":\"https:\\\/\\\/quehacerpolitico.mx\\\/wp-content\\\/uploads\\\/2022\\\/11\\\/412927F3-3996-429D-ADDE-0EC45158E162.jpeg\",\"width\":1192,\"height\":715},{\"@type\":\"BreadcrumbList\",\"@id\":\"https:\\\/\\\/quehacerpolitico.mx\\\/?p=97354#breadcrumb\",\"itemListElement\":[{\"@type\":\"ListItem\",\"position\":1,\"name\":\"Inicio\",\"item\":\"https:\\\/\\\/quehacerpolitico.mx\\\/\"},{\"@type\":\"ListItem\",\"position\":2,\"name\":\"Internacionales\\\/\\\/\\\/Carolina Alonso Romei\\\/\\\/\\\/\u00bfPor qu\u00e9 el D\u00eda de Acci\u00f3n de Gracias se celebra en jueves?\"}]},{\"@type\":\"WebSite\",\"@id\":\"https:\\\/\\\/quehacerpolitico.mx\\\/#website\",\"url\":\"https:\\\/\\\/quehacerpolitico.mx\\\/\",\"name\":\"\",\"description\":\"\",\"potentialAction\":[{\"@type\":\"SearchAction\",\"target\":{\"@type\":\"EntryPoint\",\"urlTemplate\":\"https:\\\/\\\/quehacerpolitico.mx\\\/?s={search_term_string}\"},\"query-input\":{\"@type\":\"PropertyValueSpecification\",\"valueRequired\":true,\"valueName\":\"search_term_string\"}}],\"inLanguage\":\"es\"},{\"@type\":\"Person\",\"@id\":\"https:\\\/\\\/quehacerpolitico.mx\\\/#\\\/schema\\\/person\\\/496d8ad2d1d3f8036101dca7ee39e585\",\"name\":\"Redacci\u00f3n QP\",\"image\":{\"@type\":\"ImageObject\",\"inLanguage\":\"es\",\"@id\":\"https:\\\/\\\/secure.gravatar.com\\\/avatar\\\/c7164ed6fdec453195284ad24a5ae5b6e1eed2b848477fa2a4787ba9adf39a41?s=96&d=mm&r=g\",\"url\":\"https:\\\/\\\/secure.gravatar.com\\\/avatar\\\/c7164ed6fdec453195284ad24a5ae5b6e1eed2b848477fa2a4787ba9adf39a41?s=96&d=mm&r=g\",\"contentUrl\":\"https:\\\/\\\/secure.gravatar.com\\\/avatar\\\/c7164ed6fdec453195284ad24a5ae5b6e1eed2b848477fa2a4787ba9adf39a41?s=96&d=mm&r=g\",\"caption\":\"Redacci\u00f3n QP\"},\"url\":\"https:\\\/\\\/quehacerpolitico.mx\\\/?author=2\"}]}<\/script>\n<!-- \/ Yoast SEO plugin. -->","yoast_head_json":{"title":"Internacionales\/\/\/Carolina Alonso Romei\/\/\/\u00bfPor qu\u00e9 el D\u00eda de Acci\u00f3n de Gracias se celebra en jueves? -","robots":{"index":"index","follow":"follow","max-snippet":"max-snippet:-1","max-image-preview":"max-image-preview:large","max-video-preview":"max-video-preview:-1"},"canonical":"https:\/\/quehacerpolitico.mx\/?p=97354","og_locale":"es_MX","og_type":"article","og_title":"Internacionales\/\/\/Carolina Alonso Romei\/\/\/\u00bfPor qu\u00e9 el D\u00eda de Acci\u00f3n de Gracias se celebra en jueves? -","og_description":"Por Carolina Alonso Romei Internacionalista Conoce todo lo que debes saber sobre esta celebraci\u00f3n de...","og_url":"https:\/\/quehacerpolitico.mx\/?p=97354","article_published_time":"2022-11-24T19:19:14+00:00","article_modified_time":"2022-11-24T19:19:19+00:00","og_image":[{"width":1192,"height":715,"url":"https:\/\/quehacerpolitico.mx\/wp-content\/uploads\/2022\/11\/412927F3-3996-429D-ADDE-0EC45158E162.jpeg","type":"image\/jpeg"}],"author":"Redacci\u00f3n QP","twitter_card":"summary_large_image","twitter_misc":{"Escrito por":"Redacci\u00f3n QP","Tiempo de lectura":"2 minutos"},"schema":{"@context":"https:\/\/schema.org","@graph":[{"@type":"Article","@id":"https:\/\/quehacerpolitico.mx\/?p=97354#article","isPartOf":{"@id":"https:\/\/quehacerpolitico.mx\/?p=97354"},"author":{"name":"Redacci\u00f3n QP","@id":"https:\/\/quehacerpolitico.mx\/#\/schema\/person\/496d8ad2d1d3f8036101dca7ee39e585"},"headline":"Internacionales\/\/\/Carolina Alonso Romei\/\/\/\u00bfPor qu\u00e9 el D\u00eda de Acci\u00f3n de Gracias se celebra en jueves?","datePublished":"2022-11-24T19:19:14+00:00","dateModified":"2022-11-24T19:19:19+00:00","mainEntityOfPage":{"@id":"https:\/\/quehacerpolitico.mx\/?p=97354"},"wordCount":499,"commentCount":0,"image":{"@id":"https:\/\/quehacerpolitico.mx\/?p=97354#primaryimage"},"thumbnailUrl":"https:\/\/quehacerpolitico.mx\/wp-content\/uploads\/2022\/11\/412927F3-3996-429D-ADDE-0EC45158E162.jpeg","articleSection":["Internacionales"],"inLanguage":"es","potentialAction":[{"@type":"CommentAction","name":"Comment","target":["https:\/\/quehacerpolitico.mx\/?p=97354#respond"]}]},{"@type":"WebPage","@id":"https:\/\/quehacerpolitico.mx\/?p=97354","url":"https:\/\/quehacerpolitico.mx\/?p=97354","name":"Internacionales\/\/\/Carolina Alonso Romei\/\/\/\u00bfPor qu\u00e9 el D\u00eda de Acci\u00f3n de Gracias se celebra en jueves? -","isPartOf":{"@id":"https:\/\/quehacerpolitico.mx\/#website"},"primaryImageOfPage":{"@id":"https:\/\/quehacerpolitico.mx\/?p=97354#primaryimage"},"image":{"@id":"https:\/\/quehacerpolitico.mx\/?p=97354#primaryimage"},"thumbnailUrl":"https:\/\/quehacerpolitico.mx\/wp-content\/uploads\/2022\/11\/412927F3-3996-429D-ADDE-0EC45158E162.jpeg","datePublished":"2022-11-24T19:19:14+00:00","dateModified":"2022-11-24T19:19:19+00:00","author":{"@id":"https:\/\/quehacerpolitico.mx\/#\/schema\/person\/496d8ad2d1d3f8036101dca7ee39e585"},"breadcrumb":{"@id":"https:\/\/quehacerpolitico.mx\/?p=97354#breadcrumb"},"inLanguage":"es","potentialAction":[{"@type":"ReadAction","target":["https:\/\/quehacerpolitico.mx\/?p=97354"]}]},{"@type":"ImageObject","inLanguage":"es","@id":"https:\/\/quehacerpolitico.mx\/?p=97354#primaryimage","url":"https:\/\/quehacerpolitico.mx\/wp-content\/uploads\/2022\/11\/412927F3-3996-429D-ADDE-0EC45158E162.jpeg","contentUrl":"https:\/\/quehacerpolitico.mx\/wp-content\/uploads\/2022\/11\/412927F3-3996-429D-ADDE-0EC45158E162.jpeg","width":1192,"height":715},{"@type":"BreadcrumbList","@id":"https:\/\/quehacerpolitico.mx\/?p=97354#breadcrumb","itemListElement":[{"@type":"ListItem","position":1,"name":"Inicio","item":"https:\/\/quehacerpolitico.mx\/"},{"@type":"ListItem","position":2,"name":"Internacionales\/\/\/Carolina Alonso Romei\/\/\/\u00bfPor qu\u00e9 el D\u00eda de Acci\u00f3n de Gracias se celebra en jueves?"}]},{"@type":"WebSite","@id":"https:\/\/quehacerpolitico.mx\/#website","url":"https:\/\/quehacerpolitico.mx\/","name":"","description":"","potentialAction":[{"@type":"SearchAction","target":{"@type":"EntryPoint","urlTemplate":"https:\/\/quehacerpolitico.mx\/?s={search_term_string}"},"query-input":{"@type":"PropertyValueSpecification","valueRequired":true,"valueName":"search_term_string"}}],"inLanguage":"es"},{"@type":"Person","@id":"https:\/\/quehacerpolitico.mx\/#\/schema\/person\/496d8ad2d1d3f8036101dca7ee39e585","name":"Redacci\u00f3n QP","image":{"@type":"ImageObject","inLanguage":"es","@id":"https:\/\/secure.gravatar.com\/avatar\/c7164ed6fdec453195284ad24a5ae5b6e1eed2b848477fa2a4787ba9adf39a41?s=96&d=mm&r=g","url":"https:\/\/secure.gravatar.com\/avatar\/c7164ed6fdec453195284ad24a5ae5b6e1eed2b848477fa2a4787ba9adf39a41?s=96&d=mm&r=g","contentUrl":"https:\/\/secure.gravatar.com\/avatar\/c7164ed6fdec453195284ad24a5ae5b6e1eed2b848477fa2a4787ba9adf39a41?s=96&d=mm&r=g","caption":"Redacci\u00f3n QP"},"url":"https:\/\/quehacerpolitico.mx\/?author=2"}]}},"featured_image_urls":{"full":["https:\/\/quehacerpolitico.mx\/wp-content\/uploads\/2022\/11\/412927F3-3996-429D-ADDE-0EC45158E162.jpeg",1192,715,false],"thumbnail":["https:\/\/quehacerpolitico.mx\/wp-content\/uploads\/2022\/11\/412927F3-3996-429D-ADDE-0EC45158E162-150x150.jpeg",150,150,true],"medium":["https:\/\/quehacerpolitico.mx\/wp-content\/uploads\/2022\/11\/412927F3-3996-429D-ADDE-0EC45158E162-300x180.jpeg",300,180,true],"medium_large":["https:\/\/quehacerpolitico.mx\/wp-content\/uploads\/2022\/11\/412927F3-3996-429D-ADDE-0EC45158E162-768x461.jpeg",640,384,true],"large":["https:\/\/quehacerpolitico.mx\/wp-content\/uploads\/2022\/11\/412927F3-3996-429D-ADDE-0EC45158E162-1024x614.jpeg",640,384,true],"1536x1536":["https:\/\/quehacerpolitico.mx\/wp-content\/uploads\/2022\/11\/412927F3-3996-429D-ADDE-0EC45158E162.jpeg",1192,715,false],"2048x2048":["https:\/\/quehacerpolitico.mx\/wp-content\/uploads\/2022\/11\/412927F3-3996-429D-ADDE-0EC45158E162.jpeg",1192,715,false],"covernews-featured":["https:\/\/quehacerpolitico.mx\/wp-content\/uploads\/2022\/11\/412927F3-3996-429D-ADDE-0EC45158E162.jpeg",1024,614,false],"covernews-medium":["https:\/\/quehacerpolitico.mx\/wp-content\/uploads\/2022\/11\/412927F3-3996-429D-ADDE-0EC45158E162.jpeg",540,324,false]},"author_info":{"display_name":"Redacci\u00f3n QP","author_link":"https:\/\/quehacerpolitico.mx\/?author=2"},"category_info":"<a href=\"https:\/\/quehacerpolitico.mx\/?cat=1\" rel=\"category\">Internacionales<\/a>","tag_info":"Internacionales","comment_count":"0","_links":{"self":[{"href":"https:\/\/quehacerpolitico.mx\/index.php?rest_route=\/wp\/v2\/posts\/97354","targetHints":{"allow":["GET"]}}],"collection":[{"href":"https:\/\/quehacerpolitico.mx\/index.php?rest_route=\/wp\/v2\/posts"}],"about":[{"href":"https:\/\/quehacerpolitico.mx\/index.php?rest_route=\/wp\/v2\/types\/post"}],"author":[{"embeddable":true,"href":"https:\/\/quehacerpolitico.mx\/index.php?rest_route=\/wp\/v2\/users\/2"}],"replies":[{"embeddable":true,"href":"https:\/\/quehacerpolitico.mx\/index.php?rest_route=%2Fwp%2Fv2%2Fcomments&post=97354"}],"version-history":[{"count":1,"href":"https:\/\/quehacerpolitico.mx\/index.php?rest_route=\/wp\/v2\/posts\/97354\/revisions"}],"predecessor-version":[{"id":97358,"href":"https:\/\/quehacerpolitico.mx\/index.php?rest_route=\/wp\/v2\/posts\/97354\/revisions\/97358"}],"wp:featuredmedia":[{"embeddable":true,"href":"https:\/\/quehacerpolitico.mx\/index.php?rest_route=\/wp\/v2\/media\/97357"}],"wp:attachment":[{"href":"https:\/\/quehacerpolitico.mx\/index.php?rest_route=%2Fwp%2Fv2%2Fmedia&parent=97354"}],"wp:term":[{"taxonomy":"category","embeddable":true,"href":"https:\/\/quehacerpolitico.mx\/index.php?rest_route=%2Fwp%2Fv2%2Fcategories&post=97354"},{"taxonomy":"post_tag","embeddable":true,"href":"https:\/\/quehacerpolitico.mx\/index.php?rest_route=%2Fwp%2Fv2%2Ftags&post=97354"}],"curies":[{"name":"wp","href":"https:\/\/api.w.org\/{rel}","templated":true}]}}