{"id":97348,"date":"2022-11-24T18:36:51","date_gmt":"2022-11-24T18:36:51","guid":{"rendered":"https:\/\/quehacerpolitico.mx\/?p=97348"},"modified":"2022-11-24T18:36:55","modified_gmt":"2022-11-24T18:36:55","slug":"se-rindio-lopez-obrador-dice-que-ya-no-insistira-en-reforma-electoral","status":"publish","type":"post","link":"https:\/\/quehacerpolitico.mx\/?p=97348","title":{"rendered":"\u00bfSe rindi\u00f3? L\u00f3pez Obrador dice que ya no insistir\u00e1 en reforma electoral"},"content":{"rendered":"\n<p>Por Redacci\u00f3n QP<\/p>\n\n\n\n<p>&#8220;Que bien que ya no se va a poder por ahora llevar a cabo la reforma constitucional, pero s\u00ed se va a presentar una reforma legal&#8221;, se\u00f1ala L\u00f3pez Obrador<\/p>\n\n\n\n<p>El Presidente\u00a0Andres Manuel Lopez Obrador inform\u00f3 que su gobierno ya no insistir\u00e1 en la negociaci\u00f3n para aprobar su iniciativa reforma constitucional en materia electoral, sino que\u00a0<strong>se apostar\u00e1 a una reforma legal<\/strong>, pues acus\u00f3 que hay muchos intereses, y la oposici\u00f3n, se\u00f1al\u00f3,\u00a0<strong>piensa que si se quedan con el INE como est\u00e1, contar\u00e1 un instrumento para el fraude<\/strong>.<\/p>\n\n\n\n<p>En\u00a0conferencia de prensa \u201cma\u00f1anera\u201d el Mandatario se\u00f1al\u00f3 que la oposici\u00f3n no quiere que ya no haya diputados plurinominales, que los consejeros del INE y magistrados del Tribunal Electoral sean elegidos por el pueblo y no por los partidos y tampoco aceptan, afirm\u00f3, que los funcionarios del Instituto Electoral ya no ganen tanto y haya ahorros.<\/p>\n\n\n\n<p><strong>&#8220;No, ya est\u00e1 tomada la decisi\u00f3n, ellos no quieren aprobar la reforma. \u00bfQu\u00e9 es lo que no quieren? Que se reduzca el presupuesto. \u00bfQu\u00e9 es lo que no quieren? Que en vez de 500 diputados haya 300 para que no existan los llamados diputados plurinominales y que todos sean electos de manera directa&#8221;<\/strong>.<\/p>\n\n\n\n<p>&#8220;\u00bfQu\u00e9 es lo que no aceptan? Que los consejeros del INE y a los magistrados del Tribunal Electoral los elija el pueblo y no los partidos. \u00bfQu\u00e9 es lo que no aceptan? Que ya no ganen tanto los funcionarios del INE, que se ahorre, entonces eso no lo aceptan, como no lo aceptan, pues,\u00a0<strong>vamos a presentar una ley que sin infringir la Constituci\u00f3n<\/strong>, lo que establece, nos permita lograr ahorros para que no sea tan costoso como lo es el organizar las elecciones.\u00a0<strong>Que bien que ya no se va a poder por ahora llevar a cabo la reforma constitucional, pero s\u00ed se va a presentar una reforma legal&#8221;<\/strong>, dijo.<\/p>\n\n\n\n<figure class=\"wp-block-embed is-type-video is-provider-youtube wp-block-embed-youtube wp-embed-aspect-16-9 wp-has-aspect-ratio\"><div class=\"wp-block-embed__wrapper\">\n<iframe loading=\"lazy\" title=\"AMLO va con plan B electoral\" width=\"640\" height=\"360\" src=\"https:\/\/www.youtube.com\/embed\/awLc1JHSKkA?feature=oembed\" frameborder=\"0\" allow=\"accelerometer; autoplay; clipboard-write; encrypted-media; gyroscope; picture-in-picture; web-share\" referrerpolicy=\"strict-origin-when-cross-origin\" allowfullscreen><\/iframe>\n<\/div><\/figure>\n\n\n\n<p><strong>&#8220;\u00bfYa no se insistir\u00e1 en la negociaci\u00f3n?&#8221;<\/strong>, se le pregunt\u00f3.<\/p>\n\n\n\n<p><strong>&#8220;No, no es que ellos tienen muchos intereses y piensan que si se quedan con el INE como est\u00e1 van a poder contar con un instrumento para el fraude<\/strong>. Est\u00e1n completamente equivocados, la gente ya no acepta el fraude y el dinero porque la reforma a la Constituci\u00f3n que propusimos es disminuir el dinero de los partidos&#8221;.<\/p>\n\n\n\n<p>&#8220;Es comprensible que esta \u00e9lite corrupta defienda el fraude electoral porque han hecho uno, dos, tres, 10, 20 fraudes. Siempre por d\u00e9cadas lo que es lamentable es que no es solo esta \u00e9lite, los que impiden una reforma constitucional para hacer valer a plenitud la democracia, sino que enga\u00f1an a millones&#8221;, dijo.<\/p>\n\n\n\n<p>Con Informaci\u00f3n de SUN<\/p>\n","protected":false},"excerpt":{"rendered":"<p>Por Redacci\u00f3n QP &#8220;Que bien que ya no se va a poder por ahora llevar&#8230;<\/p>\n","protected":false},"author":2,"featured_media":97349,"comment_status":"open","ping_status":"open","sticky":false,"template":"","format":"standard","meta":{"_monsterinsights_skip_tracking":false,"_monsterinsights_sitenote_active":false,"_monsterinsights_sitenote_note":"","_monsterinsights_sitenote_category":0,"footnotes":""},"categories":[2],"tags":[],"class_list":["post-97348","post","type-post","status-publish","format-standard","has-post-thumbnail","hentry","category-noticias"],"yoast_head":"<!-- This site is optimized with the Yoast SEO plugin v27.3 - https:\/\/yoast.com\/product\/yoast-seo-wordpress\/ -->\n<title>\u00bfSe rindi\u00f3? L\u00f3pez Obrador dice que ya no insistir\u00e1 en reforma electoral -<\/title>\n<meta name=\"robots\" content=\"index, follow, max-snippet:-1, max-image-preview:large, max-video-preview:-1\" \/>\n<link rel=\"canonical\" href=\"https:\/\/quehacerpolitico.mx\/?p=97348\" \/>\n<meta property=\"og:locale\" content=\"es_MX\" \/>\n<meta property=\"og:type\" content=\"article\" \/>\n<meta property=\"og:title\" content=\"\u00bfSe rindi\u00f3? L\u00f3pez Obrador dice que ya no insistir\u00e1 en reforma electoral -\" \/>\n<meta property=\"og:description\" content=\"Por Redacci\u00f3n QP &#8220;Que bien que ya no se va a poder por ahora llevar...\" \/>\n<meta property=\"og:url\" content=\"https:\/\/quehacerpolitico.mx\/?p=97348\" \/>\n<meta property=\"article:published_time\" content=\"2022-11-24T18:36:51+00:00\" \/>\n<meta property=\"article:modified_time\" content=\"2022-11-24T18:36:55+00:00\" \/>\n<meta property=\"og:image\" content=\"https:\/\/quehacerpolitico.mx\/wp-content\/uploads\/2022\/11\/1261036F-572F-42F7-AC19-00C5D65CCA59.jpeg\" \/>\n\t<meta property=\"og:image:width\" content=\"1284\" \/>\n\t<meta property=\"og:image:height\" content=\"694\" \/>\n\t<meta property=\"og:image:type\" content=\"image\/jpeg\" \/>\n<meta name=\"author\" content=\"Redacci\u00f3n QP\" \/>\n<meta name=\"twitter:card\" content=\"summary_large_image\" \/>\n<meta name=\"twitter:label1\" content=\"Escrito por\" \/>\n\t<meta name=\"twitter:data1\" content=\"Redacci\u00f3n QP\" \/>\n\t<meta name=\"twitter:label2\" content=\"Tiempo de lectura\" \/>\n\t<meta name=\"twitter:data2\" content=\"2 minutos\" \/>\n<script type=\"application\/ld+json\" class=\"yoast-schema-graph\">{\"@context\":\"https:\\\/\\\/schema.org\",\"@graph\":[{\"@type\":\"Article\",\"@id\":\"https:\\\/\\\/quehacerpolitico.mx\\\/?p=97348#article\",\"isPartOf\":{\"@id\":\"https:\\\/\\\/quehacerpolitico.mx\\\/?p=97348\"},\"author\":{\"name\":\"Redacci\u00f3n QP\",\"@id\":\"https:\\\/\\\/quehacerpolitico.mx\\\/#\\\/schema\\\/person\\\/496d8ad2d1d3f8036101dca7ee39e585\"},\"headline\":\"\u00bfSe rindi\u00f3? L\u00f3pez Obrador dice que ya no insistir\u00e1 en reforma electoral\",\"datePublished\":\"2022-11-24T18:36:51+00:00\",\"dateModified\":\"2022-11-24T18:36:55+00:00\",\"mainEntityOfPage\":{\"@id\":\"https:\\\/\\\/quehacerpolitico.mx\\\/?p=97348\"},\"wordCount\":465,\"commentCount\":0,\"image\":{\"@id\":\"https:\\\/\\\/quehacerpolitico.mx\\\/?p=97348#primaryimage\"},\"thumbnailUrl\":\"https:\\\/\\\/quehacerpolitico.mx\\\/wp-content\\\/uploads\\\/2022\\\/11\\\/1261036F-572F-42F7-AC19-00C5D65CCA59.jpeg\",\"articleSection\":[\"Noticias\"],\"inLanguage\":\"es\",\"potentialAction\":[{\"@type\":\"CommentAction\",\"name\":\"Comment\",\"target\":[\"https:\\\/\\\/quehacerpolitico.mx\\\/?p=97348#respond\"]}]},{\"@type\":\"WebPage\",\"@id\":\"https:\\\/\\\/quehacerpolitico.mx\\\/?p=97348\",\"url\":\"https:\\\/\\\/quehacerpolitico.mx\\\/?p=97348\",\"name\":\"\u00bfSe rindi\u00f3? L\u00f3pez Obrador dice que ya no insistir\u00e1 en reforma electoral -\",\"isPartOf\":{\"@id\":\"https:\\\/\\\/quehacerpolitico.mx\\\/#website\"},\"primaryImageOfPage\":{\"@id\":\"https:\\\/\\\/quehacerpolitico.mx\\\/?p=97348#primaryimage\"},\"image\":{\"@id\":\"https:\\\/\\\/quehacerpolitico.mx\\\/?p=97348#primaryimage\"},\"thumbnailUrl\":\"https:\\\/\\\/quehacerpolitico.mx\\\/wp-content\\\/uploads\\\/2022\\\/11\\\/1261036F-572F-42F7-AC19-00C5D65CCA59.jpeg\",\"datePublished\":\"2022-11-24T18:36:51+00:00\",\"dateModified\":\"2022-11-24T18:36:55+00:00\",\"author\":{\"@id\":\"https:\\\/\\\/quehacerpolitico.mx\\\/#\\\/schema\\\/person\\\/496d8ad2d1d3f8036101dca7ee39e585\"},\"breadcrumb\":{\"@id\":\"https:\\\/\\\/quehacerpolitico.mx\\\/?p=97348#breadcrumb\"},\"inLanguage\":\"es\",\"potentialAction\":[{\"@type\":\"ReadAction\",\"target\":[\"https:\\\/\\\/quehacerpolitico.mx\\\/?p=97348\"]}]},{\"@type\":\"ImageObject\",\"inLanguage\":\"es\",\"@id\":\"https:\\\/\\\/quehacerpolitico.mx\\\/?p=97348#primaryimage\",\"url\":\"https:\\\/\\\/quehacerpolitico.mx\\\/wp-content\\\/uploads\\\/2022\\\/11\\\/1261036F-572F-42F7-AC19-00C5D65CCA59.jpeg\",\"contentUrl\":\"https:\\\/\\\/quehacerpolitico.mx\\\/wp-content\\\/uploads\\\/2022\\\/11\\\/1261036F-572F-42F7-AC19-00C5D65CCA59.jpeg\",\"width\":1284,\"height\":694},{\"@type\":\"BreadcrumbList\",\"@id\":\"https:\\\/\\\/quehacerpolitico.mx\\\/?p=97348#breadcrumb\",\"itemListElement\":[{\"@type\":\"ListItem\",\"position\":1,\"name\":\"Inicio\",\"item\":\"https:\\\/\\\/quehacerpolitico.mx\\\/\"},{\"@type\":\"ListItem\",\"position\":2,\"name\":\"\u00bfSe rindi\u00f3? L\u00f3pez Obrador dice que ya no insistir\u00e1 en reforma electoral\"}]},{\"@type\":\"WebSite\",\"@id\":\"https:\\\/\\\/quehacerpolitico.mx\\\/#website\",\"url\":\"https:\\\/\\\/quehacerpolitico.mx\\\/\",\"name\":\"\",\"description\":\"\",\"potentialAction\":[{\"@type\":\"SearchAction\",\"target\":{\"@type\":\"EntryPoint\",\"urlTemplate\":\"https:\\\/\\\/quehacerpolitico.mx\\\/?s={search_term_string}\"},\"query-input\":{\"@type\":\"PropertyValueSpecification\",\"valueRequired\":true,\"valueName\":\"search_term_string\"}}],\"inLanguage\":\"es\"},{\"@type\":\"Person\",\"@id\":\"https:\\\/\\\/quehacerpolitico.mx\\\/#\\\/schema\\\/person\\\/496d8ad2d1d3f8036101dca7ee39e585\",\"name\":\"Redacci\u00f3n QP\",\"image\":{\"@type\":\"ImageObject\",\"inLanguage\":\"es\",\"@id\":\"https:\\\/\\\/secure.gravatar.com\\\/avatar\\\/c7164ed6fdec453195284ad24a5ae5b6e1eed2b848477fa2a4787ba9adf39a41?s=96&d=mm&r=g\",\"url\":\"https:\\\/\\\/secure.gravatar.com\\\/avatar\\\/c7164ed6fdec453195284ad24a5ae5b6e1eed2b848477fa2a4787ba9adf39a41?s=96&d=mm&r=g\",\"contentUrl\":\"https:\\\/\\\/secure.gravatar.com\\\/avatar\\\/c7164ed6fdec453195284ad24a5ae5b6e1eed2b848477fa2a4787ba9adf39a41?s=96&d=mm&r=g\",\"caption\":\"Redacci\u00f3n QP\"},\"url\":\"https:\\\/\\\/quehacerpolitico.mx\\\/?author=2\"}]}<\/script>\n<!-- \/ Yoast SEO plugin. -->","yoast_head_json":{"title":"\u00bfSe rindi\u00f3? L\u00f3pez Obrador dice que ya no insistir\u00e1 en reforma electoral -","robots":{"index":"index","follow":"follow","max-snippet":"max-snippet:-1","max-image-preview":"max-image-preview:large","max-video-preview":"max-video-preview:-1"},"canonical":"https:\/\/quehacerpolitico.mx\/?p=97348","og_locale":"es_MX","og_type":"article","og_title":"\u00bfSe rindi\u00f3? L\u00f3pez Obrador dice que ya no insistir\u00e1 en reforma electoral -","og_description":"Por Redacci\u00f3n QP &#8220;Que bien que ya no se va a poder por ahora llevar...","og_url":"https:\/\/quehacerpolitico.mx\/?p=97348","article_published_time":"2022-11-24T18:36:51+00:00","article_modified_time":"2022-11-24T18:36:55+00:00","og_image":[{"width":1284,"height":694,"url":"https:\/\/quehacerpolitico.mx\/wp-content\/uploads\/2022\/11\/1261036F-572F-42F7-AC19-00C5D65CCA59.jpeg","type":"image\/jpeg"}],"author":"Redacci\u00f3n QP","twitter_card":"summary_large_image","twitter_misc":{"Escrito por":"Redacci\u00f3n QP","Tiempo de lectura":"2 minutos"},"schema":{"@context":"https:\/\/schema.org","@graph":[{"@type":"Article","@id":"https:\/\/quehacerpolitico.mx\/?p=97348#article","isPartOf":{"@id":"https:\/\/quehacerpolitico.mx\/?p=97348"},"author":{"name":"Redacci\u00f3n QP","@id":"https:\/\/quehacerpolitico.mx\/#\/schema\/person\/496d8ad2d1d3f8036101dca7ee39e585"},"headline":"\u00bfSe rindi\u00f3? L\u00f3pez Obrador dice que ya no insistir\u00e1 en reforma electoral","datePublished":"2022-11-24T18:36:51+00:00","dateModified":"2022-11-24T18:36:55+00:00","mainEntityOfPage":{"@id":"https:\/\/quehacerpolitico.mx\/?p=97348"},"wordCount":465,"commentCount":0,"image":{"@id":"https:\/\/quehacerpolitico.mx\/?p=97348#primaryimage"},"thumbnailUrl":"https:\/\/quehacerpolitico.mx\/wp-content\/uploads\/2022\/11\/1261036F-572F-42F7-AC19-00C5D65CCA59.jpeg","articleSection":["Noticias"],"inLanguage":"es","potentialAction":[{"@type":"CommentAction","name":"Comment","target":["https:\/\/quehacerpolitico.mx\/?p=97348#respond"]}]},{"@type":"WebPage","@id":"https:\/\/quehacerpolitico.mx\/?p=97348","url":"https:\/\/quehacerpolitico.mx\/?p=97348","name":"\u00bfSe rindi\u00f3? L\u00f3pez Obrador dice que ya no insistir\u00e1 en reforma electoral -","isPartOf":{"@id":"https:\/\/quehacerpolitico.mx\/#website"},"primaryImageOfPage":{"@id":"https:\/\/quehacerpolitico.mx\/?p=97348#primaryimage"},"image":{"@id":"https:\/\/quehacerpolitico.mx\/?p=97348#primaryimage"},"thumbnailUrl":"https:\/\/quehacerpolitico.mx\/wp-content\/uploads\/2022\/11\/1261036F-572F-42F7-AC19-00C5D65CCA59.jpeg","datePublished":"2022-11-24T18:36:51+00:00","dateModified":"2022-11-24T18:36:55+00:00","author":{"@id":"https:\/\/quehacerpolitico.mx\/#\/schema\/person\/496d8ad2d1d3f8036101dca7ee39e585"},"breadcrumb":{"@id":"https:\/\/quehacerpolitico.mx\/?p=97348#breadcrumb"},"inLanguage":"es","potentialAction":[{"@type":"ReadAction","target":["https:\/\/quehacerpolitico.mx\/?p=97348"]}]},{"@type":"ImageObject","inLanguage":"es","@id":"https:\/\/quehacerpolitico.mx\/?p=97348#primaryimage","url":"https:\/\/quehacerpolitico.mx\/wp-content\/uploads\/2022\/11\/1261036F-572F-42F7-AC19-00C5D65CCA59.jpeg","contentUrl":"https:\/\/quehacerpolitico.mx\/wp-content\/uploads\/2022\/11\/1261036F-572F-42F7-AC19-00C5D65CCA59.jpeg","width":1284,"height":694},{"@type":"BreadcrumbList","@id":"https:\/\/quehacerpolitico.mx\/?p=97348#breadcrumb","itemListElement":[{"@type":"ListItem","position":1,"name":"Inicio","item":"https:\/\/quehacerpolitico.mx\/"},{"@type":"ListItem","position":2,"name":"\u00bfSe rindi\u00f3? L\u00f3pez Obrador dice que ya no insistir\u00e1 en reforma electoral"}]},{"@type":"WebSite","@id":"https:\/\/quehacerpolitico.mx\/#website","url":"https:\/\/quehacerpolitico.mx\/","name":"","description":"","potentialAction":[{"@type":"SearchAction","target":{"@type":"EntryPoint","urlTemplate":"https:\/\/quehacerpolitico.mx\/?s={search_term_string}"},"query-input":{"@type":"PropertyValueSpecification","valueRequired":true,"valueName":"search_term_string"}}],"inLanguage":"es"},{"@type":"Person","@id":"https:\/\/quehacerpolitico.mx\/#\/schema\/person\/496d8ad2d1d3f8036101dca7ee39e585","name":"Redacci\u00f3n QP","image":{"@type":"ImageObject","inLanguage":"es","@id":"https:\/\/secure.gravatar.com\/avatar\/c7164ed6fdec453195284ad24a5ae5b6e1eed2b848477fa2a4787ba9adf39a41?s=96&d=mm&r=g","url":"https:\/\/secure.gravatar.com\/avatar\/c7164ed6fdec453195284ad24a5ae5b6e1eed2b848477fa2a4787ba9adf39a41?s=96&d=mm&r=g","contentUrl":"https:\/\/secure.gravatar.com\/avatar\/c7164ed6fdec453195284ad24a5ae5b6e1eed2b848477fa2a4787ba9adf39a41?s=96&d=mm&r=g","caption":"Redacci\u00f3n QP"},"url":"https:\/\/quehacerpolitico.mx\/?author=2"}]}},"featured_image_urls":{"full":["https:\/\/quehacerpolitico.mx\/wp-content\/uploads\/2022\/11\/1261036F-572F-42F7-AC19-00C5D65CCA59.jpeg",1284,694,false],"thumbnail":["https:\/\/quehacerpolitico.mx\/wp-content\/uploads\/2022\/11\/1261036F-572F-42F7-AC19-00C5D65CCA59-150x150.jpeg",150,150,true],"medium":["https:\/\/quehacerpolitico.mx\/wp-content\/uploads\/2022\/11\/1261036F-572F-42F7-AC19-00C5D65CCA59-300x162.jpeg",300,162,true],"medium_large":["https:\/\/quehacerpolitico.mx\/wp-content\/uploads\/2022\/11\/1261036F-572F-42F7-AC19-00C5D65CCA59-768x415.jpeg",640,346,true],"large":["https:\/\/quehacerpolitico.mx\/wp-content\/uploads\/2022\/11\/1261036F-572F-42F7-AC19-00C5D65CCA59-1024x553.jpeg",640,346,true],"1536x1536":["https:\/\/quehacerpolitico.mx\/wp-content\/uploads\/2022\/11\/1261036F-572F-42F7-AC19-00C5D65CCA59.jpeg",1284,694,false],"2048x2048":["https:\/\/quehacerpolitico.mx\/wp-content\/uploads\/2022\/11\/1261036F-572F-42F7-AC19-00C5D65CCA59.jpeg",1284,694,false],"covernews-featured":["https:\/\/quehacerpolitico.mx\/wp-content\/uploads\/2022\/11\/1261036F-572F-42F7-AC19-00C5D65CCA59.jpeg",1024,553,false],"covernews-medium":["https:\/\/quehacerpolitico.mx\/wp-content\/uploads\/2022\/11\/1261036F-572F-42F7-AC19-00C5D65CCA59.jpeg",540,292,false]},"author_info":{"display_name":"Redacci\u00f3n QP","author_link":"https:\/\/quehacerpolitico.mx\/?author=2"},"category_info":"<a href=\"https:\/\/quehacerpolitico.mx\/?cat=2\" rel=\"category\">Noticias<\/a>","tag_info":"Noticias","comment_count":"0","_links":{"self":[{"href":"https:\/\/quehacerpolitico.mx\/index.php?rest_route=\/wp\/v2\/posts\/97348","targetHints":{"allow":["GET"]}}],"collection":[{"href":"https:\/\/quehacerpolitico.mx\/index.php?rest_route=\/wp\/v2\/posts"}],"about":[{"href":"https:\/\/quehacerpolitico.mx\/index.php?rest_route=\/wp\/v2\/types\/post"}],"author":[{"embeddable":true,"href":"https:\/\/quehacerpolitico.mx\/index.php?rest_route=\/wp\/v2\/users\/2"}],"replies":[{"embeddable":true,"href":"https:\/\/quehacerpolitico.mx\/index.php?rest_route=%2Fwp%2Fv2%2Fcomments&post=97348"}],"version-history":[{"count":1,"href":"https:\/\/quehacerpolitico.mx\/index.php?rest_route=\/wp\/v2\/posts\/97348\/revisions"}],"predecessor-version":[{"id":97350,"href":"https:\/\/quehacerpolitico.mx\/index.php?rest_route=\/wp\/v2\/posts\/97348\/revisions\/97350"}],"wp:featuredmedia":[{"embeddable":true,"href":"https:\/\/quehacerpolitico.mx\/index.php?rest_route=\/wp\/v2\/media\/97349"}],"wp:attachment":[{"href":"https:\/\/quehacerpolitico.mx\/index.php?rest_route=%2Fwp%2Fv2%2Fmedia&parent=97348"}],"wp:term":[{"taxonomy":"category","embeddable":true,"href":"https:\/\/quehacerpolitico.mx\/index.php?rest_route=%2Fwp%2Fv2%2Fcategories&post=97348"},{"taxonomy":"post_tag","embeddable":true,"href":"https:\/\/quehacerpolitico.mx\/index.php?rest_route=%2Fwp%2Fv2%2Ftags&post=97348"}],"curies":[{"name":"wp","href":"https:\/\/api.w.org\/{rel}","templated":true}]}}