{"id":97323,"date":"2022-11-23T16:37:05","date_gmt":"2022-11-23T16:37:05","guid":{"rendered":"https:\/\/quehacerpolitico.mx\/?p=97323"},"modified":"2022-11-23T16:37:08","modified_gmt":"2022-11-23T16:37:08","slug":"mexico-puede-ser-descalificado-del-mundial-por-canticos-ofensivos","status":"publish","type":"post","link":"https:\/\/quehacerpolitico.mx\/?p=97323","title":{"rendered":"\u00bfM\u00e9xico puede ser descalificado del Mundial por c\u00e1nticos ofensivos?"},"content":{"rendered":"\n<p>Por Redacci\u00f3n QP<\/p>\n\n\n\n<p>Esto es lo que dice el c\u00f3digo disciplinario de la FIFA<\/p>\n\n\n\n<p>Durante el partido del debut en\u00a0Qatar 2022\u00a0contra Polonia se escucharon ayer diversas manifestaciones de los aficionados de la\u00a0Selecci\u00f3n Mexicana, tales como insultos al \u00e1rbitro, por ejemplo, y en otros momentos haciendo el amague de repetir el grito de car\u00e1cter homof\u00f3bico que<strong>\u00a0le ha acarreado varios problemas al equipo nacional en eliminatoria mundialista,<\/strong>\u00a0como Copa Oro y juegos de car\u00e1cter amistoso.<\/p>\n\n\n\n<p>Hasta el momento no se ha especificado la raz\u00f3n exacta del expediente abierto a M\u00e9xico, pero\u00a0<strong>las sanciones pueden ir desde el tema de multa, p\u00e9rdida de puntos o hasta la exclusi\u00f3n del torneo.<\/strong><\/p>\n\n\n\n<h2 class=\"wp-block-heading\">\u00bfQu\u00e9 dice el art\u00edculo 13 del c\u00f3digo disciplinario de la FIFA?<\/h2>\n\n\n\n<p>El art\u00edculo 13 del c\u00f3digo disciplinario de la\u00a0FIFA, en su apartado 2, dice que &#8220;Si uno o m\u00e1s seguidores de una federaci\u00f3n o un club adoptan la conducta descrita en el apartado 1 (persona que atente contra la dignidad o la integridad de un pa\u00eds, una persona o un\u00a0<strong>colectivo de personas empleando palabras o acciones despectivas, discriminatorias o vejatorias -por el medio que sea-)<\/strong>, podr\u00e1n imponerse las siguientes medidas disciplinarias a la federaci\u00f3n o al club responsable:<\/p>\n\n\n\n<p>&#8211; Cuando se trate de la primera infracci\u00f3n, la disputa de un partido con un n\u00famero limitado de espectadores y una multa de al menos 20 mil francos suizos.<\/p>\n\n\n\n<p>&#8211; Cuando se trate de reincidencias o si las circunstancias del caso lo requieren, medidas disciplinarias como la implementaci\u00f3n de un plan de prevenci\u00f3n,\u00a0<strong>una multa, la deducci\u00f3n de puntos, la disputa de uno o m\u00e1s partidos a puerta cerrada<\/strong>, la prohibici\u00f3n de jugar en un estadio.\u00a0<strong>Una derrota por retirada o renuncia, la exclusi\u00f3n de una competici\u00f3n o el descenso de categor\u00eda.<\/strong><\/p>\n\n\n\n<p>Con Informaci\u00f3n de SUN <\/p>\n","protected":false},"excerpt":{"rendered":"<p>Por Redacci\u00f3n QP Esto es lo que dice el c\u00f3digo disciplinario de la FIFA Durante&#8230;<\/p>\n","protected":false},"author":2,"featured_media":97324,"comment_status":"open","ping_status":"open","sticky":false,"template":"","format":"standard","meta":{"_monsterinsights_skip_tracking":false,"_monsterinsights_sitenote_active":false,"_monsterinsights_sitenote_note":"","_monsterinsights_sitenote_category":0,"footnotes":""},"categories":[54],"tags":[],"class_list":["post-97323","post","type-post","status-publish","format-standard","has-post-thumbnail","hentry","category-deportes"],"yoast_head":"<!-- This site is optimized with the Yoast SEO plugin v27.3 - https:\/\/yoast.com\/product\/yoast-seo-wordpress\/ -->\n<title>\u00bfM\u00e9xico puede ser descalificado del Mundial por c\u00e1nticos ofensivos? -<\/title>\n<meta name=\"robots\" content=\"index, follow, max-snippet:-1, max-image-preview:large, max-video-preview:-1\" \/>\n<link rel=\"canonical\" href=\"https:\/\/quehacerpolitico.mx\/?p=97323\" \/>\n<meta property=\"og:locale\" content=\"es_MX\" \/>\n<meta property=\"og:type\" content=\"article\" \/>\n<meta property=\"og:title\" content=\"\u00bfM\u00e9xico puede ser descalificado del Mundial por c\u00e1nticos ofensivos? -\" \/>\n<meta property=\"og:description\" content=\"Por Redacci\u00f3n QP Esto es lo que dice el c\u00f3digo disciplinario de la FIFA Durante...\" \/>\n<meta property=\"og:url\" content=\"https:\/\/quehacerpolitico.mx\/?p=97323\" \/>\n<meta property=\"article:published_time\" content=\"2022-11-23T16:37:05+00:00\" \/>\n<meta property=\"article:modified_time\" content=\"2022-11-23T16:37:08+00:00\" \/>\n<meta property=\"og:image\" content=\"https:\/\/quehacerpolitico.mx\/wp-content\/uploads\/2022\/11\/E5715492-809F-4A67-A579-8851C096BB80.jpeg\" \/>\n\t<meta property=\"og:image:width\" content=\"2048\" \/>\n\t<meta property=\"og:image:height\" content=\"1364\" \/>\n\t<meta property=\"og:image:type\" content=\"image\/jpeg\" \/>\n<meta name=\"author\" content=\"Redacci\u00f3n QP\" \/>\n<meta name=\"twitter:card\" content=\"summary_large_image\" \/>\n<meta name=\"twitter:label1\" content=\"Escrito por\" \/>\n\t<meta name=\"twitter:data1\" content=\"Redacci\u00f3n QP\" \/>\n\t<meta name=\"twitter:label2\" content=\"Tiempo de lectura\" \/>\n\t<meta name=\"twitter:data2\" content=\"2 minutos\" \/>\n<script type=\"application\/ld+json\" class=\"yoast-schema-graph\">{\"@context\":\"https:\\\/\\\/schema.org\",\"@graph\":[{\"@type\":\"Article\",\"@id\":\"https:\\\/\\\/quehacerpolitico.mx\\\/?p=97323#article\",\"isPartOf\":{\"@id\":\"https:\\\/\\\/quehacerpolitico.mx\\\/?p=97323\"},\"author\":{\"name\":\"Redacci\u00f3n QP\",\"@id\":\"https:\\\/\\\/quehacerpolitico.mx\\\/#\\\/schema\\\/person\\\/496d8ad2d1d3f8036101dca7ee39e585\"},\"headline\":\"\u00bfM\u00e9xico puede ser descalificado del Mundial por c\u00e1nticos ofensivos?\",\"datePublished\":\"2022-11-23T16:37:05+00:00\",\"dateModified\":\"2022-11-23T16:37:08+00:00\",\"mainEntityOfPage\":{\"@id\":\"https:\\\/\\\/quehacerpolitico.mx\\\/?p=97323\"},\"wordCount\":332,\"commentCount\":0,\"image\":{\"@id\":\"https:\\\/\\\/quehacerpolitico.mx\\\/?p=97323#primaryimage\"},\"thumbnailUrl\":\"https:\\\/\\\/quehacerpolitico.mx\\\/wp-content\\\/uploads\\\/2022\\\/11\\\/E5715492-809F-4A67-A579-8851C096BB80.jpeg\",\"articleSection\":[\"Deportes\"],\"inLanguage\":\"es\",\"potentialAction\":[{\"@type\":\"CommentAction\",\"name\":\"Comment\",\"target\":[\"https:\\\/\\\/quehacerpolitico.mx\\\/?p=97323#respond\"]}]},{\"@type\":\"WebPage\",\"@id\":\"https:\\\/\\\/quehacerpolitico.mx\\\/?p=97323\",\"url\":\"https:\\\/\\\/quehacerpolitico.mx\\\/?p=97323\",\"name\":\"\u00bfM\u00e9xico puede ser descalificado del Mundial por c\u00e1nticos ofensivos? -\",\"isPartOf\":{\"@id\":\"https:\\\/\\\/quehacerpolitico.mx\\\/#website\"},\"primaryImageOfPage\":{\"@id\":\"https:\\\/\\\/quehacerpolitico.mx\\\/?p=97323#primaryimage\"},\"image\":{\"@id\":\"https:\\\/\\\/quehacerpolitico.mx\\\/?p=97323#primaryimage\"},\"thumbnailUrl\":\"https:\\\/\\\/quehacerpolitico.mx\\\/wp-content\\\/uploads\\\/2022\\\/11\\\/E5715492-809F-4A67-A579-8851C096BB80.jpeg\",\"datePublished\":\"2022-11-23T16:37:05+00:00\",\"dateModified\":\"2022-11-23T16:37:08+00:00\",\"author\":{\"@id\":\"https:\\\/\\\/quehacerpolitico.mx\\\/#\\\/schema\\\/person\\\/496d8ad2d1d3f8036101dca7ee39e585\"},\"breadcrumb\":{\"@id\":\"https:\\\/\\\/quehacerpolitico.mx\\\/?p=97323#breadcrumb\"},\"inLanguage\":\"es\",\"potentialAction\":[{\"@type\":\"ReadAction\",\"target\":[\"https:\\\/\\\/quehacerpolitico.mx\\\/?p=97323\"]}]},{\"@type\":\"ImageObject\",\"inLanguage\":\"es\",\"@id\":\"https:\\\/\\\/quehacerpolitico.mx\\\/?p=97323#primaryimage\",\"url\":\"https:\\\/\\\/quehacerpolitico.mx\\\/wp-content\\\/uploads\\\/2022\\\/11\\\/E5715492-809F-4A67-A579-8851C096BB80.jpeg\",\"contentUrl\":\"https:\\\/\\\/quehacerpolitico.mx\\\/wp-content\\\/uploads\\\/2022\\\/11\\\/E5715492-809F-4A67-A579-8851C096BB80.jpeg\",\"width\":2048,\"height\":1364},{\"@type\":\"BreadcrumbList\",\"@id\":\"https:\\\/\\\/quehacerpolitico.mx\\\/?p=97323#breadcrumb\",\"itemListElement\":[{\"@type\":\"ListItem\",\"position\":1,\"name\":\"Inicio\",\"item\":\"https:\\\/\\\/quehacerpolitico.mx\\\/\"},{\"@type\":\"ListItem\",\"position\":2,\"name\":\"\u00bfM\u00e9xico puede ser descalificado del Mundial por c\u00e1nticos ofensivos?\"}]},{\"@type\":\"WebSite\",\"@id\":\"https:\\\/\\\/quehacerpolitico.mx\\\/#website\",\"url\":\"https:\\\/\\\/quehacerpolitico.mx\\\/\",\"name\":\"\",\"description\":\"\",\"potentialAction\":[{\"@type\":\"SearchAction\",\"target\":{\"@type\":\"EntryPoint\",\"urlTemplate\":\"https:\\\/\\\/quehacerpolitico.mx\\\/?s={search_term_string}\"},\"query-input\":{\"@type\":\"PropertyValueSpecification\",\"valueRequired\":true,\"valueName\":\"search_term_string\"}}],\"inLanguage\":\"es\"},{\"@type\":\"Person\",\"@id\":\"https:\\\/\\\/quehacerpolitico.mx\\\/#\\\/schema\\\/person\\\/496d8ad2d1d3f8036101dca7ee39e585\",\"name\":\"Redacci\u00f3n QP\",\"image\":{\"@type\":\"ImageObject\",\"inLanguage\":\"es\",\"@id\":\"https:\\\/\\\/secure.gravatar.com\\\/avatar\\\/c7164ed6fdec453195284ad24a5ae5b6e1eed2b848477fa2a4787ba9adf39a41?s=96&d=mm&r=g\",\"url\":\"https:\\\/\\\/secure.gravatar.com\\\/avatar\\\/c7164ed6fdec453195284ad24a5ae5b6e1eed2b848477fa2a4787ba9adf39a41?s=96&d=mm&r=g\",\"contentUrl\":\"https:\\\/\\\/secure.gravatar.com\\\/avatar\\\/c7164ed6fdec453195284ad24a5ae5b6e1eed2b848477fa2a4787ba9adf39a41?s=96&d=mm&r=g\",\"caption\":\"Redacci\u00f3n QP\"},\"url\":\"https:\\\/\\\/quehacerpolitico.mx\\\/?author=2\"}]}<\/script>\n<!-- \/ Yoast SEO plugin. -->","yoast_head_json":{"title":"\u00bfM\u00e9xico puede ser descalificado del Mundial por c\u00e1nticos ofensivos? -","robots":{"index":"index","follow":"follow","max-snippet":"max-snippet:-1","max-image-preview":"max-image-preview:large","max-video-preview":"max-video-preview:-1"},"canonical":"https:\/\/quehacerpolitico.mx\/?p=97323","og_locale":"es_MX","og_type":"article","og_title":"\u00bfM\u00e9xico puede ser descalificado del Mundial por c\u00e1nticos ofensivos? -","og_description":"Por Redacci\u00f3n QP Esto es lo que dice el c\u00f3digo disciplinario de la FIFA Durante...","og_url":"https:\/\/quehacerpolitico.mx\/?p=97323","article_published_time":"2022-11-23T16:37:05+00:00","article_modified_time":"2022-11-23T16:37:08+00:00","og_image":[{"width":2048,"height":1364,"url":"https:\/\/quehacerpolitico.mx\/wp-content\/uploads\/2022\/11\/E5715492-809F-4A67-A579-8851C096BB80.jpeg","type":"image\/jpeg"}],"author":"Redacci\u00f3n QP","twitter_card":"summary_large_image","twitter_misc":{"Escrito por":"Redacci\u00f3n QP","Tiempo de lectura":"2 minutos"},"schema":{"@context":"https:\/\/schema.org","@graph":[{"@type":"Article","@id":"https:\/\/quehacerpolitico.mx\/?p=97323#article","isPartOf":{"@id":"https:\/\/quehacerpolitico.mx\/?p=97323"},"author":{"name":"Redacci\u00f3n QP","@id":"https:\/\/quehacerpolitico.mx\/#\/schema\/person\/496d8ad2d1d3f8036101dca7ee39e585"},"headline":"\u00bfM\u00e9xico puede ser descalificado del Mundial por c\u00e1nticos ofensivos?","datePublished":"2022-11-23T16:37:05+00:00","dateModified":"2022-11-23T16:37:08+00:00","mainEntityOfPage":{"@id":"https:\/\/quehacerpolitico.mx\/?p=97323"},"wordCount":332,"commentCount":0,"image":{"@id":"https:\/\/quehacerpolitico.mx\/?p=97323#primaryimage"},"thumbnailUrl":"https:\/\/quehacerpolitico.mx\/wp-content\/uploads\/2022\/11\/E5715492-809F-4A67-A579-8851C096BB80.jpeg","articleSection":["Deportes"],"inLanguage":"es","potentialAction":[{"@type":"CommentAction","name":"Comment","target":["https:\/\/quehacerpolitico.mx\/?p=97323#respond"]}]},{"@type":"WebPage","@id":"https:\/\/quehacerpolitico.mx\/?p=97323","url":"https:\/\/quehacerpolitico.mx\/?p=97323","name":"\u00bfM\u00e9xico puede ser descalificado del Mundial por c\u00e1nticos ofensivos? -","isPartOf":{"@id":"https:\/\/quehacerpolitico.mx\/#website"},"primaryImageOfPage":{"@id":"https:\/\/quehacerpolitico.mx\/?p=97323#primaryimage"},"image":{"@id":"https:\/\/quehacerpolitico.mx\/?p=97323#primaryimage"},"thumbnailUrl":"https:\/\/quehacerpolitico.mx\/wp-content\/uploads\/2022\/11\/E5715492-809F-4A67-A579-8851C096BB80.jpeg","datePublished":"2022-11-23T16:37:05+00:00","dateModified":"2022-11-23T16:37:08+00:00","author":{"@id":"https:\/\/quehacerpolitico.mx\/#\/schema\/person\/496d8ad2d1d3f8036101dca7ee39e585"},"breadcrumb":{"@id":"https:\/\/quehacerpolitico.mx\/?p=97323#breadcrumb"},"inLanguage":"es","potentialAction":[{"@type":"ReadAction","target":["https:\/\/quehacerpolitico.mx\/?p=97323"]}]},{"@type":"ImageObject","inLanguage":"es","@id":"https:\/\/quehacerpolitico.mx\/?p=97323#primaryimage","url":"https:\/\/quehacerpolitico.mx\/wp-content\/uploads\/2022\/11\/E5715492-809F-4A67-A579-8851C096BB80.jpeg","contentUrl":"https:\/\/quehacerpolitico.mx\/wp-content\/uploads\/2022\/11\/E5715492-809F-4A67-A579-8851C096BB80.jpeg","width":2048,"height":1364},{"@type":"BreadcrumbList","@id":"https:\/\/quehacerpolitico.mx\/?p=97323#breadcrumb","itemListElement":[{"@type":"ListItem","position":1,"name":"Inicio","item":"https:\/\/quehacerpolitico.mx\/"},{"@type":"ListItem","position":2,"name":"\u00bfM\u00e9xico puede ser descalificado del Mundial por c\u00e1nticos ofensivos?"}]},{"@type":"WebSite","@id":"https:\/\/quehacerpolitico.mx\/#website","url":"https:\/\/quehacerpolitico.mx\/","name":"","description":"","potentialAction":[{"@type":"SearchAction","target":{"@type":"EntryPoint","urlTemplate":"https:\/\/quehacerpolitico.mx\/?s={search_term_string}"},"query-input":{"@type":"PropertyValueSpecification","valueRequired":true,"valueName":"search_term_string"}}],"inLanguage":"es"},{"@type":"Person","@id":"https:\/\/quehacerpolitico.mx\/#\/schema\/person\/496d8ad2d1d3f8036101dca7ee39e585","name":"Redacci\u00f3n QP","image":{"@type":"ImageObject","inLanguage":"es","@id":"https:\/\/secure.gravatar.com\/avatar\/c7164ed6fdec453195284ad24a5ae5b6e1eed2b848477fa2a4787ba9adf39a41?s=96&d=mm&r=g","url":"https:\/\/secure.gravatar.com\/avatar\/c7164ed6fdec453195284ad24a5ae5b6e1eed2b848477fa2a4787ba9adf39a41?s=96&d=mm&r=g","contentUrl":"https:\/\/secure.gravatar.com\/avatar\/c7164ed6fdec453195284ad24a5ae5b6e1eed2b848477fa2a4787ba9adf39a41?s=96&d=mm&r=g","caption":"Redacci\u00f3n QP"},"url":"https:\/\/quehacerpolitico.mx\/?author=2"}]}},"featured_image_urls":{"full":["https:\/\/quehacerpolitico.mx\/wp-content\/uploads\/2022\/11\/E5715492-809F-4A67-A579-8851C096BB80.jpeg",2048,1364,false],"thumbnail":["https:\/\/quehacerpolitico.mx\/wp-content\/uploads\/2022\/11\/E5715492-809F-4A67-A579-8851C096BB80-150x150.jpeg",150,150,true],"medium":["https:\/\/quehacerpolitico.mx\/wp-content\/uploads\/2022\/11\/E5715492-809F-4A67-A579-8851C096BB80-300x200.jpeg",300,200,true],"medium_large":["https:\/\/quehacerpolitico.mx\/wp-content\/uploads\/2022\/11\/E5715492-809F-4A67-A579-8851C096BB80-768x512.jpeg",640,427,true],"large":["https:\/\/quehacerpolitico.mx\/wp-content\/uploads\/2022\/11\/E5715492-809F-4A67-A579-8851C096BB80-1024x682.jpeg",640,426,true],"1536x1536":["https:\/\/quehacerpolitico.mx\/wp-content\/uploads\/2022\/11\/E5715492-809F-4A67-A579-8851C096BB80-1536x1023.jpeg",1536,1023,true],"2048x2048":["https:\/\/quehacerpolitico.mx\/wp-content\/uploads\/2022\/11\/E5715492-809F-4A67-A579-8851C096BB80.jpeg",2048,1364,false],"covernews-featured":["https:\/\/quehacerpolitico.mx\/wp-content\/uploads\/2022\/11\/E5715492-809F-4A67-A579-8851C096BB80.jpeg",1024,682,false],"covernews-medium":["https:\/\/quehacerpolitico.mx\/wp-content\/uploads\/2022\/11\/E5715492-809F-4A67-A579-8851C096BB80.jpeg",510,340,false]},"author_info":{"display_name":"Redacci\u00f3n QP","author_link":"https:\/\/quehacerpolitico.mx\/?author=2"},"category_info":"<a href=\"https:\/\/quehacerpolitico.mx\/?cat=54\" rel=\"category\">Deportes<\/a>","tag_info":"Deportes","comment_count":"0","_links":{"self":[{"href":"https:\/\/quehacerpolitico.mx\/index.php?rest_route=\/wp\/v2\/posts\/97323","targetHints":{"allow":["GET"]}}],"collection":[{"href":"https:\/\/quehacerpolitico.mx\/index.php?rest_route=\/wp\/v2\/posts"}],"about":[{"href":"https:\/\/quehacerpolitico.mx\/index.php?rest_route=\/wp\/v2\/types\/post"}],"author":[{"embeddable":true,"href":"https:\/\/quehacerpolitico.mx\/index.php?rest_route=\/wp\/v2\/users\/2"}],"replies":[{"embeddable":true,"href":"https:\/\/quehacerpolitico.mx\/index.php?rest_route=%2Fwp%2Fv2%2Fcomments&post=97323"}],"version-history":[{"count":1,"href":"https:\/\/quehacerpolitico.mx\/index.php?rest_route=\/wp\/v2\/posts\/97323\/revisions"}],"predecessor-version":[{"id":97325,"href":"https:\/\/quehacerpolitico.mx\/index.php?rest_route=\/wp\/v2\/posts\/97323\/revisions\/97325"}],"wp:featuredmedia":[{"embeddable":true,"href":"https:\/\/quehacerpolitico.mx\/index.php?rest_route=\/wp\/v2\/media\/97324"}],"wp:attachment":[{"href":"https:\/\/quehacerpolitico.mx\/index.php?rest_route=%2Fwp%2Fv2%2Fmedia&parent=97323"}],"wp:term":[{"taxonomy":"category","embeddable":true,"href":"https:\/\/quehacerpolitico.mx\/index.php?rest_route=%2Fwp%2Fv2%2Fcategories&post=97323"},{"taxonomy":"post_tag","embeddable":true,"href":"https:\/\/quehacerpolitico.mx\/index.php?rest_route=%2Fwp%2Fv2%2Ftags&post=97323"}],"curies":[{"name":"wp","href":"https:\/\/api.w.org\/{rel}","templated":true}]}}