{"id":97307,"date":"2022-11-22T20:31:19","date_gmt":"2022-11-22T20:31:19","guid":{"rendered":"https:\/\/quehacerpolitico.mx\/?p=97307"},"modified":"2022-11-22T20:31:22","modified_gmt":"2022-11-22T20:31:22","slug":"alexis-vega-rompe-en-llanto-al-cantar-el-himno-nacional-en-qatar-2022","status":"publish","type":"post","link":"https:\/\/quehacerpolitico.mx\/?p=97307","title":{"rendered":"Alexis Vega rompe en llanto al cantar el Himno Nacional en Qatar 2022"},"content":{"rendered":"\n<p>Por Redacci\u00f3n QP<\/p>\n\n\n\n<p>El atacante de las Chivas se mostr\u00f3 sumamente conmovido durante la ceremonia protocolar<\/p>\n\n\n\n<p>\u00a1A flor de piel! Este martes la Selecci\u00f3n Mexicana debut\u00f3 en el\u00a0Mundial de Qatar 2022\u00a0ante Polonia y las emociones alcanzaron a los jugadores, as\u00ed lo demostr\u00f3 Alexis Vega durante la ceremonia del Himno Nacional.<\/p>\n\n\n\n<figure class=\"wp-block-image size-large\"><img loading=\"lazy\" decoding=\"async\" width=\"819\" height=\"1024\" src=\"https:\/\/quehacerpolitico.mx\/wp-content\/uploads\/2022\/11\/image-42-819x1024.jpeg\" alt=\"\" class=\"wp-image-97308\" srcset=\"https:\/\/quehacerpolitico.mx\/wp-content\/uploads\/2022\/11\/image-42-819x1024.jpeg 819w, https:\/\/quehacerpolitico.mx\/wp-content\/uploads\/2022\/11\/image-42-240x300.jpeg 240w, https:\/\/quehacerpolitico.mx\/wp-content\/uploads\/2022\/11\/image-42-768x960.jpeg 768w, https:\/\/quehacerpolitico.mx\/wp-content\/uploads\/2022\/11\/image-42-117x146.jpeg 117w, https:\/\/quehacerpolitico.mx\/wp-content\/uploads\/2022\/11\/image-42-40x50.jpeg 40w, https:\/\/quehacerpolitico.mx\/wp-content\/uploads\/2022\/11\/image-42-60x75.jpeg 60w, https:\/\/quehacerpolitico.mx\/wp-content\/uploads\/2022\/11\/image-42.jpeg 1080w\" sizes=\"auto, (max-width: 819px) 100vw, 819px\" \/><\/figure>\n\n\n\n<p><strong>El atacante de las Chivas se mostr\u00f3 sumamente conmovido y no pudo contener el llanto\u00a0<\/strong>mientras se abrazaba a sus compa\u00f1eros Edson \u00c1lvarez y Jorge S\u00e1nchez.<\/p>\n\n\n\n<p>Alexis Vega vive su primera Copa del Mundo y fue confirmado como titular en el juego inicial por la Copa del Mundo, las l\u00e1grimas aparecieron en su cara cuando la c\u00e1mara en el terreno de juego pas\u00f3 frente a \u00e9l.<\/p>\n\n\n\n<figure class=\"wp-block-embed is-type-rich is-provider-twitter wp-block-embed-twitter\"><div class=\"wp-block-embed__wrapper\">\n<blockquote class=\"twitter-tweet\" data-width=\"550\" data-dnt=\"true\"><p lang=\"es\" dir=\"ltr\">El rostro de Alexis Vega \ud83e\udd79que emoci\u00f3n \ud83d\ude28\ud83d\ude30 <a href=\"https:\/\/t.co\/asJca3dBmV\">pic.twitter.com\/asJca3dBmV<\/a><\/p>&mdash; Matts (@MatusPambol) <a href=\"https:\/\/twitter.com\/MatusPambol\/status\/1595084065241464833?ref_src=twsrc%5Etfw\">November 22, 2022<\/a><\/blockquote><script async src=\"https:\/\/platform.twitter.com\/widgets.js\" charset=\"utf-8\"><\/script>\n<\/div><\/figure>\n\n\n\n<p>Los hinchas mexicanos no se hicieron esperar y reaccionaron al emotivo momento compartiendo el video y las fotos del jugador entre l\u00e1grimas.<\/p>\n\n\n\n<figure class=\"wp-block-embed is-type-rich is-provider-twitter wp-block-embed-twitter\"><div class=\"wp-block-embed__wrapper\">\n<blockquote class=\"twitter-tweet\" data-width=\"550\" data-dnt=\"true\"><p lang=\"es\" dir=\"ltr\">El rostro de Alexis Vega \ud83e\udd79que emoci\u00f3n \ud83d\ude28\ud83d\ude30 <a href=\"https:\/\/t.co\/asJca3dBmV\">pic.twitter.com\/asJca3dBmV<\/a><\/p>&mdash; Matts (@MatusPambol) <a href=\"https:\/\/twitter.com\/MatusPambol\/status\/1595084065241464833?ref_src=twsrc%5Etfw\">November 22, 2022<\/a><\/blockquote><script async src=\"https:\/\/platform.twitter.com\/widgets.js\" charset=\"utf-8\"><\/script>\n<\/div><\/figure>\n\n\n\n<figure class=\"wp-block-embed is-type-rich is-provider-twitter wp-block-embed-twitter\"><div class=\"wp-block-embed__wrapper\">\n<blockquote class=\"twitter-tweet\" data-width=\"550\" data-dnt=\"true\"><p lang=\"es\" dir=\"ltr\">Alexis Vega representa la emoci\u00f3n que te da el escuchar t\u00fa himno en suelo extranjero y representar a t\u00fa pais en un mundial <a href=\"https:\/\/twitter.com\/hashtag\/SeleccionMexicana?src=hash&amp;ref_src=twsrc%5Etfw\">#SeleccionMexicana<\/a> <a href=\"https:\/\/t.co\/2RrQVirBXn\">pic.twitter.com\/2RrQVirBXn<\/a><\/p>&mdash; Jos\u00e9Chaine (@ChaineJose) <a href=\"https:\/\/twitter.com\/ChaineJose\/status\/1595085763800367105?ref_src=twsrc%5Etfw\">November 22, 2022<\/a><\/blockquote><script async src=\"https:\/\/platform.twitter.com\/widgets.js\" charset=\"utf-8\"><\/script>\n<\/div><\/figure>\n\n\n\n<p>Con informaci\u00f3n de SUN<\/p>\n","protected":false},"excerpt":{"rendered":"<p>Por Redacci\u00f3n QP El atacante de las Chivas se mostr\u00f3 sumamente conmovido durante la ceremonia&#8230;<\/p>\n","protected":false},"author":2,"featured_media":97309,"comment_status":"open","ping_status":"open","sticky":false,"template":"","format":"standard","meta":{"_monsterinsights_skip_tracking":false,"_monsterinsights_sitenote_active":false,"_monsterinsights_sitenote_note":"","_monsterinsights_sitenote_category":0,"footnotes":""},"categories":[54],"tags":[],"class_list":["post-97307","post","type-post","status-publish","format-standard","has-post-thumbnail","hentry","category-deportes"],"yoast_head":"<!-- This site is optimized with the Yoast SEO plugin v27.3 - https:\/\/yoast.com\/product\/yoast-seo-wordpress\/ -->\n<title>Alexis Vega rompe en llanto al cantar el Himno Nacional en Qatar 2022 -<\/title>\n<meta name=\"robots\" content=\"index, follow, max-snippet:-1, max-image-preview:large, max-video-preview:-1\" \/>\n<link rel=\"canonical\" href=\"https:\/\/quehacerpolitico.mx\/?p=97307\" \/>\n<meta property=\"og:locale\" content=\"es_MX\" \/>\n<meta property=\"og:type\" content=\"article\" \/>\n<meta property=\"og:title\" content=\"Alexis Vega rompe en llanto al cantar el Himno Nacional en Qatar 2022 -\" \/>\n<meta property=\"og:description\" content=\"Por Redacci\u00f3n QP El atacante de las Chivas se mostr\u00f3 sumamente conmovido durante la ceremonia...\" \/>\n<meta property=\"og:url\" content=\"https:\/\/quehacerpolitico.mx\/?p=97307\" \/>\n<meta property=\"article:published_time\" content=\"2022-11-22T20:31:19+00:00\" \/>\n<meta property=\"article:modified_time\" content=\"2022-11-22T20:31:22+00:00\" \/>\n<meta property=\"og:image\" content=\"https:\/\/quehacerpolitico.mx\/wp-content\/uploads\/2022\/11\/2E13FA05-3962-4181-A645-2F47A7B8E541.jpeg\" \/>\n\t<meta property=\"og:image:width\" content=\"2048\" \/>\n\t<meta property=\"og:image:height\" content=\"1536\" \/>\n\t<meta property=\"og:image:type\" content=\"image\/jpeg\" \/>\n<meta name=\"author\" content=\"Redacci\u00f3n QP\" \/>\n<meta name=\"twitter:card\" content=\"summary_large_image\" \/>\n<meta name=\"twitter:label1\" content=\"Escrito por\" \/>\n\t<meta name=\"twitter:data1\" content=\"Redacci\u00f3n QP\" \/>\n\t<meta name=\"twitter:label2\" content=\"Tiempo de lectura\" \/>\n\t<meta name=\"twitter:data2\" content=\"1 minuto\" \/>\n<script type=\"application\/ld+json\" class=\"yoast-schema-graph\">{\"@context\":\"https:\\\/\\\/schema.org\",\"@graph\":[{\"@type\":\"Article\",\"@id\":\"https:\\\/\\\/quehacerpolitico.mx\\\/?p=97307#article\",\"isPartOf\":{\"@id\":\"https:\\\/\\\/quehacerpolitico.mx\\\/?p=97307\"},\"author\":{\"name\":\"Redacci\u00f3n QP\",\"@id\":\"https:\\\/\\\/quehacerpolitico.mx\\\/#\\\/schema\\\/person\\\/496d8ad2d1d3f8036101dca7ee39e585\"},\"headline\":\"Alexis Vega rompe en llanto al cantar el Himno Nacional en Qatar 2022\",\"datePublished\":\"2022-11-22T20:31:19+00:00\",\"dateModified\":\"2022-11-22T20:31:22+00:00\",\"mainEntityOfPage\":{\"@id\":\"https:\\\/\\\/quehacerpolitico.mx\\\/?p=97307\"},\"wordCount\":198,\"commentCount\":0,\"image\":{\"@id\":\"https:\\\/\\\/quehacerpolitico.mx\\\/?p=97307#primaryimage\"},\"thumbnailUrl\":\"https:\\\/\\\/quehacerpolitico.mx\\\/wp-content\\\/uploads\\\/2022\\\/11\\\/2E13FA05-3962-4181-A645-2F47A7B8E541.jpeg\",\"articleSection\":[\"Deportes\"],\"inLanguage\":\"es\",\"potentialAction\":[{\"@type\":\"CommentAction\",\"name\":\"Comment\",\"target\":[\"https:\\\/\\\/quehacerpolitico.mx\\\/?p=97307#respond\"]}]},{\"@type\":\"WebPage\",\"@id\":\"https:\\\/\\\/quehacerpolitico.mx\\\/?p=97307\",\"url\":\"https:\\\/\\\/quehacerpolitico.mx\\\/?p=97307\",\"name\":\"Alexis Vega rompe en llanto al cantar el Himno Nacional en Qatar 2022 -\",\"isPartOf\":{\"@id\":\"https:\\\/\\\/quehacerpolitico.mx\\\/#website\"},\"primaryImageOfPage\":{\"@id\":\"https:\\\/\\\/quehacerpolitico.mx\\\/?p=97307#primaryimage\"},\"image\":{\"@id\":\"https:\\\/\\\/quehacerpolitico.mx\\\/?p=97307#primaryimage\"},\"thumbnailUrl\":\"https:\\\/\\\/quehacerpolitico.mx\\\/wp-content\\\/uploads\\\/2022\\\/11\\\/2E13FA05-3962-4181-A645-2F47A7B8E541.jpeg\",\"datePublished\":\"2022-11-22T20:31:19+00:00\",\"dateModified\":\"2022-11-22T20:31:22+00:00\",\"author\":{\"@id\":\"https:\\\/\\\/quehacerpolitico.mx\\\/#\\\/schema\\\/person\\\/496d8ad2d1d3f8036101dca7ee39e585\"},\"breadcrumb\":{\"@id\":\"https:\\\/\\\/quehacerpolitico.mx\\\/?p=97307#breadcrumb\"},\"inLanguage\":\"es\",\"potentialAction\":[{\"@type\":\"ReadAction\",\"target\":[\"https:\\\/\\\/quehacerpolitico.mx\\\/?p=97307\"]}]},{\"@type\":\"ImageObject\",\"inLanguage\":\"es\",\"@id\":\"https:\\\/\\\/quehacerpolitico.mx\\\/?p=97307#primaryimage\",\"url\":\"https:\\\/\\\/quehacerpolitico.mx\\\/wp-content\\\/uploads\\\/2022\\\/11\\\/2E13FA05-3962-4181-A645-2F47A7B8E541.jpeg\",\"contentUrl\":\"https:\\\/\\\/quehacerpolitico.mx\\\/wp-content\\\/uploads\\\/2022\\\/11\\\/2E13FA05-3962-4181-A645-2F47A7B8E541.jpeg\",\"width\":2048,\"height\":1536},{\"@type\":\"BreadcrumbList\",\"@id\":\"https:\\\/\\\/quehacerpolitico.mx\\\/?p=97307#breadcrumb\",\"itemListElement\":[{\"@type\":\"ListItem\",\"position\":1,\"name\":\"Inicio\",\"item\":\"https:\\\/\\\/quehacerpolitico.mx\\\/\"},{\"@type\":\"ListItem\",\"position\":2,\"name\":\"Alexis Vega rompe en llanto al cantar el Himno Nacional en Qatar 2022\"}]},{\"@type\":\"WebSite\",\"@id\":\"https:\\\/\\\/quehacerpolitico.mx\\\/#website\",\"url\":\"https:\\\/\\\/quehacerpolitico.mx\\\/\",\"name\":\"\",\"description\":\"\",\"potentialAction\":[{\"@type\":\"SearchAction\",\"target\":{\"@type\":\"EntryPoint\",\"urlTemplate\":\"https:\\\/\\\/quehacerpolitico.mx\\\/?s={search_term_string}\"},\"query-input\":{\"@type\":\"PropertyValueSpecification\",\"valueRequired\":true,\"valueName\":\"search_term_string\"}}],\"inLanguage\":\"es\"},{\"@type\":\"Person\",\"@id\":\"https:\\\/\\\/quehacerpolitico.mx\\\/#\\\/schema\\\/person\\\/496d8ad2d1d3f8036101dca7ee39e585\",\"name\":\"Redacci\u00f3n QP\",\"image\":{\"@type\":\"ImageObject\",\"inLanguage\":\"es\",\"@id\":\"https:\\\/\\\/secure.gravatar.com\\\/avatar\\\/c7164ed6fdec453195284ad24a5ae5b6e1eed2b848477fa2a4787ba9adf39a41?s=96&d=mm&r=g\",\"url\":\"https:\\\/\\\/secure.gravatar.com\\\/avatar\\\/c7164ed6fdec453195284ad24a5ae5b6e1eed2b848477fa2a4787ba9adf39a41?s=96&d=mm&r=g\",\"contentUrl\":\"https:\\\/\\\/secure.gravatar.com\\\/avatar\\\/c7164ed6fdec453195284ad24a5ae5b6e1eed2b848477fa2a4787ba9adf39a41?s=96&d=mm&r=g\",\"caption\":\"Redacci\u00f3n QP\"},\"url\":\"https:\\\/\\\/quehacerpolitico.mx\\\/?author=2\"}]}<\/script>\n<!-- \/ Yoast SEO plugin. -->","yoast_head_json":{"title":"Alexis Vega rompe en llanto al cantar el Himno Nacional en Qatar 2022 -","robots":{"index":"index","follow":"follow","max-snippet":"max-snippet:-1","max-image-preview":"max-image-preview:large","max-video-preview":"max-video-preview:-1"},"canonical":"https:\/\/quehacerpolitico.mx\/?p=97307","og_locale":"es_MX","og_type":"article","og_title":"Alexis Vega rompe en llanto al cantar el Himno Nacional en Qatar 2022 -","og_description":"Por Redacci\u00f3n QP El atacante de las Chivas se mostr\u00f3 sumamente conmovido durante la ceremonia...","og_url":"https:\/\/quehacerpolitico.mx\/?p=97307","article_published_time":"2022-11-22T20:31:19+00:00","article_modified_time":"2022-11-22T20:31:22+00:00","og_image":[{"width":2048,"height":1536,"url":"https:\/\/quehacerpolitico.mx\/wp-content\/uploads\/2022\/11\/2E13FA05-3962-4181-A645-2F47A7B8E541.jpeg","type":"image\/jpeg"}],"author":"Redacci\u00f3n QP","twitter_card":"summary_large_image","twitter_misc":{"Escrito por":"Redacci\u00f3n QP","Tiempo de lectura":"1 minuto"},"schema":{"@context":"https:\/\/schema.org","@graph":[{"@type":"Article","@id":"https:\/\/quehacerpolitico.mx\/?p=97307#article","isPartOf":{"@id":"https:\/\/quehacerpolitico.mx\/?p=97307"},"author":{"name":"Redacci\u00f3n QP","@id":"https:\/\/quehacerpolitico.mx\/#\/schema\/person\/496d8ad2d1d3f8036101dca7ee39e585"},"headline":"Alexis Vega rompe en llanto al cantar el Himno Nacional en Qatar 2022","datePublished":"2022-11-22T20:31:19+00:00","dateModified":"2022-11-22T20:31:22+00:00","mainEntityOfPage":{"@id":"https:\/\/quehacerpolitico.mx\/?p=97307"},"wordCount":198,"commentCount":0,"image":{"@id":"https:\/\/quehacerpolitico.mx\/?p=97307#primaryimage"},"thumbnailUrl":"https:\/\/quehacerpolitico.mx\/wp-content\/uploads\/2022\/11\/2E13FA05-3962-4181-A645-2F47A7B8E541.jpeg","articleSection":["Deportes"],"inLanguage":"es","potentialAction":[{"@type":"CommentAction","name":"Comment","target":["https:\/\/quehacerpolitico.mx\/?p=97307#respond"]}]},{"@type":"WebPage","@id":"https:\/\/quehacerpolitico.mx\/?p=97307","url":"https:\/\/quehacerpolitico.mx\/?p=97307","name":"Alexis Vega rompe en llanto al cantar el Himno Nacional en Qatar 2022 -","isPartOf":{"@id":"https:\/\/quehacerpolitico.mx\/#website"},"primaryImageOfPage":{"@id":"https:\/\/quehacerpolitico.mx\/?p=97307#primaryimage"},"image":{"@id":"https:\/\/quehacerpolitico.mx\/?p=97307#primaryimage"},"thumbnailUrl":"https:\/\/quehacerpolitico.mx\/wp-content\/uploads\/2022\/11\/2E13FA05-3962-4181-A645-2F47A7B8E541.jpeg","datePublished":"2022-11-22T20:31:19+00:00","dateModified":"2022-11-22T20:31:22+00:00","author":{"@id":"https:\/\/quehacerpolitico.mx\/#\/schema\/person\/496d8ad2d1d3f8036101dca7ee39e585"},"breadcrumb":{"@id":"https:\/\/quehacerpolitico.mx\/?p=97307#breadcrumb"},"inLanguage":"es","potentialAction":[{"@type":"ReadAction","target":["https:\/\/quehacerpolitico.mx\/?p=97307"]}]},{"@type":"ImageObject","inLanguage":"es","@id":"https:\/\/quehacerpolitico.mx\/?p=97307#primaryimage","url":"https:\/\/quehacerpolitico.mx\/wp-content\/uploads\/2022\/11\/2E13FA05-3962-4181-A645-2F47A7B8E541.jpeg","contentUrl":"https:\/\/quehacerpolitico.mx\/wp-content\/uploads\/2022\/11\/2E13FA05-3962-4181-A645-2F47A7B8E541.jpeg","width":2048,"height":1536},{"@type":"BreadcrumbList","@id":"https:\/\/quehacerpolitico.mx\/?p=97307#breadcrumb","itemListElement":[{"@type":"ListItem","position":1,"name":"Inicio","item":"https:\/\/quehacerpolitico.mx\/"},{"@type":"ListItem","position":2,"name":"Alexis Vega rompe en llanto al cantar el Himno Nacional en Qatar 2022"}]},{"@type":"WebSite","@id":"https:\/\/quehacerpolitico.mx\/#website","url":"https:\/\/quehacerpolitico.mx\/","name":"","description":"","potentialAction":[{"@type":"SearchAction","target":{"@type":"EntryPoint","urlTemplate":"https:\/\/quehacerpolitico.mx\/?s={search_term_string}"},"query-input":{"@type":"PropertyValueSpecification","valueRequired":true,"valueName":"search_term_string"}}],"inLanguage":"es"},{"@type":"Person","@id":"https:\/\/quehacerpolitico.mx\/#\/schema\/person\/496d8ad2d1d3f8036101dca7ee39e585","name":"Redacci\u00f3n QP","image":{"@type":"ImageObject","inLanguage":"es","@id":"https:\/\/secure.gravatar.com\/avatar\/c7164ed6fdec453195284ad24a5ae5b6e1eed2b848477fa2a4787ba9adf39a41?s=96&d=mm&r=g","url":"https:\/\/secure.gravatar.com\/avatar\/c7164ed6fdec453195284ad24a5ae5b6e1eed2b848477fa2a4787ba9adf39a41?s=96&d=mm&r=g","contentUrl":"https:\/\/secure.gravatar.com\/avatar\/c7164ed6fdec453195284ad24a5ae5b6e1eed2b848477fa2a4787ba9adf39a41?s=96&d=mm&r=g","caption":"Redacci\u00f3n QP"},"url":"https:\/\/quehacerpolitico.mx\/?author=2"}]}},"featured_image_urls":{"full":["https:\/\/quehacerpolitico.mx\/wp-content\/uploads\/2022\/11\/2E13FA05-3962-4181-A645-2F47A7B8E541.jpeg",2048,1536,false],"thumbnail":["https:\/\/quehacerpolitico.mx\/wp-content\/uploads\/2022\/11\/2E13FA05-3962-4181-A645-2F47A7B8E541-150x150.jpeg",150,150,true],"medium":["https:\/\/quehacerpolitico.mx\/wp-content\/uploads\/2022\/11\/2E13FA05-3962-4181-A645-2F47A7B8E541-300x225.jpeg",300,225,true],"medium_large":["https:\/\/quehacerpolitico.mx\/wp-content\/uploads\/2022\/11\/2E13FA05-3962-4181-A645-2F47A7B8E541-768x576.jpeg",640,480,true],"large":["https:\/\/quehacerpolitico.mx\/wp-content\/uploads\/2022\/11\/2E13FA05-3962-4181-A645-2F47A7B8E541-1024x768.jpeg",640,480,true],"1536x1536":["https:\/\/quehacerpolitico.mx\/wp-content\/uploads\/2022\/11\/2E13FA05-3962-4181-A645-2F47A7B8E541-1536x1152.jpeg",1536,1152,true],"2048x2048":["https:\/\/quehacerpolitico.mx\/wp-content\/uploads\/2022\/11\/2E13FA05-3962-4181-A645-2F47A7B8E541.jpeg",2048,1536,false],"covernews-featured":["https:\/\/quehacerpolitico.mx\/wp-content\/uploads\/2022\/11\/2E13FA05-3962-4181-A645-2F47A7B8E541.jpeg",1024,768,false],"covernews-medium":["https:\/\/quehacerpolitico.mx\/wp-content\/uploads\/2022\/11\/2E13FA05-3962-4181-A645-2F47A7B8E541.jpeg",453,340,false]},"author_info":{"display_name":"Redacci\u00f3n QP","author_link":"https:\/\/quehacerpolitico.mx\/?author=2"},"category_info":"<a href=\"https:\/\/quehacerpolitico.mx\/?cat=54\" rel=\"category\">Deportes<\/a>","tag_info":"Deportes","comment_count":"0","_links":{"self":[{"href":"https:\/\/quehacerpolitico.mx\/index.php?rest_route=\/wp\/v2\/posts\/97307","targetHints":{"allow":["GET"]}}],"collection":[{"href":"https:\/\/quehacerpolitico.mx\/index.php?rest_route=\/wp\/v2\/posts"}],"about":[{"href":"https:\/\/quehacerpolitico.mx\/index.php?rest_route=\/wp\/v2\/types\/post"}],"author":[{"embeddable":true,"href":"https:\/\/quehacerpolitico.mx\/index.php?rest_route=\/wp\/v2\/users\/2"}],"replies":[{"embeddable":true,"href":"https:\/\/quehacerpolitico.mx\/index.php?rest_route=%2Fwp%2Fv2%2Fcomments&post=97307"}],"version-history":[{"count":1,"href":"https:\/\/quehacerpolitico.mx\/index.php?rest_route=\/wp\/v2\/posts\/97307\/revisions"}],"predecessor-version":[{"id":97310,"href":"https:\/\/quehacerpolitico.mx\/index.php?rest_route=\/wp\/v2\/posts\/97307\/revisions\/97310"}],"wp:featuredmedia":[{"embeddable":true,"href":"https:\/\/quehacerpolitico.mx\/index.php?rest_route=\/wp\/v2\/media\/97309"}],"wp:attachment":[{"href":"https:\/\/quehacerpolitico.mx\/index.php?rest_route=%2Fwp%2Fv2%2Fmedia&parent=97307"}],"wp:term":[{"taxonomy":"category","embeddable":true,"href":"https:\/\/quehacerpolitico.mx\/index.php?rest_route=%2Fwp%2Fv2%2Fcategories&post=97307"},{"taxonomy":"post_tag","embeddable":true,"href":"https:\/\/quehacerpolitico.mx\/index.php?rest_route=%2Fwp%2Fv2%2Ftags&post=97307"}],"curies":[{"name":"wp","href":"https:\/\/api.w.org\/{rel}","templated":true}]}}