{"id":97265,"date":"2022-11-18T16:06:25","date_gmt":"2022-11-18T16:06:25","guid":{"rendered":"https:\/\/quehacerpolitico.mx\/?p=97265"},"modified":"2022-11-18T16:06:29","modified_gmt":"2022-11-18T16:06:29","slug":"tenemos-mucho-que-celebrar-lopez-obrador-llama-a-participar-en-la-marcha","status":"publish","type":"post","link":"https:\/\/quehacerpolitico.mx\/?p=97265","title":{"rendered":"&#8220;Tenemos mucho que celebrar&#8221;; L\u00f3pez Obrador llama a participar en la marcha"},"content":{"rendered":"\n<p>Por Redacci\u00f3n QP<\/p>\n\n\n\n<p>L\u00f3pez Obrador afirma\u00a0que se tiene que festejar el avance de la llamada cuarta transformaci\u00f3n y porque &#8220;tenemos mucho que celebrar&#8221;<\/p>\n\n\n\n<p>El presidente Andr\u00e9s Manuel Lopez Obrador invit\u00f3 a toda la poblaci\u00f3n mexicana a acudir a\u00a0la marcha que encabezar\u00e1 del \u00c1ngel de la Independencia al Z\u00f3calo de la Ciudad de M\u00e9xico el pr\u00f3ximo domingo 27 de noviembre con motivo de su cuarto a\u00f1o de gobierno, pues afirm\u00f3 que\u00a0<strong>se tiene que festejar el avance de la llamada cuarta transformaci\u00f3n y porque &#8220;tenemos mucho que celebrar&#8221;<\/strong>.<\/p>\n\n\n\n<p>En\u00a0conferencia de prensa \u201cma\u00f1anera\u201d, el jefe del Ejecutivo federal\u00a0<strong>reconoci\u00f3 que hay pendientes, pero se ha avanzado mucho &#8220;y ya hasta parece que estamos al final de nuestro mandato&#8221;<\/strong>, pero se\u00f1al\u00f3 que\u00a0<strong>todav\u00eda faltan cerca de 21 meses de gobierno y &#8220;se van a hacer much\u00edsimas m\u00e1s cosas&#8221;<\/strong>.<\/p>\n\n\n\n<figure class=\"wp-block-embed is-type-rich is-provider-twitter wp-block-embed-twitter\"><div class=\"wp-block-embed__wrapper\">\n<blockquote class=\"twitter-tweet\" data-width=\"550\" data-dnt=\"true\"><p lang=\"es\" dir=\"ltr\">&quot;Todas y todos a la marcha para festejar el avance de la 4T&quot;<br><br>\u00bfC\u00f3mo lo ven?\ud83d\ude44\u00bfRealmente hay qu\u00e9 festejar? AMLO asegur\u00f3 adem\u00e1s que &quot;ya hasta parece que estamos al final de nuestro mandato&quot; por todos sus &quot;logros&quot;\ud83d\ude45\u200d\u2640\ufe0f <a href=\"https:\/\/t.co\/2J21r6OThy\">pic.twitter.com\/2J21r6OThy<\/a><\/p>&mdash; Ruido en la Red (@RuidoEnLaRed) <a href=\"https:\/\/twitter.com\/RuidoEnLaRed\/status\/1593600772343619584?ref_src=twsrc%5Etfw\">November 18, 2022<\/a><\/blockquote><script async src=\"https:\/\/platform.twitter.com\/widgets.js\" charset=\"utf-8\"><\/script>\n<\/div><\/figure>\n\n\n\n<p><strong>Adelant\u00f3 que el informe que d\u00e9 en el Z\u00f3calo ser\u00e1 amplio, pero con el criterio de que &#8220;breve y bueno, doblemente bueno&#8221;<\/strong>.<\/p>\n\n\n\n<p>&#8220;El domingo todas y todos a la marcha para festejar el avance de la cuarta transformaci\u00f3n, porque nos debemos de sentir muy contentos, es mucho lo que hemos llevado a cabo desde abajo y con la gente. En este movimiento el protagonista principal es el pueblo y lo que hemos logrado por la participaci\u00f3n y el apoyo del pueblo. Como dec\u00eda Ju\u00e1rez, &#8216;con el pueblo todo, sin el pueblo nada'&#8221;.<\/p>\n\n\n\n<p>&#8220;Entonces a veces por la pol\u00e9mica, que es consustancial a la pol\u00edtica, se olvida o se desconoce todo lo que se ha ido logrando. Entonces va a ser un informe amplio, con el criterio de que breve y bueno, doblemente bueno, porque si no tardar\u00edamos mucho.\u00a0<strong>Tenemos realmente mucho que informar\u00a0<\/strong>y muy bueno, todo nos tenemos que sentir orgullosos. Hay pendiente, pero se ha avanzado, ya hasta parece que estamos al final de nuestro mandato, y todav\u00eda nos faltan, pues, como 20, 21 meses. Se van a hacer todav\u00eda much\u00edsimas m\u00e1s cosas porque ya est\u00e1n sentadas las bases y ya nada m\u00e1s es consolidar lo realizado y seguir con la revoluci\u00f3n de las conciencias: informando, orientando, concientizando, organizando para continuar con la transformaci\u00f3n y que no haya retrocesos (..) tenemos mucho que celebrar&#8221;, dijo.<\/p>\n\n\n\n<p>Con Informaci\u00f3n de SUN <\/p>\n","protected":false},"excerpt":{"rendered":"<p>Por Redacci\u00f3n QP L\u00f3pez Obrador afirma\u00a0que se tiene que festejar el avance de la llamada&#8230;<\/p>\n","protected":false},"author":2,"featured_media":97266,"comment_status":"open","ping_status":"open","sticky":false,"template":"","format":"standard","meta":{"_monsterinsights_skip_tracking":false,"_monsterinsights_sitenote_active":false,"_monsterinsights_sitenote_note":"","_monsterinsights_sitenote_category":0,"footnotes":""},"categories":[2],"tags":[],"class_list":["post-97265","post","type-post","status-publish","format-standard","has-post-thumbnail","hentry","category-noticias"],"yoast_head":"<!-- This site is optimized with the Yoast SEO plugin v27.3 - https:\/\/yoast.com\/product\/yoast-seo-wordpress\/ -->\n<title>&quot;Tenemos mucho que celebrar&quot;; L\u00f3pez Obrador llama a participar en la marcha -<\/title>\n<meta name=\"robots\" content=\"index, follow, max-snippet:-1, max-image-preview:large, max-video-preview:-1\" \/>\n<link rel=\"canonical\" href=\"https:\/\/quehacerpolitico.mx\/?p=97265\" \/>\n<meta property=\"og:locale\" content=\"es_MX\" \/>\n<meta property=\"og:type\" content=\"article\" \/>\n<meta property=\"og:title\" content=\"&quot;Tenemos mucho que celebrar&quot;; L\u00f3pez Obrador llama a participar en la marcha -\" \/>\n<meta property=\"og:description\" content=\"Por Redacci\u00f3n QP L\u00f3pez Obrador afirma\u00a0que se tiene que festejar el avance de la llamada...\" \/>\n<meta property=\"og:url\" content=\"https:\/\/quehacerpolitico.mx\/?p=97265\" \/>\n<meta property=\"article:published_time\" content=\"2022-11-18T16:06:25+00:00\" \/>\n<meta property=\"article:modified_time\" content=\"2022-11-18T16:06:29+00:00\" \/>\n<meta property=\"og:image\" content=\"https:\/\/quehacerpolitico.mx\/wp-content\/uploads\/2022\/11\/04A5469D-4E46-4D2A-80FC-FC1F6694A435.jpeg\" \/>\n\t<meta property=\"og:image:width\" content=\"1284\" \/>\n\t<meta property=\"og:image:height\" content=\"698\" \/>\n\t<meta property=\"og:image:type\" content=\"image\/jpeg\" \/>\n<meta name=\"author\" content=\"Redacci\u00f3n QP\" \/>\n<meta name=\"twitter:card\" content=\"summary_large_image\" \/>\n<meta name=\"twitter:label1\" content=\"Escrito por\" \/>\n\t<meta name=\"twitter:data1\" content=\"Redacci\u00f3n QP\" \/>\n\t<meta name=\"twitter:label2\" content=\"Tiempo de lectura\" \/>\n\t<meta name=\"twitter:data2\" content=\"2 minutos\" \/>\n<script type=\"application\/ld+json\" class=\"yoast-schema-graph\">{\"@context\":\"https:\\\/\\\/schema.org\",\"@graph\":[{\"@type\":\"Article\",\"@id\":\"https:\\\/\\\/quehacerpolitico.mx\\\/?p=97265#article\",\"isPartOf\":{\"@id\":\"https:\\\/\\\/quehacerpolitico.mx\\\/?p=97265\"},\"author\":{\"name\":\"Redacci\u00f3n QP\",\"@id\":\"https:\\\/\\\/quehacerpolitico.mx\\\/#\\\/schema\\\/person\\\/496d8ad2d1d3f8036101dca7ee39e585\"},\"headline\":\"&#8220;Tenemos mucho que celebrar&#8221;; L\u00f3pez Obrador llama a participar en la marcha\",\"datePublished\":\"2022-11-18T16:06:25+00:00\",\"dateModified\":\"2022-11-18T16:06:29+00:00\",\"mainEntityOfPage\":{\"@id\":\"https:\\\/\\\/quehacerpolitico.mx\\\/?p=97265\"},\"wordCount\":422,\"commentCount\":0,\"image\":{\"@id\":\"https:\\\/\\\/quehacerpolitico.mx\\\/?p=97265#primaryimage\"},\"thumbnailUrl\":\"https:\\\/\\\/quehacerpolitico.mx\\\/wp-content\\\/uploads\\\/2022\\\/11\\\/04A5469D-4E46-4D2A-80FC-FC1F6694A435.jpeg\",\"articleSection\":[\"Noticias\"],\"inLanguage\":\"es\",\"potentialAction\":[{\"@type\":\"CommentAction\",\"name\":\"Comment\",\"target\":[\"https:\\\/\\\/quehacerpolitico.mx\\\/?p=97265#respond\"]}]},{\"@type\":\"WebPage\",\"@id\":\"https:\\\/\\\/quehacerpolitico.mx\\\/?p=97265\",\"url\":\"https:\\\/\\\/quehacerpolitico.mx\\\/?p=97265\",\"name\":\"\\\"Tenemos mucho que celebrar\\\"; L\u00f3pez Obrador llama a participar en la marcha -\",\"isPartOf\":{\"@id\":\"https:\\\/\\\/quehacerpolitico.mx\\\/#website\"},\"primaryImageOfPage\":{\"@id\":\"https:\\\/\\\/quehacerpolitico.mx\\\/?p=97265#primaryimage\"},\"image\":{\"@id\":\"https:\\\/\\\/quehacerpolitico.mx\\\/?p=97265#primaryimage\"},\"thumbnailUrl\":\"https:\\\/\\\/quehacerpolitico.mx\\\/wp-content\\\/uploads\\\/2022\\\/11\\\/04A5469D-4E46-4D2A-80FC-FC1F6694A435.jpeg\",\"datePublished\":\"2022-11-18T16:06:25+00:00\",\"dateModified\":\"2022-11-18T16:06:29+00:00\",\"author\":{\"@id\":\"https:\\\/\\\/quehacerpolitico.mx\\\/#\\\/schema\\\/person\\\/496d8ad2d1d3f8036101dca7ee39e585\"},\"breadcrumb\":{\"@id\":\"https:\\\/\\\/quehacerpolitico.mx\\\/?p=97265#breadcrumb\"},\"inLanguage\":\"es\",\"potentialAction\":[{\"@type\":\"ReadAction\",\"target\":[\"https:\\\/\\\/quehacerpolitico.mx\\\/?p=97265\"]}]},{\"@type\":\"ImageObject\",\"inLanguage\":\"es\",\"@id\":\"https:\\\/\\\/quehacerpolitico.mx\\\/?p=97265#primaryimage\",\"url\":\"https:\\\/\\\/quehacerpolitico.mx\\\/wp-content\\\/uploads\\\/2022\\\/11\\\/04A5469D-4E46-4D2A-80FC-FC1F6694A435.jpeg\",\"contentUrl\":\"https:\\\/\\\/quehacerpolitico.mx\\\/wp-content\\\/uploads\\\/2022\\\/11\\\/04A5469D-4E46-4D2A-80FC-FC1F6694A435.jpeg\",\"width\":1284,\"height\":698},{\"@type\":\"BreadcrumbList\",\"@id\":\"https:\\\/\\\/quehacerpolitico.mx\\\/?p=97265#breadcrumb\",\"itemListElement\":[{\"@type\":\"ListItem\",\"position\":1,\"name\":\"Inicio\",\"item\":\"https:\\\/\\\/quehacerpolitico.mx\\\/\"},{\"@type\":\"ListItem\",\"position\":2,\"name\":\"&#8220;Tenemos mucho que celebrar&#8221;; L\u00f3pez Obrador llama a participar en la marcha\"}]},{\"@type\":\"WebSite\",\"@id\":\"https:\\\/\\\/quehacerpolitico.mx\\\/#website\",\"url\":\"https:\\\/\\\/quehacerpolitico.mx\\\/\",\"name\":\"\",\"description\":\"\",\"potentialAction\":[{\"@type\":\"SearchAction\",\"target\":{\"@type\":\"EntryPoint\",\"urlTemplate\":\"https:\\\/\\\/quehacerpolitico.mx\\\/?s={search_term_string}\"},\"query-input\":{\"@type\":\"PropertyValueSpecification\",\"valueRequired\":true,\"valueName\":\"search_term_string\"}}],\"inLanguage\":\"es\"},{\"@type\":\"Person\",\"@id\":\"https:\\\/\\\/quehacerpolitico.mx\\\/#\\\/schema\\\/person\\\/496d8ad2d1d3f8036101dca7ee39e585\",\"name\":\"Redacci\u00f3n QP\",\"image\":{\"@type\":\"ImageObject\",\"inLanguage\":\"es\",\"@id\":\"https:\\\/\\\/secure.gravatar.com\\\/avatar\\\/c7164ed6fdec453195284ad24a5ae5b6e1eed2b848477fa2a4787ba9adf39a41?s=96&d=mm&r=g\",\"url\":\"https:\\\/\\\/secure.gravatar.com\\\/avatar\\\/c7164ed6fdec453195284ad24a5ae5b6e1eed2b848477fa2a4787ba9adf39a41?s=96&d=mm&r=g\",\"contentUrl\":\"https:\\\/\\\/secure.gravatar.com\\\/avatar\\\/c7164ed6fdec453195284ad24a5ae5b6e1eed2b848477fa2a4787ba9adf39a41?s=96&d=mm&r=g\",\"caption\":\"Redacci\u00f3n QP\"},\"url\":\"https:\\\/\\\/quehacerpolitico.mx\\\/?author=2\"}]}<\/script>\n<!-- \/ Yoast SEO plugin. -->","yoast_head_json":{"title":"\"Tenemos mucho que celebrar\"; L\u00f3pez Obrador llama a participar en la marcha -","robots":{"index":"index","follow":"follow","max-snippet":"max-snippet:-1","max-image-preview":"max-image-preview:large","max-video-preview":"max-video-preview:-1"},"canonical":"https:\/\/quehacerpolitico.mx\/?p=97265","og_locale":"es_MX","og_type":"article","og_title":"\"Tenemos mucho que celebrar\"; L\u00f3pez Obrador llama a participar en la marcha -","og_description":"Por Redacci\u00f3n QP L\u00f3pez Obrador afirma\u00a0que se tiene que festejar el avance de la llamada...","og_url":"https:\/\/quehacerpolitico.mx\/?p=97265","article_published_time":"2022-11-18T16:06:25+00:00","article_modified_time":"2022-11-18T16:06:29+00:00","og_image":[{"width":1284,"height":698,"url":"https:\/\/quehacerpolitico.mx\/wp-content\/uploads\/2022\/11\/04A5469D-4E46-4D2A-80FC-FC1F6694A435.jpeg","type":"image\/jpeg"}],"author":"Redacci\u00f3n QP","twitter_card":"summary_large_image","twitter_misc":{"Escrito por":"Redacci\u00f3n QP","Tiempo de lectura":"2 minutos"},"schema":{"@context":"https:\/\/schema.org","@graph":[{"@type":"Article","@id":"https:\/\/quehacerpolitico.mx\/?p=97265#article","isPartOf":{"@id":"https:\/\/quehacerpolitico.mx\/?p=97265"},"author":{"name":"Redacci\u00f3n QP","@id":"https:\/\/quehacerpolitico.mx\/#\/schema\/person\/496d8ad2d1d3f8036101dca7ee39e585"},"headline":"&#8220;Tenemos mucho que celebrar&#8221;; L\u00f3pez Obrador llama a participar en la marcha","datePublished":"2022-11-18T16:06:25+00:00","dateModified":"2022-11-18T16:06:29+00:00","mainEntityOfPage":{"@id":"https:\/\/quehacerpolitico.mx\/?p=97265"},"wordCount":422,"commentCount":0,"image":{"@id":"https:\/\/quehacerpolitico.mx\/?p=97265#primaryimage"},"thumbnailUrl":"https:\/\/quehacerpolitico.mx\/wp-content\/uploads\/2022\/11\/04A5469D-4E46-4D2A-80FC-FC1F6694A435.jpeg","articleSection":["Noticias"],"inLanguage":"es","potentialAction":[{"@type":"CommentAction","name":"Comment","target":["https:\/\/quehacerpolitico.mx\/?p=97265#respond"]}]},{"@type":"WebPage","@id":"https:\/\/quehacerpolitico.mx\/?p=97265","url":"https:\/\/quehacerpolitico.mx\/?p=97265","name":"\"Tenemos mucho que celebrar\"; L\u00f3pez Obrador llama a participar en la marcha -","isPartOf":{"@id":"https:\/\/quehacerpolitico.mx\/#website"},"primaryImageOfPage":{"@id":"https:\/\/quehacerpolitico.mx\/?p=97265#primaryimage"},"image":{"@id":"https:\/\/quehacerpolitico.mx\/?p=97265#primaryimage"},"thumbnailUrl":"https:\/\/quehacerpolitico.mx\/wp-content\/uploads\/2022\/11\/04A5469D-4E46-4D2A-80FC-FC1F6694A435.jpeg","datePublished":"2022-11-18T16:06:25+00:00","dateModified":"2022-11-18T16:06:29+00:00","author":{"@id":"https:\/\/quehacerpolitico.mx\/#\/schema\/person\/496d8ad2d1d3f8036101dca7ee39e585"},"breadcrumb":{"@id":"https:\/\/quehacerpolitico.mx\/?p=97265#breadcrumb"},"inLanguage":"es","potentialAction":[{"@type":"ReadAction","target":["https:\/\/quehacerpolitico.mx\/?p=97265"]}]},{"@type":"ImageObject","inLanguage":"es","@id":"https:\/\/quehacerpolitico.mx\/?p=97265#primaryimage","url":"https:\/\/quehacerpolitico.mx\/wp-content\/uploads\/2022\/11\/04A5469D-4E46-4D2A-80FC-FC1F6694A435.jpeg","contentUrl":"https:\/\/quehacerpolitico.mx\/wp-content\/uploads\/2022\/11\/04A5469D-4E46-4D2A-80FC-FC1F6694A435.jpeg","width":1284,"height":698},{"@type":"BreadcrumbList","@id":"https:\/\/quehacerpolitico.mx\/?p=97265#breadcrumb","itemListElement":[{"@type":"ListItem","position":1,"name":"Inicio","item":"https:\/\/quehacerpolitico.mx\/"},{"@type":"ListItem","position":2,"name":"&#8220;Tenemos mucho que celebrar&#8221;; L\u00f3pez Obrador llama a participar en la marcha"}]},{"@type":"WebSite","@id":"https:\/\/quehacerpolitico.mx\/#website","url":"https:\/\/quehacerpolitico.mx\/","name":"","description":"","potentialAction":[{"@type":"SearchAction","target":{"@type":"EntryPoint","urlTemplate":"https:\/\/quehacerpolitico.mx\/?s={search_term_string}"},"query-input":{"@type":"PropertyValueSpecification","valueRequired":true,"valueName":"search_term_string"}}],"inLanguage":"es"},{"@type":"Person","@id":"https:\/\/quehacerpolitico.mx\/#\/schema\/person\/496d8ad2d1d3f8036101dca7ee39e585","name":"Redacci\u00f3n QP","image":{"@type":"ImageObject","inLanguage":"es","@id":"https:\/\/secure.gravatar.com\/avatar\/c7164ed6fdec453195284ad24a5ae5b6e1eed2b848477fa2a4787ba9adf39a41?s=96&d=mm&r=g","url":"https:\/\/secure.gravatar.com\/avatar\/c7164ed6fdec453195284ad24a5ae5b6e1eed2b848477fa2a4787ba9adf39a41?s=96&d=mm&r=g","contentUrl":"https:\/\/secure.gravatar.com\/avatar\/c7164ed6fdec453195284ad24a5ae5b6e1eed2b848477fa2a4787ba9adf39a41?s=96&d=mm&r=g","caption":"Redacci\u00f3n QP"},"url":"https:\/\/quehacerpolitico.mx\/?author=2"}]}},"featured_image_urls":{"full":["https:\/\/quehacerpolitico.mx\/wp-content\/uploads\/2022\/11\/04A5469D-4E46-4D2A-80FC-FC1F6694A435.jpeg",1284,698,false],"thumbnail":["https:\/\/quehacerpolitico.mx\/wp-content\/uploads\/2022\/11\/04A5469D-4E46-4D2A-80FC-FC1F6694A435-150x150.jpeg",150,150,true],"medium":["https:\/\/quehacerpolitico.mx\/wp-content\/uploads\/2022\/11\/04A5469D-4E46-4D2A-80FC-FC1F6694A435-300x163.jpeg",300,163,true],"medium_large":["https:\/\/quehacerpolitico.mx\/wp-content\/uploads\/2022\/11\/04A5469D-4E46-4D2A-80FC-FC1F6694A435-768x417.jpeg",640,348,true],"large":["https:\/\/quehacerpolitico.mx\/wp-content\/uploads\/2022\/11\/04A5469D-4E46-4D2A-80FC-FC1F6694A435-1024x557.jpeg",640,348,true],"1536x1536":["https:\/\/quehacerpolitico.mx\/wp-content\/uploads\/2022\/11\/04A5469D-4E46-4D2A-80FC-FC1F6694A435.jpeg",1284,698,false],"2048x2048":["https:\/\/quehacerpolitico.mx\/wp-content\/uploads\/2022\/11\/04A5469D-4E46-4D2A-80FC-FC1F6694A435.jpeg",1284,698,false],"covernews-featured":["https:\/\/quehacerpolitico.mx\/wp-content\/uploads\/2022\/11\/04A5469D-4E46-4D2A-80FC-FC1F6694A435.jpeg",1024,557,false],"covernews-medium":["https:\/\/quehacerpolitico.mx\/wp-content\/uploads\/2022\/11\/04A5469D-4E46-4D2A-80FC-FC1F6694A435.jpeg",540,294,false]},"author_info":{"display_name":"Redacci\u00f3n QP","author_link":"https:\/\/quehacerpolitico.mx\/?author=2"},"category_info":"<a href=\"https:\/\/quehacerpolitico.mx\/?cat=2\" rel=\"category\">Noticias<\/a>","tag_info":"Noticias","comment_count":"0","_links":{"self":[{"href":"https:\/\/quehacerpolitico.mx\/index.php?rest_route=\/wp\/v2\/posts\/97265","targetHints":{"allow":["GET"]}}],"collection":[{"href":"https:\/\/quehacerpolitico.mx\/index.php?rest_route=\/wp\/v2\/posts"}],"about":[{"href":"https:\/\/quehacerpolitico.mx\/index.php?rest_route=\/wp\/v2\/types\/post"}],"author":[{"embeddable":true,"href":"https:\/\/quehacerpolitico.mx\/index.php?rest_route=\/wp\/v2\/users\/2"}],"replies":[{"embeddable":true,"href":"https:\/\/quehacerpolitico.mx\/index.php?rest_route=%2Fwp%2Fv2%2Fcomments&post=97265"}],"version-history":[{"count":1,"href":"https:\/\/quehacerpolitico.mx\/index.php?rest_route=\/wp\/v2\/posts\/97265\/revisions"}],"predecessor-version":[{"id":97267,"href":"https:\/\/quehacerpolitico.mx\/index.php?rest_route=\/wp\/v2\/posts\/97265\/revisions\/97267"}],"wp:featuredmedia":[{"embeddable":true,"href":"https:\/\/quehacerpolitico.mx\/index.php?rest_route=\/wp\/v2\/media\/97266"}],"wp:attachment":[{"href":"https:\/\/quehacerpolitico.mx\/index.php?rest_route=%2Fwp%2Fv2%2Fmedia&parent=97265"}],"wp:term":[{"taxonomy":"category","embeddable":true,"href":"https:\/\/quehacerpolitico.mx\/index.php?rest_route=%2Fwp%2Fv2%2Fcategories&post=97265"},{"taxonomy":"post_tag","embeddable":true,"href":"https:\/\/quehacerpolitico.mx\/index.php?rest_route=%2Fwp%2Fv2%2Ftags&post=97265"}],"curies":[{"name":"wp","href":"https:\/\/api.w.org\/{rel}","templated":true}]}}