{"id":97253,"date":"2022-11-17T18:41:53","date_gmt":"2022-11-17T18:41:53","guid":{"rendered":"https:\/\/quehacerpolitico.mx\/?p=97253"},"modified":"2022-11-17T18:41:57","modified_gmt":"2022-11-17T18:41:57","slug":"amiga-de-ariadna-teme-por-su-seguridad-senala-a-funcionarios-de-la-fge-de-morelos-video","status":"publish","type":"post","link":"https:\/\/quehacerpolitico.mx\/?p=97253","title":{"rendered":"Amiga de Ariadna teme por su seguridad; se\u00f1ala a funcionarios de la FGE de Morelos (VIDEO)"},"content":{"rendered":"\n<p>Por Redacci\u00f3n QP<\/p>\n\n\n\n<p>La joven resalt\u00f3 en un video que comparti\u00f3 en redes sociales c\u00f3mo elementos de la FGJ de Morelos la amedrentaron e intentaron inculpar a\u00a0la\u00a0<em>roomie\u00a0<\/em>de Ariadna<\/p>\n\n\n\n<p>Una amiga de Ariadna Fernanda L\u00f3pez, la joven que fue encontrada muerta en la carretera M\u00e9xico-Cuernavaca, comparti\u00f3 que\u00a0<strong>teme por su seguridad<\/strong>\u00a0y apunt\u00f3 a dos presuntos funcionarios de Morelos de amedrentarlas durante el proceso de investigaci\u00f3n.<\/p>\n\n\n\n<p><strong>&#8220;Hago este video para que sepan realmente c\u00f3mo pasaron las cosas&#8221;,&nbsp;<\/strong>se\u00f1al\u00f3 Sara Mart\u00ednez, quien asegura ser amiga de Ariadna.<\/p>\n\n\n\n<p>En una serie de videos compartidos a trav\u00e9s de redes sociales, la chica explic\u00f3 que ella y otros amigos de Ariadna dieron aviso a las autoridades sobre la \u00faltima conexi\u00f3n, pero que nunca se imaginaron que\u00a0<strong>&#8220;ellos iban a tratar de ocultar el feminicidio de mi amiga&#8221;.<\/strong><\/p>\n\n\n\n<p>&#8220;A Ale (la roomie de Ariadna)&nbsp;<strong>la trataron de inculpar y hasta le dijeron que ya tra\u00edan las esposas&#8221;,<\/strong>&nbsp;se\u00f1al\u00f3 la joven, quien se\u00f1al\u00f3 a dos supuestos funcionarios de Morelos de amedrentarlas.<\/p>\n\n\n\n<p><strong>&#8220;Cecilio Villalba y Joel Reyes&#8221;, fueron los nombres que Sara refiri\u00f3,\u00a0<\/strong>y que supuestamente son funcionarios de Morelos.<\/p>\n\n\n\n<figure class=\"wp-block-embed is-type-rich is-provider-twitter wp-block-embed-twitter\"><div class=\"wp-block-embed__wrapper\">\n<blockquote class=\"twitter-tweet\" data-width=\"550\" data-dnt=\"true\"><p lang=\"es\" dir=\"ltr\">Sarah Mart\u00ednez, amiga de Ariadna Fernanda, rompi\u00f3 el silencio de como fue el acudir a testificar a la Fiscal\u00eda de Morelos, d\u00f3nde dice que no fue tratada de la mejor manera y se\u00f1al\u00f3 que al ver las fotograf\u00edas tras el deceso de la joven si presentaba golpes. <a href=\"https:\/\/t.co\/u9IetLeAzI\">pic.twitter.com\/u9IetLeAzI<\/a><\/p>&mdash; PuntoPorPuntoTV (@PuntoPorPuntoTV) <a href=\"https:\/\/twitter.com\/PuntoPorPuntoTV\/status\/1593102368396156928?ref_src=twsrc%5Etfw\">November 17, 2022<\/a><\/blockquote><script async src=\"https:\/\/platform.twitter.com\/widgets.js\" charset=\"utf-8\"><\/script>\n<\/div><\/figure>\n\n\n\n<p>De la misma manera, rescat\u00f3 algunas anomal\u00edas durante las pesquisas y se refiri\u00f3 a los funcionarios como &#8220;<strong>d\u00e9spotas&#8221; y faltos de empat\u00eda.<\/strong>&nbsp;Tambi\u00e9n relat\u00f3 haberse sentido amedrentada.<\/p>\n\n\n\n<h4 class=\"wp-block-heading\">Rautel y Vanessa, lo \u00faltimos en ver a Ariadna con vida<\/h4>\n\n\n\n<p>De acuerdo con indagatorias de la Fiscal\u00eda General de Justicia de la Ciudad de M\u00e9xico (FGJCDMX), el d\u00eda de los hechos Rautel \u201cN\u201d y Vanessa \u201cN\u201d&nbsp;<strong>estuvieron por \u00faltima vez con la v\u00edctima en el departamento del imputado,&nbsp;<\/strong>ubicado en alcald\u00eda Cuauht\u00e9moc; M\u00e1s tarde, el cuerpo fue encontrado en el estado de Morelos.<\/p>\n\n\n\n<p>Como parte de su estrategia legal, la defensa de Rautel \u201cN\u201d, dijo al juzgador que encontraron diversas irregularidades en el caso y que incluso, al difundir el video en el que se observa al imputado cargando el cuerpo inerte de Ariadna Fernanda para meter a una camioneta,<strong>&nbsp;se viol\u00f3 el debido proceso, recordando tambi\u00e9n en todo momento que \u00e9l se entreg\u00f3, por lo que aseguran, es inocente.<\/strong><\/p>\n\n\n\n<p>Cabe mencionar que tanto Vanessa como Rautel cuentan con abogados diferentes. En el lugar de la audiencia trascendi\u00f3 que<strong>&nbsp;no han intentado establecer contacto,<\/strong>&nbsp;pues mientras Rautel \u201cN\u201d afirma que es inocente, ella, ha declarado que nunca se dio cuenta de lo sucedido.<\/p>\n\n\n\n<p>No obstante, la Fiscal\u00eda de la CDMX cuenta con im\u00e1genes,\u00a0<strong>llamadas y mensajes de textos con los que buscan imputar a la pareja<\/strong>\u00a0por el feminicidio.<\/p>\n\n\n\n<p>Con Informaci\u00f3n de SUN <\/p>\n","protected":false},"excerpt":{"rendered":"<p>Por Redacci\u00f3n QP La joven resalt\u00f3 en un video que comparti\u00f3 en redes sociales c\u00f3mo&#8230;<\/p>\n","protected":false},"author":2,"featured_media":97254,"comment_status":"open","ping_status":"open","sticky":false,"template":"","format":"standard","meta":{"_monsterinsights_skip_tracking":false,"_monsterinsights_sitenote_active":false,"_monsterinsights_sitenote_note":"","_monsterinsights_sitenote_category":0,"footnotes":""},"categories":[2],"tags":[],"class_list":["post-97253","post","type-post","status-publish","format-standard","has-post-thumbnail","hentry","category-noticias"],"yoast_head":"<!-- This site is optimized with the Yoast SEO plugin v27.3 - https:\/\/yoast.com\/product\/yoast-seo-wordpress\/ -->\n<title>Amiga de Ariadna teme por su seguridad; se\u00f1ala a funcionarios de la FGE de Morelos (VIDEO) -<\/title>\n<meta name=\"robots\" content=\"index, follow, max-snippet:-1, max-image-preview:large, max-video-preview:-1\" \/>\n<link rel=\"canonical\" href=\"https:\/\/quehacerpolitico.mx\/?p=97253\" \/>\n<meta property=\"og:locale\" content=\"es_MX\" \/>\n<meta property=\"og:type\" content=\"article\" \/>\n<meta property=\"og:title\" content=\"Amiga de Ariadna teme por su seguridad; se\u00f1ala a funcionarios de la FGE de Morelos (VIDEO) -\" \/>\n<meta property=\"og:description\" content=\"Por Redacci\u00f3n QP La joven resalt\u00f3 en un video que comparti\u00f3 en redes sociales c\u00f3mo...\" \/>\n<meta property=\"og:url\" content=\"https:\/\/quehacerpolitico.mx\/?p=97253\" \/>\n<meta property=\"article:published_time\" content=\"2022-11-17T18:41:53+00:00\" \/>\n<meta property=\"article:modified_time\" content=\"2022-11-17T18:41:57+00:00\" \/>\n<meta property=\"og:image\" content=\"https:\/\/quehacerpolitico.mx\/wp-content\/uploads\/2022\/11\/6DDC3862-FCF1-4AFD-BB5C-3F5C42BB1FF4.webp\" \/>\n\t<meta property=\"og:image:width\" content=\"355\" \/>\n\t<meta property=\"og:image:height\" content=\"223\" \/>\n\t<meta property=\"og:image:type\" content=\"image\/webp\" \/>\n<meta name=\"author\" content=\"Redacci\u00f3n QP\" \/>\n<meta name=\"twitter:card\" content=\"summary_large_image\" \/>\n<meta name=\"twitter:label1\" content=\"Escrito por\" \/>\n\t<meta name=\"twitter:data1\" content=\"Redacci\u00f3n QP\" \/>\n\t<meta name=\"twitter:label2\" content=\"Tiempo de lectura\" \/>\n\t<meta name=\"twitter:data2\" content=\"2 minutos\" \/>\n<script type=\"application\/ld+json\" class=\"yoast-schema-graph\">{\"@context\":\"https:\\\/\\\/schema.org\",\"@graph\":[{\"@type\":\"Article\",\"@id\":\"https:\\\/\\\/quehacerpolitico.mx\\\/?p=97253#article\",\"isPartOf\":{\"@id\":\"https:\\\/\\\/quehacerpolitico.mx\\\/?p=97253\"},\"author\":{\"name\":\"Redacci\u00f3n QP\",\"@id\":\"https:\\\/\\\/quehacerpolitico.mx\\\/#\\\/schema\\\/person\\\/496d8ad2d1d3f8036101dca7ee39e585\"},\"headline\":\"Amiga de Ariadna teme por su seguridad; se\u00f1ala a funcionarios de la FGE de Morelos (VIDEO)\",\"datePublished\":\"2022-11-17T18:41:53+00:00\",\"dateModified\":\"2022-11-17T18:41:57+00:00\",\"mainEntityOfPage\":{\"@id\":\"https:\\\/\\\/quehacerpolitico.mx\\\/?p=97253\"},\"wordCount\":482,\"commentCount\":0,\"image\":{\"@id\":\"https:\\\/\\\/quehacerpolitico.mx\\\/?p=97253#primaryimage\"},\"thumbnailUrl\":\"https:\\\/\\\/quehacerpolitico.mx\\\/wp-content\\\/uploads\\\/2022\\\/11\\\/6DDC3862-FCF1-4AFD-BB5C-3F5C42BB1FF4.webp\",\"articleSection\":[\"Noticias\"],\"inLanguage\":\"es\",\"potentialAction\":[{\"@type\":\"CommentAction\",\"name\":\"Comment\",\"target\":[\"https:\\\/\\\/quehacerpolitico.mx\\\/?p=97253#respond\"]}]},{\"@type\":\"WebPage\",\"@id\":\"https:\\\/\\\/quehacerpolitico.mx\\\/?p=97253\",\"url\":\"https:\\\/\\\/quehacerpolitico.mx\\\/?p=97253\",\"name\":\"Amiga de Ariadna teme por su seguridad; se\u00f1ala a funcionarios de la FGE de Morelos (VIDEO) -\",\"isPartOf\":{\"@id\":\"https:\\\/\\\/quehacerpolitico.mx\\\/#website\"},\"primaryImageOfPage\":{\"@id\":\"https:\\\/\\\/quehacerpolitico.mx\\\/?p=97253#primaryimage\"},\"image\":{\"@id\":\"https:\\\/\\\/quehacerpolitico.mx\\\/?p=97253#primaryimage\"},\"thumbnailUrl\":\"https:\\\/\\\/quehacerpolitico.mx\\\/wp-content\\\/uploads\\\/2022\\\/11\\\/6DDC3862-FCF1-4AFD-BB5C-3F5C42BB1FF4.webp\",\"datePublished\":\"2022-11-17T18:41:53+00:00\",\"dateModified\":\"2022-11-17T18:41:57+00:00\",\"author\":{\"@id\":\"https:\\\/\\\/quehacerpolitico.mx\\\/#\\\/schema\\\/person\\\/496d8ad2d1d3f8036101dca7ee39e585\"},\"breadcrumb\":{\"@id\":\"https:\\\/\\\/quehacerpolitico.mx\\\/?p=97253#breadcrumb\"},\"inLanguage\":\"es\",\"potentialAction\":[{\"@type\":\"ReadAction\",\"target\":[\"https:\\\/\\\/quehacerpolitico.mx\\\/?p=97253\"]}]},{\"@type\":\"ImageObject\",\"inLanguage\":\"es\",\"@id\":\"https:\\\/\\\/quehacerpolitico.mx\\\/?p=97253#primaryimage\",\"url\":\"https:\\\/\\\/quehacerpolitico.mx\\\/wp-content\\\/uploads\\\/2022\\\/11\\\/6DDC3862-FCF1-4AFD-BB5C-3F5C42BB1FF4.webp\",\"contentUrl\":\"https:\\\/\\\/quehacerpolitico.mx\\\/wp-content\\\/uploads\\\/2022\\\/11\\\/6DDC3862-FCF1-4AFD-BB5C-3F5C42BB1FF4.webp\",\"width\":355,\"height\":223},{\"@type\":\"BreadcrumbList\",\"@id\":\"https:\\\/\\\/quehacerpolitico.mx\\\/?p=97253#breadcrumb\",\"itemListElement\":[{\"@type\":\"ListItem\",\"position\":1,\"name\":\"Inicio\",\"item\":\"https:\\\/\\\/quehacerpolitico.mx\\\/\"},{\"@type\":\"ListItem\",\"position\":2,\"name\":\"Amiga de Ariadna teme por su seguridad; se\u00f1ala a funcionarios de la FGE de Morelos (VIDEO)\"}]},{\"@type\":\"WebSite\",\"@id\":\"https:\\\/\\\/quehacerpolitico.mx\\\/#website\",\"url\":\"https:\\\/\\\/quehacerpolitico.mx\\\/\",\"name\":\"\",\"description\":\"\",\"potentialAction\":[{\"@type\":\"SearchAction\",\"target\":{\"@type\":\"EntryPoint\",\"urlTemplate\":\"https:\\\/\\\/quehacerpolitico.mx\\\/?s={search_term_string}\"},\"query-input\":{\"@type\":\"PropertyValueSpecification\",\"valueRequired\":true,\"valueName\":\"search_term_string\"}}],\"inLanguage\":\"es\"},{\"@type\":\"Person\",\"@id\":\"https:\\\/\\\/quehacerpolitico.mx\\\/#\\\/schema\\\/person\\\/496d8ad2d1d3f8036101dca7ee39e585\",\"name\":\"Redacci\u00f3n QP\",\"image\":{\"@type\":\"ImageObject\",\"inLanguage\":\"es\",\"@id\":\"https:\\\/\\\/secure.gravatar.com\\\/avatar\\\/c7164ed6fdec453195284ad24a5ae5b6e1eed2b848477fa2a4787ba9adf39a41?s=96&d=mm&r=g\",\"url\":\"https:\\\/\\\/secure.gravatar.com\\\/avatar\\\/c7164ed6fdec453195284ad24a5ae5b6e1eed2b848477fa2a4787ba9adf39a41?s=96&d=mm&r=g\",\"contentUrl\":\"https:\\\/\\\/secure.gravatar.com\\\/avatar\\\/c7164ed6fdec453195284ad24a5ae5b6e1eed2b848477fa2a4787ba9adf39a41?s=96&d=mm&r=g\",\"caption\":\"Redacci\u00f3n QP\"},\"url\":\"https:\\\/\\\/quehacerpolitico.mx\\\/?author=2\"}]}<\/script>\n<!-- \/ Yoast SEO plugin. -->","yoast_head_json":{"title":"Amiga de Ariadna teme por su seguridad; se\u00f1ala a funcionarios de la FGE de Morelos (VIDEO) -","robots":{"index":"index","follow":"follow","max-snippet":"max-snippet:-1","max-image-preview":"max-image-preview:large","max-video-preview":"max-video-preview:-1"},"canonical":"https:\/\/quehacerpolitico.mx\/?p=97253","og_locale":"es_MX","og_type":"article","og_title":"Amiga de Ariadna teme por su seguridad; se\u00f1ala a funcionarios de la FGE de Morelos (VIDEO) -","og_description":"Por Redacci\u00f3n QP La joven resalt\u00f3 en un video que comparti\u00f3 en redes sociales c\u00f3mo...","og_url":"https:\/\/quehacerpolitico.mx\/?p=97253","article_published_time":"2022-11-17T18:41:53+00:00","article_modified_time":"2022-11-17T18:41:57+00:00","og_image":[{"width":355,"height":223,"url":"https:\/\/quehacerpolitico.mx\/wp-content\/uploads\/2022\/11\/6DDC3862-FCF1-4AFD-BB5C-3F5C42BB1FF4.webp","type":"image\/webp"}],"author":"Redacci\u00f3n QP","twitter_card":"summary_large_image","twitter_misc":{"Escrito por":"Redacci\u00f3n QP","Tiempo de lectura":"2 minutos"},"schema":{"@context":"https:\/\/schema.org","@graph":[{"@type":"Article","@id":"https:\/\/quehacerpolitico.mx\/?p=97253#article","isPartOf":{"@id":"https:\/\/quehacerpolitico.mx\/?p=97253"},"author":{"name":"Redacci\u00f3n QP","@id":"https:\/\/quehacerpolitico.mx\/#\/schema\/person\/496d8ad2d1d3f8036101dca7ee39e585"},"headline":"Amiga de Ariadna teme por su seguridad; se\u00f1ala a funcionarios de la FGE de Morelos (VIDEO)","datePublished":"2022-11-17T18:41:53+00:00","dateModified":"2022-11-17T18:41:57+00:00","mainEntityOfPage":{"@id":"https:\/\/quehacerpolitico.mx\/?p=97253"},"wordCount":482,"commentCount":0,"image":{"@id":"https:\/\/quehacerpolitico.mx\/?p=97253#primaryimage"},"thumbnailUrl":"https:\/\/quehacerpolitico.mx\/wp-content\/uploads\/2022\/11\/6DDC3862-FCF1-4AFD-BB5C-3F5C42BB1FF4.webp","articleSection":["Noticias"],"inLanguage":"es","potentialAction":[{"@type":"CommentAction","name":"Comment","target":["https:\/\/quehacerpolitico.mx\/?p=97253#respond"]}]},{"@type":"WebPage","@id":"https:\/\/quehacerpolitico.mx\/?p=97253","url":"https:\/\/quehacerpolitico.mx\/?p=97253","name":"Amiga de Ariadna teme por su seguridad; se\u00f1ala a funcionarios de la FGE de Morelos (VIDEO) -","isPartOf":{"@id":"https:\/\/quehacerpolitico.mx\/#website"},"primaryImageOfPage":{"@id":"https:\/\/quehacerpolitico.mx\/?p=97253#primaryimage"},"image":{"@id":"https:\/\/quehacerpolitico.mx\/?p=97253#primaryimage"},"thumbnailUrl":"https:\/\/quehacerpolitico.mx\/wp-content\/uploads\/2022\/11\/6DDC3862-FCF1-4AFD-BB5C-3F5C42BB1FF4.webp","datePublished":"2022-11-17T18:41:53+00:00","dateModified":"2022-11-17T18:41:57+00:00","author":{"@id":"https:\/\/quehacerpolitico.mx\/#\/schema\/person\/496d8ad2d1d3f8036101dca7ee39e585"},"breadcrumb":{"@id":"https:\/\/quehacerpolitico.mx\/?p=97253#breadcrumb"},"inLanguage":"es","potentialAction":[{"@type":"ReadAction","target":["https:\/\/quehacerpolitico.mx\/?p=97253"]}]},{"@type":"ImageObject","inLanguage":"es","@id":"https:\/\/quehacerpolitico.mx\/?p=97253#primaryimage","url":"https:\/\/quehacerpolitico.mx\/wp-content\/uploads\/2022\/11\/6DDC3862-FCF1-4AFD-BB5C-3F5C42BB1FF4.webp","contentUrl":"https:\/\/quehacerpolitico.mx\/wp-content\/uploads\/2022\/11\/6DDC3862-FCF1-4AFD-BB5C-3F5C42BB1FF4.webp","width":355,"height":223},{"@type":"BreadcrumbList","@id":"https:\/\/quehacerpolitico.mx\/?p=97253#breadcrumb","itemListElement":[{"@type":"ListItem","position":1,"name":"Inicio","item":"https:\/\/quehacerpolitico.mx\/"},{"@type":"ListItem","position":2,"name":"Amiga de Ariadna teme por su seguridad; se\u00f1ala a funcionarios de la FGE de Morelos (VIDEO)"}]},{"@type":"WebSite","@id":"https:\/\/quehacerpolitico.mx\/#website","url":"https:\/\/quehacerpolitico.mx\/","name":"","description":"","potentialAction":[{"@type":"SearchAction","target":{"@type":"EntryPoint","urlTemplate":"https:\/\/quehacerpolitico.mx\/?s={search_term_string}"},"query-input":{"@type":"PropertyValueSpecification","valueRequired":true,"valueName":"search_term_string"}}],"inLanguage":"es"},{"@type":"Person","@id":"https:\/\/quehacerpolitico.mx\/#\/schema\/person\/496d8ad2d1d3f8036101dca7ee39e585","name":"Redacci\u00f3n QP","image":{"@type":"ImageObject","inLanguage":"es","@id":"https:\/\/secure.gravatar.com\/avatar\/c7164ed6fdec453195284ad24a5ae5b6e1eed2b848477fa2a4787ba9adf39a41?s=96&d=mm&r=g","url":"https:\/\/secure.gravatar.com\/avatar\/c7164ed6fdec453195284ad24a5ae5b6e1eed2b848477fa2a4787ba9adf39a41?s=96&d=mm&r=g","contentUrl":"https:\/\/secure.gravatar.com\/avatar\/c7164ed6fdec453195284ad24a5ae5b6e1eed2b848477fa2a4787ba9adf39a41?s=96&d=mm&r=g","caption":"Redacci\u00f3n QP"},"url":"https:\/\/quehacerpolitico.mx\/?author=2"}]}},"featured_image_urls":{"full":["https:\/\/quehacerpolitico.mx\/wp-content\/uploads\/2022\/11\/6DDC3862-FCF1-4AFD-BB5C-3F5C42BB1FF4.webp",355,223,false],"thumbnail":["https:\/\/quehacerpolitico.mx\/wp-content\/uploads\/2022\/11\/6DDC3862-FCF1-4AFD-BB5C-3F5C42BB1FF4-150x150.webp",150,150,true],"medium":["https:\/\/quehacerpolitico.mx\/wp-content\/uploads\/2022\/11\/6DDC3862-FCF1-4AFD-BB5C-3F5C42BB1FF4-300x188.webp",300,188,true],"medium_large":["https:\/\/quehacerpolitico.mx\/wp-content\/uploads\/2022\/11\/6DDC3862-FCF1-4AFD-BB5C-3F5C42BB1FF4.webp",355,223,false],"large":["https:\/\/quehacerpolitico.mx\/wp-content\/uploads\/2022\/11\/6DDC3862-FCF1-4AFD-BB5C-3F5C42BB1FF4.webp",355,223,false],"1536x1536":["https:\/\/quehacerpolitico.mx\/wp-content\/uploads\/2022\/11\/6DDC3862-FCF1-4AFD-BB5C-3F5C42BB1FF4.webp",355,223,false],"2048x2048":["https:\/\/quehacerpolitico.mx\/wp-content\/uploads\/2022\/11\/6DDC3862-FCF1-4AFD-BB5C-3F5C42BB1FF4.webp",355,223,false],"covernews-featured":["https:\/\/quehacerpolitico.mx\/wp-content\/uploads\/2022\/11\/6DDC3862-FCF1-4AFD-BB5C-3F5C42BB1FF4.webp",355,223,false],"covernews-medium":["https:\/\/quehacerpolitico.mx\/wp-content\/uploads\/2022\/11\/6DDC3862-FCF1-4AFD-BB5C-3F5C42BB1FF4.webp",355,223,false]},"author_info":{"display_name":"Redacci\u00f3n QP","author_link":"https:\/\/quehacerpolitico.mx\/?author=2"},"category_info":"<a href=\"https:\/\/quehacerpolitico.mx\/?cat=2\" rel=\"category\">Noticias<\/a>","tag_info":"Noticias","comment_count":"0","_links":{"self":[{"href":"https:\/\/quehacerpolitico.mx\/index.php?rest_route=\/wp\/v2\/posts\/97253","targetHints":{"allow":["GET"]}}],"collection":[{"href":"https:\/\/quehacerpolitico.mx\/index.php?rest_route=\/wp\/v2\/posts"}],"about":[{"href":"https:\/\/quehacerpolitico.mx\/index.php?rest_route=\/wp\/v2\/types\/post"}],"author":[{"embeddable":true,"href":"https:\/\/quehacerpolitico.mx\/index.php?rest_route=\/wp\/v2\/users\/2"}],"replies":[{"embeddable":true,"href":"https:\/\/quehacerpolitico.mx\/index.php?rest_route=%2Fwp%2Fv2%2Fcomments&post=97253"}],"version-history":[{"count":1,"href":"https:\/\/quehacerpolitico.mx\/index.php?rest_route=\/wp\/v2\/posts\/97253\/revisions"}],"predecessor-version":[{"id":97255,"href":"https:\/\/quehacerpolitico.mx\/index.php?rest_route=\/wp\/v2\/posts\/97253\/revisions\/97255"}],"wp:featuredmedia":[{"embeddable":true,"href":"https:\/\/quehacerpolitico.mx\/index.php?rest_route=\/wp\/v2\/media\/97254"}],"wp:attachment":[{"href":"https:\/\/quehacerpolitico.mx\/index.php?rest_route=%2Fwp%2Fv2%2Fmedia&parent=97253"}],"wp:term":[{"taxonomy":"category","embeddable":true,"href":"https:\/\/quehacerpolitico.mx\/index.php?rest_route=%2Fwp%2Fv2%2Fcategories&post=97253"},{"taxonomy":"post_tag","embeddable":true,"href":"https:\/\/quehacerpolitico.mx\/index.php?rest_route=%2Fwp%2Fv2%2Ftags&post=97253"}],"curies":[{"name":"wp","href":"https:\/\/api.w.org\/{rel}","templated":true}]}}