{"id":97247,"date":"2022-11-17T16:48:42","date_gmt":"2022-11-17T16:48:42","guid":{"rendered":"https:\/\/quehacerpolitico.mx\/?p=97247"},"modified":"2022-11-17T16:48:46","modified_gmt":"2022-11-17T16:48:46","slug":"reportan-la-caida-de-un-helicoptero-de-la-secretaria-de-seguridad-publica-de-aguascalientes-habria-al-menos-tres-personas-muertas","status":"publish","type":"post","link":"https:\/\/quehacerpolitico.mx\/?p=97247","title":{"rendered":"Reportan la ca\u00edda de un helic\u00f3ptero de la Secretar\u00eda de Seguridad P\u00fablica de Aguascalientes, habr\u00eda al menos tres personas muertas"},"content":{"rendered":"\n<p>Por Redacci\u00f3n QP<\/p>\n\n\n\n<p>De manera extraoficial, se habla que en la aeronave viajaba el titular de la Secretar\u00eda de Seguridad del Estado<\/p>\n\n\n\n<p>La ma\u00f1ana de este jueves se desplom\u00f3 un helic\u00f3ptero de la Secretar\u00eda de Seguridad de Aguascalientes. Extraoficialmente, se habla de tres personas muertas, entre ellas, el titular de la dependencia, Porfirio Javier S\u00e1nchez Mendoza, que viajaba en la aeronave.<\/p>\n\n\n\n<p>Seg\u00fan informaci\u00f3n de medios nacionales,\u00a0<strong>el helic\u00f3ptero de la Secretar\u00eda de Seguridad del Estado, identificado como \u00c1guila 1, cay\u00f3 cerca de la cl\u00ednica 3 del IMSS, en la colonia Ejido de Jes\u00fas Mar\u00eda<\/strong>.<\/p>\n\n\n\n<figure class=\"wp-block-embed is-type-rich is-provider-twitter wp-block-embed-twitter\"><div class=\"wp-block-embed__wrapper\">\n<blockquote class=\"twitter-tweet\" data-width=\"550\" data-dnt=\"true\"><p lang=\"es\" dir=\"ltr\">Se registr\u00f3 el desplome de un helic\u00f3ptero al norte de Aguascalientes. <br><br>De acuerdo con primeros informes, se tratar\u00eda de una aeronave oficial. <br><br>En breve m\u00e1s informaci\u00f3n<br> <a href=\"https:\/\/t.co\/FLhVo864Jy\">pic.twitter.com\/FLhVo864Jy<\/a><\/p>&mdash; Joaqu\u00edn L\u00f3pez-D\u00f3riga (@lopezdoriga) <a href=\"https:\/\/twitter.com\/lopezdoriga\/status\/1593253444135313415?ref_src=twsrc%5Etfw\">November 17, 2022<\/a><\/blockquote><script async src=\"https:\/\/platform.twitter.com\/widgets.js\" charset=\"utf-8\"><\/script>\n<\/div><\/figure>\n\n\n\n<p>El helic\u00f3ptero \u00c1guila 1 sobrevolaba los l\u00edmites de Jalisco y Zacatecas, como parte de la estrategia de seguridad que se implement\u00f3 para evitar los robos a los transportistas, cuando se desplom\u00f3.<\/p>\n\n\n\n<p><strong>La gobernadora del Estado, Tere Jim\u00e9nez, inform\u00f3 que a las 9:45 horas ofrecer\u00e1 una conferencia de prensa<\/strong>\u00a0para dar m\u00e1s detalles sobre el accidente ocurrido esta ma\u00f1ana.<\/p>\n\n\n\n<figure class=\"wp-block-embed is-type-rich is-provider-twitter wp-block-embed-twitter\"><div class=\"wp-block-embed__wrapper\">\n<blockquote class=\"twitter-tweet\" data-width=\"550\" data-dnt=\"true\"><p lang=\"es\" dir=\"ltr\">Mensaje de la Gobernadora <a href=\"https:\/\/twitter.com\/TereJimenezE?ref_src=twsrc%5Etfw\">@TereJimenezE<\/a> <a href=\"https:\/\/twitter.com\/GobAgs?ref_src=twsrc%5Etfw\">@GobAgs<\/a> respecto a la ca\u00edda de un helic\u00f3ptero de la Secretar\u00eda de Seguridad P\u00fablica de Aguascalientes <a href=\"https:\/\/t.co\/k7drY9NJ4k\">https:\/\/t.co\/k7drY9NJ4k<\/a><\/p>&mdash; Quehacer Pol\u00edtico (@QueHacerPolitic) <a href=\"https:\/\/twitter.com\/QueHacerPolitic\/status\/1593281410063892483?ref_src=twsrc%5Etfw\">November 17, 2022<\/a><\/blockquote><script async src=\"https:\/\/platform.twitter.com\/widgets.js\" charset=\"utf-8\"><\/script>\n<\/div><\/figure>\n\n\n\n<figure class=\"wp-block-embed is-type-rich is-provider-twitter wp-block-embed-twitter\"><div class=\"wp-block-embed__wrapper\">\n<blockquote class=\"twitter-tweet\" data-width=\"550\" data-dnt=\"true\"><p lang=\"es\" dir=\"ltr\">A las 9:45 am dar\u00e9 un mensaje para Aguascalientes a trav\u00e9s de redes sociales respecto a lo ocurrido esta ma\u00f1ana con el helic\u00f3ptero \u00c1guila 1.<\/p>&mdash; Tere Jim\u00e9nez (@TereJimenezE) <a href=\"https:\/\/twitter.com\/TereJimenezE\/status\/1593257471497236481?ref_src=twsrc%5Etfw\">November 17, 2022<\/a><\/blockquote><script async src=\"https:\/\/platform.twitter.com\/widgets.js\" charset=\"utf-8\"><\/script>\n<\/div><\/figure>\n\n\n\n<p>En redes sociales ya circulan varios videos donde se ve c\u00f3mo el helic\u00f3ptero cae.<\/p>\n\n\n\n<figure class=\"wp-block-embed is-type-rich is-provider-twitter wp-block-embed-twitter\"><div class=\"wp-block-embed__wrapper\">\n<blockquote class=\"twitter-tweet\" data-width=\"550\" data-dnt=\"true\"><p lang=\"es\" dir=\"ltr\">Momento exacto en que cae el Helic\u00f3ptero \u00c1guila 1 de la Polic\u00eda Estatal de Aguascalientes. <a href=\"https:\/\/t.co\/bwmE3rJeGs\">pic.twitter.com\/bwmE3rJeGs<\/a><\/p>&mdash; Mario Luis Ramos Rocha (@marioluisr) <a href=\"https:\/\/twitter.com\/marioluisr\/status\/1593256495969234945?ref_src=twsrc%5Etfw\">November 17, 2022<\/a><\/blockquote><script async src=\"https:\/\/platform.twitter.com\/widgets.js\" charset=\"utf-8\"><\/script>\n<\/div><\/figure>\n\n\n\n<figure class=\"wp-block-embed is-type-rich is-provider-twitter wp-block-embed-twitter\"><div class=\"wp-block-embed__wrapper\">\n<blockquote class=\"twitter-tweet\" data-width=\"550\" data-dnt=\"true\"><p lang=\"es\" dir=\"ltr\">Reportan la ca\u00edda de un helic\u00f3ptero de la Secretar\u00eda de Seguridad P\u00fablica de Aguascalientes, habr\u00eda al menos tres personas muertas. <br><br>\ud83c\udfa5<a href=\"https:\/\/twitter.com\/alaan_mota?ref_src=twsrc%5Etfw\">@alaan_mota<\/a> <a href=\"https:\/\/t.co\/tCqIudBIyH\">pic.twitter.com\/tCqIudBIyH<\/a><\/p>&mdash; Ruido en la Red (@RuidoEnLaRed) <a href=\"https:\/\/twitter.com\/RuidoEnLaRed\/status\/1593254542485131266?ref_src=twsrc%5Etfw\">November 17, 2022<\/a><\/blockquote><script async src=\"https:\/\/platform.twitter.com\/widgets.js\" charset=\"utf-8\"><\/script>\n<\/div><\/figure>\n","protected":false},"excerpt":{"rendered":"<p>Por Redacci\u00f3n QP De manera extraoficial, se habla que en la aeronave viajaba el titular&#8230;<\/p>\n","protected":false},"author":2,"featured_media":97248,"comment_status":"open","ping_status":"open","sticky":false,"template":"","format":"standard","meta":{"_monsterinsights_skip_tracking":false,"_monsterinsights_sitenote_active":false,"_monsterinsights_sitenote_note":"","_monsterinsights_sitenote_category":0,"footnotes":""},"categories":[2],"tags":[],"class_list":["post-97247","post","type-post","status-publish","format-standard","has-post-thumbnail","hentry","category-noticias"],"yoast_head":"<!-- This site is optimized with the Yoast SEO plugin v27.3 - https:\/\/yoast.com\/product\/yoast-seo-wordpress\/ -->\n<title>Reportan la ca\u00edda de un helic\u00f3ptero de la Secretar\u00eda de Seguridad P\u00fablica de Aguascalientes, habr\u00eda al menos tres personas muertas -<\/title>\n<meta name=\"robots\" content=\"index, follow, max-snippet:-1, max-image-preview:large, max-video-preview:-1\" \/>\n<link rel=\"canonical\" href=\"https:\/\/quehacerpolitico.mx\/?p=97247\" \/>\n<meta property=\"og:locale\" content=\"es_MX\" \/>\n<meta property=\"og:type\" content=\"article\" \/>\n<meta property=\"og:title\" content=\"Reportan la ca\u00edda de un helic\u00f3ptero de la Secretar\u00eda de Seguridad P\u00fablica de Aguascalientes, habr\u00eda al menos tres personas muertas -\" \/>\n<meta property=\"og:description\" content=\"Por Redacci\u00f3n QP De manera extraoficial, se habla que en la aeronave viajaba el titular...\" \/>\n<meta property=\"og:url\" content=\"https:\/\/quehacerpolitico.mx\/?p=97247\" \/>\n<meta property=\"article:published_time\" content=\"2022-11-17T16:48:42+00:00\" \/>\n<meta property=\"article:modified_time\" content=\"2022-11-17T16:48:46+00:00\" \/>\n<meta property=\"og:image\" content=\"https:\/\/quehacerpolitico.mx\/wp-content\/uploads\/2022\/11\/DA898263-003D-4DA0-A7EC-6F8D1D84C630.webp\" \/>\n\t<meta property=\"og:image:width\" content=\"960\" \/>\n\t<meta property=\"og:image:height\" content=\"540\" \/>\n\t<meta property=\"og:image:type\" content=\"image\/webp\" \/>\n<meta name=\"author\" content=\"Redacci\u00f3n QP\" \/>\n<meta name=\"twitter:card\" content=\"summary_large_image\" \/>\n<meta name=\"twitter:label1\" content=\"Escrito por\" \/>\n\t<meta name=\"twitter:data1\" content=\"Redacci\u00f3n QP\" \/>\n\t<meta name=\"twitter:label2\" content=\"Tiempo de lectura\" \/>\n\t<meta name=\"twitter:data2\" content=\"1 minuto\" \/>\n<script type=\"application\/ld+json\" class=\"yoast-schema-graph\">{\"@context\":\"https:\\\/\\\/schema.org\",\"@graph\":[{\"@type\":\"Article\",\"@id\":\"https:\\\/\\\/quehacerpolitico.mx\\\/?p=97247#article\",\"isPartOf\":{\"@id\":\"https:\\\/\\\/quehacerpolitico.mx\\\/?p=97247\"},\"author\":{\"name\":\"Redacci\u00f3n QP\",\"@id\":\"https:\\\/\\\/quehacerpolitico.mx\\\/#\\\/schema\\\/person\\\/496d8ad2d1d3f8036101dca7ee39e585\"},\"headline\":\"Reportan la ca\u00edda de un helic\u00f3ptero de la Secretar\u00eda de Seguridad P\u00fablica de Aguascalientes, habr\u00eda al menos tres personas muertas\",\"datePublished\":\"2022-11-17T16:48:42+00:00\",\"dateModified\":\"2022-11-17T16:48:46+00:00\",\"mainEntityOfPage\":{\"@id\":\"https:\\\/\\\/quehacerpolitico.mx\\\/?p=97247\"},\"wordCount\":264,\"commentCount\":0,\"image\":{\"@id\":\"https:\\\/\\\/quehacerpolitico.mx\\\/?p=97247#primaryimage\"},\"thumbnailUrl\":\"https:\\\/\\\/quehacerpolitico.mx\\\/wp-content\\\/uploads\\\/2022\\\/11\\\/DA898263-003D-4DA0-A7EC-6F8D1D84C630.webp\",\"articleSection\":[\"Noticias\"],\"inLanguage\":\"es\",\"potentialAction\":[{\"@type\":\"CommentAction\",\"name\":\"Comment\",\"target\":[\"https:\\\/\\\/quehacerpolitico.mx\\\/?p=97247#respond\"]}]},{\"@type\":\"WebPage\",\"@id\":\"https:\\\/\\\/quehacerpolitico.mx\\\/?p=97247\",\"url\":\"https:\\\/\\\/quehacerpolitico.mx\\\/?p=97247\",\"name\":\"Reportan la ca\u00edda de un helic\u00f3ptero de la Secretar\u00eda de Seguridad P\u00fablica de Aguascalientes, habr\u00eda al menos tres personas muertas -\",\"isPartOf\":{\"@id\":\"https:\\\/\\\/quehacerpolitico.mx\\\/#website\"},\"primaryImageOfPage\":{\"@id\":\"https:\\\/\\\/quehacerpolitico.mx\\\/?p=97247#primaryimage\"},\"image\":{\"@id\":\"https:\\\/\\\/quehacerpolitico.mx\\\/?p=97247#primaryimage\"},\"thumbnailUrl\":\"https:\\\/\\\/quehacerpolitico.mx\\\/wp-content\\\/uploads\\\/2022\\\/11\\\/DA898263-003D-4DA0-A7EC-6F8D1D84C630.webp\",\"datePublished\":\"2022-11-17T16:48:42+00:00\",\"dateModified\":\"2022-11-17T16:48:46+00:00\",\"author\":{\"@id\":\"https:\\\/\\\/quehacerpolitico.mx\\\/#\\\/schema\\\/person\\\/496d8ad2d1d3f8036101dca7ee39e585\"},\"breadcrumb\":{\"@id\":\"https:\\\/\\\/quehacerpolitico.mx\\\/?p=97247#breadcrumb\"},\"inLanguage\":\"es\",\"potentialAction\":[{\"@type\":\"ReadAction\",\"target\":[\"https:\\\/\\\/quehacerpolitico.mx\\\/?p=97247\"]}]},{\"@type\":\"ImageObject\",\"inLanguage\":\"es\",\"@id\":\"https:\\\/\\\/quehacerpolitico.mx\\\/?p=97247#primaryimage\",\"url\":\"https:\\\/\\\/quehacerpolitico.mx\\\/wp-content\\\/uploads\\\/2022\\\/11\\\/DA898263-003D-4DA0-A7EC-6F8D1D84C630.webp\",\"contentUrl\":\"https:\\\/\\\/quehacerpolitico.mx\\\/wp-content\\\/uploads\\\/2022\\\/11\\\/DA898263-003D-4DA0-A7EC-6F8D1D84C630.webp\",\"width\":960,\"height\":540},{\"@type\":\"BreadcrumbList\",\"@id\":\"https:\\\/\\\/quehacerpolitico.mx\\\/?p=97247#breadcrumb\",\"itemListElement\":[{\"@type\":\"ListItem\",\"position\":1,\"name\":\"Inicio\",\"item\":\"https:\\\/\\\/quehacerpolitico.mx\\\/\"},{\"@type\":\"ListItem\",\"position\":2,\"name\":\"Reportan la ca\u00edda de un helic\u00f3ptero de la Secretar\u00eda de Seguridad P\u00fablica de Aguascalientes, habr\u00eda al menos tres personas muertas\"}]},{\"@type\":\"WebSite\",\"@id\":\"https:\\\/\\\/quehacerpolitico.mx\\\/#website\",\"url\":\"https:\\\/\\\/quehacerpolitico.mx\\\/\",\"name\":\"\",\"description\":\"\",\"potentialAction\":[{\"@type\":\"SearchAction\",\"target\":{\"@type\":\"EntryPoint\",\"urlTemplate\":\"https:\\\/\\\/quehacerpolitico.mx\\\/?s={search_term_string}\"},\"query-input\":{\"@type\":\"PropertyValueSpecification\",\"valueRequired\":true,\"valueName\":\"search_term_string\"}}],\"inLanguage\":\"es\"},{\"@type\":\"Person\",\"@id\":\"https:\\\/\\\/quehacerpolitico.mx\\\/#\\\/schema\\\/person\\\/496d8ad2d1d3f8036101dca7ee39e585\",\"name\":\"Redacci\u00f3n QP\",\"image\":{\"@type\":\"ImageObject\",\"inLanguage\":\"es\",\"@id\":\"https:\\\/\\\/secure.gravatar.com\\\/avatar\\\/c7164ed6fdec453195284ad24a5ae5b6e1eed2b848477fa2a4787ba9adf39a41?s=96&d=mm&r=g\",\"url\":\"https:\\\/\\\/secure.gravatar.com\\\/avatar\\\/c7164ed6fdec453195284ad24a5ae5b6e1eed2b848477fa2a4787ba9adf39a41?s=96&d=mm&r=g\",\"contentUrl\":\"https:\\\/\\\/secure.gravatar.com\\\/avatar\\\/c7164ed6fdec453195284ad24a5ae5b6e1eed2b848477fa2a4787ba9adf39a41?s=96&d=mm&r=g\",\"caption\":\"Redacci\u00f3n QP\"},\"url\":\"https:\\\/\\\/quehacerpolitico.mx\\\/?author=2\"}]}<\/script>\n<!-- \/ Yoast SEO plugin. -->","yoast_head_json":{"title":"Reportan la ca\u00edda de un helic\u00f3ptero de la Secretar\u00eda de Seguridad P\u00fablica de Aguascalientes, habr\u00eda al menos tres personas muertas -","robots":{"index":"index","follow":"follow","max-snippet":"max-snippet:-1","max-image-preview":"max-image-preview:large","max-video-preview":"max-video-preview:-1"},"canonical":"https:\/\/quehacerpolitico.mx\/?p=97247","og_locale":"es_MX","og_type":"article","og_title":"Reportan la ca\u00edda de un helic\u00f3ptero de la Secretar\u00eda de Seguridad P\u00fablica de Aguascalientes, habr\u00eda al menos tres personas muertas -","og_description":"Por Redacci\u00f3n QP De manera extraoficial, se habla que en la aeronave viajaba el titular...","og_url":"https:\/\/quehacerpolitico.mx\/?p=97247","article_published_time":"2022-11-17T16:48:42+00:00","article_modified_time":"2022-11-17T16:48:46+00:00","og_image":[{"width":960,"height":540,"url":"https:\/\/quehacerpolitico.mx\/wp-content\/uploads\/2022\/11\/DA898263-003D-4DA0-A7EC-6F8D1D84C630.webp","type":"image\/webp"}],"author":"Redacci\u00f3n QP","twitter_card":"summary_large_image","twitter_misc":{"Escrito por":"Redacci\u00f3n QP","Tiempo de lectura":"1 minuto"},"schema":{"@context":"https:\/\/schema.org","@graph":[{"@type":"Article","@id":"https:\/\/quehacerpolitico.mx\/?p=97247#article","isPartOf":{"@id":"https:\/\/quehacerpolitico.mx\/?p=97247"},"author":{"name":"Redacci\u00f3n QP","@id":"https:\/\/quehacerpolitico.mx\/#\/schema\/person\/496d8ad2d1d3f8036101dca7ee39e585"},"headline":"Reportan la ca\u00edda de un helic\u00f3ptero de la Secretar\u00eda de Seguridad P\u00fablica de Aguascalientes, habr\u00eda al menos tres personas muertas","datePublished":"2022-11-17T16:48:42+00:00","dateModified":"2022-11-17T16:48:46+00:00","mainEntityOfPage":{"@id":"https:\/\/quehacerpolitico.mx\/?p=97247"},"wordCount":264,"commentCount":0,"image":{"@id":"https:\/\/quehacerpolitico.mx\/?p=97247#primaryimage"},"thumbnailUrl":"https:\/\/quehacerpolitico.mx\/wp-content\/uploads\/2022\/11\/DA898263-003D-4DA0-A7EC-6F8D1D84C630.webp","articleSection":["Noticias"],"inLanguage":"es","potentialAction":[{"@type":"CommentAction","name":"Comment","target":["https:\/\/quehacerpolitico.mx\/?p=97247#respond"]}]},{"@type":"WebPage","@id":"https:\/\/quehacerpolitico.mx\/?p=97247","url":"https:\/\/quehacerpolitico.mx\/?p=97247","name":"Reportan la ca\u00edda de un helic\u00f3ptero de la Secretar\u00eda de Seguridad P\u00fablica de Aguascalientes, habr\u00eda al menos tres personas muertas -","isPartOf":{"@id":"https:\/\/quehacerpolitico.mx\/#website"},"primaryImageOfPage":{"@id":"https:\/\/quehacerpolitico.mx\/?p=97247#primaryimage"},"image":{"@id":"https:\/\/quehacerpolitico.mx\/?p=97247#primaryimage"},"thumbnailUrl":"https:\/\/quehacerpolitico.mx\/wp-content\/uploads\/2022\/11\/DA898263-003D-4DA0-A7EC-6F8D1D84C630.webp","datePublished":"2022-11-17T16:48:42+00:00","dateModified":"2022-11-17T16:48:46+00:00","author":{"@id":"https:\/\/quehacerpolitico.mx\/#\/schema\/person\/496d8ad2d1d3f8036101dca7ee39e585"},"breadcrumb":{"@id":"https:\/\/quehacerpolitico.mx\/?p=97247#breadcrumb"},"inLanguage":"es","potentialAction":[{"@type":"ReadAction","target":["https:\/\/quehacerpolitico.mx\/?p=97247"]}]},{"@type":"ImageObject","inLanguage":"es","@id":"https:\/\/quehacerpolitico.mx\/?p=97247#primaryimage","url":"https:\/\/quehacerpolitico.mx\/wp-content\/uploads\/2022\/11\/DA898263-003D-4DA0-A7EC-6F8D1D84C630.webp","contentUrl":"https:\/\/quehacerpolitico.mx\/wp-content\/uploads\/2022\/11\/DA898263-003D-4DA0-A7EC-6F8D1D84C630.webp","width":960,"height":540},{"@type":"BreadcrumbList","@id":"https:\/\/quehacerpolitico.mx\/?p=97247#breadcrumb","itemListElement":[{"@type":"ListItem","position":1,"name":"Inicio","item":"https:\/\/quehacerpolitico.mx\/"},{"@type":"ListItem","position":2,"name":"Reportan la ca\u00edda de un helic\u00f3ptero de la Secretar\u00eda de Seguridad P\u00fablica de Aguascalientes, habr\u00eda al menos tres personas muertas"}]},{"@type":"WebSite","@id":"https:\/\/quehacerpolitico.mx\/#website","url":"https:\/\/quehacerpolitico.mx\/","name":"","description":"","potentialAction":[{"@type":"SearchAction","target":{"@type":"EntryPoint","urlTemplate":"https:\/\/quehacerpolitico.mx\/?s={search_term_string}"},"query-input":{"@type":"PropertyValueSpecification","valueRequired":true,"valueName":"search_term_string"}}],"inLanguage":"es"},{"@type":"Person","@id":"https:\/\/quehacerpolitico.mx\/#\/schema\/person\/496d8ad2d1d3f8036101dca7ee39e585","name":"Redacci\u00f3n QP","image":{"@type":"ImageObject","inLanguage":"es","@id":"https:\/\/secure.gravatar.com\/avatar\/c7164ed6fdec453195284ad24a5ae5b6e1eed2b848477fa2a4787ba9adf39a41?s=96&d=mm&r=g","url":"https:\/\/secure.gravatar.com\/avatar\/c7164ed6fdec453195284ad24a5ae5b6e1eed2b848477fa2a4787ba9adf39a41?s=96&d=mm&r=g","contentUrl":"https:\/\/secure.gravatar.com\/avatar\/c7164ed6fdec453195284ad24a5ae5b6e1eed2b848477fa2a4787ba9adf39a41?s=96&d=mm&r=g","caption":"Redacci\u00f3n QP"},"url":"https:\/\/quehacerpolitico.mx\/?author=2"}]}},"featured_image_urls":{"full":["https:\/\/quehacerpolitico.mx\/wp-content\/uploads\/2022\/11\/DA898263-003D-4DA0-A7EC-6F8D1D84C630.webp",960,540,false],"thumbnail":["https:\/\/quehacerpolitico.mx\/wp-content\/uploads\/2022\/11\/DA898263-003D-4DA0-A7EC-6F8D1D84C630-150x150.webp",150,150,true],"medium":["https:\/\/quehacerpolitico.mx\/wp-content\/uploads\/2022\/11\/DA898263-003D-4DA0-A7EC-6F8D1D84C630-300x169.webp",300,169,true],"medium_large":["https:\/\/quehacerpolitico.mx\/wp-content\/uploads\/2022\/11\/DA898263-003D-4DA0-A7EC-6F8D1D84C630-768x432.webp",640,360,true],"large":["https:\/\/quehacerpolitico.mx\/wp-content\/uploads\/2022\/11\/DA898263-003D-4DA0-A7EC-6F8D1D84C630.webp",640,360,false],"1536x1536":["https:\/\/quehacerpolitico.mx\/wp-content\/uploads\/2022\/11\/DA898263-003D-4DA0-A7EC-6F8D1D84C630.webp",960,540,false],"2048x2048":["https:\/\/quehacerpolitico.mx\/wp-content\/uploads\/2022\/11\/DA898263-003D-4DA0-A7EC-6F8D1D84C630.webp",960,540,false],"covernews-featured":["https:\/\/quehacerpolitico.mx\/wp-content\/uploads\/2022\/11\/DA898263-003D-4DA0-A7EC-6F8D1D84C630.webp",960,540,false],"covernews-medium":["https:\/\/quehacerpolitico.mx\/wp-content\/uploads\/2022\/11\/DA898263-003D-4DA0-A7EC-6F8D1D84C630.webp",540,304,false]},"author_info":{"display_name":"Redacci\u00f3n QP","author_link":"https:\/\/quehacerpolitico.mx\/?author=2"},"category_info":"<a href=\"https:\/\/quehacerpolitico.mx\/?cat=2\" rel=\"category\">Noticias<\/a>","tag_info":"Noticias","comment_count":"0","_links":{"self":[{"href":"https:\/\/quehacerpolitico.mx\/index.php?rest_route=\/wp\/v2\/posts\/97247","targetHints":{"allow":["GET"]}}],"collection":[{"href":"https:\/\/quehacerpolitico.mx\/index.php?rest_route=\/wp\/v2\/posts"}],"about":[{"href":"https:\/\/quehacerpolitico.mx\/index.php?rest_route=\/wp\/v2\/types\/post"}],"author":[{"embeddable":true,"href":"https:\/\/quehacerpolitico.mx\/index.php?rest_route=\/wp\/v2\/users\/2"}],"replies":[{"embeddable":true,"href":"https:\/\/quehacerpolitico.mx\/index.php?rest_route=%2Fwp%2Fv2%2Fcomments&post=97247"}],"version-history":[{"count":1,"href":"https:\/\/quehacerpolitico.mx\/index.php?rest_route=\/wp\/v2\/posts\/97247\/revisions"}],"predecessor-version":[{"id":97249,"href":"https:\/\/quehacerpolitico.mx\/index.php?rest_route=\/wp\/v2\/posts\/97247\/revisions\/97249"}],"wp:featuredmedia":[{"embeddable":true,"href":"https:\/\/quehacerpolitico.mx\/index.php?rest_route=\/wp\/v2\/media\/97248"}],"wp:attachment":[{"href":"https:\/\/quehacerpolitico.mx\/index.php?rest_route=%2Fwp%2Fv2%2Fmedia&parent=97247"}],"wp:term":[{"taxonomy":"category","embeddable":true,"href":"https:\/\/quehacerpolitico.mx\/index.php?rest_route=%2Fwp%2Fv2%2Fcategories&post=97247"},{"taxonomy":"post_tag","embeddable":true,"href":"https:\/\/quehacerpolitico.mx\/index.php?rest_route=%2Fwp%2Fv2%2Ftags&post=97247"}],"curies":[{"name":"wp","href":"https:\/\/api.w.org\/{rel}","templated":true}]}}