{"id":97238,"date":"2022-11-17T15:38:49","date_gmt":"2022-11-17T15:38:49","guid":{"rendered":"https:\/\/quehacerpolitico.mx\/?p=97238"},"modified":"2022-11-17T15:38:52","modified_gmt":"2022-11-17T15:38:52","slug":"gilberto-lozano-lider-de-frena-reacciona-a-marcha-de-lopez-obrador","status":"publish","type":"post","link":"https:\/\/quehacerpolitico.mx\/?p=97238","title":{"rendered":"Gilberto Lozano, l\u00edder de FRENA, reacciona a marcha de L\u00f3pez Obrador"},"content":{"rendered":"\n<p>Por Redacci\u00f3n QP<\/p>\n\n\n\n<p>El l\u00edder de FRENA se\u00f1ala\u00a0que &#8220;despu\u00e9s de ver el despertar del pueblo de M\u00e9xico&#8221;, L\u00f3pez Obrador anunci\u00f3 su movilizaci\u00f3n<\/p>\n\n\n\n<p>Gilberto Lozano, l\u00edder del Frente Nacional AntiAMLO (FRENA), se\u00f1al\u00f3 que el Presidente\u00a0Andres Manuel Lopez Obrador\u00a0<strong>&#8220;est\u00e1 asustado&#8221; y &#8220;empanicado&#8221;<\/strong>, luego de que el titular del Ejecutivo anunci\u00f3 que encabezar\u00e1 una marcha el pr\u00f3ximo 27 de noviembre, rumbo al Z\u00f3calo de la Ciudad de M\u00e9xico.<\/p>\n\n\n\n<p>A trav\u00e9s de sus redes sociales, el l\u00edder de FRENA se\u00f1al\u00f3 que<strong>\u00a0&#8220;despu\u00e9s de ver el despertar del pueblo de M\u00e9xico&#8221;<\/strong>, L\u00f3pez Obrador anunci\u00f3 su movilizaci\u00f3n: &#8220;Cuando le dijeron que estaba tomando una fuerza tremenda la marcha por la liberaci\u00f3n convocada por FRENA, dijo<strong>\u00a0&#8216;qu\u00e9 hacemos, vamos a poner otra enfrente&#8217;<\/strong>&#8220;.<\/p>\n\n\n\n<p>Lozano, quien ten\u00eda programada una marcha tambi\u00e9n el 27 de noviembre para pedir la renuncia del Presidente en el Z\u00f3calo, acus\u00f3 que a su movimiento<strong>\u00a0le van a poner &#8220;cuatros&#8221; y &#8220;trucos&#8221;: &#8220;Esta no es la marcha de L\u00f3pez, es directamente un enfrentamiento con FRENA&#8221;<\/strong>.<\/p>\n\n\n\n<figure class=\"wp-block-embed is-type-rich is-provider-twitter wp-block-embed-twitter\"><div class=\"wp-block-embed__wrapper\">\n<blockquote class=\"twitter-tweet\" data-width=\"550\" data-dnt=\"true\"><p lang=\"es\" dir=\"ltr\">Solo hay UNA raz\u00f3n l\u00f3gica para que Dictador L\u00f3pez adelante SU MARCHA 4 d\u00edas de Dic 1 a Nov 27<br>Amedrentar y traslaparse con Marcha Ciudadana <a href=\"https:\/\/twitter.com\/hashtag\/FRENA?src=hash&amp;ref_src=twsrc%5Etfw\">#FRENA<\/a>, convocada desde hace 40 d\u00edas para EXIGIR SU RENUNCIA<a href=\"https:\/\/twitter.com\/hashtag\/YoSoyMexico?src=hash&amp;ref_src=twsrc%5Etfw\">#YoSoyMexico<\/a><a href=\"https:\/\/twitter.com\/hashtag\/GranMarchaLiberacion?src=hash&amp;ref_src=twsrc%5Etfw\">#GranMarchaLiberacion<\/a> <a href=\"https:\/\/twitter.com\/hashtag\/AMLOSIseToca?src=hash&amp;ref_src=twsrc%5Etfw\">#AMLOSIseToca<\/a> <br><br>Dem\u00e1s rollo es politiquer\u00eda <a href=\"https:\/\/t.co\/7l3zQLTNJi\">pic.twitter.com\/7l3zQLTNJi<\/a><\/p>&mdash; FRENA Oficial (@OficialFrenaaa) <a href=\"https:\/\/twitter.com\/OficialFrenaaa\/status\/1593219554078953472?ref_src=twsrc%5Etfw\">November 17, 2022<\/a><\/blockquote><script async src=\"https:\/\/platform.twitter.com\/widgets.js\" charset=\"utf-8\"><\/script>\n<\/div><\/figure>\n\n\n\n<p>&#8220;L\u00f3pez se empanic\u00f3, L\u00f3pez se asust\u00f3 (&#8230;) Y siendo su asesor esta ma\u00f1ana Francisco Arias C\u00e1rdenas, embajador de Venezuela en M\u00e9xico, le propone hacer exactamente lo que hac\u00eda Hugo Ch\u00e1vez (&#8230;) ponles una marcha, enfr\u00e9ntales una marcha&#8221;, declar\u00f3 Lozano al agregar que &#8220;AMLO s\u00ed se toca&#8221;.<\/p>\n\n\n\n<p><strong>&#8220;La prioridad n\u00famero uno es cuidar tu integridad, que no te asuste L\u00f3pez<\/strong>. Si te asusta L\u00f3pez para este 27 de noviembre, ya se freg\u00f3 el pa\u00eds, se acab\u00f3 M\u00e9xico, eso es lo que est\u00e1 aprobando, igual que lo hac\u00eda Hugo Ch\u00e1vez; miedo, meterte miedo&#8221;, dijo.<\/p>\n\n\n\n<p>Con insultos, Gilberto Lozano tambi\u00e9n respondi\u00f3 al diputado Jorge Triana, de Acci\u00f3n Nacional, por creer que FRENA est\u00e1 con L\u00f3pez Obrador.<\/p>\n\n\n\n<p>Gilberto Lozano mostr\u00f3 documentos de c\u00f3mo autoridades de la Ciudad de M\u00e9xico solicitaron brindar &#8220;las facilidades necesarias en la reuni\u00f3n p\u00fablica pac\u00edfica&#8221; de FRENA, que ya estaba programada para el 27 de noviembre, de 11:00 a 15:00 horas, del \u00c1ngel de la Independencia al Z\u00f3calo.<\/p>\n\n\n\n<p>&#8220;As\u00ed que no se pueden hacer idiotas (&#8230;) y por eso vamos con todo&#8221;, expres\u00f3 Lozano.<\/p>\n\n\n\n<p>Con informaci\u00f3n de SUN <\/p>\n","protected":false},"excerpt":{"rendered":"<p>Por Redacci\u00f3n QP El l\u00edder de FRENA se\u00f1ala\u00a0que &#8220;despu\u00e9s de ver el despertar del pueblo&#8230;<\/p>\n","protected":false},"author":2,"featured_media":97239,"comment_status":"open","ping_status":"open","sticky":false,"template":"","format":"standard","meta":{"_monsterinsights_skip_tracking":false,"_monsterinsights_sitenote_active":false,"_monsterinsights_sitenote_note":"","_monsterinsights_sitenote_category":0,"footnotes":""},"categories":[2],"tags":[],"class_list":["post-97238","post","type-post","status-publish","format-standard","has-post-thumbnail","hentry","category-noticias"],"yoast_head":"<!-- This site is optimized with the Yoast SEO plugin v27.3 - https:\/\/yoast.com\/product\/yoast-seo-wordpress\/ -->\n<title>Gilberto Lozano, l\u00edder de FRENA, reacciona a marcha de L\u00f3pez Obrador -<\/title>\n<meta name=\"robots\" content=\"index, follow, max-snippet:-1, max-image-preview:large, max-video-preview:-1\" \/>\n<link rel=\"canonical\" href=\"https:\/\/quehacerpolitico.mx\/?p=97238\" \/>\n<meta property=\"og:locale\" content=\"es_MX\" \/>\n<meta property=\"og:type\" content=\"article\" \/>\n<meta property=\"og:title\" content=\"Gilberto Lozano, l\u00edder de FRENA, reacciona a marcha de L\u00f3pez Obrador -\" \/>\n<meta property=\"og:description\" content=\"Por Redacci\u00f3n QP El l\u00edder de FRENA se\u00f1ala\u00a0que &#8220;despu\u00e9s de ver el despertar del pueblo...\" \/>\n<meta property=\"og:url\" content=\"https:\/\/quehacerpolitico.mx\/?p=97238\" \/>\n<meta property=\"article:published_time\" content=\"2022-11-17T15:38:49+00:00\" \/>\n<meta property=\"article:modified_time\" content=\"2022-11-17T15:38:52+00:00\" \/>\n<meta property=\"og:image\" content=\"https:\/\/quehacerpolitico.mx\/wp-content\/uploads\/2022\/11\/C504FDDC-1DBB-4914-B15A-79F99E863E62.jpeg\" \/>\n\t<meta property=\"og:image:width\" content=\"739\" \/>\n\t<meta property=\"og:image:height\" content=\"415\" \/>\n\t<meta property=\"og:image:type\" content=\"image\/jpeg\" \/>\n<meta name=\"author\" content=\"Redacci\u00f3n QP\" \/>\n<meta name=\"twitter:card\" content=\"summary_large_image\" \/>\n<meta name=\"twitter:label1\" content=\"Escrito por\" \/>\n\t<meta name=\"twitter:data1\" content=\"Redacci\u00f3n QP\" \/>\n\t<meta name=\"twitter:label2\" content=\"Tiempo de lectura\" \/>\n\t<meta name=\"twitter:data2\" content=\"2 minutos\" \/>\n<script type=\"application\/ld+json\" class=\"yoast-schema-graph\">{\"@context\":\"https:\\\/\\\/schema.org\",\"@graph\":[{\"@type\":\"Article\",\"@id\":\"https:\\\/\\\/quehacerpolitico.mx\\\/?p=97238#article\",\"isPartOf\":{\"@id\":\"https:\\\/\\\/quehacerpolitico.mx\\\/?p=97238\"},\"author\":{\"name\":\"Redacci\u00f3n QP\",\"@id\":\"https:\\\/\\\/quehacerpolitico.mx\\\/#\\\/schema\\\/person\\\/496d8ad2d1d3f8036101dca7ee39e585\"},\"headline\":\"Gilberto Lozano, l\u00edder de FRENA, reacciona a marcha de L\u00f3pez Obrador\",\"datePublished\":\"2022-11-17T15:38:49+00:00\",\"dateModified\":\"2022-11-17T15:38:52+00:00\",\"mainEntityOfPage\":{\"@id\":\"https:\\\/\\\/quehacerpolitico.mx\\\/?p=97238\"},\"wordCount\":407,\"commentCount\":0,\"image\":{\"@id\":\"https:\\\/\\\/quehacerpolitico.mx\\\/?p=97238#primaryimage\"},\"thumbnailUrl\":\"https:\\\/\\\/quehacerpolitico.mx\\\/wp-content\\\/uploads\\\/2022\\\/11\\\/C504FDDC-1DBB-4914-B15A-79F99E863E62.jpeg\",\"articleSection\":[\"Noticias\"],\"inLanguage\":\"es\",\"potentialAction\":[{\"@type\":\"CommentAction\",\"name\":\"Comment\",\"target\":[\"https:\\\/\\\/quehacerpolitico.mx\\\/?p=97238#respond\"]}]},{\"@type\":\"WebPage\",\"@id\":\"https:\\\/\\\/quehacerpolitico.mx\\\/?p=97238\",\"url\":\"https:\\\/\\\/quehacerpolitico.mx\\\/?p=97238\",\"name\":\"Gilberto Lozano, l\u00edder de FRENA, reacciona a marcha de L\u00f3pez Obrador -\",\"isPartOf\":{\"@id\":\"https:\\\/\\\/quehacerpolitico.mx\\\/#website\"},\"primaryImageOfPage\":{\"@id\":\"https:\\\/\\\/quehacerpolitico.mx\\\/?p=97238#primaryimage\"},\"image\":{\"@id\":\"https:\\\/\\\/quehacerpolitico.mx\\\/?p=97238#primaryimage\"},\"thumbnailUrl\":\"https:\\\/\\\/quehacerpolitico.mx\\\/wp-content\\\/uploads\\\/2022\\\/11\\\/C504FDDC-1DBB-4914-B15A-79F99E863E62.jpeg\",\"datePublished\":\"2022-11-17T15:38:49+00:00\",\"dateModified\":\"2022-11-17T15:38:52+00:00\",\"author\":{\"@id\":\"https:\\\/\\\/quehacerpolitico.mx\\\/#\\\/schema\\\/person\\\/496d8ad2d1d3f8036101dca7ee39e585\"},\"breadcrumb\":{\"@id\":\"https:\\\/\\\/quehacerpolitico.mx\\\/?p=97238#breadcrumb\"},\"inLanguage\":\"es\",\"potentialAction\":[{\"@type\":\"ReadAction\",\"target\":[\"https:\\\/\\\/quehacerpolitico.mx\\\/?p=97238\"]}]},{\"@type\":\"ImageObject\",\"inLanguage\":\"es\",\"@id\":\"https:\\\/\\\/quehacerpolitico.mx\\\/?p=97238#primaryimage\",\"url\":\"https:\\\/\\\/quehacerpolitico.mx\\\/wp-content\\\/uploads\\\/2022\\\/11\\\/C504FDDC-1DBB-4914-B15A-79F99E863E62.jpeg\",\"contentUrl\":\"https:\\\/\\\/quehacerpolitico.mx\\\/wp-content\\\/uploads\\\/2022\\\/11\\\/C504FDDC-1DBB-4914-B15A-79F99E863E62.jpeg\",\"width\":739,\"height\":415},{\"@type\":\"BreadcrumbList\",\"@id\":\"https:\\\/\\\/quehacerpolitico.mx\\\/?p=97238#breadcrumb\",\"itemListElement\":[{\"@type\":\"ListItem\",\"position\":1,\"name\":\"Inicio\",\"item\":\"https:\\\/\\\/quehacerpolitico.mx\\\/\"},{\"@type\":\"ListItem\",\"position\":2,\"name\":\"Gilberto Lozano, l\u00edder de FRENA, reacciona a marcha de L\u00f3pez Obrador\"}]},{\"@type\":\"WebSite\",\"@id\":\"https:\\\/\\\/quehacerpolitico.mx\\\/#website\",\"url\":\"https:\\\/\\\/quehacerpolitico.mx\\\/\",\"name\":\"\",\"description\":\"\",\"potentialAction\":[{\"@type\":\"SearchAction\",\"target\":{\"@type\":\"EntryPoint\",\"urlTemplate\":\"https:\\\/\\\/quehacerpolitico.mx\\\/?s={search_term_string}\"},\"query-input\":{\"@type\":\"PropertyValueSpecification\",\"valueRequired\":true,\"valueName\":\"search_term_string\"}}],\"inLanguage\":\"es\"},{\"@type\":\"Person\",\"@id\":\"https:\\\/\\\/quehacerpolitico.mx\\\/#\\\/schema\\\/person\\\/496d8ad2d1d3f8036101dca7ee39e585\",\"name\":\"Redacci\u00f3n QP\",\"image\":{\"@type\":\"ImageObject\",\"inLanguage\":\"es\",\"@id\":\"https:\\\/\\\/secure.gravatar.com\\\/avatar\\\/c7164ed6fdec453195284ad24a5ae5b6e1eed2b848477fa2a4787ba9adf39a41?s=96&d=mm&r=g\",\"url\":\"https:\\\/\\\/secure.gravatar.com\\\/avatar\\\/c7164ed6fdec453195284ad24a5ae5b6e1eed2b848477fa2a4787ba9adf39a41?s=96&d=mm&r=g\",\"contentUrl\":\"https:\\\/\\\/secure.gravatar.com\\\/avatar\\\/c7164ed6fdec453195284ad24a5ae5b6e1eed2b848477fa2a4787ba9adf39a41?s=96&d=mm&r=g\",\"caption\":\"Redacci\u00f3n QP\"},\"url\":\"https:\\\/\\\/quehacerpolitico.mx\\\/?author=2\"}]}<\/script>\n<!-- \/ Yoast SEO plugin. -->","yoast_head_json":{"title":"Gilberto Lozano, l\u00edder de FRENA, reacciona a marcha de L\u00f3pez Obrador -","robots":{"index":"index","follow":"follow","max-snippet":"max-snippet:-1","max-image-preview":"max-image-preview:large","max-video-preview":"max-video-preview:-1"},"canonical":"https:\/\/quehacerpolitico.mx\/?p=97238","og_locale":"es_MX","og_type":"article","og_title":"Gilberto Lozano, l\u00edder de FRENA, reacciona a marcha de L\u00f3pez Obrador -","og_description":"Por Redacci\u00f3n QP El l\u00edder de FRENA se\u00f1ala\u00a0que &#8220;despu\u00e9s de ver el despertar del pueblo...","og_url":"https:\/\/quehacerpolitico.mx\/?p=97238","article_published_time":"2022-11-17T15:38:49+00:00","article_modified_time":"2022-11-17T15:38:52+00:00","og_image":[{"width":739,"height":415,"url":"https:\/\/quehacerpolitico.mx\/wp-content\/uploads\/2022\/11\/C504FDDC-1DBB-4914-B15A-79F99E863E62.jpeg","type":"image\/jpeg"}],"author":"Redacci\u00f3n QP","twitter_card":"summary_large_image","twitter_misc":{"Escrito por":"Redacci\u00f3n QP","Tiempo de lectura":"2 minutos"},"schema":{"@context":"https:\/\/schema.org","@graph":[{"@type":"Article","@id":"https:\/\/quehacerpolitico.mx\/?p=97238#article","isPartOf":{"@id":"https:\/\/quehacerpolitico.mx\/?p=97238"},"author":{"name":"Redacci\u00f3n QP","@id":"https:\/\/quehacerpolitico.mx\/#\/schema\/person\/496d8ad2d1d3f8036101dca7ee39e585"},"headline":"Gilberto Lozano, l\u00edder de FRENA, reacciona a marcha de L\u00f3pez Obrador","datePublished":"2022-11-17T15:38:49+00:00","dateModified":"2022-11-17T15:38:52+00:00","mainEntityOfPage":{"@id":"https:\/\/quehacerpolitico.mx\/?p=97238"},"wordCount":407,"commentCount":0,"image":{"@id":"https:\/\/quehacerpolitico.mx\/?p=97238#primaryimage"},"thumbnailUrl":"https:\/\/quehacerpolitico.mx\/wp-content\/uploads\/2022\/11\/C504FDDC-1DBB-4914-B15A-79F99E863E62.jpeg","articleSection":["Noticias"],"inLanguage":"es","potentialAction":[{"@type":"CommentAction","name":"Comment","target":["https:\/\/quehacerpolitico.mx\/?p=97238#respond"]}]},{"@type":"WebPage","@id":"https:\/\/quehacerpolitico.mx\/?p=97238","url":"https:\/\/quehacerpolitico.mx\/?p=97238","name":"Gilberto Lozano, l\u00edder de FRENA, reacciona a marcha de L\u00f3pez Obrador -","isPartOf":{"@id":"https:\/\/quehacerpolitico.mx\/#website"},"primaryImageOfPage":{"@id":"https:\/\/quehacerpolitico.mx\/?p=97238#primaryimage"},"image":{"@id":"https:\/\/quehacerpolitico.mx\/?p=97238#primaryimage"},"thumbnailUrl":"https:\/\/quehacerpolitico.mx\/wp-content\/uploads\/2022\/11\/C504FDDC-1DBB-4914-B15A-79F99E863E62.jpeg","datePublished":"2022-11-17T15:38:49+00:00","dateModified":"2022-11-17T15:38:52+00:00","author":{"@id":"https:\/\/quehacerpolitico.mx\/#\/schema\/person\/496d8ad2d1d3f8036101dca7ee39e585"},"breadcrumb":{"@id":"https:\/\/quehacerpolitico.mx\/?p=97238#breadcrumb"},"inLanguage":"es","potentialAction":[{"@type":"ReadAction","target":["https:\/\/quehacerpolitico.mx\/?p=97238"]}]},{"@type":"ImageObject","inLanguage":"es","@id":"https:\/\/quehacerpolitico.mx\/?p=97238#primaryimage","url":"https:\/\/quehacerpolitico.mx\/wp-content\/uploads\/2022\/11\/C504FDDC-1DBB-4914-B15A-79F99E863E62.jpeg","contentUrl":"https:\/\/quehacerpolitico.mx\/wp-content\/uploads\/2022\/11\/C504FDDC-1DBB-4914-B15A-79F99E863E62.jpeg","width":739,"height":415},{"@type":"BreadcrumbList","@id":"https:\/\/quehacerpolitico.mx\/?p=97238#breadcrumb","itemListElement":[{"@type":"ListItem","position":1,"name":"Inicio","item":"https:\/\/quehacerpolitico.mx\/"},{"@type":"ListItem","position":2,"name":"Gilberto Lozano, l\u00edder de FRENA, reacciona a marcha de L\u00f3pez Obrador"}]},{"@type":"WebSite","@id":"https:\/\/quehacerpolitico.mx\/#website","url":"https:\/\/quehacerpolitico.mx\/","name":"","description":"","potentialAction":[{"@type":"SearchAction","target":{"@type":"EntryPoint","urlTemplate":"https:\/\/quehacerpolitico.mx\/?s={search_term_string}"},"query-input":{"@type":"PropertyValueSpecification","valueRequired":true,"valueName":"search_term_string"}}],"inLanguage":"es"},{"@type":"Person","@id":"https:\/\/quehacerpolitico.mx\/#\/schema\/person\/496d8ad2d1d3f8036101dca7ee39e585","name":"Redacci\u00f3n QP","image":{"@type":"ImageObject","inLanguage":"es","@id":"https:\/\/secure.gravatar.com\/avatar\/c7164ed6fdec453195284ad24a5ae5b6e1eed2b848477fa2a4787ba9adf39a41?s=96&d=mm&r=g","url":"https:\/\/secure.gravatar.com\/avatar\/c7164ed6fdec453195284ad24a5ae5b6e1eed2b848477fa2a4787ba9adf39a41?s=96&d=mm&r=g","contentUrl":"https:\/\/secure.gravatar.com\/avatar\/c7164ed6fdec453195284ad24a5ae5b6e1eed2b848477fa2a4787ba9adf39a41?s=96&d=mm&r=g","caption":"Redacci\u00f3n QP"},"url":"https:\/\/quehacerpolitico.mx\/?author=2"}]}},"featured_image_urls":{"full":["https:\/\/quehacerpolitico.mx\/wp-content\/uploads\/2022\/11\/C504FDDC-1DBB-4914-B15A-79F99E863E62.jpeg",739,415,false],"thumbnail":["https:\/\/quehacerpolitico.mx\/wp-content\/uploads\/2022\/11\/C504FDDC-1DBB-4914-B15A-79F99E863E62-150x150.jpeg",150,150,true],"medium":["https:\/\/quehacerpolitico.mx\/wp-content\/uploads\/2022\/11\/C504FDDC-1DBB-4914-B15A-79F99E863E62-300x168.jpeg",300,168,true],"medium_large":["https:\/\/quehacerpolitico.mx\/wp-content\/uploads\/2022\/11\/C504FDDC-1DBB-4914-B15A-79F99E863E62.jpeg",640,359,false],"large":["https:\/\/quehacerpolitico.mx\/wp-content\/uploads\/2022\/11\/C504FDDC-1DBB-4914-B15A-79F99E863E62.jpeg",640,359,false],"1536x1536":["https:\/\/quehacerpolitico.mx\/wp-content\/uploads\/2022\/11\/C504FDDC-1DBB-4914-B15A-79F99E863E62.jpeg",739,415,false],"2048x2048":["https:\/\/quehacerpolitico.mx\/wp-content\/uploads\/2022\/11\/C504FDDC-1DBB-4914-B15A-79F99E863E62.jpeg",739,415,false],"covernews-featured":["https:\/\/quehacerpolitico.mx\/wp-content\/uploads\/2022\/11\/C504FDDC-1DBB-4914-B15A-79F99E863E62.jpeg",739,415,false],"covernews-medium":["https:\/\/quehacerpolitico.mx\/wp-content\/uploads\/2022\/11\/C504FDDC-1DBB-4914-B15A-79F99E863E62.jpeg",540,303,false]},"author_info":{"display_name":"Redacci\u00f3n QP","author_link":"https:\/\/quehacerpolitico.mx\/?author=2"},"category_info":"<a href=\"https:\/\/quehacerpolitico.mx\/?cat=2\" rel=\"category\">Noticias<\/a>","tag_info":"Noticias","comment_count":"0","_links":{"self":[{"href":"https:\/\/quehacerpolitico.mx\/index.php?rest_route=\/wp\/v2\/posts\/97238","targetHints":{"allow":["GET"]}}],"collection":[{"href":"https:\/\/quehacerpolitico.mx\/index.php?rest_route=\/wp\/v2\/posts"}],"about":[{"href":"https:\/\/quehacerpolitico.mx\/index.php?rest_route=\/wp\/v2\/types\/post"}],"author":[{"embeddable":true,"href":"https:\/\/quehacerpolitico.mx\/index.php?rest_route=\/wp\/v2\/users\/2"}],"replies":[{"embeddable":true,"href":"https:\/\/quehacerpolitico.mx\/index.php?rest_route=%2Fwp%2Fv2%2Fcomments&post=97238"}],"version-history":[{"count":1,"href":"https:\/\/quehacerpolitico.mx\/index.php?rest_route=\/wp\/v2\/posts\/97238\/revisions"}],"predecessor-version":[{"id":97240,"href":"https:\/\/quehacerpolitico.mx\/index.php?rest_route=\/wp\/v2\/posts\/97238\/revisions\/97240"}],"wp:featuredmedia":[{"embeddable":true,"href":"https:\/\/quehacerpolitico.mx\/index.php?rest_route=\/wp\/v2\/media\/97239"}],"wp:attachment":[{"href":"https:\/\/quehacerpolitico.mx\/index.php?rest_route=%2Fwp%2Fv2%2Fmedia&parent=97238"}],"wp:term":[{"taxonomy":"category","embeddable":true,"href":"https:\/\/quehacerpolitico.mx\/index.php?rest_route=%2Fwp%2Fv2%2Fcategories&post=97238"},{"taxonomy":"post_tag","embeddable":true,"href":"https:\/\/quehacerpolitico.mx\/index.php?rest_route=%2Fwp%2Fv2%2Ftags&post=97238"}],"curies":[{"name":"wp","href":"https:\/\/api.w.org\/{rel}","templated":true}]}}