{"id":97223,"date":"2022-11-16T19:31:54","date_gmt":"2022-11-16T19:31:54","guid":{"rendered":"https:\/\/quehacerpolitico.mx\/?p=97223"},"modified":"2022-11-16T19:31:57","modified_gmt":"2022-11-16T19:31:57","slug":"checo-perez-promete-luchar-por-el-campeonato-de-pilotos-en-2023","status":"publish","type":"post","link":"https:\/\/quehacerpolitico.mx\/?p=97223","title":{"rendered":"Checo P\u00e9rez promete luchar por el campeonato de pilotos en 2023"},"content":{"rendered":"\n<p>Por Redacci\u00f3n QP<\/p>\n\n\n\n<p>Sergio P\u00e9rez asegur\u00f3 que si se dan las condiciones como al inicio de la temporada estar\u00e1 luchando por el t\u00edtulo en el 2023.<\/p>\n\n\n\n<p>Checo P\u00e9rez tiene en mente quedarse con el subcampeonato de pilotos este domingo en Abu Dabi, pero desde ya se fija la meta en ser el campe\u00f3n para la campa\u00f1a del 2023 en la F\u00f3rmula 1. El piloto tapat\u00edo confes\u00f3 que al inicio de esta temporada arranc\u00f3 de gran manera y se vio reflejado con buenos resultados, sin embargo, varias malas competiciones lo alejaron de la lucha con su compa\u00f1ero de equipo Max Verstappen de pelear por el primer pelda\u00f1o. &#8220;Tenemos que trabajar en eso con el equipo. Tengo que hacer que la forma que tuve a principios de a\u00f1o sea m\u00e1s consistente y entonces podr\u00e9 luchar por el campeonato el a\u00f1o que viene si tenemos un coche tan bueno como este. Necesito terminar la temporada con un buen resultado para empezar la siguiente con fuerza&#8221;, coment\u00f3 para Motorsportweek. &#8220;Al principio de la temporada ten\u00eda posibilidades de ganar el campeonato, pero despu\u00e9s de un par de malas carreras mis posibilidades desaparecieron&#8221;, \u00a1Feliz de estar en mi Pa\u00eds! \u00a1Qu\u00e9 orgullo ser parte de este equipo!@redbullracing<\/p>\n\n\n\n<p>Checo P\u00e9rez admite estar en su mejor momento A pesar de haber quedado s\u00e9ptimo en el \u00faltimo Gran Premio que se llev\u00f3 a cabo en Brasil, Sergio P\u00e9rez asegur\u00f3 que se encuentra en el mejor momento de su etapa como profesional y a\u00f1adi\u00f3 que est\u00e1 preparado para todos los retos que se le avecinen en el futuro. &#8220;Como pilotos de F\u00f3rmula 1, estamos trabajando constantemente en nuevos retos, pero siento que estoy en mi mejor momento en este momento&#8221;, agreg\u00f3. P\u00e9rez est\u00e1 empatado en puntos con un total de 290 con el monegasco Charles Leclerc en el segundo lugar de la clasificaci\u00f3n de pilotos y todo se definir\u00e1 este domingo en la carrera principal en Abu Dabi.<\/p>\n\n\n\n<figure class=\"wp-block-embed is-type-rich is-provider-twitter wp-block-embed-twitter\"><div class=\"wp-block-embed__wrapper\">\n<blockquote class=\"twitter-tweet\" data-width=\"550\" data-dnt=\"true\"><p lang=\"es\" dir=\"ltr\">Que d\u00eda el de ayer\u2026 <br>Un podium seguro a falta de ritmo se nos complic\u00f3 todo con el SC. <br>Ahora a enfocarnos en Abudhabi \ud83d\udcaa<br>Con Max y el equipo todo se habl\u00f3 ayer y se mantendr\u00e1 internamente, esto qued\u00f3 atr\u00e1s y seguiremos trabajando como el gran equipo que hemos sido hasta ahora. <a href=\"https:\/\/t.co\/pewAGR2JVy\">pic.twitter.com\/pewAGR2JVy<\/a><\/p>&mdash; Sergio P\u00e9rez (@SChecoPerez) <a href=\"https:\/\/twitter.com\/SChecoPerez\/status\/1592255922474483712?ref_src=twsrc%5Etfw\">November 14, 2022<\/a><\/blockquote><script async src=\"https:\/\/platform.twitter.com\/widgets.js\" charset=\"utf-8\"><\/script>\n<\/div><\/figure>\n\n\n\n<p>Con informaci\u00f3n de Medio Tiempo <\/p>\n","protected":false},"excerpt":{"rendered":"<p>Por Redacci\u00f3n QP Sergio P\u00e9rez asegur\u00f3 que si se dan las condiciones como al inicio&#8230;<\/p>\n","protected":false},"author":2,"featured_media":97224,"comment_status":"open","ping_status":"open","sticky":false,"template":"","format":"standard","meta":{"_monsterinsights_skip_tracking":false,"_monsterinsights_sitenote_active":false,"_monsterinsights_sitenote_note":"","_monsterinsights_sitenote_category":0,"footnotes":""},"categories":[54],"tags":[],"class_list":["post-97223","post","type-post","status-publish","format-standard","has-post-thumbnail","hentry","category-deportes"],"yoast_head":"<!-- This site is optimized with the Yoast SEO plugin v27.3 - https:\/\/yoast.com\/product\/yoast-seo-wordpress\/ -->\n<title>Checo P\u00e9rez promete luchar por el campeonato de pilotos en 2023 -<\/title>\n<meta name=\"robots\" content=\"index, follow, max-snippet:-1, max-image-preview:large, max-video-preview:-1\" \/>\n<link rel=\"canonical\" href=\"https:\/\/quehacerpolitico.mx\/?p=97223\" \/>\n<meta property=\"og:locale\" content=\"es_MX\" \/>\n<meta property=\"og:type\" content=\"article\" \/>\n<meta property=\"og:title\" content=\"Checo P\u00e9rez promete luchar por el campeonato de pilotos en 2023 -\" \/>\n<meta property=\"og:description\" content=\"Por Redacci\u00f3n QP Sergio P\u00e9rez asegur\u00f3 que si se dan las condiciones como al inicio...\" \/>\n<meta property=\"og:url\" content=\"https:\/\/quehacerpolitico.mx\/?p=97223\" \/>\n<meta property=\"article:published_time\" content=\"2022-11-16T19:31:54+00:00\" \/>\n<meta property=\"article:modified_time\" content=\"2022-11-16T19:31:57+00:00\" \/>\n<meta property=\"og:image\" content=\"https:\/\/quehacerpolitico.mx\/wp-content\/uploads\/2022\/11\/F556FB96-83A3-4DF6-BFA5-5579ECD6C62B.jpeg\" \/>\n\t<meta property=\"og:image:width\" content=\"1763\" \/>\n\t<meta property=\"og:image:height\" content=\"1175\" \/>\n\t<meta property=\"og:image:type\" content=\"image\/jpeg\" \/>\n<meta name=\"author\" content=\"Redacci\u00f3n QP\" \/>\n<meta name=\"twitter:card\" content=\"summary_large_image\" \/>\n<meta name=\"twitter:label1\" content=\"Escrito por\" \/>\n\t<meta name=\"twitter:data1\" content=\"Redacci\u00f3n QP\" \/>\n\t<meta name=\"twitter:label2\" content=\"Tiempo de lectura\" \/>\n\t<meta name=\"twitter:data2\" content=\"2 minutos\" \/>\n<script type=\"application\/ld+json\" class=\"yoast-schema-graph\">{\"@context\":\"https:\\\/\\\/schema.org\",\"@graph\":[{\"@type\":\"Article\",\"@id\":\"https:\\\/\\\/quehacerpolitico.mx\\\/?p=97223#article\",\"isPartOf\":{\"@id\":\"https:\\\/\\\/quehacerpolitico.mx\\\/?p=97223\"},\"author\":{\"name\":\"Redacci\u00f3n QP\",\"@id\":\"https:\\\/\\\/quehacerpolitico.mx\\\/#\\\/schema\\\/person\\\/496d8ad2d1d3f8036101dca7ee39e585\"},\"headline\":\"Checo P\u00e9rez promete luchar por el campeonato de pilotos en 2023\",\"datePublished\":\"2022-11-16T19:31:54+00:00\",\"dateModified\":\"2022-11-16T19:31:57+00:00\",\"mainEntityOfPage\":{\"@id\":\"https:\\\/\\\/quehacerpolitico.mx\\\/?p=97223\"},\"wordCount\":365,\"commentCount\":0,\"image\":{\"@id\":\"https:\\\/\\\/quehacerpolitico.mx\\\/?p=97223#primaryimage\"},\"thumbnailUrl\":\"https:\\\/\\\/quehacerpolitico.mx\\\/wp-content\\\/uploads\\\/2022\\\/11\\\/F556FB96-83A3-4DF6-BFA5-5579ECD6C62B.jpeg\",\"articleSection\":[\"Deportes\"],\"inLanguage\":\"es\",\"potentialAction\":[{\"@type\":\"CommentAction\",\"name\":\"Comment\",\"target\":[\"https:\\\/\\\/quehacerpolitico.mx\\\/?p=97223#respond\"]}]},{\"@type\":\"WebPage\",\"@id\":\"https:\\\/\\\/quehacerpolitico.mx\\\/?p=97223\",\"url\":\"https:\\\/\\\/quehacerpolitico.mx\\\/?p=97223\",\"name\":\"Checo P\u00e9rez promete luchar por el campeonato de pilotos en 2023 -\",\"isPartOf\":{\"@id\":\"https:\\\/\\\/quehacerpolitico.mx\\\/#website\"},\"primaryImageOfPage\":{\"@id\":\"https:\\\/\\\/quehacerpolitico.mx\\\/?p=97223#primaryimage\"},\"image\":{\"@id\":\"https:\\\/\\\/quehacerpolitico.mx\\\/?p=97223#primaryimage\"},\"thumbnailUrl\":\"https:\\\/\\\/quehacerpolitico.mx\\\/wp-content\\\/uploads\\\/2022\\\/11\\\/F556FB96-83A3-4DF6-BFA5-5579ECD6C62B.jpeg\",\"datePublished\":\"2022-11-16T19:31:54+00:00\",\"dateModified\":\"2022-11-16T19:31:57+00:00\",\"author\":{\"@id\":\"https:\\\/\\\/quehacerpolitico.mx\\\/#\\\/schema\\\/person\\\/496d8ad2d1d3f8036101dca7ee39e585\"},\"breadcrumb\":{\"@id\":\"https:\\\/\\\/quehacerpolitico.mx\\\/?p=97223#breadcrumb\"},\"inLanguage\":\"es\",\"potentialAction\":[{\"@type\":\"ReadAction\",\"target\":[\"https:\\\/\\\/quehacerpolitico.mx\\\/?p=97223\"]}]},{\"@type\":\"ImageObject\",\"inLanguage\":\"es\",\"@id\":\"https:\\\/\\\/quehacerpolitico.mx\\\/?p=97223#primaryimage\",\"url\":\"https:\\\/\\\/quehacerpolitico.mx\\\/wp-content\\\/uploads\\\/2022\\\/11\\\/F556FB96-83A3-4DF6-BFA5-5579ECD6C62B.jpeg\",\"contentUrl\":\"https:\\\/\\\/quehacerpolitico.mx\\\/wp-content\\\/uploads\\\/2022\\\/11\\\/F556FB96-83A3-4DF6-BFA5-5579ECD6C62B.jpeg\",\"width\":1763,\"height\":1175},{\"@type\":\"BreadcrumbList\",\"@id\":\"https:\\\/\\\/quehacerpolitico.mx\\\/?p=97223#breadcrumb\",\"itemListElement\":[{\"@type\":\"ListItem\",\"position\":1,\"name\":\"Inicio\",\"item\":\"https:\\\/\\\/quehacerpolitico.mx\\\/\"},{\"@type\":\"ListItem\",\"position\":2,\"name\":\"Checo P\u00e9rez promete luchar por el campeonato de pilotos en 2023\"}]},{\"@type\":\"WebSite\",\"@id\":\"https:\\\/\\\/quehacerpolitico.mx\\\/#website\",\"url\":\"https:\\\/\\\/quehacerpolitico.mx\\\/\",\"name\":\"\",\"description\":\"\",\"potentialAction\":[{\"@type\":\"SearchAction\",\"target\":{\"@type\":\"EntryPoint\",\"urlTemplate\":\"https:\\\/\\\/quehacerpolitico.mx\\\/?s={search_term_string}\"},\"query-input\":{\"@type\":\"PropertyValueSpecification\",\"valueRequired\":true,\"valueName\":\"search_term_string\"}}],\"inLanguage\":\"es\"},{\"@type\":\"Person\",\"@id\":\"https:\\\/\\\/quehacerpolitico.mx\\\/#\\\/schema\\\/person\\\/496d8ad2d1d3f8036101dca7ee39e585\",\"name\":\"Redacci\u00f3n QP\",\"image\":{\"@type\":\"ImageObject\",\"inLanguage\":\"es\",\"@id\":\"https:\\\/\\\/secure.gravatar.com\\\/avatar\\\/c7164ed6fdec453195284ad24a5ae5b6e1eed2b848477fa2a4787ba9adf39a41?s=96&d=mm&r=g\",\"url\":\"https:\\\/\\\/secure.gravatar.com\\\/avatar\\\/c7164ed6fdec453195284ad24a5ae5b6e1eed2b848477fa2a4787ba9adf39a41?s=96&d=mm&r=g\",\"contentUrl\":\"https:\\\/\\\/secure.gravatar.com\\\/avatar\\\/c7164ed6fdec453195284ad24a5ae5b6e1eed2b848477fa2a4787ba9adf39a41?s=96&d=mm&r=g\",\"caption\":\"Redacci\u00f3n QP\"},\"url\":\"https:\\\/\\\/quehacerpolitico.mx\\\/?author=2\"}]}<\/script>\n<!-- \/ Yoast SEO plugin. -->","yoast_head_json":{"title":"Checo P\u00e9rez promete luchar por el campeonato de pilotos en 2023 -","robots":{"index":"index","follow":"follow","max-snippet":"max-snippet:-1","max-image-preview":"max-image-preview:large","max-video-preview":"max-video-preview:-1"},"canonical":"https:\/\/quehacerpolitico.mx\/?p=97223","og_locale":"es_MX","og_type":"article","og_title":"Checo P\u00e9rez promete luchar por el campeonato de pilotos en 2023 -","og_description":"Por Redacci\u00f3n QP Sergio P\u00e9rez asegur\u00f3 que si se dan las condiciones como al inicio...","og_url":"https:\/\/quehacerpolitico.mx\/?p=97223","article_published_time":"2022-11-16T19:31:54+00:00","article_modified_time":"2022-11-16T19:31:57+00:00","og_image":[{"width":1763,"height":1175,"url":"https:\/\/quehacerpolitico.mx\/wp-content\/uploads\/2022\/11\/F556FB96-83A3-4DF6-BFA5-5579ECD6C62B.jpeg","type":"image\/jpeg"}],"author":"Redacci\u00f3n QP","twitter_card":"summary_large_image","twitter_misc":{"Escrito por":"Redacci\u00f3n QP","Tiempo de lectura":"2 minutos"},"schema":{"@context":"https:\/\/schema.org","@graph":[{"@type":"Article","@id":"https:\/\/quehacerpolitico.mx\/?p=97223#article","isPartOf":{"@id":"https:\/\/quehacerpolitico.mx\/?p=97223"},"author":{"name":"Redacci\u00f3n QP","@id":"https:\/\/quehacerpolitico.mx\/#\/schema\/person\/496d8ad2d1d3f8036101dca7ee39e585"},"headline":"Checo P\u00e9rez promete luchar por el campeonato de pilotos en 2023","datePublished":"2022-11-16T19:31:54+00:00","dateModified":"2022-11-16T19:31:57+00:00","mainEntityOfPage":{"@id":"https:\/\/quehacerpolitico.mx\/?p=97223"},"wordCount":365,"commentCount":0,"image":{"@id":"https:\/\/quehacerpolitico.mx\/?p=97223#primaryimage"},"thumbnailUrl":"https:\/\/quehacerpolitico.mx\/wp-content\/uploads\/2022\/11\/F556FB96-83A3-4DF6-BFA5-5579ECD6C62B.jpeg","articleSection":["Deportes"],"inLanguage":"es","potentialAction":[{"@type":"CommentAction","name":"Comment","target":["https:\/\/quehacerpolitico.mx\/?p=97223#respond"]}]},{"@type":"WebPage","@id":"https:\/\/quehacerpolitico.mx\/?p=97223","url":"https:\/\/quehacerpolitico.mx\/?p=97223","name":"Checo P\u00e9rez promete luchar por el campeonato de pilotos en 2023 -","isPartOf":{"@id":"https:\/\/quehacerpolitico.mx\/#website"},"primaryImageOfPage":{"@id":"https:\/\/quehacerpolitico.mx\/?p=97223#primaryimage"},"image":{"@id":"https:\/\/quehacerpolitico.mx\/?p=97223#primaryimage"},"thumbnailUrl":"https:\/\/quehacerpolitico.mx\/wp-content\/uploads\/2022\/11\/F556FB96-83A3-4DF6-BFA5-5579ECD6C62B.jpeg","datePublished":"2022-11-16T19:31:54+00:00","dateModified":"2022-11-16T19:31:57+00:00","author":{"@id":"https:\/\/quehacerpolitico.mx\/#\/schema\/person\/496d8ad2d1d3f8036101dca7ee39e585"},"breadcrumb":{"@id":"https:\/\/quehacerpolitico.mx\/?p=97223#breadcrumb"},"inLanguage":"es","potentialAction":[{"@type":"ReadAction","target":["https:\/\/quehacerpolitico.mx\/?p=97223"]}]},{"@type":"ImageObject","inLanguage":"es","@id":"https:\/\/quehacerpolitico.mx\/?p=97223#primaryimage","url":"https:\/\/quehacerpolitico.mx\/wp-content\/uploads\/2022\/11\/F556FB96-83A3-4DF6-BFA5-5579ECD6C62B.jpeg","contentUrl":"https:\/\/quehacerpolitico.mx\/wp-content\/uploads\/2022\/11\/F556FB96-83A3-4DF6-BFA5-5579ECD6C62B.jpeg","width":1763,"height":1175},{"@type":"BreadcrumbList","@id":"https:\/\/quehacerpolitico.mx\/?p=97223#breadcrumb","itemListElement":[{"@type":"ListItem","position":1,"name":"Inicio","item":"https:\/\/quehacerpolitico.mx\/"},{"@type":"ListItem","position":2,"name":"Checo P\u00e9rez promete luchar por el campeonato de pilotos en 2023"}]},{"@type":"WebSite","@id":"https:\/\/quehacerpolitico.mx\/#website","url":"https:\/\/quehacerpolitico.mx\/","name":"","description":"","potentialAction":[{"@type":"SearchAction","target":{"@type":"EntryPoint","urlTemplate":"https:\/\/quehacerpolitico.mx\/?s={search_term_string}"},"query-input":{"@type":"PropertyValueSpecification","valueRequired":true,"valueName":"search_term_string"}}],"inLanguage":"es"},{"@type":"Person","@id":"https:\/\/quehacerpolitico.mx\/#\/schema\/person\/496d8ad2d1d3f8036101dca7ee39e585","name":"Redacci\u00f3n QP","image":{"@type":"ImageObject","inLanguage":"es","@id":"https:\/\/secure.gravatar.com\/avatar\/c7164ed6fdec453195284ad24a5ae5b6e1eed2b848477fa2a4787ba9adf39a41?s=96&d=mm&r=g","url":"https:\/\/secure.gravatar.com\/avatar\/c7164ed6fdec453195284ad24a5ae5b6e1eed2b848477fa2a4787ba9adf39a41?s=96&d=mm&r=g","contentUrl":"https:\/\/secure.gravatar.com\/avatar\/c7164ed6fdec453195284ad24a5ae5b6e1eed2b848477fa2a4787ba9adf39a41?s=96&d=mm&r=g","caption":"Redacci\u00f3n QP"},"url":"https:\/\/quehacerpolitico.mx\/?author=2"}]}},"featured_image_urls":{"full":["https:\/\/quehacerpolitico.mx\/wp-content\/uploads\/2022\/11\/F556FB96-83A3-4DF6-BFA5-5579ECD6C62B.jpeg",1763,1175,false],"thumbnail":["https:\/\/quehacerpolitico.mx\/wp-content\/uploads\/2022\/11\/F556FB96-83A3-4DF6-BFA5-5579ECD6C62B-150x150.jpeg",150,150,true],"medium":["https:\/\/quehacerpolitico.mx\/wp-content\/uploads\/2022\/11\/F556FB96-83A3-4DF6-BFA5-5579ECD6C62B-300x200.jpeg",300,200,true],"medium_large":["https:\/\/quehacerpolitico.mx\/wp-content\/uploads\/2022\/11\/F556FB96-83A3-4DF6-BFA5-5579ECD6C62B-768x512.jpeg",640,427,true],"large":["https:\/\/quehacerpolitico.mx\/wp-content\/uploads\/2022\/11\/F556FB96-83A3-4DF6-BFA5-5579ECD6C62B-1024x682.jpeg",640,426,true],"1536x1536":["https:\/\/quehacerpolitico.mx\/wp-content\/uploads\/2022\/11\/F556FB96-83A3-4DF6-BFA5-5579ECD6C62B-1536x1024.jpeg",1536,1024,true],"2048x2048":["https:\/\/quehacerpolitico.mx\/wp-content\/uploads\/2022\/11\/F556FB96-83A3-4DF6-BFA5-5579ECD6C62B.jpeg",1763,1175,false],"covernews-featured":["https:\/\/quehacerpolitico.mx\/wp-content\/uploads\/2022\/11\/F556FB96-83A3-4DF6-BFA5-5579ECD6C62B.jpeg",1024,682,false],"covernews-medium":["https:\/\/quehacerpolitico.mx\/wp-content\/uploads\/2022\/11\/F556FB96-83A3-4DF6-BFA5-5579ECD6C62B.jpeg",510,340,false]},"author_info":{"display_name":"Redacci\u00f3n QP","author_link":"https:\/\/quehacerpolitico.mx\/?author=2"},"category_info":"<a href=\"https:\/\/quehacerpolitico.mx\/?cat=54\" rel=\"category\">Deportes<\/a>","tag_info":"Deportes","comment_count":"0","_links":{"self":[{"href":"https:\/\/quehacerpolitico.mx\/index.php?rest_route=\/wp\/v2\/posts\/97223","targetHints":{"allow":["GET"]}}],"collection":[{"href":"https:\/\/quehacerpolitico.mx\/index.php?rest_route=\/wp\/v2\/posts"}],"about":[{"href":"https:\/\/quehacerpolitico.mx\/index.php?rest_route=\/wp\/v2\/types\/post"}],"author":[{"embeddable":true,"href":"https:\/\/quehacerpolitico.mx\/index.php?rest_route=\/wp\/v2\/users\/2"}],"replies":[{"embeddable":true,"href":"https:\/\/quehacerpolitico.mx\/index.php?rest_route=%2Fwp%2Fv2%2Fcomments&post=97223"}],"version-history":[{"count":1,"href":"https:\/\/quehacerpolitico.mx\/index.php?rest_route=\/wp\/v2\/posts\/97223\/revisions"}],"predecessor-version":[{"id":97225,"href":"https:\/\/quehacerpolitico.mx\/index.php?rest_route=\/wp\/v2\/posts\/97223\/revisions\/97225"}],"wp:featuredmedia":[{"embeddable":true,"href":"https:\/\/quehacerpolitico.mx\/index.php?rest_route=\/wp\/v2\/media\/97224"}],"wp:attachment":[{"href":"https:\/\/quehacerpolitico.mx\/index.php?rest_route=%2Fwp%2Fv2%2Fmedia&parent=97223"}],"wp:term":[{"taxonomy":"category","embeddable":true,"href":"https:\/\/quehacerpolitico.mx\/index.php?rest_route=%2Fwp%2Fv2%2Fcategories&post=97223"},{"taxonomy":"post_tag","embeddable":true,"href":"https:\/\/quehacerpolitico.mx\/index.php?rest_route=%2Fwp%2Fv2%2Ftags&post=97223"}],"curies":[{"name":"wp","href":"https:\/\/api.w.org\/{rel}","templated":true}]}}