{"id":97220,"date":"2022-11-16T18:29:06","date_gmt":"2022-11-16T18:29:06","guid":{"rendered":"https:\/\/quehacerpolitico.mx\/?p=97220"},"modified":"2022-11-16T18:29:10","modified_gmt":"2022-11-16T18:29:10","slug":"internacionales-carolina-alonso-romei-incidente-con-misil-en-polonia-no-fue-un-ataque-ruso-otan","status":"publish","type":"post","link":"https:\/\/quehacerpolitico.mx\/?p=97220","title":{"rendered":"Internacionales\/\/\/Carolina Alonso Romei\/\/\/Incidente con misil en Polonia no fue un ataque ruso: OTAN"},"content":{"rendered":"\n<p>Por Carolina Alonso Romei<\/p>\n\n\n\n<p>Internacionalista <\/p>\n\n\n\n<p>Aunque el secretario general de la OTAN,\u00a0Jens Stoltenberg, rechaz\u00f3\u00a0que el ataque contra Polonia hubiera sido intencional, s\u00ed responsabiliz\u00f3 a Rusia de las consecuencias que ha tra\u00eddo la guerra contra Ucrania<\/p>\n\n\n\n<p>Polonia, miembro de la OTAN, y el jefe de la alianza militar externaron este mi\u00e9rcoles que un misil que cay\u00f3 en una zona rural polaca y dej\u00f3 como saldo dos personas muertas,<strong>\u00a0no fue un ataque intencional y que la defensa a\u00e9rea en la vecina Ucrania\u00a0<\/strong>probablemente fue la que lanz\u00f3 el proyectil, fabricado en la era sovi\u00e9tica, contra el bombardeo ruso de la red el\u00e9ctrica ucraniana.<\/p>\n\n\n\n<p>&#8220;Las defensas ucranianas estaban\u00a0<strong>lanzando sus misiles en varias direcciones<\/strong>\u00a0y es altamente probable que uno de esos cayese desafortunadamente en territorio polaco&#8221;, asegur\u00f3 el mandatario polaco Andrzej Duda. &#8220;No hay nada, absolutamente nada que sugiera que fue un ataque intencionado contra Polonia&#8221;.<\/p>\n\n\n\n<figure class=\"wp-block-embed is-type-video is-provider-youtube wp-block-embed-youtube wp-embed-aspect-16-9 wp-has-aspect-ratio\"><div class=\"wp-block-embed__wrapper\">\n<iframe loading=\"lazy\" title=\"Misiles rusos caen en Polonia y matan a dos personas; Pent\u00e1gono investiga\" width=\"640\" height=\"360\" src=\"https:\/\/www.youtube.com\/embed\/gr-yTCuCVBI?feature=oembed\" frameborder=\"0\" allow=\"accelerometer; autoplay; clipboard-write; encrypted-media; gyroscope; picture-in-picture; web-share\" referrerpolicy=\"strict-origin-when-cross-origin\" allowfullscreen><\/iframe>\n<\/div><\/figure>\n\n\n\n<p>En una junta de la OTAN, su secretario general,\u00a0<strong>Jens Stoltenberg, se mostr\u00f3 de acuerdo con la valoraci\u00f3n.<\/strong><\/p>\n\n\n\n<p>&#8220;Hay una investigaci\u00f3n en curso sobre este incidente y tenemos que esperar su resultado. Pero<strong>no tenemos indicios de que este sea el resultado de un ataque deliberado&#8221;,&nbsp;<\/strong>asegur\u00f3 a los medios de comunicaci\u00f3n.<\/p>\n\n\n\n<p>Asimismo, extendi\u00f3 sus condolencias por las vidas perdidas que dej\u00f3 el ataque:<\/p>\n\n\n\n<figure class=\"wp-block-embed is-type-rich is-provider-twitter wp-block-embed-twitter\"><div class=\"wp-block-embed__wrapper\">\n<blockquote class=\"twitter-tweet\" data-width=\"550\" data-dnt=\"true\"><p lang=\"en\" dir=\"ltr\">Spoke with President Duda <a href=\"https:\/\/twitter.com\/prezydentpl?ref_src=twsrc%5Etfw\">@prezydentpl<\/a> about the explosion in <a href=\"https:\/\/twitter.com\/hashtag\/Poland?src=hash&amp;ref_src=twsrc%5Etfw\">#Poland<\/a>. I offered my condolences for the loss of life. <a href=\"https:\/\/twitter.com\/hashtag\/NATO?src=hash&amp;ref_src=twsrc%5Etfw\">#NATO<\/a> is monitoring the situation and Allies are closely consulting. Important that all facts are established.<\/p>&mdash; Jens Stoltenberg (@jensstoltenberg) <a href=\"https:\/\/twitter.com\/jensstoltenberg\/status\/1592627634042986497?ref_src=twsrc%5Etfw\">November 15, 2022<\/a><\/blockquote><script async src=\"https:\/\/platform.twitter.com\/widgets.js\" charset=\"utf-8\"><\/script>\n<\/div><\/figure>\n\n\n\n<p>Las consideraciones preliminares del misil del martes aparentemente&nbsp;<strong>minimizaban la probabilidad de un ataque que provocara una gran escalada de la invasi\u00f3n rusa de Ucrania,&nbsp;<\/strong>la cual comenz\u00f3 hace casi nueve meses. Un ataque deliberado de Rusia a Polonia hubiera podido arrastrar a la OTAN al conflicto.<\/p>\n\n\n\n<p>Con todo,<strong>&nbsp;Stoltenberg y otros arremetieron en t\u00e9rminos generales,<\/strong>&nbsp;aunque no espec\u00edficos, a la guerra presidida por el presidente de Rusia, Vladimir Putin.<\/p>\n\n\n\n<p><strong>&#8220;Esto no es culpa de Ucrania. En \u00faltima instancia, la responsabilidad es de Rusia&#8221;<\/strong>, se\u00f1al\u00f3 Stoltenberg.<\/p>\n\n\n\n<p>Los hallazgos preliminares se compartieron luego de que el presidente de los Estados Unidos,&nbsp;<strong>Joe Biden, y otros aliados occidentales de Ucrania respaldaron las investigaciones,&nbsp;<\/strong>mientras Mosc\u00fa aseguraba que no hab\u00eda disparado el proyectil.<\/p>\n\n\n\n<p>Biden mencion\u00f3 que era &#8220;improbable&#8221; que Rusia hubiese lanzado el misil, pero a\u00f1adi\u00f3 que<strong>\u00a0&#8220;voy a asegurarme de averiguar exactamente qu\u00e9 ocurri\u00f3&#8221;.<\/strong><\/p>\n\n\n\n<figure class=\"wp-block-embed is-type-rich is-provider-twitter wp-block-embed-twitter\"><div class=\"wp-block-embed__wrapper\">\n<blockquote class=\"twitter-tweet\" data-width=\"550\" data-dnt=\"true\"><p lang=\"en\" dir=\"ltr\">Earlier, I met with G20 and NATO Leaders to discuss the explosion in Eastern Poland near the Ukrainian border.<br><br>We offer our full support for and assistance with Poland\u2019s ongoing investigation. <a href=\"https:\/\/t.co\/KZcWZBo4VI\">pic.twitter.com\/KZcWZBo4VI<\/a><\/p>&mdash; President Biden (@POTUS) <a href=\"https:\/\/twitter.com\/POTUS\/status\/1592745318713417728?ref_src=twsrc%5Etfw\">November 16, 2022<\/a><\/blockquote><script async src=\"https:\/\/platform.twitter.com\/widgets.js\" charset=\"utf-8\"><\/script>\n<\/div><\/figure>\n\n\n\n<p>El misil cay\u00f3 el martes cerca de la frontera entre Polonia y Ucrania. Tres funcionarios estadounidenses se\u00f1alaron que las evaluaciones preliminares suger\u00edan que el proyectil fue<strong>\u00a0lanzado por las fuerzas ucranianas para interceptar a uno ruso.\u00a0<\/strong>Los funcionarios hablaron bajo condici\u00f3n de anonimato porque no estaban autorizados a discutir el asunto en p\u00fablico.<\/p>\n\n\n\n<figure class=\"wp-block-embed is-type-video is-provider-youtube wp-block-embed-youtube wp-embed-aspect-16-9 wp-has-aspect-ratio\"><div class=\"wp-block-embed__wrapper\">\n<iframe loading=\"lazy\" title=\"\u00bfQui\u00e9n dispar\u00f3 los misiles que han explotado en Polonia y puesto en jaque al G20?\" width=\"640\" height=\"360\" src=\"https:\/\/www.youtube.com\/embed\/SJEAlHSSaqE?feature=oembed\" frameborder=\"0\" allow=\"accelerometer; autoplay; clipboard-write; encrypted-media; gyroscope; picture-in-picture; web-share\" referrerpolicy=\"strict-origin-when-cross-origin\" allowfullscreen><\/iframe>\n<\/div><\/figure>\n\n\n\n<p>Esta evaluaci\u00f3n y los comentarios de Biden en la cumbre del Grupo de los 20 en Indonesia contradicen la informaci\u00f3n preliminar ofrecida el martes por un alto funcionario de inteligencia estadounidense, quien comparti\u00f3 para<strong>&nbsp;<em>The Associated Press<\/em>&nbsp;que proyectiles rusos hab\u00edan cruzado la frontera de Polonia.<\/strong><\/p>\n\n\n\n<p><strong>Ucrania tiene todav\u00eda reservas de armamento de fabricaci\u00f3n sovi\u00e9tica y rusa<\/strong>, entre ellas el sistema de misiles de defensa a\u00e9rea y ha confiscado numeroso armamento de Mosc\u00fa aprovechando la retirada de las tropas.<\/p>\n\n\n\n<p>Las defensas a\u00e9reas de Ucrania trabajaron a destajo para plantarle cara al asalto ruso del martes contra instalaciones de generaci\u00f3n y transmisi\u00f3n de energ\u00eda, incluyendo en la regi\u00f3n occidental que comparte frontera con Polonia. De acuerdo con el ej\u00e9rcito de Kiev,<strong>&nbsp;77 de los m\u00e1s de 90 misiles fueron derribados, adem\u00e1s de 11 drones.<\/strong><\/p>\n\n\n\n<h4 class=\"wp-block-heading\">Rusia se defiende de las acusaciones<\/h4>\n\n\n\n<p><strong>Rusia aclar\u00f3 que no lanz\u00f3 el misil que cay\u00f3 en Polonia.<\/strong>&nbsp;Un vocero del ministerio de Defensa se\u00f1al\u00f3 que ning\u00fan ataque ruso se acerc\u00f3 a menos de 35 kil\u00f3metros (22 millas) de la frontera entre Ucrania y Polonia. El Kremlin denunci\u00f3 la respuesta inicial de Polonia y otros pa\u00edses, pero en un inesperado elogio a un mandatario estadounidense, destac\u00f3 la &#8220;reacci\u00f3n moderada, mucho m\u00e1s profesional&#8221; del presidente de los Estados Unidos<\/p>\n\n\n\n<p><strong>&#8220;Hemos sido testigos de una nueva reacci\u00f3n rus\u00f3foba hist\u00e9rica y fren\u00e9tica que no se bas\u00f3 en datos reales&#8221;<\/strong>, expres\u00f3 el vocero del Kremlin, Dmitry Peskov.<\/p>\n\n\n\n<figure class=\"wp-block-embed is-type-video is-provider-youtube wp-block-embed-youtube wp-embed-aspect-16-9 wp-has-aspect-ratio\"><div class=\"wp-block-embed__wrapper\">\n<iframe loading=\"lazy\" title=\"Gobierno polaco atribuy\u00f3 impacto de misil a un posible &quot;accidente desafortunado&quot;\" width=\"640\" height=\"360\" src=\"https:\/\/www.youtube.com\/embed\/0G_HogFX9bo?feature=oembed\" frameborder=\"0\" allow=\"accelerometer; autoplay; clipboard-write; encrypted-media; gyroscope; picture-in-picture; web-share\" referrerpolicy=\"strict-origin-when-cross-origin\" allowfullscreen><\/iframe>\n<\/div><\/figure>\n\n\n\n<p>Cabe mencionar que si<strong>&nbsp;Rusia hubiera apuntado deliberadamente a Polonia, se arriesgar\u00eda a involucrar a la alianza militar de 30 pa\u00edses&nbsp;<\/strong>en el conflicto en un momento en que ya pasa apuros para defenderse de las fuerzas ucranianas.<\/p>\n\n\n\n<p>La prensa polaca report\u00f3 que el proyectil&nbsp;<strong>impact\u00f3 una zona donde se secaba grano en Przewod\u00f3w,&nbsp;<\/strong>una localidad pr\u00f3xima a la frontera ucraniana.<\/p>\n\n\n\n<p>En un reflejo de la tensa situaci\u00f3n que se vive por el conflicto militar, el&nbsp;<strong>director de la CIA, William Burns<\/strong>, se encontraba en Kiev el martes durante la ofensiva rusa que alcanz\u00f3 docenas de objetivos en el pa\u00eds. Por esta raz\u00f3n es que durante los ataques&nbsp;<strong>permaneci\u00f3 en la embajada de Estados Unidos.<\/strong><\/p>\n\n\n\n<p>Burns inform\u00f3 a Volod\u00edmir Zelenskyy y a funcionarios ucranianos acerca de la reuni\u00f3n que mantuvo en Turqu\u00eda con el jefe del servicio de inteligencia exterior de Rusia, de acuerdo con otro funcionario estadounidense que habl\u00f3<strong>&nbsp;bajo condici\u00f3n de anonimato para discutir el tema en p\u00fablico.<\/strong><\/p>\n\n\n\n<p>Burns se\u00f1al\u00f3 a las autoridades ucranianas que transmiti\u00f3 la&nbsp;<strong>advertencia de Washington a Mosc\u00fa para que no utilice armas nucleares,&nbsp;<\/strong>agreg\u00f3 el funcionario.<\/p>\n\n\n\n<p>El Ministerio de Defensa de Rusia rechaz\u00f3 estar detr\u00e1s de&nbsp;<strong>&#8220;cualquier ataque contra objetivos cercanos a la frontera entre Ucrania y Polonia&#8221;&nbsp;<\/strong>y, en un comunicado, a\u00f1adi\u00f3 que las fotograf\u00edas de los supuestos da\u00f1os &#8220;no tienen nada que ver&#8221; con armas rusas.<\/p>\n\n\n\n<p>Por su parte, el ministro polaco de Exteriores, Zbigniew Rau, llam\u00f3 al embajador ruso y<strong>&nbsp;&#8220;exigi\u00f3 explicaciones detalladas de inmediato&#8221;,&nbsp;<\/strong>de acuerdo el gobierno de Varsovia.<\/p>\n\n\n\n<p>El incidente en Polonia coincidi\u00f3 con la intensa ofensiva rusa con misiles contra instalaciones energ\u00e9ticas ucranianas, que<strong>&nbsp;caus\u00f3 apagones generalizados.<\/strong><\/p>\n\n\n\n<p>Cabe mencionar que la vecina Moldavia tambi\u00e9n se vio afectada, pues r<strong>eport\u00f3 apagones masivos<\/strong>luego de que los ataques derribaron una l\u00ednea el\u00e9ctrica clave para el suministro de la peque\u00f1a naci\u00f3n, de acuerdo con un funcionario.<\/p>\n\n\n\n<p>Los ataques dejaron sin electricidad a gran parte de Ucrania y envalentonaron a Zelenskyy, quien alzando el pu\u00f1o asegur\u00f3<strong>\u00a0&#8220;sobreviviremos a todo&#8221;.<\/strong><\/p>\n\n\n\n<figure class=\"wp-block-embed is-type-rich is-provider-twitter wp-block-embed-twitter\"><div class=\"wp-block-embed__wrapper\">\n<blockquote class=\"twitter-tweet\" data-width=\"550\" data-dnt=\"true\"><p lang=\"uk\" dir=\"ltr\">\u0413\u043e\u0432\u043e\u0440\u0438\u0432 \u0437 \u041f\u0440\u0435\u0437\u0438\u0434\u0435\u043d\u0442\u043e\u043c \ud83c\uddf5\ud83c\uddf1 <a href=\"https:\/\/twitter.com\/AndrzejDuda?ref_src=twsrc%5Etfw\">@AndrzejDuda<\/a>. \u0412\u0438\u0441\u043b\u043e\u0432\u0438\u0432 \u0441\u043f\u0456\u0432\u0447\u0443\u0442\u0442\u044f \u0443 \u0437\u0432&#39;\u044f\u0437\u043a\u0443 \u0456\u0437 \u0437\u0430\u0433\u0438\u0431\u0435\u043b\u043b\u044e \u0433\u0440\u043e\u043c\u0430\u0434\u044f\u043d \u041f\u043e\u043b\u044c\u0449\u0456 \u0432\u0456\u0434 \u0440\u043e\u0441\u0456\u0439\u0441\u044c\u043a\u043e\u0433\u043e \u0440\u0430\u043a\u0435\u0442\u043d\u043e\u0433\u043e \u0442\u0435\u0440\u043e\u0440\u0443. \u041e\u0431\u043c\u0456\u043d\u044f\u043b\u0438\u0441\u044f \u043d\u0430\u044f\u0432\u043d\u043e\u044e \u0456\u043d\u0444\u043e\u0440\u043c\u0430\u0446\u0456\u0454\u044e, \u0437&#39;\u044f\u0441\u043e\u0432\u0443\u0454\u043c\u043e \u0432\u0441\u0456 \u0444\u0430\u043a\u0442\u0438. \ud83c\uddfa\ud83c\udde6, \u041f\u043e\u043b\u044c\u0449\u0430, \u0443\u0441\u044f \u0404\u0432\u0440\u043e\u043f\u0430 \u0442\u0430 \u0441\u0432\u0456\u0442 \u043c\u0430\u044e\u0442\u044c \u0431\u0443\u0442\u0438 \u043f\u043e\u0432\u043d\u0456\u0441\u0442\u044e \u0437\u0430\u0445\u0438\u0449\u0435\u043d\u0438\u043c\u0438 \u0432\u0456\u0434 \u0420\u043e\u0441\u0456\u0457 \u2013\u00a0\u0442\u0435\u0440\u043e\u0440\u0438\u0441\u0442\u0430.<\/p>&mdash; Volodymyr Zelenskyy \/ \u0412\u043e\u043b\u043e\u0434\u0438\u043c\u0438\u0440 \u0417\u0435\u043b\u0435\u043d\u0441\u044c\u043a\u0438\u0439 (@ZelenskyyUa) <a href=\"https:\/\/twitter.com\/ZelenskyyUa\/status\/1592647131621625856?ref_src=twsrc%5Etfw\">November 15, 2022<\/a><\/blockquote><script async src=\"https:\/\/platform.twitter.com\/widgets.js\" charset=\"utf-8\"><\/script>\n<\/div><\/figure>\n\n\n\n<p>En su discurso nocturno, el presidente\u00a0Zelensky dijo que la explosi\u00f3n en el pa\u00eds vecino demostr\u00f3 que\u00a0<strong>&#8220;el terror no se limita a nuestras fronteras&#8221;.<\/strong><\/p>\n\n\n\n<p>Con Informaci\u00f3n de AP<\/p>\n","protected":false},"excerpt":{"rendered":"<p>Por Carolina Alonso Romei Internacionalista Aunque el secretario general de la OTAN,\u00a0Jens Stoltenberg, rechaz\u00f3\u00a0que el&#8230;<\/p>\n","protected":false},"author":2,"featured_media":97221,"comment_status":"open","ping_status":"open","sticky":false,"template":"","format":"standard","meta":{"_monsterinsights_skip_tracking":false,"_monsterinsights_sitenote_active":false,"_monsterinsights_sitenote_note":"","_monsterinsights_sitenote_category":0,"footnotes":""},"categories":[1],"tags":[],"class_list":["post-97220","post","type-post","status-publish","format-standard","has-post-thumbnail","hentry","category-sin-categoria"],"yoast_head":"<!-- This site is optimized with the Yoast SEO plugin v27.3 - https:\/\/yoast.com\/product\/yoast-seo-wordpress\/ -->\n<title>Internacionales\/\/\/Carolina Alonso Romei\/\/\/Incidente con misil en Polonia no fue un ataque ruso: OTAN -<\/title>\n<meta name=\"robots\" content=\"index, follow, max-snippet:-1, max-image-preview:large, max-video-preview:-1\" \/>\n<link rel=\"canonical\" href=\"https:\/\/quehacerpolitico.mx\/?p=97220\" \/>\n<meta property=\"og:locale\" content=\"es_MX\" \/>\n<meta property=\"og:type\" content=\"article\" \/>\n<meta property=\"og:title\" content=\"Internacionales\/\/\/Carolina Alonso Romei\/\/\/Incidente con misil en Polonia no fue un ataque ruso: OTAN -\" \/>\n<meta property=\"og:description\" content=\"Por Carolina Alonso Romei Internacionalista Aunque el secretario general de la OTAN,\u00a0Jens Stoltenberg, rechaz\u00f3\u00a0que el...\" \/>\n<meta property=\"og:url\" content=\"https:\/\/quehacerpolitico.mx\/?p=97220\" \/>\n<meta property=\"article:published_time\" content=\"2022-11-16T18:29:06+00:00\" \/>\n<meta property=\"article:modified_time\" content=\"2022-11-16T18:29:10+00:00\" \/>\n<meta property=\"og:image\" content=\"https:\/\/quehacerpolitico.mx\/wp-content\/uploads\/2022\/11\/A115AD8B-C9A5-4F6C-A5CC-05587716AA57.jpeg\" \/>\n\t<meta property=\"og:image:width\" content=\"1284\" \/>\n\t<meta property=\"og:image:height\" content=\"636\" \/>\n\t<meta property=\"og:image:type\" content=\"image\/jpeg\" \/>\n<meta name=\"author\" content=\"Redacci\u00f3n QP\" \/>\n<meta name=\"twitter:card\" content=\"summary_large_image\" \/>\n<meta name=\"twitter:label1\" content=\"Escrito por\" \/>\n\t<meta name=\"twitter:data1\" content=\"Redacci\u00f3n QP\" \/>\n\t<meta name=\"twitter:label2\" content=\"Tiempo de lectura\" \/>\n\t<meta name=\"twitter:data2\" content=\"6 minutos\" \/>\n<script type=\"application\/ld+json\" class=\"yoast-schema-graph\">{\"@context\":\"https:\\\/\\\/schema.org\",\"@graph\":[{\"@type\":\"Article\",\"@id\":\"https:\\\/\\\/quehacerpolitico.mx\\\/?p=97220#article\",\"isPartOf\":{\"@id\":\"https:\\\/\\\/quehacerpolitico.mx\\\/?p=97220\"},\"author\":{\"name\":\"Redacci\u00f3n QP\",\"@id\":\"https:\\\/\\\/quehacerpolitico.mx\\\/#\\\/schema\\\/person\\\/496d8ad2d1d3f8036101dca7ee39e585\"},\"headline\":\"Internacionales\\\/\\\/\\\/Carolina Alonso Romei\\\/\\\/\\\/Incidente con misil en Polonia no fue un ataque ruso: OTAN\",\"datePublished\":\"2022-11-16T18:29:06+00:00\",\"dateModified\":\"2022-11-16T18:29:10+00:00\",\"mainEntityOfPage\":{\"@id\":\"https:\\\/\\\/quehacerpolitico.mx\\\/?p=97220\"},\"wordCount\":1146,\"commentCount\":0,\"image\":{\"@id\":\"https:\\\/\\\/quehacerpolitico.mx\\\/?p=97220#primaryimage\"},\"thumbnailUrl\":\"https:\\\/\\\/quehacerpolitico.mx\\\/wp-content\\\/uploads\\\/2022\\\/11\\\/A115AD8B-C9A5-4F6C-A5CC-05587716AA57.jpeg\",\"articleSection\":[\"Internacionales\"],\"inLanguage\":\"es\",\"potentialAction\":[{\"@type\":\"CommentAction\",\"name\":\"Comment\",\"target\":[\"https:\\\/\\\/quehacerpolitico.mx\\\/?p=97220#respond\"]}]},{\"@type\":\"WebPage\",\"@id\":\"https:\\\/\\\/quehacerpolitico.mx\\\/?p=97220\",\"url\":\"https:\\\/\\\/quehacerpolitico.mx\\\/?p=97220\",\"name\":\"Internacionales\\\/\\\/\\\/Carolina Alonso Romei\\\/\\\/\\\/Incidente con misil en Polonia no fue un ataque ruso: OTAN -\",\"isPartOf\":{\"@id\":\"https:\\\/\\\/quehacerpolitico.mx\\\/#website\"},\"primaryImageOfPage\":{\"@id\":\"https:\\\/\\\/quehacerpolitico.mx\\\/?p=97220#primaryimage\"},\"image\":{\"@id\":\"https:\\\/\\\/quehacerpolitico.mx\\\/?p=97220#primaryimage\"},\"thumbnailUrl\":\"https:\\\/\\\/quehacerpolitico.mx\\\/wp-content\\\/uploads\\\/2022\\\/11\\\/A115AD8B-C9A5-4F6C-A5CC-05587716AA57.jpeg\",\"datePublished\":\"2022-11-16T18:29:06+00:00\",\"dateModified\":\"2022-11-16T18:29:10+00:00\",\"author\":{\"@id\":\"https:\\\/\\\/quehacerpolitico.mx\\\/#\\\/schema\\\/person\\\/496d8ad2d1d3f8036101dca7ee39e585\"},\"breadcrumb\":{\"@id\":\"https:\\\/\\\/quehacerpolitico.mx\\\/?p=97220#breadcrumb\"},\"inLanguage\":\"es\",\"potentialAction\":[{\"@type\":\"ReadAction\",\"target\":[\"https:\\\/\\\/quehacerpolitico.mx\\\/?p=97220\"]}]},{\"@type\":\"ImageObject\",\"inLanguage\":\"es\",\"@id\":\"https:\\\/\\\/quehacerpolitico.mx\\\/?p=97220#primaryimage\",\"url\":\"https:\\\/\\\/quehacerpolitico.mx\\\/wp-content\\\/uploads\\\/2022\\\/11\\\/A115AD8B-C9A5-4F6C-A5CC-05587716AA57.jpeg\",\"contentUrl\":\"https:\\\/\\\/quehacerpolitico.mx\\\/wp-content\\\/uploads\\\/2022\\\/11\\\/A115AD8B-C9A5-4F6C-A5CC-05587716AA57.jpeg\",\"width\":1284,\"height\":636},{\"@type\":\"BreadcrumbList\",\"@id\":\"https:\\\/\\\/quehacerpolitico.mx\\\/?p=97220#breadcrumb\",\"itemListElement\":[{\"@type\":\"ListItem\",\"position\":1,\"name\":\"Inicio\",\"item\":\"https:\\\/\\\/quehacerpolitico.mx\\\/\"},{\"@type\":\"ListItem\",\"position\":2,\"name\":\"Internacionales\\\/\\\/\\\/Carolina Alonso Romei\\\/\\\/\\\/Incidente con misil en Polonia no fue un ataque ruso: OTAN\"}]},{\"@type\":\"WebSite\",\"@id\":\"https:\\\/\\\/quehacerpolitico.mx\\\/#website\",\"url\":\"https:\\\/\\\/quehacerpolitico.mx\\\/\",\"name\":\"\",\"description\":\"\",\"potentialAction\":[{\"@type\":\"SearchAction\",\"target\":{\"@type\":\"EntryPoint\",\"urlTemplate\":\"https:\\\/\\\/quehacerpolitico.mx\\\/?s={search_term_string}\"},\"query-input\":{\"@type\":\"PropertyValueSpecification\",\"valueRequired\":true,\"valueName\":\"search_term_string\"}}],\"inLanguage\":\"es\"},{\"@type\":\"Person\",\"@id\":\"https:\\\/\\\/quehacerpolitico.mx\\\/#\\\/schema\\\/person\\\/496d8ad2d1d3f8036101dca7ee39e585\",\"name\":\"Redacci\u00f3n QP\",\"image\":{\"@type\":\"ImageObject\",\"inLanguage\":\"es\",\"@id\":\"https:\\\/\\\/secure.gravatar.com\\\/avatar\\\/c7164ed6fdec453195284ad24a5ae5b6e1eed2b848477fa2a4787ba9adf39a41?s=96&d=mm&r=g\",\"url\":\"https:\\\/\\\/secure.gravatar.com\\\/avatar\\\/c7164ed6fdec453195284ad24a5ae5b6e1eed2b848477fa2a4787ba9adf39a41?s=96&d=mm&r=g\",\"contentUrl\":\"https:\\\/\\\/secure.gravatar.com\\\/avatar\\\/c7164ed6fdec453195284ad24a5ae5b6e1eed2b848477fa2a4787ba9adf39a41?s=96&d=mm&r=g\",\"caption\":\"Redacci\u00f3n QP\"},\"url\":\"https:\\\/\\\/quehacerpolitico.mx\\\/?author=2\"}]}<\/script>\n<!-- \/ Yoast SEO plugin. -->","yoast_head_json":{"title":"Internacionales\/\/\/Carolina Alonso Romei\/\/\/Incidente con misil en Polonia no fue un ataque ruso: OTAN -","robots":{"index":"index","follow":"follow","max-snippet":"max-snippet:-1","max-image-preview":"max-image-preview:large","max-video-preview":"max-video-preview:-1"},"canonical":"https:\/\/quehacerpolitico.mx\/?p=97220","og_locale":"es_MX","og_type":"article","og_title":"Internacionales\/\/\/Carolina Alonso Romei\/\/\/Incidente con misil en Polonia no fue un ataque ruso: OTAN -","og_description":"Por Carolina Alonso Romei Internacionalista Aunque el secretario general de la OTAN,\u00a0Jens Stoltenberg, rechaz\u00f3\u00a0que el...","og_url":"https:\/\/quehacerpolitico.mx\/?p=97220","article_published_time":"2022-11-16T18:29:06+00:00","article_modified_time":"2022-11-16T18:29:10+00:00","og_image":[{"width":1284,"height":636,"url":"https:\/\/quehacerpolitico.mx\/wp-content\/uploads\/2022\/11\/A115AD8B-C9A5-4F6C-A5CC-05587716AA57.jpeg","type":"image\/jpeg"}],"author":"Redacci\u00f3n QP","twitter_card":"summary_large_image","twitter_misc":{"Escrito por":"Redacci\u00f3n QP","Tiempo de lectura":"6 minutos"},"schema":{"@context":"https:\/\/schema.org","@graph":[{"@type":"Article","@id":"https:\/\/quehacerpolitico.mx\/?p=97220#article","isPartOf":{"@id":"https:\/\/quehacerpolitico.mx\/?p=97220"},"author":{"name":"Redacci\u00f3n QP","@id":"https:\/\/quehacerpolitico.mx\/#\/schema\/person\/496d8ad2d1d3f8036101dca7ee39e585"},"headline":"Internacionales\/\/\/Carolina Alonso Romei\/\/\/Incidente con misil en Polonia no fue un ataque ruso: OTAN","datePublished":"2022-11-16T18:29:06+00:00","dateModified":"2022-11-16T18:29:10+00:00","mainEntityOfPage":{"@id":"https:\/\/quehacerpolitico.mx\/?p=97220"},"wordCount":1146,"commentCount":0,"image":{"@id":"https:\/\/quehacerpolitico.mx\/?p=97220#primaryimage"},"thumbnailUrl":"https:\/\/quehacerpolitico.mx\/wp-content\/uploads\/2022\/11\/A115AD8B-C9A5-4F6C-A5CC-05587716AA57.jpeg","articleSection":["Internacionales"],"inLanguage":"es","potentialAction":[{"@type":"CommentAction","name":"Comment","target":["https:\/\/quehacerpolitico.mx\/?p=97220#respond"]}]},{"@type":"WebPage","@id":"https:\/\/quehacerpolitico.mx\/?p=97220","url":"https:\/\/quehacerpolitico.mx\/?p=97220","name":"Internacionales\/\/\/Carolina Alonso Romei\/\/\/Incidente con misil en Polonia no fue un ataque ruso: OTAN -","isPartOf":{"@id":"https:\/\/quehacerpolitico.mx\/#website"},"primaryImageOfPage":{"@id":"https:\/\/quehacerpolitico.mx\/?p=97220#primaryimage"},"image":{"@id":"https:\/\/quehacerpolitico.mx\/?p=97220#primaryimage"},"thumbnailUrl":"https:\/\/quehacerpolitico.mx\/wp-content\/uploads\/2022\/11\/A115AD8B-C9A5-4F6C-A5CC-05587716AA57.jpeg","datePublished":"2022-11-16T18:29:06+00:00","dateModified":"2022-11-16T18:29:10+00:00","author":{"@id":"https:\/\/quehacerpolitico.mx\/#\/schema\/person\/496d8ad2d1d3f8036101dca7ee39e585"},"breadcrumb":{"@id":"https:\/\/quehacerpolitico.mx\/?p=97220#breadcrumb"},"inLanguage":"es","potentialAction":[{"@type":"ReadAction","target":["https:\/\/quehacerpolitico.mx\/?p=97220"]}]},{"@type":"ImageObject","inLanguage":"es","@id":"https:\/\/quehacerpolitico.mx\/?p=97220#primaryimage","url":"https:\/\/quehacerpolitico.mx\/wp-content\/uploads\/2022\/11\/A115AD8B-C9A5-4F6C-A5CC-05587716AA57.jpeg","contentUrl":"https:\/\/quehacerpolitico.mx\/wp-content\/uploads\/2022\/11\/A115AD8B-C9A5-4F6C-A5CC-05587716AA57.jpeg","width":1284,"height":636},{"@type":"BreadcrumbList","@id":"https:\/\/quehacerpolitico.mx\/?p=97220#breadcrumb","itemListElement":[{"@type":"ListItem","position":1,"name":"Inicio","item":"https:\/\/quehacerpolitico.mx\/"},{"@type":"ListItem","position":2,"name":"Internacionales\/\/\/Carolina Alonso Romei\/\/\/Incidente con misil en Polonia no fue un ataque ruso: OTAN"}]},{"@type":"WebSite","@id":"https:\/\/quehacerpolitico.mx\/#website","url":"https:\/\/quehacerpolitico.mx\/","name":"","description":"","potentialAction":[{"@type":"SearchAction","target":{"@type":"EntryPoint","urlTemplate":"https:\/\/quehacerpolitico.mx\/?s={search_term_string}"},"query-input":{"@type":"PropertyValueSpecification","valueRequired":true,"valueName":"search_term_string"}}],"inLanguage":"es"},{"@type":"Person","@id":"https:\/\/quehacerpolitico.mx\/#\/schema\/person\/496d8ad2d1d3f8036101dca7ee39e585","name":"Redacci\u00f3n QP","image":{"@type":"ImageObject","inLanguage":"es","@id":"https:\/\/secure.gravatar.com\/avatar\/c7164ed6fdec453195284ad24a5ae5b6e1eed2b848477fa2a4787ba9adf39a41?s=96&d=mm&r=g","url":"https:\/\/secure.gravatar.com\/avatar\/c7164ed6fdec453195284ad24a5ae5b6e1eed2b848477fa2a4787ba9adf39a41?s=96&d=mm&r=g","contentUrl":"https:\/\/secure.gravatar.com\/avatar\/c7164ed6fdec453195284ad24a5ae5b6e1eed2b848477fa2a4787ba9adf39a41?s=96&d=mm&r=g","caption":"Redacci\u00f3n QP"},"url":"https:\/\/quehacerpolitico.mx\/?author=2"}]}},"featured_image_urls":{"full":["https:\/\/quehacerpolitico.mx\/wp-content\/uploads\/2022\/11\/A115AD8B-C9A5-4F6C-A5CC-05587716AA57.jpeg",1284,636,false],"thumbnail":["https:\/\/quehacerpolitico.mx\/wp-content\/uploads\/2022\/11\/A115AD8B-C9A5-4F6C-A5CC-05587716AA57-150x150.jpeg",150,150,true],"medium":["https:\/\/quehacerpolitico.mx\/wp-content\/uploads\/2022\/11\/A115AD8B-C9A5-4F6C-A5CC-05587716AA57-300x149.jpeg",300,149,true],"medium_large":["https:\/\/quehacerpolitico.mx\/wp-content\/uploads\/2022\/11\/A115AD8B-C9A5-4F6C-A5CC-05587716AA57-768x380.jpeg",640,317,true],"large":["https:\/\/quehacerpolitico.mx\/wp-content\/uploads\/2022\/11\/A115AD8B-C9A5-4F6C-A5CC-05587716AA57-1024x507.jpeg",640,317,true],"1536x1536":["https:\/\/quehacerpolitico.mx\/wp-content\/uploads\/2022\/11\/A115AD8B-C9A5-4F6C-A5CC-05587716AA57.jpeg",1284,636,false],"2048x2048":["https:\/\/quehacerpolitico.mx\/wp-content\/uploads\/2022\/11\/A115AD8B-C9A5-4F6C-A5CC-05587716AA57.jpeg",1284,636,false],"covernews-featured":["https:\/\/quehacerpolitico.mx\/wp-content\/uploads\/2022\/11\/A115AD8B-C9A5-4F6C-A5CC-05587716AA57.jpeg",1024,507,false],"covernews-medium":["https:\/\/quehacerpolitico.mx\/wp-content\/uploads\/2022\/11\/A115AD8B-C9A5-4F6C-A5CC-05587716AA57.jpeg",540,267,false]},"author_info":{"display_name":"Redacci\u00f3n QP","author_link":"https:\/\/quehacerpolitico.mx\/?author=2"},"category_info":"<a href=\"https:\/\/quehacerpolitico.mx\/?cat=1\" rel=\"category\">Internacionales<\/a>","tag_info":"Internacionales","comment_count":"0","_links":{"self":[{"href":"https:\/\/quehacerpolitico.mx\/index.php?rest_route=\/wp\/v2\/posts\/97220","targetHints":{"allow":["GET"]}}],"collection":[{"href":"https:\/\/quehacerpolitico.mx\/index.php?rest_route=\/wp\/v2\/posts"}],"about":[{"href":"https:\/\/quehacerpolitico.mx\/index.php?rest_route=\/wp\/v2\/types\/post"}],"author":[{"embeddable":true,"href":"https:\/\/quehacerpolitico.mx\/index.php?rest_route=\/wp\/v2\/users\/2"}],"replies":[{"embeddable":true,"href":"https:\/\/quehacerpolitico.mx\/index.php?rest_route=%2Fwp%2Fv2%2Fcomments&post=97220"}],"version-history":[{"count":1,"href":"https:\/\/quehacerpolitico.mx\/index.php?rest_route=\/wp\/v2\/posts\/97220\/revisions"}],"predecessor-version":[{"id":97222,"href":"https:\/\/quehacerpolitico.mx\/index.php?rest_route=\/wp\/v2\/posts\/97220\/revisions\/97222"}],"wp:featuredmedia":[{"embeddable":true,"href":"https:\/\/quehacerpolitico.mx\/index.php?rest_route=\/wp\/v2\/media\/97221"}],"wp:attachment":[{"href":"https:\/\/quehacerpolitico.mx\/index.php?rest_route=%2Fwp%2Fv2%2Fmedia&parent=97220"}],"wp:term":[{"taxonomy":"category","embeddable":true,"href":"https:\/\/quehacerpolitico.mx\/index.php?rest_route=%2Fwp%2Fv2%2Fcategories&post=97220"},{"taxonomy":"post_tag","embeddable":true,"href":"https:\/\/quehacerpolitico.mx\/index.php?rest_route=%2Fwp%2Fv2%2Ftags&post=97220"}],"curies":[{"name":"wp","href":"https:\/\/api.w.org\/{rel}","templated":true}]}}