{"id":97211,"date":"2022-11-16T17:27:03","date_gmt":"2022-11-16T17:27:03","guid":{"rendered":"https:\/\/quehacerpolitico.mx\/?p=97211"},"modified":"2022-11-16T17:27:06","modified_gmt":"2022-11-16T17:27:06","slug":"es-capitalista-no-es-perfecto-y-lo-respeto-lopez-obrador-sobre-trump","status":"publish","type":"post","link":"https:\/\/quehacerpolitico.mx\/?p=97211","title":{"rendered":"&#8220;Es capitalista, no es perfecto y lo respeto&#8221;: L\u00f3pez Obrador sobre Trump:"},"content":{"rendered":"\n<p>Por Redacci\u00f3n QP<\/p>\n\n\n\n<p>L\u00f3pez Obrador dice que Trump es capitalista, no es perfecto, pero es una buena persona y lo respeta<\/p>\n\n\n\n<p>El Presidente Andres Manuel Lopez Obrador respondi\u00f3 al expresidente de Estados Unidos Donald Trump, que el pol\u00edtico republicano\u00a0<strong>es capitalista, no es perfecto, pero es una buena persona y lo respeta<\/strong>.<\/p>\n\n\n\n<p><strong>&#8220;\u00c9l es capitalista, no es perfecto, es buena persona y lo respeto&#8221;<\/strong>, dijo el Jefe del Ejecutivo en\u00a0conferencia de prensa \u201cma\u00f1anera\u201d en Palacio Nacional.<\/p>\n\n\n\n<figure class=\"wp-block-embed is-type-rich is-provider-twitter wp-block-embed-twitter\"><div class=\"wp-block-embed__wrapper\">\n<blockquote class=\"twitter-tweet\" data-width=\"550\" data-dnt=\"true\"><p lang=\"es\" dir=\"ltr\">Donald Trump &quot;es capitalista y no es perfecto, pero es buena persona&quot;<br><br>Mencion\u00f3 AMLO tras ser cuestionado por las declaraciones de Trump, quien dijo que el presidente de M\u00e9xico &quot;es un socialista pero est\u00e1 bien, no se puede tener todo&quot;. <a href=\"https:\/\/t.co\/8HePT2BVZe\">pic.twitter.com\/8HePT2BVZe<\/a><\/p>&mdash; Ruido en la Red (@RuidoEnLaRed) <a href=\"https:\/\/twitter.com\/RuidoEnLaRed\/status\/1592896540263448576?ref_src=twsrc%5Etfw\">November 16, 2022<\/a><\/blockquote><script async src=\"https:\/\/platform.twitter.com\/widgets.js\" charset=\"utf-8\"><\/script>\n<\/div><\/figure>\n\n\n\n<p>Ayer, el exmandatario estadounidense se\u00f1al\u00f3 que el Presidente de M\u00e9xico es\u00a0<strong>&#8220;un gran caballero, por cierto, socialista, pero est\u00e1 bien, no se puede tener todo&#8221;<\/strong>, brome\u00f3.<\/p>\n\n\n\n<p>Antes, Donald Trump, quien busca de nueva cuenta la candidatura presidencial del Partido Republicano, afirm\u00f3 que el \u00e9xito que tuvo en la frontera con M\u00e9xico mientras se constru\u00eda el muro divisorio entre ambos pa\u00edses fue gracias al Presidente Andr\u00e9s Manuel L\u00f3pez Obrador.<\/p>\n\n\n\n<p><strong>&#8220;Las razones por las que tuvimos tanto \u00e9xito en la frontera fue que logramos que M\u00e9xico nos diera gratis 28 mil soldados&#8221;<\/strong>, dijo.<\/p>\n\n\n\n<p>Con informaci\u00f3n de SUN<\/p>\n","protected":false},"excerpt":{"rendered":"<p>Por Redacci\u00f3n QP L\u00f3pez Obrador dice que Trump es capitalista, no es perfecto, pero es&#8230;<\/p>\n","protected":false},"author":2,"featured_media":97212,"comment_status":"open","ping_status":"open","sticky":false,"template":"","format":"standard","meta":{"_monsterinsights_skip_tracking":false,"_monsterinsights_sitenote_active":false,"_monsterinsights_sitenote_note":"","_monsterinsights_sitenote_category":0,"footnotes":""},"categories":[2],"tags":[],"class_list":["post-97211","post","type-post","status-publish","format-standard","has-post-thumbnail","hentry","category-noticias"],"yoast_head":"<!-- This site is optimized with the Yoast SEO plugin v27.3 - https:\/\/yoast.com\/product\/yoast-seo-wordpress\/ -->\n<title>&quot;Es capitalista, no es perfecto y lo respeto&quot;: L\u00f3pez Obrador sobre Trump: -<\/title>\n<meta name=\"robots\" content=\"index, follow, max-snippet:-1, max-image-preview:large, max-video-preview:-1\" \/>\n<link rel=\"canonical\" href=\"https:\/\/quehacerpolitico.mx\/?p=97211\" \/>\n<meta property=\"og:locale\" content=\"es_MX\" \/>\n<meta property=\"og:type\" content=\"article\" \/>\n<meta property=\"og:title\" content=\"&quot;Es capitalista, no es perfecto y lo respeto&quot;: L\u00f3pez Obrador sobre Trump: -\" \/>\n<meta property=\"og:description\" content=\"Por Redacci\u00f3n QP L\u00f3pez Obrador dice que Trump es capitalista, no es perfecto, pero es...\" \/>\n<meta property=\"og:url\" content=\"https:\/\/quehacerpolitico.mx\/?p=97211\" \/>\n<meta property=\"article:published_time\" content=\"2022-11-16T17:27:03+00:00\" \/>\n<meta property=\"article:modified_time\" content=\"2022-11-16T17:27:06+00:00\" \/>\n<meta property=\"og:image\" content=\"https:\/\/quehacerpolitico.mx\/wp-content\/uploads\/2022\/11\/E06621B5-E546-4AC1-AE49-C1FDBEAA919F.jpeg\" \/>\n\t<meta property=\"og:image:width\" content=\"1284\" \/>\n\t<meta property=\"og:image:height\" content=\"661\" \/>\n\t<meta property=\"og:image:type\" content=\"image\/jpeg\" \/>\n<meta name=\"author\" content=\"Redacci\u00f3n QP\" \/>\n<meta name=\"twitter:card\" content=\"summary_large_image\" \/>\n<meta name=\"twitter:label1\" content=\"Escrito por\" \/>\n\t<meta name=\"twitter:data1\" content=\"Redacci\u00f3n QP\" \/>\n\t<meta name=\"twitter:label2\" content=\"Tiempo de lectura\" \/>\n\t<meta name=\"twitter:data2\" content=\"1 minuto\" \/>\n<script type=\"application\/ld+json\" class=\"yoast-schema-graph\">{\"@context\":\"https:\\\/\\\/schema.org\",\"@graph\":[{\"@type\":\"Article\",\"@id\":\"https:\\\/\\\/quehacerpolitico.mx\\\/?p=97211#article\",\"isPartOf\":{\"@id\":\"https:\\\/\\\/quehacerpolitico.mx\\\/?p=97211\"},\"author\":{\"name\":\"Redacci\u00f3n QP\",\"@id\":\"https:\\\/\\\/quehacerpolitico.mx\\\/#\\\/schema\\\/person\\\/496d8ad2d1d3f8036101dca7ee39e585\"},\"headline\":\"&#8220;Es capitalista, no es perfecto y lo respeto&#8221;: L\u00f3pez Obrador sobre Trump:\",\"datePublished\":\"2022-11-16T17:27:03+00:00\",\"dateModified\":\"2022-11-16T17:27:06+00:00\",\"mainEntityOfPage\":{\"@id\":\"https:\\\/\\\/quehacerpolitico.mx\\\/?p=97211\"},\"wordCount\":208,\"commentCount\":0,\"image\":{\"@id\":\"https:\\\/\\\/quehacerpolitico.mx\\\/?p=97211#primaryimage\"},\"thumbnailUrl\":\"https:\\\/\\\/quehacerpolitico.mx\\\/wp-content\\\/uploads\\\/2022\\\/11\\\/E06621B5-E546-4AC1-AE49-C1FDBEAA919F.jpeg\",\"articleSection\":[\"Noticias\"],\"inLanguage\":\"es\",\"potentialAction\":[{\"@type\":\"CommentAction\",\"name\":\"Comment\",\"target\":[\"https:\\\/\\\/quehacerpolitico.mx\\\/?p=97211#respond\"]}]},{\"@type\":\"WebPage\",\"@id\":\"https:\\\/\\\/quehacerpolitico.mx\\\/?p=97211\",\"url\":\"https:\\\/\\\/quehacerpolitico.mx\\\/?p=97211\",\"name\":\"\\\"Es capitalista, no es perfecto y lo respeto\\\": L\u00f3pez Obrador sobre Trump: -\",\"isPartOf\":{\"@id\":\"https:\\\/\\\/quehacerpolitico.mx\\\/#website\"},\"primaryImageOfPage\":{\"@id\":\"https:\\\/\\\/quehacerpolitico.mx\\\/?p=97211#primaryimage\"},\"image\":{\"@id\":\"https:\\\/\\\/quehacerpolitico.mx\\\/?p=97211#primaryimage\"},\"thumbnailUrl\":\"https:\\\/\\\/quehacerpolitico.mx\\\/wp-content\\\/uploads\\\/2022\\\/11\\\/E06621B5-E546-4AC1-AE49-C1FDBEAA919F.jpeg\",\"datePublished\":\"2022-11-16T17:27:03+00:00\",\"dateModified\":\"2022-11-16T17:27:06+00:00\",\"author\":{\"@id\":\"https:\\\/\\\/quehacerpolitico.mx\\\/#\\\/schema\\\/person\\\/496d8ad2d1d3f8036101dca7ee39e585\"},\"breadcrumb\":{\"@id\":\"https:\\\/\\\/quehacerpolitico.mx\\\/?p=97211#breadcrumb\"},\"inLanguage\":\"es\",\"potentialAction\":[{\"@type\":\"ReadAction\",\"target\":[\"https:\\\/\\\/quehacerpolitico.mx\\\/?p=97211\"]}]},{\"@type\":\"ImageObject\",\"inLanguage\":\"es\",\"@id\":\"https:\\\/\\\/quehacerpolitico.mx\\\/?p=97211#primaryimage\",\"url\":\"https:\\\/\\\/quehacerpolitico.mx\\\/wp-content\\\/uploads\\\/2022\\\/11\\\/E06621B5-E546-4AC1-AE49-C1FDBEAA919F.jpeg\",\"contentUrl\":\"https:\\\/\\\/quehacerpolitico.mx\\\/wp-content\\\/uploads\\\/2022\\\/11\\\/E06621B5-E546-4AC1-AE49-C1FDBEAA919F.jpeg\",\"width\":1284,\"height\":661},{\"@type\":\"BreadcrumbList\",\"@id\":\"https:\\\/\\\/quehacerpolitico.mx\\\/?p=97211#breadcrumb\",\"itemListElement\":[{\"@type\":\"ListItem\",\"position\":1,\"name\":\"Inicio\",\"item\":\"https:\\\/\\\/quehacerpolitico.mx\\\/\"},{\"@type\":\"ListItem\",\"position\":2,\"name\":\"&#8220;Es capitalista, no es perfecto y lo respeto&#8221;: L\u00f3pez Obrador sobre Trump:\"}]},{\"@type\":\"WebSite\",\"@id\":\"https:\\\/\\\/quehacerpolitico.mx\\\/#website\",\"url\":\"https:\\\/\\\/quehacerpolitico.mx\\\/\",\"name\":\"\",\"description\":\"\",\"potentialAction\":[{\"@type\":\"SearchAction\",\"target\":{\"@type\":\"EntryPoint\",\"urlTemplate\":\"https:\\\/\\\/quehacerpolitico.mx\\\/?s={search_term_string}\"},\"query-input\":{\"@type\":\"PropertyValueSpecification\",\"valueRequired\":true,\"valueName\":\"search_term_string\"}}],\"inLanguage\":\"es\"},{\"@type\":\"Person\",\"@id\":\"https:\\\/\\\/quehacerpolitico.mx\\\/#\\\/schema\\\/person\\\/496d8ad2d1d3f8036101dca7ee39e585\",\"name\":\"Redacci\u00f3n QP\",\"image\":{\"@type\":\"ImageObject\",\"inLanguage\":\"es\",\"@id\":\"https:\\\/\\\/secure.gravatar.com\\\/avatar\\\/c7164ed6fdec453195284ad24a5ae5b6e1eed2b848477fa2a4787ba9adf39a41?s=96&d=mm&r=g\",\"url\":\"https:\\\/\\\/secure.gravatar.com\\\/avatar\\\/c7164ed6fdec453195284ad24a5ae5b6e1eed2b848477fa2a4787ba9adf39a41?s=96&d=mm&r=g\",\"contentUrl\":\"https:\\\/\\\/secure.gravatar.com\\\/avatar\\\/c7164ed6fdec453195284ad24a5ae5b6e1eed2b848477fa2a4787ba9adf39a41?s=96&d=mm&r=g\",\"caption\":\"Redacci\u00f3n QP\"},\"url\":\"https:\\\/\\\/quehacerpolitico.mx\\\/?author=2\"}]}<\/script>\n<!-- \/ Yoast SEO plugin. -->","yoast_head_json":{"title":"\"Es capitalista, no es perfecto y lo respeto\": L\u00f3pez Obrador sobre Trump: -","robots":{"index":"index","follow":"follow","max-snippet":"max-snippet:-1","max-image-preview":"max-image-preview:large","max-video-preview":"max-video-preview:-1"},"canonical":"https:\/\/quehacerpolitico.mx\/?p=97211","og_locale":"es_MX","og_type":"article","og_title":"\"Es capitalista, no es perfecto y lo respeto\": L\u00f3pez Obrador sobre Trump: -","og_description":"Por Redacci\u00f3n QP L\u00f3pez Obrador dice que Trump es capitalista, no es perfecto, pero es...","og_url":"https:\/\/quehacerpolitico.mx\/?p=97211","article_published_time":"2022-11-16T17:27:03+00:00","article_modified_time":"2022-11-16T17:27:06+00:00","og_image":[{"width":1284,"height":661,"url":"https:\/\/quehacerpolitico.mx\/wp-content\/uploads\/2022\/11\/E06621B5-E546-4AC1-AE49-C1FDBEAA919F.jpeg","type":"image\/jpeg"}],"author":"Redacci\u00f3n QP","twitter_card":"summary_large_image","twitter_misc":{"Escrito por":"Redacci\u00f3n QP","Tiempo de lectura":"1 minuto"},"schema":{"@context":"https:\/\/schema.org","@graph":[{"@type":"Article","@id":"https:\/\/quehacerpolitico.mx\/?p=97211#article","isPartOf":{"@id":"https:\/\/quehacerpolitico.mx\/?p=97211"},"author":{"name":"Redacci\u00f3n QP","@id":"https:\/\/quehacerpolitico.mx\/#\/schema\/person\/496d8ad2d1d3f8036101dca7ee39e585"},"headline":"&#8220;Es capitalista, no es perfecto y lo respeto&#8221;: L\u00f3pez Obrador sobre Trump:","datePublished":"2022-11-16T17:27:03+00:00","dateModified":"2022-11-16T17:27:06+00:00","mainEntityOfPage":{"@id":"https:\/\/quehacerpolitico.mx\/?p=97211"},"wordCount":208,"commentCount":0,"image":{"@id":"https:\/\/quehacerpolitico.mx\/?p=97211#primaryimage"},"thumbnailUrl":"https:\/\/quehacerpolitico.mx\/wp-content\/uploads\/2022\/11\/E06621B5-E546-4AC1-AE49-C1FDBEAA919F.jpeg","articleSection":["Noticias"],"inLanguage":"es","potentialAction":[{"@type":"CommentAction","name":"Comment","target":["https:\/\/quehacerpolitico.mx\/?p=97211#respond"]}]},{"@type":"WebPage","@id":"https:\/\/quehacerpolitico.mx\/?p=97211","url":"https:\/\/quehacerpolitico.mx\/?p=97211","name":"\"Es capitalista, no es perfecto y lo respeto\": L\u00f3pez Obrador sobre Trump: -","isPartOf":{"@id":"https:\/\/quehacerpolitico.mx\/#website"},"primaryImageOfPage":{"@id":"https:\/\/quehacerpolitico.mx\/?p=97211#primaryimage"},"image":{"@id":"https:\/\/quehacerpolitico.mx\/?p=97211#primaryimage"},"thumbnailUrl":"https:\/\/quehacerpolitico.mx\/wp-content\/uploads\/2022\/11\/E06621B5-E546-4AC1-AE49-C1FDBEAA919F.jpeg","datePublished":"2022-11-16T17:27:03+00:00","dateModified":"2022-11-16T17:27:06+00:00","author":{"@id":"https:\/\/quehacerpolitico.mx\/#\/schema\/person\/496d8ad2d1d3f8036101dca7ee39e585"},"breadcrumb":{"@id":"https:\/\/quehacerpolitico.mx\/?p=97211#breadcrumb"},"inLanguage":"es","potentialAction":[{"@type":"ReadAction","target":["https:\/\/quehacerpolitico.mx\/?p=97211"]}]},{"@type":"ImageObject","inLanguage":"es","@id":"https:\/\/quehacerpolitico.mx\/?p=97211#primaryimage","url":"https:\/\/quehacerpolitico.mx\/wp-content\/uploads\/2022\/11\/E06621B5-E546-4AC1-AE49-C1FDBEAA919F.jpeg","contentUrl":"https:\/\/quehacerpolitico.mx\/wp-content\/uploads\/2022\/11\/E06621B5-E546-4AC1-AE49-C1FDBEAA919F.jpeg","width":1284,"height":661},{"@type":"BreadcrumbList","@id":"https:\/\/quehacerpolitico.mx\/?p=97211#breadcrumb","itemListElement":[{"@type":"ListItem","position":1,"name":"Inicio","item":"https:\/\/quehacerpolitico.mx\/"},{"@type":"ListItem","position":2,"name":"&#8220;Es capitalista, no es perfecto y lo respeto&#8221;: L\u00f3pez Obrador sobre Trump:"}]},{"@type":"WebSite","@id":"https:\/\/quehacerpolitico.mx\/#website","url":"https:\/\/quehacerpolitico.mx\/","name":"","description":"","potentialAction":[{"@type":"SearchAction","target":{"@type":"EntryPoint","urlTemplate":"https:\/\/quehacerpolitico.mx\/?s={search_term_string}"},"query-input":{"@type":"PropertyValueSpecification","valueRequired":true,"valueName":"search_term_string"}}],"inLanguage":"es"},{"@type":"Person","@id":"https:\/\/quehacerpolitico.mx\/#\/schema\/person\/496d8ad2d1d3f8036101dca7ee39e585","name":"Redacci\u00f3n QP","image":{"@type":"ImageObject","inLanguage":"es","@id":"https:\/\/secure.gravatar.com\/avatar\/c7164ed6fdec453195284ad24a5ae5b6e1eed2b848477fa2a4787ba9adf39a41?s=96&d=mm&r=g","url":"https:\/\/secure.gravatar.com\/avatar\/c7164ed6fdec453195284ad24a5ae5b6e1eed2b848477fa2a4787ba9adf39a41?s=96&d=mm&r=g","contentUrl":"https:\/\/secure.gravatar.com\/avatar\/c7164ed6fdec453195284ad24a5ae5b6e1eed2b848477fa2a4787ba9adf39a41?s=96&d=mm&r=g","caption":"Redacci\u00f3n QP"},"url":"https:\/\/quehacerpolitico.mx\/?author=2"}]}},"featured_image_urls":{"full":["https:\/\/quehacerpolitico.mx\/wp-content\/uploads\/2022\/11\/E06621B5-E546-4AC1-AE49-C1FDBEAA919F.jpeg",1284,661,false],"thumbnail":["https:\/\/quehacerpolitico.mx\/wp-content\/uploads\/2022\/11\/E06621B5-E546-4AC1-AE49-C1FDBEAA919F-150x150.jpeg",150,150,true],"medium":["https:\/\/quehacerpolitico.mx\/wp-content\/uploads\/2022\/11\/E06621B5-E546-4AC1-AE49-C1FDBEAA919F-300x154.jpeg",300,154,true],"medium_large":["https:\/\/quehacerpolitico.mx\/wp-content\/uploads\/2022\/11\/E06621B5-E546-4AC1-AE49-C1FDBEAA919F-768x395.jpeg",640,329,true],"large":["https:\/\/quehacerpolitico.mx\/wp-content\/uploads\/2022\/11\/E06621B5-E546-4AC1-AE49-C1FDBEAA919F-1024x527.jpeg",640,329,true],"1536x1536":["https:\/\/quehacerpolitico.mx\/wp-content\/uploads\/2022\/11\/E06621B5-E546-4AC1-AE49-C1FDBEAA919F.jpeg",1284,661,false],"2048x2048":["https:\/\/quehacerpolitico.mx\/wp-content\/uploads\/2022\/11\/E06621B5-E546-4AC1-AE49-C1FDBEAA919F.jpeg",1284,661,false],"covernews-featured":["https:\/\/quehacerpolitico.mx\/wp-content\/uploads\/2022\/11\/E06621B5-E546-4AC1-AE49-C1FDBEAA919F.jpeg",1024,527,false],"covernews-medium":["https:\/\/quehacerpolitico.mx\/wp-content\/uploads\/2022\/11\/E06621B5-E546-4AC1-AE49-C1FDBEAA919F.jpeg",540,278,false]},"author_info":{"display_name":"Redacci\u00f3n QP","author_link":"https:\/\/quehacerpolitico.mx\/?author=2"},"category_info":"<a href=\"https:\/\/quehacerpolitico.mx\/?cat=2\" rel=\"category\">Noticias<\/a>","tag_info":"Noticias","comment_count":"0","_links":{"self":[{"href":"https:\/\/quehacerpolitico.mx\/index.php?rest_route=\/wp\/v2\/posts\/97211","targetHints":{"allow":["GET"]}}],"collection":[{"href":"https:\/\/quehacerpolitico.mx\/index.php?rest_route=\/wp\/v2\/posts"}],"about":[{"href":"https:\/\/quehacerpolitico.mx\/index.php?rest_route=\/wp\/v2\/types\/post"}],"author":[{"embeddable":true,"href":"https:\/\/quehacerpolitico.mx\/index.php?rest_route=\/wp\/v2\/users\/2"}],"replies":[{"embeddable":true,"href":"https:\/\/quehacerpolitico.mx\/index.php?rest_route=%2Fwp%2Fv2%2Fcomments&post=97211"}],"version-history":[{"count":1,"href":"https:\/\/quehacerpolitico.mx\/index.php?rest_route=\/wp\/v2\/posts\/97211\/revisions"}],"predecessor-version":[{"id":97213,"href":"https:\/\/quehacerpolitico.mx\/index.php?rest_route=\/wp\/v2\/posts\/97211\/revisions\/97213"}],"wp:featuredmedia":[{"embeddable":true,"href":"https:\/\/quehacerpolitico.mx\/index.php?rest_route=\/wp\/v2\/media\/97212"}],"wp:attachment":[{"href":"https:\/\/quehacerpolitico.mx\/index.php?rest_route=%2Fwp%2Fv2%2Fmedia&parent=97211"}],"wp:term":[{"taxonomy":"category","embeddable":true,"href":"https:\/\/quehacerpolitico.mx\/index.php?rest_route=%2Fwp%2Fv2%2Fcategories&post=97211"},{"taxonomy":"post_tag","embeddable":true,"href":"https:\/\/quehacerpolitico.mx\/index.php?rest_route=%2Fwp%2Fv2%2Ftags&post=97211"}],"curies":[{"name":"wp","href":"https:\/\/api.w.org\/{rel}","templated":true}]}}