{"id":97198,"date":"2022-11-16T16:28:53","date_gmt":"2022-11-16T16:28:53","guid":{"rendered":"https:\/\/quehacerpolitico.mx\/?p=97198"},"modified":"2022-11-16T16:49:07","modified_gmt":"2022-11-16T16:49:07","slug":"hubo-mapaches-acusados-de-fraudes-electorales-en-marcha-garcia-vilchis","status":"publish","type":"post","link":"https:\/\/quehacerpolitico.mx\/?p=97198","title":{"rendered":"Hubo &#8220;mapaches&#8221; acusados de fraudes electorales en marcha: Garc\u00eda Vilchis"},"content":{"rendered":"\n<p>Por Redacci\u00f3n QP<\/p>\n\n\n\n<p>Ana Elizabeth Garc\u00eda Vilchis califica a la marcha del pasado domingo como&nbsp;una movilizaci\u00f3n de la derecha que sali\u00f3 a defender sus privilegios<\/p>\n\n\n\n<p>La marcha del pasado domingo en contra de la reforma electoral&nbsp;<strong>fue una movilizaci\u00f3n de la derecha que sali\u00f3 a defender sus privilegios, asegur\u00f3 Ana Elizabeth Garc\u00eda Vilchis<\/strong>, encargada de la secci\u00f3n &#8220;qui\u00e9n es qui\u00e9n&#8221; en las mentiras de la semana.<\/p>\n\n\n\n<p>En la&nbsp;conferencia de prensa \u201cma\u00f1anera\u201d del Presidente Andres Manuel Lopez Obrador Garc\u00eda Vilchis dijo que el domingo pasado&nbsp;<strong>se manifestaron &#8220;mapaches&#8221; acusados de fraudes electorales<\/strong>.<\/p>\n\n\n\n<p>&#8220;&#8216;Mapaches&#8217; como Elba Esther Gordillo, quien impuso a un consejero presidente en 2003; empresarios como Gustavo de Hoyos y Claudio X. Gonz\u00e1lez; pol\u00edticos como Ulises Ruiz, Vicente Fox, Javier Lozano, Roberto Madrazo, Alejandro Moreno, Miguel \u00c1ngel Osorio Chong, todos ellos acusados de corrupci\u00f3n y de fraudes electorales&#8221;, mencion\u00f3 la lectora de &#8220;las mentiras de la semana&#8221;.<\/p>\n\n\n\n<p>La funcionaria de Presidencia acus\u00f3 que&nbsp;<strong>en la marcha aparecieron insultos, comentarios racistas y clasista&nbsp;<\/strong>y puso el video donde una joven expone que adem\u00e1s de comunista, marxista, leninista, el gobierno es &#8220;sat\u00e1nico&#8221; y le quiere quitar la democracia a la poblaci\u00f3n.<\/p>\n\n\n\n<p>Critic\u00f3 que&nbsp;<strong>los medios de comunicaci\u00f3n sirvieron como una caja de resonancia para propagar la desinformaci\u00f3n<\/strong>.<\/p>\n\n\n\n<p><strong>&#8220;Fueron muchas las mentiras que se propagaron sobre a la reforma electoral y vimos insultos, clasismo y racismo&#8221;<\/strong>, dijo.<\/p>\n\n\n\n<p>Con Informaci\u00f3n de SUN <\/p>\n","protected":false},"excerpt":{"rendered":"<p>Por Redacci\u00f3n QP Ana Elizabeth Garc\u00eda Vilchis califica a la marcha del pasado domingo como&nbsp;una&#8230;<\/p>\n","protected":false},"author":2,"featured_media":97199,"comment_status":"open","ping_status":"open","sticky":false,"template":"","format":"standard","meta":{"_monsterinsights_skip_tracking":false,"_monsterinsights_sitenote_active":false,"_monsterinsights_sitenote_note":"","_monsterinsights_sitenote_category":0,"footnotes":""},"categories":[2],"tags":[],"class_list":["post-97198","post","type-post","status-publish","format-standard","has-post-thumbnail","hentry","category-noticias"],"yoast_head":"<!-- This site is optimized with the Yoast SEO plugin v27.3 - https:\/\/yoast.com\/product\/yoast-seo-wordpress\/ -->\n<title>Hubo &quot;mapaches&quot; acusados de fraudes electorales en marcha: Garc\u00eda Vilchis -<\/title>\n<meta name=\"robots\" content=\"index, follow, max-snippet:-1, max-image-preview:large, max-video-preview:-1\" \/>\n<link rel=\"canonical\" href=\"https:\/\/quehacerpolitico.mx\/?p=97198\" \/>\n<meta property=\"og:locale\" content=\"es_MX\" \/>\n<meta property=\"og:type\" content=\"article\" \/>\n<meta property=\"og:title\" content=\"Hubo &quot;mapaches&quot; acusados de fraudes electorales en marcha: Garc\u00eda Vilchis -\" \/>\n<meta property=\"og:description\" content=\"Por Redacci\u00f3n QP Ana Elizabeth Garc\u00eda Vilchis califica a la marcha del pasado domingo como&nbsp;una...\" \/>\n<meta property=\"og:url\" content=\"https:\/\/quehacerpolitico.mx\/?p=97198\" \/>\n<meta property=\"article:published_time\" content=\"2022-11-16T16:28:53+00:00\" \/>\n<meta property=\"article:modified_time\" content=\"2022-11-16T16:49:07+00:00\" \/>\n<meta property=\"og:image\" content=\"https:\/\/quehacerpolitico.mx\/wp-content\/uploads\/2022\/11\/9ACAC6CB-BCB0-4C9C-BEE6-3451EA3E6B3E.jpeg\" \/>\n\t<meta property=\"og:image:width\" content=\"1284\" \/>\n\t<meta property=\"og:image:height\" content=\"645\" \/>\n\t<meta property=\"og:image:type\" content=\"image\/jpeg\" \/>\n<meta name=\"author\" content=\"Redacci\u00f3n QP\" \/>\n<meta name=\"twitter:card\" content=\"summary_large_image\" \/>\n<meta name=\"twitter:label1\" content=\"Escrito por\" \/>\n\t<meta name=\"twitter:data1\" content=\"Redacci\u00f3n QP\" \/>\n\t<meta name=\"twitter:label2\" content=\"Tiempo de lectura\" \/>\n\t<meta name=\"twitter:data2\" content=\"1 minuto\" \/>\n<script type=\"application\/ld+json\" class=\"yoast-schema-graph\">{\"@context\":\"https:\\\/\\\/schema.org\",\"@graph\":[{\"@type\":\"Article\",\"@id\":\"https:\\\/\\\/quehacerpolitico.mx\\\/?p=97198#article\",\"isPartOf\":{\"@id\":\"https:\\\/\\\/quehacerpolitico.mx\\\/?p=97198\"},\"author\":{\"name\":\"Redacci\u00f3n QP\",\"@id\":\"https:\\\/\\\/quehacerpolitico.mx\\\/#\\\/schema\\\/person\\\/496d8ad2d1d3f8036101dca7ee39e585\"},\"headline\":\"Hubo &#8220;mapaches&#8221; acusados de fraudes electorales en marcha: Garc\u00eda Vilchis\",\"datePublished\":\"2022-11-16T16:28:53+00:00\",\"dateModified\":\"2022-11-16T16:49:07+00:00\",\"mainEntityOfPage\":{\"@id\":\"https:\\\/\\\/quehacerpolitico.mx\\\/?p=97198\"},\"wordCount\":266,\"commentCount\":0,\"image\":{\"@id\":\"https:\\\/\\\/quehacerpolitico.mx\\\/?p=97198#primaryimage\"},\"thumbnailUrl\":\"https:\\\/\\\/quehacerpolitico.mx\\\/wp-content\\\/uploads\\\/2022\\\/11\\\/9ACAC6CB-BCB0-4C9C-BEE6-3451EA3E6B3E.jpeg\",\"articleSection\":[\"Noticias\"],\"inLanguage\":\"es\",\"potentialAction\":[{\"@type\":\"CommentAction\",\"name\":\"Comment\",\"target\":[\"https:\\\/\\\/quehacerpolitico.mx\\\/?p=97198#respond\"]}]},{\"@type\":\"WebPage\",\"@id\":\"https:\\\/\\\/quehacerpolitico.mx\\\/?p=97198\",\"url\":\"https:\\\/\\\/quehacerpolitico.mx\\\/?p=97198\",\"name\":\"Hubo \\\"mapaches\\\" acusados de fraudes electorales en marcha: Garc\u00eda Vilchis -\",\"isPartOf\":{\"@id\":\"https:\\\/\\\/quehacerpolitico.mx\\\/#website\"},\"primaryImageOfPage\":{\"@id\":\"https:\\\/\\\/quehacerpolitico.mx\\\/?p=97198#primaryimage\"},\"image\":{\"@id\":\"https:\\\/\\\/quehacerpolitico.mx\\\/?p=97198#primaryimage\"},\"thumbnailUrl\":\"https:\\\/\\\/quehacerpolitico.mx\\\/wp-content\\\/uploads\\\/2022\\\/11\\\/9ACAC6CB-BCB0-4C9C-BEE6-3451EA3E6B3E.jpeg\",\"datePublished\":\"2022-11-16T16:28:53+00:00\",\"dateModified\":\"2022-11-16T16:49:07+00:00\",\"author\":{\"@id\":\"https:\\\/\\\/quehacerpolitico.mx\\\/#\\\/schema\\\/person\\\/496d8ad2d1d3f8036101dca7ee39e585\"},\"breadcrumb\":{\"@id\":\"https:\\\/\\\/quehacerpolitico.mx\\\/?p=97198#breadcrumb\"},\"inLanguage\":\"es\",\"potentialAction\":[{\"@type\":\"ReadAction\",\"target\":[\"https:\\\/\\\/quehacerpolitico.mx\\\/?p=97198\"]}]},{\"@type\":\"ImageObject\",\"inLanguage\":\"es\",\"@id\":\"https:\\\/\\\/quehacerpolitico.mx\\\/?p=97198#primaryimage\",\"url\":\"https:\\\/\\\/quehacerpolitico.mx\\\/wp-content\\\/uploads\\\/2022\\\/11\\\/9ACAC6CB-BCB0-4C9C-BEE6-3451EA3E6B3E.jpeg\",\"contentUrl\":\"https:\\\/\\\/quehacerpolitico.mx\\\/wp-content\\\/uploads\\\/2022\\\/11\\\/9ACAC6CB-BCB0-4C9C-BEE6-3451EA3E6B3E.jpeg\",\"width\":1284,\"height\":645},{\"@type\":\"BreadcrumbList\",\"@id\":\"https:\\\/\\\/quehacerpolitico.mx\\\/?p=97198#breadcrumb\",\"itemListElement\":[{\"@type\":\"ListItem\",\"position\":1,\"name\":\"Inicio\",\"item\":\"https:\\\/\\\/quehacerpolitico.mx\\\/\"},{\"@type\":\"ListItem\",\"position\":2,\"name\":\"Hubo &#8220;mapaches&#8221; acusados de fraudes electorales en marcha: Garc\u00eda Vilchis\"}]},{\"@type\":\"WebSite\",\"@id\":\"https:\\\/\\\/quehacerpolitico.mx\\\/#website\",\"url\":\"https:\\\/\\\/quehacerpolitico.mx\\\/\",\"name\":\"\",\"description\":\"\",\"potentialAction\":[{\"@type\":\"SearchAction\",\"target\":{\"@type\":\"EntryPoint\",\"urlTemplate\":\"https:\\\/\\\/quehacerpolitico.mx\\\/?s={search_term_string}\"},\"query-input\":{\"@type\":\"PropertyValueSpecification\",\"valueRequired\":true,\"valueName\":\"search_term_string\"}}],\"inLanguage\":\"es\"},{\"@type\":\"Person\",\"@id\":\"https:\\\/\\\/quehacerpolitico.mx\\\/#\\\/schema\\\/person\\\/496d8ad2d1d3f8036101dca7ee39e585\",\"name\":\"Redacci\u00f3n QP\",\"image\":{\"@type\":\"ImageObject\",\"inLanguage\":\"es\",\"@id\":\"https:\\\/\\\/secure.gravatar.com\\\/avatar\\\/c7164ed6fdec453195284ad24a5ae5b6e1eed2b848477fa2a4787ba9adf39a41?s=96&d=mm&r=g\",\"url\":\"https:\\\/\\\/secure.gravatar.com\\\/avatar\\\/c7164ed6fdec453195284ad24a5ae5b6e1eed2b848477fa2a4787ba9adf39a41?s=96&d=mm&r=g\",\"contentUrl\":\"https:\\\/\\\/secure.gravatar.com\\\/avatar\\\/c7164ed6fdec453195284ad24a5ae5b6e1eed2b848477fa2a4787ba9adf39a41?s=96&d=mm&r=g\",\"caption\":\"Redacci\u00f3n QP\"},\"url\":\"https:\\\/\\\/quehacerpolitico.mx\\\/?author=2\"}]}<\/script>\n<!-- \/ Yoast SEO plugin. -->","yoast_head_json":{"title":"Hubo \"mapaches\" acusados de fraudes electorales en marcha: Garc\u00eda Vilchis -","robots":{"index":"index","follow":"follow","max-snippet":"max-snippet:-1","max-image-preview":"max-image-preview:large","max-video-preview":"max-video-preview:-1"},"canonical":"https:\/\/quehacerpolitico.mx\/?p=97198","og_locale":"es_MX","og_type":"article","og_title":"Hubo \"mapaches\" acusados de fraudes electorales en marcha: Garc\u00eda Vilchis -","og_description":"Por Redacci\u00f3n QP Ana Elizabeth Garc\u00eda Vilchis califica a la marcha del pasado domingo como&nbsp;una...","og_url":"https:\/\/quehacerpolitico.mx\/?p=97198","article_published_time":"2022-11-16T16:28:53+00:00","article_modified_time":"2022-11-16T16:49:07+00:00","og_image":[{"width":1284,"height":645,"url":"https:\/\/quehacerpolitico.mx\/wp-content\/uploads\/2022\/11\/9ACAC6CB-BCB0-4C9C-BEE6-3451EA3E6B3E.jpeg","type":"image\/jpeg"}],"author":"Redacci\u00f3n QP","twitter_card":"summary_large_image","twitter_misc":{"Escrito por":"Redacci\u00f3n QP","Tiempo de lectura":"1 minuto"},"schema":{"@context":"https:\/\/schema.org","@graph":[{"@type":"Article","@id":"https:\/\/quehacerpolitico.mx\/?p=97198#article","isPartOf":{"@id":"https:\/\/quehacerpolitico.mx\/?p=97198"},"author":{"name":"Redacci\u00f3n QP","@id":"https:\/\/quehacerpolitico.mx\/#\/schema\/person\/496d8ad2d1d3f8036101dca7ee39e585"},"headline":"Hubo &#8220;mapaches&#8221; acusados de fraudes electorales en marcha: Garc\u00eda Vilchis","datePublished":"2022-11-16T16:28:53+00:00","dateModified":"2022-11-16T16:49:07+00:00","mainEntityOfPage":{"@id":"https:\/\/quehacerpolitico.mx\/?p=97198"},"wordCount":266,"commentCount":0,"image":{"@id":"https:\/\/quehacerpolitico.mx\/?p=97198#primaryimage"},"thumbnailUrl":"https:\/\/quehacerpolitico.mx\/wp-content\/uploads\/2022\/11\/9ACAC6CB-BCB0-4C9C-BEE6-3451EA3E6B3E.jpeg","articleSection":["Noticias"],"inLanguage":"es","potentialAction":[{"@type":"CommentAction","name":"Comment","target":["https:\/\/quehacerpolitico.mx\/?p=97198#respond"]}]},{"@type":"WebPage","@id":"https:\/\/quehacerpolitico.mx\/?p=97198","url":"https:\/\/quehacerpolitico.mx\/?p=97198","name":"Hubo \"mapaches\" acusados de fraudes electorales en marcha: Garc\u00eda Vilchis -","isPartOf":{"@id":"https:\/\/quehacerpolitico.mx\/#website"},"primaryImageOfPage":{"@id":"https:\/\/quehacerpolitico.mx\/?p=97198#primaryimage"},"image":{"@id":"https:\/\/quehacerpolitico.mx\/?p=97198#primaryimage"},"thumbnailUrl":"https:\/\/quehacerpolitico.mx\/wp-content\/uploads\/2022\/11\/9ACAC6CB-BCB0-4C9C-BEE6-3451EA3E6B3E.jpeg","datePublished":"2022-11-16T16:28:53+00:00","dateModified":"2022-11-16T16:49:07+00:00","author":{"@id":"https:\/\/quehacerpolitico.mx\/#\/schema\/person\/496d8ad2d1d3f8036101dca7ee39e585"},"breadcrumb":{"@id":"https:\/\/quehacerpolitico.mx\/?p=97198#breadcrumb"},"inLanguage":"es","potentialAction":[{"@type":"ReadAction","target":["https:\/\/quehacerpolitico.mx\/?p=97198"]}]},{"@type":"ImageObject","inLanguage":"es","@id":"https:\/\/quehacerpolitico.mx\/?p=97198#primaryimage","url":"https:\/\/quehacerpolitico.mx\/wp-content\/uploads\/2022\/11\/9ACAC6CB-BCB0-4C9C-BEE6-3451EA3E6B3E.jpeg","contentUrl":"https:\/\/quehacerpolitico.mx\/wp-content\/uploads\/2022\/11\/9ACAC6CB-BCB0-4C9C-BEE6-3451EA3E6B3E.jpeg","width":1284,"height":645},{"@type":"BreadcrumbList","@id":"https:\/\/quehacerpolitico.mx\/?p=97198#breadcrumb","itemListElement":[{"@type":"ListItem","position":1,"name":"Inicio","item":"https:\/\/quehacerpolitico.mx\/"},{"@type":"ListItem","position":2,"name":"Hubo &#8220;mapaches&#8221; acusados de fraudes electorales en marcha: Garc\u00eda Vilchis"}]},{"@type":"WebSite","@id":"https:\/\/quehacerpolitico.mx\/#website","url":"https:\/\/quehacerpolitico.mx\/","name":"","description":"","potentialAction":[{"@type":"SearchAction","target":{"@type":"EntryPoint","urlTemplate":"https:\/\/quehacerpolitico.mx\/?s={search_term_string}"},"query-input":{"@type":"PropertyValueSpecification","valueRequired":true,"valueName":"search_term_string"}}],"inLanguage":"es"},{"@type":"Person","@id":"https:\/\/quehacerpolitico.mx\/#\/schema\/person\/496d8ad2d1d3f8036101dca7ee39e585","name":"Redacci\u00f3n QP","image":{"@type":"ImageObject","inLanguage":"es","@id":"https:\/\/secure.gravatar.com\/avatar\/c7164ed6fdec453195284ad24a5ae5b6e1eed2b848477fa2a4787ba9adf39a41?s=96&d=mm&r=g","url":"https:\/\/secure.gravatar.com\/avatar\/c7164ed6fdec453195284ad24a5ae5b6e1eed2b848477fa2a4787ba9adf39a41?s=96&d=mm&r=g","contentUrl":"https:\/\/secure.gravatar.com\/avatar\/c7164ed6fdec453195284ad24a5ae5b6e1eed2b848477fa2a4787ba9adf39a41?s=96&d=mm&r=g","caption":"Redacci\u00f3n QP"},"url":"https:\/\/quehacerpolitico.mx\/?author=2"}]}},"featured_image_urls":{"full":["https:\/\/quehacerpolitico.mx\/wp-content\/uploads\/2022\/11\/9ACAC6CB-BCB0-4C9C-BEE6-3451EA3E6B3E.jpeg",1284,645,false],"thumbnail":["https:\/\/quehacerpolitico.mx\/wp-content\/uploads\/2022\/11\/9ACAC6CB-BCB0-4C9C-BEE6-3451EA3E6B3E-150x150.jpeg",150,150,true],"medium":["https:\/\/quehacerpolitico.mx\/wp-content\/uploads\/2022\/11\/9ACAC6CB-BCB0-4C9C-BEE6-3451EA3E6B3E-300x151.jpeg",300,151,true],"medium_large":["https:\/\/quehacerpolitico.mx\/wp-content\/uploads\/2022\/11\/9ACAC6CB-BCB0-4C9C-BEE6-3451EA3E6B3E-768x386.jpeg",640,322,true],"large":["https:\/\/quehacerpolitico.mx\/wp-content\/uploads\/2022\/11\/9ACAC6CB-BCB0-4C9C-BEE6-3451EA3E6B3E-1024x514.jpeg",640,321,true],"1536x1536":["https:\/\/quehacerpolitico.mx\/wp-content\/uploads\/2022\/11\/9ACAC6CB-BCB0-4C9C-BEE6-3451EA3E6B3E.jpeg",1284,645,false],"2048x2048":["https:\/\/quehacerpolitico.mx\/wp-content\/uploads\/2022\/11\/9ACAC6CB-BCB0-4C9C-BEE6-3451EA3E6B3E.jpeg",1284,645,false],"covernews-featured":["https:\/\/quehacerpolitico.mx\/wp-content\/uploads\/2022\/11\/9ACAC6CB-BCB0-4C9C-BEE6-3451EA3E6B3E.jpeg",1024,514,false],"covernews-medium":["https:\/\/quehacerpolitico.mx\/wp-content\/uploads\/2022\/11\/9ACAC6CB-BCB0-4C9C-BEE6-3451EA3E6B3E.jpeg",540,271,false]},"author_info":{"display_name":"Redacci\u00f3n QP","author_link":"https:\/\/quehacerpolitico.mx\/?author=2"},"category_info":"<a href=\"https:\/\/quehacerpolitico.mx\/?cat=2\" rel=\"category\">Noticias<\/a>","tag_info":"Noticias","comment_count":"0","_links":{"self":[{"href":"https:\/\/quehacerpolitico.mx\/index.php?rest_route=\/wp\/v2\/posts\/97198","targetHints":{"allow":["GET"]}}],"collection":[{"href":"https:\/\/quehacerpolitico.mx\/index.php?rest_route=\/wp\/v2\/posts"}],"about":[{"href":"https:\/\/quehacerpolitico.mx\/index.php?rest_route=\/wp\/v2\/types\/post"}],"author":[{"embeddable":true,"href":"https:\/\/quehacerpolitico.mx\/index.php?rest_route=\/wp\/v2\/users\/2"}],"replies":[{"embeddable":true,"href":"https:\/\/quehacerpolitico.mx\/index.php?rest_route=%2Fwp%2Fv2%2Fcomments&post=97198"}],"version-history":[{"count":2,"href":"https:\/\/quehacerpolitico.mx\/index.php?rest_route=\/wp\/v2\/posts\/97198\/revisions"}],"predecessor-version":[{"id":97204,"href":"https:\/\/quehacerpolitico.mx\/index.php?rest_route=\/wp\/v2\/posts\/97198\/revisions\/97204"}],"wp:featuredmedia":[{"embeddable":true,"href":"https:\/\/quehacerpolitico.mx\/index.php?rest_route=\/wp\/v2\/media\/97199"}],"wp:attachment":[{"href":"https:\/\/quehacerpolitico.mx\/index.php?rest_route=%2Fwp%2Fv2%2Fmedia&parent=97198"}],"wp:term":[{"taxonomy":"category","embeddable":true,"href":"https:\/\/quehacerpolitico.mx\/index.php?rest_route=%2Fwp%2Fv2%2Fcategories&post=97198"},{"taxonomy":"post_tag","embeddable":true,"href":"https:\/\/quehacerpolitico.mx\/index.php?rest_route=%2Fwp%2Fv2%2Ftags&post=97198"}],"curies":[{"name":"wp","href":"https:\/\/api.w.org\/{rel}","templated":true}]}}