{"id":97175,"date":"2022-11-16T01:54:17","date_gmt":"2022-11-16T01:54:17","guid":{"rendered":"https:\/\/quehacerpolitico.mx\/?p=97175"},"modified":"2022-11-16T01:54:21","modified_gmt":"2022-11-16T01:54:21","slug":"este-19-de-noviembre-se-inaugura-el-hotel-holiday-inn-del-aifa","status":"publish","type":"post","link":"https:\/\/quehacerpolitico.mx\/?p=97175","title":{"rendered":"Este 19 de Noviembre se inaugura el hotel Holiday Inn del AIFA"},"content":{"rendered":"\n<p>Por Redacci\u00f3n NotiExpress | La Revista del Sector Inmobiliario<\/p>\n\n\n\n<p><strong>Holiday Inn<\/strong>, de la cadena IHG Hotels &amp; Resorts,\u00a0<strong>abrir\u00e1 un nuevo complejo dentro del Aeropuerto Internacional Felipe \u00c1ngeles<\/strong>(AIFA), el s\u00e1bado 19 de noviembre.<\/p>\n\n\n\n<p>Aunque la inauguraci\u00f3n del hotel estaba programada para agosto de 2022, esta se vio retrasada debido a la<strong>&nbsp;falta de equipamiento y suministros necesarios<\/strong>.<\/p>\n\n\n\n<p>De acuerdo con las autoridades militares del aer\u00f3dromo, uno de los argumentos de las empresas proveedoras para su retraso<strong>\u00a0fue la pandemia<\/strong>.<\/p>\n\n\n\n<figure class=\"wp-block-image size-large\"><img loading=\"lazy\" decoding=\"async\" width=\"1024\" height=\"768\" src=\"https:\/\/quehacerpolitico.mx\/wp-content\/uploads\/2022\/11\/image-37-1024x768.jpeg\" alt=\"\" class=\"wp-image-97180\" srcset=\"https:\/\/quehacerpolitico.mx\/wp-content\/uploads\/2022\/11\/image-37-1024x768.jpeg 1024w, https:\/\/quehacerpolitico.mx\/wp-content\/uploads\/2022\/11\/image-37-300x225.jpeg 300w, https:\/\/quehacerpolitico.mx\/wp-content\/uploads\/2022\/11\/image-37-768x576.jpeg 768w, https:\/\/quehacerpolitico.mx\/wp-content\/uploads\/2022\/11\/image-37-195x146.jpeg 195w, https:\/\/quehacerpolitico.mx\/wp-content\/uploads\/2022\/11\/image-37-50x38.jpeg 50w, https:\/\/quehacerpolitico.mx\/wp-content\/uploads\/2022\/11\/image-37-100x75.jpeg 100w, https:\/\/quehacerpolitico.mx\/wp-content\/uploads\/2022\/11\/image-37-960x720.jpeg 960w, https:\/\/quehacerpolitico.mx\/wp-content\/uploads\/2022\/11\/image-37.jpeg 1536w\" sizes=\"auto, (max-width: 1024px) 100vw, 1024px\" \/><\/figure>\n\n\n\n<p>\u201cDejaron de trabajar y sus&nbsp;<strong>l\u00edneas de producci\u00f3n se vieron afectadas<\/strong>. Por ello, no han terminado de colocar detalles que requieren para funcionar de manera certificada\u201d, indicaron.<\/p>\n\n\n\n<p>La apertura de lo que ser\u00e1 el \u201c<strong>Holiday Inn &amp; Suites Mexico Felipe \u00c1ngeles Airport<\/strong>\u201d fue confirmada por el general Isidoro Pastor Rom\u00e1n, director del AIFA.<\/p>\n\n\n\n<p>El marcial a\u00f1adi\u00f3 que el\u00a0<strong>recinto ya se encuentra en la \u00faltima etapa de certificaci\u00f3n<\/strong>\u00a0de parte de la cadena hotelera internacional.<\/p>\n\n\n\n<figure class=\"wp-block-image size-large\"><img loading=\"lazy\" decoding=\"async\" width=\"1024\" height=\"512\" src=\"https:\/\/quehacerpolitico.mx\/wp-content\/uploads\/2022\/11\/image-39-1024x512.jpeg\" alt=\"\" class=\"wp-image-97182\" srcset=\"https:\/\/quehacerpolitico.mx\/wp-content\/uploads\/2022\/11\/image-39-1024x512.jpeg 1024w, https:\/\/quehacerpolitico.mx\/wp-content\/uploads\/2022\/11\/image-39-300x150.jpeg 300w, https:\/\/quehacerpolitico.mx\/wp-content\/uploads\/2022\/11\/image-39-768x384.jpeg 768w, https:\/\/quehacerpolitico.mx\/wp-content\/uploads\/2022\/11\/image-39-260x130.jpeg 260w, https:\/\/quehacerpolitico.mx\/wp-content\/uploads\/2022\/11\/image-39-50x25.jpeg 50w, https:\/\/quehacerpolitico.mx\/wp-content\/uploads\/2022\/11\/image-39-150x75.jpeg 150w, https:\/\/quehacerpolitico.mx\/wp-content\/uploads\/2022\/11\/image-39.jpeg 1536w\" sizes=\"auto, (max-width: 1024px) 100vw, 1024px\" \/><\/figure>\n\n\n\n<figure class=\"wp-block-image size-full\"><img loading=\"lazy\" decoding=\"async\" width=\"640\" height=\"360\" src=\"https:\/\/quehacerpolitico.mx\/wp-content\/uploads\/2022\/11\/image-34.jpeg\" alt=\"\" class=\"wp-image-97177\" srcset=\"https:\/\/quehacerpolitico.mx\/wp-content\/uploads\/2022\/11\/image-34.jpeg 640w, https:\/\/quehacerpolitico.mx\/wp-content\/uploads\/2022\/11\/image-34-300x169.jpeg 300w, https:\/\/quehacerpolitico.mx\/wp-content\/uploads\/2022\/11\/image-34-260x146.jpeg 260w, https:\/\/quehacerpolitico.mx\/wp-content\/uploads\/2022\/11\/image-34-50x28.jpeg 50w, https:\/\/quehacerpolitico.mx\/wp-content\/uploads\/2022\/11\/image-34-133x75.jpeg 133w\" sizes=\"auto, (max-width: 640px) 100vw, 640px\" \/><\/figure>\n\n\n\n<p id=\"caption-attachment-87617\">Cortes\u00eda: Holiday Inn<\/p>\n\n\n\n<h3 class=\"wp-block-heading\"><strong>Amenidades del Holiday Inn AIFA<\/strong><\/h3>\n\n\n\n<p>El hotel Holiday Inn del AIFA contar\u00e1 con&nbsp;<strong>220 habitaciones,<\/strong>&nbsp;distribuidas en seis niveles y poco m\u00e1s de&nbsp;<strong>21 mil 965 metros cuadrados<\/strong>&nbsp;de construcci\u00f3n.<\/p>\n\n\n\n<p>Cabe destacar que hasta el momento es el&nbsp;<strong>\u00fanico con conexi\u00f3n directa hacia la terminal a\u00e9rea<\/strong>, mediante un&nbsp;<strong>skywalk<\/strong>.<\/p>\n\n\n\n<p>Contar\u00e1 con dos restaurantes, terrazas, spa, un espacio de oficina compartida, gimnasio, lavander\u00eda de autoservicio, centro de negocios, salones para eventos, una agencia de viajes y dos s\u00f3tanos de estacionamiento.<\/p>\n\n\n\n<p>Durante los primeros tres meses de operaci\u00f3n,\u00a0<strong>IHG Hotels &amp; Resorts contempla una ocupaci\u00f3n de hasta el 75 por ciento<\/strong>.<\/p>\n\n\n\n<figure class=\"wp-block-image size-full\"><img loading=\"lazy\" decoding=\"async\" width=\"607\" height=\"415\" src=\"https:\/\/quehacerpolitico.mx\/wp-content\/uploads\/2022\/11\/image-36.jpeg\" alt=\"\" class=\"wp-image-97179\" srcset=\"https:\/\/quehacerpolitico.mx\/wp-content\/uploads\/2022\/11\/image-36.jpeg 607w, https:\/\/quehacerpolitico.mx\/wp-content\/uploads\/2022\/11\/image-36-300x205.jpeg 300w, https:\/\/quehacerpolitico.mx\/wp-content\/uploads\/2022\/11\/image-36-214x146.jpeg 214w, https:\/\/quehacerpolitico.mx\/wp-content\/uploads\/2022\/11\/image-36-50x34.jpeg 50w, https:\/\/quehacerpolitico.mx\/wp-content\/uploads\/2022\/11\/image-36-110x75.jpeg 110w\" sizes=\"auto, (max-width: 607px) 100vw, 607px\" \/><\/figure>\n\n\n\n<p id=\"caption-attachment-87618\">Cortes\u00eda: Holiday Inn<\/p>\n\n\n\n<h3 class=\"wp-block-heading\"><strong>Renta oficial de habitaciones comenzar\u00e1 en marzo del 2023<\/strong><\/h3>\n\n\n\n<p>Aunque la renta de las primeras habitaciones estaba prevista para el<strong>&nbsp;21 de enero del 2023<\/strong>, estar\u00e1n&nbsp;<strong>disponibles hasta el 1 de marzo del siguiente a\u00f1o<\/strong>.<\/p>\n\n\n\n<p>Por su parte, Jorge Ap\u00e1ez, jefe de la Oficina de Operaciones de IHG para M\u00e9xico, Am\u00e9rica Latina y el Caribe, estim\u00f3 que el\u00a0<strong>precio por noche oscile entre 110 a 120 d\u00f3lares<\/strong>.<\/p>\n\n\n\n<figure class=\"wp-block-image size-full\"><img loading=\"lazy\" decoding=\"async\" width=\"1024\" height=\"683\" src=\"https:\/\/quehacerpolitico.mx\/wp-content\/uploads\/2022\/11\/image-38.jpeg\" alt=\"\" class=\"wp-image-97181\" srcset=\"https:\/\/quehacerpolitico.mx\/wp-content\/uploads\/2022\/11\/image-38.jpeg 1024w, https:\/\/quehacerpolitico.mx\/wp-content\/uploads\/2022\/11\/image-38-300x200.jpeg 300w, https:\/\/quehacerpolitico.mx\/wp-content\/uploads\/2022\/11\/image-38-768x512.jpeg 768w, https:\/\/quehacerpolitico.mx\/wp-content\/uploads\/2022\/11\/image-38-219x146.jpeg 219w, https:\/\/quehacerpolitico.mx\/wp-content\/uploads\/2022\/11\/image-38-50x33.jpeg 50w, https:\/\/quehacerpolitico.mx\/wp-content\/uploads\/2022\/11\/image-38-112x75.jpeg 112w\" sizes=\"auto, (max-width: 1024px) 100vw, 1024px\" \/><\/figure>\n\n\n\n<p>No se te olvide que?<\/p>\n\n\n\n<p>En\u00a0NotiExpress | La Revista del Sector Inmobiliario nos ocupamos en la difusi\u00f3n de la industria inmobiliaria generamos contenidos que te ayudar\u00e1n a mantenerte a la vanguardia en tecnolog\u00eda y en tendencias del sector inmobiliario para que puedas ofrecer el mejor servicio y generar m\u00e1s clientes.<\/p>\n\n\n\n<p>\u00c9chale una miradita a nuestra revista mensual donde encontrar\u00e1s la informaci\u00f3n precisa y oportuna con todo lo relacionado al sector inmobiliario aqu\u00ed\u00a0?<a href=\"https:\/\/issuu.com\/notiexpressmx\/docs\/notiexpress_07\">https:\/\/issuu.com\/notiexpressmx\/docs\/notiexpress_07\u00a0<\/a>\u00a0NotiExpress | La Revista del Sector Inmobiliario<\/p>\n\n\n\n<figure class=\"wp-block-image size-large\"><img loading=\"lazy\" decoding=\"async\" width=\"1024\" height=\"378\" src=\"https:\/\/quehacerpolitico.mx\/wp-content\/uploads\/2022\/11\/image-33-1024x378.jpeg\" alt=\"\" class=\"wp-image-97176\" srcset=\"https:\/\/quehacerpolitico.mx\/wp-content\/uploads\/2022\/11\/image-33-1024x378.jpeg 1024w, https:\/\/quehacerpolitico.mx\/wp-content\/uploads\/2022\/11\/image-33-300x111.jpeg 300w, https:\/\/quehacerpolitico.mx\/wp-content\/uploads\/2022\/11\/image-33-768x284.jpeg 768w, https:\/\/quehacerpolitico.mx\/wp-content\/uploads\/2022\/11\/image-33-260x96.jpeg 260w, https:\/\/quehacerpolitico.mx\/wp-content\/uploads\/2022\/11\/image-33-50x18.jpeg 50w, https:\/\/quehacerpolitico.mx\/wp-content\/uploads\/2022\/11\/image-33-150x55.jpeg 150w, https:\/\/quehacerpolitico.mx\/wp-content\/uploads\/2022\/11\/image-33.jpeg 1280w\" sizes=\"auto, (max-width: 1024px) 100vw, 1024px\" \/><\/figure>\n","protected":false},"excerpt":{"rendered":"<p>Por Redacci\u00f3n NotiExpress | La Revista del Sector Inmobiliario Holiday Inn, de la cadena IHG&#8230;<\/p>\n","protected":false},"author":2,"featured_media":97183,"comment_status":"open","ping_status":"open","sticky":false,"template":"","format":"standard","meta":{"_monsterinsights_skip_tracking":false,"_monsterinsights_sitenote_active":false,"_monsterinsights_sitenote_note":"","_monsterinsights_sitenote_category":0,"footnotes":""},"categories":[56],"tags":[],"class_list":["post-97175","post","type-post","status-publish","format-standard","has-post-thumbnail","hentry","category-economia"],"yoast_head":"<!-- This site is optimized with the Yoast SEO plugin v27.3 - https:\/\/yoast.com\/product\/yoast-seo-wordpress\/ -->\n<title>Este 19 de Noviembre se inaugura el hotel Holiday Inn del AIFA -<\/title>\n<meta name=\"robots\" content=\"index, follow, max-snippet:-1, max-image-preview:large, max-video-preview:-1\" \/>\n<link rel=\"canonical\" href=\"https:\/\/quehacerpolitico.mx\/?p=97175\" \/>\n<meta property=\"og:locale\" content=\"es_MX\" \/>\n<meta property=\"og:type\" content=\"article\" \/>\n<meta property=\"og:title\" content=\"Este 19 de Noviembre se inaugura el hotel Holiday Inn del AIFA -\" \/>\n<meta property=\"og:description\" content=\"Por Redacci\u00f3n NotiExpress | La Revista del Sector Inmobiliario Holiday Inn, de la cadena IHG...\" \/>\n<meta property=\"og:url\" content=\"https:\/\/quehacerpolitico.mx\/?p=97175\" \/>\n<meta property=\"article:published_time\" content=\"2022-11-16T01:54:17+00:00\" \/>\n<meta property=\"article:modified_time\" content=\"2022-11-16T01:54:21+00:00\" \/>\n<meta property=\"og:image\" content=\"https:\/\/quehacerpolitico.mx\/wp-content\/uploads\/2022\/11\/D93AE7A8-A8CF-42C2-9AA2-2B45374B9A3D.jpeg\" \/>\n\t<meta property=\"og:image:width\" content=\"2046\" \/>\n\t<meta property=\"og:image:height\" content=\"1113\" \/>\n\t<meta property=\"og:image:type\" content=\"image\/jpeg\" \/>\n<meta name=\"author\" content=\"Redacci\u00f3n QP\" \/>\n<meta name=\"twitter:card\" content=\"summary_large_image\" \/>\n<meta name=\"twitter:label1\" content=\"Escrito por\" \/>\n\t<meta name=\"twitter:data1\" content=\"Redacci\u00f3n QP\" \/>\n\t<meta name=\"twitter:label2\" content=\"Tiempo de lectura\" \/>\n\t<meta name=\"twitter:data2\" content=\"2 minutos\" \/>\n<script type=\"application\/ld+json\" class=\"yoast-schema-graph\">{\"@context\":\"https:\\\/\\\/schema.org\",\"@graph\":[{\"@type\":\"Article\",\"@id\":\"https:\\\/\\\/quehacerpolitico.mx\\\/?p=97175#article\",\"isPartOf\":{\"@id\":\"https:\\\/\\\/quehacerpolitico.mx\\\/?p=97175\"},\"author\":{\"name\":\"Redacci\u00f3n QP\",\"@id\":\"https:\\\/\\\/quehacerpolitico.mx\\\/#\\\/schema\\\/person\\\/496d8ad2d1d3f8036101dca7ee39e585\"},\"headline\":\"Este 19 de Noviembre se inaugura el hotel Holiday Inn del AIFA\",\"datePublished\":\"2022-11-16T01:54:17+00:00\",\"dateModified\":\"2022-11-16T01:54:21+00:00\",\"mainEntityOfPage\":{\"@id\":\"https:\\\/\\\/quehacerpolitico.mx\\\/?p=97175\"},\"wordCount\":450,\"commentCount\":0,\"image\":{\"@id\":\"https:\\\/\\\/quehacerpolitico.mx\\\/?p=97175#primaryimage\"},\"thumbnailUrl\":\"https:\\\/\\\/quehacerpolitico.mx\\\/wp-content\\\/uploads\\\/2022\\\/11\\\/D93AE7A8-A8CF-42C2-9AA2-2B45374B9A3D.jpeg\",\"articleSection\":[\"Econom\u00eda\"],\"inLanguage\":\"es\",\"potentialAction\":[{\"@type\":\"CommentAction\",\"name\":\"Comment\",\"target\":[\"https:\\\/\\\/quehacerpolitico.mx\\\/?p=97175#respond\"]}]},{\"@type\":\"WebPage\",\"@id\":\"https:\\\/\\\/quehacerpolitico.mx\\\/?p=97175\",\"url\":\"https:\\\/\\\/quehacerpolitico.mx\\\/?p=97175\",\"name\":\"Este 19 de Noviembre se inaugura el hotel Holiday Inn del AIFA -\",\"isPartOf\":{\"@id\":\"https:\\\/\\\/quehacerpolitico.mx\\\/#website\"},\"primaryImageOfPage\":{\"@id\":\"https:\\\/\\\/quehacerpolitico.mx\\\/?p=97175#primaryimage\"},\"image\":{\"@id\":\"https:\\\/\\\/quehacerpolitico.mx\\\/?p=97175#primaryimage\"},\"thumbnailUrl\":\"https:\\\/\\\/quehacerpolitico.mx\\\/wp-content\\\/uploads\\\/2022\\\/11\\\/D93AE7A8-A8CF-42C2-9AA2-2B45374B9A3D.jpeg\",\"datePublished\":\"2022-11-16T01:54:17+00:00\",\"dateModified\":\"2022-11-16T01:54:21+00:00\",\"author\":{\"@id\":\"https:\\\/\\\/quehacerpolitico.mx\\\/#\\\/schema\\\/person\\\/496d8ad2d1d3f8036101dca7ee39e585\"},\"breadcrumb\":{\"@id\":\"https:\\\/\\\/quehacerpolitico.mx\\\/?p=97175#breadcrumb\"},\"inLanguage\":\"es\",\"potentialAction\":[{\"@type\":\"ReadAction\",\"target\":[\"https:\\\/\\\/quehacerpolitico.mx\\\/?p=97175\"]}]},{\"@type\":\"ImageObject\",\"inLanguage\":\"es\",\"@id\":\"https:\\\/\\\/quehacerpolitico.mx\\\/?p=97175#primaryimage\",\"url\":\"https:\\\/\\\/quehacerpolitico.mx\\\/wp-content\\\/uploads\\\/2022\\\/11\\\/D93AE7A8-A8CF-42C2-9AA2-2B45374B9A3D.jpeg\",\"contentUrl\":\"https:\\\/\\\/quehacerpolitico.mx\\\/wp-content\\\/uploads\\\/2022\\\/11\\\/D93AE7A8-A8CF-42C2-9AA2-2B45374B9A3D.jpeg\",\"width\":2046,\"height\":1113},{\"@type\":\"BreadcrumbList\",\"@id\":\"https:\\\/\\\/quehacerpolitico.mx\\\/?p=97175#breadcrumb\",\"itemListElement\":[{\"@type\":\"ListItem\",\"position\":1,\"name\":\"Inicio\",\"item\":\"https:\\\/\\\/quehacerpolitico.mx\\\/\"},{\"@type\":\"ListItem\",\"position\":2,\"name\":\"Este 19 de Noviembre se inaugura el hotel Holiday Inn del AIFA\"}]},{\"@type\":\"WebSite\",\"@id\":\"https:\\\/\\\/quehacerpolitico.mx\\\/#website\",\"url\":\"https:\\\/\\\/quehacerpolitico.mx\\\/\",\"name\":\"\",\"description\":\"\",\"potentialAction\":[{\"@type\":\"SearchAction\",\"target\":{\"@type\":\"EntryPoint\",\"urlTemplate\":\"https:\\\/\\\/quehacerpolitico.mx\\\/?s={search_term_string}\"},\"query-input\":{\"@type\":\"PropertyValueSpecification\",\"valueRequired\":true,\"valueName\":\"search_term_string\"}}],\"inLanguage\":\"es\"},{\"@type\":\"Person\",\"@id\":\"https:\\\/\\\/quehacerpolitico.mx\\\/#\\\/schema\\\/person\\\/496d8ad2d1d3f8036101dca7ee39e585\",\"name\":\"Redacci\u00f3n QP\",\"image\":{\"@type\":\"ImageObject\",\"inLanguage\":\"es\",\"@id\":\"https:\\\/\\\/secure.gravatar.com\\\/avatar\\\/c7164ed6fdec453195284ad24a5ae5b6e1eed2b848477fa2a4787ba9adf39a41?s=96&d=mm&r=g\",\"url\":\"https:\\\/\\\/secure.gravatar.com\\\/avatar\\\/c7164ed6fdec453195284ad24a5ae5b6e1eed2b848477fa2a4787ba9adf39a41?s=96&d=mm&r=g\",\"contentUrl\":\"https:\\\/\\\/secure.gravatar.com\\\/avatar\\\/c7164ed6fdec453195284ad24a5ae5b6e1eed2b848477fa2a4787ba9adf39a41?s=96&d=mm&r=g\",\"caption\":\"Redacci\u00f3n QP\"},\"url\":\"https:\\\/\\\/quehacerpolitico.mx\\\/?author=2\"}]}<\/script>\n<!-- \/ Yoast SEO plugin. -->","yoast_head_json":{"title":"Este 19 de Noviembre se inaugura el hotel Holiday Inn del AIFA -","robots":{"index":"index","follow":"follow","max-snippet":"max-snippet:-1","max-image-preview":"max-image-preview:large","max-video-preview":"max-video-preview:-1"},"canonical":"https:\/\/quehacerpolitico.mx\/?p=97175","og_locale":"es_MX","og_type":"article","og_title":"Este 19 de Noviembre se inaugura el hotel Holiday Inn del AIFA -","og_description":"Por Redacci\u00f3n NotiExpress | La Revista del Sector Inmobiliario Holiday Inn, de la cadena IHG...","og_url":"https:\/\/quehacerpolitico.mx\/?p=97175","article_published_time":"2022-11-16T01:54:17+00:00","article_modified_time":"2022-11-16T01:54:21+00:00","og_image":[{"width":2046,"height":1113,"url":"https:\/\/quehacerpolitico.mx\/wp-content\/uploads\/2022\/11\/D93AE7A8-A8CF-42C2-9AA2-2B45374B9A3D.jpeg","type":"image\/jpeg"}],"author":"Redacci\u00f3n QP","twitter_card":"summary_large_image","twitter_misc":{"Escrito por":"Redacci\u00f3n QP","Tiempo de lectura":"2 minutos"},"schema":{"@context":"https:\/\/schema.org","@graph":[{"@type":"Article","@id":"https:\/\/quehacerpolitico.mx\/?p=97175#article","isPartOf":{"@id":"https:\/\/quehacerpolitico.mx\/?p=97175"},"author":{"name":"Redacci\u00f3n QP","@id":"https:\/\/quehacerpolitico.mx\/#\/schema\/person\/496d8ad2d1d3f8036101dca7ee39e585"},"headline":"Este 19 de Noviembre se inaugura el hotel Holiday Inn del AIFA","datePublished":"2022-11-16T01:54:17+00:00","dateModified":"2022-11-16T01:54:21+00:00","mainEntityOfPage":{"@id":"https:\/\/quehacerpolitico.mx\/?p=97175"},"wordCount":450,"commentCount":0,"image":{"@id":"https:\/\/quehacerpolitico.mx\/?p=97175#primaryimage"},"thumbnailUrl":"https:\/\/quehacerpolitico.mx\/wp-content\/uploads\/2022\/11\/D93AE7A8-A8CF-42C2-9AA2-2B45374B9A3D.jpeg","articleSection":["Econom\u00eda"],"inLanguage":"es","potentialAction":[{"@type":"CommentAction","name":"Comment","target":["https:\/\/quehacerpolitico.mx\/?p=97175#respond"]}]},{"@type":"WebPage","@id":"https:\/\/quehacerpolitico.mx\/?p=97175","url":"https:\/\/quehacerpolitico.mx\/?p=97175","name":"Este 19 de Noviembre se inaugura el hotel Holiday Inn del AIFA -","isPartOf":{"@id":"https:\/\/quehacerpolitico.mx\/#website"},"primaryImageOfPage":{"@id":"https:\/\/quehacerpolitico.mx\/?p=97175#primaryimage"},"image":{"@id":"https:\/\/quehacerpolitico.mx\/?p=97175#primaryimage"},"thumbnailUrl":"https:\/\/quehacerpolitico.mx\/wp-content\/uploads\/2022\/11\/D93AE7A8-A8CF-42C2-9AA2-2B45374B9A3D.jpeg","datePublished":"2022-11-16T01:54:17+00:00","dateModified":"2022-11-16T01:54:21+00:00","author":{"@id":"https:\/\/quehacerpolitico.mx\/#\/schema\/person\/496d8ad2d1d3f8036101dca7ee39e585"},"breadcrumb":{"@id":"https:\/\/quehacerpolitico.mx\/?p=97175#breadcrumb"},"inLanguage":"es","potentialAction":[{"@type":"ReadAction","target":["https:\/\/quehacerpolitico.mx\/?p=97175"]}]},{"@type":"ImageObject","inLanguage":"es","@id":"https:\/\/quehacerpolitico.mx\/?p=97175#primaryimage","url":"https:\/\/quehacerpolitico.mx\/wp-content\/uploads\/2022\/11\/D93AE7A8-A8CF-42C2-9AA2-2B45374B9A3D.jpeg","contentUrl":"https:\/\/quehacerpolitico.mx\/wp-content\/uploads\/2022\/11\/D93AE7A8-A8CF-42C2-9AA2-2B45374B9A3D.jpeg","width":2046,"height":1113},{"@type":"BreadcrumbList","@id":"https:\/\/quehacerpolitico.mx\/?p=97175#breadcrumb","itemListElement":[{"@type":"ListItem","position":1,"name":"Inicio","item":"https:\/\/quehacerpolitico.mx\/"},{"@type":"ListItem","position":2,"name":"Este 19 de Noviembre se inaugura el hotel Holiday Inn del AIFA"}]},{"@type":"WebSite","@id":"https:\/\/quehacerpolitico.mx\/#website","url":"https:\/\/quehacerpolitico.mx\/","name":"","description":"","potentialAction":[{"@type":"SearchAction","target":{"@type":"EntryPoint","urlTemplate":"https:\/\/quehacerpolitico.mx\/?s={search_term_string}"},"query-input":{"@type":"PropertyValueSpecification","valueRequired":true,"valueName":"search_term_string"}}],"inLanguage":"es"},{"@type":"Person","@id":"https:\/\/quehacerpolitico.mx\/#\/schema\/person\/496d8ad2d1d3f8036101dca7ee39e585","name":"Redacci\u00f3n QP","image":{"@type":"ImageObject","inLanguage":"es","@id":"https:\/\/secure.gravatar.com\/avatar\/c7164ed6fdec453195284ad24a5ae5b6e1eed2b848477fa2a4787ba9adf39a41?s=96&d=mm&r=g","url":"https:\/\/secure.gravatar.com\/avatar\/c7164ed6fdec453195284ad24a5ae5b6e1eed2b848477fa2a4787ba9adf39a41?s=96&d=mm&r=g","contentUrl":"https:\/\/secure.gravatar.com\/avatar\/c7164ed6fdec453195284ad24a5ae5b6e1eed2b848477fa2a4787ba9adf39a41?s=96&d=mm&r=g","caption":"Redacci\u00f3n QP"},"url":"https:\/\/quehacerpolitico.mx\/?author=2"}]}},"featured_image_urls":{"full":["https:\/\/quehacerpolitico.mx\/wp-content\/uploads\/2022\/11\/D93AE7A8-A8CF-42C2-9AA2-2B45374B9A3D.jpeg",2046,1113,false],"thumbnail":["https:\/\/quehacerpolitico.mx\/wp-content\/uploads\/2022\/11\/D93AE7A8-A8CF-42C2-9AA2-2B45374B9A3D-150x150.jpeg",150,150,true],"medium":["https:\/\/quehacerpolitico.mx\/wp-content\/uploads\/2022\/11\/D93AE7A8-A8CF-42C2-9AA2-2B45374B9A3D-300x163.jpeg",300,163,true],"medium_large":["https:\/\/quehacerpolitico.mx\/wp-content\/uploads\/2022\/11\/D93AE7A8-A8CF-42C2-9AA2-2B45374B9A3D-768x418.jpeg",640,348,true],"large":["https:\/\/quehacerpolitico.mx\/wp-content\/uploads\/2022\/11\/D93AE7A8-A8CF-42C2-9AA2-2B45374B9A3D-1024x557.jpeg",640,348,true],"1536x1536":["https:\/\/quehacerpolitico.mx\/wp-content\/uploads\/2022\/11\/D93AE7A8-A8CF-42C2-9AA2-2B45374B9A3D-1536x836.jpeg",1536,836,true],"2048x2048":["https:\/\/quehacerpolitico.mx\/wp-content\/uploads\/2022\/11\/D93AE7A8-A8CF-42C2-9AA2-2B45374B9A3D.jpeg",2046,1113,false],"covernews-featured":["https:\/\/quehacerpolitico.mx\/wp-content\/uploads\/2022\/11\/D93AE7A8-A8CF-42C2-9AA2-2B45374B9A3D.jpeg",1024,557,false],"covernews-medium":["https:\/\/quehacerpolitico.mx\/wp-content\/uploads\/2022\/11\/D93AE7A8-A8CF-42C2-9AA2-2B45374B9A3D.jpeg",540,294,false]},"author_info":{"display_name":"Redacci\u00f3n QP","author_link":"https:\/\/quehacerpolitico.mx\/?author=2"},"category_info":"<a href=\"https:\/\/quehacerpolitico.mx\/?cat=56\" rel=\"category\">Econom\u00eda<\/a>","tag_info":"Econom\u00eda","comment_count":"0","_links":{"self":[{"href":"https:\/\/quehacerpolitico.mx\/index.php?rest_route=\/wp\/v2\/posts\/97175","targetHints":{"allow":["GET"]}}],"collection":[{"href":"https:\/\/quehacerpolitico.mx\/index.php?rest_route=\/wp\/v2\/posts"}],"about":[{"href":"https:\/\/quehacerpolitico.mx\/index.php?rest_route=\/wp\/v2\/types\/post"}],"author":[{"embeddable":true,"href":"https:\/\/quehacerpolitico.mx\/index.php?rest_route=\/wp\/v2\/users\/2"}],"replies":[{"embeddable":true,"href":"https:\/\/quehacerpolitico.mx\/index.php?rest_route=%2Fwp%2Fv2%2Fcomments&post=97175"}],"version-history":[{"count":1,"href":"https:\/\/quehacerpolitico.mx\/index.php?rest_route=\/wp\/v2\/posts\/97175\/revisions"}],"predecessor-version":[{"id":97184,"href":"https:\/\/quehacerpolitico.mx\/index.php?rest_route=\/wp\/v2\/posts\/97175\/revisions\/97184"}],"wp:featuredmedia":[{"embeddable":true,"href":"https:\/\/quehacerpolitico.mx\/index.php?rest_route=\/wp\/v2\/media\/97183"}],"wp:attachment":[{"href":"https:\/\/quehacerpolitico.mx\/index.php?rest_route=%2Fwp%2Fv2%2Fmedia&parent=97175"}],"wp:term":[{"taxonomy":"category","embeddable":true,"href":"https:\/\/quehacerpolitico.mx\/index.php?rest_route=%2Fwp%2Fv2%2Fcategories&post=97175"},{"taxonomy":"post_tag","embeddable":true,"href":"https:\/\/quehacerpolitico.mx\/index.php?rest_route=%2Fwp%2Fv2%2Ftags&post=97175"}],"curies":[{"name":"wp","href":"https:\/\/api.w.org\/{rel}","templated":true}]}}