{"id":97152,"date":"2022-11-15T16:42:46","date_gmt":"2022-11-15T16:42:46","guid":{"rendered":"https:\/\/quehacerpolitico.mx\/?p=97152"},"modified":"2022-11-15T16:42:49","modified_gmt":"2022-11-15T16:42:49","slug":"amlo-continua-insistiendo-en-que-la-reforma-electoral-le-conviene-al-pais","status":"publish","type":"post","link":"https:\/\/quehacerpolitico.mx\/?p=97152","title":{"rendered":"AMLO contin\u00faa insistiendo en que la Reforma Electoral &#8220;le conviene al pa\u00eds&#8221;"},"content":{"rendered":"\n<p>Por Redacci\u00f3n QP<\/p>\n\n\n\n<p>L\u00f3pez Obrador reiter\u00f3 que \u201cmuchos\u201d de los participantes en la marcha a favor del INE son \u201csimuladores, corruptos, clasistas y racistas\u201d<\/p>\n\n\n\n<p>El presidente\u00a0<strong>Andr\u00e9s Manuel\u00a0L\u00f3pez Obrador<\/strong>\u00a0volvi\u00f3 a arremeter contra quienes participaron en la \u201c<strong>Marcha por la Democracia: el INE no se toca<\/strong>\u201c, de quienes detall\u00f3 que\u00a0<strong>no est\u00e1 de acuerdo con ellos<\/strong>\u00a0y que<strong>\u00a0no tienen vocaci\u00f3n democr\u00e1tica<\/strong>.<\/p>\n\n\n\n<p>En la conferencia matutina de\u00a0<strong>Palacio Nacional<\/strong>,\u00a0<strong>L\u00f3pez Obrador<\/strong> reiter\u00f3 que \u201cmuchos\u201d de ellos son\u00a0<strong>simuladores, corruptos, clasistas y racistas<\/strong>.<\/p>\n\n\n\n<p>\u201cTienen todo su derecho a manifestarse y de expresarse, pero no estoy de acuerdo con ellos, y no solo no estoy de acuerdo con ellos, creo que no tienen vocaci\u00f3n democr\u00e1tica\u201d, declar\u00f3.<\/p>\n\n\n\n<p>\u201cO sea que son muchos de ellos, para no generalizar, simuladores y no tengo duda que muchos de ellos, para no generalizar, son corruptos; y muchos de ellos, para no generalizar, son clasistas; y muchos de ellos, para no generalizar, racistas. Ese es mi punto de vista respetuoso y esto es normal en todos lados\u201d, puntualiz\u00f3.<\/p>\n\n\n\n<p>El mandatario mexicano apunt\u00f3 que la mayor\u00eda de quienes se encuentran en en su movimiento vienen de una lucha democr\u00e1tica de a\u00f1os, donde incluso han enfrentado los fraudes electorales<\/p>\n\n\n\n<figure class=\"wp-block-embed is-type-rich is-provider-twitter wp-block-embed-twitter\"><div class=\"wp-block-embed__wrapper\">\n<blockquote class=\"twitter-tweet\" data-width=\"550\" data-dnt=\"true\"><p lang=\"es\" dir=\"ltr\">AMLO contin\u00faa insistiendo en que la Reforma Electoral &quot;le conviene al pa\u00eds&quot;<br><br>&quot;Es necesario que haya una aut\u00e9ntica democracia en M\u00e9xico&quot;. <a href=\"https:\/\/t.co\/63IQowi13G\">pic.twitter.com\/63IQowi13G<\/a><\/p>&mdash; Ruido en la Red (@RuidoEnLaRed) <a href=\"https:\/\/twitter.com\/RuidoEnLaRed\/status\/1592524913440882688?ref_src=twsrc%5Etfw\">November 15, 2022<\/a><\/blockquote><script async src=\"https:\/\/platform.twitter.com\/widgets.js\" charset=\"utf-8\"><\/script>\n<\/div><\/figure>\n\n\n\n<p>\u201cHemos padecido a todos esos, a Madrazo, a Elba Esther (Gordillo), a todos, puro delincuente electoral, puro mapache electoral, confeso\u201d, refiri\u00f3.<\/p>\n\n\n\n<p>\u201cPueden enga\u00f1ar a otros, pero cada quien toma sus decisiones y la gente sabe que se ha padecido much\u00edsimo de fraude en M\u00e9xico y es una verg\u00fcenza que est\u00e9n queriendo mantener un sistema antidemocr\u00e1tico y que salgan a marchar por eso y en efecto, no tienen conocimiento de lo que se trata, sino que es estar en contra del gobierno\u201d, agreg\u00f3.<\/p>\n\n\n\n<p>Miles de personas, en su mayor\u00eda opositores, realizaron una marcha el domingo pasado en las calles de Ciudad de M\u00e9xico y otras ciudades del pa\u00eds en defensa del Instituto Nacional Electoral (INE) y contra la pol\u00e9mica\u00a0Reforma Electoral\u00a0que impulsa el presidente L\u00f3pez Obrador.<\/p>\n","protected":false},"excerpt":{"rendered":"<p>Por Redacci\u00f3n QP L\u00f3pez Obrador reiter\u00f3 que \u201cmuchos\u201d de los participantes en la marcha a&#8230;<\/p>\n","protected":false},"author":2,"featured_media":97153,"comment_status":"open","ping_status":"open","sticky":false,"template":"","format":"standard","meta":{"_monsterinsights_skip_tracking":false,"_monsterinsights_sitenote_active":false,"_monsterinsights_sitenote_note":"","_monsterinsights_sitenote_category":0,"footnotes":""},"categories":[2],"tags":[],"class_list":["post-97152","post","type-post","status-publish","format-standard","has-post-thumbnail","hentry","category-noticias"],"yoast_head":"<!-- This site is optimized with the Yoast SEO plugin v27.3 - https:\/\/yoast.com\/product\/yoast-seo-wordpress\/ -->\n<title>AMLO contin\u00faa insistiendo en que la Reforma Electoral &quot;le conviene al pa\u00eds&quot; -<\/title>\n<meta name=\"robots\" content=\"index, follow, max-snippet:-1, max-image-preview:large, max-video-preview:-1\" \/>\n<link rel=\"canonical\" href=\"https:\/\/quehacerpolitico.mx\/?p=97152\" \/>\n<meta property=\"og:locale\" content=\"es_MX\" \/>\n<meta property=\"og:type\" content=\"article\" \/>\n<meta property=\"og:title\" content=\"AMLO contin\u00faa insistiendo en que la Reforma Electoral &quot;le conviene al pa\u00eds&quot; -\" \/>\n<meta property=\"og:description\" content=\"Por Redacci\u00f3n QP L\u00f3pez Obrador reiter\u00f3 que \u201cmuchos\u201d de los participantes en la marcha a...\" \/>\n<meta property=\"og:url\" content=\"https:\/\/quehacerpolitico.mx\/?p=97152\" \/>\n<meta property=\"article:published_time\" content=\"2022-11-15T16:42:46+00:00\" \/>\n<meta property=\"article:modified_time\" content=\"2022-11-15T16:42:49+00:00\" \/>\n<meta property=\"og:image\" content=\"https:\/\/quehacerpolitico.mx\/wp-content\/uploads\/2022\/11\/B1ADAB5F-3DF5-464E-B1F4-117D518693A2.jpeg\" \/>\n\t<meta property=\"og:image:width\" content=\"1284\" \/>\n\t<meta property=\"og:image:height\" content=\"705\" \/>\n\t<meta property=\"og:image:type\" content=\"image\/jpeg\" \/>\n<meta name=\"author\" content=\"Redacci\u00f3n QP\" \/>\n<meta name=\"twitter:card\" content=\"summary_large_image\" \/>\n<meta name=\"twitter:label1\" content=\"Escrito por\" \/>\n\t<meta name=\"twitter:data1\" content=\"Redacci\u00f3n QP\" \/>\n\t<meta name=\"twitter:label2\" content=\"Tiempo de lectura\" \/>\n\t<meta name=\"twitter:data2\" content=\"2 minutos\" \/>\n<script type=\"application\/ld+json\" class=\"yoast-schema-graph\">{\"@context\":\"https:\\\/\\\/schema.org\",\"@graph\":[{\"@type\":\"Article\",\"@id\":\"https:\\\/\\\/quehacerpolitico.mx\\\/?p=97152#article\",\"isPartOf\":{\"@id\":\"https:\\\/\\\/quehacerpolitico.mx\\\/?p=97152\"},\"author\":{\"name\":\"Redacci\u00f3n QP\",\"@id\":\"https:\\\/\\\/quehacerpolitico.mx\\\/#\\\/schema\\\/person\\\/496d8ad2d1d3f8036101dca7ee39e585\"},\"headline\":\"AMLO contin\u00faa insistiendo en que la Reforma Electoral &#8220;le conviene al pa\u00eds&#8221;\",\"datePublished\":\"2022-11-15T16:42:46+00:00\",\"dateModified\":\"2022-11-15T16:42:49+00:00\",\"mainEntityOfPage\":{\"@id\":\"https:\\\/\\\/quehacerpolitico.mx\\\/?p=97152\"},\"wordCount\":373,\"commentCount\":0,\"image\":{\"@id\":\"https:\\\/\\\/quehacerpolitico.mx\\\/?p=97152#primaryimage\"},\"thumbnailUrl\":\"https:\\\/\\\/quehacerpolitico.mx\\\/wp-content\\\/uploads\\\/2022\\\/11\\\/B1ADAB5F-3DF5-464E-B1F4-117D518693A2.jpeg\",\"articleSection\":[\"Noticias\"],\"inLanguage\":\"es\",\"potentialAction\":[{\"@type\":\"CommentAction\",\"name\":\"Comment\",\"target\":[\"https:\\\/\\\/quehacerpolitico.mx\\\/?p=97152#respond\"]}]},{\"@type\":\"WebPage\",\"@id\":\"https:\\\/\\\/quehacerpolitico.mx\\\/?p=97152\",\"url\":\"https:\\\/\\\/quehacerpolitico.mx\\\/?p=97152\",\"name\":\"AMLO contin\u00faa insistiendo en que la Reforma Electoral \\\"le conviene al pa\u00eds\\\" -\",\"isPartOf\":{\"@id\":\"https:\\\/\\\/quehacerpolitico.mx\\\/#website\"},\"primaryImageOfPage\":{\"@id\":\"https:\\\/\\\/quehacerpolitico.mx\\\/?p=97152#primaryimage\"},\"image\":{\"@id\":\"https:\\\/\\\/quehacerpolitico.mx\\\/?p=97152#primaryimage\"},\"thumbnailUrl\":\"https:\\\/\\\/quehacerpolitico.mx\\\/wp-content\\\/uploads\\\/2022\\\/11\\\/B1ADAB5F-3DF5-464E-B1F4-117D518693A2.jpeg\",\"datePublished\":\"2022-11-15T16:42:46+00:00\",\"dateModified\":\"2022-11-15T16:42:49+00:00\",\"author\":{\"@id\":\"https:\\\/\\\/quehacerpolitico.mx\\\/#\\\/schema\\\/person\\\/496d8ad2d1d3f8036101dca7ee39e585\"},\"breadcrumb\":{\"@id\":\"https:\\\/\\\/quehacerpolitico.mx\\\/?p=97152#breadcrumb\"},\"inLanguage\":\"es\",\"potentialAction\":[{\"@type\":\"ReadAction\",\"target\":[\"https:\\\/\\\/quehacerpolitico.mx\\\/?p=97152\"]}]},{\"@type\":\"ImageObject\",\"inLanguage\":\"es\",\"@id\":\"https:\\\/\\\/quehacerpolitico.mx\\\/?p=97152#primaryimage\",\"url\":\"https:\\\/\\\/quehacerpolitico.mx\\\/wp-content\\\/uploads\\\/2022\\\/11\\\/B1ADAB5F-3DF5-464E-B1F4-117D518693A2.jpeg\",\"contentUrl\":\"https:\\\/\\\/quehacerpolitico.mx\\\/wp-content\\\/uploads\\\/2022\\\/11\\\/B1ADAB5F-3DF5-464E-B1F4-117D518693A2.jpeg\",\"width\":1284,\"height\":705},{\"@type\":\"BreadcrumbList\",\"@id\":\"https:\\\/\\\/quehacerpolitico.mx\\\/?p=97152#breadcrumb\",\"itemListElement\":[{\"@type\":\"ListItem\",\"position\":1,\"name\":\"Inicio\",\"item\":\"https:\\\/\\\/quehacerpolitico.mx\\\/\"},{\"@type\":\"ListItem\",\"position\":2,\"name\":\"AMLO contin\u00faa insistiendo en que la Reforma Electoral &#8220;le conviene al pa\u00eds&#8221;\"}]},{\"@type\":\"WebSite\",\"@id\":\"https:\\\/\\\/quehacerpolitico.mx\\\/#website\",\"url\":\"https:\\\/\\\/quehacerpolitico.mx\\\/\",\"name\":\"\",\"description\":\"\",\"potentialAction\":[{\"@type\":\"SearchAction\",\"target\":{\"@type\":\"EntryPoint\",\"urlTemplate\":\"https:\\\/\\\/quehacerpolitico.mx\\\/?s={search_term_string}\"},\"query-input\":{\"@type\":\"PropertyValueSpecification\",\"valueRequired\":true,\"valueName\":\"search_term_string\"}}],\"inLanguage\":\"es\"},{\"@type\":\"Person\",\"@id\":\"https:\\\/\\\/quehacerpolitico.mx\\\/#\\\/schema\\\/person\\\/496d8ad2d1d3f8036101dca7ee39e585\",\"name\":\"Redacci\u00f3n QP\",\"image\":{\"@type\":\"ImageObject\",\"inLanguage\":\"es\",\"@id\":\"https:\\\/\\\/secure.gravatar.com\\\/avatar\\\/c7164ed6fdec453195284ad24a5ae5b6e1eed2b848477fa2a4787ba9adf39a41?s=96&d=mm&r=g\",\"url\":\"https:\\\/\\\/secure.gravatar.com\\\/avatar\\\/c7164ed6fdec453195284ad24a5ae5b6e1eed2b848477fa2a4787ba9adf39a41?s=96&d=mm&r=g\",\"contentUrl\":\"https:\\\/\\\/secure.gravatar.com\\\/avatar\\\/c7164ed6fdec453195284ad24a5ae5b6e1eed2b848477fa2a4787ba9adf39a41?s=96&d=mm&r=g\",\"caption\":\"Redacci\u00f3n QP\"},\"url\":\"https:\\\/\\\/quehacerpolitico.mx\\\/?author=2\"}]}<\/script>\n<!-- \/ Yoast SEO plugin. -->","yoast_head_json":{"title":"AMLO contin\u00faa insistiendo en que la Reforma Electoral \"le conviene al pa\u00eds\" -","robots":{"index":"index","follow":"follow","max-snippet":"max-snippet:-1","max-image-preview":"max-image-preview:large","max-video-preview":"max-video-preview:-1"},"canonical":"https:\/\/quehacerpolitico.mx\/?p=97152","og_locale":"es_MX","og_type":"article","og_title":"AMLO contin\u00faa insistiendo en que la Reforma Electoral \"le conviene al pa\u00eds\" -","og_description":"Por Redacci\u00f3n QP L\u00f3pez Obrador reiter\u00f3 que \u201cmuchos\u201d de los participantes en la marcha a...","og_url":"https:\/\/quehacerpolitico.mx\/?p=97152","article_published_time":"2022-11-15T16:42:46+00:00","article_modified_time":"2022-11-15T16:42:49+00:00","og_image":[{"width":1284,"height":705,"url":"https:\/\/quehacerpolitico.mx\/wp-content\/uploads\/2022\/11\/B1ADAB5F-3DF5-464E-B1F4-117D518693A2.jpeg","type":"image\/jpeg"}],"author":"Redacci\u00f3n QP","twitter_card":"summary_large_image","twitter_misc":{"Escrito por":"Redacci\u00f3n QP","Tiempo de lectura":"2 minutos"},"schema":{"@context":"https:\/\/schema.org","@graph":[{"@type":"Article","@id":"https:\/\/quehacerpolitico.mx\/?p=97152#article","isPartOf":{"@id":"https:\/\/quehacerpolitico.mx\/?p=97152"},"author":{"name":"Redacci\u00f3n QP","@id":"https:\/\/quehacerpolitico.mx\/#\/schema\/person\/496d8ad2d1d3f8036101dca7ee39e585"},"headline":"AMLO contin\u00faa insistiendo en que la Reforma Electoral &#8220;le conviene al pa\u00eds&#8221;","datePublished":"2022-11-15T16:42:46+00:00","dateModified":"2022-11-15T16:42:49+00:00","mainEntityOfPage":{"@id":"https:\/\/quehacerpolitico.mx\/?p=97152"},"wordCount":373,"commentCount":0,"image":{"@id":"https:\/\/quehacerpolitico.mx\/?p=97152#primaryimage"},"thumbnailUrl":"https:\/\/quehacerpolitico.mx\/wp-content\/uploads\/2022\/11\/B1ADAB5F-3DF5-464E-B1F4-117D518693A2.jpeg","articleSection":["Noticias"],"inLanguage":"es","potentialAction":[{"@type":"CommentAction","name":"Comment","target":["https:\/\/quehacerpolitico.mx\/?p=97152#respond"]}]},{"@type":"WebPage","@id":"https:\/\/quehacerpolitico.mx\/?p=97152","url":"https:\/\/quehacerpolitico.mx\/?p=97152","name":"AMLO contin\u00faa insistiendo en que la Reforma Electoral \"le conviene al pa\u00eds\" -","isPartOf":{"@id":"https:\/\/quehacerpolitico.mx\/#website"},"primaryImageOfPage":{"@id":"https:\/\/quehacerpolitico.mx\/?p=97152#primaryimage"},"image":{"@id":"https:\/\/quehacerpolitico.mx\/?p=97152#primaryimage"},"thumbnailUrl":"https:\/\/quehacerpolitico.mx\/wp-content\/uploads\/2022\/11\/B1ADAB5F-3DF5-464E-B1F4-117D518693A2.jpeg","datePublished":"2022-11-15T16:42:46+00:00","dateModified":"2022-11-15T16:42:49+00:00","author":{"@id":"https:\/\/quehacerpolitico.mx\/#\/schema\/person\/496d8ad2d1d3f8036101dca7ee39e585"},"breadcrumb":{"@id":"https:\/\/quehacerpolitico.mx\/?p=97152#breadcrumb"},"inLanguage":"es","potentialAction":[{"@type":"ReadAction","target":["https:\/\/quehacerpolitico.mx\/?p=97152"]}]},{"@type":"ImageObject","inLanguage":"es","@id":"https:\/\/quehacerpolitico.mx\/?p=97152#primaryimage","url":"https:\/\/quehacerpolitico.mx\/wp-content\/uploads\/2022\/11\/B1ADAB5F-3DF5-464E-B1F4-117D518693A2.jpeg","contentUrl":"https:\/\/quehacerpolitico.mx\/wp-content\/uploads\/2022\/11\/B1ADAB5F-3DF5-464E-B1F4-117D518693A2.jpeg","width":1284,"height":705},{"@type":"BreadcrumbList","@id":"https:\/\/quehacerpolitico.mx\/?p=97152#breadcrumb","itemListElement":[{"@type":"ListItem","position":1,"name":"Inicio","item":"https:\/\/quehacerpolitico.mx\/"},{"@type":"ListItem","position":2,"name":"AMLO contin\u00faa insistiendo en que la Reforma Electoral &#8220;le conviene al pa\u00eds&#8221;"}]},{"@type":"WebSite","@id":"https:\/\/quehacerpolitico.mx\/#website","url":"https:\/\/quehacerpolitico.mx\/","name":"","description":"","potentialAction":[{"@type":"SearchAction","target":{"@type":"EntryPoint","urlTemplate":"https:\/\/quehacerpolitico.mx\/?s={search_term_string}"},"query-input":{"@type":"PropertyValueSpecification","valueRequired":true,"valueName":"search_term_string"}}],"inLanguage":"es"},{"@type":"Person","@id":"https:\/\/quehacerpolitico.mx\/#\/schema\/person\/496d8ad2d1d3f8036101dca7ee39e585","name":"Redacci\u00f3n QP","image":{"@type":"ImageObject","inLanguage":"es","@id":"https:\/\/secure.gravatar.com\/avatar\/c7164ed6fdec453195284ad24a5ae5b6e1eed2b848477fa2a4787ba9adf39a41?s=96&d=mm&r=g","url":"https:\/\/secure.gravatar.com\/avatar\/c7164ed6fdec453195284ad24a5ae5b6e1eed2b848477fa2a4787ba9adf39a41?s=96&d=mm&r=g","contentUrl":"https:\/\/secure.gravatar.com\/avatar\/c7164ed6fdec453195284ad24a5ae5b6e1eed2b848477fa2a4787ba9adf39a41?s=96&d=mm&r=g","caption":"Redacci\u00f3n QP"},"url":"https:\/\/quehacerpolitico.mx\/?author=2"}]}},"featured_image_urls":{"full":["https:\/\/quehacerpolitico.mx\/wp-content\/uploads\/2022\/11\/B1ADAB5F-3DF5-464E-B1F4-117D518693A2.jpeg",1284,705,false],"thumbnail":["https:\/\/quehacerpolitico.mx\/wp-content\/uploads\/2022\/11\/B1ADAB5F-3DF5-464E-B1F4-117D518693A2-150x150.jpeg",150,150,true],"medium":["https:\/\/quehacerpolitico.mx\/wp-content\/uploads\/2022\/11\/B1ADAB5F-3DF5-464E-B1F4-117D518693A2-300x165.jpeg",300,165,true],"medium_large":["https:\/\/quehacerpolitico.mx\/wp-content\/uploads\/2022\/11\/B1ADAB5F-3DF5-464E-B1F4-117D518693A2-768x422.jpeg",640,352,true],"large":["https:\/\/quehacerpolitico.mx\/wp-content\/uploads\/2022\/11\/B1ADAB5F-3DF5-464E-B1F4-117D518693A2-1024x562.jpeg",640,351,true],"1536x1536":["https:\/\/quehacerpolitico.mx\/wp-content\/uploads\/2022\/11\/B1ADAB5F-3DF5-464E-B1F4-117D518693A2.jpeg",1284,705,false],"2048x2048":["https:\/\/quehacerpolitico.mx\/wp-content\/uploads\/2022\/11\/B1ADAB5F-3DF5-464E-B1F4-117D518693A2.jpeg",1284,705,false],"covernews-featured":["https:\/\/quehacerpolitico.mx\/wp-content\/uploads\/2022\/11\/B1ADAB5F-3DF5-464E-B1F4-117D518693A2.jpeg",1024,562,false],"covernews-medium":["https:\/\/quehacerpolitico.mx\/wp-content\/uploads\/2022\/11\/B1ADAB5F-3DF5-464E-B1F4-117D518693A2.jpeg",540,296,false]},"author_info":{"display_name":"Redacci\u00f3n QP","author_link":"https:\/\/quehacerpolitico.mx\/?author=2"},"category_info":"<a href=\"https:\/\/quehacerpolitico.mx\/?cat=2\" rel=\"category\">Noticias<\/a>","tag_info":"Noticias","comment_count":"0","_links":{"self":[{"href":"https:\/\/quehacerpolitico.mx\/index.php?rest_route=\/wp\/v2\/posts\/97152","targetHints":{"allow":["GET"]}}],"collection":[{"href":"https:\/\/quehacerpolitico.mx\/index.php?rest_route=\/wp\/v2\/posts"}],"about":[{"href":"https:\/\/quehacerpolitico.mx\/index.php?rest_route=\/wp\/v2\/types\/post"}],"author":[{"embeddable":true,"href":"https:\/\/quehacerpolitico.mx\/index.php?rest_route=\/wp\/v2\/users\/2"}],"replies":[{"embeddable":true,"href":"https:\/\/quehacerpolitico.mx\/index.php?rest_route=%2Fwp%2Fv2%2Fcomments&post=97152"}],"version-history":[{"count":1,"href":"https:\/\/quehacerpolitico.mx\/index.php?rest_route=\/wp\/v2\/posts\/97152\/revisions"}],"predecessor-version":[{"id":97154,"href":"https:\/\/quehacerpolitico.mx\/index.php?rest_route=\/wp\/v2\/posts\/97152\/revisions\/97154"}],"wp:featuredmedia":[{"embeddable":true,"href":"https:\/\/quehacerpolitico.mx\/index.php?rest_route=\/wp\/v2\/media\/97153"}],"wp:attachment":[{"href":"https:\/\/quehacerpolitico.mx\/index.php?rest_route=%2Fwp%2Fv2%2Fmedia&parent=97152"}],"wp:term":[{"taxonomy":"category","embeddable":true,"href":"https:\/\/quehacerpolitico.mx\/index.php?rest_route=%2Fwp%2Fv2%2Fcategories&post=97152"},{"taxonomy":"post_tag","embeddable":true,"href":"https:\/\/quehacerpolitico.mx\/index.php?rest_route=%2Fwp%2Fv2%2Ftags&post=97152"}],"curies":[{"name":"wp","href":"https:\/\/api.w.org\/{rel}","templated":true}]}}