{"id":97146,"date":"2022-11-15T15:26:15","date_gmt":"2022-11-15T15:26:15","guid":{"rendered":"https:\/\/quehacerpolitico.mx\/?p=97146"},"modified":"2022-11-15T15:26:18","modified_gmt":"2022-11-15T15:26:18","slug":"vamos-por-un-plan-b-en-reforma-electoral-amlo","status":"publish","type":"post","link":"https:\/\/quehacerpolitico.mx\/?p=97146","title":{"rendered":"Vamos por un Plan B en reforma electoral: AMLO"},"content":{"rendered":"\n<p>Por Redacci\u00f3n QP<\/p>\n\n\n\n<p>L\u00f3pez Obrador dijo que el \u201cplan B\u201d en la Reforma Electoral consistir\u00eda en una serie de reformas que no requieran de mayor\u00eda calificada<\/p>\n\n\n\n<p>El presidente\u00a0<strong>Andres Manuel L\u00f3pez Obrador<\/strong>\u00a0detall\u00f3 que en caso de que\u00a0<strong>no pase su Reforma Electoral\u00a0<\/strong>en el\u00a0<strong>Congreso de la Uni\u00f3n<\/strong>, ya prepara un\u00a0<strong>plan B<\/strong>.<\/p>\n\n\n\n<p>En la conferencia matutina de Palacio Nacional, L\u00f3pez Obrador apunt\u00f3 que dicho plan B consistir\u00eda en una<strong>\u00a0serie de reformas<\/strong>\u00a0a la\u00a0<strong>Ley Electoral<\/strong>\u00a0que no requieran de mayor\u00eda calificada. Se prev\u00e9 que dicho plan sea dado a conocer en el informe trimestral del pr\u00f3ximo 1 de diciembre.<\/p>\n\n\n\n<p>Que ya de una vez se resuelva la Reforma Constitucional, y como es tan importante que haya democracia, es probable que env\u00ede una reforma a la ley que no requiere de 2\/3 partes, un plan B\u201d, dijo.<\/p>\n\n\n\n<p>\u201cEs posible que sin violar la Constitucional se pueda proponer una reforma a la Ley Electoral de que de elijan a los consejeros del INE y magistrados del Tribunal Electoral, que sea posible que no haya plurinominales, que en vez de 500 sean 300, ver si existe de acuerdo a lo que establece la Constituci\u00f3n la posibilidad de hacer una Reforma\u201d, agreg\u00f3.<\/p>\n\n\n\n<figure class=\"wp-block-embed is-type-rich is-provider-twitter wp-block-embed-twitter\"><div class=\"wp-block-embed__wrapper\">\n<blockquote class=\"twitter-tweet\" data-width=\"550\" data-dnt=\"true\"><p lang=\"es\" dir=\"ltr\">AMLO buscar\u00e1 aprobar la Reforma Electoral s\u00ed o s\u00ed y ya tiene un plan B <br><br>En caso de que no sea avalada, el presidente dijo que \u201ces probable que yo env\u00ede una reforma a la ley que no requiere de dos terceras partes\u201d. <a href=\"https:\/\/t.co\/KERcLdmBIJ\">pic.twitter.com\/KERcLdmBIJ<\/a><\/p>&mdash; Ruido en la Red (@RuidoEnLaRed) <a href=\"https:\/\/twitter.com\/RuidoEnLaRed\/status\/1592534497190244352?ref_src=twsrc%5Etfw\">November 15, 2022<\/a><\/blockquote><script async src=\"https:\/\/platform.twitter.com\/widgets.js\" charset=\"utf-8\"><\/script>\n<\/div><\/figure>\n\n\n\n<p>El mandatario mexicano se\u00f1al\u00f3 que lo ideal ser\u00eda que la Reforma Electoral sea aprobada en el Congreso, aunque asever\u00f3 que hy intereses de los oligarcas \u201cque no quieren la democracia\u201d.<\/p>\n\n\n\n<p>\u201cEntonces todo aquello que se pueda hacer sin violar la Constituci\u00f3n, pero no dejar de luchar, porque dejar de luchar es como empezar a morir\u201d, puntualiz\u00f3.<\/p>\n\n\n\n<p>La pol\u00e9mica iniciativa que present\u00f3 L\u00f3pez Obrador en abril pasado crear\u00eda el Instituto Nacional de Elecciones y Consultas (INEC) para sustituir al INE, \u00f3rgano aut\u00f3nomo que surgi\u00f3 en los 90 para quitar el control de las elecciones al Gobierno, entonces en poder del Partido Revolucionario Institucional (PRI).<\/p>\n\n\n\n<p>Tambi\u00e9n eliminar\u00eda 200 diputados y 32 senadores, reducir\u00eda el financiamiento de los partidos pol\u00edticos y redefinir\u00eda el concepto de \u201cpropaganda\u201d para que el Gobierno se pronuncie durante las elecciones, disposiciones criticadas porque favorecer\u00edan al actual partido en el poder.<\/p>\n\n\n\n<p>Adem\u00e1s, los consejeros y magistrados electorales ser\u00edan elegidos por el voto popular, uno de los puntos m\u00e1s criticados del documento que ya se encuentra siendo debatido en la C\u00e1mara de Diputados, cuyo dictamen se espera que est\u00e9 listo a inicios de mes de diciembre.<\/p>\n\n\n\n<p>Especialistas han detallado que la Reforma Electoral de L\u00f3pez Obrador es \u201cmala, inoportuna y muy peligrosa\u201d, adem\u00e1s de ser un \u201cretroceso de 50\u201d en la vida democr\u00e1tica de M\u00e9xico.<\/p>\n\n\n\n<p>El analista pol\u00edtico, Jos\u00e9 Antonio Crespo, dijo que este gobierno seguir\u00e1&nbsp; intentando controlar al INE de una forma o de otra porque el presidente har\u00e1 todo lo posible para evitar que Morena pierda en 2024.<\/p>\n\n\n\n<p>Destaca que la Reforma Electoral del presidente podr\u00eda terminar en la Corte, donde podr\u00eda repetirse el caso de la Ley El\u00e9ctrica.<\/p>\n","protected":false},"excerpt":{"rendered":"<p>Por Redacci\u00f3n QP L\u00f3pez Obrador dijo que el \u201cplan B\u201d en la Reforma Electoral consistir\u00eda&#8230;<\/p>\n","protected":false},"author":2,"featured_media":97147,"comment_status":"open","ping_status":"open","sticky":false,"template":"","format":"standard","meta":{"_monsterinsights_skip_tracking":false,"_monsterinsights_sitenote_active":false,"_monsterinsights_sitenote_note":"","_monsterinsights_sitenote_category":0,"footnotes":""},"categories":[2],"tags":[],"class_list":["post-97146","post","type-post","status-publish","format-standard","has-post-thumbnail","hentry","category-noticias"],"yoast_head":"<!-- This site is optimized with the Yoast SEO plugin v27.3 - https:\/\/yoast.com\/product\/yoast-seo-wordpress\/ -->\n<title>Vamos por un Plan B en reforma electoral: AMLO -<\/title>\n<meta name=\"robots\" content=\"index, follow, max-snippet:-1, max-image-preview:large, max-video-preview:-1\" \/>\n<link rel=\"canonical\" href=\"https:\/\/quehacerpolitico.mx\/?p=97146\" \/>\n<meta property=\"og:locale\" content=\"es_MX\" \/>\n<meta property=\"og:type\" content=\"article\" \/>\n<meta property=\"og:title\" content=\"Vamos por un Plan B en reforma electoral: AMLO -\" \/>\n<meta property=\"og:description\" content=\"Por Redacci\u00f3n QP L\u00f3pez Obrador dijo que el \u201cplan B\u201d en la Reforma Electoral consistir\u00eda...\" \/>\n<meta property=\"og:url\" content=\"https:\/\/quehacerpolitico.mx\/?p=97146\" \/>\n<meta property=\"article:published_time\" content=\"2022-11-15T15:26:15+00:00\" \/>\n<meta property=\"article:modified_time\" content=\"2022-11-15T15:26:18+00:00\" \/>\n<meta property=\"og:image\" content=\"https:\/\/quehacerpolitico.mx\/wp-content\/uploads\/2022\/11\/4DB2DB46-E644-41F6-9566-88021CF686DC.jpeg\" \/>\n\t<meta property=\"og:image:width\" content=\"1284\" \/>\n\t<meta property=\"og:image:height\" content=\"697\" \/>\n\t<meta property=\"og:image:type\" content=\"image\/jpeg\" \/>\n<meta name=\"author\" content=\"Redacci\u00f3n QP\" \/>\n<meta name=\"twitter:card\" content=\"summary_large_image\" \/>\n<meta name=\"twitter:label1\" content=\"Escrito por\" \/>\n\t<meta name=\"twitter:data1\" content=\"Redacci\u00f3n QP\" \/>\n\t<meta name=\"twitter:label2\" content=\"Tiempo de lectura\" \/>\n\t<meta name=\"twitter:data2\" content=\"3 minutos\" \/>\n<script type=\"application\/ld+json\" class=\"yoast-schema-graph\">{\"@context\":\"https:\\\/\\\/schema.org\",\"@graph\":[{\"@type\":\"Article\",\"@id\":\"https:\\\/\\\/quehacerpolitico.mx\\\/?p=97146#article\",\"isPartOf\":{\"@id\":\"https:\\\/\\\/quehacerpolitico.mx\\\/?p=97146\"},\"author\":{\"name\":\"Redacci\u00f3n QP\",\"@id\":\"https:\\\/\\\/quehacerpolitico.mx\\\/#\\\/schema\\\/person\\\/496d8ad2d1d3f8036101dca7ee39e585\"},\"headline\":\"Vamos por un Plan B en reforma electoral: AMLO\",\"datePublished\":\"2022-11-15T15:26:15+00:00\",\"dateModified\":\"2022-11-15T15:26:18+00:00\",\"mainEntityOfPage\":{\"@id\":\"https:\\\/\\\/quehacerpolitico.mx\\\/?p=97146\"},\"wordCount\":520,\"commentCount\":0,\"image\":{\"@id\":\"https:\\\/\\\/quehacerpolitico.mx\\\/?p=97146#primaryimage\"},\"thumbnailUrl\":\"https:\\\/\\\/quehacerpolitico.mx\\\/wp-content\\\/uploads\\\/2022\\\/11\\\/4DB2DB46-E644-41F6-9566-88021CF686DC.jpeg\",\"articleSection\":[\"Noticias\"],\"inLanguage\":\"es\",\"potentialAction\":[{\"@type\":\"CommentAction\",\"name\":\"Comment\",\"target\":[\"https:\\\/\\\/quehacerpolitico.mx\\\/?p=97146#respond\"]}]},{\"@type\":\"WebPage\",\"@id\":\"https:\\\/\\\/quehacerpolitico.mx\\\/?p=97146\",\"url\":\"https:\\\/\\\/quehacerpolitico.mx\\\/?p=97146\",\"name\":\"Vamos por un Plan B en reforma electoral: AMLO -\",\"isPartOf\":{\"@id\":\"https:\\\/\\\/quehacerpolitico.mx\\\/#website\"},\"primaryImageOfPage\":{\"@id\":\"https:\\\/\\\/quehacerpolitico.mx\\\/?p=97146#primaryimage\"},\"image\":{\"@id\":\"https:\\\/\\\/quehacerpolitico.mx\\\/?p=97146#primaryimage\"},\"thumbnailUrl\":\"https:\\\/\\\/quehacerpolitico.mx\\\/wp-content\\\/uploads\\\/2022\\\/11\\\/4DB2DB46-E644-41F6-9566-88021CF686DC.jpeg\",\"datePublished\":\"2022-11-15T15:26:15+00:00\",\"dateModified\":\"2022-11-15T15:26:18+00:00\",\"author\":{\"@id\":\"https:\\\/\\\/quehacerpolitico.mx\\\/#\\\/schema\\\/person\\\/496d8ad2d1d3f8036101dca7ee39e585\"},\"breadcrumb\":{\"@id\":\"https:\\\/\\\/quehacerpolitico.mx\\\/?p=97146#breadcrumb\"},\"inLanguage\":\"es\",\"potentialAction\":[{\"@type\":\"ReadAction\",\"target\":[\"https:\\\/\\\/quehacerpolitico.mx\\\/?p=97146\"]}]},{\"@type\":\"ImageObject\",\"inLanguage\":\"es\",\"@id\":\"https:\\\/\\\/quehacerpolitico.mx\\\/?p=97146#primaryimage\",\"url\":\"https:\\\/\\\/quehacerpolitico.mx\\\/wp-content\\\/uploads\\\/2022\\\/11\\\/4DB2DB46-E644-41F6-9566-88021CF686DC.jpeg\",\"contentUrl\":\"https:\\\/\\\/quehacerpolitico.mx\\\/wp-content\\\/uploads\\\/2022\\\/11\\\/4DB2DB46-E644-41F6-9566-88021CF686DC.jpeg\",\"width\":1284,\"height\":697},{\"@type\":\"BreadcrumbList\",\"@id\":\"https:\\\/\\\/quehacerpolitico.mx\\\/?p=97146#breadcrumb\",\"itemListElement\":[{\"@type\":\"ListItem\",\"position\":1,\"name\":\"Inicio\",\"item\":\"https:\\\/\\\/quehacerpolitico.mx\\\/\"},{\"@type\":\"ListItem\",\"position\":2,\"name\":\"Vamos por un Plan B en reforma electoral: AMLO\"}]},{\"@type\":\"WebSite\",\"@id\":\"https:\\\/\\\/quehacerpolitico.mx\\\/#website\",\"url\":\"https:\\\/\\\/quehacerpolitico.mx\\\/\",\"name\":\"\",\"description\":\"\",\"potentialAction\":[{\"@type\":\"SearchAction\",\"target\":{\"@type\":\"EntryPoint\",\"urlTemplate\":\"https:\\\/\\\/quehacerpolitico.mx\\\/?s={search_term_string}\"},\"query-input\":{\"@type\":\"PropertyValueSpecification\",\"valueRequired\":true,\"valueName\":\"search_term_string\"}}],\"inLanguage\":\"es\"},{\"@type\":\"Person\",\"@id\":\"https:\\\/\\\/quehacerpolitico.mx\\\/#\\\/schema\\\/person\\\/496d8ad2d1d3f8036101dca7ee39e585\",\"name\":\"Redacci\u00f3n QP\",\"image\":{\"@type\":\"ImageObject\",\"inLanguage\":\"es\",\"@id\":\"https:\\\/\\\/secure.gravatar.com\\\/avatar\\\/c7164ed6fdec453195284ad24a5ae5b6e1eed2b848477fa2a4787ba9adf39a41?s=96&d=mm&r=g\",\"url\":\"https:\\\/\\\/secure.gravatar.com\\\/avatar\\\/c7164ed6fdec453195284ad24a5ae5b6e1eed2b848477fa2a4787ba9adf39a41?s=96&d=mm&r=g\",\"contentUrl\":\"https:\\\/\\\/secure.gravatar.com\\\/avatar\\\/c7164ed6fdec453195284ad24a5ae5b6e1eed2b848477fa2a4787ba9adf39a41?s=96&d=mm&r=g\",\"caption\":\"Redacci\u00f3n QP\"},\"url\":\"https:\\\/\\\/quehacerpolitico.mx\\\/?author=2\"}]}<\/script>\n<!-- \/ Yoast SEO plugin. -->","yoast_head_json":{"title":"Vamos por un Plan B en reforma electoral: AMLO -","robots":{"index":"index","follow":"follow","max-snippet":"max-snippet:-1","max-image-preview":"max-image-preview:large","max-video-preview":"max-video-preview:-1"},"canonical":"https:\/\/quehacerpolitico.mx\/?p=97146","og_locale":"es_MX","og_type":"article","og_title":"Vamos por un Plan B en reforma electoral: AMLO -","og_description":"Por Redacci\u00f3n QP L\u00f3pez Obrador dijo que el \u201cplan B\u201d en la Reforma Electoral consistir\u00eda...","og_url":"https:\/\/quehacerpolitico.mx\/?p=97146","article_published_time":"2022-11-15T15:26:15+00:00","article_modified_time":"2022-11-15T15:26:18+00:00","og_image":[{"width":1284,"height":697,"url":"https:\/\/quehacerpolitico.mx\/wp-content\/uploads\/2022\/11\/4DB2DB46-E644-41F6-9566-88021CF686DC.jpeg","type":"image\/jpeg"}],"author":"Redacci\u00f3n QP","twitter_card":"summary_large_image","twitter_misc":{"Escrito por":"Redacci\u00f3n QP","Tiempo de lectura":"3 minutos"},"schema":{"@context":"https:\/\/schema.org","@graph":[{"@type":"Article","@id":"https:\/\/quehacerpolitico.mx\/?p=97146#article","isPartOf":{"@id":"https:\/\/quehacerpolitico.mx\/?p=97146"},"author":{"name":"Redacci\u00f3n QP","@id":"https:\/\/quehacerpolitico.mx\/#\/schema\/person\/496d8ad2d1d3f8036101dca7ee39e585"},"headline":"Vamos por un Plan B en reforma electoral: AMLO","datePublished":"2022-11-15T15:26:15+00:00","dateModified":"2022-11-15T15:26:18+00:00","mainEntityOfPage":{"@id":"https:\/\/quehacerpolitico.mx\/?p=97146"},"wordCount":520,"commentCount":0,"image":{"@id":"https:\/\/quehacerpolitico.mx\/?p=97146#primaryimage"},"thumbnailUrl":"https:\/\/quehacerpolitico.mx\/wp-content\/uploads\/2022\/11\/4DB2DB46-E644-41F6-9566-88021CF686DC.jpeg","articleSection":["Noticias"],"inLanguage":"es","potentialAction":[{"@type":"CommentAction","name":"Comment","target":["https:\/\/quehacerpolitico.mx\/?p=97146#respond"]}]},{"@type":"WebPage","@id":"https:\/\/quehacerpolitico.mx\/?p=97146","url":"https:\/\/quehacerpolitico.mx\/?p=97146","name":"Vamos por un Plan B en reforma electoral: AMLO -","isPartOf":{"@id":"https:\/\/quehacerpolitico.mx\/#website"},"primaryImageOfPage":{"@id":"https:\/\/quehacerpolitico.mx\/?p=97146#primaryimage"},"image":{"@id":"https:\/\/quehacerpolitico.mx\/?p=97146#primaryimage"},"thumbnailUrl":"https:\/\/quehacerpolitico.mx\/wp-content\/uploads\/2022\/11\/4DB2DB46-E644-41F6-9566-88021CF686DC.jpeg","datePublished":"2022-11-15T15:26:15+00:00","dateModified":"2022-11-15T15:26:18+00:00","author":{"@id":"https:\/\/quehacerpolitico.mx\/#\/schema\/person\/496d8ad2d1d3f8036101dca7ee39e585"},"breadcrumb":{"@id":"https:\/\/quehacerpolitico.mx\/?p=97146#breadcrumb"},"inLanguage":"es","potentialAction":[{"@type":"ReadAction","target":["https:\/\/quehacerpolitico.mx\/?p=97146"]}]},{"@type":"ImageObject","inLanguage":"es","@id":"https:\/\/quehacerpolitico.mx\/?p=97146#primaryimage","url":"https:\/\/quehacerpolitico.mx\/wp-content\/uploads\/2022\/11\/4DB2DB46-E644-41F6-9566-88021CF686DC.jpeg","contentUrl":"https:\/\/quehacerpolitico.mx\/wp-content\/uploads\/2022\/11\/4DB2DB46-E644-41F6-9566-88021CF686DC.jpeg","width":1284,"height":697},{"@type":"BreadcrumbList","@id":"https:\/\/quehacerpolitico.mx\/?p=97146#breadcrumb","itemListElement":[{"@type":"ListItem","position":1,"name":"Inicio","item":"https:\/\/quehacerpolitico.mx\/"},{"@type":"ListItem","position":2,"name":"Vamos por un Plan B en reforma electoral: AMLO"}]},{"@type":"WebSite","@id":"https:\/\/quehacerpolitico.mx\/#website","url":"https:\/\/quehacerpolitico.mx\/","name":"","description":"","potentialAction":[{"@type":"SearchAction","target":{"@type":"EntryPoint","urlTemplate":"https:\/\/quehacerpolitico.mx\/?s={search_term_string}"},"query-input":{"@type":"PropertyValueSpecification","valueRequired":true,"valueName":"search_term_string"}}],"inLanguage":"es"},{"@type":"Person","@id":"https:\/\/quehacerpolitico.mx\/#\/schema\/person\/496d8ad2d1d3f8036101dca7ee39e585","name":"Redacci\u00f3n QP","image":{"@type":"ImageObject","inLanguage":"es","@id":"https:\/\/secure.gravatar.com\/avatar\/c7164ed6fdec453195284ad24a5ae5b6e1eed2b848477fa2a4787ba9adf39a41?s=96&d=mm&r=g","url":"https:\/\/secure.gravatar.com\/avatar\/c7164ed6fdec453195284ad24a5ae5b6e1eed2b848477fa2a4787ba9adf39a41?s=96&d=mm&r=g","contentUrl":"https:\/\/secure.gravatar.com\/avatar\/c7164ed6fdec453195284ad24a5ae5b6e1eed2b848477fa2a4787ba9adf39a41?s=96&d=mm&r=g","caption":"Redacci\u00f3n QP"},"url":"https:\/\/quehacerpolitico.mx\/?author=2"}]}},"featured_image_urls":{"full":["https:\/\/quehacerpolitico.mx\/wp-content\/uploads\/2022\/11\/4DB2DB46-E644-41F6-9566-88021CF686DC.jpeg",1284,697,false],"thumbnail":["https:\/\/quehacerpolitico.mx\/wp-content\/uploads\/2022\/11\/4DB2DB46-E644-41F6-9566-88021CF686DC-150x150.jpeg",150,150,true],"medium":["https:\/\/quehacerpolitico.mx\/wp-content\/uploads\/2022\/11\/4DB2DB46-E644-41F6-9566-88021CF686DC-300x163.jpeg",300,163,true],"medium_large":["https:\/\/quehacerpolitico.mx\/wp-content\/uploads\/2022\/11\/4DB2DB46-E644-41F6-9566-88021CF686DC-768x417.jpeg",640,348,true],"large":["https:\/\/quehacerpolitico.mx\/wp-content\/uploads\/2022\/11\/4DB2DB46-E644-41F6-9566-88021CF686DC-1024x556.jpeg",640,348,true],"1536x1536":["https:\/\/quehacerpolitico.mx\/wp-content\/uploads\/2022\/11\/4DB2DB46-E644-41F6-9566-88021CF686DC.jpeg",1284,697,false],"2048x2048":["https:\/\/quehacerpolitico.mx\/wp-content\/uploads\/2022\/11\/4DB2DB46-E644-41F6-9566-88021CF686DC.jpeg",1284,697,false],"covernews-featured":["https:\/\/quehacerpolitico.mx\/wp-content\/uploads\/2022\/11\/4DB2DB46-E644-41F6-9566-88021CF686DC.jpeg",1024,556,false],"covernews-medium":["https:\/\/quehacerpolitico.mx\/wp-content\/uploads\/2022\/11\/4DB2DB46-E644-41F6-9566-88021CF686DC.jpeg",540,293,false]},"author_info":{"display_name":"Redacci\u00f3n QP","author_link":"https:\/\/quehacerpolitico.mx\/?author=2"},"category_info":"<a href=\"https:\/\/quehacerpolitico.mx\/?cat=2\" rel=\"category\">Noticias<\/a>","tag_info":"Noticias","comment_count":"0","_links":{"self":[{"href":"https:\/\/quehacerpolitico.mx\/index.php?rest_route=\/wp\/v2\/posts\/97146","targetHints":{"allow":["GET"]}}],"collection":[{"href":"https:\/\/quehacerpolitico.mx\/index.php?rest_route=\/wp\/v2\/posts"}],"about":[{"href":"https:\/\/quehacerpolitico.mx\/index.php?rest_route=\/wp\/v2\/types\/post"}],"author":[{"embeddable":true,"href":"https:\/\/quehacerpolitico.mx\/index.php?rest_route=\/wp\/v2\/users\/2"}],"replies":[{"embeddable":true,"href":"https:\/\/quehacerpolitico.mx\/index.php?rest_route=%2Fwp%2Fv2%2Fcomments&post=97146"}],"version-history":[{"count":1,"href":"https:\/\/quehacerpolitico.mx\/index.php?rest_route=\/wp\/v2\/posts\/97146\/revisions"}],"predecessor-version":[{"id":97148,"href":"https:\/\/quehacerpolitico.mx\/index.php?rest_route=\/wp\/v2\/posts\/97146\/revisions\/97148"}],"wp:featuredmedia":[{"embeddable":true,"href":"https:\/\/quehacerpolitico.mx\/index.php?rest_route=\/wp\/v2\/media\/97147"}],"wp:attachment":[{"href":"https:\/\/quehacerpolitico.mx\/index.php?rest_route=%2Fwp%2Fv2%2Fmedia&parent=97146"}],"wp:term":[{"taxonomy":"category","embeddable":true,"href":"https:\/\/quehacerpolitico.mx\/index.php?rest_route=%2Fwp%2Fv2%2Fcategories&post=97146"},{"taxonomy":"post_tag","embeddable":true,"href":"https:\/\/quehacerpolitico.mx\/index.php?rest_route=%2Fwp%2Fv2%2Ftags&post=97146"}],"curies":[{"name":"wp","href":"https:\/\/api.w.org\/{rel}","templated":true}]}}