{"id":97116,"date":"2022-11-13T20:46:19","date_gmt":"2022-11-13T20:46:19","guid":{"rendered":"https:\/\/quehacerpolitico.mx\/?p=97116"},"modified":"2022-11-13T20:46:22","modified_gmt":"2022-11-13T20:46:22","slug":"fuerte-reclamo-de-checo-perez-a-verstappen-si-max-ha-logrado-dos-campeonatos-fue-gracias-a-mi","status":"publish","type":"post","link":"https:\/\/quehacerpolitico.mx\/?p=97116","title":{"rendered":"Fuerte reclamo de Checo P\u00e9rez a Verstappen &#8220;Si Max ha logrado dos campeonatos, fue gracias a m\u00ed&#8221;"},"content":{"rendered":"\n<p>Por Redacci\u00f3n QP<\/p>\n\n\n\n<p>El piloto tapat\u00edo reclam\u00f3 a su compa\u00f1ero Max Verstappen porque no lo ayud\u00f3 a remontar al menos una posici\u00f3n en el GP de Brasil<\/p>\n\n\n\n<p>Fuerte reclamo de Checo P\u00e9rez hacia Max Verstappen, y es que el mexicano esperaba que el campe\u00f3n del mundo hiciera trabajo en equipo y ayudara a que Sergio P\u00e9rez remontara al menos una posici\u00f3n, sin embargo, el neerland\u00e9s hizo caso omiso, ante la sorpresa del tapat\u00edo.<\/p>\n\n\n\n<figure class=\"wp-block-image size-full\"><img loading=\"lazy\" decoding=\"async\" width=\"670\" height=\"458\" src=\"https:\/\/quehacerpolitico.mx\/wp-content\/uploads\/2022\/11\/image-22.jpeg\" alt=\"\" class=\"wp-image-97118\" srcset=\"https:\/\/quehacerpolitico.mx\/wp-content\/uploads\/2022\/11\/image-22.jpeg 670w, https:\/\/quehacerpolitico.mx\/wp-content\/uploads\/2022\/11\/image-22-300x205.jpeg 300w, https:\/\/quehacerpolitico.mx\/wp-content\/uploads\/2022\/11\/image-22-214x146.jpeg 214w, https:\/\/quehacerpolitico.mx\/wp-content\/uploads\/2022\/11\/image-22-50x34.jpeg 50w, https:\/\/quehacerpolitico.mx\/wp-content\/uploads\/2022\/11\/image-22-110x75.jpeg 110w\" sizes=\"auto, (max-width: 670px) 100vw, 670px\" \/><\/figure>\n\n\n\n<p>\u201cEstoy sorprendido, no s\u00e9 qu\u00e9 paso, sobre todo por todo lo que he hecho por \u00e9l, no entiendo lo que pas\u00f3, estoy sorprendido, ha obtenido dos campeonatos gracias a m\u00ed\u201d, dijo un molesto e irritado Sergio \u201cCheco\u201d P\u00e9rez.<\/p>\n\n\n\n<figure class=\"wp-block-embed is-type-rich is-provider-twitter wp-block-embed-twitter\"><div class=\"wp-block-embed__wrapper\">\n<blockquote class=\"twitter-tweet\" data-width=\"550\" data-dnt=\"true\"><p lang=\"es\" dir=\"ltr\">Palabras de Checo Perez despues del GP de Brasil &quot;Si tiene dos campeonatos es gracias a mi&quot;<br>\u00bfEstas de acuerdo?<br>\u2764 Si<br>\ud83d\udd01 No<a href=\"https:\/\/twitter.com\/hashtag\/Formula1?src=hash&amp;ref_src=twsrc%5Etfw\">#Formula1<\/a> <a href=\"https:\/\/twitter.com\/hashtag\/F1?src=hash&amp;ref_src=twsrc%5Etfw\">#F1<\/a> <a href=\"https:\/\/twitter.com\/hashtag\/BrazilGP?src=hash&amp;ref_src=twsrc%5Etfw\">#BrazilGP<\/a> <a href=\"https:\/\/t.co\/Qo6zZ7KtYi\">pic.twitter.com\/Qo6zZ7KtYi<\/a><\/p>&mdash; F1almaximo (@F1almaximo1) <a href=\"https:\/\/twitter.com\/F1almaximo1\/status\/1591885258991042563?ref_src=twsrc%5Etfw\">November 13, 2022<\/a><\/blockquote><script async src=\"https:\/\/platform.twitter.com\/widgets.js\" charset=\"utf-8\"><\/script>\n<\/div><\/figure>\n\n\n\n<p>En cuanto a la estrategia y el s\u00e9ptimo lugar en el que finaliz\u00f3 en el Gran Premio de Brasil,\u00a0<strong>Checo P\u00e9rez coment\u00f3 que fue \u201cuna l\u00e1stima que hayamos perdido tantos puntos<\/strong>, la entrada del safety car, ya no ten\u00edamos neum\u00e1ticos blandos, la temperatura no ayud\u00f3 al agarre de los medios, pero todo sigue en pie\u201d, y es que ahora buscar\u00e1 el subcampeonato del mundo la pr\u00f3xima semana en Abu Dabi.<\/p>\n\n\n\n<figure class=\"wp-block-embed is-type-rich is-provider-twitter wp-block-embed-twitter\"><div class=\"wp-block-embed__wrapper\">\n<blockquote class=\"twitter-tweet\" data-width=\"550\" data-dnt=\"true\"><p lang=\"es\" dir=\"ltr\">\ud83d\udca5Max VERSTAPPEN: &quot;Ayudar\u00e9 a Checo en Abu Dabi si necesita los puntos&quot;.<br><br>\u00bfY por que ahora no, Max?<a href=\"https:\/\/twitter.com\/hashtag\/F1?src=hash&amp;ref_src=twsrc%5Etfw\">#F1<\/a>\u00a0<a href=\"https:\/\/twitter.com\/hashtag\/BrazilGP?src=hash&amp;ref_src=twsrc%5Etfw\">#BrazilGP<\/a>\u00a0\ud83c\udde7\ud83c\uddf7<a href=\"https:\/\/t.co\/vlESR5ucnS\">https:\/\/t.co\/vlESR5ucnS<\/a><\/p>&mdash; F\u00f3rmula Directa (@FormulaDirecta) <a href=\"https:\/\/twitter.com\/FormulaDirecta\/status\/1591892796189081601?ref_src=twsrc%5Etfw\">November 13, 2022<\/a><\/blockquote><script async src=\"https:\/\/platform.twitter.com\/widgets.js\" charset=\"utf-8\"><\/script>\n<\/div><\/figure>\n","protected":false},"excerpt":{"rendered":"<p>Por Redacci\u00f3n QP El piloto tapat\u00edo reclam\u00f3 a su compa\u00f1ero Max Verstappen porque no lo&#8230;<\/p>\n","protected":false},"author":2,"featured_media":97117,"comment_status":"open","ping_status":"open","sticky":false,"template":"","format":"standard","meta":{"_monsterinsights_skip_tracking":false,"_monsterinsights_sitenote_active":false,"_monsterinsights_sitenote_note":"","_monsterinsights_sitenote_category":0,"footnotes":""},"categories":[54],"tags":[],"class_list":["post-97116","post","type-post","status-publish","format-standard","has-post-thumbnail","hentry","category-deportes"],"yoast_head":"<!-- This site is optimized with the Yoast SEO plugin v27.3 - https:\/\/yoast.com\/product\/yoast-seo-wordpress\/ -->\n<title>Fuerte reclamo de Checo P\u00e9rez a Verstappen &quot;Si Max ha logrado dos campeonatos, fue gracias a m\u00ed&quot; -<\/title>\n<meta name=\"robots\" content=\"index, follow, max-snippet:-1, max-image-preview:large, max-video-preview:-1\" \/>\n<link rel=\"canonical\" href=\"https:\/\/quehacerpolitico.mx\/?p=97116\" \/>\n<meta property=\"og:locale\" content=\"es_MX\" \/>\n<meta property=\"og:type\" content=\"article\" \/>\n<meta property=\"og:title\" content=\"Fuerte reclamo de Checo P\u00e9rez a Verstappen &quot;Si Max ha logrado dos campeonatos, fue gracias a m\u00ed&quot; -\" \/>\n<meta property=\"og:description\" content=\"Por Redacci\u00f3n QP El piloto tapat\u00edo reclam\u00f3 a su compa\u00f1ero Max Verstappen porque no lo...\" \/>\n<meta property=\"og:url\" content=\"https:\/\/quehacerpolitico.mx\/?p=97116\" \/>\n<meta property=\"article:published_time\" content=\"2022-11-13T20:46:19+00:00\" \/>\n<meta property=\"article:modified_time\" content=\"2022-11-13T20:46:22+00:00\" \/>\n<meta property=\"og:image\" content=\"https:\/\/quehacerpolitico.mx\/wp-content\/uploads\/2022\/11\/E49C020D-9505-4209-B116-EC0B60474CDA.jpeg\" \/>\n\t<meta property=\"og:image:width\" content=\"2048\" \/>\n\t<meta property=\"og:image:height\" content=\"1329\" \/>\n\t<meta property=\"og:image:type\" content=\"image\/jpeg\" \/>\n<meta name=\"author\" content=\"Redacci\u00f3n QP\" \/>\n<meta name=\"twitter:card\" content=\"summary_large_image\" \/>\n<meta name=\"twitter:label1\" content=\"Escrito por\" \/>\n\t<meta name=\"twitter:data1\" content=\"Redacci\u00f3n QP\" \/>\n\t<meta name=\"twitter:label2\" content=\"Tiempo de lectura\" \/>\n\t<meta name=\"twitter:data2\" content=\"1 minuto\" \/>\n<script type=\"application\/ld+json\" class=\"yoast-schema-graph\">{\"@context\":\"https:\\\/\\\/schema.org\",\"@graph\":[{\"@type\":\"Article\",\"@id\":\"https:\\\/\\\/quehacerpolitico.mx\\\/?p=97116#article\",\"isPartOf\":{\"@id\":\"https:\\\/\\\/quehacerpolitico.mx\\\/?p=97116\"},\"author\":{\"name\":\"Redacci\u00f3n QP\",\"@id\":\"https:\\\/\\\/quehacerpolitico.mx\\\/#\\\/schema\\\/person\\\/496d8ad2d1d3f8036101dca7ee39e585\"},\"headline\":\"Fuerte reclamo de Checo P\u00e9rez a Verstappen &#8220;Si Max ha logrado dos campeonatos, fue gracias a m\u00ed&#8221;\",\"datePublished\":\"2022-11-13T20:46:19+00:00\",\"dateModified\":\"2022-11-13T20:46:22+00:00\",\"mainEntityOfPage\":{\"@id\":\"https:\\\/\\\/quehacerpolitico.mx\\\/?p=97116\"},\"wordCount\":243,\"commentCount\":0,\"image\":{\"@id\":\"https:\\\/\\\/quehacerpolitico.mx\\\/?p=97116#primaryimage\"},\"thumbnailUrl\":\"https:\\\/\\\/quehacerpolitico.mx\\\/wp-content\\\/uploads\\\/2022\\\/11\\\/E49C020D-9505-4209-B116-EC0B60474CDA.jpeg\",\"articleSection\":[\"Deportes\"],\"inLanguage\":\"es\",\"potentialAction\":[{\"@type\":\"CommentAction\",\"name\":\"Comment\",\"target\":[\"https:\\\/\\\/quehacerpolitico.mx\\\/?p=97116#respond\"]}]},{\"@type\":\"WebPage\",\"@id\":\"https:\\\/\\\/quehacerpolitico.mx\\\/?p=97116\",\"url\":\"https:\\\/\\\/quehacerpolitico.mx\\\/?p=97116\",\"name\":\"Fuerte reclamo de Checo P\u00e9rez a Verstappen \\\"Si Max ha logrado dos campeonatos, fue gracias a m\u00ed\\\" -\",\"isPartOf\":{\"@id\":\"https:\\\/\\\/quehacerpolitico.mx\\\/#website\"},\"primaryImageOfPage\":{\"@id\":\"https:\\\/\\\/quehacerpolitico.mx\\\/?p=97116#primaryimage\"},\"image\":{\"@id\":\"https:\\\/\\\/quehacerpolitico.mx\\\/?p=97116#primaryimage\"},\"thumbnailUrl\":\"https:\\\/\\\/quehacerpolitico.mx\\\/wp-content\\\/uploads\\\/2022\\\/11\\\/E49C020D-9505-4209-B116-EC0B60474CDA.jpeg\",\"datePublished\":\"2022-11-13T20:46:19+00:00\",\"dateModified\":\"2022-11-13T20:46:22+00:00\",\"author\":{\"@id\":\"https:\\\/\\\/quehacerpolitico.mx\\\/#\\\/schema\\\/person\\\/496d8ad2d1d3f8036101dca7ee39e585\"},\"breadcrumb\":{\"@id\":\"https:\\\/\\\/quehacerpolitico.mx\\\/?p=97116#breadcrumb\"},\"inLanguage\":\"es\",\"potentialAction\":[{\"@type\":\"ReadAction\",\"target\":[\"https:\\\/\\\/quehacerpolitico.mx\\\/?p=97116\"]}]},{\"@type\":\"ImageObject\",\"inLanguage\":\"es\",\"@id\":\"https:\\\/\\\/quehacerpolitico.mx\\\/?p=97116#primaryimage\",\"url\":\"https:\\\/\\\/quehacerpolitico.mx\\\/wp-content\\\/uploads\\\/2022\\\/11\\\/E49C020D-9505-4209-B116-EC0B60474CDA.jpeg\",\"contentUrl\":\"https:\\\/\\\/quehacerpolitico.mx\\\/wp-content\\\/uploads\\\/2022\\\/11\\\/E49C020D-9505-4209-B116-EC0B60474CDA.jpeg\",\"width\":2048,\"height\":1329},{\"@type\":\"BreadcrumbList\",\"@id\":\"https:\\\/\\\/quehacerpolitico.mx\\\/?p=97116#breadcrumb\",\"itemListElement\":[{\"@type\":\"ListItem\",\"position\":1,\"name\":\"Inicio\",\"item\":\"https:\\\/\\\/quehacerpolitico.mx\\\/\"},{\"@type\":\"ListItem\",\"position\":2,\"name\":\"Fuerte reclamo de Checo P\u00e9rez a Verstappen &#8220;Si Max ha logrado dos campeonatos, fue gracias a m\u00ed&#8221;\"}]},{\"@type\":\"WebSite\",\"@id\":\"https:\\\/\\\/quehacerpolitico.mx\\\/#website\",\"url\":\"https:\\\/\\\/quehacerpolitico.mx\\\/\",\"name\":\"\",\"description\":\"\",\"potentialAction\":[{\"@type\":\"SearchAction\",\"target\":{\"@type\":\"EntryPoint\",\"urlTemplate\":\"https:\\\/\\\/quehacerpolitico.mx\\\/?s={search_term_string}\"},\"query-input\":{\"@type\":\"PropertyValueSpecification\",\"valueRequired\":true,\"valueName\":\"search_term_string\"}}],\"inLanguage\":\"es\"},{\"@type\":\"Person\",\"@id\":\"https:\\\/\\\/quehacerpolitico.mx\\\/#\\\/schema\\\/person\\\/496d8ad2d1d3f8036101dca7ee39e585\",\"name\":\"Redacci\u00f3n QP\",\"image\":{\"@type\":\"ImageObject\",\"inLanguage\":\"es\",\"@id\":\"https:\\\/\\\/secure.gravatar.com\\\/avatar\\\/c7164ed6fdec453195284ad24a5ae5b6e1eed2b848477fa2a4787ba9adf39a41?s=96&d=mm&r=g\",\"url\":\"https:\\\/\\\/secure.gravatar.com\\\/avatar\\\/c7164ed6fdec453195284ad24a5ae5b6e1eed2b848477fa2a4787ba9adf39a41?s=96&d=mm&r=g\",\"contentUrl\":\"https:\\\/\\\/secure.gravatar.com\\\/avatar\\\/c7164ed6fdec453195284ad24a5ae5b6e1eed2b848477fa2a4787ba9adf39a41?s=96&d=mm&r=g\",\"caption\":\"Redacci\u00f3n QP\"},\"url\":\"https:\\\/\\\/quehacerpolitico.mx\\\/?author=2\"}]}<\/script>\n<!-- \/ Yoast SEO plugin. -->","yoast_head_json":{"title":"Fuerte reclamo de Checo P\u00e9rez a Verstappen \"Si Max ha logrado dos campeonatos, fue gracias a m\u00ed\" -","robots":{"index":"index","follow":"follow","max-snippet":"max-snippet:-1","max-image-preview":"max-image-preview:large","max-video-preview":"max-video-preview:-1"},"canonical":"https:\/\/quehacerpolitico.mx\/?p=97116","og_locale":"es_MX","og_type":"article","og_title":"Fuerte reclamo de Checo P\u00e9rez a Verstappen \"Si Max ha logrado dos campeonatos, fue gracias a m\u00ed\" -","og_description":"Por Redacci\u00f3n QP El piloto tapat\u00edo reclam\u00f3 a su compa\u00f1ero Max Verstappen porque no lo...","og_url":"https:\/\/quehacerpolitico.mx\/?p=97116","article_published_time":"2022-11-13T20:46:19+00:00","article_modified_time":"2022-11-13T20:46:22+00:00","og_image":[{"width":2048,"height":1329,"url":"https:\/\/quehacerpolitico.mx\/wp-content\/uploads\/2022\/11\/E49C020D-9505-4209-B116-EC0B60474CDA.jpeg","type":"image\/jpeg"}],"author":"Redacci\u00f3n QP","twitter_card":"summary_large_image","twitter_misc":{"Escrito por":"Redacci\u00f3n QP","Tiempo de lectura":"1 minuto"},"schema":{"@context":"https:\/\/schema.org","@graph":[{"@type":"Article","@id":"https:\/\/quehacerpolitico.mx\/?p=97116#article","isPartOf":{"@id":"https:\/\/quehacerpolitico.mx\/?p=97116"},"author":{"name":"Redacci\u00f3n QP","@id":"https:\/\/quehacerpolitico.mx\/#\/schema\/person\/496d8ad2d1d3f8036101dca7ee39e585"},"headline":"Fuerte reclamo de Checo P\u00e9rez a Verstappen &#8220;Si Max ha logrado dos campeonatos, fue gracias a m\u00ed&#8221;","datePublished":"2022-11-13T20:46:19+00:00","dateModified":"2022-11-13T20:46:22+00:00","mainEntityOfPage":{"@id":"https:\/\/quehacerpolitico.mx\/?p=97116"},"wordCount":243,"commentCount":0,"image":{"@id":"https:\/\/quehacerpolitico.mx\/?p=97116#primaryimage"},"thumbnailUrl":"https:\/\/quehacerpolitico.mx\/wp-content\/uploads\/2022\/11\/E49C020D-9505-4209-B116-EC0B60474CDA.jpeg","articleSection":["Deportes"],"inLanguage":"es","potentialAction":[{"@type":"CommentAction","name":"Comment","target":["https:\/\/quehacerpolitico.mx\/?p=97116#respond"]}]},{"@type":"WebPage","@id":"https:\/\/quehacerpolitico.mx\/?p=97116","url":"https:\/\/quehacerpolitico.mx\/?p=97116","name":"Fuerte reclamo de Checo P\u00e9rez a Verstappen \"Si Max ha logrado dos campeonatos, fue gracias a m\u00ed\" -","isPartOf":{"@id":"https:\/\/quehacerpolitico.mx\/#website"},"primaryImageOfPage":{"@id":"https:\/\/quehacerpolitico.mx\/?p=97116#primaryimage"},"image":{"@id":"https:\/\/quehacerpolitico.mx\/?p=97116#primaryimage"},"thumbnailUrl":"https:\/\/quehacerpolitico.mx\/wp-content\/uploads\/2022\/11\/E49C020D-9505-4209-B116-EC0B60474CDA.jpeg","datePublished":"2022-11-13T20:46:19+00:00","dateModified":"2022-11-13T20:46:22+00:00","author":{"@id":"https:\/\/quehacerpolitico.mx\/#\/schema\/person\/496d8ad2d1d3f8036101dca7ee39e585"},"breadcrumb":{"@id":"https:\/\/quehacerpolitico.mx\/?p=97116#breadcrumb"},"inLanguage":"es","potentialAction":[{"@type":"ReadAction","target":["https:\/\/quehacerpolitico.mx\/?p=97116"]}]},{"@type":"ImageObject","inLanguage":"es","@id":"https:\/\/quehacerpolitico.mx\/?p=97116#primaryimage","url":"https:\/\/quehacerpolitico.mx\/wp-content\/uploads\/2022\/11\/E49C020D-9505-4209-B116-EC0B60474CDA.jpeg","contentUrl":"https:\/\/quehacerpolitico.mx\/wp-content\/uploads\/2022\/11\/E49C020D-9505-4209-B116-EC0B60474CDA.jpeg","width":2048,"height":1329},{"@type":"BreadcrumbList","@id":"https:\/\/quehacerpolitico.mx\/?p=97116#breadcrumb","itemListElement":[{"@type":"ListItem","position":1,"name":"Inicio","item":"https:\/\/quehacerpolitico.mx\/"},{"@type":"ListItem","position":2,"name":"Fuerte reclamo de Checo P\u00e9rez a Verstappen &#8220;Si Max ha logrado dos campeonatos, fue gracias a m\u00ed&#8221;"}]},{"@type":"WebSite","@id":"https:\/\/quehacerpolitico.mx\/#website","url":"https:\/\/quehacerpolitico.mx\/","name":"","description":"","potentialAction":[{"@type":"SearchAction","target":{"@type":"EntryPoint","urlTemplate":"https:\/\/quehacerpolitico.mx\/?s={search_term_string}"},"query-input":{"@type":"PropertyValueSpecification","valueRequired":true,"valueName":"search_term_string"}}],"inLanguage":"es"},{"@type":"Person","@id":"https:\/\/quehacerpolitico.mx\/#\/schema\/person\/496d8ad2d1d3f8036101dca7ee39e585","name":"Redacci\u00f3n QP","image":{"@type":"ImageObject","inLanguage":"es","@id":"https:\/\/secure.gravatar.com\/avatar\/c7164ed6fdec453195284ad24a5ae5b6e1eed2b848477fa2a4787ba9adf39a41?s=96&d=mm&r=g","url":"https:\/\/secure.gravatar.com\/avatar\/c7164ed6fdec453195284ad24a5ae5b6e1eed2b848477fa2a4787ba9adf39a41?s=96&d=mm&r=g","contentUrl":"https:\/\/secure.gravatar.com\/avatar\/c7164ed6fdec453195284ad24a5ae5b6e1eed2b848477fa2a4787ba9adf39a41?s=96&d=mm&r=g","caption":"Redacci\u00f3n QP"},"url":"https:\/\/quehacerpolitico.mx\/?author=2"}]}},"featured_image_urls":{"full":["https:\/\/quehacerpolitico.mx\/wp-content\/uploads\/2022\/11\/E49C020D-9505-4209-B116-EC0B60474CDA.jpeg",2048,1329,false],"thumbnail":["https:\/\/quehacerpolitico.mx\/wp-content\/uploads\/2022\/11\/E49C020D-9505-4209-B116-EC0B60474CDA-150x150.jpeg",150,150,true],"medium":["https:\/\/quehacerpolitico.mx\/wp-content\/uploads\/2022\/11\/E49C020D-9505-4209-B116-EC0B60474CDA-300x195.jpeg",300,195,true],"medium_large":["https:\/\/quehacerpolitico.mx\/wp-content\/uploads\/2022\/11\/E49C020D-9505-4209-B116-EC0B60474CDA-768x498.jpeg",640,415,true],"large":["https:\/\/quehacerpolitico.mx\/wp-content\/uploads\/2022\/11\/E49C020D-9505-4209-B116-EC0B60474CDA-1024x665.jpeg",640,416,true],"1536x1536":["https:\/\/quehacerpolitico.mx\/wp-content\/uploads\/2022\/11\/E49C020D-9505-4209-B116-EC0B60474CDA-1536x997.jpeg",1536,997,true],"2048x2048":["https:\/\/quehacerpolitico.mx\/wp-content\/uploads\/2022\/11\/E49C020D-9505-4209-B116-EC0B60474CDA.jpeg",2048,1329,false],"covernews-featured":["https:\/\/quehacerpolitico.mx\/wp-content\/uploads\/2022\/11\/E49C020D-9505-4209-B116-EC0B60474CDA.jpeg",1024,665,false],"covernews-medium":["https:\/\/quehacerpolitico.mx\/wp-content\/uploads\/2022\/11\/E49C020D-9505-4209-B116-EC0B60474CDA.jpeg",524,340,false]},"author_info":{"display_name":"Redacci\u00f3n QP","author_link":"https:\/\/quehacerpolitico.mx\/?author=2"},"category_info":"<a href=\"https:\/\/quehacerpolitico.mx\/?cat=54\" rel=\"category\">Deportes<\/a>","tag_info":"Deportes","comment_count":"0","_links":{"self":[{"href":"https:\/\/quehacerpolitico.mx\/index.php?rest_route=\/wp\/v2\/posts\/97116","targetHints":{"allow":["GET"]}}],"collection":[{"href":"https:\/\/quehacerpolitico.mx\/index.php?rest_route=\/wp\/v2\/posts"}],"about":[{"href":"https:\/\/quehacerpolitico.mx\/index.php?rest_route=\/wp\/v2\/types\/post"}],"author":[{"embeddable":true,"href":"https:\/\/quehacerpolitico.mx\/index.php?rest_route=\/wp\/v2\/users\/2"}],"replies":[{"embeddable":true,"href":"https:\/\/quehacerpolitico.mx\/index.php?rest_route=%2Fwp%2Fv2%2Fcomments&post=97116"}],"version-history":[{"count":1,"href":"https:\/\/quehacerpolitico.mx\/index.php?rest_route=\/wp\/v2\/posts\/97116\/revisions"}],"predecessor-version":[{"id":97119,"href":"https:\/\/quehacerpolitico.mx\/index.php?rest_route=\/wp\/v2\/posts\/97116\/revisions\/97119"}],"wp:featuredmedia":[{"embeddable":true,"href":"https:\/\/quehacerpolitico.mx\/index.php?rest_route=\/wp\/v2\/media\/97117"}],"wp:attachment":[{"href":"https:\/\/quehacerpolitico.mx\/index.php?rest_route=%2Fwp%2Fv2%2Fmedia&parent=97116"}],"wp:term":[{"taxonomy":"category","embeddable":true,"href":"https:\/\/quehacerpolitico.mx\/index.php?rest_route=%2Fwp%2Fv2%2Fcategories&post=97116"},{"taxonomy":"post_tag","embeddable":true,"href":"https:\/\/quehacerpolitico.mx\/index.php?rest_route=%2Fwp%2Fv2%2Ftags&post=97116"}],"curies":[{"name":"wp","href":"https:\/\/api.w.org\/{rel}","templated":true}]}}