{"id":97064,"date":"2022-11-11T14:04:39","date_gmt":"2022-11-11T14:04:39","guid":{"rendered":"https:\/\/quehacerpolitico.mx\/?p=97064"},"modified":"2022-11-11T14:04:42","modified_gmt":"2022-11-11T14:04:42","slug":"paises-bajos-incluye-a-vincent-janssen-en-su-lista-de-jugadores-para-qatar-2022","status":"publish","type":"post","link":"https:\/\/quehacerpolitico.mx\/?p=97064","title":{"rendered":"Pa\u00edses Bajos incluye a Vincent Janssen en su lista de jugadores para Qatar 2022"},"content":{"rendered":"\n<p>Por Redacci\u00f3n QP<\/p>\n\n\n\n<p>El ex delantero de los Rayados del Monterrey formar\u00e1 parte del plantel de 26 jugadores que dio a conocer el t\u00e9cnico Louis van Gaal para la Copa del Mundo de Qatar 2022.<\/p>\n\n\n\n<p>A escasos d\u00edas de que arranque la&nbsp;<strong>Copa del Mundo de Qatar 2022<\/strong>, la selecci\u00f3n de Pa\u00edses Bajos dio a conocer su lista de 26 jugadores que disputaran el torneo en la que aparece el ex delantero de los Rayados del Monterrey&nbsp;<strong>Vincent Janssen<\/strong>.<\/p>\n\n\n\n<p>El jugador holand\u00e9s disputar\u00e1 su primer&nbsp;<strong>Mundial&nbsp;<\/strong>como jugador profesional de futbol. Janssen tuvo un paso por la<strong>&nbsp;Liga MX&nbsp;<\/strong>con el conjunto regiomontano desde el 2019 hasta el 2022 donde anot\u00f3 un total de 24 goles.&nbsp;<\/p>\n\n\n\n<p>Con el Monterrey gan\u00f3 un t\u00edtulo de Liga en el Apertura 2019, una&nbsp;<strong>Copa MX&nbsp;<\/strong>en el 2020 y una&nbsp;<strong>Liga de Campeones de la Concacaf&nbsp;<\/strong>en el 2021.<\/p>\n\n\n\n<p>Tambi\u00e9n aparecen el\u00a0<strong>centrocampista\u00a0<\/strong>del Barcelona Frenkie de Jong y el delantero azulgrana Memphis Depay figuran entre los convocados para el\u00a0<strong>Mundial de Qatar 2022<\/strong>\u00a0por el seleccionador de Pa\u00edses Bajos,<strong>\u00a0Louis Van Gaal<\/strong>.<\/p>\n\n\n\n<p>El ext\u00e9cnico del\u00a0<strong>Barcelona<\/strong>, entre otros clubes, facilit\u00f3 este viernes la convocatoria para la competici\u00f3n, en la que su selecci\u00f3n est\u00e1 incluida en el\u00a0<strong>grupo A<\/strong>, junto a los anfitriones, Senegal y Ecuador.<\/p>\n\n\n\n<p>Entre los citados figuran siete jugadores del&nbsp;<strong>Ajax<\/strong>; veteranos como Virgil van Dijk, Daley Blind, Stefan de Vrij o Matthijs de Ligt, otros con pocas&nbsp;<strong>internacionalidades&nbsp;<\/strong>como Kenneth Taylor y Remko Pasveer y no est\u00e1 el delantero del Villarreal Arnaut Danjuma.<\/p>\n\n\n\n<p>Convocados<\/p>\n\n\n\n<p><strong>Porteros:&nbsp;<\/strong>Justin Biljow (Feyenoord), Andries Noppert (Heerenveen) y Remko Pasveer (Ajax).<\/p>\n\n\n\n<p><strong>Defensas:<\/strong>\u00a0Virgil van Dijk (Liverpool\/ING), Nathan Ak\u00e9 (Manchester City\/ING), Daley Blind (Ajax), Jurri\u00ebn Timber (Ajax), Denzel Dumfries (Inter de Mil\u00e1n\/ITA), Stefan de Vrij (Inter de Mil\u00e1n\/ITA), Matthijs de Ligt (Bayern M\u00fanich\/GER), Tyrell Malacia (Manchester United\/ING) y Jeremie Frimpong (Bayer Leverkusen\/GER).<\/p>\n\n\n\n<p><strong>Mediocampos:&nbsp;<\/strong>Frenkie de Jong (Barcelona\/ESP), Steven Berghuis (Ajax), Davy Klaassen (Ajax), Teun Koopmeiners (Atalanta\/ITA), Marten de Roon (Atalanta\/ITA), Kenneth Taylor (Ajax) y Xavi Simons (PSV).<\/p>\n\n\n\n<p><strong>Delanteros:<\/strong>&nbsp;Cody Gakpo (PSV), Memphis Depay (Barcelona\/ESP), Steven Bergwijn (Ajax), Vincent Janssen (Amberes\/BEL), Luuk de Jong (PSV), Noa Lang (Brujas\/BEL) y Wout Weghorst (Besiktas\/TUR).<\/p>\n","protected":false},"excerpt":{"rendered":"<p>Por Redacci\u00f3n QP El ex delantero de los Rayados del Monterrey formar\u00e1 parte del plantel&#8230;<\/p>\n","protected":false},"author":2,"featured_media":97065,"comment_status":"open","ping_status":"open","sticky":false,"template":"","format":"standard","meta":{"_monsterinsights_skip_tracking":false,"_monsterinsights_sitenote_active":false,"_monsterinsights_sitenote_note":"","_monsterinsights_sitenote_category":0,"footnotes":""},"categories":[54],"tags":[],"class_list":["post-97064","post","type-post","status-publish","format-standard","has-post-thumbnail","hentry","category-deportes"],"yoast_head":"<!-- This site is optimized with the Yoast SEO plugin v27.3 - https:\/\/yoast.com\/product\/yoast-seo-wordpress\/ -->\n<title>Pa\u00edses Bajos incluye a Vincent Janssen en su lista de jugadores para Qatar 2022 -<\/title>\n<meta name=\"robots\" content=\"index, follow, max-snippet:-1, max-image-preview:large, max-video-preview:-1\" \/>\n<link rel=\"canonical\" href=\"https:\/\/quehacerpolitico.mx\/?p=97064\" \/>\n<meta property=\"og:locale\" content=\"es_MX\" \/>\n<meta property=\"og:type\" content=\"article\" \/>\n<meta property=\"og:title\" content=\"Pa\u00edses Bajos incluye a Vincent Janssen en su lista de jugadores para Qatar 2022 -\" \/>\n<meta property=\"og:description\" content=\"Por Redacci\u00f3n QP El ex delantero de los Rayados del Monterrey formar\u00e1 parte del plantel...\" \/>\n<meta property=\"og:url\" content=\"https:\/\/quehacerpolitico.mx\/?p=97064\" \/>\n<meta property=\"article:published_time\" content=\"2022-11-11T14:04:39+00:00\" \/>\n<meta property=\"article:modified_time\" content=\"2022-11-11T14:04:42+00:00\" \/>\n<meta property=\"og:image\" content=\"https:\/\/quehacerpolitico.mx\/wp-content\/uploads\/2022\/11\/988DB257-7B75-4935-B61B-65E28742A378.jpeg\" \/>\n\t<meta property=\"og:image:width\" content=\"1200\" \/>\n\t<meta property=\"og:image:height\" content=\"675\" \/>\n\t<meta property=\"og:image:type\" content=\"image\/jpeg\" \/>\n<meta name=\"author\" content=\"Redacci\u00f3n QP\" \/>\n<meta name=\"twitter:card\" content=\"summary_large_image\" \/>\n<meta name=\"twitter:label1\" content=\"Escrito por\" \/>\n\t<meta name=\"twitter:data1\" content=\"Redacci\u00f3n QP\" \/>\n\t<meta name=\"twitter:label2\" content=\"Tiempo de lectura\" \/>\n\t<meta name=\"twitter:data2\" content=\"2 minutos\" \/>\n<script type=\"application\/ld+json\" class=\"yoast-schema-graph\">{\"@context\":\"https:\\\/\\\/schema.org\",\"@graph\":[{\"@type\":\"Article\",\"@id\":\"https:\\\/\\\/quehacerpolitico.mx\\\/?p=97064#article\",\"isPartOf\":{\"@id\":\"https:\\\/\\\/quehacerpolitico.mx\\\/?p=97064\"},\"author\":{\"name\":\"Redacci\u00f3n QP\",\"@id\":\"https:\\\/\\\/quehacerpolitico.mx\\\/#\\\/schema\\\/person\\\/496d8ad2d1d3f8036101dca7ee39e585\"},\"headline\":\"Pa\u00edses Bajos incluye a Vincent Janssen en su lista de jugadores para Qatar 2022\",\"datePublished\":\"2022-11-11T14:04:39+00:00\",\"dateModified\":\"2022-11-11T14:04:42+00:00\",\"mainEntityOfPage\":{\"@id\":\"https:\\\/\\\/quehacerpolitico.mx\\\/?p=97064\"},\"wordCount\":404,\"commentCount\":0,\"image\":{\"@id\":\"https:\\\/\\\/quehacerpolitico.mx\\\/?p=97064#primaryimage\"},\"thumbnailUrl\":\"https:\\\/\\\/quehacerpolitico.mx\\\/wp-content\\\/uploads\\\/2022\\\/11\\\/988DB257-7B75-4935-B61B-65E28742A378.jpeg\",\"articleSection\":[\"Deportes\"],\"inLanguage\":\"es\",\"potentialAction\":[{\"@type\":\"CommentAction\",\"name\":\"Comment\",\"target\":[\"https:\\\/\\\/quehacerpolitico.mx\\\/?p=97064#respond\"]}]},{\"@type\":\"WebPage\",\"@id\":\"https:\\\/\\\/quehacerpolitico.mx\\\/?p=97064\",\"url\":\"https:\\\/\\\/quehacerpolitico.mx\\\/?p=97064\",\"name\":\"Pa\u00edses Bajos incluye a Vincent Janssen en su lista de jugadores para Qatar 2022 -\",\"isPartOf\":{\"@id\":\"https:\\\/\\\/quehacerpolitico.mx\\\/#website\"},\"primaryImageOfPage\":{\"@id\":\"https:\\\/\\\/quehacerpolitico.mx\\\/?p=97064#primaryimage\"},\"image\":{\"@id\":\"https:\\\/\\\/quehacerpolitico.mx\\\/?p=97064#primaryimage\"},\"thumbnailUrl\":\"https:\\\/\\\/quehacerpolitico.mx\\\/wp-content\\\/uploads\\\/2022\\\/11\\\/988DB257-7B75-4935-B61B-65E28742A378.jpeg\",\"datePublished\":\"2022-11-11T14:04:39+00:00\",\"dateModified\":\"2022-11-11T14:04:42+00:00\",\"author\":{\"@id\":\"https:\\\/\\\/quehacerpolitico.mx\\\/#\\\/schema\\\/person\\\/496d8ad2d1d3f8036101dca7ee39e585\"},\"breadcrumb\":{\"@id\":\"https:\\\/\\\/quehacerpolitico.mx\\\/?p=97064#breadcrumb\"},\"inLanguage\":\"es\",\"potentialAction\":[{\"@type\":\"ReadAction\",\"target\":[\"https:\\\/\\\/quehacerpolitico.mx\\\/?p=97064\"]}]},{\"@type\":\"ImageObject\",\"inLanguage\":\"es\",\"@id\":\"https:\\\/\\\/quehacerpolitico.mx\\\/?p=97064#primaryimage\",\"url\":\"https:\\\/\\\/quehacerpolitico.mx\\\/wp-content\\\/uploads\\\/2022\\\/11\\\/988DB257-7B75-4935-B61B-65E28742A378.jpeg\",\"contentUrl\":\"https:\\\/\\\/quehacerpolitico.mx\\\/wp-content\\\/uploads\\\/2022\\\/11\\\/988DB257-7B75-4935-B61B-65E28742A378.jpeg\",\"width\":1200,\"height\":675},{\"@type\":\"BreadcrumbList\",\"@id\":\"https:\\\/\\\/quehacerpolitico.mx\\\/?p=97064#breadcrumb\",\"itemListElement\":[{\"@type\":\"ListItem\",\"position\":1,\"name\":\"Inicio\",\"item\":\"https:\\\/\\\/quehacerpolitico.mx\\\/\"},{\"@type\":\"ListItem\",\"position\":2,\"name\":\"Pa\u00edses Bajos incluye a Vincent Janssen en su lista de jugadores para Qatar 2022\"}]},{\"@type\":\"WebSite\",\"@id\":\"https:\\\/\\\/quehacerpolitico.mx\\\/#website\",\"url\":\"https:\\\/\\\/quehacerpolitico.mx\\\/\",\"name\":\"\",\"description\":\"\",\"potentialAction\":[{\"@type\":\"SearchAction\",\"target\":{\"@type\":\"EntryPoint\",\"urlTemplate\":\"https:\\\/\\\/quehacerpolitico.mx\\\/?s={search_term_string}\"},\"query-input\":{\"@type\":\"PropertyValueSpecification\",\"valueRequired\":true,\"valueName\":\"search_term_string\"}}],\"inLanguage\":\"es\"},{\"@type\":\"Person\",\"@id\":\"https:\\\/\\\/quehacerpolitico.mx\\\/#\\\/schema\\\/person\\\/496d8ad2d1d3f8036101dca7ee39e585\",\"name\":\"Redacci\u00f3n QP\",\"image\":{\"@type\":\"ImageObject\",\"inLanguage\":\"es\",\"@id\":\"https:\\\/\\\/secure.gravatar.com\\\/avatar\\\/c7164ed6fdec453195284ad24a5ae5b6e1eed2b848477fa2a4787ba9adf39a41?s=96&d=mm&r=g\",\"url\":\"https:\\\/\\\/secure.gravatar.com\\\/avatar\\\/c7164ed6fdec453195284ad24a5ae5b6e1eed2b848477fa2a4787ba9adf39a41?s=96&d=mm&r=g\",\"contentUrl\":\"https:\\\/\\\/secure.gravatar.com\\\/avatar\\\/c7164ed6fdec453195284ad24a5ae5b6e1eed2b848477fa2a4787ba9adf39a41?s=96&d=mm&r=g\",\"caption\":\"Redacci\u00f3n QP\"},\"url\":\"https:\\\/\\\/quehacerpolitico.mx\\\/?author=2\"}]}<\/script>\n<!-- \/ Yoast SEO plugin. -->","yoast_head_json":{"title":"Pa\u00edses Bajos incluye a Vincent Janssen en su lista de jugadores para Qatar 2022 -","robots":{"index":"index","follow":"follow","max-snippet":"max-snippet:-1","max-image-preview":"max-image-preview:large","max-video-preview":"max-video-preview:-1"},"canonical":"https:\/\/quehacerpolitico.mx\/?p=97064","og_locale":"es_MX","og_type":"article","og_title":"Pa\u00edses Bajos incluye a Vincent Janssen en su lista de jugadores para Qatar 2022 -","og_description":"Por Redacci\u00f3n QP El ex delantero de los Rayados del Monterrey formar\u00e1 parte del plantel...","og_url":"https:\/\/quehacerpolitico.mx\/?p=97064","article_published_time":"2022-11-11T14:04:39+00:00","article_modified_time":"2022-11-11T14:04:42+00:00","og_image":[{"width":1200,"height":675,"url":"https:\/\/quehacerpolitico.mx\/wp-content\/uploads\/2022\/11\/988DB257-7B75-4935-B61B-65E28742A378.jpeg","type":"image\/jpeg"}],"author":"Redacci\u00f3n QP","twitter_card":"summary_large_image","twitter_misc":{"Escrito por":"Redacci\u00f3n QP","Tiempo de lectura":"2 minutos"},"schema":{"@context":"https:\/\/schema.org","@graph":[{"@type":"Article","@id":"https:\/\/quehacerpolitico.mx\/?p=97064#article","isPartOf":{"@id":"https:\/\/quehacerpolitico.mx\/?p=97064"},"author":{"name":"Redacci\u00f3n QP","@id":"https:\/\/quehacerpolitico.mx\/#\/schema\/person\/496d8ad2d1d3f8036101dca7ee39e585"},"headline":"Pa\u00edses Bajos incluye a Vincent Janssen en su lista de jugadores para Qatar 2022","datePublished":"2022-11-11T14:04:39+00:00","dateModified":"2022-11-11T14:04:42+00:00","mainEntityOfPage":{"@id":"https:\/\/quehacerpolitico.mx\/?p=97064"},"wordCount":404,"commentCount":0,"image":{"@id":"https:\/\/quehacerpolitico.mx\/?p=97064#primaryimage"},"thumbnailUrl":"https:\/\/quehacerpolitico.mx\/wp-content\/uploads\/2022\/11\/988DB257-7B75-4935-B61B-65E28742A378.jpeg","articleSection":["Deportes"],"inLanguage":"es","potentialAction":[{"@type":"CommentAction","name":"Comment","target":["https:\/\/quehacerpolitico.mx\/?p=97064#respond"]}]},{"@type":"WebPage","@id":"https:\/\/quehacerpolitico.mx\/?p=97064","url":"https:\/\/quehacerpolitico.mx\/?p=97064","name":"Pa\u00edses Bajos incluye a Vincent Janssen en su lista de jugadores para Qatar 2022 -","isPartOf":{"@id":"https:\/\/quehacerpolitico.mx\/#website"},"primaryImageOfPage":{"@id":"https:\/\/quehacerpolitico.mx\/?p=97064#primaryimage"},"image":{"@id":"https:\/\/quehacerpolitico.mx\/?p=97064#primaryimage"},"thumbnailUrl":"https:\/\/quehacerpolitico.mx\/wp-content\/uploads\/2022\/11\/988DB257-7B75-4935-B61B-65E28742A378.jpeg","datePublished":"2022-11-11T14:04:39+00:00","dateModified":"2022-11-11T14:04:42+00:00","author":{"@id":"https:\/\/quehacerpolitico.mx\/#\/schema\/person\/496d8ad2d1d3f8036101dca7ee39e585"},"breadcrumb":{"@id":"https:\/\/quehacerpolitico.mx\/?p=97064#breadcrumb"},"inLanguage":"es","potentialAction":[{"@type":"ReadAction","target":["https:\/\/quehacerpolitico.mx\/?p=97064"]}]},{"@type":"ImageObject","inLanguage":"es","@id":"https:\/\/quehacerpolitico.mx\/?p=97064#primaryimage","url":"https:\/\/quehacerpolitico.mx\/wp-content\/uploads\/2022\/11\/988DB257-7B75-4935-B61B-65E28742A378.jpeg","contentUrl":"https:\/\/quehacerpolitico.mx\/wp-content\/uploads\/2022\/11\/988DB257-7B75-4935-B61B-65E28742A378.jpeg","width":1200,"height":675},{"@type":"BreadcrumbList","@id":"https:\/\/quehacerpolitico.mx\/?p=97064#breadcrumb","itemListElement":[{"@type":"ListItem","position":1,"name":"Inicio","item":"https:\/\/quehacerpolitico.mx\/"},{"@type":"ListItem","position":2,"name":"Pa\u00edses Bajos incluye a Vincent Janssen en su lista de jugadores para Qatar 2022"}]},{"@type":"WebSite","@id":"https:\/\/quehacerpolitico.mx\/#website","url":"https:\/\/quehacerpolitico.mx\/","name":"","description":"","potentialAction":[{"@type":"SearchAction","target":{"@type":"EntryPoint","urlTemplate":"https:\/\/quehacerpolitico.mx\/?s={search_term_string}"},"query-input":{"@type":"PropertyValueSpecification","valueRequired":true,"valueName":"search_term_string"}}],"inLanguage":"es"},{"@type":"Person","@id":"https:\/\/quehacerpolitico.mx\/#\/schema\/person\/496d8ad2d1d3f8036101dca7ee39e585","name":"Redacci\u00f3n QP","image":{"@type":"ImageObject","inLanguage":"es","@id":"https:\/\/secure.gravatar.com\/avatar\/c7164ed6fdec453195284ad24a5ae5b6e1eed2b848477fa2a4787ba9adf39a41?s=96&d=mm&r=g","url":"https:\/\/secure.gravatar.com\/avatar\/c7164ed6fdec453195284ad24a5ae5b6e1eed2b848477fa2a4787ba9adf39a41?s=96&d=mm&r=g","contentUrl":"https:\/\/secure.gravatar.com\/avatar\/c7164ed6fdec453195284ad24a5ae5b6e1eed2b848477fa2a4787ba9adf39a41?s=96&d=mm&r=g","caption":"Redacci\u00f3n QP"},"url":"https:\/\/quehacerpolitico.mx\/?author=2"}]}},"featured_image_urls":{"full":["https:\/\/quehacerpolitico.mx\/wp-content\/uploads\/2022\/11\/988DB257-7B75-4935-B61B-65E28742A378.jpeg",1200,675,false],"thumbnail":["https:\/\/quehacerpolitico.mx\/wp-content\/uploads\/2022\/11\/988DB257-7B75-4935-B61B-65E28742A378-150x150.jpeg",150,150,true],"medium":["https:\/\/quehacerpolitico.mx\/wp-content\/uploads\/2022\/11\/988DB257-7B75-4935-B61B-65E28742A378-300x169.jpeg",300,169,true],"medium_large":["https:\/\/quehacerpolitico.mx\/wp-content\/uploads\/2022\/11\/988DB257-7B75-4935-B61B-65E28742A378-768x432.jpeg",640,360,true],"large":["https:\/\/quehacerpolitico.mx\/wp-content\/uploads\/2022\/11\/988DB257-7B75-4935-B61B-65E28742A378-1024x576.jpeg",640,360,true],"1536x1536":["https:\/\/quehacerpolitico.mx\/wp-content\/uploads\/2022\/11\/988DB257-7B75-4935-B61B-65E28742A378.jpeg",1200,675,false],"2048x2048":["https:\/\/quehacerpolitico.mx\/wp-content\/uploads\/2022\/11\/988DB257-7B75-4935-B61B-65E28742A378.jpeg",1200,675,false],"covernews-featured":["https:\/\/quehacerpolitico.mx\/wp-content\/uploads\/2022\/11\/988DB257-7B75-4935-B61B-65E28742A378.jpeg",1024,576,false],"covernews-medium":["https:\/\/quehacerpolitico.mx\/wp-content\/uploads\/2022\/11\/988DB257-7B75-4935-B61B-65E28742A378.jpeg",540,304,false]},"author_info":{"display_name":"Redacci\u00f3n QP","author_link":"https:\/\/quehacerpolitico.mx\/?author=2"},"category_info":"<a href=\"https:\/\/quehacerpolitico.mx\/?cat=54\" rel=\"category\">Deportes<\/a>","tag_info":"Deportes","comment_count":"0","_links":{"self":[{"href":"https:\/\/quehacerpolitico.mx\/index.php?rest_route=\/wp\/v2\/posts\/97064","targetHints":{"allow":["GET"]}}],"collection":[{"href":"https:\/\/quehacerpolitico.mx\/index.php?rest_route=\/wp\/v2\/posts"}],"about":[{"href":"https:\/\/quehacerpolitico.mx\/index.php?rest_route=\/wp\/v2\/types\/post"}],"author":[{"embeddable":true,"href":"https:\/\/quehacerpolitico.mx\/index.php?rest_route=\/wp\/v2\/users\/2"}],"replies":[{"embeddable":true,"href":"https:\/\/quehacerpolitico.mx\/index.php?rest_route=%2Fwp%2Fv2%2Fcomments&post=97064"}],"version-history":[{"count":1,"href":"https:\/\/quehacerpolitico.mx\/index.php?rest_route=\/wp\/v2\/posts\/97064\/revisions"}],"predecessor-version":[{"id":97066,"href":"https:\/\/quehacerpolitico.mx\/index.php?rest_route=\/wp\/v2\/posts\/97064\/revisions\/97066"}],"wp:featuredmedia":[{"embeddable":true,"href":"https:\/\/quehacerpolitico.mx\/index.php?rest_route=\/wp\/v2\/media\/97065"}],"wp:attachment":[{"href":"https:\/\/quehacerpolitico.mx\/index.php?rest_route=%2Fwp%2Fv2%2Fmedia&parent=97064"}],"wp:term":[{"taxonomy":"category","embeddable":true,"href":"https:\/\/quehacerpolitico.mx\/index.php?rest_route=%2Fwp%2Fv2%2Fcategories&post=97064"},{"taxonomy":"post_tag","embeddable":true,"href":"https:\/\/quehacerpolitico.mx\/index.php?rest_route=%2Fwp%2Fv2%2Ftags&post=97064"}],"curies":[{"name":"wp","href":"https:\/\/api.w.org\/{rel}","templated":true}]}}