{"id":97061,"date":"2022-11-10T15:56:48","date_gmt":"2022-11-10T15:56:48","guid":{"rendered":"https:\/\/quehacerpolitico.mx\/?p=97061"},"modified":"2022-11-10T15:56:51","modified_gmt":"2022-11-10T15:56:51","slug":"suman-31-detenidos-vinculados-a-el-chueco","status":"publish","type":"post","link":"https:\/\/quehacerpolitico.mx\/?p=97061","title":{"rendered":"Suman 31 detenidos vinculados a &#8220;El Chueco&#8221;"},"content":{"rendered":"\n<p>Por Redacci\u00f3n QP<\/p>\n\n\n\n<p>Jos\u00e9 &#8220;N&#8221;, alias &#8220;El Chueco&#8221;,es\u00a0 acusado de ser el autor del asesinato de dos sacerdotes jesuitas y un gu\u00eda de turistas en Chihuahua en junio pasado<\/p>\n\n\n\n<p>Ricardo Mej\u00eda Berdeja, subsecretario de Seguridad P\u00fablica de la Secretar\u00eda de Seguridad y Protecci\u00f3n Ciudadana (SSPC), inform\u00f3 que\u00a0<strong>con la detenci\u00f3n de Fernando &#8220;N&#8221;, alias &#8220;El Cuervo&#8221;, suman 31 detenidos de personas vinculadas a la organizaci\u00f3n delictiva<\/strong>\u00a0de Jos\u00e9 &#8220;N&#8221;, alias\u00a0<strong>&#8220;El Chueco&#8221;, acusado de ser el autor del asesinato de dos sacerdotes jesuitas y un gu\u00eda de turistas en Chihuahua en junio pasado<\/strong>.<\/p>\n\n\n\n<p>Al presentar el informe &#8220;Cero Impunidad&#8221;, el subsecretario detall\u00f3 que&nbsp;<strong>&#8220;El Cuervo&#8221; contaba con una orden de aprehensi\u00f3n por el homicidio del activista Cruz Soto Careveo<\/strong>.<\/p>\n\n\n\n<p>&#8220;Informar que dentro del despliegue que realiza la Secretaria de la Defensa Nacional (Sedena) en coordinaci\u00f3n con la Fiscal\u00eda General de Justicia de Chihuahua y la Polic\u00eda Estatal, mediante un operativo de b\u00fasqueda de Jos\u00e9 &#8216;N&#8217;, alias &#8216;El Chueco&#8217;, presunto responsable del homicidio de dos p\u00e1rrocos y un gu\u00eda de turistas, se logr\u00f3 la captura en Temoris, de Fernando &#8216;N&#8217;, alias &#8216;El Cuervo&#8217; que contaba con orden de aprehensi\u00f3n por el homicidio del activista Cruz Soto Caraveo, este sujeto es identifico como parte del grupo criminal que coordina\u00a0<strong>Jos\u00e9 &#8216;N&#8217;, alias &#8216;El Chueco&#8217;. Era buscado desde 2019 y se atribuye ser parte del grupo delictivo de &#8216;Gente Nueva&#8221;<\/strong>.<\/p>\n\n\n\n<p><strong>&#8220;Con esta detenci\u00f3n se acumulan a esta fecha 31 detenidos vinculados a la organizaci\u00f3n delictiva de Jos\u00e9 &#8216;N&#8217;, alias &#8216;El Chueco&#8217;<\/strong>. Se contin\u00faa con la operaci\u00f3n de b\u00fasqueda para ejecutar la orden de aprehensi\u00f3n en contra de este individuo por su presunta autor\u00eda del homicidio de los p\u00e1rrocos y el gu\u00eda de turistas&#8221;, indic\u00f3.<\/p>\n\n\n\n<p>Con Informaci\u00f3n de SUN<\/p>\n","protected":false},"excerpt":{"rendered":"<p>Por Redacci\u00f3n QP Jos\u00e9 &#8220;N&#8221;, alias &#8220;El Chueco&#8221;,es\u00a0 acusado de ser el autor del asesinato&#8230;<\/p>\n","protected":false},"author":2,"featured_media":97062,"comment_status":"open","ping_status":"open","sticky":false,"template":"","format":"standard","meta":{"_monsterinsights_skip_tracking":false,"_monsterinsights_sitenote_active":false,"_monsterinsights_sitenote_note":"","_monsterinsights_sitenote_category":0,"footnotes":""},"categories":[2],"tags":[],"class_list":["post-97061","post","type-post","status-publish","format-standard","has-post-thumbnail","hentry","category-noticias"],"yoast_head":"<!-- This site is optimized with the Yoast SEO plugin v27.3 - https:\/\/yoast.com\/product\/yoast-seo-wordpress\/ -->\n<title>Suman 31 detenidos vinculados a &quot;El Chueco&quot; -<\/title>\n<meta name=\"robots\" content=\"index, follow, max-snippet:-1, max-image-preview:large, max-video-preview:-1\" \/>\n<link rel=\"canonical\" href=\"https:\/\/quehacerpolitico.mx\/?p=97061\" \/>\n<meta property=\"og:locale\" content=\"es_MX\" \/>\n<meta property=\"og:type\" content=\"article\" \/>\n<meta property=\"og:title\" content=\"Suman 31 detenidos vinculados a &quot;El Chueco&quot; -\" \/>\n<meta property=\"og:description\" content=\"Por Redacci\u00f3n QP Jos\u00e9 &#8220;N&#8221;, alias &#8220;El Chueco&#8221;,es\u00a0 acusado de ser el autor del asesinato...\" \/>\n<meta property=\"og:url\" content=\"https:\/\/quehacerpolitico.mx\/?p=97061\" \/>\n<meta property=\"article:published_time\" content=\"2022-11-10T15:56:48+00:00\" \/>\n<meta property=\"article:modified_time\" content=\"2022-11-10T15:56:51+00:00\" \/>\n<meta property=\"og:image\" content=\"https:\/\/quehacerpolitico.mx\/wp-content\/uploads\/2022\/11\/89C0AFE6-0006-4EDA-8B65-E518B394A6E1.jpeg\" \/>\n\t<meta property=\"og:image:width\" content=\"1284\" \/>\n\t<meta property=\"og:image:height\" content=\"706\" \/>\n\t<meta property=\"og:image:type\" content=\"image\/jpeg\" \/>\n<meta name=\"author\" content=\"Redacci\u00f3n QP\" \/>\n<meta name=\"twitter:card\" content=\"summary_large_image\" \/>\n<meta name=\"twitter:label1\" content=\"Escrito por\" \/>\n\t<meta name=\"twitter:data1\" content=\"Redacci\u00f3n QP\" \/>\n\t<meta name=\"twitter:label2\" content=\"Tiempo de lectura\" \/>\n\t<meta name=\"twitter:data2\" content=\"2 minutos\" \/>\n<script type=\"application\/ld+json\" class=\"yoast-schema-graph\">{\"@context\":\"https:\\\/\\\/schema.org\",\"@graph\":[{\"@type\":\"Article\",\"@id\":\"https:\\\/\\\/quehacerpolitico.mx\\\/?p=97061#article\",\"isPartOf\":{\"@id\":\"https:\\\/\\\/quehacerpolitico.mx\\\/?p=97061\"},\"author\":{\"name\":\"Redacci\u00f3n QP\",\"@id\":\"https:\\\/\\\/quehacerpolitico.mx\\\/#\\\/schema\\\/person\\\/496d8ad2d1d3f8036101dca7ee39e585\"},\"headline\":\"Suman 31 detenidos vinculados a &#8220;El Chueco&#8221;\",\"datePublished\":\"2022-11-10T15:56:48+00:00\",\"dateModified\":\"2022-11-10T15:56:51+00:00\",\"mainEntityOfPage\":{\"@id\":\"https:\\\/\\\/quehacerpolitico.mx\\\/?p=97061\"},\"wordCount\":317,\"commentCount\":0,\"image\":{\"@id\":\"https:\\\/\\\/quehacerpolitico.mx\\\/?p=97061#primaryimage\"},\"thumbnailUrl\":\"https:\\\/\\\/quehacerpolitico.mx\\\/wp-content\\\/uploads\\\/2022\\\/11\\\/89C0AFE6-0006-4EDA-8B65-E518B394A6E1.jpeg\",\"articleSection\":[\"Noticias\"],\"inLanguage\":\"es\",\"potentialAction\":[{\"@type\":\"CommentAction\",\"name\":\"Comment\",\"target\":[\"https:\\\/\\\/quehacerpolitico.mx\\\/?p=97061#respond\"]}]},{\"@type\":\"WebPage\",\"@id\":\"https:\\\/\\\/quehacerpolitico.mx\\\/?p=97061\",\"url\":\"https:\\\/\\\/quehacerpolitico.mx\\\/?p=97061\",\"name\":\"Suman 31 detenidos vinculados a \\\"El Chueco\\\" -\",\"isPartOf\":{\"@id\":\"https:\\\/\\\/quehacerpolitico.mx\\\/#website\"},\"primaryImageOfPage\":{\"@id\":\"https:\\\/\\\/quehacerpolitico.mx\\\/?p=97061#primaryimage\"},\"image\":{\"@id\":\"https:\\\/\\\/quehacerpolitico.mx\\\/?p=97061#primaryimage\"},\"thumbnailUrl\":\"https:\\\/\\\/quehacerpolitico.mx\\\/wp-content\\\/uploads\\\/2022\\\/11\\\/89C0AFE6-0006-4EDA-8B65-E518B394A6E1.jpeg\",\"datePublished\":\"2022-11-10T15:56:48+00:00\",\"dateModified\":\"2022-11-10T15:56:51+00:00\",\"author\":{\"@id\":\"https:\\\/\\\/quehacerpolitico.mx\\\/#\\\/schema\\\/person\\\/496d8ad2d1d3f8036101dca7ee39e585\"},\"breadcrumb\":{\"@id\":\"https:\\\/\\\/quehacerpolitico.mx\\\/?p=97061#breadcrumb\"},\"inLanguage\":\"es\",\"potentialAction\":[{\"@type\":\"ReadAction\",\"target\":[\"https:\\\/\\\/quehacerpolitico.mx\\\/?p=97061\"]}]},{\"@type\":\"ImageObject\",\"inLanguage\":\"es\",\"@id\":\"https:\\\/\\\/quehacerpolitico.mx\\\/?p=97061#primaryimage\",\"url\":\"https:\\\/\\\/quehacerpolitico.mx\\\/wp-content\\\/uploads\\\/2022\\\/11\\\/89C0AFE6-0006-4EDA-8B65-E518B394A6E1.jpeg\",\"contentUrl\":\"https:\\\/\\\/quehacerpolitico.mx\\\/wp-content\\\/uploads\\\/2022\\\/11\\\/89C0AFE6-0006-4EDA-8B65-E518B394A6E1.jpeg\",\"width\":1284,\"height\":706},{\"@type\":\"BreadcrumbList\",\"@id\":\"https:\\\/\\\/quehacerpolitico.mx\\\/?p=97061#breadcrumb\",\"itemListElement\":[{\"@type\":\"ListItem\",\"position\":1,\"name\":\"Inicio\",\"item\":\"https:\\\/\\\/quehacerpolitico.mx\\\/\"},{\"@type\":\"ListItem\",\"position\":2,\"name\":\"Suman 31 detenidos vinculados a &#8220;El Chueco&#8221;\"}]},{\"@type\":\"WebSite\",\"@id\":\"https:\\\/\\\/quehacerpolitico.mx\\\/#website\",\"url\":\"https:\\\/\\\/quehacerpolitico.mx\\\/\",\"name\":\"\",\"description\":\"\",\"potentialAction\":[{\"@type\":\"SearchAction\",\"target\":{\"@type\":\"EntryPoint\",\"urlTemplate\":\"https:\\\/\\\/quehacerpolitico.mx\\\/?s={search_term_string}\"},\"query-input\":{\"@type\":\"PropertyValueSpecification\",\"valueRequired\":true,\"valueName\":\"search_term_string\"}}],\"inLanguage\":\"es\"},{\"@type\":\"Person\",\"@id\":\"https:\\\/\\\/quehacerpolitico.mx\\\/#\\\/schema\\\/person\\\/496d8ad2d1d3f8036101dca7ee39e585\",\"name\":\"Redacci\u00f3n QP\",\"image\":{\"@type\":\"ImageObject\",\"inLanguage\":\"es\",\"@id\":\"https:\\\/\\\/secure.gravatar.com\\\/avatar\\\/c7164ed6fdec453195284ad24a5ae5b6e1eed2b848477fa2a4787ba9adf39a41?s=96&d=mm&r=g\",\"url\":\"https:\\\/\\\/secure.gravatar.com\\\/avatar\\\/c7164ed6fdec453195284ad24a5ae5b6e1eed2b848477fa2a4787ba9adf39a41?s=96&d=mm&r=g\",\"contentUrl\":\"https:\\\/\\\/secure.gravatar.com\\\/avatar\\\/c7164ed6fdec453195284ad24a5ae5b6e1eed2b848477fa2a4787ba9adf39a41?s=96&d=mm&r=g\",\"caption\":\"Redacci\u00f3n QP\"},\"url\":\"https:\\\/\\\/quehacerpolitico.mx\\\/?author=2\"}]}<\/script>\n<!-- \/ Yoast SEO plugin. -->","yoast_head_json":{"title":"Suman 31 detenidos vinculados a \"El Chueco\" -","robots":{"index":"index","follow":"follow","max-snippet":"max-snippet:-1","max-image-preview":"max-image-preview:large","max-video-preview":"max-video-preview:-1"},"canonical":"https:\/\/quehacerpolitico.mx\/?p=97061","og_locale":"es_MX","og_type":"article","og_title":"Suman 31 detenidos vinculados a \"El Chueco\" -","og_description":"Por Redacci\u00f3n QP Jos\u00e9 &#8220;N&#8221;, alias &#8220;El Chueco&#8221;,es\u00a0 acusado de ser el autor del asesinato...","og_url":"https:\/\/quehacerpolitico.mx\/?p=97061","article_published_time":"2022-11-10T15:56:48+00:00","article_modified_time":"2022-11-10T15:56:51+00:00","og_image":[{"width":1284,"height":706,"url":"https:\/\/quehacerpolitico.mx\/wp-content\/uploads\/2022\/11\/89C0AFE6-0006-4EDA-8B65-E518B394A6E1.jpeg","type":"image\/jpeg"}],"author":"Redacci\u00f3n QP","twitter_card":"summary_large_image","twitter_misc":{"Escrito por":"Redacci\u00f3n QP","Tiempo de lectura":"2 minutos"},"schema":{"@context":"https:\/\/schema.org","@graph":[{"@type":"Article","@id":"https:\/\/quehacerpolitico.mx\/?p=97061#article","isPartOf":{"@id":"https:\/\/quehacerpolitico.mx\/?p=97061"},"author":{"name":"Redacci\u00f3n QP","@id":"https:\/\/quehacerpolitico.mx\/#\/schema\/person\/496d8ad2d1d3f8036101dca7ee39e585"},"headline":"Suman 31 detenidos vinculados a &#8220;El Chueco&#8221;","datePublished":"2022-11-10T15:56:48+00:00","dateModified":"2022-11-10T15:56:51+00:00","mainEntityOfPage":{"@id":"https:\/\/quehacerpolitico.mx\/?p=97061"},"wordCount":317,"commentCount":0,"image":{"@id":"https:\/\/quehacerpolitico.mx\/?p=97061#primaryimage"},"thumbnailUrl":"https:\/\/quehacerpolitico.mx\/wp-content\/uploads\/2022\/11\/89C0AFE6-0006-4EDA-8B65-E518B394A6E1.jpeg","articleSection":["Noticias"],"inLanguage":"es","potentialAction":[{"@type":"CommentAction","name":"Comment","target":["https:\/\/quehacerpolitico.mx\/?p=97061#respond"]}]},{"@type":"WebPage","@id":"https:\/\/quehacerpolitico.mx\/?p=97061","url":"https:\/\/quehacerpolitico.mx\/?p=97061","name":"Suman 31 detenidos vinculados a \"El Chueco\" -","isPartOf":{"@id":"https:\/\/quehacerpolitico.mx\/#website"},"primaryImageOfPage":{"@id":"https:\/\/quehacerpolitico.mx\/?p=97061#primaryimage"},"image":{"@id":"https:\/\/quehacerpolitico.mx\/?p=97061#primaryimage"},"thumbnailUrl":"https:\/\/quehacerpolitico.mx\/wp-content\/uploads\/2022\/11\/89C0AFE6-0006-4EDA-8B65-E518B394A6E1.jpeg","datePublished":"2022-11-10T15:56:48+00:00","dateModified":"2022-11-10T15:56:51+00:00","author":{"@id":"https:\/\/quehacerpolitico.mx\/#\/schema\/person\/496d8ad2d1d3f8036101dca7ee39e585"},"breadcrumb":{"@id":"https:\/\/quehacerpolitico.mx\/?p=97061#breadcrumb"},"inLanguage":"es","potentialAction":[{"@type":"ReadAction","target":["https:\/\/quehacerpolitico.mx\/?p=97061"]}]},{"@type":"ImageObject","inLanguage":"es","@id":"https:\/\/quehacerpolitico.mx\/?p=97061#primaryimage","url":"https:\/\/quehacerpolitico.mx\/wp-content\/uploads\/2022\/11\/89C0AFE6-0006-4EDA-8B65-E518B394A6E1.jpeg","contentUrl":"https:\/\/quehacerpolitico.mx\/wp-content\/uploads\/2022\/11\/89C0AFE6-0006-4EDA-8B65-E518B394A6E1.jpeg","width":1284,"height":706},{"@type":"BreadcrumbList","@id":"https:\/\/quehacerpolitico.mx\/?p=97061#breadcrumb","itemListElement":[{"@type":"ListItem","position":1,"name":"Inicio","item":"https:\/\/quehacerpolitico.mx\/"},{"@type":"ListItem","position":2,"name":"Suman 31 detenidos vinculados a &#8220;El Chueco&#8221;"}]},{"@type":"WebSite","@id":"https:\/\/quehacerpolitico.mx\/#website","url":"https:\/\/quehacerpolitico.mx\/","name":"","description":"","potentialAction":[{"@type":"SearchAction","target":{"@type":"EntryPoint","urlTemplate":"https:\/\/quehacerpolitico.mx\/?s={search_term_string}"},"query-input":{"@type":"PropertyValueSpecification","valueRequired":true,"valueName":"search_term_string"}}],"inLanguage":"es"},{"@type":"Person","@id":"https:\/\/quehacerpolitico.mx\/#\/schema\/person\/496d8ad2d1d3f8036101dca7ee39e585","name":"Redacci\u00f3n QP","image":{"@type":"ImageObject","inLanguage":"es","@id":"https:\/\/secure.gravatar.com\/avatar\/c7164ed6fdec453195284ad24a5ae5b6e1eed2b848477fa2a4787ba9adf39a41?s=96&d=mm&r=g","url":"https:\/\/secure.gravatar.com\/avatar\/c7164ed6fdec453195284ad24a5ae5b6e1eed2b848477fa2a4787ba9adf39a41?s=96&d=mm&r=g","contentUrl":"https:\/\/secure.gravatar.com\/avatar\/c7164ed6fdec453195284ad24a5ae5b6e1eed2b848477fa2a4787ba9adf39a41?s=96&d=mm&r=g","caption":"Redacci\u00f3n QP"},"url":"https:\/\/quehacerpolitico.mx\/?author=2"}]}},"featured_image_urls":{"full":["https:\/\/quehacerpolitico.mx\/wp-content\/uploads\/2022\/11\/89C0AFE6-0006-4EDA-8B65-E518B394A6E1.jpeg",1284,706,false],"thumbnail":["https:\/\/quehacerpolitico.mx\/wp-content\/uploads\/2022\/11\/89C0AFE6-0006-4EDA-8B65-E518B394A6E1-150x150.jpeg",150,150,true],"medium":["https:\/\/quehacerpolitico.mx\/wp-content\/uploads\/2022\/11\/89C0AFE6-0006-4EDA-8B65-E518B394A6E1-300x165.jpeg",300,165,true],"medium_large":["https:\/\/quehacerpolitico.mx\/wp-content\/uploads\/2022\/11\/89C0AFE6-0006-4EDA-8B65-E518B394A6E1-768x422.jpeg",640,352,true],"large":["https:\/\/quehacerpolitico.mx\/wp-content\/uploads\/2022\/11\/89C0AFE6-0006-4EDA-8B65-E518B394A6E1-1024x563.jpeg",640,352,true],"1536x1536":["https:\/\/quehacerpolitico.mx\/wp-content\/uploads\/2022\/11\/89C0AFE6-0006-4EDA-8B65-E518B394A6E1.jpeg",1284,706,false],"2048x2048":["https:\/\/quehacerpolitico.mx\/wp-content\/uploads\/2022\/11\/89C0AFE6-0006-4EDA-8B65-E518B394A6E1.jpeg",1284,706,false],"covernews-featured":["https:\/\/quehacerpolitico.mx\/wp-content\/uploads\/2022\/11\/89C0AFE6-0006-4EDA-8B65-E518B394A6E1.jpeg",1024,563,false],"covernews-medium":["https:\/\/quehacerpolitico.mx\/wp-content\/uploads\/2022\/11\/89C0AFE6-0006-4EDA-8B65-E518B394A6E1.jpeg",540,297,false]},"author_info":{"display_name":"Redacci\u00f3n QP","author_link":"https:\/\/quehacerpolitico.mx\/?author=2"},"category_info":"<a href=\"https:\/\/quehacerpolitico.mx\/?cat=2\" rel=\"category\">Noticias<\/a>","tag_info":"Noticias","comment_count":"0","_links":{"self":[{"href":"https:\/\/quehacerpolitico.mx\/index.php?rest_route=\/wp\/v2\/posts\/97061","targetHints":{"allow":["GET"]}}],"collection":[{"href":"https:\/\/quehacerpolitico.mx\/index.php?rest_route=\/wp\/v2\/posts"}],"about":[{"href":"https:\/\/quehacerpolitico.mx\/index.php?rest_route=\/wp\/v2\/types\/post"}],"author":[{"embeddable":true,"href":"https:\/\/quehacerpolitico.mx\/index.php?rest_route=\/wp\/v2\/users\/2"}],"replies":[{"embeddable":true,"href":"https:\/\/quehacerpolitico.mx\/index.php?rest_route=%2Fwp%2Fv2%2Fcomments&post=97061"}],"version-history":[{"count":1,"href":"https:\/\/quehacerpolitico.mx\/index.php?rest_route=\/wp\/v2\/posts\/97061\/revisions"}],"predecessor-version":[{"id":97063,"href":"https:\/\/quehacerpolitico.mx\/index.php?rest_route=\/wp\/v2\/posts\/97061\/revisions\/97063"}],"wp:featuredmedia":[{"embeddable":true,"href":"https:\/\/quehacerpolitico.mx\/index.php?rest_route=\/wp\/v2\/media\/97062"}],"wp:attachment":[{"href":"https:\/\/quehacerpolitico.mx\/index.php?rest_route=%2Fwp%2Fv2%2Fmedia&parent=97061"}],"wp:term":[{"taxonomy":"category","embeddable":true,"href":"https:\/\/quehacerpolitico.mx\/index.php?rest_route=%2Fwp%2Fv2%2Fcategories&post=97061"},{"taxonomy":"post_tag","embeddable":true,"href":"https:\/\/quehacerpolitico.mx\/index.php?rest_route=%2Fwp%2Fv2%2Ftags&post=97061"}],"curies":[{"name":"wp","href":"https:\/\/api.w.org\/{rel}","templated":true}]}}