{"id":97055,"date":"2022-11-10T13:44:13","date_gmt":"2022-11-10T13:44:13","guid":{"rendered":"https:\/\/quehacerpolitico.mx\/?p=97055"},"modified":"2022-11-10T13:44:16","modified_gmt":"2022-11-10T13:44:16","slug":"fue-detenido-fernando-n-quien-conducia-el-taxi-desde-donde-se-arrojo-la-joven-lidia-gabriela","status":"publish","type":"post","link":"https:\/\/quehacerpolitico.mx\/?p=97055","title":{"rendered":"Fue detenido\u00a0Fernando \u201cN\u201d, quien\u00a0conduc\u00eda el taxi\u00a0desde donde se arroj\u00f3 la joven\u00a0Lidia Gabriela"},"content":{"rendered":"\n<p>Por Redacci\u00f3n QP<\/p>\n\n\n\n<p>Omar Garc\u00eda Harfuch, titular de SSC CDMX, anunci\u00f3 la detenci\u00f3n de Fernando \u201cN\u201d, conductor del taxi del cual se arroj\u00f3 Lidia Gabriela<\/p>\n\n\n\n<p>Omar Garc\u00eda Harfuch titular de la Secretar\u00eda de Seguridad Ciudadana de la Ciudad de M\u00e9xico (<strong>SSC CDMX<\/strong>), anunci\u00f3 que fue detenido\u00a0<strong>Fernando \u201cN\u201d<\/strong>, quien\u00a0<strong>conduc\u00eda el taxi<\/strong>\u00a0desde donde se arroj\u00f3 la joven\u00a0<strong>Lidia Gabriela<\/strong>, quien\u00a0<strong>muri\u00f3<\/strong>\u00a0la semana pasada.<\/p>\n\n\n\n<p>\u201cEl d\u00eda de hoy SSC CDMX y\u00a0Fiscal\u00eda de la CDMX\u00a0detuvieron a Fernando \u201cN\u201d quien se confirma iba conduciendo el taxi que fue asegurado en d\u00edas pasados relacionado con el lamentable feminicidio de Lidia Gabriela\u201d, dijo.<\/p>\n\n\n\n<p>\u201cLos delitos en contra de las mujeres son prioridad para este gobierno\u201d, agreg\u00f3 el jefe de la Polic\u00eda capitalina en su cuenta de Twitter este jueves por la ma\u00f1ana.<\/p>\n\n\n\n<figure class=\"wp-block-embed is-type-rich is-provider-twitter wp-block-embed-twitter\"><div class=\"wp-block-embed__wrapper\">\n<blockquote class=\"twitter-tweet\" data-width=\"550\" data-dnt=\"true\"><p lang=\"es\" dir=\"ltr\">El d\u00eda de hoy <a href=\"https:\/\/twitter.com\/SSC_CDMX?ref_src=twsrc%5Etfw\">@SSC_CDMX<\/a> y <a href=\"https:\/\/twitter.com\/FiscaliaCDMX?ref_src=twsrc%5Etfw\">@FiscaliaCDMX<\/a> detuvieron a Fernando \u201cN\u201d quien se confirma iba conduciendo el taxi que fue asegurado en d\u00edas pasados relacionado con el lamentable feminicidio de Lidia Gabriela. Los delitos en contra de las mujeres son prioridad para este gobierno. <a href=\"https:\/\/t.co\/SQUVgwbaEq\">https:\/\/t.co\/SQUVgwbaEq<\/a> <a href=\"https:\/\/t.co\/rQsEPeV6jI\">pic.twitter.com\/rQsEPeV6jI<\/a><\/p>&mdash; Omar H Garcia Harfuch (@OHarfuch) <a href=\"https:\/\/twitter.com\/OHarfuch\/status\/1590677369043681282?ref_src=twsrc%5Etfw\">November 10, 2022<\/a><\/blockquote><script async src=\"https:\/\/platform.twitter.com\/widgets.js\" charset=\"utf-8\"><\/script>\n<\/div><\/figure>\n\n\n\n<p>La Fiscal\u00eda capitalina tiene abierta una carpeta de investigaci\u00f3n con protocolo de&nbsp;<strong>feminicidio<\/strong>&nbsp;tras el hallazgo del cuerpo de Lidia Gabriela sobre&nbsp;<strong>Calzada Ermita Iztapalapa.<\/strong><\/p>\n\n\n\n<p>De acuerdo con reportes, la v\u00edctima pidi\u00f3 un taxi en la colonia&nbsp;<strong>Las Pe\u00f1as<\/strong>, en Iztapalapa, hacia la estaci\u00f3n&nbsp;<strong>Constituci\u00f3n de 1917<\/strong>&nbsp;de la&nbsp;<strong>L\u00ednea 8 del Metro<\/strong>. Seg\u00fan testimonios de familiares, la mujer se quej\u00f3 con su novio del precio que le estaba cobrando por el traslado.<\/p>\n\n\n\n<p>Al manifestar su queja al chofer, este supuestamente no se detuvo y circul\u00f3 a exceso de velocidad por&nbsp;<strong>Calzada Ermita Iztapalapa<\/strong>, por lo que la joven se arroj\u00f3 del veh\u00edculo.<\/p>\n\n\n\n<p><strong>Lidia Gabriela<\/strong>\u00a0trabajaba en una tienda de cosm\u00e9ticos en la plaza Oasis Coyoac\u00e1n y estaba por terminar la licenciatura de Econom\u00eda y Finanzas en la Universidad Aut\u00f3noma de Tamaulipas.<\/p>\n\n\n\n<p>Seg\u00fan informaci\u00f3n del periodista Carlos Jim\u00e9nez, el taxi desde donde se arroj\u00f3 la joven se trata de un veh\u00edculo<strong>\u00a0Nissan Versa<\/strong>, color blanco y rosa, con rines negros y placas\u00a0<strong>A-2303C.<\/strong><\/p>\n","protected":false},"excerpt":{"rendered":"<p>Por Redacci\u00f3n QP Omar Garc\u00eda Harfuch, titular de SSC CDMX, anunci\u00f3 la detenci\u00f3n de Fernando&#8230;<\/p>\n","protected":false},"author":2,"featured_media":97056,"comment_status":"open","ping_status":"open","sticky":false,"template":"","format":"standard","meta":{"_monsterinsights_skip_tracking":false,"_monsterinsights_sitenote_active":false,"_monsterinsights_sitenote_note":"","_monsterinsights_sitenote_category":0,"footnotes":""},"categories":[55],"tags":[],"class_list":["post-97055","post","type-post","status-publish","format-standard","has-post-thumbnail","hentry","category-cdmx"],"yoast_head":"<!-- This site is optimized with the Yoast SEO plugin v27.3 - https:\/\/yoast.com\/product\/yoast-seo-wordpress\/ -->\n<title>Fue detenido\u00a0Fernando \u201cN\u201d, quien\u00a0conduc\u00eda el taxi\u00a0desde donde se arroj\u00f3 la joven\u00a0Lidia Gabriela -<\/title>\n<meta name=\"robots\" content=\"index, follow, max-snippet:-1, max-image-preview:large, max-video-preview:-1\" \/>\n<link rel=\"canonical\" href=\"https:\/\/quehacerpolitico.mx\/?p=97055\" \/>\n<meta property=\"og:locale\" content=\"es_MX\" \/>\n<meta property=\"og:type\" content=\"article\" \/>\n<meta property=\"og:title\" content=\"Fue detenido\u00a0Fernando \u201cN\u201d, quien\u00a0conduc\u00eda el taxi\u00a0desde donde se arroj\u00f3 la joven\u00a0Lidia Gabriela -\" \/>\n<meta property=\"og:description\" content=\"Por Redacci\u00f3n QP Omar Garc\u00eda Harfuch, titular de SSC CDMX, anunci\u00f3 la detenci\u00f3n de Fernando...\" \/>\n<meta property=\"og:url\" content=\"https:\/\/quehacerpolitico.mx\/?p=97055\" \/>\n<meta property=\"article:published_time\" content=\"2022-11-10T13:44:13+00:00\" \/>\n<meta property=\"article:modified_time\" content=\"2022-11-10T13:44:16+00:00\" \/>\n<meta property=\"og:image\" content=\"https:\/\/quehacerpolitico.mx\/wp-content\/uploads\/2022\/11\/7F9AD2E7-62F0-4A2B-A5D2-5AEA38105A10.jpeg\" \/>\n\t<meta property=\"og:image:width\" content=\"960\" \/>\n\t<meta property=\"og:image:height\" content=\"1280\" \/>\n\t<meta property=\"og:image:type\" content=\"image\/jpeg\" \/>\n<meta name=\"author\" content=\"Redacci\u00f3n QP\" \/>\n<meta name=\"twitter:card\" content=\"summary_large_image\" \/>\n<meta name=\"twitter:label1\" content=\"Escrito por\" \/>\n\t<meta name=\"twitter:data1\" content=\"Redacci\u00f3n QP\" \/>\n\t<meta name=\"twitter:label2\" content=\"Tiempo de lectura\" \/>\n\t<meta name=\"twitter:data2\" content=\"2 minutos\" \/>\n<script type=\"application\/ld+json\" class=\"yoast-schema-graph\">{\"@context\":\"https:\\\/\\\/schema.org\",\"@graph\":[{\"@type\":\"Article\",\"@id\":\"https:\\\/\\\/quehacerpolitico.mx\\\/?p=97055#article\",\"isPartOf\":{\"@id\":\"https:\\\/\\\/quehacerpolitico.mx\\\/?p=97055\"},\"author\":{\"name\":\"Redacci\u00f3n QP\",\"@id\":\"https:\\\/\\\/quehacerpolitico.mx\\\/#\\\/schema\\\/person\\\/496d8ad2d1d3f8036101dca7ee39e585\"},\"headline\":\"Fue detenido\u00a0Fernando \u201cN\u201d, quien\u00a0conduc\u00eda el taxi\u00a0desde donde se arroj\u00f3 la joven\u00a0Lidia Gabriela\",\"datePublished\":\"2022-11-10T13:44:13+00:00\",\"dateModified\":\"2022-11-10T13:44:16+00:00\",\"mainEntityOfPage\":{\"@id\":\"https:\\\/\\\/quehacerpolitico.mx\\\/?p=97055\"},\"wordCount\":358,\"commentCount\":0,\"image\":{\"@id\":\"https:\\\/\\\/quehacerpolitico.mx\\\/?p=97055#primaryimage\"},\"thumbnailUrl\":\"https:\\\/\\\/quehacerpolitico.mx\\\/wp-content\\\/uploads\\\/2022\\\/11\\\/7F9AD2E7-62F0-4A2B-A5D2-5AEA38105A10.jpeg\",\"articleSection\":[\"CDMX\"],\"inLanguage\":\"es\",\"potentialAction\":[{\"@type\":\"CommentAction\",\"name\":\"Comment\",\"target\":[\"https:\\\/\\\/quehacerpolitico.mx\\\/?p=97055#respond\"]}]},{\"@type\":\"WebPage\",\"@id\":\"https:\\\/\\\/quehacerpolitico.mx\\\/?p=97055\",\"url\":\"https:\\\/\\\/quehacerpolitico.mx\\\/?p=97055\",\"name\":\"Fue detenido\u00a0Fernando \u201cN\u201d, quien\u00a0conduc\u00eda el taxi\u00a0desde donde se arroj\u00f3 la joven\u00a0Lidia Gabriela -\",\"isPartOf\":{\"@id\":\"https:\\\/\\\/quehacerpolitico.mx\\\/#website\"},\"primaryImageOfPage\":{\"@id\":\"https:\\\/\\\/quehacerpolitico.mx\\\/?p=97055#primaryimage\"},\"image\":{\"@id\":\"https:\\\/\\\/quehacerpolitico.mx\\\/?p=97055#primaryimage\"},\"thumbnailUrl\":\"https:\\\/\\\/quehacerpolitico.mx\\\/wp-content\\\/uploads\\\/2022\\\/11\\\/7F9AD2E7-62F0-4A2B-A5D2-5AEA38105A10.jpeg\",\"datePublished\":\"2022-11-10T13:44:13+00:00\",\"dateModified\":\"2022-11-10T13:44:16+00:00\",\"author\":{\"@id\":\"https:\\\/\\\/quehacerpolitico.mx\\\/#\\\/schema\\\/person\\\/496d8ad2d1d3f8036101dca7ee39e585\"},\"breadcrumb\":{\"@id\":\"https:\\\/\\\/quehacerpolitico.mx\\\/?p=97055#breadcrumb\"},\"inLanguage\":\"es\",\"potentialAction\":[{\"@type\":\"ReadAction\",\"target\":[\"https:\\\/\\\/quehacerpolitico.mx\\\/?p=97055\"]}]},{\"@type\":\"ImageObject\",\"inLanguage\":\"es\",\"@id\":\"https:\\\/\\\/quehacerpolitico.mx\\\/?p=97055#primaryimage\",\"url\":\"https:\\\/\\\/quehacerpolitico.mx\\\/wp-content\\\/uploads\\\/2022\\\/11\\\/7F9AD2E7-62F0-4A2B-A5D2-5AEA38105A10.jpeg\",\"contentUrl\":\"https:\\\/\\\/quehacerpolitico.mx\\\/wp-content\\\/uploads\\\/2022\\\/11\\\/7F9AD2E7-62F0-4A2B-A5D2-5AEA38105A10.jpeg\",\"width\":960,\"height\":1280},{\"@type\":\"BreadcrumbList\",\"@id\":\"https:\\\/\\\/quehacerpolitico.mx\\\/?p=97055#breadcrumb\",\"itemListElement\":[{\"@type\":\"ListItem\",\"position\":1,\"name\":\"Inicio\",\"item\":\"https:\\\/\\\/quehacerpolitico.mx\\\/\"},{\"@type\":\"ListItem\",\"position\":2,\"name\":\"Fue detenido\u00a0Fernando \u201cN\u201d, quien\u00a0conduc\u00eda el taxi\u00a0desde donde se arroj\u00f3 la joven\u00a0Lidia Gabriela\"}]},{\"@type\":\"WebSite\",\"@id\":\"https:\\\/\\\/quehacerpolitico.mx\\\/#website\",\"url\":\"https:\\\/\\\/quehacerpolitico.mx\\\/\",\"name\":\"\",\"description\":\"\",\"potentialAction\":[{\"@type\":\"SearchAction\",\"target\":{\"@type\":\"EntryPoint\",\"urlTemplate\":\"https:\\\/\\\/quehacerpolitico.mx\\\/?s={search_term_string}\"},\"query-input\":{\"@type\":\"PropertyValueSpecification\",\"valueRequired\":true,\"valueName\":\"search_term_string\"}}],\"inLanguage\":\"es\"},{\"@type\":\"Person\",\"@id\":\"https:\\\/\\\/quehacerpolitico.mx\\\/#\\\/schema\\\/person\\\/496d8ad2d1d3f8036101dca7ee39e585\",\"name\":\"Redacci\u00f3n QP\",\"image\":{\"@type\":\"ImageObject\",\"inLanguage\":\"es\",\"@id\":\"https:\\\/\\\/secure.gravatar.com\\\/avatar\\\/c7164ed6fdec453195284ad24a5ae5b6e1eed2b848477fa2a4787ba9adf39a41?s=96&d=mm&r=g\",\"url\":\"https:\\\/\\\/secure.gravatar.com\\\/avatar\\\/c7164ed6fdec453195284ad24a5ae5b6e1eed2b848477fa2a4787ba9adf39a41?s=96&d=mm&r=g\",\"contentUrl\":\"https:\\\/\\\/secure.gravatar.com\\\/avatar\\\/c7164ed6fdec453195284ad24a5ae5b6e1eed2b848477fa2a4787ba9adf39a41?s=96&d=mm&r=g\",\"caption\":\"Redacci\u00f3n QP\"},\"url\":\"https:\\\/\\\/quehacerpolitico.mx\\\/?author=2\"}]}<\/script>\n<!-- \/ Yoast SEO plugin. -->","yoast_head_json":{"title":"Fue detenido\u00a0Fernando \u201cN\u201d, quien\u00a0conduc\u00eda el taxi\u00a0desde donde se arroj\u00f3 la joven\u00a0Lidia Gabriela -","robots":{"index":"index","follow":"follow","max-snippet":"max-snippet:-1","max-image-preview":"max-image-preview:large","max-video-preview":"max-video-preview:-1"},"canonical":"https:\/\/quehacerpolitico.mx\/?p=97055","og_locale":"es_MX","og_type":"article","og_title":"Fue detenido\u00a0Fernando \u201cN\u201d, quien\u00a0conduc\u00eda el taxi\u00a0desde donde se arroj\u00f3 la joven\u00a0Lidia Gabriela -","og_description":"Por Redacci\u00f3n QP Omar Garc\u00eda Harfuch, titular de SSC CDMX, anunci\u00f3 la detenci\u00f3n de Fernando...","og_url":"https:\/\/quehacerpolitico.mx\/?p=97055","article_published_time":"2022-11-10T13:44:13+00:00","article_modified_time":"2022-11-10T13:44:16+00:00","og_image":[{"width":960,"height":1280,"url":"https:\/\/quehacerpolitico.mx\/wp-content\/uploads\/2022\/11\/7F9AD2E7-62F0-4A2B-A5D2-5AEA38105A10.jpeg","type":"image\/jpeg"}],"author":"Redacci\u00f3n QP","twitter_card":"summary_large_image","twitter_misc":{"Escrito por":"Redacci\u00f3n QP","Tiempo de lectura":"2 minutos"},"schema":{"@context":"https:\/\/schema.org","@graph":[{"@type":"Article","@id":"https:\/\/quehacerpolitico.mx\/?p=97055#article","isPartOf":{"@id":"https:\/\/quehacerpolitico.mx\/?p=97055"},"author":{"name":"Redacci\u00f3n QP","@id":"https:\/\/quehacerpolitico.mx\/#\/schema\/person\/496d8ad2d1d3f8036101dca7ee39e585"},"headline":"Fue detenido\u00a0Fernando \u201cN\u201d, quien\u00a0conduc\u00eda el taxi\u00a0desde donde se arroj\u00f3 la joven\u00a0Lidia Gabriela","datePublished":"2022-11-10T13:44:13+00:00","dateModified":"2022-11-10T13:44:16+00:00","mainEntityOfPage":{"@id":"https:\/\/quehacerpolitico.mx\/?p=97055"},"wordCount":358,"commentCount":0,"image":{"@id":"https:\/\/quehacerpolitico.mx\/?p=97055#primaryimage"},"thumbnailUrl":"https:\/\/quehacerpolitico.mx\/wp-content\/uploads\/2022\/11\/7F9AD2E7-62F0-4A2B-A5D2-5AEA38105A10.jpeg","articleSection":["CDMX"],"inLanguage":"es","potentialAction":[{"@type":"CommentAction","name":"Comment","target":["https:\/\/quehacerpolitico.mx\/?p=97055#respond"]}]},{"@type":"WebPage","@id":"https:\/\/quehacerpolitico.mx\/?p=97055","url":"https:\/\/quehacerpolitico.mx\/?p=97055","name":"Fue detenido\u00a0Fernando \u201cN\u201d, quien\u00a0conduc\u00eda el taxi\u00a0desde donde se arroj\u00f3 la joven\u00a0Lidia Gabriela -","isPartOf":{"@id":"https:\/\/quehacerpolitico.mx\/#website"},"primaryImageOfPage":{"@id":"https:\/\/quehacerpolitico.mx\/?p=97055#primaryimage"},"image":{"@id":"https:\/\/quehacerpolitico.mx\/?p=97055#primaryimage"},"thumbnailUrl":"https:\/\/quehacerpolitico.mx\/wp-content\/uploads\/2022\/11\/7F9AD2E7-62F0-4A2B-A5D2-5AEA38105A10.jpeg","datePublished":"2022-11-10T13:44:13+00:00","dateModified":"2022-11-10T13:44:16+00:00","author":{"@id":"https:\/\/quehacerpolitico.mx\/#\/schema\/person\/496d8ad2d1d3f8036101dca7ee39e585"},"breadcrumb":{"@id":"https:\/\/quehacerpolitico.mx\/?p=97055#breadcrumb"},"inLanguage":"es","potentialAction":[{"@type":"ReadAction","target":["https:\/\/quehacerpolitico.mx\/?p=97055"]}]},{"@type":"ImageObject","inLanguage":"es","@id":"https:\/\/quehacerpolitico.mx\/?p=97055#primaryimage","url":"https:\/\/quehacerpolitico.mx\/wp-content\/uploads\/2022\/11\/7F9AD2E7-62F0-4A2B-A5D2-5AEA38105A10.jpeg","contentUrl":"https:\/\/quehacerpolitico.mx\/wp-content\/uploads\/2022\/11\/7F9AD2E7-62F0-4A2B-A5D2-5AEA38105A10.jpeg","width":960,"height":1280},{"@type":"BreadcrumbList","@id":"https:\/\/quehacerpolitico.mx\/?p=97055#breadcrumb","itemListElement":[{"@type":"ListItem","position":1,"name":"Inicio","item":"https:\/\/quehacerpolitico.mx\/"},{"@type":"ListItem","position":2,"name":"Fue detenido\u00a0Fernando \u201cN\u201d, quien\u00a0conduc\u00eda el taxi\u00a0desde donde se arroj\u00f3 la joven\u00a0Lidia Gabriela"}]},{"@type":"WebSite","@id":"https:\/\/quehacerpolitico.mx\/#website","url":"https:\/\/quehacerpolitico.mx\/","name":"","description":"","potentialAction":[{"@type":"SearchAction","target":{"@type":"EntryPoint","urlTemplate":"https:\/\/quehacerpolitico.mx\/?s={search_term_string}"},"query-input":{"@type":"PropertyValueSpecification","valueRequired":true,"valueName":"search_term_string"}}],"inLanguage":"es"},{"@type":"Person","@id":"https:\/\/quehacerpolitico.mx\/#\/schema\/person\/496d8ad2d1d3f8036101dca7ee39e585","name":"Redacci\u00f3n QP","image":{"@type":"ImageObject","inLanguage":"es","@id":"https:\/\/secure.gravatar.com\/avatar\/c7164ed6fdec453195284ad24a5ae5b6e1eed2b848477fa2a4787ba9adf39a41?s=96&d=mm&r=g","url":"https:\/\/secure.gravatar.com\/avatar\/c7164ed6fdec453195284ad24a5ae5b6e1eed2b848477fa2a4787ba9adf39a41?s=96&d=mm&r=g","contentUrl":"https:\/\/secure.gravatar.com\/avatar\/c7164ed6fdec453195284ad24a5ae5b6e1eed2b848477fa2a4787ba9adf39a41?s=96&d=mm&r=g","caption":"Redacci\u00f3n QP"},"url":"https:\/\/quehacerpolitico.mx\/?author=2"}]}},"featured_image_urls":{"full":["https:\/\/quehacerpolitico.mx\/wp-content\/uploads\/2022\/11\/7F9AD2E7-62F0-4A2B-A5D2-5AEA38105A10.jpeg",960,1280,false],"thumbnail":["https:\/\/quehacerpolitico.mx\/wp-content\/uploads\/2022\/11\/7F9AD2E7-62F0-4A2B-A5D2-5AEA38105A10-150x150.jpeg",150,150,true],"medium":["https:\/\/quehacerpolitico.mx\/wp-content\/uploads\/2022\/11\/7F9AD2E7-62F0-4A2B-A5D2-5AEA38105A10-225x300.jpeg",225,300,true],"medium_large":["https:\/\/quehacerpolitico.mx\/wp-content\/uploads\/2022\/11\/7F9AD2E7-62F0-4A2B-A5D2-5AEA38105A10-768x1024.jpeg",640,853,true],"large":["https:\/\/quehacerpolitico.mx\/wp-content\/uploads\/2022\/11\/7F9AD2E7-62F0-4A2B-A5D2-5AEA38105A10-768x1024.jpeg",640,853,true],"1536x1536":["https:\/\/quehacerpolitico.mx\/wp-content\/uploads\/2022\/11\/7F9AD2E7-62F0-4A2B-A5D2-5AEA38105A10.jpeg",960,1280,false],"2048x2048":["https:\/\/quehacerpolitico.mx\/wp-content\/uploads\/2022\/11\/7F9AD2E7-62F0-4A2B-A5D2-5AEA38105A10.jpeg",960,1280,false],"covernews-featured":["https:\/\/quehacerpolitico.mx\/wp-content\/uploads\/2022\/11\/7F9AD2E7-62F0-4A2B-A5D2-5AEA38105A10.jpeg",960,1280,false],"covernews-medium":["https:\/\/quehacerpolitico.mx\/wp-content\/uploads\/2022\/11\/7F9AD2E7-62F0-4A2B-A5D2-5AEA38105A10.jpeg",255,340,false]},"author_info":{"display_name":"Redacci\u00f3n QP","author_link":"https:\/\/quehacerpolitico.mx\/?author=2"},"category_info":"<a href=\"https:\/\/quehacerpolitico.mx\/?cat=55\" rel=\"category\">CDMX<\/a>","tag_info":"CDMX","comment_count":"0","_links":{"self":[{"href":"https:\/\/quehacerpolitico.mx\/index.php?rest_route=\/wp\/v2\/posts\/97055","targetHints":{"allow":["GET"]}}],"collection":[{"href":"https:\/\/quehacerpolitico.mx\/index.php?rest_route=\/wp\/v2\/posts"}],"about":[{"href":"https:\/\/quehacerpolitico.mx\/index.php?rest_route=\/wp\/v2\/types\/post"}],"author":[{"embeddable":true,"href":"https:\/\/quehacerpolitico.mx\/index.php?rest_route=\/wp\/v2\/users\/2"}],"replies":[{"embeddable":true,"href":"https:\/\/quehacerpolitico.mx\/index.php?rest_route=%2Fwp%2Fv2%2Fcomments&post=97055"}],"version-history":[{"count":1,"href":"https:\/\/quehacerpolitico.mx\/index.php?rest_route=\/wp\/v2\/posts\/97055\/revisions"}],"predecessor-version":[{"id":97057,"href":"https:\/\/quehacerpolitico.mx\/index.php?rest_route=\/wp\/v2\/posts\/97055\/revisions\/97057"}],"wp:featuredmedia":[{"embeddable":true,"href":"https:\/\/quehacerpolitico.mx\/index.php?rest_route=\/wp\/v2\/media\/97056"}],"wp:attachment":[{"href":"https:\/\/quehacerpolitico.mx\/index.php?rest_route=%2Fwp%2Fv2%2Fmedia&parent=97055"}],"wp:term":[{"taxonomy":"category","embeddable":true,"href":"https:\/\/quehacerpolitico.mx\/index.php?rest_route=%2Fwp%2Fv2%2Fcategories&post=97055"},{"taxonomy":"post_tag","embeddable":true,"href":"https:\/\/quehacerpolitico.mx\/index.php?rest_route=%2Fwp%2Fv2%2Ftags&post=97055"}],"curies":[{"name":"wp","href":"https:\/\/api.w.org\/{rel}","templated":true}]}}