{"id":97052,"date":"2022-11-10T02:04:14","date_gmt":"2022-11-10T02:04:14","guid":{"rendered":"https:\/\/quehacerpolitico.mx\/?p=97052"},"modified":"2022-11-10T02:04:17","modified_gmt":"2022-11-10T02:04:17","slug":"la-scjn-ratifica-amparo-a-rosario-robles-contra-inhabilitacion","status":"publish","type":"post","link":"https:\/\/quehacerpolitico.mx\/?p=97052","title":{"rendered":"La SCJN ratifica amparo a Rosario Robles contra inhabilitaci\u00f3n"},"content":{"rendered":"\n<p>Por Redacci\u00f3n QP<\/p>\n\n\n\n<p>Ordenan a la SFP valorar si debe o no imponer la inhabilitaci\u00f3n a la extitular de la Sedesol, pero \u00e9sta no podr\u00e1 ser mayor de cinco a\u00f1os<\/p>\n\n\n\n<p>La Primera Sala de la Suprema Corte de Justicia de la Naci\u00f3n (SCJN) desech\u00f3 la impugnaci\u00f3n de la Secretar\u00eda de la Funci\u00f3n P\u00fablica (SFP) al amparo que obtuvo la exsecretaria de Desarrollo Social, Rosario Robles Berlanga, contra la inhabilitaci\u00f3n por 10 a\u00f1os que la impuso la dependencia por no reportar una cuenta bancaria en sus declaraciones patrimoniales de 2013 a 2017.<\/p>\n\n\n\n<p>De esta manera, el m\u00e1ximo tribunal del pa\u00eds dej\u00f3 firme la protecci\u00f3n de la justicia a Robles Berlanga en este asunto.<\/p>\n\n\n\n<p>A trav\u00e9s de la Direcci\u00f3n General de Responsabilidades y Situaci\u00f3n Patrimonial, la Secretar\u00eda de la Funci\u00f3n P\u00fablica (SFP), encabezada por Roberto Salcedo, interpuso un recurso de revisi\u00f3n contra la sentencia de amparo dictada en julio pasado por el Vig\u00e9simo Tercer Tribunal Colegiado en materia Administrativa.<\/p>\n\n\n\n<p>El mencionado tribunal orden\u00f3 a la SFP valorar si debe o no imponer la inhabilitaci\u00f3n a la extitular de la Secretar\u00eda de Desarrollo Social, pero \u00e9sta no podr\u00e1 ser mayor de cinco a\u00f1os.<\/p>\n\n\n\n<p>&#8220;Por simplemente sancionar severamente cualquier &#8216;falta a la verdad&#8217;, sin atemperar las condiciones de comisi\u00f3n de la infracci\u00f3n, como podr\u00eda ser, la culpa o el dolo, figuras que, si bien son propias del derecho penal, pueden resultar perfectamente aplicables a casos como el presente&#8221;, determinaron los magistrados.<\/p>\n\n\n\n<p>El fallo tambi\u00e9n se\u00f1ala que el efecto de su resoluci\u00f3n no conlleva que la supuesta infracci\u00f3n cometida por Rosario Robles quede impune, pues se da oportunidad a la Sala Superior del Tribunal Federal de Justicia Administrativa revisar otra vez el caso y tomar una nueva decisi\u00f3n sobre su inhabilitaci\u00f3n.<\/p>\n\n\n\n<p>Con Informaci\u00f3n de SUN <\/p>\n","protected":false},"excerpt":{"rendered":"<p>Por Redacci\u00f3n QP Ordenan a la SFP valorar si debe o no imponer la inhabilitaci\u00f3n&#8230;<\/p>\n","protected":false},"author":2,"featured_media":97053,"comment_status":"open","ping_status":"open","sticky":false,"template":"","format":"standard","meta":{"_monsterinsights_skip_tracking":false,"_monsterinsights_sitenote_active":false,"_monsterinsights_sitenote_note":"","_monsterinsights_sitenote_category":0,"footnotes":""},"categories":[2],"tags":[],"class_list":["post-97052","post","type-post","status-publish","format-standard","has-post-thumbnail","hentry","category-noticias"],"yoast_head":"<!-- This site is optimized with the Yoast SEO plugin v27.3 - https:\/\/yoast.com\/product\/yoast-seo-wordpress\/ -->\n<title>La SCJN ratifica amparo a Rosario Robles contra inhabilitaci\u00f3n -<\/title>\n<meta name=\"robots\" content=\"index, follow, max-snippet:-1, max-image-preview:large, max-video-preview:-1\" \/>\n<link rel=\"canonical\" href=\"https:\/\/quehacerpolitico.mx\/?p=97052\" \/>\n<meta property=\"og:locale\" content=\"es_MX\" \/>\n<meta property=\"og:type\" content=\"article\" \/>\n<meta property=\"og:title\" content=\"La SCJN ratifica amparo a Rosario Robles contra inhabilitaci\u00f3n -\" \/>\n<meta property=\"og:description\" content=\"Por Redacci\u00f3n QP Ordenan a la SFP valorar si debe o no imponer la inhabilitaci\u00f3n...\" \/>\n<meta property=\"og:url\" content=\"https:\/\/quehacerpolitico.mx\/?p=97052\" \/>\n<meta property=\"article:published_time\" content=\"2022-11-10T02:04:14+00:00\" \/>\n<meta property=\"article:modified_time\" content=\"2022-11-10T02:04:17+00:00\" \/>\n<meta property=\"og:image\" content=\"https:\/\/quehacerpolitico.mx\/wp-content\/uploads\/2022\/11\/6F21E1B4-294C-4266-95F8-797DB82DDD72.jpeg\" \/>\n\t<meta property=\"og:image:width\" content=\"712\" \/>\n\t<meta property=\"og:image:height\" content=\"431\" \/>\n\t<meta property=\"og:image:type\" content=\"image\/jpeg\" \/>\n<meta name=\"author\" content=\"Redacci\u00f3n QP\" \/>\n<meta name=\"twitter:card\" content=\"summary_large_image\" \/>\n<meta name=\"twitter:label1\" content=\"Escrito por\" \/>\n\t<meta name=\"twitter:data1\" content=\"Redacci\u00f3n QP\" \/>\n\t<meta name=\"twitter:label2\" content=\"Tiempo de lectura\" \/>\n\t<meta name=\"twitter:data2\" content=\"2 minutos\" \/>\n<script type=\"application\/ld+json\" class=\"yoast-schema-graph\">{\"@context\":\"https:\\\/\\\/schema.org\",\"@graph\":[{\"@type\":\"Article\",\"@id\":\"https:\\\/\\\/quehacerpolitico.mx\\\/?p=97052#article\",\"isPartOf\":{\"@id\":\"https:\\\/\\\/quehacerpolitico.mx\\\/?p=97052\"},\"author\":{\"name\":\"Redacci\u00f3n QP\",\"@id\":\"https:\\\/\\\/quehacerpolitico.mx\\\/#\\\/schema\\\/person\\\/496d8ad2d1d3f8036101dca7ee39e585\"},\"headline\":\"La SCJN ratifica amparo a Rosario Robles contra inhabilitaci\u00f3n\",\"datePublished\":\"2022-11-10T02:04:14+00:00\",\"dateModified\":\"2022-11-10T02:04:17+00:00\",\"mainEntityOfPage\":{\"@id\":\"https:\\\/\\\/quehacerpolitico.mx\\\/?p=97052\"},\"wordCount\":331,\"commentCount\":0,\"image\":{\"@id\":\"https:\\\/\\\/quehacerpolitico.mx\\\/?p=97052#primaryimage\"},\"thumbnailUrl\":\"https:\\\/\\\/quehacerpolitico.mx\\\/wp-content\\\/uploads\\\/2022\\\/11\\\/6F21E1B4-294C-4266-95F8-797DB82DDD72.jpeg\",\"articleSection\":[\"Noticias\"],\"inLanguage\":\"es\",\"potentialAction\":[{\"@type\":\"CommentAction\",\"name\":\"Comment\",\"target\":[\"https:\\\/\\\/quehacerpolitico.mx\\\/?p=97052#respond\"]}]},{\"@type\":\"WebPage\",\"@id\":\"https:\\\/\\\/quehacerpolitico.mx\\\/?p=97052\",\"url\":\"https:\\\/\\\/quehacerpolitico.mx\\\/?p=97052\",\"name\":\"La SCJN ratifica amparo a Rosario Robles contra inhabilitaci\u00f3n -\",\"isPartOf\":{\"@id\":\"https:\\\/\\\/quehacerpolitico.mx\\\/#website\"},\"primaryImageOfPage\":{\"@id\":\"https:\\\/\\\/quehacerpolitico.mx\\\/?p=97052#primaryimage\"},\"image\":{\"@id\":\"https:\\\/\\\/quehacerpolitico.mx\\\/?p=97052#primaryimage\"},\"thumbnailUrl\":\"https:\\\/\\\/quehacerpolitico.mx\\\/wp-content\\\/uploads\\\/2022\\\/11\\\/6F21E1B4-294C-4266-95F8-797DB82DDD72.jpeg\",\"datePublished\":\"2022-11-10T02:04:14+00:00\",\"dateModified\":\"2022-11-10T02:04:17+00:00\",\"author\":{\"@id\":\"https:\\\/\\\/quehacerpolitico.mx\\\/#\\\/schema\\\/person\\\/496d8ad2d1d3f8036101dca7ee39e585\"},\"breadcrumb\":{\"@id\":\"https:\\\/\\\/quehacerpolitico.mx\\\/?p=97052#breadcrumb\"},\"inLanguage\":\"es\",\"potentialAction\":[{\"@type\":\"ReadAction\",\"target\":[\"https:\\\/\\\/quehacerpolitico.mx\\\/?p=97052\"]}]},{\"@type\":\"ImageObject\",\"inLanguage\":\"es\",\"@id\":\"https:\\\/\\\/quehacerpolitico.mx\\\/?p=97052#primaryimage\",\"url\":\"https:\\\/\\\/quehacerpolitico.mx\\\/wp-content\\\/uploads\\\/2022\\\/11\\\/6F21E1B4-294C-4266-95F8-797DB82DDD72.jpeg\",\"contentUrl\":\"https:\\\/\\\/quehacerpolitico.mx\\\/wp-content\\\/uploads\\\/2022\\\/11\\\/6F21E1B4-294C-4266-95F8-797DB82DDD72.jpeg\",\"width\":712,\"height\":431},{\"@type\":\"BreadcrumbList\",\"@id\":\"https:\\\/\\\/quehacerpolitico.mx\\\/?p=97052#breadcrumb\",\"itemListElement\":[{\"@type\":\"ListItem\",\"position\":1,\"name\":\"Inicio\",\"item\":\"https:\\\/\\\/quehacerpolitico.mx\\\/\"},{\"@type\":\"ListItem\",\"position\":2,\"name\":\"La SCJN ratifica amparo a Rosario Robles contra inhabilitaci\u00f3n\"}]},{\"@type\":\"WebSite\",\"@id\":\"https:\\\/\\\/quehacerpolitico.mx\\\/#website\",\"url\":\"https:\\\/\\\/quehacerpolitico.mx\\\/\",\"name\":\"\",\"description\":\"\",\"potentialAction\":[{\"@type\":\"SearchAction\",\"target\":{\"@type\":\"EntryPoint\",\"urlTemplate\":\"https:\\\/\\\/quehacerpolitico.mx\\\/?s={search_term_string}\"},\"query-input\":{\"@type\":\"PropertyValueSpecification\",\"valueRequired\":true,\"valueName\":\"search_term_string\"}}],\"inLanguage\":\"es\"},{\"@type\":\"Person\",\"@id\":\"https:\\\/\\\/quehacerpolitico.mx\\\/#\\\/schema\\\/person\\\/496d8ad2d1d3f8036101dca7ee39e585\",\"name\":\"Redacci\u00f3n QP\",\"image\":{\"@type\":\"ImageObject\",\"inLanguage\":\"es\",\"@id\":\"https:\\\/\\\/secure.gravatar.com\\\/avatar\\\/c7164ed6fdec453195284ad24a5ae5b6e1eed2b848477fa2a4787ba9adf39a41?s=96&d=mm&r=g\",\"url\":\"https:\\\/\\\/secure.gravatar.com\\\/avatar\\\/c7164ed6fdec453195284ad24a5ae5b6e1eed2b848477fa2a4787ba9adf39a41?s=96&d=mm&r=g\",\"contentUrl\":\"https:\\\/\\\/secure.gravatar.com\\\/avatar\\\/c7164ed6fdec453195284ad24a5ae5b6e1eed2b848477fa2a4787ba9adf39a41?s=96&d=mm&r=g\",\"caption\":\"Redacci\u00f3n QP\"},\"url\":\"https:\\\/\\\/quehacerpolitico.mx\\\/?author=2\"}]}<\/script>\n<!-- \/ Yoast SEO plugin. -->","yoast_head_json":{"title":"La SCJN ratifica amparo a Rosario Robles contra inhabilitaci\u00f3n -","robots":{"index":"index","follow":"follow","max-snippet":"max-snippet:-1","max-image-preview":"max-image-preview:large","max-video-preview":"max-video-preview:-1"},"canonical":"https:\/\/quehacerpolitico.mx\/?p=97052","og_locale":"es_MX","og_type":"article","og_title":"La SCJN ratifica amparo a Rosario Robles contra inhabilitaci\u00f3n -","og_description":"Por Redacci\u00f3n QP Ordenan a la SFP valorar si debe o no imponer la inhabilitaci\u00f3n...","og_url":"https:\/\/quehacerpolitico.mx\/?p=97052","article_published_time":"2022-11-10T02:04:14+00:00","article_modified_time":"2022-11-10T02:04:17+00:00","og_image":[{"width":712,"height":431,"url":"https:\/\/quehacerpolitico.mx\/wp-content\/uploads\/2022\/11\/6F21E1B4-294C-4266-95F8-797DB82DDD72.jpeg","type":"image\/jpeg"}],"author":"Redacci\u00f3n QP","twitter_card":"summary_large_image","twitter_misc":{"Escrito por":"Redacci\u00f3n QP","Tiempo de lectura":"2 minutos"},"schema":{"@context":"https:\/\/schema.org","@graph":[{"@type":"Article","@id":"https:\/\/quehacerpolitico.mx\/?p=97052#article","isPartOf":{"@id":"https:\/\/quehacerpolitico.mx\/?p=97052"},"author":{"name":"Redacci\u00f3n QP","@id":"https:\/\/quehacerpolitico.mx\/#\/schema\/person\/496d8ad2d1d3f8036101dca7ee39e585"},"headline":"La SCJN ratifica amparo a Rosario Robles contra inhabilitaci\u00f3n","datePublished":"2022-11-10T02:04:14+00:00","dateModified":"2022-11-10T02:04:17+00:00","mainEntityOfPage":{"@id":"https:\/\/quehacerpolitico.mx\/?p=97052"},"wordCount":331,"commentCount":0,"image":{"@id":"https:\/\/quehacerpolitico.mx\/?p=97052#primaryimage"},"thumbnailUrl":"https:\/\/quehacerpolitico.mx\/wp-content\/uploads\/2022\/11\/6F21E1B4-294C-4266-95F8-797DB82DDD72.jpeg","articleSection":["Noticias"],"inLanguage":"es","potentialAction":[{"@type":"CommentAction","name":"Comment","target":["https:\/\/quehacerpolitico.mx\/?p=97052#respond"]}]},{"@type":"WebPage","@id":"https:\/\/quehacerpolitico.mx\/?p=97052","url":"https:\/\/quehacerpolitico.mx\/?p=97052","name":"La SCJN ratifica amparo a Rosario Robles contra inhabilitaci\u00f3n -","isPartOf":{"@id":"https:\/\/quehacerpolitico.mx\/#website"},"primaryImageOfPage":{"@id":"https:\/\/quehacerpolitico.mx\/?p=97052#primaryimage"},"image":{"@id":"https:\/\/quehacerpolitico.mx\/?p=97052#primaryimage"},"thumbnailUrl":"https:\/\/quehacerpolitico.mx\/wp-content\/uploads\/2022\/11\/6F21E1B4-294C-4266-95F8-797DB82DDD72.jpeg","datePublished":"2022-11-10T02:04:14+00:00","dateModified":"2022-11-10T02:04:17+00:00","author":{"@id":"https:\/\/quehacerpolitico.mx\/#\/schema\/person\/496d8ad2d1d3f8036101dca7ee39e585"},"breadcrumb":{"@id":"https:\/\/quehacerpolitico.mx\/?p=97052#breadcrumb"},"inLanguage":"es","potentialAction":[{"@type":"ReadAction","target":["https:\/\/quehacerpolitico.mx\/?p=97052"]}]},{"@type":"ImageObject","inLanguage":"es","@id":"https:\/\/quehacerpolitico.mx\/?p=97052#primaryimage","url":"https:\/\/quehacerpolitico.mx\/wp-content\/uploads\/2022\/11\/6F21E1B4-294C-4266-95F8-797DB82DDD72.jpeg","contentUrl":"https:\/\/quehacerpolitico.mx\/wp-content\/uploads\/2022\/11\/6F21E1B4-294C-4266-95F8-797DB82DDD72.jpeg","width":712,"height":431},{"@type":"BreadcrumbList","@id":"https:\/\/quehacerpolitico.mx\/?p=97052#breadcrumb","itemListElement":[{"@type":"ListItem","position":1,"name":"Inicio","item":"https:\/\/quehacerpolitico.mx\/"},{"@type":"ListItem","position":2,"name":"La SCJN ratifica amparo a Rosario Robles contra inhabilitaci\u00f3n"}]},{"@type":"WebSite","@id":"https:\/\/quehacerpolitico.mx\/#website","url":"https:\/\/quehacerpolitico.mx\/","name":"","description":"","potentialAction":[{"@type":"SearchAction","target":{"@type":"EntryPoint","urlTemplate":"https:\/\/quehacerpolitico.mx\/?s={search_term_string}"},"query-input":{"@type":"PropertyValueSpecification","valueRequired":true,"valueName":"search_term_string"}}],"inLanguage":"es"},{"@type":"Person","@id":"https:\/\/quehacerpolitico.mx\/#\/schema\/person\/496d8ad2d1d3f8036101dca7ee39e585","name":"Redacci\u00f3n QP","image":{"@type":"ImageObject","inLanguage":"es","@id":"https:\/\/secure.gravatar.com\/avatar\/c7164ed6fdec453195284ad24a5ae5b6e1eed2b848477fa2a4787ba9adf39a41?s=96&d=mm&r=g","url":"https:\/\/secure.gravatar.com\/avatar\/c7164ed6fdec453195284ad24a5ae5b6e1eed2b848477fa2a4787ba9adf39a41?s=96&d=mm&r=g","contentUrl":"https:\/\/secure.gravatar.com\/avatar\/c7164ed6fdec453195284ad24a5ae5b6e1eed2b848477fa2a4787ba9adf39a41?s=96&d=mm&r=g","caption":"Redacci\u00f3n QP"},"url":"https:\/\/quehacerpolitico.mx\/?author=2"}]}},"featured_image_urls":{"full":["https:\/\/quehacerpolitico.mx\/wp-content\/uploads\/2022\/11\/6F21E1B4-294C-4266-95F8-797DB82DDD72.jpeg",712,431,false],"thumbnail":["https:\/\/quehacerpolitico.mx\/wp-content\/uploads\/2022\/11\/6F21E1B4-294C-4266-95F8-797DB82DDD72-150x150.jpeg",150,150,true],"medium":["https:\/\/quehacerpolitico.mx\/wp-content\/uploads\/2022\/11\/6F21E1B4-294C-4266-95F8-797DB82DDD72-300x182.jpeg",300,182,true],"medium_large":["https:\/\/quehacerpolitico.mx\/wp-content\/uploads\/2022\/11\/6F21E1B4-294C-4266-95F8-797DB82DDD72.jpeg",640,387,false],"large":["https:\/\/quehacerpolitico.mx\/wp-content\/uploads\/2022\/11\/6F21E1B4-294C-4266-95F8-797DB82DDD72.jpeg",640,387,false],"1536x1536":["https:\/\/quehacerpolitico.mx\/wp-content\/uploads\/2022\/11\/6F21E1B4-294C-4266-95F8-797DB82DDD72.jpeg",712,431,false],"2048x2048":["https:\/\/quehacerpolitico.mx\/wp-content\/uploads\/2022\/11\/6F21E1B4-294C-4266-95F8-797DB82DDD72.jpeg",712,431,false],"covernews-featured":["https:\/\/quehacerpolitico.mx\/wp-content\/uploads\/2022\/11\/6F21E1B4-294C-4266-95F8-797DB82DDD72.jpeg",712,431,false],"covernews-medium":["https:\/\/quehacerpolitico.mx\/wp-content\/uploads\/2022\/11\/6F21E1B4-294C-4266-95F8-797DB82DDD72.jpeg",540,327,false]},"author_info":{"display_name":"Redacci\u00f3n QP","author_link":"https:\/\/quehacerpolitico.mx\/?author=2"},"category_info":"<a href=\"https:\/\/quehacerpolitico.mx\/?cat=2\" rel=\"category\">Noticias<\/a>","tag_info":"Noticias","comment_count":"0","_links":{"self":[{"href":"https:\/\/quehacerpolitico.mx\/index.php?rest_route=\/wp\/v2\/posts\/97052","targetHints":{"allow":["GET"]}}],"collection":[{"href":"https:\/\/quehacerpolitico.mx\/index.php?rest_route=\/wp\/v2\/posts"}],"about":[{"href":"https:\/\/quehacerpolitico.mx\/index.php?rest_route=\/wp\/v2\/types\/post"}],"author":[{"embeddable":true,"href":"https:\/\/quehacerpolitico.mx\/index.php?rest_route=\/wp\/v2\/users\/2"}],"replies":[{"embeddable":true,"href":"https:\/\/quehacerpolitico.mx\/index.php?rest_route=%2Fwp%2Fv2%2Fcomments&post=97052"}],"version-history":[{"count":1,"href":"https:\/\/quehacerpolitico.mx\/index.php?rest_route=\/wp\/v2\/posts\/97052\/revisions"}],"predecessor-version":[{"id":97054,"href":"https:\/\/quehacerpolitico.mx\/index.php?rest_route=\/wp\/v2\/posts\/97052\/revisions\/97054"}],"wp:featuredmedia":[{"embeddable":true,"href":"https:\/\/quehacerpolitico.mx\/index.php?rest_route=\/wp\/v2\/media\/97053"}],"wp:attachment":[{"href":"https:\/\/quehacerpolitico.mx\/index.php?rest_route=%2Fwp%2Fv2%2Fmedia&parent=97052"}],"wp:term":[{"taxonomy":"category","embeddable":true,"href":"https:\/\/quehacerpolitico.mx\/index.php?rest_route=%2Fwp%2Fv2%2Fcategories&post=97052"},{"taxonomy":"post_tag","embeddable":true,"href":"https:\/\/quehacerpolitico.mx\/index.php?rest_route=%2Fwp%2Fv2%2Ftags&post=97052"}],"curies":[{"name":"wp","href":"https:\/\/api.w.org\/{rel}","templated":true}]}}