{"id":97049,"date":"2022-11-10T01:34:19","date_gmt":"2022-11-10T01:34:19","guid":{"rendered":"https:\/\/quehacerpolitico.mx\/?p=97049"},"modified":"2022-11-10T01:34:23","modified_gmt":"2022-11-10T01:34:23","slug":"dt-de-wolves-revelo-que-mexico-se-disculpo-por-llevar-a-raul-jimenez-a-la-banca-ante-irak","status":"publish","type":"post","link":"https:\/\/quehacerpolitico.mx\/?p=97049","title":{"rendered":"DT de Wolves revel\u00f3 que M\u00e9xico se disculp\u00f3 por llevar a Ra\u00fal Jim\u00e9nez a la banca ante Irak"},"content":{"rendered":"\n<p>Por Redacci\u00f3n QP<\/p>\n\n\n\n<p>La afici\u00f3n de Wolves se mostr\u00f3 molesta por ver al delantero en el banquillo durante el amistoso del Tricolor en Girona.<\/p>\n\n\n\n<p>Steve Davis, entrenador del Wolverhampton, revel\u00f3 que la Selecci\u00f3n Mexicana se disculp\u00f3 por tener a Ra\u00fal Jim\u00e9nez como suplente en el juego amistoso de este mi\u00e9rcoles ante Irak en Girona. Esto luego de que la afici\u00f3n mostr\u00f3 su enojo de ver al delantero con el combinado nacional y no con el equipo que enfrent\u00f3 a los Leeds en la EFL Cup debido a su lesi\u00f3n. &#8220;Solo me enter\u00e9 despu\u00e9s del juego. Vi la foto de \u00e9l en el banco con su ropa; lo nombraron en el banco pero no ha cambiado para jugar. El delantero ha estado fuera de juego por una lesi\u00f3n en la ingle desde el 31 de agosto y a\u00fan no est\u00e1 en condiciones de jugar, pero fue fotografiado en el banquillo de M\u00e9xico sin su uniforme de juego. Despu\u00e9s de eso, el Tri se comunic\u00f3 con los Wolves para disculparse y confirmar que Ra\u00fal Jim\u00e9nez nunca estuvo listo para jugar en el encuentro.<\/p>\n\n\n\n<figure class=\"wp-block-embed is-type-rich is-provider-twitter wp-block-embed-twitter\"><div class=\"wp-block-embed__wrapper\">\n<blockquote class=\"twitter-tweet\" data-width=\"550\" data-dnt=\"true\"><p lang=\"es\" dir=\"ltr\">\u26bd &quot;RA\u00daL EVOLUCIONANDO, NO VALE LA PENA APRESURARSE&quot; <br><br>Luego de la victoria ante Irak, &#39;Tata&#39; Martino habl\u00f3 de la evoluci\u00f3n de Ra\u00fal Jim\u00e9nez y el desempe\u00f1o del Tri hoy \ud83c\uddf2\ud83c\uddfd<br><br>\u274c &quot;NO PENSAMOS QUE GANARLE A IRAK SOLUCIONA TODO LO QUE SE HABLA AFUERA&quot; <a href=\"https:\/\/twitter.com\/hashtag\/FSRadioMX?src=hash&amp;ref_src=twsrc%5Etfw\">#FSRadioMX<\/a> <a href=\"https:\/\/t.co\/NhpJEC6YT2\">pic.twitter.com\/NhpJEC6YT2<\/a><\/p>&mdash; FOX Sports MX (@FOXSportsMX) <a href=\"https:\/\/twitter.com\/FOXSportsMX\/status\/1590473856011145216?ref_src=twsrc%5Etfw\">November 9, 2022<\/a><\/blockquote><script async src=\"https:\/\/platform.twitter.com\/widgets.js\" charset=\"utf-8\"><\/script>\n<\/div><\/figure>\n\n\n\n<p>&#8220;Eso es todo lo que entiendo. No estamos contentos con eso, por c\u00f3mo se ve y c\u00f3mo se ve desde afuera. Lo entiendo. Pero sabemos que no est\u00e1 listo para jugar. Se disculparon por incluirlo. Sabemos muy bien que no est\u00e1 listo para entrar o jugar en los juegos&#8221;. &#8220;Dijeron que fue por razones de salud mental que lo pusieron all\u00ed&#8221;. Jim\u00e9nez se encuentra actualmente con la Selecci\u00f3n de M\u00e9xico en Espa\u00f1a para continuar con su recuperaci\u00f3n. Volar\u00e1 de regreso a Inglaterra este fin de semana, antes de esperar a ver si M\u00e9xico lo convoca para la Copa del Mundo Qatar 2022.<\/p>\n\n\n\n<p>Con informaci\u00f3n de Medio Tiempo<\/p>\n","protected":false},"excerpt":{"rendered":"<p>Por Redacci\u00f3n QP La afici\u00f3n de Wolves se mostr\u00f3 molesta por ver al delantero en&#8230;<\/p>\n","protected":false},"author":2,"featured_media":97050,"comment_status":"open","ping_status":"open","sticky":false,"template":"","format":"standard","meta":{"_monsterinsights_skip_tracking":false,"_monsterinsights_sitenote_active":false,"_monsterinsights_sitenote_note":"","_monsterinsights_sitenote_category":0,"footnotes":""},"categories":[54],"tags":[],"class_list":["post-97049","post","type-post","status-publish","format-standard","has-post-thumbnail","hentry","category-deportes"],"yoast_head":"<!-- This site is optimized with the Yoast SEO plugin v27.3 - https:\/\/yoast.com\/product\/yoast-seo-wordpress\/ -->\n<title>DT de Wolves revel\u00f3 que M\u00e9xico se disculp\u00f3 por llevar a Ra\u00fal Jim\u00e9nez a la banca ante Irak -<\/title>\n<meta name=\"robots\" content=\"index, follow, max-snippet:-1, max-image-preview:large, max-video-preview:-1\" \/>\n<link rel=\"canonical\" href=\"https:\/\/quehacerpolitico.mx\/?p=97049\" \/>\n<meta property=\"og:locale\" content=\"es_MX\" \/>\n<meta property=\"og:type\" content=\"article\" \/>\n<meta property=\"og:title\" content=\"DT de Wolves revel\u00f3 que M\u00e9xico se disculp\u00f3 por llevar a Ra\u00fal Jim\u00e9nez a la banca ante Irak -\" \/>\n<meta property=\"og:description\" content=\"Por Redacci\u00f3n QP La afici\u00f3n de Wolves se mostr\u00f3 molesta por ver al delantero en...\" \/>\n<meta property=\"og:url\" content=\"https:\/\/quehacerpolitico.mx\/?p=97049\" \/>\n<meta property=\"article:published_time\" content=\"2022-11-10T01:34:19+00:00\" \/>\n<meta property=\"article:modified_time\" content=\"2022-11-10T01:34:23+00:00\" \/>\n<meta property=\"og:image\" content=\"https:\/\/quehacerpolitico.mx\/wp-content\/uploads\/2022\/11\/456D0891-FF6A-4600-991E-AE988BE3B3CF.jpeg\" \/>\n\t<meta property=\"og:image:width\" content=\"640\" \/>\n\t<meta property=\"og:image:height\" content=\"427\" \/>\n\t<meta property=\"og:image:type\" content=\"image\/jpeg\" \/>\n<meta name=\"author\" content=\"Redacci\u00f3n QP\" \/>\n<meta name=\"twitter:card\" content=\"summary_large_image\" \/>\n<meta name=\"twitter:label1\" content=\"Escrito por\" \/>\n\t<meta name=\"twitter:data1\" content=\"Redacci\u00f3n QP\" \/>\n\t<meta name=\"twitter:label2\" content=\"Tiempo de lectura\" \/>\n\t<meta name=\"twitter:data2\" content=\"2 minutos\" \/>\n<script type=\"application\/ld+json\" class=\"yoast-schema-graph\">{\"@context\":\"https:\\\/\\\/schema.org\",\"@graph\":[{\"@type\":\"Article\",\"@id\":\"https:\\\/\\\/quehacerpolitico.mx\\\/?p=97049#article\",\"isPartOf\":{\"@id\":\"https:\\\/\\\/quehacerpolitico.mx\\\/?p=97049\"},\"author\":{\"name\":\"Redacci\u00f3n QP\",\"@id\":\"https:\\\/\\\/quehacerpolitico.mx\\\/#\\\/schema\\\/person\\\/496d8ad2d1d3f8036101dca7ee39e585\"},\"headline\":\"DT de Wolves revel\u00f3 que M\u00e9xico se disculp\u00f3 por llevar a Ra\u00fal Jim\u00e9nez a la banca ante Irak\",\"datePublished\":\"2022-11-10T01:34:19+00:00\",\"dateModified\":\"2022-11-10T01:34:23+00:00\",\"mainEntityOfPage\":{\"@id\":\"https:\\\/\\\/quehacerpolitico.mx\\\/?p=97049\"},\"wordCount\":341,\"commentCount\":0,\"image\":{\"@id\":\"https:\\\/\\\/quehacerpolitico.mx\\\/?p=97049#primaryimage\"},\"thumbnailUrl\":\"https:\\\/\\\/quehacerpolitico.mx\\\/wp-content\\\/uploads\\\/2022\\\/11\\\/456D0891-FF6A-4600-991E-AE988BE3B3CF.jpeg\",\"articleSection\":[\"Deportes\"],\"inLanguage\":\"es\",\"potentialAction\":[{\"@type\":\"CommentAction\",\"name\":\"Comment\",\"target\":[\"https:\\\/\\\/quehacerpolitico.mx\\\/?p=97049#respond\"]}]},{\"@type\":\"WebPage\",\"@id\":\"https:\\\/\\\/quehacerpolitico.mx\\\/?p=97049\",\"url\":\"https:\\\/\\\/quehacerpolitico.mx\\\/?p=97049\",\"name\":\"DT de Wolves revel\u00f3 que M\u00e9xico se disculp\u00f3 por llevar a Ra\u00fal Jim\u00e9nez a la banca ante Irak -\",\"isPartOf\":{\"@id\":\"https:\\\/\\\/quehacerpolitico.mx\\\/#website\"},\"primaryImageOfPage\":{\"@id\":\"https:\\\/\\\/quehacerpolitico.mx\\\/?p=97049#primaryimage\"},\"image\":{\"@id\":\"https:\\\/\\\/quehacerpolitico.mx\\\/?p=97049#primaryimage\"},\"thumbnailUrl\":\"https:\\\/\\\/quehacerpolitico.mx\\\/wp-content\\\/uploads\\\/2022\\\/11\\\/456D0891-FF6A-4600-991E-AE988BE3B3CF.jpeg\",\"datePublished\":\"2022-11-10T01:34:19+00:00\",\"dateModified\":\"2022-11-10T01:34:23+00:00\",\"author\":{\"@id\":\"https:\\\/\\\/quehacerpolitico.mx\\\/#\\\/schema\\\/person\\\/496d8ad2d1d3f8036101dca7ee39e585\"},\"breadcrumb\":{\"@id\":\"https:\\\/\\\/quehacerpolitico.mx\\\/?p=97049#breadcrumb\"},\"inLanguage\":\"es\",\"potentialAction\":[{\"@type\":\"ReadAction\",\"target\":[\"https:\\\/\\\/quehacerpolitico.mx\\\/?p=97049\"]}]},{\"@type\":\"ImageObject\",\"inLanguage\":\"es\",\"@id\":\"https:\\\/\\\/quehacerpolitico.mx\\\/?p=97049#primaryimage\",\"url\":\"https:\\\/\\\/quehacerpolitico.mx\\\/wp-content\\\/uploads\\\/2022\\\/11\\\/456D0891-FF6A-4600-991E-AE988BE3B3CF.jpeg\",\"contentUrl\":\"https:\\\/\\\/quehacerpolitico.mx\\\/wp-content\\\/uploads\\\/2022\\\/11\\\/456D0891-FF6A-4600-991E-AE988BE3B3CF.jpeg\",\"width\":640,\"height\":427},{\"@type\":\"BreadcrumbList\",\"@id\":\"https:\\\/\\\/quehacerpolitico.mx\\\/?p=97049#breadcrumb\",\"itemListElement\":[{\"@type\":\"ListItem\",\"position\":1,\"name\":\"Inicio\",\"item\":\"https:\\\/\\\/quehacerpolitico.mx\\\/\"},{\"@type\":\"ListItem\",\"position\":2,\"name\":\"DT de Wolves revel\u00f3 que M\u00e9xico se disculp\u00f3 por llevar a Ra\u00fal Jim\u00e9nez a la banca ante Irak\"}]},{\"@type\":\"WebSite\",\"@id\":\"https:\\\/\\\/quehacerpolitico.mx\\\/#website\",\"url\":\"https:\\\/\\\/quehacerpolitico.mx\\\/\",\"name\":\"\",\"description\":\"\",\"potentialAction\":[{\"@type\":\"SearchAction\",\"target\":{\"@type\":\"EntryPoint\",\"urlTemplate\":\"https:\\\/\\\/quehacerpolitico.mx\\\/?s={search_term_string}\"},\"query-input\":{\"@type\":\"PropertyValueSpecification\",\"valueRequired\":true,\"valueName\":\"search_term_string\"}}],\"inLanguage\":\"es\"},{\"@type\":\"Person\",\"@id\":\"https:\\\/\\\/quehacerpolitico.mx\\\/#\\\/schema\\\/person\\\/496d8ad2d1d3f8036101dca7ee39e585\",\"name\":\"Redacci\u00f3n QP\",\"image\":{\"@type\":\"ImageObject\",\"inLanguage\":\"es\",\"@id\":\"https:\\\/\\\/secure.gravatar.com\\\/avatar\\\/c7164ed6fdec453195284ad24a5ae5b6e1eed2b848477fa2a4787ba9adf39a41?s=96&d=mm&r=g\",\"url\":\"https:\\\/\\\/secure.gravatar.com\\\/avatar\\\/c7164ed6fdec453195284ad24a5ae5b6e1eed2b848477fa2a4787ba9adf39a41?s=96&d=mm&r=g\",\"contentUrl\":\"https:\\\/\\\/secure.gravatar.com\\\/avatar\\\/c7164ed6fdec453195284ad24a5ae5b6e1eed2b848477fa2a4787ba9adf39a41?s=96&d=mm&r=g\",\"caption\":\"Redacci\u00f3n QP\"},\"url\":\"https:\\\/\\\/quehacerpolitico.mx\\\/?author=2\"}]}<\/script>\n<!-- \/ Yoast SEO plugin. -->","yoast_head_json":{"title":"DT de Wolves revel\u00f3 que M\u00e9xico se disculp\u00f3 por llevar a Ra\u00fal Jim\u00e9nez a la banca ante Irak -","robots":{"index":"index","follow":"follow","max-snippet":"max-snippet:-1","max-image-preview":"max-image-preview:large","max-video-preview":"max-video-preview:-1"},"canonical":"https:\/\/quehacerpolitico.mx\/?p=97049","og_locale":"es_MX","og_type":"article","og_title":"DT de Wolves revel\u00f3 que M\u00e9xico se disculp\u00f3 por llevar a Ra\u00fal Jim\u00e9nez a la banca ante Irak -","og_description":"Por Redacci\u00f3n QP La afici\u00f3n de Wolves se mostr\u00f3 molesta por ver al delantero en...","og_url":"https:\/\/quehacerpolitico.mx\/?p=97049","article_published_time":"2022-11-10T01:34:19+00:00","article_modified_time":"2022-11-10T01:34:23+00:00","og_image":[{"width":640,"height":427,"url":"https:\/\/quehacerpolitico.mx\/wp-content\/uploads\/2022\/11\/456D0891-FF6A-4600-991E-AE988BE3B3CF.jpeg","type":"image\/jpeg"}],"author":"Redacci\u00f3n QP","twitter_card":"summary_large_image","twitter_misc":{"Escrito por":"Redacci\u00f3n QP","Tiempo de lectura":"2 minutos"},"schema":{"@context":"https:\/\/schema.org","@graph":[{"@type":"Article","@id":"https:\/\/quehacerpolitico.mx\/?p=97049#article","isPartOf":{"@id":"https:\/\/quehacerpolitico.mx\/?p=97049"},"author":{"name":"Redacci\u00f3n QP","@id":"https:\/\/quehacerpolitico.mx\/#\/schema\/person\/496d8ad2d1d3f8036101dca7ee39e585"},"headline":"DT de Wolves revel\u00f3 que M\u00e9xico se disculp\u00f3 por llevar a Ra\u00fal Jim\u00e9nez a la banca ante Irak","datePublished":"2022-11-10T01:34:19+00:00","dateModified":"2022-11-10T01:34:23+00:00","mainEntityOfPage":{"@id":"https:\/\/quehacerpolitico.mx\/?p=97049"},"wordCount":341,"commentCount":0,"image":{"@id":"https:\/\/quehacerpolitico.mx\/?p=97049#primaryimage"},"thumbnailUrl":"https:\/\/quehacerpolitico.mx\/wp-content\/uploads\/2022\/11\/456D0891-FF6A-4600-991E-AE988BE3B3CF.jpeg","articleSection":["Deportes"],"inLanguage":"es","potentialAction":[{"@type":"CommentAction","name":"Comment","target":["https:\/\/quehacerpolitico.mx\/?p=97049#respond"]}]},{"@type":"WebPage","@id":"https:\/\/quehacerpolitico.mx\/?p=97049","url":"https:\/\/quehacerpolitico.mx\/?p=97049","name":"DT de Wolves revel\u00f3 que M\u00e9xico se disculp\u00f3 por llevar a Ra\u00fal Jim\u00e9nez a la banca ante Irak -","isPartOf":{"@id":"https:\/\/quehacerpolitico.mx\/#website"},"primaryImageOfPage":{"@id":"https:\/\/quehacerpolitico.mx\/?p=97049#primaryimage"},"image":{"@id":"https:\/\/quehacerpolitico.mx\/?p=97049#primaryimage"},"thumbnailUrl":"https:\/\/quehacerpolitico.mx\/wp-content\/uploads\/2022\/11\/456D0891-FF6A-4600-991E-AE988BE3B3CF.jpeg","datePublished":"2022-11-10T01:34:19+00:00","dateModified":"2022-11-10T01:34:23+00:00","author":{"@id":"https:\/\/quehacerpolitico.mx\/#\/schema\/person\/496d8ad2d1d3f8036101dca7ee39e585"},"breadcrumb":{"@id":"https:\/\/quehacerpolitico.mx\/?p=97049#breadcrumb"},"inLanguage":"es","potentialAction":[{"@type":"ReadAction","target":["https:\/\/quehacerpolitico.mx\/?p=97049"]}]},{"@type":"ImageObject","inLanguage":"es","@id":"https:\/\/quehacerpolitico.mx\/?p=97049#primaryimage","url":"https:\/\/quehacerpolitico.mx\/wp-content\/uploads\/2022\/11\/456D0891-FF6A-4600-991E-AE988BE3B3CF.jpeg","contentUrl":"https:\/\/quehacerpolitico.mx\/wp-content\/uploads\/2022\/11\/456D0891-FF6A-4600-991E-AE988BE3B3CF.jpeg","width":640,"height":427},{"@type":"BreadcrumbList","@id":"https:\/\/quehacerpolitico.mx\/?p=97049#breadcrumb","itemListElement":[{"@type":"ListItem","position":1,"name":"Inicio","item":"https:\/\/quehacerpolitico.mx\/"},{"@type":"ListItem","position":2,"name":"DT de Wolves revel\u00f3 que M\u00e9xico se disculp\u00f3 por llevar a Ra\u00fal Jim\u00e9nez a la banca ante Irak"}]},{"@type":"WebSite","@id":"https:\/\/quehacerpolitico.mx\/#website","url":"https:\/\/quehacerpolitico.mx\/","name":"","description":"","potentialAction":[{"@type":"SearchAction","target":{"@type":"EntryPoint","urlTemplate":"https:\/\/quehacerpolitico.mx\/?s={search_term_string}"},"query-input":{"@type":"PropertyValueSpecification","valueRequired":true,"valueName":"search_term_string"}}],"inLanguage":"es"},{"@type":"Person","@id":"https:\/\/quehacerpolitico.mx\/#\/schema\/person\/496d8ad2d1d3f8036101dca7ee39e585","name":"Redacci\u00f3n QP","image":{"@type":"ImageObject","inLanguage":"es","@id":"https:\/\/secure.gravatar.com\/avatar\/c7164ed6fdec453195284ad24a5ae5b6e1eed2b848477fa2a4787ba9adf39a41?s=96&d=mm&r=g","url":"https:\/\/secure.gravatar.com\/avatar\/c7164ed6fdec453195284ad24a5ae5b6e1eed2b848477fa2a4787ba9adf39a41?s=96&d=mm&r=g","contentUrl":"https:\/\/secure.gravatar.com\/avatar\/c7164ed6fdec453195284ad24a5ae5b6e1eed2b848477fa2a4787ba9adf39a41?s=96&d=mm&r=g","caption":"Redacci\u00f3n QP"},"url":"https:\/\/quehacerpolitico.mx\/?author=2"}]}},"featured_image_urls":{"full":["https:\/\/quehacerpolitico.mx\/wp-content\/uploads\/2022\/11\/456D0891-FF6A-4600-991E-AE988BE3B3CF.jpeg",640,427,false],"thumbnail":["https:\/\/quehacerpolitico.mx\/wp-content\/uploads\/2022\/11\/456D0891-FF6A-4600-991E-AE988BE3B3CF-150x150.jpeg",150,150,true],"medium":["https:\/\/quehacerpolitico.mx\/wp-content\/uploads\/2022\/11\/456D0891-FF6A-4600-991E-AE988BE3B3CF-300x200.jpeg",300,200,true],"medium_large":["https:\/\/quehacerpolitico.mx\/wp-content\/uploads\/2022\/11\/456D0891-FF6A-4600-991E-AE988BE3B3CF.jpeg",640,427,false],"large":["https:\/\/quehacerpolitico.mx\/wp-content\/uploads\/2022\/11\/456D0891-FF6A-4600-991E-AE988BE3B3CF.jpeg",640,427,false],"1536x1536":["https:\/\/quehacerpolitico.mx\/wp-content\/uploads\/2022\/11\/456D0891-FF6A-4600-991E-AE988BE3B3CF.jpeg",640,427,false],"2048x2048":["https:\/\/quehacerpolitico.mx\/wp-content\/uploads\/2022\/11\/456D0891-FF6A-4600-991E-AE988BE3B3CF.jpeg",640,427,false],"covernews-featured":["https:\/\/quehacerpolitico.mx\/wp-content\/uploads\/2022\/11\/456D0891-FF6A-4600-991E-AE988BE3B3CF.jpeg",640,427,false],"covernews-medium":["https:\/\/quehacerpolitico.mx\/wp-content\/uploads\/2022\/11\/456D0891-FF6A-4600-991E-AE988BE3B3CF.jpeg",510,340,false]},"author_info":{"display_name":"Redacci\u00f3n QP","author_link":"https:\/\/quehacerpolitico.mx\/?author=2"},"category_info":"<a href=\"https:\/\/quehacerpolitico.mx\/?cat=54\" rel=\"category\">Deportes<\/a>","tag_info":"Deportes","comment_count":"0","_links":{"self":[{"href":"https:\/\/quehacerpolitico.mx\/index.php?rest_route=\/wp\/v2\/posts\/97049","targetHints":{"allow":["GET"]}}],"collection":[{"href":"https:\/\/quehacerpolitico.mx\/index.php?rest_route=\/wp\/v2\/posts"}],"about":[{"href":"https:\/\/quehacerpolitico.mx\/index.php?rest_route=\/wp\/v2\/types\/post"}],"author":[{"embeddable":true,"href":"https:\/\/quehacerpolitico.mx\/index.php?rest_route=\/wp\/v2\/users\/2"}],"replies":[{"embeddable":true,"href":"https:\/\/quehacerpolitico.mx\/index.php?rest_route=%2Fwp%2Fv2%2Fcomments&post=97049"}],"version-history":[{"count":1,"href":"https:\/\/quehacerpolitico.mx\/index.php?rest_route=\/wp\/v2\/posts\/97049\/revisions"}],"predecessor-version":[{"id":97051,"href":"https:\/\/quehacerpolitico.mx\/index.php?rest_route=\/wp\/v2\/posts\/97049\/revisions\/97051"}],"wp:featuredmedia":[{"embeddable":true,"href":"https:\/\/quehacerpolitico.mx\/index.php?rest_route=\/wp\/v2\/media\/97050"}],"wp:attachment":[{"href":"https:\/\/quehacerpolitico.mx\/index.php?rest_route=%2Fwp%2Fv2%2Fmedia&parent=97049"}],"wp:term":[{"taxonomy":"category","embeddable":true,"href":"https:\/\/quehacerpolitico.mx\/index.php?rest_route=%2Fwp%2Fv2%2Fcategories&post=97049"},{"taxonomy":"post_tag","embeddable":true,"href":"https:\/\/quehacerpolitico.mx\/index.php?rest_route=%2Fwp%2Fv2%2Ftags&post=97049"}],"curies":[{"name":"wp","href":"https:\/\/api.w.org\/{rel}","templated":true}]}}