{"id":97040,"date":"2022-11-09T23:34:57","date_gmt":"2022-11-09T23:34:57","guid":{"rendered":"https:\/\/quehacerpolitico.mx\/?p=97040"},"modified":"2022-11-09T23:35:00","modified_gmt":"2022-11-09T23:35:00","slug":"lopez-obrador-ya-no-gobierna-ni-a-sus-corcholatas-dice-lilly-tellez","status":"publish","type":"post","link":"https:\/\/quehacerpolitico.mx\/?p=97040","title":{"rendered":"L\u00f3pez Obrador ya no gobierna &#8220;ni a sus corcholatas&#8221;, dice Lilly T\u00e9llez"},"content":{"rendered":"\n<p>Por Redacci\u00f3n QP<\/p>\n\n\n\n<p>La senadora panista llam\u00f3 a asistir a la marcha de este domingo 13 en defensa del INE<\/p>\n\n\n\n<p>La senadora Lilly T\u00e9llez llam\u00f3 a asistir a la marcha de este domingo 13 en defensa del INE y<strong>\u00a0sentenci\u00f3 que el Presidente Andr\u00e9s Manuel L\u00f3pez Obrador &#8220;ya no gobierna ni a sus corcholatas&#8221;.<\/strong><\/p>\n\n\n\n<p>&#8220;El Presidente ya no gobierna ni a sus corcholatas. Vamos a la marcha 13-11 en defensa de la democracia. M\u00e9xico sin miedo&#8221;, escribi\u00f3 la senadora panista en su cuenta de Twitter.<\/p>\n\n\n\n<p>Este martes, tras las cr\u00edticas de L\u00f3pez Obrador a los asistentes a la marcha para defender al INE, convocada para este domingo 13 de noviembre, la senadora Lilly T\u00e9llez le mand\u00f3 un mensaje.<\/p>\n\n\n\n<figure class=\"wp-block-embed is-type-rich is-provider-twitter wp-block-embed-twitter\"><div class=\"wp-block-embed__wrapper\">\n<blockquote class=\"twitter-tweet\" data-width=\"550\" data-dnt=\"true\"><p lang=\"es\" dir=\"ltr\">El Presidente ya no gobierna ni a sus corcholatas. <br><br>Vamos a la marcha 13-11 en defensa de la democracia.<br>M\u00e9xico sin miedo \ud83c\uddf2\ud83c\uddfd<\/p>&mdash; Lilly T\u00e9llez (@LillyTellez) <a href=\"https:\/\/twitter.com\/LillyTellez\/status\/1590333690428928002?ref_src=twsrc%5Etfw\">November 9, 2022<\/a><\/blockquote><script async src=\"https:\/\/platform.twitter.com\/widgets.js\" charset=\"utf-8\"><\/script>\n<\/div><\/figure>\n\n\n\n<p><strong>&#8220;\u00bfPor qu\u00e9 nos detesta a los cat\u00f3licos?&#8221;,<\/strong>&nbsp;cuestion\u00f3 la senadora de Acci\u00f3n Nacional.<\/p>\n\n\n\n<p>&#8220;\u00bfPor qu\u00e9 le molesta que vayamos a misa y a la marcha por la democracia?&#8221;, agreg\u00f3 la legisladora de Sonora.<\/p>\n\n\n\n<p>Opositores hicieron un llamado a participar el pr\u00f3ximo 13 de noviembre, el d\u00eda del cumplea\u00f1os de L\u00f3pez Obrador, en\u00a0una marcha contra la reforma electoral para defender al INE<\/p>\n\n\n\n<p>&#8220;Debemos alzar la voz contra la tiran\u00eda. Despu\u00e9s no habr\u00e1 espacio para expresarnos. No faltes el 13 de nov., 10:30 en \u00c1ngel de la Independencia&#8221;, convoc\u00f3 el empresario Claudio X. Gonz\u00e1lez.<\/p>\n\n\n\n<p>A los asistentes a la marcha &#8220;El INE no se toca&#8221; se les pidi\u00f3 asistir con una prenda rosa para llegar al Hemiciclo a Ju\u00e1rez.<\/p>\n\n\n\n<p>Con informaci\u00f3n de SUN<\/p>\n","protected":false},"excerpt":{"rendered":"<p>Por Redacci\u00f3n QP La senadora panista llam\u00f3 a asistir a la marcha de este domingo&#8230;<\/p>\n","protected":false},"author":2,"featured_media":97041,"comment_status":"open","ping_status":"open","sticky":false,"template":"","format":"standard","meta":{"_monsterinsights_skip_tracking":false,"_monsterinsights_sitenote_active":false,"_monsterinsights_sitenote_note":"","_monsterinsights_sitenote_category":0,"footnotes":""},"categories":[2],"tags":[],"class_list":["post-97040","post","type-post","status-publish","format-standard","has-post-thumbnail","hentry","category-noticias"],"yoast_head":"<!-- This site is optimized with the Yoast SEO plugin v27.3 - https:\/\/yoast.com\/product\/yoast-seo-wordpress\/ -->\n<title>L\u00f3pez Obrador ya no gobierna &quot;ni a sus corcholatas&quot;, dice Lilly T\u00e9llez -<\/title>\n<meta name=\"robots\" content=\"index, follow, max-snippet:-1, max-image-preview:large, max-video-preview:-1\" \/>\n<link rel=\"canonical\" href=\"https:\/\/quehacerpolitico.mx\/?p=97040\" \/>\n<meta property=\"og:locale\" content=\"es_MX\" \/>\n<meta property=\"og:type\" content=\"article\" \/>\n<meta property=\"og:title\" content=\"L\u00f3pez Obrador ya no gobierna &quot;ni a sus corcholatas&quot;, dice Lilly T\u00e9llez -\" \/>\n<meta property=\"og:description\" content=\"Por Redacci\u00f3n QP La senadora panista llam\u00f3 a asistir a la marcha de este domingo...\" \/>\n<meta property=\"og:url\" content=\"https:\/\/quehacerpolitico.mx\/?p=97040\" \/>\n<meta property=\"article:published_time\" content=\"2022-11-09T23:34:57+00:00\" \/>\n<meta property=\"article:modified_time\" content=\"2022-11-09T23:35:00+00:00\" \/>\n<meta property=\"og:image\" content=\"https:\/\/quehacerpolitico.mx\/wp-content\/uploads\/2022\/11\/0F17DE7B-E4CC-4842-BD40-80B4C4C992F2.jpeg\" \/>\n\t<meta property=\"og:image:width\" content=\"678\" \/>\n\t<meta property=\"og:image:height\" content=\"452\" \/>\n\t<meta property=\"og:image:type\" content=\"image\/jpeg\" \/>\n<meta name=\"author\" content=\"Redacci\u00f3n QP\" \/>\n<meta name=\"twitter:card\" content=\"summary_large_image\" \/>\n<meta name=\"twitter:label1\" content=\"Escrito por\" \/>\n\t<meta name=\"twitter:data1\" content=\"Redacci\u00f3n QP\" \/>\n\t<meta name=\"twitter:label2\" content=\"Tiempo de lectura\" \/>\n\t<meta name=\"twitter:data2\" content=\"1 minuto\" \/>\n<script type=\"application\/ld+json\" class=\"yoast-schema-graph\">{\"@context\":\"https:\\\/\\\/schema.org\",\"@graph\":[{\"@type\":\"Article\",\"@id\":\"https:\\\/\\\/quehacerpolitico.mx\\\/?p=97040#article\",\"isPartOf\":{\"@id\":\"https:\\\/\\\/quehacerpolitico.mx\\\/?p=97040\"},\"author\":{\"name\":\"Redacci\u00f3n QP\",\"@id\":\"https:\\\/\\\/quehacerpolitico.mx\\\/#\\\/schema\\\/person\\\/496d8ad2d1d3f8036101dca7ee39e585\"},\"headline\":\"L\u00f3pez Obrador ya no gobierna &#8220;ni a sus corcholatas&#8221;, dice Lilly T\u00e9llez\",\"datePublished\":\"2022-11-09T23:34:57+00:00\",\"dateModified\":\"2022-11-09T23:35:00+00:00\",\"mainEntityOfPage\":{\"@id\":\"https:\\\/\\\/quehacerpolitico.mx\\\/?p=97040\"},\"wordCount\":279,\"commentCount\":0,\"image\":{\"@id\":\"https:\\\/\\\/quehacerpolitico.mx\\\/?p=97040#primaryimage\"},\"thumbnailUrl\":\"https:\\\/\\\/quehacerpolitico.mx\\\/wp-content\\\/uploads\\\/2022\\\/11\\\/0F17DE7B-E4CC-4842-BD40-80B4C4C992F2.jpeg\",\"articleSection\":[\"Noticias\"],\"inLanguage\":\"es\",\"potentialAction\":[{\"@type\":\"CommentAction\",\"name\":\"Comment\",\"target\":[\"https:\\\/\\\/quehacerpolitico.mx\\\/?p=97040#respond\"]}]},{\"@type\":\"WebPage\",\"@id\":\"https:\\\/\\\/quehacerpolitico.mx\\\/?p=97040\",\"url\":\"https:\\\/\\\/quehacerpolitico.mx\\\/?p=97040\",\"name\":\"L\u00f3pez Obrador ya no gobierna \\\"ni a sus corcholatas\\\", dice Lilly T\u00e9llez -\",\"isPartOf\":{\"@id\":\"https:\\\/\\\/quehacerpolitico.mx\\\/#website\"},\"primaryImageOfPage\":{\"@id\":\"https:\\\/\\\/quehacerpolitico.mx\\\/?p=97040#primaryimage\"},\"image\":{\"@id\":\"https:\\\/\\\/quehacerpolitico.mx\\\/?p=97040#primaryimage\"},\"thumbnailUrl\":\"https:\\\/\\\/quehacerpolitico.mx\\\/wp-content\\\/uploads\\\/2022\\\/11\\\/0F17DE7B-E4CC-4842-BD40-80B4C4C992F2.jpeg\",\"datePublished\":\"2022-11-09T23:34:57+00:00\",\"dateModified\":\"2022-11-09T23:35:00+00:00\",\"author\":{\"@id\":\"https:\\\/\\\/quehacerpolitico.mx\\\/#\\\/schema\\\/person\\\/496d8ad2d1d3f8036101dca7ee39e585\"},\"breadcrumb\":{\"@id\":\"https:\\\/\\\/quehacerpolitico.mx\\\/?p=97040#breadcrumb\"},\"inLanguage\":\"es\",\"potentialAction\":[{\"@type\":\"ReadAction\",\"target\":[\"https:\\\/\\\/quehacerpolitico.mx\\\/?p=97040\"]}]},{\"@type\":\"ImageObject\",\"inLanguage\":\"es\",\"@id\":\"https:\\\/\\\/quehacerpolitico.mx\\\/?p=97040#primaryimage\",\"url\":\"https:\\\/\\\/quehacerpolitico.mx\\\/wp-content\\\/uploads\\\/2022\\\/11\\\/0F17DE7B-E4CC-4842-BD40-80B4C4C992F2.jpeg\",\"contentUrl\":\"https:\\\/\\\/quehacerpolitico.mx\\\/wp-content\\\/uploads\\\/2022\\\/11\\\/0F17DE7B-E4CC-4842-BD40-80B4C4C992F2.jpeg\",\"width\":678,\"height\":452},{\"@type\":\"BreadcrumbList\",\"@id\":\"https:\\\/\\\/quehacerpolitico.mx\\\/?p=97040#breadcrumb\",\"itemListElement\":[{\"@type\":\"ListItem\",\"position\":1,\"name\":\"Inicio\",\"item\":\"https:\\\/\\\/quehacerpolitico.mx\\\/\"},{\"@type\":\"ListItem\",\"position\":2,\"name\":\"L\u00f3pez Obrador ya no gobierna &#8220;ni a sus corcholatas&#8221;, dice Lilly T\u00e9llez\"}]},{\"@type\":\"WebSite\",\"@id\":\"https:\\\/\\\/quehacerpolitico.mx\\\/#website\",\"url\":\"https:\\\/\\\/quehacerpolitico.mx\\\/\",\"name\":\"\",\"description\":\"\",\"potentialAction\":[{\"@type\":\"SearchAction\",\"target\":{\"@type\":\"EntryPoint\",\"urlTemplate\":\"https:\\\/\\\/quehacerpolitico.mx\\\/?s={search_term_string}\"},\"query-input\":{\"@type\":\"PropertyValueSpecification\",\"valueRequired\":true,\"valueName\":\"search_term_string\"}}],\"inLanguage\":\"es\"},{\"@type\":\"Person\",\"@id\":\"https:\\\/\\\/quehacerpolitico.mx\\\/#\\\/schema\\\/person\\\/496d8ad2d1d3f8036101dca7ee39e585\",\"name\":\"Redacci\u00f3n QP\",\"image\":{\"@type\":\"ImageObject\",\"inLanguage\":\"es\",\"@id\":\"https:\\\/\\\/secure.gravatar.com\\\/avatar\\\/c7164ed6fdec453195284ad24a5ae5b6e1eed2b848477fa2a4787ba9adf39a41?s=96&d=mm&r=g\",\"url\":\"https:\\\/\\\/secure.gravatar.com\\\/avatar\\\/c7164ed6fdec453195284ad24a5ae5b6e1eed2b848477fa2a4787ba9adf39a41?s=96&d=mm&r=g\",\"contentUrl\":\"https:\\\/\\\/secure.gravatar.com\\\/avatar\\\/c7164ed6fdec453195284ad24a5ae5b6e1eed2b848477fa2a4787ba9adf39a41?s=96&d=mm&r=g\",\"caption\":\"Redacci\u00f3n QP\"},\"url\":\"https:\\\/\\\/quehacerpolitico.mx\\\/?author=2\"}]}<\/script>\n<!-- \/ Yoast SEO plugin. -->","yoast_head_json":{"title":"L\u00f3pez Obrador ya no gobierna \"ni a sus corcholatas\", dice Lilly T\u00e9llez -","robots":{"index":"index","follow":"follow","max-snippet":"max-snippet:-1","max-image-preview":"max-image-preview:large","max-video-preview":"max-video-preview:-1"},"canonical":"https:\/\/quehacerpolitico.mx\/?p=97040","og_locale":"es_MX","og_type":"article","og_title":"L\u00f3pez Obrador ya no gobierna \"ni a sus corcholatas\", dice Lilly T\u00e9llez -","og_description":"Por Redacci\u00f3n QP La senadora panista llam\u00f3 a asistir a la marcha de este domingo...","og_url":"https:\/\/quehacerpolitico.mx\/?p=97040","article_published_time":"2022-11-09T23:34:57+00:00","article_modified_time":"2022-11-09T23:35:00+00:00","og_image":[{"width":678,"height":452,"url":"https:\/\/quehacerpolitico.mx\/wp-content\/uploads\/2022\/11\/0F17DE7B-E4CC-4842-BD40-80B4C4C992F2.jpeg","type":"image\/jpeg"}],"author":"Redacci\u00f3n QP","twitter_card":"summary_large_image","twitter_misc":{"Escrito por":"Redacci\u00f3n QP","Tiempo de lectura":"1 minuto"},"schema":{"@context":"https:\/\/schema.org","@graph":[{"@type":"Article","@id":"https:\/\/quehacerpolitico.mx\/?p=97040#article","isPartOf":{"@id":"https:\/\/quehacerpolitico.mx\/?p=97040"},"author":{"name":"Redacci\u00f3n QP","@id":"https:\/\/quehacerpolitico.mx\/#\/schema\/person\/496d8ad2d1d3f8036101dca7ee39e585"},"headline":"L\u00f3pez Obrador ya no gobierna &#8220;ni a sus corcholatas&#8221;, dice Lilly T\u00e9llez","datePublished":"2022-11-09T23:34:57+00:00","dateModified":"2022-11-09T23:35:00+00:00","mainEntityOfPage":{"@id":"https:\/\/quehacerpolitico.mx\/?p=97040"},"wordCount":279,"commentCount":0,"image":{"@id":"https:\/\/quehacerpolitico.mx\/?p=97040#primaryimage"},"thumbnailUrl":"https:\/\/quehacerpolitico.mx\/wp-content\/uploads\/2022\/11\/0F17DE7B-E4CC-4842-BD40-80B4C4C992F2.jpeg","articleSection":["Noticias"],"inLanguage":"es","potentialAction":[{"@type":"CommentAction","name":"Comment","target":["https:\/\/quehacerpolitico.mx\/?p=97040#respond"]}]},{"@type":"WebPage","@id":"https:\/\/quehacerpolitico.mx\/?p=97040","url":"https:\/\/quehacerpolitico.mx\/?p=97040","name":"L\u00f3pez Obrador ya no gobierna \"ni a sus corcholatas\", dice Lilly T\u00e9llez -","isPartOf":{"@id":"https:\/\/quehacerpolitico.mx\/#website"},"primaryImageOfPage":{"@id":"https:\/\/quehacerpolitico.mx\/?p=97040#primaryimage"},"image":{"@id":"https:\/\/quehacerpolitico.mx\/?p=97040#primaryimage"},"thumbnailUrl":"https:\/\/quehacerpolitico.mx\/wp-content\/uploads\/2022\/11\/0F17DE7B-E4CC-4842-BD40-80B4C4C992F2.jpeg","datePublished":"2022-11-09T23:34:57+00:00","dateModified":"2022-11-09T23:35:00+00:00","author":{"@id":"https:\/\/quehacerpolitico.mx\/#\/schema\/person\/496d8ad2d1d3f8036101dca7ee39e585"},"breadcrumb":{"@id":"https:\/\/quehacerpolitico.mx\/?p=97040#breadcrumb"},"inLanguage":"es","potentialAction":[{"@type":"ReadAction","target":["https:\/\/quehacerpolitico.mx\/?p=97040"]}]},{"@type":"ImageObject","inLanguage":"es","@id":"https:\/\/quehacerpolitico.mx\/?p=97040#primaryimage","url":"https:\/\/quehacerpolitico.mx\/wp-content\/uploads\/2022\/11\/0F17DE7B-E4CC-4842-BD40-80B4C4C992F2.jpeg","contentUrl":"https:\/\/quehacerpolitico.mx\/wp-content\/uploads\/2022\/11\/0F17DE7B-E4CC-4842-BD40-80B4C4C992F2.jpeg","width":678,"height":452},{"@type":"BreadcrumbList","@id":"https:\/\/quehacerpolitico.mx\/?p=97040#breadcrumb","itemListElement":[{"@type":"ListItem","position":1,"name":"Inicio","item":"https:\/\/quehacerpolitico.mx\/"},{"@type":"ListItem","position":2,"name":"L\u00f3pez Obrador ya no gobierna &#8220;ni a sus corcholatas&#8221;, dice Lilly T\u00e9llez"}]},{"@type":"WebSite","@id":"https:\/\/quehacerpolitico.mx\/#website","url":"https:\/\/quehacerpolitico.mx\/","name":"","description":"","potentialAction":[{"@type":"SearchAction","target":{"@type":"EntryPoint","urlTemplate":"https:\/\/quehacerpolitico.mx\/?s={search_term_string}"},"query-input":{"@type":"PropertyValueSpecification","valueRequired":true,"valueName":"search_term_string"}}],"inLanguage":"es"},{"@type":"Person","@id":"https:\/\/quehacerpolitico.mx\/#\/schema\/person\/496d8ad2d1d3f8036101dca7ee39e585","name":"Redacci\u00f3n QP","image":{"@type":"ImageObject","inLanguage":"es","@id":"https:\/\/secure.gravatar.com\/avatar\/c7164ed6fdec453195284ad24a5ae5b6e1eed2b848477fa2a4787ba9adf39a41?s=96&d=mm&r=g","url":"https:\/\/secure.gravatar.com\/avatar\/c7164ed6fdec453195284ad24a5ae5b6e1eed2b848477fa2a4787ba9adf39a41?s=96&d=mm&r=g","contentUrl":"https:\/\/secure.gravatar.com\/avatar\/c7164ed6fdec453195284ad24a5ae5b6e1eed2b848477fa2a4787ba9adf39a41?s=96&d=mm&r=g","caption":"Redacci\u00f3n QP"},"url":"https:\/\/quehacerpolitico.mx\/?author=2"}]}},"featured_image_urls":{"full":["https:\/\/quehacerpolitico.mx\/wp-content\/uploads\/2022\/11\/0F17DE7B-E4CC-4842-BD40-80B4C4C992F2.jpeg",678,452,false],"thumbnail":["https:\/\/quehacerpolitico.mx\/wp-content\/uploads\/2022\/11\/0F17DE7B-E4CC-4842-BD40-80B4C4C992F2-150x150.jpeg",150,150,true],"medium":["https:\/\/quehacerpolitico.mx\/wp-content\/uploads\/2022\/11\/0F17DE7B-E4CC-4842-BD40-80B4C4C992F2-300x200.jpeg",300,200,true],"medium_large":["https:\/\/quehacerpolitico.mx\/wp-content\/uploads\/2022\/11\/0F17DE7B-E4CC-4842-BD40-80B4C4C992F2.jpeg",640,427,false],"large":["https:\/\/quehacerpolitico.mx\/wp-content\/uploads\/2022\/11\/0F17DE7B-E4CC-4842-BD40-80B4C4C992F2.jpeg",640,427,false],"1536x1536":["https:\/\/quehacerpolitico.mx\/wp-content\/uploads\/2022\/11\/0F17DE7B-E4CC-4842-BD40-80B4C4C992F2.jpeg",678,452,false],"2048x2048":["https:\/\/quehacerpolitico.mx\/wp-content\/uploads\/2022\/11\/0F17DE7B-E4CC-4842-BD40-80B4C4C992F2.jpeg",678,452,false],"covernews-featured":["https:\/\/quehacerpolitico.mx\/wp-content\/uploads\/2022\/11\/0F17DE7B-E4CC-4842-BD40-80B4C4C992F2.jpeg",678,452,false],"covernews-medium":["https:\/\/quehacerpolitico.mx\/wp-content\/uploads\/2022\/11\/0F17DE7B-E4CC-4842-BD40-80B4C4C992F2.jpeg",510,340,false]},"author_info":{"display_name":"Redacci\u00f3n QP","author_link":"https:\/\/quehacerpolitico.mx\/?author=2"},"category_info":"<a href=\"https:\/\/quehacerpolitico.mx\/?cat=2\" rel=\"category\">Noticias<\/a>","tag_info":"Noticias","comment_count":"0","_links":{"self":[{"href":"https:\/\/quehacerpolitico.mx\/index.php?rest_route=\/wp\/v2\/posts\/97040","targetHints":{"allow":["GET"]}}],"collection":[{"href":"https:\/\/quehacerpolitico.mx\/index.php?rest_route=\/wp\/v2\/posts"}],"about":[{"href":"https:\/\/quehacerpolitico.mx\/index.php?rest_route=\/wp\/v2\/types\/post"}],"author":[{"embeddable":true,"href":"https:\/\/quehacerpolitico.mx\/index.php?rest_route=\/wp\/v2\/users\/2"}],"replies":[{"embeddable":true,"href":"https:\/\/quehacerpolitico.mx\/index.php?rest_route=%2Fwp%2Fv2%2Fcomments&post=97040"}],"version-history":[{"count":1,"href":"https:\/\/quehacerpolitico.mx\/index.php?rest_route=\/wp\/v2\/posts\/97040\/revisions"}],"predecessor-version":[{"id":97042,"href":"https:\/\/quehacerpolitico.mx\/index.php?rest_route=\/wp\/v2\/posts\/97040\/revisions\/97042"}],"wp:featuredmedia":[{"embeddable":true,"href":"https:\/\/quehacerpolitico.mx\/index.php?rest_route=\/wp\/v2\/media\/97041"}],"wp:attachment":[{"href":"https:\/\/quehacerpolitico.mx\/index.php?rest_route=%2Fwp%2Fv2%2Fmedia&parent=97040"}],"wp:term":[{"taxonomy":"category","embeddable":true,"href":"https:\/\/quehacerpolitico.mx\/index.php?rest_route=%2Fwp%2Fv2%2Fcategories&post=97040"},{"taxonomy":"post_tag","embeddable":true,"href":"https:\/\/quehacerpolitico.mx\/index.php?rest_route=%2Fwp%2Fv2%2Ftags&post=97040"}],"curies":[{"name":"wp","href":"https:\/\/api.w.org\/{rel}","templated":true}]}}