{"id":97034,"date":"2022-11-09T23:07:37","date_gmt":"2022-11-09T23:07:37","guid":{"rendered":"https:\/\/quehacerpolitico.mx\/?p=97034"},"modified":"2022-11-09T23:07:43","modified_gmt":"2022-11-09T23:07:43","slug":"morelos-ya-entrego-carpeta-de-investigacion-de-ariadna-a-fiscalia-de-cdmx","status":"publish","type":"post","link":"https:\/\/quehacerpolitico.mx\/?p=97034","title":{"rendered":"Morelos ya entreg\u00f3 carpeta de investigaci\u00f3n de Ariadna a fiscal\u00eda de CDMX"},"content":{"rendered":"\n<p>Por Redacci\u00f3n QP<\/p>\n\n\n\n<p>Ariadna Fernanda. &#8220;\u00bfPor qu\u00e9 nos vamos a quedar callados? Yo sigo sosteniendo que quer\u00edan encubrir el feminicidio&#8221;, dice\u00a0Claudia Sheinbaum ante se\u00f1alamientos<\/p>\n\n\n\n<p>La jefa de Gobierno, Claudia Sheinbaum, inform\u00f3 que,\u00a0<strong>la madrugada de este mi\u00e9rcoles, fue entregada la carpeta de investigaci\u00f3n del caso de Ariadna Fernanda por la Fiscal\u00eda General de Justicia de Morelos a la Fiscal\u00eda de la Ciudad de M\u00e9xico<\/strong>.<\/p>\n\n\n\n<p><strong>&#8220;Nos coment\u00f3 la fiscal\u00eda (Ernestina Godoy) que la entreg\u00f3 en la madrugada, que en la madrugada lo recibieron, y a penas van a revisarla. Todav\u00eda la fiscal no nos pod\u00eda comentar nada y adem\u00e1s hay que guardar el debido proceso para algunos temas&#8221;<\/strong>.<\/p>\n\n\n\n<p>En conferencia de prensa, Sheinbaum mencion\u00f3 que, lo anterior se debe a lo que dijo ayer d\u00f3nde cuestion\u00f3 que\u00a0<strong>hasta el 13 de noviembre iba a ser entregada<\/strong>\u00a0por la fiscal\u00eda estatal de Morelos, sin embargo,\u00a0<strong>ya tomaron la decisi\u00f3n de entregarla<\/strong>.<\/p>\n\n\n\n<figure class=\"wp-block-embed is-type-rich is-provider-twitter wp-block-embed-twitter\"><div class=\"wp-block-embed__wrapper\">\n<blockquote class=\"twitter-tweet\" data-width=\"550\" data-dnt=\"true\"><p lang=\"es\" dir=\"ltr\">La Fiscal\u00eda del estado de Morelos entreg\u00f3 la primer carpeta de Investigaci\u00f3n a la Fiscal\u00eda de la CDMX durante la madrugada de este mi\u00e9rcoles, confirm\u00f3 la jefa se gobierno Claudia Sheinbaum.<br><br>\ud83d\udcf9<a href=\"https:\/\/twitter.com\/jordana_glez?ref_src=twsrc%5Etfw\">@Jordana_glez<\/a> <a href=\"https:\/\/t.co\/r3g7JQLLgI\">pic.twitter.com\/r3g7JQLLgI<\/a><\/p>&mdash; Ruido en la Red (@RuidoEnLaRed) <a href=\"https:\/\/twitter.com\/RuidoEnLaRed\/status\/1590424832566435840?ref_src=twsrc%5Etfw\">November 9, 2022<\/a><\/blockquote><script async src=\"https:\/\/platform.twitter.com\/widgets.js\" charset=\"utf-8\"><\/script>\n<\/div><\/figure>\n\n\n\n<p>Sobre el caso de Lidia, qui\u00e9n se arroj\u00f3 de un taxi en movimiento por temor, la mandataria capitalina mencion\u00f3 que el caso va muy avanzado y que el due\u00f1o del veh\u00edculo ya est\u00e1 detenido, as\u00ed como otra persona.<\/p>\n\n\n\n<p>En ese sentido, la mandataria capitalina&nbsp;<strong>hizo un llamado al poder judicial y fiscales para que haya justicia<\/strong>, que no haya encubrimiento y corrupci\u00f3n en todos los casos, pero en particular en los feminicidios.<\/p>\n\n\n\n<p>&#8220;En la medida que se acaba&#8230;<strong>\u00a0que no haya impunidad, que se acabe con la impunidad y que haya justicia<\/strong>, en esa medida vamos a tener menos feminicidios. Es el llamado al poder judicial y a los fiscales, lo repito nuevamente&#8221;, indic\u00f3.<\/p>\n\n\n\n<h2 class=\"wp-block-heading\">Fiscal de Morelos pidi\u00f3 que Sheinbaum matizara discurso<\/h2>\n\n\n\n<p>La jefa de Gobierno se\u00f1al\u00f3 que el d\u00eda que evidenci\u00f3 al fiscal de Morelos, Uriel Carmona, de encubrir el caso de Ariadna,&nbsp;<strong>\u00e9l llam\u00f3 a la fiscal Ernestina Godoy y le pidi\u00f3 si la mandataria pod\u00eda matizar su discurso<\/strong>.<\/p>\n\n\n\n<p>&#8220;Le habla por tel\u00e9fono a la licenciada Ernestina Godoy para hablar sobre el caso y entre otras cosas le dice que si no har\u00e1 manera de matizar a la jefa de Gobierno, el lunes.\u00a0<strong>\u00bfPor qu\u00e9 nos vamos a quedar callados? Yo sigo sosteniendo que quer\u00edan encubrir el feminicidio&#8221;<\/strong>.<\/p>\n\n\n\n<p>Sobre el caso de Lidia, qui\u00e9n se arroj\u00f3 de un taxi en movimiento por temor, la mandataria capitalina mencion\u00f3 que el caso va muy avanzado y que el due\u00f1o del veh\u00edculo ya est\u00e1 detenido, as\u00ed como otra persona.<\/p>\n\n\n\n<p>Con informaci\u00f3n de SUN<\/p>\n","protected":false},"excerpt":{"rendered":"<p>Por Redacci\u00f3n QP Ariadna Fernanda. &#8220;\u00bfPor qu\u00e9 nos vamos a quedar callados? Yo sigo sosteniendo&#8230;<\/p>\n","protected":false},"author":2,"featured_media":97035,"comment_status":"open","ping_status":"open","sticky":false,"template":"","format":"standard","meta":{"_monsterinsights_skip_tracking":false,"_monsterinsights_sitenote_active":false,"_monsterinsights_sitenote_note":"","_monsterinsights_sitenote_category":0,"footnotes":""},"categories":[55],"tags":[],"class_list":["post-97034","post","type-post","status-publish","format-standard","has-post-thumbnail","hentry","category-cdmx"],"yoast_head":"<!-- This site is optimized with the Yoast SEO plugin v27.3 - https:\/\/yoast.com\/product\/yoast-seo-wordpress\/ -->\n<title>Morelos ya entreg\u00f3 carpeta de investigaci\u00f3n de Ariadna a fiscal\u00eda de CDMX -<\/title>\n<meta name=\"robots\" content=\"index, follow, max-snippet:-1, max-image-preview:large, max-video-preview:-1\" \/>\n<link rel=\"canonical\" href=\"https:\/\/quehacerpolitico.mx\/?p=97034\" \/>\n<meta property=\"og:locale\" content=\"es_MX\" \/>\n<meta property=\"og:type\" content=\"article\" \/>\n<meta property=\"og:title\" content=\"Morelos ya entreg\u00f3 carpeta de investigaci\u00f3n de Ariadna a fiscal\u00eda de CDMX -\" \/>\n<meta property=\"og:description\" content=\"Por Redacci\u00f3n QP Ariadna Fernanda. &#8220;\u00bfPor qu\u00e9 nos vamos a quedar callados? Yo sigo sosteniendo...\" \/>\n<meta property=\"og:url\" content=\"https:\/\/quehacerpolitico.mx\/?p=97034\" \/>\n<meta property=\"article:published_time\" content=\"2022-11-09T23:07:37+00:00\" \/>\n<meta property=\"article:modified_time\" content=\"2022-11-09T23:07:43+00:00\" \/>\n<meta property=\"og:image\" content=\"https:\/\/quehacerpolitico.mx\/wp-content\/uploads\/2022\/11\/E03564A9-DA5D-4F1C-AA66-DA9C695DD779.jpeg\" \/>\n\t<meta property=\"og:image:width\" content=\"771\" \/>\n\t<meta property=\"og:image:height\" content=\"398\" \/>\n\t<meta property=\"og:image:type\" content=\"image\/jpeg\" \/>\n<meta name=\"author\" content=\"Redacci\u00f3n QP\" \/>\n<meta name=\"twitter:card\" content=\"summary_large_image\" \/>\n<meta name=\"twitter:label1\" content=\"Escrito por\" \/>\n\t<meta name=\"twitter:data1\" content=\"Redacci\u00f3n QP\" \/>\n\t<meta name=\"twitter:label2\" content=\"Tiempo de lectura\" \/>\n\t<meta name=\"twitter:data2\" content=\"2 minutos\" \/>\n<script type=\"application\/ld+json\" class=\"yoast-schema-graph\">{\"@context\":\"https:\\\/\\\/schema.org\",\"@graph\":[{\"@type\":\"Article\",\"@id\":\"https:\\\/\\\/quehacerpolitico.mx\\\/?p=97034#article\",\"isPartOf\":{\"@id\":\"https:\\\/\\\/quehacerpolitico.mx\\\/?p=97034\"},\"author\":{\"name\":\"Redacci\u00f3n QP\",\"@id\":\"https:\\\/\\\/quehacerpolitico.mx\\\/#\\\/schema\\\/person\\\/496d8ad2d1d3f8036101dca7ee39e585\"},\"headline\":\"Morelos ya entreg\u00f3 carpeta de investigaci\u00f3n de Ariadna a fiscal\u00eda de CDMX\",\"datePublished\":\"2022-11-09T23:07:37+00:00\",\"dateModified\":\"2022-11-09T23:07:43+00:00\",\"mainEntityOfPage\":{\"@id\":\"https:\\\/\\\/quehacerpolitico.mx\\\/?p=97034\"},\"wordCount\":456,\"commentCount\":0,\"image\":{\"@id\":\"https:\\\/\\\/quehacerpolitico.mx\\\/?p=97034#primaryimage\"},\"thumbnailUrl\":\"https:\\\/\\\/quehacerpolitico.mx\\\/wp-content\\\/uploads\\\/2022\\\/11\\\/E03564A9-DA5D-4F1C-AA66-DA9C695DD779.jpeg\",\"articleSection\":[\"CDMX\"],\"inLanguage\":\"es\",\"potentialAction\":[{\"@type\":\"CommentAction\",\"name\":\"Comment\",\"target\":[\"https:\\\/\\\/quehacerpolitico.mx\\\/?p=97034#respond\"]}]},{\"@type\":\"WebPage\",\"@id\":\"https:\\\/\\\/quehacerpolitico.mx\\\/?p=97034\",\"url\":\"https:\\\/\\\/quehacerpolitico.mx\\\/?p=97034\",\"name\":\"Morelos ya entreg\u00f3 carpeta de investigaci\u00f3n de Ariadna a fiscal\u00eda de CDMX -\",\"isPartOf\":{\"@id\":\"https:\\\/\\\/quehacerpolitico.mx\\\/#website\"},\"primaryImageOfPage\":{\"@id\":\"https:\\\/\\\/quehacerpolitico.mx\\\/?p=97034#primaryimage\"},\"image\":{\"@id\":\"https:\\\/\\\/quehacerpolitico.mx\\\/?p=97034#primaryimage\"},\"thumbnailUrl\":\"https:\\\/\\\/quehacerpolitico.mx\\\/wp-content\\\/uploads\\\/2022\\\/11\\\/E03564A9-DA5D-4F1C-AA66-DA9C695DD779.jpeg\",\"datePublished\":\"2022-11-09T23:07:37+00:00\",\"dateModified\":\"2022-11-09T23:07:43+00:00\",\"author\":{\"@id\":\"https:\\\/\\\/quehacerpolitico.mx\\\/#\\\/schema\\\/person\\\/496d8ad2d1d3f8036101dca7ee39e585\"},\"breadcrumb\":{\"@id\":\"https:\\\/\\\/quehacerpolitico.mx\\\/?p=97034#breadcrumb\"},\"inLanguage\":\"es\",\"potentialAction\":[{\"@type\":\"ReadAction\",\"target\":[\"https:\\\/\\\/quehacerpolitico.mx\\\/?p=97034\"]}]},{\"@type\":\"ImageObject\",\"inLanguage\":\"es\",\"@id\":\"https:\\\/\\\/quehacerpolitico.mx\\\/?p=97034#primaryimage\",\"url\":\"https:\\\/\\\/quehacerpolitico.mx\\\/wp-content\\\/uploads\\\/2022\\\/11\\\/E03564A9-DA5D-4F1C-AA66-DA9C695DD779.jpeg\",\"contentUrl\":\"https:\\\/\\\/quehacerpolitico.mx\\\/wp-content\\\/uploads\\\/2022\\\/11\\\/E03564A9-DA5D-4F1C-AA66-DA9C695DD779.jpeg\",\"width\":771,\"height\":398},{\"@type\":\"BreadcrumbList\",\"@id\":\"https:\\\/\\\/quehacerpolitico.mx\\\/?p=97034#breadcrumb\",\"itemListElement\":[{\"@type\":\"ListItem\",\"position\":1,\"name\":\"Inicio\",\"item\":\"https:\\\/\\\/quehacerpolitico.mx\\\/\"},{\"@type\":\"ListItem\",\"position\":2,\"name\":\"Morelos ya entreg\u00f3 carpeta de investigaci\u00f3n de Ariadna a fiscal\u00eda de CDMX\"}]},{\"@type\":\"WebSite\",\"@id\":\"https:\\\/\\\/quehacerpolitico.mx\\\/#website\",\"url\":\"https:\\\/\\\/quehacerpolitico.mx\\\/\",\"name\":\"\",\"description\":\"\",\"potentialAction\":[{\"@type\":\"SearchAction\",\"target\":{\"@type\":\"EntryPoint\",\"urlTemplate\":\"https:\\\/\\\/quehacerpolitico.mx\\\/?s={search_term_string}\"},\"query-input\":{\"@type\":\"PropertyValueSpecification\",\"valueRequired\":true,\"valueName\":\"search_term_string\"}}],\"inLanguage\":\"es\"},{\"@type\":\"Person\",\"@id\":\"https:\\\/\\\/quehacerpolitico.mx\\\/#\\\/schema\\\/person\\\/496d8ad2d1d3f8036101dca7ee39e585\",\"name\":\"Redacci\u00f3n QP\",\"image\":{\"@type\":\"ImageObject\",\"inLanguage\":\"es\",\"@id\":\"https:\\\/\\\/secure.gravatar.com\\\/avatar\\\/c7164ed6fdec453195284ad24a5ae5b6e1eed2b848477fa2a4787ba9adf39a41?s=96&d=mm&r=g\",\"url\":\"https:\\\/\\\/secure.gravatar.com\\\/avatar\\\/c7164ed6fdec453195284ad24a5ae5b6e1eed2b848477fa2a4787ba9adf39a41?s=96&d=mm&r=g\",\"contentUrl\":\"https:\\\/\\\/secure.gravatar.com\\\/avatar\\\/c7164ed6fdec453195284ad24a5ae5b6e1eed2b848477fa2a4787ba9adf39a41?s=96&d=mm&r=g\",\"caption\":\"Redacci\u00f3n QP\"},\"url\":\"https:\\\/\\\/quehacerpolitico.mx\\\/?author=2\"}]}<\/script>\n<!-- \/ Yoast SEO plugin. -->","yoast_head_json":{"title":"Morelos ya entreg\u00f3 carpeta de investigaci\u00f3n de Ariadna a fiscal\u00eda de CDMX -","robots":{"index":"index","follow":"follow","max-snippet":"max-snippet:-1","max-image-preview":"max-image-preview:large","max-video-preview":"max-video-preview:-1"},"canonical":"https:\/\/quehacerpolitico.mx\/?p=97034","og_locale":"es_MX","og_type":"article","og_title":"Morelos ya entreg\u00f3 carpeta de investigaci\u00f3n de Ariadna a fiscal\u00eda de CDMX -","og_description":"Por Redacci\u00f3n QP Ariadna Fernanda. &#8220;\u00bfPor qu\u00e9 nos vamos a quedar callados? Yo sigo sosteniendo...","og_url":"https:\/\/quehacerpolitico.mx\/?p=97034","article_published_time":"2022-11-09T23:07:37+00:00","article_modified_time":"2022-11-09T23:07:43+00:00","og_image":[{"width":771,"height":398,"url":"https:\/\/quehacerpolitico.mx\/wp-content\/uploads\/2022\/11\/E03564A9-DA5D-4F1C-AA66-DA9C695DD779.jpeg","type":"image\/jpeg"}],"author":"Redacci\u00f3n QP","twitter_card":"summary_large_image","twitter_misc":{"Escrito por":"Redacci\u00f3n QP","Tiempo de lectura":"2 minutos"},"schema":{"@context":"https:\/\/schema.org","@graph":[{"@type":"Article","@id":"https:\/\/quehacerpolitico.mx\/?p=97034#article","isPartOf":{"@id":"https:\/\/quehacerpolitico.mx\/?p=97034"},"author":{"name":"Redacci\u00f3n QP","@id":"https:\/\/quehacerpolitico.mx\/#\/schema\/person\/496d8ad2d1d3f8036101dca7ee39e585"},"headline":"Morelos ya entreg\u00f3 carpeta de investigaci\u00f3n de Ariadna a fiscal\u00eda de CDMX","datePublished":"2022-11-09T23:07:37+00:00","dateModified":"2022-11-09T23:07:43+00:00","mainEntityOfPage":{"@id":"https:\/\/quehacerpolitico.mx\/?p=97034"},"wordCount":456,"commentCount":0,"image":{"@id":"https:\/\/quehacerpolitico.mx\/?p=97034#primaryimage"},"thumbnailUrl":"https:\/\/quehacerpolitico.mx\/wp-content\/uploads\/2022\/11\/E03564A9-DA5D-4F1C-AA66-DA9C695DD779.jpeg","articleSection":["CDMX"],"inLanguage":"es","potentialAction":[{"@type":"CommentAction","name":"Comment","target":["https:\/\/quehacerpolitico.mx\/?p=97034#respond"]}]},{"@type":"WebPage","@id":"https:\/\/quehacerpolitico.mx\/?p=97034","url":"https:\/\/quehacerpolitico.mx\/?p=97034","name":"Morelos ya entreg\u00f3 carpeta de investigaci\u00f3n de Ariadna a fiscal\u00eda de CDMX -","isPartOf":{"@id":"https:\/\/quehacerpolitico.mx\/#website"},"primaryImageOfPage":{"@id":"https:\/\/quehacerpolitico.mx\/?p=97034#primaryimage"},"image":{"@id":"https:\/\/quehacerpolitico.mx\/?p=97034#primaryimage"},"thumbnailUrl":"https:\/\/quehacerpolitico.mx\/wp-content\/uploads\/2022\/11\/E03564A9-DA5D-4F1C-AA66-DA9C695DD779.jpeg","datePublished":"2022-11-09T23:07:37+00:00","dateModified":"2022-11-09T23:07:43+00:00","author":{"@id":"https:\/\/quehacerpolitico.mx\/#\/schema\/person\/496d8ad2d1d3f8036101dca7ee39e585"},"breadcrumb":{"@id":"https:\/\/quehacerpolitico.mx\/?p=97034#breadcrumb"},"inLanguage":"es","potentialAction":[{"@type":"ReadAction","target":["https:\/\/quehacerpolitico.mx\/?p=97034"]}]},{"@type":"ImageObject","inLanguage":"es","@id":"https:\/\/quehacerpolitico.mx\/?p=97034#primaryimage","url":"https:\/\/quehacerpolitico.mx\/wp-content\/uploads\/2022\/11\/E03564A9-DA5D-4F1C-AA66-DA9C695DD779.jpeg","contentUrl":"https:\/\/quehacerpolitico.mx\/wp-content\/uploads\/2022\/11\/E03564A9-DA5D-4F1C-AA66-DA9C695DD779.jpeg","width":771,"height":398},{"@type":"BreadcrumbList","@id":"https:\/\/quehacerpolitico.mx\/?p=97034#breadcrumb","itemListElement":[{"@type":"ListItem","position":1,"name":"Inicio","item":"https:\/\/quehacerpolitico.mx\/"},{"@type":"ListItem","position":2,"name":"Morelos ya entreg\u00f3 carpeta de investigaci\u00f3n de Ariadna a fiscal\u00eda de CDMX"}]},{"@type":"WebSite","@id":"https:\/\/quehacerpolitico.mx\/#website","url":"https:\/\/quehacerpolitico.mx\/","name":"","description":"","potentialAction":[{"@type":"SearchAction","target":{"@type":"EntryPoint","urlTemplate":"https:\/\/quehacerpolitico.mx\/?s={search_term_string}"},"query-input":{"@type":"PropertyValueSpecification","valueRequired":true,"valueName":"search_term_string"}}],"inLanguage":"es"},{"@type":"Person","@id":"https:\/\/quehacerpolitico.mx\/#\/schema\/person\/496d8ad2d1d3f8036101dca7ee39e585","name":"Redacci\u00f3n QP","image":{"@type":"ImageObject","inLanguage":"es","@id":"https:\/\/secure.gravatar.com\/avatar\/c7164ed6fdec453195284ad24a5ae5b6e1eed2b848477fa2a4787ba9adf39a41?s=96&d=mm&r=g","url":"https:\/\/secure.gravatar.com\/avatar\/c7164ed6fdec453195284ad24a5ae5b6e1eed2b848477fa2a4787ba9adf39a41?s=96&d=mm&r=g","contentUrl":"https:\/\/secure.gravatar.com\/avatar\/c7164ed6fdec453195284ad24a5ae5b6e1eed2b848477fa2a4787ba9adf39a41?s=96&d=mm&r=g","caption":"Redacci\u00f3n QP"},"url":"https:\/\/quehacerpolitico.mx\/?author=2"}]}},"featured_image_urls":{"full":["https:\/\/quehacerpolitico.mx\/wp-content\/uploads\/2022\/11\/E03564A9-DA5D-4F1C-AA66-DA9C695DD779.jpeg",771,398,false],"thumbnail":["https:\/\/quehacerpolitico.mx\/wp-content\/uploads\/2022\/11\/E03564A9-DA5D-4F1C-AA66-DA9C695DD779-150x150.jpeg",150,150,true],"medium":["https:\/\/quehacerpolitico.mx\/wp-content\/uploads\/2022\/11\/E03564A9-DA5D-4F1C-AA66-DA9C695DD779-300x155.jpeg",300,155,true],"medium_large":["https:\/\/quehacerpolitico.mx\/wp-content\/uploads\/2022\/11\/E03564A9-DA5D-4F1C-AA66-DA9C695DD779-768x396.jpeg",640,330,true],"large":["https:\/\/quehacerpolitico.mx\/wp-content\/uploads\/2022\/11\/E03564A9-DA5D-4F1C-AA66-DA9C695DD779.jpeg",640,330,false],"1536x1536":["https:\/\/quehacerpolitico.mx\/wp-content\/uploads\/2022\/11\/E03564A9-DA5D-4F1C-AA66-DA9C695DD779.jpeg",771,398,false],"2048x2048":["https:\/\/quehacerpolitico.mx\/wp-content\/uploads\/2022\/11\/E03564A9-DA5D-4F1C-AA66-DA9C695DD779.jpeg",771,398,false],"covernews-featured":["https:\/\/quehacerpolitico.mx\/wp-content\/uploads\/2022\/11\/E03564A9-DA5D-4F1C-AA66-DA9C695DD779.jpeg",771,398,false],"covernews-medium":["https:\/\/quehacerpolitico.mx\/wp-content\/uploads\/2022\/11\/E03564A9-DA5D-4F1C-AA66-DA9C695DD779.jpeg",540,279,false]},"author_info":{"display_name":"Redacci\u00f3n QP","author_link":"https:\/\/quehacerpolitico.mx\/?author=2"},"category_info":"<a href=\"https:\/\/quehacerpolitico.mx\/?cat=55\" rel=\"category\">CDMX<\/a>","tag_info":"CDMX","comment_count":"0","_links":{"self":[{"href":"https:\/\/quehacerpolitico.mx\/index.php?rest_route=\/wp\/v2\/posts\/97034","targetHints":{"allow":["GET"]}}],"collection":[{"href":"https:\/\/quehacerpolitico.mx\/index.php?rest_route=\/wp\/v2\/posts"}],"about":[{"href":"https:\/\/quehacerpolitico.mx\/index.php?rest_route=\/wp\/v2\/types\/post"}],"author":[{"embeddable":true,"href":"https:\/\/quehacerpolitico.mx\/index.php?rest_route=\/wp\/v2\/users\/2"}],"replies":[{"embeddable":true,"href":"https:\/\/quehacerpolitico.mx\/index.php?rest_route=%2Fwp%2Fv2%2Fcomments&post=97034"}],"version-history":[{"count":1,"href":"https:\/\/quehacerpolitico.mx\/index.php?rest_route=\/wp\/v2\/posts\/97034\/revisions"}],"predecessor-version":[{"id":97036,"href":"https:\/\/quehacerpolitico.mx\/index.php?rest_route=\/wp\/v2\/posts\/97034\/revisions\/97036"}],"wp:featuredmedia":[{"embeddable":true,"href":"https:\/\/quehacerpolitico.mx\/index.php?rest_route=\/wp\/v2\/media\/97035"}],"wp:attachment":[{"href":"https:\/\/quehacerpolitico.mx\/index.php?rest_route=%2Fwp%2Fv2%2Fmedia&parent=97034"}],"wp:term":[{"taxonomy":"category","embeddable":true,"href":"https:\/\/quehacerpolitico.mx\/index.php?rest_route=%2Fwp%2Fv2%2Fcategories&post=97034"},{"taxonomy":"post_tag","embeddable":true,"href":"https:\/\/quehacerpolitico.mx\/index.php?rest_route=%2Fwp%2Fv2%2Ftags&post=97034"}],"curies":[{"name":"wp","href":"https:\/\/api.w.org\/{rel}","templated":true}]}}