{"id":97011,"date":"2022-11-09T00:05:36","date_gmt":"2022-11-09T00:05:36","guid":{"rendered":"https:\/\/quehacerpolitico.mx\/?p=97011"},"modified":"2022-11-09T00:05:39","modified_gmt":"2022-11-09T00:05:39","slug":"tata-martino-sin-definir-los-delanteros-del-tricolor-para-qatar-2022","status":"publish","type":"post","link":"https:\/\/quehacerpolitico.mx\/?p=97011","title":{"rendered":"&#8220;Tata&#8221; Martino sin definir los delanteros del Tricolor para Qatar 2022"},"content":{"rendered":"\n<p>Por Redacci\u00f3n QP<\/p>\n\n\n\n<p>Gerardo &#8220;Tata&#8221; Martino a\u00fan no define a los delanteros que ir\u00e1n al Mundial de Qatar 2022 y aqu\u00ed hacemos un an\u00e1lisis de la incertidumbre que \u00e9l mismo ha generado<\/p>\n\n\n\n<p>En otras selecciones cuando se habla de un delantero el par\u00e1metro para evaluarlo son los goles. S\u00ed, en otras. Porque\u00a0<strong>Gerardo &#8220;Tata&#8221; Martino\u00a0<\/strong>ha dejado claro una y otra vez que la cantidad de anotaciones no le importan en lo m\u00e1s m\u00ednimo a la hora de pensar en los delanteros que ir\u00e1n al\u00a0<strong>Mundial de Qatar 2022\u00a0<\/strong>con la\u00a0<strong>Selecci\u00f3n Mexicana.<\/strong><\/p>\n\n\n\n<p>La lista de 26 convocados a\u00fan no es anunciada y para todos los aficionados del\u00a0<strong>Tricolor\u00a0<\/strong>el tema se ha convertido en un dolor de cabeza, pues contrario a otros ciclos, hay total incertidumbre en torno al tema. Una de las posiciones que dan muestra de ello es la delantera, donde el &#8220;<strong>Tata<\/strong>&#8221; planea llevar a tres jugadores y sacrificar\u00eda a uno de los cuatro llamados actualmente.<\/p>\n\n\n\n<figure class=\"wp-block-embed is-type-video is-provider-youtube wp-block-embed-youtube wp-embed-aspect-16-9 wp-has-aspect-ratio\"><div class=\"wp-block-embed__wrapper\">\nhttps:\/\/youtu.be\/C7ZoGikBkdc\n<\/div><\/figure>\n\n\n\n<p>El problema con el estratega argentino radica en las constantes contradicciones que hace p\u00fablicamente al declarar sobre el tema. Por ello, a continuaci\u00f3n te compartimos un an\u00e1lisis de los futbolistas que deber\u00eda llamar a la\u00a0<strong>Selecci\u00f3n Mexicana\u00a0<\/strong>con los distintos par\u00e1metros que va soltando seg\u00fan le convenga.<\/p>\n\n\n\n<h2 class=\"wp-block-heading\">GOLES&nbsp;<\/h2>\n\n\n\n<p>Goles son amores. El gol es capaz de maquillar e incluso desaparecer todas las deficiencias que pueda llegar a tener un equipo. Sin embargo, en el caso del &#8220;<strong>Tata<\/strong>&#8221;&nbsp;<strong>Martino<\/strong>, el gol parece importarle cuando acusa la falta de contundencia del equipo para justificar una derrota, pero cuando se trata de convocar al delantero con m\u00e1s goles no lo hace.&nbsp;<\/p>\n\n\n\n<p>Para muestra un bot\u00f3n:\u00a0<strong>Javier &#8220;Chicharito&#8221; Hern\u00e1ndez<\/strong>\u00a0esta temporada alcanz\u00f3 las\u00a0<strong>Semifinales\u00a0<\/strong>en la\u00a0<strong>MLS\u00a0<\/strong>con el\u00a0<strong>LA Galaxy<\/strong>\u00a0en un campa\u00f1a brillante a nivel individual. El delantero mexicano acumul\u00f3\u00a039 partidos disputados y alcanz\u00f3 los 19 goles. No obstante, el &#8220;<strong>Tata<\/strong>&#8221; lo borr\u00f3 de su convocatoria y no entr\u00f3 siquiera en la lista de 55 futbolistas considerados que mand\u00f3 el estratega a la\u00a0<strong>FIFA<\/strong>.<\/p>\n\n\n\n<p>Quitando el caso del &#8220;<strong>Chicharito<\/strong>&#8220;, el segundo futbolista con m\u00e1s goles es&nbsp;<strong>Henry Mart\u00edn<\/strong>, quien alcanz\u00f3 los 13 goles en 21 encuentros. Y en tercer lugar&nbsp;<strong>Santiago &#8220;Chaquito&#8221; Gim\u00e9nez&nbsp;<\/strong>quien suma 11 goles en 21 partidos esta temporada. Estos dos futbolistas dentro de la l\u00f3gica del &#8220;<strong>Tata<\/strong>&#8221; cayeron en una competencia directa y en los \u00faltimos meses se especul\u00f3 que solo ir\u00eda al&nbsp;<strong>Mundial&nbsp;<\/strong>uno de los dos.&nbsp;<\/p>\n\n\n\n<p>Muy por detr\u00e1s queda<strong>\u00a0Rogelio Funes Mori\u00a0<\/strong>quien sum\u00f3 5 goles en 13 partidos y\u00a0<strong>Ra\u00fal Jim\u00e9nez\u00a0<\/strong>quien marc\u00f3 solo un gol en cuatro partidos disputados. Estos dos delanteros parece que aunque no vivan su mejor momento e incluso presenten lesiones, son los fijos de\u00a0<strong>Gerardo Martino<\/strong>.<\/p>\n\n\n\n<figure class=\"wp-block-image\"><img decoding=\"async\" src=\"https:\/\/www.informador.mx\/export\/sites\/elinformador\/img\/2022\/11\/08\/imago-1216561_x1x.jpg_124303912.jpg\" alt=\"\" title=\"\"\/><figcaption class=\"wp-element-caption\">IMAGO7&nbsp;<\/figcaption><\/figure>\n\n\n\n<h2 class=\"wp-block-heading\">MINUTOS<\/h2>\n\n\n\n<p>Al hablar de&nbsp;<strong>Santiago Gim\u00e9nez<\/strong>,&nbsp;<strong>Gerardo&nbsp;<\/strong>&#8220;<strong>Tata<\/strong>&#8221;&nbsp;<strong>Martino&nbsp;<\/strong>se\u00f1al\u00f3 que este podr\u00eda ser el delantero sacrificado que no asista al&nbsp;<strong>Mundial de Qatar 2022.&nbsp;<\/strong>\u00bfEl argumento? &#8220;Santi es goleador de&nbsp;<strong>Europa League<\/strong>, pero juega pocos minutos, juega de vez en cuando&#8221;, lanz\u00f3 el&nbsp;<strong>Tata<\/strong>.&nbsp;<\/p>\n\n\n\n<p>Hagamos un balance de minutos:<\/p>\n\n\n\n<p><strong>Javier Hern\u00e1ndez&nbsp;<\/strong>acumul\u00f3 2,949 minutos en 39 partidos. Viendo sus goles y sus minutos, definitivamente el &#8220;<strong>Chicharito<\/strong>&#8221; no ir\u00e1 a&nbsp;<strong>Qatar 2022&nbsp;<\/strong>por decisi\u00f3n personal del estratega argentino.&nbsp;<\/p>\n\n\n\n<p><strong>Henry Mart\u00edn&nbsp;<\/strong>adem\u00e1s de su buena cuota goleadora 1,429 minutos disputados en 21 partidos con las&nbsp;<strong>\u00c1guilas del Am\u00e9rica.<\/strong>&nbsp;<\/p>\n\n\n\n<p><strong>Santiago Gim\u00e9nez<\/strong>, de quien&nbsp;<strong>Gerardo&nbsp;<\/strong>&#8220;<strong>Tata<\/strong>&#8221;&nbsp;<strong>Martino&nbsp;<\/strong>dice que juega &#8220;poco&#8221; suma 930 minutos en 21 partidos jugados durante esta temporada. En el caso del &#8220;<strong>Chaquito<\/strong>&#8221; se toma en cuenta su participaci\u00f3n con el Cruz Azul y el Feyenoord esta temporada.&nbsp;<\/p>\n\n\n\n<p><strong>Rogelio Funes Mori&nbsp;<\/strong>sum\u00f3 882 minutos en 13 partidos disputados, mientras que&nbsp;<strong>Ra\u00fal Jim\u00e9nez&nbsp;<\/strong>apenas suma 297 minutos en 4 encuentros.&nbsp;<\/p>\n\n\n\n<p>Resulta il\u00f3gico que el argumento real de por qu\u00e9&nbsp;<strong>Santiago Gim\u00e9nez&nbsp;<\/strong>podr\u00eda quedarse fuera de&nbsp;<strong>Qatar 2022&nbsp;<\/strong>sea el que ha &#8220;jugado poco&#8221;.&nbsp;<\/p>\n\n\n\n<h2 class=\"wp-block-heading\">LESIONES&nbsp;<\/h2>\n\n\n\n<p>Esta temporada ni&nbsp;<strong>Javier Hern\u00e1ndez,<\/strong>&nbsp;ni&nbsp;<strong>Henry Mart\u00edn&nbsp;<\/strong>ni&nbsp;<strong>Santiago Gim\u00e9nez&nbsp;<\/strong>se han perdido alg\u00fan partido por lesi\u00f3n. Caso contrario a&nbsp;<strong>Ra\u00fal Jim\u00e9nez&nbsp;<\/strong>quien sigue ausente por ello y se ha perdido 12 partidos esta temporada por lesi\u00f3n.&nbsp;<strong>Rogelio Funes Mori&nbsp;<\/strong>por su parte, se perdi\u00f3 7 partidos esta campa\u00f1a por lesi\u00f3n.&nbsp;<\/p>\n\n\n\n<p>Desde cualquier punto de an\u00e1lisis, la decisi\u00f3n de&nbsp;<strong>Gerardo &#8220;Tata&#8221; Martino<\/strong>&nbsp;sobre convocar o no convocar a un futbolista pasa por una decisi\u00f3n personal. En ese caso, si as\u00ed lo declarara, no habr\u00eda pol\u00e9mica alguna. El problema es que el estratega argentino cambia el discurso a conveniencia y genera incertidumbre, sobre todo en un p\u00fablico mexicano que luce cada vez m\u00e1s desconectado de esta&nbsp;<strong>Selecci\u00f3n Mexicana&nbsp;<\/strong>a tan solo unos d\u00edas del&nbsp;<strong>Mundial de Qatar 2022<\/strong>.&nbsp;<\/p>\n","protected":false},"excerpt":{"rendered":"<p>Por Redacci\u00f3n QP Gerardo &#8220;Tata&#8221; Martino a\u00fan no define a los delanteros que ir\u00e1n al&#8230;<\/p>\n","protected":false},"author":2,"featured_media":97012,"comment_status":"open","ping_status":"open","sticky":false,"template":"","format":"standard","meta":{"_monsterinsights_skip_tracking":false,"_monsterinsights_sitenote_active":false,"_monsterinsights_sitenote_note":"","_monsterinsights_sitenote_category":0,"footnotes":""},"categories":[54],"tags":[],"class_list":["post-97011","post","type-post","status-publish","format-standard","has-post-thumbnail","hentry","category-deportes"],"yoast_head":"<!-- This site is optimized with the Yoast SEO plugin v27.3 - https:\/\/yoast.com\/product\/yoast-seo-wordpress\/ -->\n<title>&quot;Tata&quot; Martino sin definir los delanteros del Tricolor para Qatar 2022 -<\/title>\n<meta name=\"robots\" content=\"index, follow, max-snippet:-1, max-image-preview:large, max-video-preview:-1\" \/>\n<link rel=\"canonical\" href=\"https:\/\/quehacerpolitico.mx\/?p=97011\" \/>\n<meta property=\"og:locale\" content=\"es_MX\" \/>\n<meta property=\"og:type\" content=\"article\" \/>\n<meta property=\"og:title\" content=\"&quot;Tata&quot; Martino sin definir los delanteros del Tricolor para Qatar 2022 -\" \/>\n<meta property=\"og:description\" content=\"Por Redacci\u00f3n QP Gerardo &#8220;Tata&#8221; Martino a\u00fan no define a los delanteros que ir\u00e1n al...\" \/>\n<meta property=\"og:url\" content=\"https:\/\/quehacerpolitico.mx\/?p=97011\" \/>\n<meta property=\"article:published_time\" content=\"2022-11-09T00:05:36+00:00\" \/>\n<meta property=\"article:modified_time\" content=\"2022-11-09T00:05:39+00:00\" \/>\n<meta property=\"og:image\" content=\"https:\/\/quehacerpolitico.mx\/wp-content\/uploads\/2022\/11\/B3A99791-E3E0-4AB9-B0B6-A174806AABE0.jpeg\" \/>\n\t<meta property=\"og:image:width\" content=\"1284\" \/>\n\t<meta property=\"og:image:height\" content=\"691\" \/>\n\t<meta property=\"og:image:type\" content=\"image\/jpeg\" \/>\n<meta name=\"author\" content=\"Redacci\u00f3n QP\" \/>\n<meta name=\"twitter:card\" content=\"summary_large_image\" \/>\n<meta name=\"twitter:label1\" content=\"Escrito por\" \/>\n\t<meta name=\"twitter:data1\" content=\"Redacci\u00f3n QP\" \/>\n\t<meta name=\"twitter:label2\" content=\"Tiempo de lectura\" \/>\n\t<meta name=\"twitter:data2\" content=\"4 minutos\" \/>\n<script type=\"application\/ld+json\" class=\"yoast-schema-graph\">{\"@context\":\"https:\\\/\\\/schema.org\",\"@graph\":[{\"@type\":\"Article\",\"@id\":\"https:\\\/\\\/quehacerpolitico.mx\\\/?p=97011#article\",\"isPartOf\":{\"@id\":\"https:\\\/\\\/quehacerpolitico.mx\\\/?p=97011\"},\"author\":{\"name\":\"Redacci\u00f3n QP\",\"@id\":\"https:\\\/\\\/quehacerpolitico.mx\\\/#\\\/schema\\\/person\\\/496d8ad2d1d3f8036101dca7ee39e585\"},\"headline\":\"&#8220;Tata&#8221; Martino sin definir los delanteros del Tricolor para Qatar 2022\",\"datePublished\":\"2022-11-09T00:05:36+00:00\",\"dateModified\":\"2022-11-09T00:05:39+00:00\",\"mainEntityOfPage\":{\"@id\":\"https:\\\/\\\/quehacerpolitico.mx\\\/?p=97011\"},\"wordCount\":870,\"commentCount\":0,\"image\":{\"@id\":\"https:\\\/\\\/quehacerpolitico.mx\\\/?p=97011#primaryimage\"},\"thumbnailUrl\":\"https:\\\/\\\/quehacerpolitico.mx\\\/wp-content\\\/uploads\\\/2022\\\/11\\\/B3A99791-E3E0-4AB9-B0B6-A174806AABE0.jpeg\",\"articleSection\":[\"Deportes\"],\"inLanguage\":\"es\",\"potentialAction\":[{\"@type\":\"CommentAction\",\"name\":\"Comment\",\"target\":[\"https:\\\/\\\/quehacerpolitico.mx\\\/?p=97011#respond\"]}]},{\"@type\":\"WebPage\",\"@id\":\"https:\\\/\\\/quehacerpolitico.mx\\\/?p=97011\",\"url\":\"https:\\\/\\\/quehacerpolitico.mx\\\/?p=97011\",\"name\":\"\\\"Tata\\\" Martino sin definir los delanteros del Tricolor para Qatar 2022 -\",\"isPartOf\":{\"@id\":\"https:\\\/\\\/quehacerpolitico.mx\\\/#website\"},\"primaryImageOfPage\":{\"@id\":\"https:\\\/\\\/quehacerpolitico.mx\\\/?p=97011#primaryimage\"},\"image\":{\"@id\":\"https:\\\/\\\/quehacerpolitico.mx\\\/?p=97011#primaryimage\"},\"thumbnailUrl\":\"https:\\\/\\\/quehacerpolitico.mx\\\/wp-content\\\/uploads\\\/2022\\\/11\\\/B3A99791-E3E0-4AB9-B0B6-A174806AABE0.jpeg\",\"datePublished\":\"2022-11-09T00:05:36+00:00\",\"dateModified\":\"2022-11-09T00:05:39+00:00\",\"author\":{\"@id\":\"https:\\\/\\\/quehacerpolitico.mx\\\/#\\\/schema\\\/person\\\/496d8ad2d1d3f8036101dca7ee39e585\"},\"breadcrumb\":{\"@id\":\"https:\\\/\\\/quehacerpolitico.mx\\\/?p=97011#breadcrumb\"},\"inLanguage\":\"es\",\"potentialAction\":[{\"@type\":\"ReadAction\",\"target\":[\"https:\\\/\\\/quehacerpolitico.mx\\\/?p=97011\"]}]},{\"@type\":\"ImageObject\",\"inLanguage\":\"es\",\"@id\":\"https:\\\/\\\/quehacerpolitico.mx\\\/?p=97011#primaryimage\",\"url\":\"https:\\\/\\\/quehacerpolitico.mx\\\/wp-content\\\/uploads\\\/2022\\\/11\\\/B3A99791-E3E0-4AB9-B0B6-A174806AABE0.jpeg\",\"contentUrl\":\"https:\\\/\\\/quehacerpolitico.mx\\\/wp-content\\\/uploads\\\/2022\\\/11\\\/B3A99791-E3E0-4AB9-B0B6-A174806AABE0.jpeg\",\"width\":1284,\"height\":691},{\"@type\":\"BreadcrumbList\",\"@id\":\"https:\\\/\\\/quehacerpolitico.mx\\\/?p=97011#breadcrumb\",\"itemListElement\":[{\"@type\":\"ListItem\",\"position\":1,\"name\":\"Inicio\",\"item\":\"https:\\\/\\\/quehacerpolitico.mx\\\/\"},{\"@type\":\"ListItem\",\"position\":2,\"name\":\"&#8220;Tata&#8221; Martino sin definir los delanteros del Tricolor para Qatar 2022\"}]},{\"@type\":\"WebSite\",\"@id\":\"https:\\\/\\\/quehacerpolitico.mx\\\/#website\",\"url\":\"https:\\\/\\\/quehacerpolitico.mx\\\/\",\"name\":\"\",\"description\":\"\",\"potentialAction\":[{\"@type\":\"SearchAction\",\"target\":{\"@type\":\"EntryPoint\",\"urlTemplate\":\"https:\\\/\\\/quehacerpolitico.mx\\\/?s={search_term_string}\"},\"query-input\":{\"@type\":\"PropertyValueSpecification\",\"valueRequired\":true,\"valueName\":\"search_term_string\"}}],\"inLanguage\":\"es\"},{\"@type\":\"Person\",\"@id\":\"https:\\\/\\\/quehacerpolitico.mx\\\/#\\\/schema\\\/person\\\/496d8ad2d1d3f8036101dca7ee39e585\",\"name\":\"Redacci\u00f3n QP\",\"image\":{\"@type\":\"ImageObject\",\"inLanguage\":\"es\",\"@id\":\"https:\\\/\\\/secure.gravatar.com\\\/avatar\\\/c7164ed6fdec453195284ad24a5ae5b6e1eed2b848477fa2a4787ba9adf39a41?s=96&d=mm&r=g\",\"url\":\"https:\\\/\\\/secure.gravatar.com\\\/avatar\\\/c7164ed6fdec453195284ad24a5ae5b6e1eed2b848477fa2a4787ba9adf39a41?s=96&d=mm&r=g\",\"contentUrl\":\"https:\\\/\\\/secure.gravatar.com\\\/avatar\\\/c7164ed6fdec453195284ad24a5ae5b6e1eed2b848477fa2a4787ba9adf39a41?s=96&d=mm&r=g\",\"caption\":\"Redacci\u00f3n QP\"},\"url\":\"https:\\\/\\\/quehacerpolitico.mx\\\/?author=2\"}]}<\/script>\n<!-- \/ Yoast SEO plugin. -->","yoast_head_json":{"title":"\"Tata\" Martino sin definir los delanteros del Tricolor para Qatar 2022 -","robots":{"index":"index","follow":"follow","max-snippet":"max-snippet:-1","max-image-preview":"max-image-preview:large","max-video-preview":"max-video-preview:-1"},"canonical":"https:\/\/quehacerpolitico.mx\/?p=97011","og_locale":"es_MX","og_type":"article","og_title":"\"Tata\" Martino sin definir los delanteros del Tricolor para Qatar 2022 -","og_description":"Por Redacci\u00f3n QP Gerardo &#8220;Tata&#8221; Martino a\u00fan no define a los delanteros que ir\u00e1n al...","og_url":"https:\/\/quehacerpolitico.mx\/?p=97011","article_published_time":"2022-11-09T00:05:36+00:00","article_modified_time":"2022-11-09T00:05:39+00:00","og_image":[{"width":1284,"height":691,"url":"https:\/\/quehacerpolitico.mx\/wp-content\/uploads\/2022\/11\/B3A99791-E3E0-4AB9-B0B6-A174806AABE0.jpeg","type":"image\/jpeg"}],"author":"Redacci\u00f3n QP","twitter_card":"summary_large_image","twitter_misc":{"Escrito por":"Redacci\u00f3n QP","Tiempo de lectura":"4 minutos"},"schema":{"@context":"https:\/\/schema.org","@graph":[{"@type":"Article","@id":"https:\/\/quehacerpolitico.mx\/?p=97011#article","isPartOf":{"@id":"https:\/\/quehacerpolitico.mx\/?p=97011"},"author":{"name":"Redacci\u00f3n QP","@id":"https:\/\/quehacerpolitico.mx\/#\/schema\/person\/496d8ad2d1d3f8036101dca7ee39e585"},"headline":"&#8220;Tata&#8221; Martino sin definir los delanteros del Tricolor para Qatar 2022","datePublished":"2022-11-09T00:05:36+00:00","dateModified":"2022-11-09T00:05:39+00:00","mainEntityOfPage":{"@id":"https:\/\/quehacerpolitico.mx\/?p=97011"},"wordCount":870,"commentCount":0,"image":{"@id":"https:\/\/quehacerpolitico.mx\/?p=97011#primaryimage"},"thumbnailUrl":"https:\/\/quehacerpolitico.mx\/wp-content\/uploads\/2022\/11\/B3A99791-E3E0-4AB9-B0B6-A174806AABE0.jpeg","articleSection":["Deportes"],"inLanguage":"es","potentialAction":[{"@type":"CommentAction","name":"Comment","target":["https:\/\/quehacerpolitico.mx\/?p=97011#respond"]}]},{"@type":"WebPage","@id":"https:\/\/quehacerpolitico.mx\/?p=97011","url":"https:\/\/quehacerpolitico.mx\/?p=97011","name":"\"Tata\" Martino sin definir los delanteros del Tricolor para Qatar 2022 -","isPartOf":{"@id":"https:\/\/quehacerpolitico.mx\/#website"},"primaryImageOfPage":{"@id":"https:\/\/quehacerpolitico.mx\/?p=97011#primaryimage"},"image":{"@id":"https:\/\/quehacerpolitico.mx\/?p=97011#primaryimage"},"thumbnailUrl":"https:\/\/quehacerpolitico.mx\/wp-content\/uploads\/2022\/11\/B3A99791-E3E0-4AB9-B0B6-A174806AABE0.jpeg","datePublished":"2022-11-09T00:05:36+00:00","dateModified":"2022-11-09T00:05:39+00:00","author":{"@id":"https:\/\/quehacerpolitico.mx\/#\/schema\/person\/496d8ad2d1d3f8036101dca7ee39e585"},"breadcrumb":{"@id":"https:\/\/quehacerpolitico.mx\/?p=97011#breadcrumb"},"inLanguage":"es","potentialAction":[{"@type":"ReadAction","target":["https:\/\/quehacerpolitico.mx\/?p=97011"]}]},{"@type":"ImageObject","inLanguage":"es","@id":"https:\/\/quehacerpolitico.mx\/?p=97011#primaryimage","url":"https:\/\/quehacerpolitico.mx\/wp-content\/uploads\/2022\/11\/B3A99791-E3E0-4AB9-B0B6-A174806AABE0.jpeg","contentUrl":"https:\/\/quehacerpolitico.mx\/wp-content\/uploads\/2022\/11\/B3A99791-E3E0-4AB9-B0B6-A174806AABE0.jpeg","width":1284,"height":691},{"@type":"BreadcrumbList","@id":"https:\/\/quehacerpolitico.mx\/?p=97011#breadcrumb","itemListElement":[{"@type":"ListItem","position":1,"name":"Inicio","item":"https:\/\/quehacerpolitico.mx\/"},{"@type":"ListItem","position":2,"name":"&#8220;Tata&#8221; Martino sin definir los delanteros del Tricolor para Qatar 2022"}]},{"@type":"WebSite","@id":"https:\/\/quehacerpolitico.mx\/#website","url":"https:\/\/quehacerpolitico.mx\/","name":"","description":"","potentialAction":[{"@type":"SearchAction","target":{"@type":"EntryPoint","urlTemplate":"https:\/\/quehacerpolitico.mx\/?s={search_term_string}"},"query-input":{"@type":"PropertyValueSpecification","valueRequired":true,"valueName":"search_term_string"}}],"inLanguage":"es"},{"@type":"Person","@id":"https:\/\/quehacerpolitico.mx\/#\/schema\/person\/496d8ad2d1d3f8036101dca7ee39e585","name":"Redacci\u00f3n QP","image":{"@type":"ImageObject","inLanguage":"es","@id":"https:\/\/secure.gravatar.com\/avatar\/c7164ed6fdec453195284ad24a5ae5b6e1eed2b848477fa2a4787ba9adf39a41?s=96&d=mm&r=g","url":"https:\/\/secure.gravatar.com\/avatar\/c7164ed6fdec453195284ad24a5ae5b6e1eed2b848477fa2a4787ba9adf39a41?s=96&d=mm&r=g","contentUrl":"https:\/\/secure.gravatar.com\/avatar\/c7164ed6fdec453195284ad24a5ae5b6e1eed2b848477fa2a4787ba9adf39a41?s=96&d=mm&r=g","caption":"Redacci\u00f3n QP"},"url":"https:\/\/quehacerpolitico.mx\/?author=2"}]}},"featured_image_urls":{"full":["https:\/\/quehacerpolitico.mx\/wp-content\/uploads\/2022\/11\/B3A99791-E3E0-4AB9-B0B6-A174806AABE0.jpeg",1284,691,false],"thumbnail":["https:\/\/quehacerpolitico.mx\/wp-content\/uploads\/2022\/11\/B3A99791-E3E0-4AB9-B0B6-A174806AABE0-150x150.jpeg",150,150,true],"medium":["https:\/\/quehacerpolitico.mx\/wp-content\/uploads\/2022\/11\/B3A99791-E3E0-4AB9-B0B6-A174806AABE0-300x161.jpeg",300,161,true],"medium_large":["https:\/\/quehacerpolitico.mx\/wp-content\/uploads\/2022\/11\/B3A99791-E3E0-4AB9-B0B6-A174806AABE0-768x413.jpeg",640,344,true],"large":["https:\/\/quehacerpolitico.mx\/wp-content\/uploads\/2022\/11\/B3A99791-E3E0-4AB9-B0B6-A174806AABE0-1024x551.jpeg",640,344,true],"1536x1536":["https:\/\/quehacerpolitico.mx\/wp-content\/uploads\/2022\/11\/B3A99791-E3E0-4AB9-B0B6-A174806AABE0.jpeg",1284,691,false],"2048x2048":["https:\/\/quehacerpolitico.mx\/wp-content\/uploads\/2022\/11\/B3A99791-E3E0-4AB9-B0B6-A174806AABE0.jpeg",1284,691,false],"covernews-featured":["https:\/\/quehacerpolitico.mx\/wp-content\/uploads\/2022\/11\/B3A99791-E3E0-4AB9-B0B6-A174806AABE0.jpeg",1024,551,false],"covernews-medium":["https:\/\/quehacerpolitico.mx\/wp-content\/uploads\/2022\/11\/B3A99791-E3E0-4AB9-B0B6-A174806AABE0.jpeg",540,291,false]},"author_info":{"display_name":"Redacci\u00f3n QP","author_link":"https:\/\/quehacerpolitico.mx\/?author=2"},"category_info":"<a href=\"https:\/\/quehacerpolitico.mx\/?cat=54\" rel=\"category\">Deportes<\/a>","tag_info":"Deportes","comment_count":"0","_links":{"self":[{"href":"https:\/\/quehacerpolitico.mx\/index.php?rest_route=\/wp\/v2\/posts\/97011","targetHints":{"allow":["GET"]}}],"collection":[{"href":"https:\/\/quehacerpolitico.mx\/index.php?rest_route=\/wp\/v2\/posts"}],"about":[{"href":"https:\/\/quehacerpolitico.mx\/index.php?rest_route=\/wp\/v2\/types\/post"}],"author":[{"embeddable":true,"href":"https:\/\/quehacerpolitico.mx\/index.php?rest_route=\/wp\/v2\/users\/2"}],"replies":[{"embeddable":true,"href":"https:\/\/quehacerpolitico.mx\/index.php?rest_route=%2Fwp%2Fv2%2Fcomments&post=97011"}],"version-history":[{"count":1,"href":"https:\/\/quehacerpolitico.mx\/index.php?rest_route=\/wp\/v2\/posts\/97011\/revisions"}],"predecessor-version":[{"id":97013,"href":"https:\/\/quehacerpolitico.mx\/index.php?rest_route=\/wp\/v2\/posts\/97011\/revisions\/97013"}],"wp:featuredmedia":[{"embeddable":true,"href":"https:\/\/quehacerpolitico.mx\/index.php?rest_route=\/wp\/v2\/media\/97012"}],"wp:attachment":[{"href":"https:\/\/quehacerpolitico.mx\/index.php?rest_route=%2Fwp%2Fv2%2Fmedia&parent=97011"}],"wp:term":[{"taxonomy":"category","embeddable":true,"href":"https:\/\/quehacerpolitico.mx\/index.php?rest_route=%2Fwp%2Fv2%2Fcategories&post=97011"},{"taxonomy":"post_tag","embeddable":true,"href":"https:\/\/quehacerpolitico.mx\/index.php?rest_route=%2Fwp%2Fv2%2Ftags&post=97011"}],"curies":[{"name":"wp","href":"https:\/\/api.w.org\/{rel}","templated":true}]}}