{"id":97008,"date":"2022-11-08T23:49:47","date_gmt":"2022-11-08T23:49:47","guid":{"rendered":"https:\/\/quehacerpolitico.mx\/?p=97008"},"modified":"2022-11-08T23:49:50","modified_gmt":"2022-11-08T23:49:50","slug":"atencion-subiran-tarifas-de-servicios-del-imss-para-no-derechohabientes","status":"publish","type":"post","link":"https:\/\/quehacerpolitico.mx\/?p=97008","title":{"rendered":"\u00a1Atenci\u00f3n! Subir\u00e1n tarifas de servicios del IMSS para no derechohabientes"},"content":{"rendered":"\n<p>Por Redacci\u00f3n QP<\/p>\n\n\n\n<p>Se detalla que los costos actualizados para 2023 en el IMSS se calcularon aplicando la metodolog\u00eda de Costo Basado en Actividades<\/p>\n\n\n\n<p>El Instituto Mexicano del Seguro Social (IMSS)\u00a0<strong>alista la actualizaci\u00f3n el pr\u00f3ximo a\u00f1o de las tarifas de sus servicios para aquellas personas que no son derechohabientes<\/strong>\u00a0y que soliciten atenci\u00f3n m\u00e9dica en sus cl\u00ednicas y hospitales.<\/p>\n\n\n\n<p>As\u00ed lo establece el anteproyecto enviado a la Comisi\u00f3n Nacional de Mejora Regulatoria (Conamer) y en los que se detallan las nuevas cuotas que habr\u00e1 en sus servicios, en los cuales\u00a0<strong>en su mayor\u00eda suben sus costos<\/strong>.<\/p>\n\n\n\n<p>En la atenci\u00f3n de Primer Nivel se indica que\u00a0<strong>la consulta de medicina familiar, que hoy tiene un costo de 969 pesos, pasar\u00e1 a mil 088 pesos; una atenci\u00f3n en urgencias que actualmente cuesta 844 pasar\u00e1 a 947 pesos; la curaci\u00f3n que hoy cuesta 502 baj\u00f3 y pasar\u00e1 a 358 pesos y una intervenci\u00f3n quir\u00fargica que hoy vale 10 mil 739 costara 12 mil 664 pesos<\/strong>.<\/p>\n\n\n\n<h2 class=\"wp-block-heading\">Costo de ambulancias del IMSS y otros servicios para no derechohabientes<\/h2>\n\n\n\n<p><strong>El traslado de una ambulancia que hasta hoy cuesta 667 pesos pasar\u00e1 a 2 mi 389 pesos<\/strong>; y el pago por&nbsp;<strong>un d\u00eda en hospitalizaci\u00f3n que cuesta 10 mil 761 pesos costar\u00e1 11 mil 919 pesos<\/strong>.<\/p>\n\n\n\n<p>Las pruebas r\u00e1pidas de COVID, que hoy tiene un costo de 319, de aprobarse el anteproyecto baj\u00f3 y costar\u00e1 solo 177 pesos, y la PCR que hoy vale mil 137 pesos costar\u00e1 mil 291.<\/p>\n\n\n\n<p>En el \u00e1mbito del segundo nivel, entre otros servicios, el costo de un d\u00eda que pase un paciente en&nbsp;<strong>terapia intensiva que hoy tiene un cobro de 54 mil 053 pesos pasar\u00e1 a costar 62 mil 705 pesos&nbsp;<\/strong>y una intervenci\u00f3n quir\u00fargica costar\u00e1 38 mil 830 pesos frente a los 33 mil 340 pesos que hoy cuesta.<\/p>\n\n\n\n<h2 class=\"wp-block-heading\">Costo de servicio de tercer nivel en el IMSS<\/h2>\n\n\n\n<p>En el tercer nivel de atenci\u00f3n,<strong>\u00a0un d\u00eda con ventilaci\u00f3n mec\u00e1nica que hasta hoy cuesta 39 mil 601 pesos a partir de enero del pr\u00f3ximo a\u00f1o, tendr\u00e1 un costo de 44 mil 953 pesos<\/strong>.<\/p>\n\n\n\n<p><strong>En el documento se detalla que los costos actualizados para 2023 se calcularon aplicando la metodolog\u00eda de Costo Basado en Actividades (ABC, por sus siglas en ingl\u00e9s)<\/strong>. Estos incorporan, se indica, los conceptos de personal, medicamentos, material m\u00e9dico, materiales diversos, mantenimiento, depredaciones, servicios generales, entre otros, empleados para el otorgamiento de los servicios.<\/p>\n\n\n\n<p>&#8220;El costo unitario aplicable en 2023 para cada tipo de servicio se determin\u00f3 a partir del costo promedio ponderado por los servicios prestados en 2018, 2019, 2020 y 2021, actualizados a pesos del mes de diciembre de 2022&#8221;.<\/p>\n\n\n\n<p>&#8220;El factor de actualizaci\u00f3n se obtuvo del \u00cdndice Nacional de Precios al Consumidor (INPC) publicado por el Inegi, correspondiente a los meses de diciembre de 2018, 2019, 2020 y 2021, as\u00ed como de la inflaci\u00f3n estimada para el a\u00f1o 2022 incluida en la Encuesta sobre las Expectativas de los Especialistas en Econom\u00eda del Sector Privado: septiembre de 2022, emitida por el Banco de M\u00e9xico el 3 de octubre de 2022&#8221;.<\/p>\n\n\n\n<p><strong>Se advierte que dichos costos unitarios y su actualizaci\u00f3n ser\u00e1n aprobados por el Consejo T\u00e9cnico del Instituto<\/strong>\u00a0y deber\u00e1n ser publicados en el Diario Oficial de la Federaci\u00f3n (DOF).<\/p>\n\n\n\n<p>Con informaci\u00f3n de SUN<\/p>\n","protected":false},"excerpt":{"rendered":"<p>Por Redacci\u00f3n QP Se detalla que los costos actualizados para 2023 en el IMSS se&#8230;<\/p>\n","protected":false},"author":2,"featured_media":97009,"comment_status":"open","ping_status":"open","sticky":false,"template":"","format":"standard","meta":{"_monsterinsights_skip_tracking":false,"_monsterinsights_sitenote_active":false,"_monsterinsights_sitenote_note":"","_monsterinsights_sitenote_category":0,"footnotes":""},"categories":[2],"tags":[],"class_list":["post-97008","post","type-post","status-publish","format-standard","has-post-thumbnail","hentry","category-noticias"],"yoast_head":"<!-- This site is optimized with the Yoast SEO plugin v27.3 - https:\/\/yoast.com\/product\/yoast-seo-wordpress\/ -->\n<title>\u00a1Atenci\u00f3n! Subir\u00e1n tarifas de servicios del IMSS para no derechohabientes -<\/title>\n<meta name=\"robots\" content=\"index, follow, max-snippet:-1, max-image-preview:large, max-video-preview:-1\" \/>\n<link rel=\"canonical\" href=\"https:\/\/quehacerpolitico.mx\/?p=97008\" \/>\n<meta property=\"og:locale\" content=\"es_MX\" \/>\n<meta property=\"og:type\" content=\"article\" \/>\n<meta property=\"og:title\" content=\"\u00a1Atenci\u00f3n! Subir\u00e1n tarifas de servicios del IMSS para no derechohabientes -\" \/>\n<meta property=\"og:description\" content=\"Por Redacci\u00f3n QP Se detalla que los costos actualizados para 2023 en el IMSS se...\" \/>\n<meta property=\"og:url\" content=\"https:\/\/quehacerpolitico.mx\/?p=97008\" \/>\n<meta property=\"article:published_time\" content=\"2022-11-08T23:49:47+00:00\" \/>\n<meta property=\"article:modified_time\" content=\"2022-11-08T23:49:50+00:00\" \/>\n<meta property=\"og:image\" content=\"https:\/\/quehacerpolitico.mx\/wp-content\/uploads\/2022\/11\/338165BA-5B7F-41FC-969C-0B05EA7762C5.jpeg\" \/>\n\t<meta property=\"og:image:width\" content=\"640\" \/>\n\t<meta property=\"og:image:height\" content=\"479\" \/>\n\t<meta property=\"og:image:type\" content=\"image\/jpeg\" \/>\n<meta name=\"author\" content=\"Redacci\u00f3n QP\" \/>\n<meta name=\"twitter:card\" content=\"summary_large_image\" \/>\n<meta name=\"twitter:label1\" content=\"Escrito por\" \/>\n\t<meta name=\"twitter:data1\" content=\"Redacci\u00f3n QP\" \/>\n\t<meta name=\"twitter:label2\" content=\"Tiempo de lectura\" \/>\n\t<meta name=\"twitter:data2\" content=\"3 minutos\" \/>\n<script type=\"application\/ld+json\" class=\"yoast-schema-graph\">{\"@context\":\"https:\\\/\\\/schema.org\",\"@graph\":[{\"@type\":\"Article\",\"@id\":\"https:\\\/\\\/quehacerpolitico.mx\\\/?p=97008#article\",\"isPartOf\":{\"@id\":\"https:\\\/\\\/quehacerpolitico.mx\\\/?p=97008\"},\"author\":{\"name\":\"Redacci\u00f3n QP\",\"@id\":\"https:\\\/\\\/quehacerpolitico.mx\\\/#\\\/schema\\\/person\\\/496d8ad2d1d3f8036101dca7ee39e585\"},\"headline\":\"\u00a1Atenci\u00f3n! Subir\u00e1n tarifas de servicios del IMSS para no derechohabientes\",\"datePublished\":\"2022-11-08T23:49:47+00:00\",\"dateModified\":\"2022-11-08T23:49:50+00:00\",\"mainEntityOfPage\":{\"@id\":\"https:\\\/\\\/quehacerpolitico.mx\\\/?p=97008\"},\"wordCount\":545,\"commentCount\":0,\"image\":{\"@id\":\"https:\\\/\\\/quehacerpolitico.mx\\\/?p=97008#primaryimage\"},\"thumbnailUrl\":\"https:\\\/\\\/quehacerpolitico.mx\\\/wp-content\\\/uploads\\\/2022\\\/11\\\/338165BA-5B7F-41FC-969C-0B05EA7762C5.jpeg\",\"articleSection\":[\"Noticias\"],\"inLanguage\":\"es\",\"potentialAction\":[{\"@type\":\"CommentAction\",\"name\":\"Comment\",\"target\":[\"https:\\\/\\\/quehacerpolitico.mx\\\/?p=97008#respond\"]}]},{\"@type\":\"WebPage\",\"@id\":\"https:\\\/\\\/quehacerpolitico.mx\\\/?p=97008\",\"url\":\"https:\\\/\\\/quehacerpolitico.mx\\\/?p=97008\",\"name\":\"\u00a1Atenci\u00f3n! Subir\u00e1n tarifas de servicios del IMSS para no derechohabientes -\",\"isPartOf\":{\"@id\":\"https:\\\/\\\/quehacerpolitico.mx\\\/#website\"},\"primaryImageOfPage\":{\"@id\":\"https:\\\/\\\/quehacerpolitico.mx\\\/?p=97008#primaryimage\"},\"image\":{\"@id\":\"https:\\\/\\\/quehacerpolitico.mx\\\/?p=97008#primaryimage\"},\"thumbnailUrl\":\"https:\\\/\\\/quehacerpolitico.mx\\\/wp-content\\\/uploads\\\/2022\\\/11\\\/338165BA-5B7F-41FC-969C-0B05EA7762C5.jpeg\",\"datePublished\":\"2022-11-08T23:49:47+00:00\",\"dateModified\":\"2022-11-08T23:49:50+00:00\",\"author\":{\"@id\":\"https:\\\/\\\/quehacerpolitico.mx\\\/#\\\/schema\\\/person\\\/496d8ad2d1d3f8036101dca7ee39e585\"},\"breadcrumb\":{\"@id\":\"https:\\\/\\\/quehacerpolitico.mx\\\/?p=97008#breadcrumb\"},\"inLanguage\":\"es\",\"potentialAction\":[{\"@type\":\"ReadAction\",\"target\":[\"https:\\\/\\\/quehacerpolitico.mx\\\/?p=97008\"]}]},{\"@type\":\"ImageObject\",\"inLanguage\":\"es\",\"@id\":\"https:\\\/\\\/quehacerpolitico.mx\\\/?p=97008#primaryimage\",\"url\":\"https:\\\/\\\/quehacerpolitico.mx\\\/wp-content\\\/uploads\\\/2022\\\/11\\\/338165BA-5B7F-41FC-969C-0B05EA7762C5.jpeg\",\"contentUrl\":\"https:\\\/\\\/quehacerpolitico.mx\\\/wp-content\\\/uploads\\\/2022\\\/11\\\/338165BA-5B7F-41FC-969C-0B05EA7762C5.jpeg\",\"width\":640,\"height\":479},{\"@type\":\"BreadcrumbList\",\"@id\":\"https:\\\/\\\/quehacerpolitico.mx\\\/?p=97008#breadcrumb\",\"itemListElement\":[{\"@type\":\"ListItem\",\"position\":1,\"name\":\"Inicio\",\"item\":\"https:\\\/\\\/quehacerpolitico.mx\\\/\"},{\"@type\":\"ListItem\",\"position\":2,\"name\":\"\u00a1Atenci\u00f3n! Subir\u00e1n tarifas de servicios del IMSS para no derechohabientes\"}]},{\"@type\":\"WebSite\",\"@id\":\"https:\\\/\\\/quehacerpolitico.mx\\\/#website\",\"url\":\"https:\\\/\\\/quehacerpolitico.mx\\\/\",\"name\":\"\",\"description\":\"\",\"potentialAction\":[{\"@type\":\"SearchAction\",\"target\":{\"@type\":\"EntryPoint\",\"urlTemplate\":\"https:\\\/\\\/quehacerpolitico.mx\\\/?s={search_term_string}\"},\"query-input\":{\"@type\":\"PropertyValueSpecification\",\"valueRequired\":true,\"valueName\":\"search_term_string\"}}],\"inLanguage\":\"es\"},{\"@type\":\"Person\",\"@id\":\"https:\\\/\\\/quehacerpolitico.mx\\\/#\\\/schema\\\/person\\\/496d8ad2d1d3f8036101dca7ee39e585\",\"name\":\"Redacci\u00f3n QP\",\"image\":{\"@type\":\"ImageObject\",\"inLanguage\":\"es\",\"@id\":\"https:\\\/\\\/secure.gravatar.com\\\/avatar\\\/c7164ed6fdec453195284ad24a5ae5b6e1eed2b848477fa2a4787ba9adf39a41?s=96&d=mm&r=g\",\"url\":\"https:\\\/\\\/secure.gravatar.com\\\/avatar\\\/c7164ed6fdec453195284ad24a5ae5b6e1eed2b848477fa2a4787ba9adf39a41?s=96&d=mm&r=g\",\"contentUrl\":\"https:\\\/\\\/secure.gravatar.com\\\/avatar\\\/c7164ed6fdec453195284ad24a5ae5b6e1eed2b848477fa2a4787ba9adf39a41?s=96&d=mm&r=g\",\"caption\":\"Redacci\u00f3n QP\"},\"url\":\"https:\\\/\\\/quehacerpolitico.mx\\\/?author=2\"}]}<\/script>\n<!-- \/ Yoast SEO plugin. -->","yoast_head_json":{"title":"\u00a1Atenci\u00f3n! Subir\u00e1n tarifas de servicios del IMSS para no derechohabientes -","robots":{"index":"index","follow":"follow","max-snippet":"max-snippet:-1","max-image-preview":"max-image-preview:large","max-video-preview":"max-video-preview:-1"},"canonical":"https:\/\/quehacerpolitico.mx\/?p=97008","og_locale":"es_MX","og_type":"article","og_title":"\u00a1Atenci\u00f3n! Subir\u00e1n tarifas de servicios del IMSS para no derechohabientes -","og_description":"Por Redacci\u00f3n QP Se detalla que los costos actualizados para 2023 en el IMSS se...","og_url":"https:\/\/quehacerpolitico.mx\/?p=97008","article_published_time":"2022-11-08T23:49:47+00:00","article_modified_time":"2022-11-08T23:49:50+00:00","og_image":[{"width":640,"height":479,"url":"https:\/\/quehacerpolitico.mx\/wp-content\/uploads\/2022\/11\/338165BA-5B7F-41FC-969C-0B05EA7762C5.jpeg","type":"image\/jpeg"}],"author":"Redacci\u00f3n QP","twitter_card":"summary_large_image","twitter_misc":{"Escrito por":"Redacci\u00f3n QP","Tiempo de lectura":"3 minutos"},"schema":{"@context":"https:\/\/schema.org","@graph":[{"@type":"Article","@id":"https:\/\/quehacerpolitico.mx\/?p=97008#article","isPartOf":{"@id":"https:\/\/quehacerpolitico.mx\/?p=97008"},"author":{"name":"Redacci\u00f3n QP","@id":"https:\/\/quehacerpolitico.mx\/#\/schema\/person\/496d8ad2d1d3f8036101dca7ee39e585"},"headline":"\u00a1Atenci\u00f3n! Subir\u00e1n tarifas de servicios del IMSS para no derechohabientes","datePublished":"2022-11-08T23:49:47+00:00","dateModified":"2022-11-08T23:49:50+00:00","mainEntityOfPage":{"@id":"https:\/\/quehacerpolitico.mx\/?p=97008"},"wordCount":545,"commentCount":0,"image":{"@id":"https:\/\/quehacerpolitico.mx\/?p=97008#primaryimage"},"thumbnailUrl":"https:\/\/quehacerpolitico.mx\/wp-content\/uploads\/2022\/11\/338165BA-5B7F-41FC-969C-0B05EA7762C5.jpeg","articleSection":["Noticias"],"inLanguage":"es","potentialAction":[{"@type":"CommentAction","name":"Comment","target":["https:\/\/quehacerpolitico.mx\/?p=97008#respond"]}]},{"@type":"WebPage","@id":"https:\/\/quehacerpolitico.mx\/?p=97008","url":"https:\/\/quehacerpolitico.mx\/?p=97008","name":"\u00a1Atenci\u00f3n! Subir\u00e1n tarifas de servicios del IMSS para no derechohabientes -","isPartOf":{"@id":"https:\/\/quehacerpolitico.mx\/#website"},"primaryImageOfPage":{"@id":"https:\/\/quehacerpolitico.mx\/?p=97008#primaryimage"},"image":{"@id":"https:\/\/quehacerpolitico.mx\/?p=97008#primaryimage"},"thumbnailUrl":"https:\/\/quehacerpolitico.mx\/wp-content\/uploads\/2022\/11\/338165BA-5B7F-41FC-969C-0B05EA7762C5.jpeg","datePublished":"2022-11-08T23:49:47+00:00","dateModified":"2022-11-08T23:49:50+00:00","author":{"@id":"https:\/\/quehacerpolitico.mx\/#\/schema\/person\/496d8ad2d1d3f8036101dca7ee39e585"},"breadcrumb":{"@id":"https:\/\/quehacerpolitico.mx\/?p=97008#breadcrumb"},"inLanguage":"es","potentialAction":[{"@type":"ReadAction","target":["https:\/\/quehacerpolitico.mx\/?p=97008"]}]},{"@type":"ImageObject","inLanguage":"es","@id":"https:\/\/quehacerpolitico.mx\/?p=97008#primaryimage","url":"https:\/\/quehacerpolitico.mx\/wp-content\/uploads\/2022\/11\/338165BA-5B7F-41FC-969C-0B05EA7762C5.jpeg","contentUrl":"https:\/\/quehacerpolitico.mx\/wp-content\/uploads\/2022\/11\/338165BA-5B7F-41FC-969C-0B05EA7762C5.jpeg","width":640,"height":479},{"@type":"BreadcrumbList","@id":"https:\/\/quehacerpolitico.mx\/?p=97008#breadcrumb","itemListElement":[{"@type":"ListItem","position":1,"name":"Inicio","item":"https:\/\/quehacerpolitico.mx\/"},{"@type":"ListItem","position":2,"name":"\u00a1Atenci\u00f3n! Subir\u00e1n tarifas de servicios del IMSS para no derechohabientes"}]},{"@type":"WebSite","@id":"https:\/\/quehacerpolitico.mx\/#website","url":"https:\/\/quehacerpolitico.mx\/","name":"","description":"","potentialAction":[{"@type":"SearchAction","target":{"@type":"EntryPoint","urlTemplate":"https:\/\/quehacerpolitico.mx\/?s={search_term_string}"},"query-input":{"@type":"PropertyValueSpecification","valueRequired":true,"valueName":"search_term_string"}}],"inLanguage":"es"},{"@type":"Person","@id":"https:\/\/quehacerpolitico.mx\/#\/schema\/person\/496d8ad2d1d3f8036101dca7ee39e585","name":"Redacci\u00f3n QP","image":{"@type":"ImageObject","inLanguage":"es","@id":"https:\/\/secure.gravatar.com\/avatar\/c7164ed6fdec453195284ad24a5ae5b6e1eed2b848477fa2a4787ba9adf39a41?s=96&d=mm&r=g","url":"https:\/\/secure.gravatar.com\/avatar\/c7164ed6fdec453195284ad24a5ae5b6e1eed2b848477fa2a4787ba9adf39a41?s=96&d=mm&r=g","contentUrl":"https:\/\/secure.gravatar.com\/avatar\/c7164ed6fdec453195284ad24a5ae5b6e1eed2b848477fa2a4787ba9adf39a41?s=96&d=mm&r=g","caption":"Redacci\u00f3n QP"},"url":"https:\/\/quehacerpolitico.mx\/?author=2"}]}},"featured_image_urls":{"full":["https:\/\/quehacerpolitico.mx\/wp-content\/uploads\/2022\/11\/338165BA-5B7F-41FC-969C-0B05EA7762C5.jpeg",640,479,false],"thumbnail":["https:\/\/quehacerpolitico.mx\/wp-content\/uploads\/2022\/11\/338165BA-5B7F-41FC-969C-0B05EA7762C5-150x150.jpeg",150,150,true],"medium":["https:\/\/quehacerpolitico.mx\/wp-content\/uploads\/2022\/11\/338165BA-5B7F-41FC-969C-0B05EA7762C5-300x225.jpeg",300,225,true],"medium_large":["https:\/\/quehacerpolitico.mx\/wp-content\/uploads\/2022\/11\/338165BA-5B7F-41FC-969C-0B05EA7762C5.jpeg",640,479,false],"large":["https:\/\/quehacerpolitico.mx\/wp-content\/uploads\/2022\/11\/338165BA-5B7F-41FC-969C-0B05EA7762C5.jpeg",640,479,false],"1536x1536":["https:\/\/quehacerpolitico.mx\/wp-content\/uploads\/2022\/11\/338165BA-5B7F-41FC-969C-0B05EA7762C5.jpeg",640,479,false],"2048x2048":["https:\/\/quehacerpolitico.mx\/wp-content\/uploads\/2022\/11\/338165BA-5B7F-41FC-969C-0B05EA7762C5.jpeg",640,479,false],"covernews-featured":["https:\/\/quehacerpolitico.mx\/wp-content\/uploads\/2022\/11\/338165BA-5B7F-41FC-969C-0B05EA7762C5.jpeg",640,479,false],"covernews-medium":["https:\/\/quehacerpolitico.mx\/wp-content\/uploads\/2022\/11\/338165BA-5B7F-41FC-969C-0B05EA7762C5.jpeg",454,340,false]},"author_info":{"display_name":"Redacci\u00f3n QP","author_link":"https:\/\/quehacerpolitico.mx\/?author=2"},"category_info":"<a href=\"https:\/\/quehacerpolitico.mx\/?cat=2\" rel=\"category\">Noticias<\/a>","tag_info":"Noticias","comment_count":"0","_links":{"self":[{"href":"https:\/\/quehacerpolitico.mx\/index.php?rest_route=\/wp\/v2\/posts\/97008","targetHints":{"allow":["GET"]}}],"collection":[{"href":"https:\/\/quehacerpolitico.mx\/index.php?rest_route=\/wp\/v2\/posts"}],"about":[{"href":"https:\/\/quehacerpolitico.mx\/index.php?rest_route=\/wp\/v2\/types\/post"}],"author":[{"embeddable":true,"href":"https:\/\/quehacerpolitico.mx\/index.php?rest_route=\/wp\/v2\/users\/2"}],"replies":[{"embeddable":true,"href":"https:\/\/quehacerpolitico.mx\/index.php?rest_route=%2Fwp%2Fv2%2Fcomments&post=97008"}],"version-history":[{"count":1,"href":"https:\/\/quehacerpolitico.mx\/index.php?rest_route=\/wp\/v2\/posts\/97008\/revisions"}],"predecessor-version":[{"id":97010,"href":"https:\/\/quehacerpolitico.mx\/index.php?rest_route=\/wp\/v2\/posts\/97008\/revisions\/97010"}],"wp:featuredmedia":[{"embeddable":true,"href":"https:\/\/quehacerpolitico.mx\/index.php?rest_route=\/wp\/v2\/media\/97009"}],"wp:attachment":[{"href":"https:\/\/quehacerpolitico.mx\/index.php?rest_route=%2Fwp%2Fv2%2Fmedia&parent=97008"}],"wp:term":[{"taxonomy":"category","embeddable":true,"href":"https:\/\/quehacerpolitico.mx\/index.php?rest_route=%2Fwp%2Fv2%2Fcategories&post=97008"},{"taxonomy":"post_tag","embeddable":true,"href":"https:\/\/quehacerpolitico.mx\/index.php?rest_route=%2Fwp%2Fv2%2Ftags&post=97008"}],"curies":[{"name":"wp","href":"https:\/\/api.w.org\/{rel}","templated":true}]}}